{"id":12243,"date":"2019-10-16T10:08:16","date_gmt":"2019-10-16T08:08:16","guid":{"rendered":"https:\/\/www.turismoaguarda.es\/?p=12243"},"modified":"2019-10-16T10:08:16","modified_gmt":"2019-10-16T08:08:16","slug":"dous-bloggers-visitan-a-guarda-para-destacar-a-gastronomia-no-camino-portugues-da-costa","status":"publish","type":"post","link":"https:\/\/www.turismoaguarda.es\/gl\/dous-bloggers-visitan-a-guarda-para-destacar-a-gastronomia-no-camino-portugues-da-costa\/","title":{"rendered":"Dous bloggers visitan A Guarda para destacar a gastronom\u00eda no Cami\u00f1o Portugu\u00e9s da Costa"},"content":{"rendered":"<p style=\"text-align: justify;\">Na xornada do martes d\u00eda 15 de outubro A Guarda recibiu a visita de dous importantes Blogueiros ligados aos sectores da gastronom\u00eda e do turismo internacional.<\/p>\n<p style=\"text-align: justify;\">Esta visita est\u00e1 enmarcada no Proxecto \u00abMaridando coas xentes do Cami\u00f1o. Blog Trip de gastronom\u00eda e encontros 2019\u00bb onde catro dos Bloggers de viaxes e gastronom\u00eda m\u00e1is importantes de Espa\u00f1a percorrer\u00e1n o Cami\u00f1o Portugu\u00e9s da Costa, unha das rutas xacobeas menos co\u00f1ecidas, degustando en cada etapa as Denominaci\u00f3ns de Orixe e os produtos de Indicaci\u00f3ns Xeogr\u00e1ficas Protexidas da gastronom\u00eda galega, realizando varios encontros con colectivos das xentes do Cami\u00f1o en cada etapa.<\/p>\n<p style=\"text-align: justify;\">No caso da Guarda participou o blogger Alberto Ribas @Alvientoo, con m\u00e1is de 21,000 followers en instagram, finalista dos \u00ab10 Blogs m\u00e1s populares de Fitur\u00bb, especializado en viaxes e gastronom\u00eda, xurado gastron\u00f3mico e blogger invitado en campa\u00f1as tur\u00edsticas en M\u00e9xico, Ruman\u00eda, Georgia, La Rioja ou Mallorca. Tam\u00e9n contouse coa participaci\u00f3n de Diana Millos @dianamiaus, con m\u00e1is de 131,000 followers en instagram, instagrammer en ingl\u00e9s de referencia para destinos internacionais.<\/p>\n<p style=\"text-align: justify;\">Unha actividade que se realiza no meses de outubro e novembro para desestacionalizar o sector.<\/p>\n<p style=\"text-align: justify;\">Na Guarda os bloggers reun\u00edronse co colectivo de redeiras da Asociaci\u00f3n de Redeiras Atalaia, onde puideron comprobar como \u00e9 o seu traballo na nave que te\u00f1en no Porto da Guarda, intercambiando diferentes experiencias sobre o mundo do mar e da pesca, o seu valor cultural, patrimonial e social. O Alcalde da Guarda, Antonio Lomba e a Concelleira de Patrimonio, Montserrat Magallanes, lles deron a benvida na Nave de Redeiras, compartindo con eles a s\u00faa experiencia nesta etapa do Cami\u00f1o Portugu\u00e9s da Costa, xunto cos representantes da Asociaci\u00f3n de Redeiras Atalaia da Guarda.<\/p>\n","protected":false},"excerpt":{"rendered":"<p>Na xornada do martes d\u00eda 15 de outubro A Guarda recibiu a visita de dous importantes Blogueiros ligados aos sectores da gastronom\u00eda e do turismo internacional. Esta visita est\u00e1 enmarcada no Proxecto \u00abMaridando coas xentes do Cami\u00f1o. Blog Trip de gastronom\u00eda e encontros 2019\u00bb onde catro dos Bloggers de viaxes e gastronom\u00eda m\u00e1is importantes de<\/p>\n<div class=\"padding-top text-center\"><a href=\"https:\/\/www.turismoaguarda.es\/gl\/dous-bloggers-visitan-a-guarda-para-destacar-a-gastronomia-no-camino-portugues-da-costa\/\" class=\"atbtn atbtn--medium atbtn--rounded atbtn--transparent\">Leer m\u00e1is<i class=\"atbtn__icon atbtn__icon--right fa fa-long-arrow-right\"><\/i><\/a><\/div>\n","protected":false},"author":11,"featured_media":0,"comment_status":"open","ping_status":"open","sticky":false,"template":"","format":"standard","meta":{"footnotes":""},"categories":[94],"tags":[170,559,171,1696],"class_list":["post-12243","post","type-post","status-publish","format-standard","hentry","category-novas-turismo","tag-a-guarda-gl","tag-patrimonio-gl","tag-turismo-gl","tag-xacobeo"],"yoast_head":"<!-- This site is optimized with the Yoast SEO plugin v27.4 - https:\/\/yoast.com\/product\/yoast-seo-wordpress\/ -->\n<title>Dous bloggers visitan A Guarda para destacar a gastronom\u00eda no Cami\u00f1o Portugu\u00e9s da Costa | Turismo A Guarda<\/title>\n<meta name=\"robots\" content=\"index, follow, max-snippet:-1, max-image-preview:large, max-video-preview:-1\" \/>\n<link rel=\"canonical\" href=\"https:\/\/www.turismoaguarda.es\/gl\/dous-bloggers-visitan-a-guarda-para-destacar-a-gastronomia-no-camino-portugues-da-costa\/\" \/>\n<meta property=\"og:locale\" content=\"en_US\" \/>\n<meta property=\"og:type\" content=\"article\" \/>\n<meta property=\"og:title\" content=\"Dous bloggers visitan A Guarda para destacar a gastronom\u00eda no Cami\u00f1o Portugu\u00e9s da Costa | Turismo A Guarda\" \/>\n<meta property=\"og:description\" content=\"Na xornada do martes d\u00eda 15 de outubro A Guarda recibiu a visita de dous importantes Blogueiros ligados aos sectores da gastronom\u00eda e do turismo internacional. Esta visita est\u00e1 enmarcada no Proxecto \u00abMaridando coas xentes do Cami\u00f1o. Blog Trip de gastronom\u00eda e encontros 2019\u00bb onde catro dos Bloggers de viaxes e gastronom\u00eda m\u00e1is importantes deLeer m\u00e1is\" \/>\n<meta property=\"og:url\" content=\"https:\/\/www.turismoaguarda.es\/gl\/dous-bloggers-visitan-a-guarda-para-destacar-a-gastronomia-no-camino-portugues-da-costa\/\" \/>\n<meta property=\"og:site_name\" content=\"Turismo A Guarda\" \/>\n<meta property=\"article:publisher\" content=\"https:\/\/es-es.facebook.com\/Turismo-A-Guarda-126223240790625\/\" \/>\n<meta property=\"article:published_time\" content=\"2019-10-16T08:08:16+00:00\" \/>\n<meta name=\"author\" content=\"Prensa A Guarda\" \/>\n<meta name=\"twitter:card\" content=\"summary_large_image\" \/>\n<meta name=\"twitter:creator\" content=\"@TurismoAGuarda\" \/>\n<meta name=\"twitter:site\" content=\"@TurismoAGuarda\" \/>\n<meta name=\"twitter:label1\" content=\"Written by\" \/>\n\t<meta name=\"twitter:data1\" content=\"Prensa A Guarda\" \/>\n\t<meta name=\"twitter:label2\" content=\"Est. reading time\" \/>\n\t<meta name=\"twitter:data2\" content=\"2 minutes\" \/>\n<script type=\"application\/ld+json\" class=\"yoast-schema-graph\">{\"@context\":\"https:\\\/\\\/schema.org\",\"@graph\":[{\"@type\":\"Article\",\"@id\":\"https:\\\/\\\/www.turismoaguarda.es\\\/gl\\\/dous-bloggers-visitan-a-guarda-para-destacar-a-gastronomia-no-camino-portugues-da-costa\\\/#article\",\"isPartOf\":{\"@id\":\"https:\\\/\\\/www.turismoaguarda.es\\\/gl\\\/dous-bloggers-visitan-a-guarda-para-destacar-a-gastronomia-no-camino-portugues-da-costa\\\/\"},\"author\":{\"name\":\"Prensa A Guarda\",\"@id\":\"https:\\\/\\\/www.turismoaguarda.es\\\/#\\\/schema\\\/person\\\/a8b0c27ad7bcbb6c19799e934727508e\"},\"headline\":\"Dous bloggers visitan A Guarda para destacar a gastronom\u00eda no Cami\u00f1o Portugu\u00e9s da Costa\",\"datePublished\":\"2019-10-16T08:08:16+00:00\",\"mainEntityOfPage\":{\"@id\":\"https:\\\/\\\/www.turismoaguarda.es\\\/gl\\\/dous-bloggers-visitan-a-guarda-para-destacar-a-gastronomia-no-camino-portugues-da-costa\\\/\"},\"wordCount\":320,\"commentCount\":0,\"keywords\":[\"A Guarda\",\"Patrimonio\",\"turismo\",\"xacobeo\"],\"articleSection\":[\"Novas Turismo\"],\"inLanguage\":\"gl\",\"potentialAction\":[{\"@type\":\"CommentAction\",\"name\":\"Comment\",\"target\":[\"https:\\\/\\\/www.turismoaguarda.es\\\/gl\\\/dous-bloggers-visitan-a-guarda-para-destacar-a-gastronomia-no-camino-portugues-da-costa\\\/#respond\"]}]},{\"@type\":\"WebPage\",\"@id\":\"https:\\\/\\\/www.turismoaguarda.es\\\/gl\\\/dous-bloggers-visitan-a-guarda-para-destacar-a-gastronomia-no-camino-portugues-da-costa\\\/\",\"url\":\"https:\\\/\\\/www.turismoaguarda.es\\\/gl\\\/dous-bloggers-visitan-a-guarda-para-destacar-a-gastronomia-no-camino-portugues-da-costa\\\/\",\"name\":\"Dous bloggers visitan A Guarda para destacar a gastronom\u00eda no Cami\u00f1o Portugu\u00e9s da Costa | Turismo A Guarda\",\"isPartOf\":{\"@id\":\"https:\\\/\\\/www.turismoaguarda.es\\\/#website\"},\"datePublished\":\"2019-10-16T08:08:16+00:00\",\"author\":{\"@id\":\"https:\\\/\\\/www.turismoaguarda.es\\\/#\\\/schema\\\/person\\\/a8b0c27ad7bcbb6c19799e934727508e\"},\"breadcrumb\":{\"@id\":\"https:\\\/\\\/www.turismoaguarda.es\\\/gl\\\/dous-bloggers-visitan-a-guarda-para-destacar-a-gastronomia-no-camino-portugues-da-costa\\\/#breadcrumb\"},\"inLanguage\":\"gl\",\"potentialAction\":[{\"@type\":\"ReadAction\",\"target\":[\"https:\\\/\\\/www.turismoaguarda.es\\\/gl\\\/dous-bloggers-visitan-a-guarda-para-destacar-a-gastronomia-no-camino-portugues-da-costa\\\/\"]}]},{\"@type\":\"BreadcrumbList\",\"@id\":\"https:\\\/\\\/www.turismoaguarda.es\\\/gl\\\/dous-bloggers-visitan-a-guarda-para-destacar-a-gastronomia-no-camino-portugues-da-costa\\\/#breadcrumb\",\"itemListElement\":[{\"@type\":\"ListItem\",\"position\":1,\"name\":\"Portada\",\"item\":\"https:\\\/\\\/www.turismoaguarda.es\\\/gl\\\/\"},{\"@type\":\"ListItem\",\"position\":2,\"name\":\"Dous bloggers visitan A Guarda para destacar a gastronom\u00eda no Cami\u00f1o Portugu\u00e9s da Costa\"}]},{\"@type\":\"WebSite\",\"@id\":\"https:\\\/\\\/www.turismoaguarda.es\\\/#website\",\"url\":\"https:\\\/\\\/www.turismoaguarda.es\\\/\",\"name\":\"Turismo A Guarda\",\"description\":\"Informaci\u00f3n tur\u00edstica de A Guarda y alrededores.\",\"potentialAction\":[{\"@type\":\"SearchAction\",\"target\":{\"@type\":\"EntryPoint\",\"urlTemplate\":\"https:\\\/\\\/www.turismoaguarda.es\\\/?s={search_term_string}\"},\"query-input\":{\"@type\":\"PropertyValueSpecification\",\"valueRequired\":true,\"valueName\":\"search_term_string\"}}],\"inLanguage\":\"gl\"},{\"@type\":\"Person\",\"@id\":\"https:\\\/\\\/www.turismoaguarda.es\\\/#\\\/schema\\\/person\\\/a8b0c27ad7bcbb6c19799e934727508e\",\"name\":\"Prensa A Guarda\",\"image\":{\"@type\":\"ImageObject\",\"inLanguage\":\"gl\",\"@id\":\"https:\\\/\\\/secure.gravatar.com\\\/avatar\\\/387e117f874ba5d0a3439060b45d914395d77287b2e4890a49d1599fc3ef9189?s=96&d=mm&r=g\",\"url\":\"https:\\\/\\\/secure.gravatar.com\\\/avatar\\\/387e117f874ba5d0a3439060b45d914395d77287b2e4890a49d1599fc3ef9189?s=96&d=mm&r=g\",\"contentUrl\":\"https:\\\/\\\/secure.gravatar.com\\\/avatar\\\/387e117f874ba5d0a3439060b45d914395d77287b2e4890a49d1599fc3ef9189?s=96&d=mm&r=g\",\"caption\":\"Prensa A Guarda\"},\"url\":\"https:\\\/\\\/www.turismoaguarda.es\\\/gl\\\/author\\\/prensa\\\/\"}]}<\/script>\n<!-- \/ Yoast SEO plugin. -->","yoast_head_json":{"title":"Dous bloggers visitan A Guarda para destacar a gastronom\u00eda no Cami\u00f1o Portugu\u00e9s da Costa | Turismo A Guarda","robots":{"index":"index","follow":"follow","max-snippet":"max-snippet:-1","max-image-preview":"max-image-preview:large","max-video-preview":"max-video-preview:-1"},"canonical":"https:\/\/www.turismoaguarda.es\/gl\/dous-bloggers-visitan-a-guarda-para-destacar-a-gastronomia-no-camino-portugues-da-costa\/","og_locale":"en_US","og_type":"article","og_title":"Dous bloggers visitan A Guarda para destacar a gastronom\u00eda no Cami\u00f1o Portugu\u00e9s da Costa | Turismo A Guarda","og_description":"Na xornada do martes d\u00eda 15 de outubro A Guarda recibiu a visita de dous importantes Blogueiros ligados aos sectores da gastronom\u00eda e do turismo internacional. Esta visita est\u00e1 enmarcada no Proxecto \u00abMaridando coas xentes do Cami\u00f1o. Blog Trip de gastronom\u00eda e encontros 2019\u00bb onde catro dos Bloggers de viaxes e gastronom\u00eda m\u00e1is importantes deLeer m\u00e1is","og_url":"https:\/\/www.turismoaguarda.es\/gl\/dous-bloggers-visitan-a-guarda-para-destacar-a-gastronomia-no-camino-portugues-da-costa\/","og_site_name":"Turismo A Guarda","article_publisher":"https:\/\/es-es.facebook.com\/Turismo-A-Guarda-126223240790625\/","article_published_time":"2019-10-16T08:08:16+00:00","author":"Prensa A Guarda","twitter_card":"summary_large_image","twitter_creator":"@TurismoAGuarda","twitter_site":"@TurismoAGuarda","twitter_misc":{"Written by":"Prensa A Guarda","Est. reading time":"2 minutes"},"schema":{"@context":"https:\/\/schema.org","@graph":[{"@type":"Article","@id":"https:\/\/www.turismoaguarda.es\/gl\/dous-bloggers-visitan-a-guarda-para-destacar-a-gastronomia-no-camino-portugues-da-costa\/#article","isPartOf":{"@id":"https:\/\/www.turismoaguarda.es\/gl\/dous-bloggers-visitan-a-guarda-para-destacar-a-gastronomia-no-camino-portugues-da-costa\/"},"author":{"name":"Prensa A Guarda","@id":"https:\/\/www.turismoaguarda.es\/#\/schema\/person\/a8b0c27ad7bcbb6c19799e934727508e"},"headline":"Dous bloggers visitan A Guarda para destacar a gastronom\u00eda no Cami\u00f1o Portugu\u00e9s da Costa","datePublished":"2019-10-16T08:08:16+00:00","mainEntityOfPage":{"@id":"https:\/\/www.turismoaguarda.es\/gl\/dous-bloggers-visitan-a-guarda-para-destacar-a-gastronomia-no-camino-portugues-da-costa\/"},"wordCount":320,"commentCount":0,"keywords":["A Guarda","Patrimonio","turismo","xacobeo"],"articleSection":["Novas Turismo"],"inLanguage":"gl","potentialAction":[{"@type":"CommentAction","name":"Comment","target":["https:\/\/www.turismoaguarda.es\/gl\/dous-bloggers-visitan-a-guarda-para-destacar-a-gastronomia-no-camino-portugues-da-costa\/#respond"]}]},{"@type":"WebPage","@id":"https:\/\/www.turismoaguarda.es\/gl\/dous-bloggers-visitan-a-guarda-para-destacar-a-gastronomia-no-camino-portugues-da-costa\/","url":"https:\/\/www.turismoaguarda.es\/gl\/dous-bloggers-visitan-a-guarda-para-destacar-a-gastronomia-no-camino-portugues-da-costa\/","name":"Dous bloggers visitan A Guarda para destacar a gastronom\u00eda no Cami\u00f1o Portugu\u00e9s da Costa | Turismo A Guarda","isPartOf":{"@id":"https:\/\/www.turismoaguarda.es\/#website"},"datePublished":"2019-10-16T08:08:16+00:00","author":{"@id":"https:\/\/www.turismoaguarda.es\/#\/schema\/person\/a8b0c27ad7bcbb6c19799e934727508e"},"breadcrumb":{"@id":"https:\/\/www.turismoaguarda.es\/gl\/dous-bloggers-visitan-a-guarda-para-destacar-a-gastronomia-no-camino-portugues-da-costa\/#breadcrumb"},"inLanguage":"gl","potentialAction":[{"@type":"ReadAction","target":["https:\/\/www.turismoaguarda.es\/gl\/dous-bloggers-visitan-a-guarda-para-destacar-a-gastronomia-no-camino-portugues-da-costa\/"]}]},{"@type":"BreadcrumbList","@id":"https:\/\/www.turismoaguarda.es\/gl\/dous-bloggers-visitan-a-guarda-para-destacar-a-gastronomia-no-camino-portugues-da-costa\/#breadcrumb","itemListElement":[{"@type":"ListItem","position":1,"name":"Portada","item":"https:\/\/www.turismoaguarda.es\/gl\/"},{"@type":"ListItem","position":2,"name":"Dous bloggers visitan A Guarda para destacar a gastronom\u00eda no Cami\u00f1o Portugu\u00e9s da Costa"}]},{"@type":"WebSite","@id":"https:\/\/www.turismoaguarda.es\/#website","url":"https:\/\/www.turismoaguarda.es\/","name":"Turismo A Guarda","description":"Informaci\u00f3n tur\u00edstica de A Guarda y alrededores.","potentialAction":[{"@type":"SearchAction","target":{"@type":"EntryPoint","urlTemplate":"https:\/\/www.turismoaguarda.es\/?s={search_term_string}"},"query-input":{"@type":"PropertyValueSpecification","valueRequired":true,"valueName":"search_term_string"}}],"inLanguage":"gl"},{"@type":"Person","@id":"https:\/\/www.turismoaguarda.es\/#\/schema\/person\/a8b0c27ad7bcbb6c19799e934727508e","name":"Prensa A Guarda","image":{"@type":"ImageObject","inLanguage":"gl","@id":"https:\/\/secure.gravatar.com\/avatar\/387e117f874ba5d0a3439060b45d914395d77287b2e4890a49d1599fc3ef9189?s=96&d=mm&r=g","url":"https:\/\/secure.gravatar.com\/avatar\/387e117f874ba5d0a3439060b45d914395d77287b2e4890a49d1599fc3ef9189?s=96&d=mm&r=g","contentUrl":"https:\/\/secure.gravatar.com\/avatar\/387e117f874ba5d0a3439060b45d914395d77287b2e4890a49d1599fc3ef9189?s=96&d=mm&r=g","caption":"Prensa A Guarda"},"url":"https:\/\/www.turismoaguarda.es\/gl\/author\/prensa\/"}]}},"_links":{"self":[{"href":"https:\/\/www.turismoaguarda.es\/gl\/wp-json\/wp\/v2\/posts\/12243","targetHints":{"allow":["GET"]}}],"collection":[{"href":"https:\/\/www.turismoaguarda.es\/gl\/wp-json\/wp\/v2\/posts"}],"about":[{"href":"https:\/\/www.turismoaguarda.es\/gl\/wp-json\/wp\/v2\/types\/post"}],"author":[{"embeddable":true,"href":"https:\/\/www.turismoaguarda.es\/gl\/wp-json\/wp\/v2\/users\/11"}],"replies":[{"embeddable":true,"href":"https:\/\/www.turismoaguarda.es\/gl\/wp-json\/wp\/v2\/comments?post=12243"}],"version-history":[{"count":1,"href":"https:\/\/www.turismoaguarda.es\/gl\/wp-json\/wp\/v2\/posts\/12243\/revisions"}],"predecessor-version":[{"id":12247,"href":"https:\/\/www.turismoaguarda.es\/gl\/wp-json\/wp\/v2\/posts\/12243\/revisions\/12247"}],"wp:attachment":[{"href":"https:\/\/www.turismoaguarda.es\/gl\/wp-json\/wp\/v2\/media?parent=12243"}],"wp:term":[{"taxonomy":"category","embeddable":true,"href":"https:\/\/www.turismoaguarda.es\/gl\/wp-json\/wp\/v2\/categories?post=12243"},{"taxonomy":"post_tag","embeddable":true,"href":"https:\/\/www.turismoaguarda.es\/gl\/wp-json\/wp\/v2\/tags?post=12243"}],"curies":[{"name":"wp","href":"https:\/\/api.w.org\/{rel}","templated":true}]}}