{"id":11870,"date":"2019-08-13T12:05:19","date_gmt":"2019-08-13T10:05:19","guid":{"rendered":"https:\/\/www.turismoaguarda.es\/?p=11870"},"modified":"2019-08-13T12:06:53","modified_gmt":"2019-08-13T10:06:53","slug":"11870","status":"publish","type":"post","link":"https:\/\/www.turismoaguarda.es\/gl\/11870\/","title":{"rendered":"Visita guiada \u00e1s escavaci\u00f3ns das Salinas romanas da Guarda o s\u00e1bado 17 de agosto"},"content":{"rendered":"<p style=\"text-align: justify;\">O Concello da Guarda informa que o vindeiro s\u00e1bado d\u00eda 17 de agosto realizarase unha visita guiada \u00e1s escavaci\u00f3ns das Salinas do Seixal.<\/p>\n<p style=\"text-align: justify;\">Esta visita guiada, que conta coa coordinaci\u00f3n de Anabam, realizarase de xeito gratu\u00edto o s\u00e1bado d\u00eda 17 de agosto con sa\u00edda \u00e1s 10:45h dende o Porto da Guarda, cun percorrido aproximado de 2 horas empregando a senda litoral.<\/p>\n<p style=\"text-align: justify;\">Dende o Concello da Guarda se quere agradecer a dedicaci\u00f3n e entusiasmo mostrado polo numeroso equipo de arque\u00f3logos e alumnos en pr\u00e1cticas de diversas universidades de Coimbra, Vigo e Santiago que fixeron posible que, nun curto espazo de tempo, A Guarda poda co\u00f1ecer un pouco mellor o seu pasado romano.<\/p>\n<p style=\"text-align: justify;\">\u00abA Guarda, Mar de Sal\u00bb \u00e9 un proxecto de recuperaci\u00f3n e posta en valor das salinas da zona do Seixal e Camposancos, na fachada atl\u00e1ntica sur do termo municipal da Guarda e, que se levou a cabo en d\u00faas anualidades ao amparo das estratexias de desenvolvemento local participativo EDLP GALP7-066 aprobadas polos Grupos de Acci\u00f3n Local do Sector Pesqueiro para o desenvolvemento sostible das zonas de pesca no marco do Fondo Europeo Mar\u00edtimo e da Pesca 2014-2020, baixo a coordinaci\u00f3n cient\u00edfica de D. Brais Curr\u00e1s.<\/p>\n<p style=\"text-align: justify;\">O obxectivo do proxecto \u00e9 o desenvolvemento econ\u00f3mico local a partir da posta en valor das paisaxes do sal da Guarda como ben patrimonial concibido como ferramenta para a promoci\u00f3n dun turismo sustentable e de calidade, pero tam\u00e9n como un medio cultural para o reforzo da identidade mari\u00f1eira e a cohesi\u00f3n social das comunidades ligadas ao mar.<\/p>\n<p style=\"text-align: justify;\">O proxecto \u00abMar de Sal\u00bb fundam\u00e9ntase na necesidade de sustentar o desenvolvemento patrimonial sobre un s\u00f3lido respaldo cient\u00edfico. O estudo rigoroso das paisaxes do sal e a s\u00faa posta en valor permitiu crear un recurso patrimonial posto ao servizo da cidadan\u00eda.<\/p>\n","protected":false},"excerpt":{"rendered":"<p>O Concello da Guarda informa que o vindeiro s\u00e1bado d\u00eda 17 de agosto realizarase unha visita guiada \u00e1s escavaci\u00f3ns das Salinas do Seixal. Esta visita guiada, que conta coa coordinaci\u00f3n de Anabam, realizarase de xeito gratu\u00edto o s\u00e1bado d\u00eda 17 de agosto con sa\u00edda \u00e1s 10:45h dende o Porto da Guarda, cun percorrido aproximado de<\/p>\n<div class=\"padding-top text-center\"><a href=\"https:\/\/www.turismoaguarda.es\/gl\/11870\/\" class=\"atbtn atbtn--medium atbtn--rounded atbtn--transparent\">Leer m\u00e1is<i class=\"atbtn__icon atbtn__icon--right fa fa-long-arrow-right\"><\/i><\/a><\/div>\n","protected":false},"author":11,"featured_media":11871,"comment_status":"open","ping_status":"open","sticky":false,"template":"","format":"standard","meta":{"footnotes":""},"categories":[94],"tags":[170,559,1537,171,1446],"class_list":["post-11870","post","type-post","status-publish","format-standard","has-post-thumbnail","hentry","category-novas-turismo","tag-a-guarda-gl","tag-patrimonio-gl","tag-salinas-gl","tag-turismo-gl","tag-visita-guiada-gl"],"yoast_head":"<!-- This site is optimized with the Yoast SEO plugin v27.5 - https:\/\/yoast.com\/product\/yoast-seo-wordpress\/ -->\n<title>Visita guiada \u00e1s escavaci\u00f3ns das Salinas romanas da Guarda o s\u00e1bado 17 de agosto | Turismo A Guarda<\/title>\n<meta name=\"robots\" content=\"index, follow, max-snippet:-1, max-image-preview:large, max-video-preview:-1\" \/>\n<link rel=\"canonical\" href=\"https:\/\/www.turismoaguarda.es\/gl\/11870\/\" \/>\n<meta property=\"og:locale\" content=\"en_US\" \/>\n<meta property=\"og:type\" content=\"article\" \/>\n<meta property=\"og:title\" content=\"Visita guiada \u00e1s escavaci\u00f3ns das Salinas romanas da Guarda o s\u00e1bado 17 de agosto | Turismo A Guarda\" \/>\n<meta property=\"og:description\" content=\"O Concello da Guarda informa que o vindeiro s\u00e1bado d\u00eda 17 de agosto realizarase unha visita guiada \u00e1s escavaci\u00f3ns das Salinas do Seixal. Esta visita guiada, que conta coa coordinaci\u00f3n de Anabam, realizarase de xeito gratu\u00edto o s\u00e1bado d\u00eda 17 de agosto con sa\u00edda \u00e1s 10:45h dende o Porto da Guarda, cun percorrido aproximado deLeer m\u00e1is\" \/>\n<meta property=\"og:url\" content=\"https:\/\/www.turismoaguarda.es\/gl\/11870\/\" \/>\n<meta property=\"og:site_name\" content=\"Turismo A Guarda\" \/>\n<meta property=\"article:publisher\" content=\"https:\/\/es-es.facebook.com\/Turismo-A-Guarda-126223240790625\/\" \/>\n<meta property=\"article:published_time\" content=\"2019-08-13T10:05:19+00:00\" \/>\n<meta property=\"article:modified_time\" content=\"2019-08-13T10:06:53+00:00\" \/>\n<meta property=\"og:image\" content=\"https:\/\/www.turismoaguarda.es\/wp-content\/uploads\/2019\/08\/NP-13082019-Visita-guiada-\u00e1s-escavaci\u00f3ns-das-Salinas-romanas-da-Guarda-o-s\u00e1bado-17-de-agosto.jpg\" \/>\n\t<meta property=\"og:image:width\" content=\"800\" \/>\n\t<meta property=\"og:image:height\" content=\"1131\" \/>\n\t<meta property=\"og:image:type\" content=\"image\/jpeg\" \/>\n<meta name=\"author\" content=\"Prensa A Guarda\" \/>\n<meta name=\"twitter:card\" content=\"summary_large_image\" \/>\n<meta name=\"twitter:creator\" content=\"@TurismoAGuarda\" \/>\n<meta name=\"twitter:site\" content=\"@TurismoAGuarda\" \/>\n<meta name=\"twitter:label1\" content=\"Written by\" \/>\n\t<meta name=\"twitter:data1\" content=\"Prensa A Guarda\" \/>\n\t<meta name=\"twitter:label2\" content=\"Est. reading time\" \/>\n\t<meta name=\"twitter:data2\" content=\"2 minutes\" \/>\n<script type=\"application\/ld+json\" class=\"yoast-schema-graph\">{\"@context\":\"https:\\\/\\\/schema.org\",\"@graph\":[{\"@type\":\"Article\",\"@id\":\"https:\\\/\\\/www.turismoaguarda.es\\\/gl\\\/11870\\\/#article\",\"isPartOf\":{\"@id\":\"https:\\\/\\\/www.turismoaguarda.es\\\/gl\\\/11870\\\/\"},\"author\":{\"name\":\"Prensa A Guarda\",\"@id\":\"https:\\\/\\\/www.turismoaguarda.es\\\/#\\\/schema\\\/person\\\/a8b0c27ad7bcbb6c19799e934727508e\"},\"headline\":\"Visita guiada \u00e1s escavaci\u00f3ns das Salinas romanas da Guarda o s\u00e1bado 17 de agosto\",\"datePublished\":\"2019-08-13T10:05:19+00:00\",\"dateModified\":\"2019-08-13T10:06:53+00:00\",\"mainEntityOfPage\":{\"@id\":\"https:\\\/\\\/www.turismoaguarda.es\\\/gl\\\/11870\\\/\"},\"wordCount\":335,\"commentCount\":0,\"image\":{\"@id\":\"https:\\\/\\\/www.turismoaguarda.es\\\/gl\\\/11870\\\/#primaryimage\"},\"thumbnailUrl\":\"https:\\\/\\\/www.turismoaguarda.es\\\/wp-content\\\/uploads\\\/2019\\\/08\\\/NP-13082019-Visita-guiada-\u00e1s-escavaci\u00f3ns-das-Salinas-romanas-da-Guarda-o-s\u00e1bado-17-de-agosto.jpg\",\"keywords\":[\"A Guarda\",\"Patrimonio\",\"salinas\",\"turismo\",\"visita guiada\"],\"articleSection\":[\"Novas Turismo\"],\"inLanguage\":\"gl\",\"potentialAction\":[{\"@type\":\"CommentAction\",\"name\":\"Comment\",\"target\":[\"https:\\\/\\\/www.turismoaguarda.es\\\/gl\\\/11870\\\/#respond\"]}]},{\"@type\":\"WebPage\",\"@id\":\"https:\\\/\\\/www.turismoaguarda.es\\\/gl\\\/11870\\\/\",\"url\":\"https:\\\/\\\/www.turismoaguarda.es\\\/gl\\\/11870\\\/\",\"name\":\"Visita guiada \u00e1s escavaci\u00f3ns das Salinas romanas da Guarda o s\u00e1bado 17 de agosto | Turismo A Guarda\",\"isPartOf\":{\"@id\":\"https:\\\/\\\/www.turismoaguarda.es\\\/#website\"},\"primaryImageOfPage\":{\"@id\":\"https:\\\/\\\/www.turismoaguarda.es\\\/gl\\\/11870\\\/#primaryimage\"},\"image\":{\"@id\":\"https:\\\/\\\/www.turismoaguarda.es\\\/gl\\\/11870\\\/#primaryimage\"},\"thumbnailUrl\":\"https:\\\/\\\/www.turismoaguarda.es\\\/wp-content\\\/uploads\\\/2019\\\/08\\\/NP-13082019-Visita-guiada-\u00e1s-escavaci\u00f3ns-das-Salinas-romanas-da-Guarda-o-s\u00e1bado-17-de-agosto.jpg\",\"datePublished\":\"2019-08-13T10:05:19+00:00\",\"dateModified\":\"2019-08-13T10:06:53+00:00\",\"author\":{\"@id\":\"https:\\\/\\\/www.turismoaguarda.es\\\/#\\\/schema\\\/person\\\/a8b0c27ad7bcbb6c19799e934727508e\"},\"breadcrumb\":{\"@id\":\"https:\\\/\\\/www.turismoaguarda.es\\\/gl\\\/11870\\\/#breadcrumb\"},\"inLanguage\":\"gl\",\"potentialAction\":[{\"@type\":\"ReadAction\",\"target\":[\"https:\\\/\\\/www.turismoaguarda.es\\\/gl\\\/11870\\\/\"]}]},{\"@type\":\"ImageObject\",\"inLanguage\":\"gl\",\"@id\":\"https:\\\/\\\/www.turismoaguarda.es\\\/gl\\\/11870\\\/#primaryimage\",\"url\":\"https:\\\/\\\/www.turismoaguarda.es\\\/wp-content\\\/uploads\\\/2019\\\/08\\\/NP-13082019-Visita-guiada-\u00e1s-escavaci\u00f3ns-das-Salinas-romanas-da-Guarda-o-s\u00e1bado-17-de-agosto.jpg\",\"contentUrl\":\"https:\\\/\\\/www.turismoaguarda.es\\\/wp-content\\\/uploads\\\/2019\\\/08\\\/NP-13082019-Visita-guiada-\u00e1s-escavaci\u00f3ns-das-Salinas-romanas-da-Guarda-o-s\u00e1bado-17-de-agosto.jpg\",\"width\":800,\"height\":1131},{\"@type\":\"BreadcrumbList\",\"@id\":\"https:\\\/\\\/www.turismoaguarda.es\\\/gl\\\/11870\\\/#breadcrumb\",\"itemListElement\":[{\"@type\":\"ListItem\",\"position\":1,\"name\":\"Portada\",\"item\":\"https:\\\/\\\/www.turismoaguarda.es\\\/gl\\\/\"},{\"@type\":\"ListItem\",\"position\":2,\"name\":\"Visita guiada \u00e1s escavaci\u00f3ns das Salinas romanas da Guarda o s\u00e1bado 17 de agosto\"}]},{\"@type\":\"WebSite\",\"@id\":\"https:\\\/\\\/www.turismoaguarda.es\\\/#website\",\"url\":\"https:\\\/\\\/www.turismoaguarda.es\\\/\",\"name\":\"Turismo A Guarda\",\"description\":\"Informaci\u00f3n tur\u00edstica de A Guarda y alrededores.\",\"potentialAction\":[{\"@type\":\"SearchAction\",\"target\":{\"@type\":\"EntryPoint\",\"urlTemplate\":\"https:\\\/\\\/www.turismoaguarda.es\\\/?s={search_term_string}\"},\"query-input\":{\"@type\":\"PropertyValueSpecification\",\"valueRequired\":true,\"valueName\":\"search_term_string\"}}],\"inLanguage\":\"gl\"},{\"@type\":\"Person\",\"@id\":\"https:\\\/\\\/www.turismoaguarda.es\\\/#\\\/schema\\\/person\\\/a8b0c27ad7bcbb6c19799e934727508e\",\"name\":\"Prensa A Guarda\",\"image\":{\"@type\":\"ImageObject\",\"inLanguage\":\"gl\",\"@id\":\"https:\\\/\\\/secure.gravatar.com\\\/avatar\\\/387e117f874ba5d0a3439060b45d914395d77287b2e4890a49d1599fc3ef9189?s=96&d=mm&r=g\",\"url\":\"https:\\\/\\\/secure.gravatar.com\\\/avatar\\\/387e117f874ba5d0a3439060b45d914395d77287b2e4890a49d1599fc3ef9189?s=96&d=mm&r=g\",\"contentUrl\":\"https:\\\/\\\/secure.gravatar.com\\\/avatar\\\/387e117f874ba5d0a3439060b45d914395d77287b2e4890a49d1599fc3ef9189?s=96&d=mm&r=g\",\"caption\":\"Prensa A Guarda\"},\"url\":\"https:\\\/\\\/www.turismoaguarda.es\\\/gl\\\/author\\\/prensa\\\/\"}]}<\/script>\n<!-- \/ Yoast SEO plugin. -->","yoast_head_json":{"title":"Visita guiada \u00e1s escavaci\u00f3ns das Salinas romanas da Guarda o s\u00e1bado 17 de agosto | Turismo A Guarda","robots":{"index":"index","follow":"follow","max-snippet":"max-snippet:-1","max-image-preview":"max-image-preview:large","max-video-preview":"max-video-preview:-1"},"canonical":"https:\/\/www.turismoaguarda.es\/gl\/11870\/","og_locale":"en_US","og_type":"article","og_title":"Visita guiada \u00e1s escavaci\u00f3ns das Salinas romanas da Guarda o s\u00e1bado 17 de agosto | Turismo A Guarda","og_description":"O Concello da Guarda informa que o vindeiro s\u00e1bado d\u00eda 17 de agosto realizarase unha visita guiada \u00e1s escavaci\u00f3ns das Salinas do Seixal. Esta visita guiada, que conta coa coordinaci\u00f3n de Anabam, realizarase de xeito gratu\u00edto o s\u00e1bado d\u00eda 17 de agosto con sa\u00edda \u00e1s 10:45h dende o Porto da Guarda, cun percorrido aproximado deLeer m\u00e1is","og_url":"https:\/\/www.turismoaguarda.es\/gl\/11870\/","og_site_name":"Turismo A Guarda","article_publisher":"https:\/\/es-es.facebook.com\/Turismo-A-Guarda-126223240790625\/","article_published_time":"2019-08-13T10:05:19+00:00","article_modified_time":"2019-08-13T10:06:53+00:00","og_image":[{"width":800,"height":1131,"url":"https:\/\/www.turismoaguarda.es\/wp-content\/uploads\/2019\/08\/NP-13082019-Visita-guiada-\u00e1s-escavaci\u00f3ns-das-Salinas-romanas-da-Guarda-o-s\u00e1bado-17-de-agosto.jpg","type":"image\/jpeg"}],"author":"Prensa A Guarda","twitter_card":"summary_large_image","twitter_creator":"@TurismoAGuarda","twitter_site":"@TurismoAGuarda","twitter_misc":{"Written by":"Prensa A Guarda","Est. reading time":"2 minutes"},"schema":{"@context":"https:\/\/schema.org","@graph":[{"@type":"Article","@id":"https:\/\/www.turismoaguarda.es\/gl\/11870\/#article","isPartOf":{"@id":"https:\/\/www.turismoaguarda.es\/gl\/11870\/"},"author":{"name":"Prensa A Guarda","@id":"https:\/\/www.turismoaguarda.es\/#\/schema\/person\/a8b0c27ad7bcbb6c19799e934727508e"},"headline":"Visita guiada \u00e1s escavaci\u00f3ns das Salinas romanas da Guarda o s\u00e1bado 17 de agosto","datePublished":"2019-08-13T10:05:19+00:00","dateModified":"2019-08-13T10:06:53+00:00","mainEntityOfPage":{"@id":"https:\/\/www.turismoaguarda.es\/gl\/11870\/"},"wordCount":335,"commentCount":0,"image":{"@id":"https:\/\/www.turismoaguarda.es\/gl\/11870\/#primaryimage"},"thumbnailUrl":"https:\/\/www.turismoaguarda.es\/wp-content\/uploads\/2019\/08\/NP-13082019-Visita-guiada-\u00e1s-escavaci\u00f3ns-das-Salinas-romanas-da-Guarda-o-s\u00e1bado-17-de-agosto.jpg","keywords":["A Guarda","Patrimonio","salinas","turismo","visita guiada"],"articleSection":["Novas Turismo"],"inLanguage":"gl","potentialAction":[{"@type":"CommentAction","name":"Comment","target":["https:\/\/www.turismoaguarda.es\/gl\/11870\/#respond"]}]},{"@type":"WebPage","@id":"https:\/\/www.turismoaguarda.es\/gl\/11870\/","url":"https:\/\/www.turismoaguarda.es\/gl\/11870\/","name":"Visita guiada \u00e1s escavaci\u00f3ns das Salinas romanas da Guarda o s\u00e1bado 17 de agosto | Turismo A Guarda","isPartOf":{"@id":"https:\/\/www.turismoaguarda.es\/#website"},"primaryImageOfPage":{"@id":"https:\/\/www.turismoaguarda.es\/gl\/11870\/#primaryimage"},"image":{"@id":"https:\/\/www.turismoaguarda.es\/gl\/11870\/#primaryimage"},"thumbnailUrl":"https:\/\/www.turismoaguarda.es\/wp-content\/uploads\/2019\/08\/NP-13082019-Visita-guiada-\u00e1s-escavaci\u00f3ns-das-Salinas-romanas-da-Guarda-o-s\u00e1bado-17-de-agosto.jpg","datePublished":"2019-08-13T10:05:19+00:00","dateModified":"2019-08-13T10:06:53+00:00","author":{"@id":"https:\/\/www.turismoaguarda.es\/#\/schema\/person\/a8b0c27ad7bcbb6c19799e934727508e"},"breadcrumb":{"@id":"https:\/\/www.turismoaguarda.es\/gl\/11870\/#breadcrumb"},"inLanguage":"gl","potentialAction":[{"@type":"ReadAction","target":["https:\/\/www.turismoaguarda.es\/gl\/11870\/"]}]},{"@type":"ImageObject","inLanguage":"gl","@id":"https:\/\/www.turismoaguarda.es\/gl\/11870\/#primaryimage","url":"https:\/\/www.turismoaguarda.es\/wp-content\/uploads\/2019\/08\/NP-13082019-Visita-guiada-\u00e1s-escavaci\u00f3ns-das-Salinas-romanas-da-Guarda-o-s\u00e1bado-17-de-agosto.jpg","contentUrl":"https:\/\/www.turismoaguarda.es\/wp-content\/uploads\/2019\/08\/NP-13082019-Visita-guiada-\u00e1s-escavaci\u00f3ns-das-Salinas-romanas-da-Guarda-o-s\u00e1bado-17-de-agosto.jpg","width":800,"height":1131},{"@type":"BreadcrumbList","@id":"https:\/\/www.turismoaguarda.es\/gl\/11870\/#breadcrumb","itemListElement":[{"@type":"ListItem","position":1,"name":"Portada","item":"https:\/\/www.turismoaguarda.es\/gl\/"},{"@type":"ListItem","position":2,"name":"Visita guiada \u00e1s escavaci\u00f3ns das Salinas romanas da Guarda o s\u00e1bado 17 de agosto"}]},{"@type":"WebSite","@id":"https:\/\/www.turismoaguarda.es\/#website","url":"https:\/\/www.turismoaguarda.es\/","name":"Turismo A Guarda","description":"Informaci\u00f3n tur\u00edstica de A Guarda y alrededores.","potentialAction":[{"@type":"SearchAction","target":{"@type":"EntryPoint","urlTemplate":"https:\/\/www.turismoaguarda.es\/?s={search_term_string}"},"query-input":{"@type":"PropertyValueSpecification","valueRequired":true,"valueName":"search_term_string"}}],"inLanguage":"gl"},{"@type":"Person","@id":"https:\/\/www.turismoaguarda.es\/#\/schema\/person\/a8b0c27ad7bcbb6c19799e934727508e","name":"Prensa A Guarda","image":{"@type":"ImageObject","inLanguage":"gl","@id":"https:\/\/secure.gravatar.com\/avatar\/387e117f874ba5d0a3439060b45d914395d77287b2e4890a49d1599fc3ef9189?s=96&d=mm&r=g","url":"https:\/\/secure.gravatar.com\/avatar\/387e117f874ba5d0a3439060b45d914395d77287b2e4890a49d1599fc3ef9189?s=96&d=mm&r=g","contentUrl":"https:\/\/secure.gravatar.com\/avatar\/387e117f874ba5d0a3439060b45d914395d77287b2e4890a49d1599fc3ef9189?s=96&d=mm&r=g","caption":"Prensa A Guarda"},"url":"https:\/\/www.turismoaguarda.es\/gl\/author\/prensa\/"}]}},"_links":{"self":[{"href":"https:\/\/www.turismoaguarda.es\/gl\/wp-json\/wp\/v2\/posts\/11870","targetHints":{"allow":["GET"]}}],"collection":[{"href":"https:\/\/www.turismoaguarda.es\/gl\/wp-json\/wp\/v2\/posts"}],"about":[{"href":"https:\/\/www.turismoaguarda.es\/gl\/wp-json\/wp\/v2\/types\/post"}],"author":[{"embeddable":true,"href":"https:\/\/www.turismoaguarda.es\/gl\/wp-json\/wp\/v2\/users\/11"}],"replies":[{"embeddable":true,"href":"https:\/\/www.turismoaguarda.es\/gl\/wp-json\/wp\/v2\/comments?post=11870"}],"version-history":[{"count":2,"href":"https:\/\/www.turismoaguarda.es\/gl\/wp-json\/wp\/v2\/posts\/11870\/revisions"}],"predecessor-version":[{"id":11875,"href":"https:\/\/www.turismoaguarda.es\/gl\/wp-json\/wp\/v2\/posts\/11870\/revisions\/11875"}],"wp:featuredmedia":[{"embeddable":true,"href":"https:\/\/www.turismoaguarda.es\/gl\/wp-json\/wp\/v2\/media\/11871"}],"wp:attachment":[{"href":"https:\/\/www.turismoaguarda.es\/gl\/wp-json\/wp\/v2\/media?parent=11870"}],"wp:term":[{"taxonomy":"category","embeddable":true,"href":"https:\/\/www.turismoaguarda.es\/gl\/wp-json\/wp\/v2\/categories?post=11870"},{"taxonomy":"post_tag","embeddable":true,"href":"https:\/\/www.turismoaguarda.es\/gl\/wp-json\/wp\/v2\/tags?post=11870"}],"curies":[{"name":"wp","href":"https:\/\/api.w.org\/{rel}","templated":true}]}}