{"id":11825,"date":"2019-07-30T13:06:18","date_gmt":"2019-07-30T11:06:18","guid":{"rendered":"https:\/\/www.turismoaguarda.es\/?p=11825"},"modified":"2019-07-30T13:06:18","modified_gmt":"2019-07-30T11:06:18","slug":"sensea-a-cultura-marineira-ao-alcance-de-todos-os-publicos","status":"publish","type":"post","link":"https:\/\/www.turismoaguarda.es\/gl\/sensea-a-cultura-marineira-ao-alcance-de-todos-os-publicos\/","title":{"rendered":"\u201cSenSea\u201d, a cultura mari\u00f1eira ao alcance de todos os p\u00fablicos"},"content":{"rendered":"<p style=\"text-align: justify;\">O pasado domingo d\u00eda 28 de xullo no Porto da Guarda, dentro da programaci\u00f3n da Festa do Peixe Espada, realizouse o evento piloto de presentaci\u00f3n de novos produtos e itinerarios do \u201cPROXECTO ECODESTIN_3IN\u201d de turismo mari\u00f1eiro inclusivo (SenSea).<\/p>\n<p style=\"text-align: justify;\">Estiveron presentes nesta actividade Dna. Susana Rodr\u00edguez, Directora Xeral de Desenvolvemento Pesqueiro, o alcalde da Guarda Antonio Lomba, o presidente de Orpagu, Joaqu\u00edn Cadilla, e o vicepresidente da Asociaci\u00f3n Galega de Actividades N\u00e1uticas (Agan+), Jos\u00e9 Manuel Fern\u00e1ndez e Pablo Mari\u00f1o, xerente de Bluscus Turismo Mari\u00f1eiro. Este proxecto, chamado SenSea, est\u00e1 promovido pola Conseller\u00eda do Mar da Xunta de Galicia e AGAN+ (Asociaci\u00f3n Gallega de Actividades N\u00e1uticas y la Agencia Global de Acreditaci\u00f3n N\u00e1utica) como socio do programa europeo EcoDestin_3IN.<\/p>\n<p style=\"text-align: justify;\">SenSea nace a partir de \u201cSentir o Mar\u201d, que foi o resultado do traballo realizado por un equipo de profesionais, liderado por Roc\u00edo G\u00f3mez, dentro do \u00e1mbito educativo, social e tur\u00edstico para demostrar que, m\u00e1is al\u00e1 da vista, existen un milleiro de formas de experimentar, vivir e transmitir o mar; para documentar e propiciar que persoas con diferentes discapacidades se acheguen, gozen e sintan o mar tendo a oportunidade de formar parte del a trav\u00e9s de experiencias tur\u00edsticas relacionadas coa cultura mari\u00f1eira.<\/p>\n<p style=\"text-align: justify;\">Participaron na xornada 50 personas, dentro das cales estaban membros da Asociaci\u00f3n Alba, IGAXES e a Fundaci\u00f3n ONCE. Foron convocadas tam\u00e9n asociaci\u00f3n portuguesas. Dividiuse aos participantes en 3 grupos mixtos para realizar as actividades mari\u00f1eiras:<br \/>\n&#8211; Obradoiro coas redeiras a cargo da Asociaci\u00f3n Atalaia Redeiras Baixo Mi\u00f1o<br \/>\n&#8211; Obradoiro de cordas no museo do mar co \u00faltimo cordeleiro, Enrique Maya: \u201co \u00faltimo cordeleiro.<br \/>\n&#8211; Navegaci\u00f3n tradicional a remo e a velas coas gamelas guardesas a cargo da asociaci\u00f3n Piueiro.<br \/>\n&#8211; Visita \u00e1 lonxa e explicaci\u00f3n da subasta por parte de Silvia, percebeira e patrona maior da Cofrad\u00eda de<\/p>\n<p style=\"text-align: justify;\">Pescadores Santa Tecla de A Guarda<br \/>\n&#8211; Obradoiro de Conservas de peixe espada de Orpagu a cargo de Chema Seijo.<\/p>\n<p style=\"text-align: justify;\">Houbo un petisco final para favorecer a convivencia entre os asistentes.<br \/>\nApoiaron a xornada: Asociaci\u00f3n de Redeiras Baixo Mi\u00f1o, Asociaci\u00f3n Piueiro, Club Alagua, Lonxa de\u00a0 Guarda e o Concello de A Guarda.<\/p>\n<p style=\"text-align: justify;\">A xornada foi coordinada e dese\u00f1ada polo equipo de Bluscus \u2013 Turismo Mari\u00f1eiro e Roc\u00edo G\u00f3mez.<\/p>\n","protected":false},"excerpt":{"rendered":"<p>O pasado domingo d\u00eda 28 de xullo no Porto da Guarda, dentro da programaci\u00f3n da Festa do Peixe Espada, realizouse o evento piloto de presentaci\u00f3n de novos produtos e itinerarios do \u201cPROXECTO ECODESTIN_3IN\u201d de turismo mari\u00f1eiro inclusivo (SenSea). Estiveron presentes nesta actividade Dna. Susana Rodr\u00edguez, Directora Xeral de Desenvolvemento Pesqueiro, o alcalde da Guarda Antonio<\/p>\n<div class=\"padding-top text-center\"><a href=\"https:\/\/www.turismoaguarda.es\/gl\/sensea-a-cultura-marineira-ao-alcance-de-todos-os-publicos\/\" class=\"atbtn atbtn--medium atbtn--rounded atbtn--transparent\">Leer m\u00e1is<i class=\"atbtn__icon atbtn__icon--right fa fa-long-arrow-right\"><\/i><\/a><\/div>\n","protected":false},"author":11,"featured_media":11826,"comment_status":"open","ping_status":"open","sticky":false,"template":"","format":"standard","meta":{"footnotes":""},"categories":[94],"tags":[170,171,1524],"class_list":["post-11825","post","type-post","status-publish","format-standard","has-post-thumbnail","hentry","category-novas-turismo","tag-a-guarda-gl","tag-turismo-gl","tag-turismo-marineiro-gl"],"yoast_head":"<!-- This site is optimized with the Yoast SEO plugin v27.5 - https:\/\/yoast.com\/product\/yoast-seo-wordpress\/ -->\n<title>\u201cSenSea\u201d, a cultura mari\u00f1eira ao alcance de todos os p\u00fablicos | Turismo A Guarda<\/title>\n<meta name=\"robots\" content=\"index, follow, max-snippet:-1, max-image-preview:large, max-video-preview:-1\" \/>\n<link rel=\"canonical\" href=\"https:\/\/www.turismoaguarda.es\/gl\/sensea-a-cultura-marineira-ao-alcance-de-todos-os-publicos\/\" \/>\n<meta property=\"og:locale\" content=\"en_US\" \/>\n<meta property=\"og:type\" content=\"article\" \/>\n<meta property=\"og:title\" content=\"\u201cSenSea\u201d, a cultura mari\u00f1eira ao alcance de todos os p\u00fablicos | Turismo A Guarda\" \/>\n<meta property=\"og:description\" content=\"O pasado domingo d\u00eda 28 de xullo no Porto da Guarda, dentro da programaci\u00f3n da Festa do Peixe Espada, realizouse o evento piloto de presentaci\u00f3n de novos produtos e itinerarios do \u201cPROXECTO ECODESTIN_3IN\u201d de turismo mari\u00f1eiro inclusivo (SenSea). Estiveron presentes nesta actividade Dna. Susana Rodr\u00edguez, Directora Xeral de Desenvolvemento Pesqueiro, o alcalde da Guarda AntonioLeer m\u00e1is\" \/>\n<meta property=\"og:url\" content=\"https:\/\/www.turismoaguarda.es\/gl\/sensea-a-cultura-marineira-ao-alcance-de-todos-os-publicos\/\" \/>\n<meta property=\"og:site_name\" content=\"Turismo A Guarda\" \/>\n<meta property=\"article:publisher\" content=\"https:\/\/es-es.facebook.com\/Turismo-A-Guarda-126223240790625\/\" \/>\n<meta property=\"article:published_time\" content=\"2019-07-30T11:06:18+00:00\" \/>\n<meta property=\"og:image\" content=\"https:\/\/www.turismoaguarda.es\/wp-content\/uploads\/2019\/07\/NP-30072019-SenSea-a-cultura-mari\u00f1eira-ao-alcance-de-todos-os-p\u00fablicos.jpg\" \/>\n\t<meta property=\"og:image:width\" content=\"800\" \/>\n\t<meta property=\"og:image:height\" content=\"800\" \/>\n\t<meta property=\"og:image:type\" content=\"image\/jpeg\" \/>\n<meta name=\"author\" content=\"Prensa A Guarda\" \/>\n<meta name=\"twitter:card\" content=\"summary_large_image\" \/>\n<meta name=\"twitter:creator\" content=\"@TurismoAGuarda\" \/>\n<meta name=\"twitter:site\" content=\"@TurismoAGuarda\" \/>\n<meta name=\"twitter:label1\" content=\"Written by\" \/>\n\t<meta name=\"twitter:data1\" content=\"Prensa A Guarda\" \/>\n\t<meta name=\"twitter:label2\" content=\"Est. reading time\" \/>\n\t<meta name=\"twitter:data2\" content=\"2 minutes\" \/>\n<script type=\"application\/ld+json\" class=\"yoast-schema-graph\">{\"@context\":\"https:\\\/\\\/schema.org\",\"@graph\":[{\"@type\":\"Article\",\"@id\":\"https:\\\/\\\/www.turismoaguarda.es\\\/gl\\\/sensea-a-cultura-marineira-ao-alcance-de-todos-os-publicos\\\/#article\",\"isPartOf\":{\"@id\":\"https:\\\/\\\/www.turismoaguarda.es\\\/gl\\\/sensea-a-cultura-marineira-ao-alcance-de-todos-os-publicos\\\/\"},\"author\":{\"name\":\"Prensa A Guarda\",\"@id\":\"https:\\\/\\\/www.turismoaguarda.es\\\/#\\\/schema\\\/person\\\/a8b0c27ad7bcbb6c19799e934727508e\"},\"headline\":\"\u201cSenSea\u201d, a cultura mari\u00f1eira ao alcance de todos os p\u00fablicos\",\"datePublished\":\"2019-07-30T11:06:18+00:00\",\"mainEntityOfPage\":{\"@id\":\"https:\\\/\\\/www.turismoaguarda.es\\\/gl\\\/sensea-a-cultura-marineira-ao-alcance-de-todos-os-publicos\\\/\"},\"wordCount\":415,\"commentCount\":0,\"image\":{\"@id\":\"https:\\\/\\\/www.turismoaguarda.es\\\/gl\\\/sensea-a-cultura-marineira-ao-alcance-de-todos-os-publicos\\\/#primaryimage\"},\"thumbnailUrl\":\"https:\\\/\\\/www.turismoaguarda.es\\\/wp-content\\\/uploads\\\/2019\\\/07\\\/NP-30072019-SenSea-a-cultura-mari\u00f1eira-ao-alcance-de-todos-os-p\u00fablicos.jpg\",\"keywords\":[\"A Guarda\",\"turismo\",\"turismo mari\u00f1eiro\"],\"articleSection\":[\"Novas Turismo\"],\"inLanguage\":\"gl\",\"potentialAction\":[{\"@type\":\"CommentAction\",\"name\":\"Comment\",\"target\":[\"https:\\\/\\\/www.turismoaguarda.es\\\/gl\\\/sensea-a-cultura-marineira-ao-alcance-de-todos-os-publicos\\\/#respond\"]}]},{\"@type\":\"WebPage\",\"@id\":\"https:\\\/\\\/www.turismoaguarda.es\\\/gl\\\/sensea-a-cultura-marineira-ao-alcance-de-todos-os-publicos\\\/\",\"url\":\"https:\\\/\\\/www.turismoaguarda.es\\\/gl\\\/sensea-a-cultura-marineira-ao-alcance-de-todos-os-publicos\\\/\",\"name\":\"\u201cSenSea\u201d, a cultura mari\u00f1eira ao alcance de todos os p\u00fablicos | Turismo A Guarda\",\"isPartOf\":{\"@id\":\"https:\\\/\\\/www.turismoaguarda.es\\\/#website\"},\"primaryImageOfPage\":{\"@id\":\"https:\\\/\\\/www.turismoaguarda.es\\\/gl\\\/sensea-a-cultura-marineira-ao-alcance-de-todos-os-publicos\\\/#primaryimage\"},\"image\":{\"@id\":\"https:\\\/\\\/www.turismoaguarda.es\\\/gl\\\/sensea-a-cultura-marineira-ao-alcance-de-todos-os-publicos\\\/#primaryimage\"},\"thumbnailUrl\":\"https:\\\/\\\/www.turismoaguarda.es\\\/wp-content\\\/uploads\\\/2019\\\/07\\\/NP-30072019-SenSea-a-cultura-mari\u00f1eira-ao-alcance-de-todos-os-p\u00fablicos.jpg\",\"datePublished\":\"2019-07-30T11:06:18+00:00\",\"author\":{\"@id\":\"https:\\\/\\\/www.turismoaguarda.es\\\/#\\\/schema\\\/person\\\/a8b0c27ad7bcbb6c19799e934727508e\"},\"breadcrumb\":{\"@id\":\"https:\\\/\\\/www.turismoaguarda.es\\\/gl\\\/sensea-a-cultura-marineira-ao-alcance-de-todos-os-publicos\\\/#breadcrumb\"},\"inLanguage\":\"gl\",\"potentialAction\":[{\"@type\":\"ReadAction\",\"target\":[\"https:\\\/\\\/www.turismoaguarda.es\\\/gl\\\/sensea-a-cultura-marineira-ao-alcance-de-todos-os-publicos\\\/\"]}]},{\"@type\":\"ImageObject\",\"inLanguage\":\"gl\",\"@id\":\"https:\\\/\\\/www.turismoaguarda.es\\\/gl\\\/sensea-a-cultura-marineira-ao-alcance-de-todos-os-publicos\\\/#primaryimage\",\"url\":\"https:\\\/\\\/www.turismoaguarda.es\\\/wp-content\\\/uploads\\\/2019\\\/07\\\/NP-30072019-SenSea-a-cultura-mari\u00f1eira-ao-alcance-de-todos-os-p\u00fablicos.jpg\",\"contentUrl\":\"https:\\\/\\\/www.turismoaguarda.es\\\/wp-content\\\/uploads\\\/2019\\\/07\\\/NP-30072019-SenSea-a-cultura-mari\u00f1eira-ao-alcance-de-todos-os-p\u00fablicos.jpg\",\"width\":800,\"height\":800},{\"@type\":\"BreadcrumbList\",\"@id\":\"https:\\\/\\\/www.turismoaguarda.es\\\/gl\\\/sensea-a-cultura-marineira-ao-alcance-de-todos-os-publicos\\\/#breadcrumb\",\"itemListElement\":[{\"@type\":\"ListItem\",\"position\":1,\"name\":\"Portada\",\"item\":\"https:\\\/\\\/www.turismoaguarda.es\\\/gl\\\/\"},{\"@type\":\"ListItem\",\"position\":2,\"name\":\"\u201cSenSea\u201d, a cultura mari\u00f1eira ao alcance de todos os p\u00fablicos\"}]},{\"@type\":\"WebSite\",\"@id\":\"https:\\\/\\\/www.turismoaguarda.es\\\/#website\",\"url\":\"https:\\\/\\\/www.turismoaguarda.es\\\/\",\"name\":\"Turismo A Guarda\",\"description\":\"Informaci\u00f3n tur\u00edstica de A Guarda y alrededores.\",\"potentialAction\":[{\"@type\":\"SearchAction\",\"target\":{\"@type\":\"EntryPoint\",\"urlTemplate\":\"https:\\\/\\\/www.turismoaguarda.es\\\/?s={search_term_string}\"},\"query-input\":{\"@type\":\"PropertyValueSpecification\",\"valueRequired\":true,\"valueName\":\"search_term_string\"}}],\"inLanguage\":\"gl\"},{\"@type\":\"Person\",\"@id\":\"https:\\\/\\\/www.turismoaguarda.es\\\/#\\\/schema\\\/person\\\/a8b0c27ad7bcbb6c19799e934727508e\",\"name\":\"Prensa A Guarda\",\"image\":{\"@type\":\"ImageObject\",\"inLanguage\":\"gl\",\"@id\":\"https:\\\/\\\/secure.gravatar.com\\\/avatar\\\/387e117f874ba5d0a3439060b45d914395d77287b2e4890a49d1599fc3ef9189?s=96&d=mm&r=g\",\"url\":\"https:\\\/\\\/secure.gravatar.com\\\/avatar\\\/387e117f874ba5d0a3439060b45d914395d77287b2e4890a49d1599fc3ef9189?s=96&d=mm&r=g\",\"contentUrl\":\"https:\\\/\\\/secure.gravatar.com\\\/avatar\\\/387e117f874ba5d0a3439060b45d914395d77287b2e4890a49d1599fc3ef9189?s=96&d=mm&r=g\",\"caption\":\"Prensa A Guarda\"},\"url\":\"https:\\\/\\\/www.turismoaguarda.es\\\/gl\\\/author\\\/prensa\\\/\"}]}<\/script>\n<!-- \/ Yoast SEO plugin. -->","yoast_head_json":{"title":"\u201cSenSea\u201d, a cultura mari\u00f1eira ao alcance de todos os p\u00fablicos | Turismo A Guarda","robots":{"index":"index","follow":"follow","max-snippet":"max-snippet:-1","max-image-preview":"max-image-preview:large","max-video-preview":"max-video-preview:-1"},"canonical":"https:\/\/www.turismoaguarda.es\/gl\/sensea-a-cultura-marineira-ao-alcance-de-todos-os-publicos\/","og_locale":"en_US","og_type":"article","og_title":"\u201cSenSea\u201d, a cultura mari\u00f1eira ao alcance de todos os p\u00fablicos | Turismo A Guarda","og_description":"O pasado domingo d\u00eda 28 de xullo no Porto da Guarda, dentro da programaci\u00f3n da Festa do Peixe Espada, realizouse o evento piloto de presentaci\u00f3n de novos produtos e itinerarios do \u201cPROXECTO ECODESTIN_3IN\u201d de turismo mari\u00f1eiro inclusivo (SenSea). Estiveron presentes nesta actividade Dna. Susana Rodr\u00edguez, Directora Xeral de Desenvolvemento Pesqueiro, o alcalde da Guarda AntonioLeer m\u00e1is","og_url":"https:\/\/www.turismoaguarda.es\/gl\/sensea-a-cultura-marineira-ao-alcance-de-todos-os-publicos\/","og_site_name":"Turismo A Guarda","article_publisher":"https:\/\/es-es.facebook.com\/Turismo-A-Guarda-126223240790625\/","article_published_time":"2019-07-30T11:06:18+00:00","og_image":[{"width":800,"height":800,"url":"https:\/\/www.turismoaguarda.es\/wp-content\/uploads\/2019\/07\/NP-30072019-SenSea-a-cultura-mari\u00f1eira-ao-alcance-de-todos-os-p\u00fablicos.jpg","type":"image\/jpeg"}],"author":"Prensa A Guarda","twitter_card":"summary_large_image","twitter_creator":"@TurismoAGuarda","twitter_site":"@TurismoAGuarda","twitter_misc":{"Written by":"Prensa A Guarda","Est. reading time":"2 minutes"},"schema":{"@context":"https:\/\/schema.org","@graph":[{"@type":"Article","@id":"https:\/\/www.turismoaguarda.es\/gl\/sensea-a-cultura-marineira-ao-alcance-de-todos-os-publicos\/#article","isPartOf":{"@id":"https:\/\/www.turismoaguarda.es\/gl\/sensea-a-cultura-marineira-ao-alcance-de-todos-os-publicos\/"},"author":{"name":"Prensa A Guarda","@id":"https:\/\/www.turismoaguarda.es\/#\/schema\/person\/a8b0c27ad7bcbb6c19799e934727508e"},"headline":"\u201cSenSea\u201d, a cultura mari\u00f1eira ao alcance de todos os p\u00fablicos","datePublished":"2019-07-30T11:06:18+00:00","mainEntityOfPage":{"@id":"https:\/\/www.turismoaguarda.es\/gl\/sensea-a-cultura-marineira-ao-alcance-de-todos-os-publicos\/"},"wordCount":415,"commentCount":0,"image":{"@id":"https:\/\/www.turismoaguarda.es\/gl\/sensea-a-cultura-marineira-ao-alcance-de-todos-os-publicos\/#primaryimage"},"thumbnailUrl":"https:\/\/www.turismoaguarda.es\/wp-content\/uploads\/2019\/07\/NP-30072019-SenSea-a-cultura-mari\u00f1eira-ao-alcance-de-todos-os-p\u00fablicos.jpg","keywords":["A Guarda","turismo","turismo mari\u00f1eiro"],"articleSection":["Novas Turismo"],"inLanguage":"gl","potentialAction":[{"@type":"CommentAction","name":"Comment","target":["https:\/\/www.turismoaguarda.es\/gl\/sensea-a-cultura-marineira-ao-alcance-de-todos-os-publicos\/#respond"]}]},{"@type":"WebPage","@id":"https:\/\/www.turismoaguarda.es\/gl\/sensea-a-cultura-marineira-ao-alcance-de-todos-os-publicos\/","url":"https:\/\/www.turismoaguarda.es\/gl\/sensea-a-cultura-marineira-ao-alcance-de-todos-os-publicos\/","name":"\u201cSenSea\u201d, a cultura mari\u00f1eira ao alcance de todos os p\u00fablicos | Turismo A Guarda","isPartOf":{"@id":"https:\/\/www.turismoaguarda.es\/#website"},"primaryImageOfPage":{"@id":"https:\/\/www.turismoaguarda.es\/gl\/sensea-a-cultura-marineira-ao-alcance-de-todos-os-publicos\/#primaryimage"},"image":{"@id":"https:\/\/www.turismoaguarda.es\/gl\/sensea-a-cultura-marineira-ao-alcance-de-todos-os-publicos\/#primaryimage"},"thumbnailUrl":"https:\/\/www.turismoaguarda.es\/wp-content\/uploads\/2019\/07\/NP-30072019-SenSea-a-cultura-mari\u00f1eira-ao-alcance-de-todos-os-p\u00fablicos.jpg","datePublished":"2019-07-30T11:06:18+00:00","author":{"@id":"https:\/\/www.turismoaguarda.es\/#\/schema\/person\/a8b0c27ad7bcbb6c19799e934727508e"},"breadcrumb":{"@id":"https:\/\/www.turismoaguarda.es\/gl\/sensea-a-cultura-marineira-ao-alcance-de-todos-os-publicos\/#breadcrumb"},"inLanguage":"gl","potentialAction":[{"@type":"ReadAction","target":["https:\/\/www.turismoaguarda.es\/gl\/sensea-a-cultura-marineira-ao-alcance-de-todos-os-publicos\/"]}]},{"@type":"ImageObject","inLanguage":"gl","@id":"https:\/\/www.turismoaguarda.es\/gl\/sensea-a-cultura-marineira-ao-alcance-de-todos-os-publicos\/#primaryimage","url":"https:\/\/www.turismoaguarda.es\/wp-content\/uploads\/2019\/07\/NP-30072019-SenSea-a-cultura-mari\u00f1eira-ao-alcance-de-todos-os-p\u00fablicos.jpg","contentUrl":"https:\/\/www.turismoaguarda.es\/wp-content\/uploads\/2019\/07\/NP-30072019-SenSea-a-cultura-mari\u00f1eira-ao-alcance-de-todos-os-p\u00fablicos.jpg","width":800,"height":800},{"@type":"BreadcrumbList","@id":"https:\/\/www.turismoaguarda.es\/gl\/sensea-a-cultura-marineira-ao-alcance-de-todos-os-publicos\/#breadcrumb","itemListElement":[{"@type":"ListItem","position":1,"name":"Portada","item":"https:\/\/www.turismoaguarda.es\/gl\/"},{"@type":"ListItem","position":2,"name":"\u201cSenSea\u201d, a cultura mari\u00f1eira ao alcance de todos os p\u00fablicos"}]},{"@type":"WebSite","@id":"https:\/\/www.turismoaguarda.es\/#website","url":"https:\/\/www.turismoaguarda.es\/","name":"Turismo A Guarda","description":"Informaci\u00f3n tur\u00edstica de A Guarda y alrededores.","potentialAction":[{"@type":"SearchAction","target":{"@type":"EntryPoint","urlTemplate":"https:\/\/www.turismoaguarda.es\/?s={search_term_string}"},"query-input":{"@type":"PropertyValueSpecification","valueRequired":true,"valueName":"search_term_string"}}],"inLanguage":"gl"},{"@type":"Person","@id":"https:\/\/www.turismoaguarda.es\/#\/schema\/person\/a8b0c27ad7bcbb6c19799e934727508e","name":"Prensa A Guarda","image":{"@type":"ImageObject","inLanguage":"gl","@id":"https:\/\/secure.gravatar.com\/avatar\/387e117f874ba5d0a3439060b45d914395d77287b2e4890a49d1599fc3ef9189?s=96&d=mm&r=g","url":"https:\/\/secure.gravatar.com\/avatar\/387e117f874ba5d0a3439060b45d914395d77287b2e4890a49d1599fc3ef9189?s=96&d=mm&r=g","contentUrl":"https:\/\/secure.gravatar.com\/avatar\/387e117f874ba5d0a3439060b45d914395d77287b2e4890a49d1599fc3ef9189?s=96&d=mm&r=g","caption":"Prensa A Guarda"},"url":"https:\/\/www.turismoaguarda.es\/gl\/author\/prensa\/"}]}},"_links":{"self":[{"href":"https:\/\/www.turismoaguarda.es\/gl\/wp-json\/wp\/v2\/posts\/11825","targetHints":{"allow":["GET"]}}],"collection":[{"href":"https:\/\/www.turismoaguarda.es\/gl\/wp-json\/wp\/v2\/posts"}],"about":[{"href":"https:\/\/www.turismoaguarda.es\/gl\/wp-json\/wp\/v2\/types\/post"}],"author":[{"embeddable":true,"href":"https:\/\/www.turismoaguarda.es\/gl\/wp-json\/wp\/v2\/users\/11"}],"replies":[{"embeddable":true,"href":"https:\/\/www.turismoaguarda.es\/gl\/wp-json\/wp\/v2\/comments?post=11825"}],"version-history":[{"count":1,"href":"https:\/\/www.turismoaguarda.es\/gl\/wp-json\/wp\/v2\/posts\/11825\/revisions"}],"predecessor-version":[{"id":11829,"href":"https:\/\/www.turismoaguarda.es\/gl\/wp-json\/wp\/v2\/posts\/11825\/revisions\/11829"}],"wp:featuredmedia":[{"embeddable":true,"href":"https:\/\/www.turismoaguarda.es\/gl\/wp-json\/wp\/v2\/media\/11826"}],"wp:attachment":[{"href":"https:\/\/www.turismoaguarda.es\/gl\/wp-json\/wp\/v2\/media?parent=11825"}],"wp:term":[{"taxonomy":"category","embeddable":true,"href":"https:\/\/www.turismoaguarda.es\/gl\/wp-json\/wp\/v2\/categories?post=11825"},{"taxonomy":"post_tag","embeddable":true,"href":"https:\/\/www.turismoaguarda.es\/gl\/wp-json\/wp\/v2\/tags?post=11825"}],"curies":[{"name":"wp","href":"https:\/\/api.w.org\/{rel}","templated":true}]}}