{"id":11726,"date":"2019-08-05T13:40:24","date_gmt":"2019-08-05T11:40:24","guid":{"rendered":"http:\/\/www.turismoaguarda.es\/?p=11726"},"modified":"2019-08-05T13:55:11","modified_gmt":"2019-08-05T11:55:11","slug":"a-guarda-preparase-para-a-semana-grande-das-festas-do-monte-2019","status":"publish","type":"post","link":"https:\/\/www.turismoaguarda.es\/gl\/a-guarda-preparase-para-a-semana-grande-das-festas-do-monte-2019\/","title":{"rendered":"Programaci\u00f3n de actividades na semana grande das Festas do Monte 2019"},"content":{"rendered":"<p style=\"text-align: justify;\">A Guarda acolle do 5 ao 12 de agosto as Festas do Monte 2019, unha semana chea de actividades culturais, deportivas e de ocio e tempo libre, Festas catalogadas de Interese Tur\u00edstico de Galicia.<\/p>\n<p style=\"text-align: justify;\">A programaci\u00f3n de actividades arrancou na xornada do s\u00e1bado 3 de agosto cos torneos de Hockey e as Carreiras Pedestres.<\/p>\n<p style=\"text-align: justify;\">O luns d\u00eda 5 de agosto celebrase o Preg\u00f3n \u00e1s 20:00h na Praza do Rel\u00f3, que correr\u00e1 a cargo de Dna. Mar\u00eda Nava Castro, Dir. Xeral de Turismo da Xunta de Galicia. Pola noite verbena coas orquestras Am\u00e9rica SL e Xacobeo na Alameda da Guarda.<\/p>\n<p style=\"text-align: justify;\">Para a xornada do martes d\u00eda 6 de agosto celebrase o Torneo de F\u00fatbol Base do Sporting Guard\u00e9s, un festival folcl\u00f3rico no Auditorio de San Bieito e pola noite verbena coas orquestras Israel e D\u00b4Moda.<\/p>\n<p style=\"text-align: justify;\">O m\u00e9rcores d\u00eda 7 de agosto celebrase a Marcha Cicloturista Popular, o Torneo de F\u00fabtol S\u00e9nior, o XIV Rock in Fervenza e pola noite verbenas coas orquestras Passarela e Lim\u00f3n.<\/p>\n<p style=\"text-align: justify;\">Na xornada do xoves d\u00eda 8 de agosto ter\u00e1 lugar o XIX Campionato Exhibici\u00f3n de Xadr\u00e9z ao aire libre e pola noite verbena coas orquestras Claxxon e Ibiza.<\/p>\n<p style=\"text-align: justify;\">O venres d\u00eda 9 de agosto as pistas deportivas do Codesal acollen o I Torneo de Petanca e pola noite verbena coas orquestras Galilea e Nazaret.<\/p>\n<p style=\"text-align: justify;\">Como ven sendo habitual, na ma\u00f1\u00e1 do s\u00e1bado ter\u00e1 lugar o Desfile Folcl\u00f3rico Tradicional e de Bandas Mari\u00f1eiras, un evento que congrega a milleiros de persoas entre a Alameda da Guarda e o Porto. Pola noite verbenas na Alameda coas orquestras La Oca Bang e Noche de Estrellas.<\/p>\n<p style=\"text-align: justify;\">O Domingo \u00e9 a subida ao Monte, na cal as Bandas Mari\u00f1eiras realizan os seus xuramentos con comida popular e posterior desfeita. \u00c1 noite verbena coas orquestras \u00c1mbar e Az\u00facar.<\/p>\n<p style=\"text-align: justify;\">O luns 12 de agosto \u00e1s 24:00h ter\u00e1 lugar a Gran Tirada de Fogos de Luces no Porto da Guarda, coa que se pon o punto e final a unha semana de festexos.<\/p>\n<p style=\"text-align: justify;\">Dende o Concello da Guarda pedimos a colaboraci\u00f3n cidad\u00e1 para que se respecten as sinalizaci\u00f3ns que delimitan os espazos protexidos dun elemento patrimonial tan importante para a nosa vila como o \u00e9 o Monte Santa Trega, evitando o uso da zona arqueol\u00f3xica para o xantar, de xeito que non se produzan agresi\u00f3ns que provoquen danos nas estruturas.<\/p>\n<p style=\"text-align: center;\"><a href=\"https:\/\/www.turismoaguarda.es\/a-guarda-preparase-para-a-semana-grande-das-festas-do-monte-2019\/programa\/\" rel=\"attachment wp-att-11730\"><img loading=\"lazy\" decoding=\"async\" class=\"alignleft size-full wp-image-11730\" src=\"https:\/\/www.turismoaguarda.es\/wp-content\/uploads\/2019\/07\/NP-26072019-A-Guarda-prep\u00e1rase-para-a-semana-grande-das-Festas-do-Monte-2019-1-1.jpg\" alt=\"\" width=\"800\" height=\"564\" srcset=\"https:\/\/www.turismoaguarda.es\/wp-content\/uploads\/2019\/07\/NP-26072019-A-Guarda-prep\u00e1rase-para-a-semana-grande-das-Festas-do-Monte-2019-1-1.jpg 800w, https:\/\/www.turismoaguarda.es\/wp-content\/uploads\/2019\/07\/NP-26072019-A-Guarda-prep\u00e1rase-para-a-semana-grande-das-Festas-do-Monte-2019-1-1-300x212.jpg 300w, https:\/\/www.turismoaguarda.es\/wp-content\/uploads\/2019\/07\/NP-26072019-A-Guarda-prep\u00e1rase-para-a-semana-grande-das-Festas-do-Monte-2019-1-1-768x541.jpg 768w, https:\/\/www.turismoaguarda.es\/wp-content\/uploads\/2019\/07\/NP-26072019-A-Guarda-prep\u00e1rase-para-a-semana-grande-das-Festas-do-Monte-2019-1-1-150x106.jpg 150w, https:\/\/www.turismoaguarda.es\/wp-content\/uploads\/2019\/07\/NP-26072019-A-Guarda-prep\u00e1rase-para-a-semana-grande-das-Festas-do-Monte-2019-1-1-500x353.jpg 500w\" sizes=\"auto, (max-width: 800px) 100vw, 800px\" \/><\/a><a href=\"https:\/\/www.turismoaguarda.es\/a-guarda-preparase-para-a-semana-grande-das-festas-do-monte-2019\/np-26072019-a-guarda-preparase-para-a-semana-grande-das-festas-do-monte-2019-2\/\" rel=\"attachment wp-att-11733\"><img loading=\"lazy\" decoding=\"async\" class=\"alignleft size-full wp-image-11733\" src=\"https:\/\/www.turismoaguarda.es\/wp-content\/uploads\/2019\/07\/NP-26072019-A-Guarda-prep\u00e1rase-para-a-semana-grande-das-Festas-do-Monte-2019-2-1.jpg\" alt=\"\" width=\"800\" height=\"600\" srcset=\"https:\/\/www.turismoaguarda.es\/wp-content\/uploads\/2019\/07\/NP-26072019-A-Guarda-prep\u00e1rase-para-a-semana-grande-das-Festas-do-Monte-2019-2-1.jpg 800w, https:\/\/www.turismoaguarda.es\/wp-content\/uploads\/2019\/07\/NP-26072019-A-Guarda-prep\u00e1rase-para-a-semana-grande-das-Festas-do-Monte-2019-2-1-300x225.jpg 300w, https:\/\/www.turismoaguarda.es\/wp-content\/uploads\/2019\/07\/NP-26072019-A-Guarda-prep\u00e1rase-para-a-semana-grande-das-Festas-do-Monte-2019-2-1-768x576.jpg 768w, https:\/\/www.turismoaguarda.es\/wp-content\/uploads\/2019\/07\/NP-26072019-A-Guarda-prep\u00e1rase-para-a-semana-grande-das-Festas-do-Monte-2019-2-1-150x113.jpg 150w, https:\/\/www.turismoaguarda.es\/wp-content\/uploads\/2019\/07\/NP-26072019-A-Guarda-prep\u00e1rase-para-a-semana-grande-das-Festas-do-Monte-2019-2-1-500x375.jpg 500w\" sizes=\"auto, (max-width: 800px) 100vw, 800px\" \/><\/a><a href=\"https:\/\/www.turismoaguarda.es\/a-guarda-preparase-para-a-semana-grande-das-festas-do-monte-2019\/np-26072019-a-guarda-preparase-para-a-semana-grande-das-festas-do-monte-2019-2\/\" rel=\"attachment wp-att-11733\"><img loading=\"lazy\" decoding=\"async\" class=\"alignleft size-full wp-image-11733\" src=\"http:\/\/www.turismoaguarda.es\/wp-content\/uploads\/2019\/07\/NP-26072019-A-Guarda-prep\u00e1rase-para-a-semana-grande-das-Festas-do-Monte-2019-2-1.jpg\" alt=\"\" width=\"800\" height=\"600\" srcset=\"https:\/\/www.turismoaguarda.es\/wp-content\/uploads\/2019\/07\/NP-26072019-A-Guarda-prep\u00e1rase-para-a-semana-grande-das-Festas-do-Monte-2019-2-1.jpg 800w, https:\/\/www.turismoaguarda.es\/wp-content\/uploads\/2019\/07\/NP-26072019-A-Guarda-prep\u00e1rase-para-a-semana-grande-das-Festas-do-Monte-2019-2-1-300x225.jpg 300w, https:\/\/www.turismoaguarda.es\/wp-content\/uploads\/2019\/07\/NP-26072019-A-Guarda-prep\u00e1rase-para-a-semana-grande-das-Festas-do-Monte-2019-2-1-768x576.jpg 768w, https:\/\/www.turismoaguarda.es\/wp-content\/uploads\/2019\/07\/NP-26072019-A-Guarda-prep\u00e1rase-para-a-semana-grande-das-Festas-do-Monte-2019-2-1-150x113.jpg 150w, https:\/\/www.turismoaguarda.es\/wp-content\/uploads\/2019\/07\/NP-26072019-A-Guarda-prep\u00e1rase-para-a-semana-grande-das-Festas-do-Monte-2019-2-1-500x375.jpg 500w\" sizes=\"auto, (max-width: 800px) 100vw, 800px\" \/><\/a><a href=\"https:\/\/www.turismoaguarda.es\/a-guarda-preparase-para-a-semana-grande-das-festas-do-monte-2019\/programa\/\" rel=\"attachment wp-att-11730\"><img loading=\"lazy\" decoding=\"async\" class=\"alignleft size-full wp-image-11730\" src=\"http:\/\/www.turismoaguarda.es\/wp-content\/uploads\/2019\/07\/NP-26072019-A-Guarda-prep\u00e1rase-para-a-semana-grande-das-Festas-do-Monte-2019-1-1.jpg\" alt=\"\" width=\"800\" height=\"564\" srcset=\"https:\/\/www.turismoaguarda.es\/wp-content\/uploads\/2019\/07\/NP-26072019-A-Guarda-prep\u00e1rase-para-a-semana-grande-das-Festas-do-Monte-2019-1-1.jpg 800w, https:\/\/www.turismoaguarda.es\/wp-content\/uploads\/2019\/07\/NP-26072019-A-Guarda-prep\u00e1rase-para-a-semana-grande-das-Festas-do-Monte-2019-1-1-300x212.jpg 300w, https:\/\/www.turismoaguarda.es\/wp-content\/uploads\/2019\/07\/NP-26072019-A-Guarda-prep\u00e1rase-para-a-semana-grande-das-Festas-do-Monte-2019-1-1-768x541.jpg 768w, https:\/\/www.turismoaguarda.es\/wp-content\/uploads\/2019\/07\/NP-26072019-A-Guarda-prep\u00e1rase-para-a-semana-grande-das-Festas-do-Monte-2019-1-1-150x106.jpg 150w, https:\/\/www.turismoaguarda.es\/wp-content\/uploads\/2019\/07\/NP-26072019-A-Guarda-prep\u00e1rase-para-a-semana-grande-das-Festas-do-Monte-2019-1-1-500x353.jpg 500w\" sizes=\"auto, (max-width: 800px) 100vw, 800px\" \/><\/a><\/p>\n","protected":false},"excerpt":{"rendered":"<p>A Guarda acolle do 5 ao 12 de agosto as Festas do Monte 2019, unha semana chea de actividades culturais, deportivas e de ocio e tempo libre, Festas catalogadas de Interese Tur\u00edstico de Galicia. A programaci\u00f3n de actividades arrancou na xornada do s\u00e1bado 3 de agosto cos torneos de Hockey e as Carreiras Pedestres. O<\/p>\n<div class=\"padding-top text-center\"><a href=\"https:\/\/www.turismoaguarda.es\/gl\/a-guarda-preparase-para-a-semana-grande-das-festas-do-monte-2019\/\" class=\"atbtn atbtn--medium atbtn--rounded atbtn--transparent\">Leer m\u00e1is<i class=\"atbtn__icon atbtn__icon--right fa fa-long-arrow-right\"><\/i><\/a><\/div>\n","protected":false},"author":11,"featured_media":11720,"comment_status":"open","ping_status":"open","sticky":false,"template":"","format":"standard","meta":{"footnotes":""},"categories":[94],"tags":[170,1031,171],"class_list":["post-11726","post","type-post","status-publish","format-standard","has-post-thumbnail","hentry","category-novas-turismo","tag-a-guarda-gl","tag-festas-do-monte-gl","tag-turismo-gl"],"yoast_head":"<!-- This site is optimized with the Yoast SEO plugin v27.5 - https:\/\/yoast.com\/product\/yoast-seo-wordpress\/ -->\n<title>Programaci\u00f3n de actividades na semana grande das Festas do Monte 2019 | Turismo A Guarda<\/title>\n<meta name=\"robots\" content=\"index, follow, max-snippet:-1, max-image-preview:large, max-video-preview:-1\" \/>\n<link rel=\"canonical\" href=\"https:\/\/www.turismoaguarda.es\/gl\/a-guarda-preparase-para-a-semana-grande-das-festas-do-monte-2019\/\" \/>\n<meta property=\"og:locale\" content=\"en_US\" \/>\n<meta property=\"og:type\" content=\"article\" \/>\n<meta property=\"og:title\" content=\"Programaci\u00f3n de actividades na semana grande das Festas do Monte 2019 | Turismo A Guarda\" \/>\n<meta property=\"og:description\" content=\"A Guarda acolle do 5 ao 12 de agosto as Festas do Monte 2019, unha semana chea de actividades culturais, deportivas e de ocio e tempo libre, Festas catalogadas de Interese Tur\u00edstico de Galicia. A programaci\u00f3n de actividades arrancou na xornada do s\u00e1bado 3 de agosto cos torneos de Hockey e as Carreiras Pedestres. OLeer m\u00e1is\" \/>\n<meta property=\"og:url\" content=\"https:\/\/www.turismoaguarda.es\/gl\/a-guarda-preparase-para-a-semana-grande-das-festas-do-monte-2019\/\" \/>\n<meta property=\"og:site_name\" content=\"Turismo A Guarda\" \/>\n<meta property=\"article:publisher\" content=\"https:\/\/es-es.facebook.com\/Turismo-A-Guarda-126223240790625\/\" \/>\n<meta property=\"article:published_time\" content=\"2019-08-05T11:40:24+00:00\" \/>\n<meta property=\"article:modified_time\" content=\"2019-08-05T11:55:11+00:00\" \/>\n<meta property=\"og:image\" content=\"https:\/\/www.turismoaguarda.es\/wp-content\/uploads\/2019\/07\/NP-26072019-A-Guarda-prep\u00e1rase-para-a-semana-grande-das-Festas-do-Monte-2019.jpg\" \/>\n\t<meta property=\"og:image:width\" content=\"800\" \/>\n\t<meta property=\"og:image:height\" content=\"577\" \/>\n\t<meta property=\"og:image:type\" content=\"image\/jpeg\" \/>\n<meta name=\"author\" content=\"Prensa A Guarda\" \/>\n<meta name=\"twitter:card\" content=\"summary_large_image\" \/>\n<meta name=\"twitter:creator\" content=\"@TurismoAGuarda\" \/>\n<meta name=\"twitter:site\" content=\"@TurismoAGuarda\" \/>\n<meta name=\"twitter:label1\" content=\"Written by\" \/>\n\t<meta name=\"twitter:data1\" content=\"Prensa A Guarda\" \/>\n\t<meta name=\"twitter:label2\" content=\"Est. reading time\" \/>\n\t<meta name=\"twitter:data2\" content=\"2 minutes\" \/>\n<script type=\"application\/ld+json\" class=\"yoast-schema-graph\">{\"@context\":\"https:\\\/\\\/schema.org\",\"@graph\":[{\"@type\":\"Article\",\"@id\":\"https:\\\/\\\/www.turismoaguarda.es\\\/gl\\\/a-guarda-preparase-para-a-semana-grande-das-festas-do-monte-2019\\\/#article\",\"isPartOf\":{\"@id\":\"https:\\\/\\\/www.turismoaguarda.es\\\/gl\\\/a-guarda-preparase-para-a-semana-grande-das-festas-do-monte-2019\\\/\"},\"author\":{\"name\":\"Prensa A Guarda\",\"@id\":\"https:\\\/\\\/www.turismoaguarda.es\\\/#\\\/schema\\\/person\\\/a8b0c27ad7bcbb6c19799e934727508e\"},\"headline\":\"Programaci\u00f3n de actividades na semana grande das Festas do Monte 2019\",\"datePublished\":\"2019-08-05T11:40:24+00:00\",\"dateModified\":\"2019-08-05T11:55:11+00:00\",\"mainEntityOfPage\":{\"@id\":\"https:\\\/\\\/www.turismoaguarda.es\\\/gl\\\/a-guarda-preparase-para-a-semana-grande-das-festas-do-monte-2019\\\/\"},\"wordCount\":414,\"commentCount\":0,\"image\":{\"@id\":\"https:\\\/\\\/www.turismoaguarda.es\\\/gl\\\/a-guarda-preparase-para-a-semana-grande-das-festas-do-monte-2019\\\/#primaryimage\"},\"thumbnailUrl\":\"https:\\\/\\\/www.turismoaguarda.es\\\/wp-content\\\/uploads\\\/2019\\\/07\\\/NP-26072019-A-Guarda-prep\u00e1rase-para-a-semana-grande-das-Festas-do-Monte-2019.jpg\",\"keywords\":[\"A Guarda\",\"festas do monte\",\"turismo\"],\"articleSection\":[\"Novas Turismo\"],\"inLanguage\":\"gl\",\"potentialAction\":[{\"@type\":\"CommentAction\",\"name\":\"Comment\",\"target\":[\"https:\\\/\\\/www.turismoaguarda.es\\\/gl\\\/a-guarda-preparase-para-a-semana-grande-das-festas-do-monte-2019\\\/#respond\"]}]},{\"@type\":\"WebPage\",\"@id\":\"https:\\\/\\\/www.turismoaguarda.es\\\/gl\\\/a-guarda-preparase-para-a-semana-grande-das-festas-do-monte-2019\\\/\",\"url\":\"https:\\\/\\\/www.turismoaguarda.es\\\/gl\\\/a-guarda-preparase-para-a-semana-grande-das-festas-do-monte-2019\\\/\",\"name\":\"Programaci\u00f3n de actividades na semana grande das Festas do Monte 2019 | Turismo A Guarda\",\"isPartOf\":{\"@id\":\"https:\\\/\\\/www.turismoaguarda.es\\\/#website\"},\"primaryImageOfPage\":{\"@id\":\"https:\\\/\\\/www.turismoaguarda.es\\\/gl\\\/a-guarda-preparase-para-a-semana-grande-das-festas-do-monte-2019\\\/#primaryimage\"},\"image\":{\"@id\":\"https:\\\/\\\/www.turismoaguarda.es\\\/gl\\\/a-guarda-preparase-para-a-semana-grande-das-festas-do-monte-2019\\\/#primaryimage\"},\"thumbnailUrl\":\"https:\\\/\\\/www.turismoaguarda.es\\\/wp-content\\\/uploads\\\/2019\\\/07\\\/NP-26072019-A-Guarda-prep\u00e1rase-para-a-semana-grande-das-Festas-do-Monte-2019.jpg\",\"datePublished\":\"2019-08-05T11:40:24+00:00\",\"dateModified\":\"2019-08-05T11:55:11+00:00\",\"author\":{\"@id\":\"https:\\\/\\\/www.turismoaguarda.es\\\/#\\\/schema\\\/person\\\/a8b0c27ad7bcbb6c19799e934727508e\"},\"breadcrumb\":{\"@id\":\"https:\\\/\\\/www.turismoaguarda.es\\\/gl\\\/a-guarda-preparase-para-a-semana-grande-das-festas-do-monte-2019\\\/#breadcrumb\"},\"inLanguage\":\"gl\",\"potentialAction\":[{\"@type\":\"ReadAction\",\"target\":[\"https:\\\/\\\/www.turismoaguarda.es\\\/gl\\\/a-guarda-preparase-para-a-semana-grande-das-festas-do-monte-2019\\\/\"]}]},{\"@type\":\"ImageObject\",\"inLanguage\":\"gl\",\"@id\":\"https:\\\/\\\/www.turismoaguarda.es\\\/gl\\\/a-guarda-preparase-para-a-semana-grande-das-festas-do-monte-2019\\\/#primaryimage\",\"url\":\"https:\\\/\\\/www.turismoaguarda.es\\\/wp-content\\\/uploads\\\/2019\\\/07\\\/NP-26072019-A-Guarda-prep\u00e1rase-para-a-semana-grande-das-Festas-do-Monte-2019.jpg\",\"contentUrl\":\"https:\\\/\\\/www.turismoaguarda.es\\\/wp-content\\\/uploads\\\/2019\\\/07\\\/NP-26072019-A-Guarda-prep\u00e1rase-para-a-semana-grande-das-Festas-do-Monte-2019.jpg\",\"width\":800,\"height\":577},{\"@type\":\"BreadcrumbList\",\"@id\":\"https:\\\/\\\/www.turismoaguarda.es\\\/gl\\\/a-guarda-preparase-para-a-semana-grande-das-festas-do-monte-2019\\\/#breadcrumb\",\"itemListElement\":[{\"@type\":\"ListItem\",\"position\":1,\"name\":\"Portada\",\"item\":\"https:\\\/\\\/www.turismoaguarda.es\\\/gl\\\/\"},{\"@type\":\"ListItem\",\"position\":2,\"name\":\"Programaci\u00f3n de actividades na semana grande das Festas do Monte 2019\"}]},{\"@type\":\"WebSite\",\"@id\":\"https:\\\/\\\/www.turismoaguarda.es\\\/#website\",\"url\":\"https:\\\/\\\/www.turismoaguarda.es\\\/\",\"name\":\"Turismo A Guarda\",\"description\":\"Informaci\u00f3n tur\u00edstica de A Guarda y alrededores.\",\"potentialAction\":[{\"@type\":\"SearchAction\",\"target\":{\"@type\":\"EntryPoint\",\"urlTemplate\":\"https:\\\/\\\/www.turismoaguarda.es\\\/?s={search_term_string}\"},\"query-input\":{\"@type\":\"PropertyValueSpecification\",\"valueRequired\":true,\"valueName\":\"search_term_string\"}}],\"inLanguage\":\"gl\"},{\"@type\":\"Person\",\"@id\":\"https:\\\/\\\/www.turismoaguarda.es\\\/#\\\/schema\\\/person\\\/a8b0c27ad7bcbb6c19799e934727508e\",\"name\":\"Prensa A Guarda\",\"image\":{\"@type\":\"ImageObject\",\"inLanguage\":\"gl\",\"@id\":\"https:\\\/\\\/secure.gravatar.com\\\/avatar\\\/387e117f874ba5d0a3439060b45d914395d77287b2e4890a49d1599fc3ef9189?s=96&d=mm&r=g\",\"url\":\"https:\\\/\\\/secure.gravatar.com\\\/avatar\\\/387e117f874ba5d0a3439060b45d914395d77287b2e4890a49d1599fc3ef9189?s=96&d=mm&r=g\",\"contentUrl\":\"https:\\\/\\\/secure.gravatar.com\\\/avatar\\\/387e117f874ba5d0a3439060b45d914395d77287b2e4890a49d1599fc3ef9189?s=96&d=mm&r=g\",\"caption\":\"Prensa A Guarda\"},\"url\":\"https:\\\/\\\/www.turismoaguarda.es\\\/gl\\\/author\\\/prensa\\\/\"}]}<\/script>\n<!-- \/ Yoast SEO plugin. -->","yoast_head_json":{"title":"Programaci\u00f3n de actividades na semana grande das Festas do Monte 2019 | Turismo A Guarda","robots":{"index":"index","follow":"follow","max-snippet":"max-snippet:-1","max-image-preview":"max-image-preview:large","max-video-preview":"max-video-preview:-1"},"canonical":"https:\/\/www.turismoaguarda.es\/gl\/a-guarda-preparase-para-a-semana-grande-das-festas-do-monte-2019\/","og_locale":"en_US","og_type":"article","og_title":"Programaci\u00f3n de actividades na semana grande das Festas do Monte 2019 | Turismo A Guarda","og_description":"A Guarda acolle do 5 ao 12 de agosto as Festas do Monte 2019, unha semana chea de actividades culturais, deportivas e de ocio e tempo libre, Festas catalogadas de Interese Tur\u00edstico de Galicia. A programaci\u00f3n de actividades arrancou na xornada do s\u00e1bado 3 de agosto cos torneos de Hockey e as Carreiras Pedestres. OLeer m\u00e1is","og_url":"https:\/\/www.turismoaguarda.es\/gl\/a-guarda-preparase-para-a-semana-grande-das-festas-do-monte-2019\/","og_site_name":"Turismo A Guarda","article_publisher":"https:\/\/es-es.facebook.com\/Turismo-A-Guarda-126223240790625\/","article_published_time":"2019-08-05T11:40:24+00:00","article_modified_time":"2019-08-05T11:55:11+00:00","og_image":[{"width":800,"height":577,"url":"https:\/\/www.turismoaguarda.es\/wp-content\/uploads\/2019\/07\/NP-26072019-A-Guarda-prep\u00e1rase-para-a-semana-grande-das-Festas-do-Monte-2019.jpg","type":"image\/jpeg"}],"author":"Prensa A Guarda","twitter_card":"summary_large_image","twitter_creator":"@TurismoAGuarda","twitter_site":"@TurismoAGuarda","twitter_misc":{"Written by":"Prensa A Guarda","Est. reading time":"2 minutes"},"schema":{"@context":"https:\/\/schema.org","@graph":[{"@type":"Article","@id":"https:\/\/www.turismoaguarda.es\/gl\/a-guarda-preparase-para-a-semana-grande-das-festas-do-monte-2019\/#article","isPartOf":{"@id":"https:\/\/www.turismoaguarda.es\/gl\/a-guarda-preparase-para-a-semana-grande-das-festas-do-monte-2019\/"},"author":{"name":"Prensa A Guarda","@id":"https:\/\/www.turismoaguarda.es\/#\/schema\/person\/a8b0c27ad7bcbb6c19799e934727508e"},"headline":"Programaci\u00f3n de actividades na semana grande das Festas do Monte 2019","datePublished":"2019-08-05T11:40:24+00:00","dateModified":"2019-08-05T11:55:11+00:00","mainEntityOfPage":{"@id":"https:\/\/www.turismoaguarda.es\/gl\/a-guarda-preparase-para-a-semana-grande-das-festas-do-monte-2019\/"},"wordCount":414,"commentCount":0,"image":{"@id":"https:\/\/www.turismoaguarda.es\/gl\/a-guarda-preparase-para-a-semana-grande-das-festas-do-monte-2019\/#primaryimage"},"thumbnailUrl":"https:\/\/www.turismoaguarda.es\/wp-content\/uploads\/2019\/07\/NP-26072019-A-Guarda-prep\u00e1rase-para-a-semana-grande-das-Festas-do-Monte-2019.jpg","keywords":["A Guarda","festas do monte","turismo"],"articleSection":["Novas Turismo"],"inLanguage":"gl","potentialAction":[{"@type":"CommentAction","name":"Comment","target":["https:\/\/www.turismoaguarda.es\/gl\/a-guarda-preparase-para-a-semana-grande-das-festas-do-monte-2019\/#respond"]}]},{"@type":"WebPage","@id":"https:\/\/www.turismoaguarda.es\/gl\/a-guarda-preparase-para-a-semana-grande-das-festas-do-monte-2019\/","url":"https:\/\/www.turismoaguarda.es\/gl\/a-guarda-preparase-para-a-semana-grande-das-festas-do-monte-2019\/","name":"Programaci\u00f3n de actividades na semana grande das Festas do Monte 2019 | Turismo A Guarda","isPartOf":{"@id":"https:\/\/www.turismoaguarda.es\/#website"},"primaryImageOfPage":{"@id":"https:\/\/www.turismoaguarda.es\/gl\/a-guarda-preparase-para-a-semana-grande-das-festas-do-monte-2019\/#primaryimage"},"image":{"@id":"https:\/\/www.turismoaguarda.es\/gl\/a-guarda-preparase-para-a-semana-grande-das-festas-do-monte-2019\/#primaryimage"},"thumbnailUrl":"https:\/\/www.turismoaguarda.es\/wp-content\/uploads\/2019\/07\/NP-26072019-A-Guarda-prep\u00e1rase-para-a-semana-grande-das-Festas-do-Monte-2019.jpg","datePublished":"2019-08-05T11:40:24+00:00","dateModified":"2019-08-05T11:55:11+00:00","author":{"@id":"https:\/\/www.turismoaguarda.es\/#\/schema\/person\/a8b0c27ad7bcbb6c19799e934727508e"},"breadcrumb":{"@id":"https:\/\/www.turismoaguarda.es\/gl\/a-guarda-preparase-para-a-semana-grande-das-festas-do-monte-2019\/#breadcrumb"},"inLanguage":"gl","potentialAction":[{"@type":"ReadAction","target":["https:\/\/www.turismoaguarda.es\/gl\/a-guarda-preparase-para-a-semana-grande-das-festas-do-monte-2019\/"]}]},{"@type":"ImageObject","inLanguage":"gl","@id":"https:\/\/www.turismoaguarda.es\/gl\/a-guarda-preparase-para-a-semana-grande-das-festas-do-monte-2019\/#primaryimage","url":"https:\/\/www.turismoaguarda.es\/wp-content\/uploads\/2019\/07\/NP-26072019-A-Guarda-prep\u00e1rase-para-a-semana-grande-das-Festas-do-Monte-2019.jpg","contentUrl":"https:\/\/www.turismoaguarda.es\/wp-content\/uploads\/2019\/07\/NP-26072019-A-Guarda-prep\u00e1rase-para-a-semana-grande-das-Festas-do-Monte-2019.jpg","width":800,"height":577},{"@type":"BreadcrumbList","@id":"https:\/\/www.turismoaguarda.es\/gl\/a-guarda-preparase-para-a-semana-grande-das-festas-do-monte-2019\/#breadcrumb","itemListElement":[{"@type":"ListItem","position":1,"name":"Portada","item":"https:\/\/www.turismoaguarda.es\/gl\/"},{"@type":"ListItem","position":2,"name":"Programaci\u00f3n de actividades na semana grande das Festas do Monte 2019"}]},{"@type":"WebSite","@id":"https:\/\/www.turismoaguarda.es\/#website","url":"https:\/\/www.turismoaguarda.es\/","name":"Turismo A Guarda","description":"Informaci\u00f3n tur\u00edstica de A Guarda y alrededores.","potentialAction":[{"@type":"SearchAction","target":{"@type":"EntryPoint","urlTemplate":"https:\/\/www.turismoaguarda.es\/?s={search_term_string}"},"query-input":{"@type":"PropertyValueSpecification","valueRequired":true,"valueName":"search_term_string"}}],"inLanguage":"gl"},{"@type":"Person","@id":"https:\/\/www.turismoaguarda.es\/#\/schema\/person\/a8b0c27ad7bcbb6c19799e934727508e","name":"Prensa A Guarda","image":{"@type":"ImageObject","inLanguage":"gl","@id":"https:\/\/secure.gravatar.com\/avatar\/387e117f874ba5d0a3439060b45d914395d77287b2e4890a49d1599fc3ef9189?s=96&d=mm&r=g","url":"https:\/\/secure.gravatar.com\/avatar\/387e117f874ba5d0a3439060b45d914395d77287b2e4890a49d1599fc3ef9189?s=96&d=mm&r=g","contentUrl":"https:\/\/secure.gravatar.com\/avatar\/387e117f874ba5d0a3439060b45d914395d77287b2e4890a49d1599fc3ef9189?s=96&d=mm&r=g","caption":"Prensa A Guarda"},"url":"https:\/\/www.turismoaguarda.es\/gl\/author\/prensa\/"}]}},"_links":{"self":[{"href":"https:\/\/www.turismoaguarda.es\/gl\/wp-json\/wp\/v2\/posts\/11726","targetHints":{"allow":["GET"]}}],"collection":[{"href":"https:\/\/www.turismoaguarda.es\/gl\/wp-json\/wp\/v2\/posts"}],"about":[{"href":"https:\/\/www.turismoaguarda.es\/gl\/wp-json\/wp\/v2\/types\/post"}],"author":[{"embeddable":true,"href":"https:\/\/www.turismoaguarda.es\/gl\/wp-json\/wp\/v2\/users\/11"}],"replies":[{"embeddable":true,"href":"https:\/\/www.turismoaguarda.es\/gl\/wp-json\/wp\/v2\/comments?post=11726"}],"version-history":[{"count":8,"href":"https:\/\/www.turismoaguarda.es\/gl\/wp-json\/wp\/v2\/posts\/11726\/revisions"}],"predecessor-version":[{"id":11860,"href":"https:\/\/www.turismoaguarda.es\/gl\/wp-json\/wp\/v2\/posts\/11726\/revisions\/11860"}],"wp:featuredmedia":[{"embeddable":true,"href":"https:\/\/www.turismoaguarda.es\/gl\/wp-json\/wp\/v2\/media\/11720"}],"wp:attachment":[{"href":"https:\/\/www.turismoaguarda.es\/gl\/wp-json\/wp\/v2\/media?parent=11726"}],"wp:term":[{"taxonomy":"category","embeddable":true,"href":"https:\/\/www.turismoaguarda.es\/gl\/wp-json\/wp\/v2\/categories?post=11726"},{"taxonomy":"post_tag","embeddable":true,"href":"https:\/\/www.turismoaguarda.es\/gl\/wp-json\/wp\/v2\/tags?post=11726"}],"curies":[{"name":"wp","href":"https:\/\/api.w.org\/{rel}","templated":true}]}}