{"id":11408,"date":"2019-07-07T22:06:53","date_gmt":"2019-07-07T20:06:53","guid":{"rendered":"http:\/\/www.turismoaguarda.es\/?p=11408"},"modified":"2019-07-07T22:06:53","modified_gmt":"2019-07-07T20:06:53","slug":"os-meninos-pecharon-3-dias-de-festa-na-guarda-entorno-a-langosta-e-a-cocina-marineira","status":"publish","type":"post","link":"https:\/\/www.turismoaguarda.es\/gl\/os-meninos-pecharon-3-dias-de-festa-na-guarda-entorno-a-langosta-e-a-cocina-marineira\/","title":{"rendered":"Os Meninos pecharon 3 d\u00edas de festa na Guarda entorno \u00e1 Langosta e \u00e1 Coci\u00f1a Mari\u00f1eira"},"content":{"rendered":"<p style=\"text-align: justify;\">A Guarda acolleu esta fin de semana a XXIX edici\u00f3n da Festa da Langosta e da Coci\u00f1a Mari\u00f1eira, un evento gastron\u00f3mico que congrega a milleiros de persoas no Porto da Guarda e no que se degustaron ademais moitos pratos da Coci\u00f1a Mari\u00f1eira. En canto ao aspecto gastron\u00f3mico, a XXIX edici\u00f3n da Festa da Langosta e da Coci\u00f1a Mari\u00f1eira contou con 24 pratos da Coci\u00f1a Mari\u00f1eira encabezados pola Langosta, que ti\u00f1a un prezo de 25\u20ac.<\/p>\n<p style=\"text-align: justify;\">Contouse ademais con outros pratos como percebes, calamares, croquetas, empanadas, navallas, polbo, entre outros. Para a sobremesa un postre especial, a Rosca de Xema, acompa\u00f1ada tam\u00e9n dos bos caldos da D.O R\u00edas Baixas.<\/p>\n<p style=\"text-align: justify;\">A xornada do domingo da XXIX Festa da Langosta e da Coci\u00f1a Mari\u00f1eira arrancaba coa amenizaci\u00f3n musical do grupo O Treb\u00f3n dos Xidos e posterior pasarr\u00faas musical para nenos coa gamela guardesa.<\/p>\n<p style=\"text-align: justify;\">Cara ao mediod\u00eda continuaba a xornada cun concerto ac\u00fastico do grupo Awen e os comensais comezaban a encher por terceiro d\u00eda a carpa habilitada no Porto para a ocasi\u00f3n.<\/p>\n<p style=\"text-align: justify;\">Pola tarde houbo nesta xornada inchables acu\u00e1ticos para os m\u00e1is cativos, congregando a m\u00e1is dun cento de rapaces e rapazas.<\/p>\n<p style=\"text-align: justify;\">Tam\u00e9n pola tarde celebrouse unha actuaci\u00f3n infantil de Pako Pakolas co seu espect\u00e1culo \u00abContos, Cores e Rock\u00b4n\u00b4roll\u00bb.<\/p>\n<p style=\"text-align: justify;\">E xa para pechar esta XXIX edici\u00f3n, e como ven sendo habitual, celebrouse unha noite de fados coa actuaci\u00f3n de Os Meninos, tradici\u00f3n e modernidade no mundo da m\u00fasica portuguesa.<\/p>\n<p style=\"text-align: justify;\">A XXIX edici\u00f3n da Festa da Langosta e da Coci\u00f1a Mari\u00f1eira puxo o seu punto final a unha nova edici\u00f3n cargada de actividades e, sobre todo, boa gastronom\u00eda que propiciou unha excelente acollida de comensais, provenientes de toda a pen\u00ednsula, que non quixeron deixar pasar esta oportunidade para degustar os 24 pratos ofertados.<\/p>\n<p style=\"text-align: justify;\">Segundo datos recollidos dos restauradores participantes, en total serv\u00edronse preto de 500kg de langosta nos 3 d\u00edas de duraci\u00f3n desta edici\u00f3n, destacando a masiva afluencia de comensais o que provocou que se superaran novamente as previsi\u00f3ns e se esgotasen moitos dos 24 pratos ofertados.<\/p>\n<p style=\"text-align: justify;\">A Guarda despide a XXIX edici\u00f3n da Festa da Langosta e da Coci\u00f1a coma un evento plenamente consolidado, dando xa a benvida tam\u00e9n ao XIV Encontro de Embarcaci\u00f3ns Tradicionais de Galicia, que se celebra do 11 ao 14 de xullo. Precisamente este mediod\u00eda fac\u00edan a s\u00faa chegada boa parte das embarcaci\u00f3ns que participan neste encontro, nun convoi que partiu dende as Illas C\u00edes, despois de navegar dende diferentes puntos da xeograf\u00eda galega.<\/p>\n","protected":false},"excerpt":{"rendered":"<p>A Guarda acolleu esta fin de semana a XXIX edici\u00f3n da Festa da Langosta e da Coci\u00f1a Mari\u00f1eira, un evento gastron\u00f3mico que congrega a milleiros de persoas no Porto da Guarda e no que se degustaron ademais moitos pratos da Coci\u00f1a Mari\u00f1eira. En canto ao aspecto gastron\u00f3mico, a XXIX edici\u00f3n da Festa da Langosta e<\/p>\n<div class=\"padding-top text-center\"><a href=\"https:\/\/www.turismoaguarda.es\/gl\/os-meninos-pecharon-3-dias-de-festa-na-guarda-entorno-a-langosta-e-a-cocina-marineira\/\" class=\"atbtn atbtn--medium atbtn--rounded atbtn--transparent\">Leer m\u00e1is<i class=\"atbtn__icon atbtn__icon--right fa fa-long-arrow-right\"><\/i><\/a><\/div>\n","protected":false},"author":11,"featured_media":11409,"comment_status":"open","ping_status":"open","sticky":false,"template":"","format":"standard","meta":{"footnotes":""},"categories":[94],"tags":[170,604,579,171],"class_list":["post-11408","post","type-post","status-publish","format-standard","has-post-thumbnail","hentry","category-novas-turismo","tag-a-guarda-gl","tag-fiesta-de-la-langosta-gl","tag-gastronomia-gl","tag-turismo-gl"],"yoast_head":"<!-- This site is optimized with the Yoast SEO plugin v27.5 - https:\/\/yoast.com\/product\/yoast-seo-wordpress\/ -->\n<title>Os Meninos pecharon 3 d\u00edas de festa na Guarda entorno \u00e1 Langosta e \u00e1 Coci\u00f1a Mari\u00f1eira | Turismo A Guarda<\/title>\n<meta name=\"robots\" content=\"index, follow, max-snippet:-1, max-image-preview:large, max-video-preview:-1\" \/>\n<link rel=\"canonical\" href=\"https:\/\/www.turismoaguarda.es\/gl\/os-meninos-pecharon-3-dias-de-festa-na-guarda-entorno-a-langosta-e-a-cocina-marineira\/\" \/>\n<meta property=\"og:locale\" content=\"en_US\" \/>\n<meta property=\"og:type\" content=\"article\" \/>\n<meta property=\"og:title\" content=\"Os Meninos pecharon 3 d\u00edas de festa na Guarda entorno \u00e1 Langosta e \u00e1 Coci\u00f1a Mari\u00f1eira | Turismo A Guarda\" \/>\n<meta property=\"og:description\" content=\"A Guarda acolleu esta fin de semana a XXIX edici\u00f3n da Festa da Langosta e da Coci\u00f1a Mari\u00f1eira, un evento gastron\u00f3mico que congrega a milleiros de persoas no Porto da Guarda e no que se degustaron ademais moitos pratos da Coci\u00f1a Mari\u00f1eira. En canto ao aspecto gastron\u00f3mico, a XXIX edici\u00f3n da Festa da Langosta eLeer m\u00e1is\" \/>\n<meta property=\"og:url\" content=\"https:\/\/www.turismoaguarda.es\/gl\/os-meninos-pecharon-3-dias-de-festa-na-guarda-entorno-a-langosta-e-a-cocina-marineira\/\" \/>\n<meta property=\"og:site_name\" content=\"Turismo A Guarda\" \/>\n<meta property=\"article:publisher\" content=\"https:\/\/es-es.facebook.com\/Turismo-A-Guarda-126223240790625\/\" \/>\n<meta property=\"article:published_time\" content=\"2019-07-07T20:06:53+00:00\" \/>\n<meta property=\"og:image\" content=\"https:\/\/www.turismoaguarda.es\/wp-content\/uploads\/2019\/07\/NP-07072019-FESTA-DA-LANGOSTA-1.jpg\" \/>\n\t<meta property=\"og:image:width\" content=\"800\" \/>\n\t<meta property=\"og:image:height\" content=\"800\" \/>\n\t<meta property=\"og:image:type\" content=\"image\/jpeg\" \/>\n<meta name=\"author\" content=\"Prensa A Guarda\" \/>\n<meta name=\"twitter:card\" content=\"summary_large_image\" \/>\n<meta name=\"twitter:creator\" content=\"@TurismoAGuarda\" \/>\n<meta name=\"twitter:site\" content=\"@TurismoAGuarda\" \/>\n<meta name=\"twitter:label1\" content=\"Written by\" \/>\n\t<meta name=\"twitter:data1\" content=\"Prensa A Guarda\" \/>\n\t<meta name=\"twitter:label2\" content=\"Est. reading time\" \/>\n\t<meta name=\"twitter:data2\" content=\"2 minutes\" \/>\n<script type=\"application\/ld+json\" class=\"yoast-schema-graph\">{\"@context\":\"https:\\\/\\\/schema.org\",\"@graph\":[{\"@type\":\"Article\",\"@id\":\"https:\\\/\\\/www.turismoaguarda.es\\\/gl\\\/os-meninos-pecharon-3-dias-de-festa-na-guarda-entorno-a-langosta-e-a-cocina-marineira\\\/#article\",\"isPartOf\":{\"@id\":\"https:\\\/\\\/www.turismoaguarda.es\\\/gl\\\/os-meninos-pecharon-3-dias-de-festa-na-guarda-entorno-a-langosta-e-a-cocina-marineira\\\/\"},\"author\":{\"name\":\"Prensa A Guarda\",\"@id\":\"https:\\\/\\\/www.turismoaguarda.es\\\/#\\\/schema\\\/person\\\/a8b0c27ad7bcbb6c19799e934727508e\"},\"headline\":\"Os Meninos pecharon 3 d\u00edas de festa na Guarda entorno \u00e1 Langosta e \u00e1 Coci\u00f1a Mari\u00f1eira\",\"datePublished\":\"2019-07-07T20:06:53+00:00\",\"mainEntityOfPage\":{\"@id\":\"https:\\\/\\\/www.turismoaguarda.es\\\/gl\\\/os-meninos-pecharon-3-dias-de-festa-na-guarda-entorno-a-langosta-e-a-cocina-marineira\\\/\"},\"wordCount\":472,\"commentCount\":0,\"image\":{\"@id\":\"https:\\\/\\\/www.turismoaguarda.es\\\/gl\\\/os-meninos-pecharon-3-dias-de-festa-na-guarda-entorno-a-langosta-e-a-cocina-marineira\\\/#primaryimage\"},\"thumbnailUrl\":\"https:\\\/\\\/www.turismoaguarda.es\\\/wp-content\\\/uploads\\\/2019\\\/07\\\/NP-07072019-FESTA-DA-LANGOSTA-1.jpg\",\"keywords\":[\"A Guarda\",\"Fiesta de la Langosta\",\"gastronom\u00eda.\",\"turismo\"],\"articleSection\":[\"Novas Turismo\"],\"inLanguage\":\"gl\",\"potentialAction\":[{\"@type\":\"CommentAction\",\"name\":\"Comment\",\"target\":[\"https:\\\/\\\/www.turismoaguarda.es\\\/gl\\\/os-meninos-pecharon-3-dias-de-festa-na-guarda-entorno-a-langosta-e-a-cocina-marineira\\\/#respond\"]}]},{\"@type\":\"WebPage\",\"@id\":\"https:\\\/\\\/www.turismoaguarda.es\\\/gl\\\/os-meninos-pecharon-3-dias-de-festa-na-guarda-entorno-a-langosta-e-a-cocina-marineira\\\/\",\"url\":\"https:\\\/\\\/www.turismoaguarda.es\\\/gl\\\/os-meninos-pecharon-3-dias-de-festa-na-guarda-entorno-a-langosta-e-a-cocina-marineira\\\/\",\"name\":\"Os Meninos pecharon 3 d\u00edas de festa na Guarda entorno \u00e1 Langosta e \u00e1 Coci\u00f1a Mari\u00f1eira | Turismo A Guarda\",\"isPartOf\":{\"@id\":\"https:\\\/\\\/www.turismoaguarda.es\\\/#website\"},\"primaryImageOfPage\":{\"@id\":\"https:\\\/\\\/www.turismoaguarda.es\\\/gl\\\/os-meninos-pecharon-3-dias-de-festa-na-guarda-entorno-a-langosta-e-a-cocina-marineira\\\/#primaryimage\"},\"image\":{\"@id\":\"https:\\\/\\\/www.turismoaguarda.es\\\/gl\\\/os-meninos-pecharon-3-dias-de-festa-na-guarda-entorno-a-langosta-e-a-cocina-marineira\\\/#primaryimage\"},\"thumbnailUrl\":\"https:\\\/\\\/www.turismoaguarda.es\\\/wp-content\\\/uploads\\\/2019\\\/07\\\/NP-07072019-FESTA-DA-LANGOSTA-1.jpg\",\"datePublished\":\"2019-07-07T20:06:53+00:00\",\"author\":{\"@id\":\"https:\\\/\\\/www.turismoaguarda.es\\\/#\\\/schema\\\/person\\\/a8b0c27ad7bcbb6c19799e934727508e\"},\"breadcrumb\":{\"@id\":\"https:\\\/\\\/www.turismoaguarda.es\\\/gl\\\/os-meninos-pecharon-3-dias-de-festa-na-guarda-entorno-a-langosta-e-a-cocina-marineira\\\/#breadcrumb\"},\"inLanguage\":\"gl\",\"potentialAction\":[{\"@type\":\"ReadAction\",\"target\":[\"https:\\\/\\\/www.turismoaguarda.es\\\/gl\\\/os-meninos-pecharon-3-dias-de-festa-na-guarda-entorno-a-langosta-e-a-cocina-marineira\\\/\"]}]},{\"@type\":\"ImageObject\",\"inLanguage\":\"gl\",\"@id\":\"https:\\\/\\\/www.turismoaguarda.es\\\/gl\\\/os-meninos-pecharon-3-dias-de-festa-na-guarda-entorno-a-langosta-e-a-cocina-marineira\\\/#primaryimage\",\"url\":\"https:\\\/\\\/www.turismoaguarda.es\\\/wp-content\\\/uploads\\\/2019\\\/07\\\/NP-07072019-FESTA-DA-LANGOSTA-1.jpg\",\"contentUrl\":\"https:\\\/\\\/www.turismoaguarda.es\\\/wp-content\\\/uploads\\\/2019\\\/07\\\/NP-07072019-FESTA-DA-LANGOSTA-1.jpg\",\"width\":800,\"height\":800},{\"@type\":\"BreadcrumbList\",\"@id\":\"https:\\\/\\\/www.turismoaguarda.es\\\/gl\\\/os-meninos-pecharon-3-dias-de-festa-na-guarda-entorno-a-langosta-e-a-cocina-marineira\\\/#breadcrumb\",\"itemListElement\":[{\"@type\":\"ListItem\",\"position\":1,\"name\":\"Portada\",\"item\":\"https:\\\/\\\/www.turismoaguarda.es\\\/gl\\\/\"},{\"@type\":\"ListItem\",\"position\":2,\"name\":\"Os Meninos pecharon 3 d\u00edas de festa na Guarda entorno \u00e1 Langosta e \u00e1 Coci\u00f1a Mari\u00f1eira\"}]},{\"@type\":\"WebSite\",\"@id\":\"https:\\\/\\\/www.turismoaguarda.es\\\/#website\",\"url\":\"https:\\\/\\\/www.turismoaguarda.es\\\/\",\"name\":\"Turismo A Guarda\",\"description\":\"Informaci\u00f3n tur\u00edstica de A Guarda y alrededores.\",\"potentialAction\":[{\"@type\":\"SearchAction\",\"target\":{\"@type\":\"EntryPoint\",\"urlTemplate\":\"https:\\\/\\\/www.turismoaguarda.es\\\/?s={search_term_string}\"},\"query-input\":{\"@type\":\"PropertyValueSpecification\",\"valueRequired\":true,\"valueName\":\"search_term_string\"}}],\"inLanguage\":\"gl\"},{\"@type\":\"Person\",\"@id\":\"https:\\\/\\\/www.turismoaguarda.es\\\/#\\\/schema\\\/person\\\/a8b0c27ad7bcbb6c19799e934727508e\",\"name\":\"Prensa A Guarda\",\"image\":{\"@type\":\"ImageObject\",\"inLanguage\":\"gl\",\"@id\":\"https:\\\/\\\/secure.gravatar.com\\\/avatar\\\/387e117f874ba5d0a3439060b45d914395d77287b2e4890a49d1599fc3ef9189?s=96&d=mm&r=g\",\"url\":\"https:\\\/\\\/secure.gravatar.com\\\/avatar\\\/387e117f874ba5d0a3439060b45d914395d77287b2e4890a49d1599fc3ef9189?s=96&d=mm&r=g\",\"contentUrl\":\"https:\\\/\\\/secure.gravatar.com\\\/avatar\\\/387e117f874ba5d0a3439060b45d914395d77287b2e4890a49d1599fc3ef9189?s=96&d=mm&r=g\",\"caption\":\"Prensa A Guarda\"},\"url\":\"https:\\\/\\\/www.turismoaguarda.es\\\/gl\\\/author\\\/prensa\\\/\"}]}<\/script>\n<!-- \/ Yoast SEO plugin. -->","yoast_head_json":{"title":"Os Meninos pecharon 3 d\u00edas de festa na Guarda entorno \u00e1 Langosta e \u00e1 Coci\u00f1a Mari\u00f1eira | Turismo A Guarda","robots":{"index":"index","follow":"follow","max-snippet":"max-snippet:-1","max-image-preview":"max-image-preview:large","max-video-preview":"max-video-preview:-1"},"canonical":"https:\/\/www.turismoaguarda.es\/gl\/os-meninos-pecharon-3-dias-de-festa-na-guarda-entorno-a-langosta-e-a-cocina-marineira\/","og_locale":"en_US","og_type":"article","og_title":"Os Meninos pecharon 3 d\u00edas de festa na Guarda entorno \u00e1 Langosta e \u00e1 Coci\u00f1a Mari\u00f1eira | Turismo A Guarda","og_description":"A Guarda acolleu esta fin de semana a XXIX edici\u00f3n da Festa da Langosta e da Coci\u00f1a Mari\u00f1eira, un evento gastron\u00f3mico que congrega a milleiros de persoas no Porto da Guarda e no que se degustaron ademais moitos pratos da Coci\u00f1a Mari\u00f1eira. En canto ao aspecto gastron\u00f3mico, a XXIX edici\u00f3n da Festa da Langosta eLeer m\u00e1is","og_url":"https:\/\/www.turismoaguarda.es\/gl\/os-meninos-pecharon-3-dias-de-festa-na-guarda-entorno-a-langosta-e-a-cocina-marineira\/","og_site_name":"Turismo A Guarda","article_publisher":"https:\/\/es-es.facebook.com\/Turismo-A-Guarda-126223240790625\/","article_published_time":"2019-07-07T20:06:53+00:00","og_image":[{"width":800,"height":800,"url":"https:\/\/www.turismoaguarda.es\/wp-content\/uploads\/2019\/07\/NP-07072019-FESTA-DA-LANGOSTA-1.jpg","type":"image\/jpeg"}],"author":"Prensa A Guarda","twitter_card":"summary_large_image","twitter_creator":"@TurismoAGuarda","twitter_site":"@TurismoAGuarda","twitter_misc":{"Written by":"Prensa A Guarda","Est. reading time":"2 minutes"},"schema":{"@context":"https:\/\/schema.org","@graph":[{"@type":"Article","@id":"https:\/\/www.turismoaguarda.es\/gl\/os-meninos-pecharon-3-dias-de-festa-na-guarda-entorno-a-langosta-e-a-cocina-marineira\/#article","isPartOf":{"@id":"https:\/\/www.turismoaguarda.es\/gl\/os-meninos-pecharon-3-dias-de-festa-na-guarda-entorno-a-langosta-e-a-cocina-marineira\/"},"author":{"name":"Prensa A Guarda","@id":"https:\/\/www.turismoaguarda.es\/#\/schema\/person\/a8b0c27ad7bcbb6c19799e934727508e"},"headline":"Os Meninos pecharon 3 d\u00edas de festa na Guarda entorno \u00e1 Langosta e \u00e1 Coci\u00f1a Mari\u00f1eira","datePublished":"2019-07-07T20:06:53+00:00","mainEntityOfPage":{"@id":"https:\/\/www.turismoaguarda.es\/gl\/os-meninos-pecharon-3-dias-de-festa-na-guarda-entorno-a-langosta-e-a-cocina-marineira\/"},"wordCount":472,"commentCount":0,"image":{"@id":"https:\/\/www.turismoaguarda.es\/gl\/os-meninos-pecharon-3-dias-de-festa-na-guarda-entorno-a-langosta-e-a-cocina-marineira\/#primaryimage"},"thumbnailUrl":"https:\/\/www.turismoaguarda.es\/wp-content\/uploads\/2019\/07\/NP-07072019-FESTA-DA-LANGOSTA-1.jpg","keywords":["A Guarda","Fiesta de la Langosta","gastronom\u00eda.","turismo"],"articleSection":["Novas Turismo"],"inLanguage":"gl","potentialAction":[{"@type":"CommentAction","name":"Comment","target":["https:\/\/www.turismoaguarda.es\/gl\/os-meninos-pecharon-3-dias-de-festa-na-guarda-entorno-a-langosta-e-a-cocina-marineira\/#respond"]}]},{"@type":"WebPage","@id":"https:\/\/www.turismoaguarda.es\/gl\/os-meninos-pecharon-3-dias-de-festa-na-guarda-entorno-a-langosta-e-a-cocina-marineira\/","url":"https:\/\/www.turismoaguarda.es\/gl\/os-meninos-pecharon-3-dias-de-festa-na-guarda-entorno-a-langosta-e-a-cocina-marineira\/","name":"Os Meninos pecharon 3 d\u00edas de festa na Guarda entorno \u00e1 Langosta e \u00e1 Coci\u00f1a Mari\u00f1eira | Turismo A Guarda","isPartOf":{"@id":"https:\/\/www.turismoaguarda.es\/#website"},"primaryImageOfPage":{"@id":"https:\/\/www.turismoaguarda.es\/gl\/os-meninos-pecharon-3-dias-de-festa-na-guarda-entorno-a-langosta-e-a-cocina-marineira\/#primaryimage"},"image":{"@id":"https:\/\/www.turismoaguarda.es\/gl\/os-meninos-pecharon-3-dias-de-festa-na-guarda-entorno-a-langosta-e-a-cocina-marineira\/#primaryimage"},"thumbnailUrl":"https:\/\/www.turismoaguarda.es\/wp-content\/uploads\/2019\/07\/NP-07072019-FESTA-DA-LANGOSTA-1.jpg","datePublished":"2019-07-07T20:06:53+00:00","author":{"@id":"https:\/\/www.turismoaguarda.es\/#\/schema\/person\/a8b0c27ad7bcbb6c19799e934727508e"},"breadcrumb":{"@id":"https:\/\/www.turismoaguarda.es\/gl\/os-meninos-pecharon-3-dias-de-festa-na-guarda-entorno-a-langosta-e-a-cocina-marineira\/#breadcrumb"},"inLanguage":"gl","potentialAction":[{"@type":"ReadAction","target":["https:\/\/www.turismoaguarda.es\/gl\/os-meninos-pecharon-3-dias-de-festa-na-guarda-entorno-a-langosta-e-a-cocina-marineira\/"]}]},{"@type":"ImageObject","inLanguage":"gl","@id":"https:\/\/www.turismoaguarda.es\/gl\/os-meninos-pecharon-3-dias-de-festa-na-guarda-entorno-a-langosta-e-a-cocina-marineira\/#primaryimage","url":"https:\/\/www.turismoaguarda.es\/wp-content\/uploads\/2019\/07\/NP-07072019-FESTA-DA-LANGOSTA-1.jpg","contentUrl":"https:\/\/www.turismoaguarda.es\/wp-content\/uploads\/2019\/07\/NP-07072019-FESTA-DA-LANGOSTA-1.jpg","width":800,"height":800},{"@type":"BreadcrumbList","@id":"https:\/\/www.turismoaguarda.es\/gl\/os-meninos-pecharon-3-dias-de-festa-na-guarda-entorno-a-langosta-e-a-cocina-marineira\/#breadcrumb","itemListElement":[{"@type":"ListItem","position":1,"name":"Portada","item":"https:\/\/www.turismoaguarda.es\/gl\/"},{"@type":"ListItem","position":2,"name":"Os Meninos pecharon 3 d\u00edas de festa na Guarda entorno \u00e1 Langosta e \u00e1 Coci\u00f1a Mari\u00f1eira"}]},{"@type":"WebSite","@id":"https:\/\/www.turismoaguarda.es\/#website","url":"https:\/\/www.turismoaguarda.es\/","name":"Turismo A Guarda","description":"Informaci\u00f3n tur\u00edstica de A Guarda y alrededores.","potentialAction":[{"@type":"SearchAction","target":{"@type":"EntryPoint","urlTemplate":"https:\/\/www.turismoaguarda.es\/?s={search_term_string}"},"query-input":{"@type":"PropertyValueSpecification","valueRequired":true,"valueName":"search_term_string"}}],"inLanguage":"gl"},{"@type":"Person","@id":"https:\/\/www.turismoaguarda.es\/#\/schema\/person\/a8b0c27ad7bcbb6c19799e934727508e","name":"Prensa A Guarda","image":{"@type":"ImageObject","inLanguage":"gl","@id":"https:\/\/secure.gravatar.com\/avatar\/387e117f874ba5d0a3439060b45d914395d77287b2e4890a49d1599fc3ef9189?s=96&d=mm&r=g","url":"https:\/\/secure.gravatar.com\/avatar\/387e117f874ba5d0a3439060b45d914395d77287b2e4890a49d1599fc3ef9189?s=96&d=mm&r=g","contentUrl":"https:\/\/secure.gravatar.com\/avatar\/387e117f874ba5d0a3439060b45d914395d77287b2e4890a49d1599fc3ef9189?s=96&d=mm&r=g","caption":"Prensa A Guarda"},"url":"https:\/\/www.turismoaguarda.es\/gl\/author\/prensa\/"}]}},"_links":{"self":[{"href":"https:\/\/www.turismoaguarda.es\/gl\/wp-json\/wp\/v2\/posts\/11408","targetHints":{"allow":["GET"]}}],"collection":[{"href":"https:\/\/www.turismoaguarda.es\/gl\/wp-json\/wp\/v2\/posts"}],"about":[{"href":"https:\/\/www.turismoaguarda.es\/gl\/wp-json\/wp\/v2\/types\/post"}],"author":[{"embeddable":true,"href":"https:\/\/www.turismoaguarda.es\/gl\/wp-json\/wp\/v2\/users\/11"}],"replies":[{"embeddable":true,"href":"https:\/\/www.turismoaguarda.es\/gl\/wp-json\/wp\/v2\/comments?post=11408"}],"version-history":[{"count":1,"href":"https:\/\/www.turismoaguarda.es\/gl\/wp-json\/wp\/v2\/posts\/11408\/revisions"}],"predecessor-version":[{"id":11412,"href":"https:\/\/www.turismoaguarda.es\/gl\/wp-json\/wp\/v2\/posts\/11408\/revisions\/11412"}],"wp:featuredmedia":[{"embeddable":true,"href":"https:\/\/www.turismoaguarda.es\/gl\/wp-json\/wp\/v2\/media\/11409"}],"wp:attachment":[{"href":"https:\/\/www.turismoaguarda.es\/gl\/wp-json\/wp\/v2\/media?parent=11408"}],"wp:term":[{"taxonomy":"category","embeddable":true,"href":"https:\/\/www.turismoaguarda.es\/gl\/wp-json\/wp\/v2\/categories?post=11408"},{"taxonomy":"post_tag","embeddable":true,"href":"https:\/\/www.turismoaguarda.es\/gl\/wp-json\/wp\/v2\/tags?post=11408"}],"curies":[{"name":"wp","href":"https:\/\/api.w.org\/{rel}","templated":true}]}}