{"id":10942,"date":"2019-06-14T15:50:28","date_gmt":"2019-06-14T13:50:28","guid":{"rendered":"http:\/\/www.turismoaguarda.es\/?p=10942"},"modified":"2019-06-14T15:51:12","modified_gmt":"2019-06-14T13:51:12","slug":"novo-horario-do-centro-de-interpretacion-do-castelo-de-santa-cruz-2","status":"publish","type":"post","link":"https:\/\/www.turismoaguarda.es\/gl\/novo-horario-do-centro-de-interpretacion-do-castelo-de-santa-cruz-2\/","title":{"rendered":"Novo horario do Centro de Interpretaci\u00f3n do Castelo de Santa Cruz"},"content":{"rendered":"<p style=\"text-align: justify;\">A partires desta fin de semana o Centro de Interpretaci\u00f3n do Castelo de Santa Cruz da Guarda abre novamente as s\u00faas portas todas as fins de semana e festivos en horario de 11:00h a 14:00h e de 18:00h a 21:00h.<\/p>\n<p style=\"text-align: justify;\">Este horario manterase ata o 15 de setembro.<\/p>\n<p style=\"text-align: justify;\">O Centro de Interpretaci\u00f3n do Castelo de Santa Cruz conta con paneis informativos que facilitan a comprensi\u00f3n do contexto hist\u00f3rico e o papel desempe\u00f1ado pola fortaleza de A Guarda no sistema de fortalezas abaluartadas transfronteirizas.<\/p>\n<p style=\"text-align: justify;\">Tasas de acceso:<br \/>\n\u2022 1\u20ac adultos<br \/>\n\u2022 0,5\u20ac menores de 14 anos<br \/>\n\u2022 Gratu\u00edto o primeiro s\u00e1bado de cada mes e o d\u00eda dos Museos(18 de maio).<\/p>\n","protected":false},"excerpt":{"rendered":"<p>A partires desta fin de semana o Centro de Interpretaci\u00f3n do Castelo de Santa Cruz da Guarda abre novamente as s\u00faas portas todas as fins de semana e festivos en horario de 11:00h a 14:00h e de 18:00h a 21:00h. Este horario manterase ata o 15 de setembro. O Centro de Interpretaci\u00f3n do Castelo de<\/p>\n<div class=\"padding-top text-center\"><a href=\"https:\/\/www.turismoaguarda.es\/gl\/novo-horario-do-centro-de-interpretacion-do-castelo-de-santa-cruz-2\/\" class=\"atbtn atbtn--medium atbtn--rounded atbtn--transparent\">Leer m\u00e1is<i class=\"atbtn__icon atbtn__icon--right fa fa-long-arrow-right\"><\/i><\/a><\/div>\n","protected":false},"author":11,"featured_media":10949,"comment_status":"open","ping_status":"open","sticky":false,"template":"","format":"standard","meta":{"footnotes":""},"categories":[94],"tags":[170,225,347,971],"class_list":["post-10942","post","type-post","status-publish","format-standard","has-post-thumbnail","hentry","category-novas-turismo","tag-a-guarda-gl","tag-castelo-de-santa-cruz-gl","tag-centro-de-interpretacion-gl","tag-horario-gl"],"yoast_head":"<!-- This site is optimized with the Yoast SEO plugin v27.5 - https:\/\/yoast.com\/product\/yoast-seo-wordpress\/ -->\n<title>Novo horario do Centro de Interpretaci\u00f3n do Castelo de Santa Cruz | Turismo A Guarda<\/title>\n<meta name=\"robots\" content=\"index, follow, max-snippet:-1, max-image-preview:large, max-video-preview:-1\" \/>\n<link rel=\"canonical\" href=\"https:\/\/www.turismoaguarda.es\/gl\/novo-horario-do-centro-de-interpretacion-do-castelo-de-santa-cruz-2\/\" \/>\n<meta property=\"og:locale\" content=\"en_US\" \/>\n<meta property=\"og:type\" content=\"article\" \/>\n<meta property=\"og:title\" content=\"Novo horario do Centro de Interpretaci\u00f3n do Castelo de Santa Cruz | Turismo A Guarda\" \/>\n<meta property=\"og:description\" content=\"A partires desta fin de semana o Centro de Interpretaci\u00f3n do Castelo de Santa Cruz da Guarda abre novamente as s\u00faas portas todas as fins de semana e festivos en horario de 11:00h a 14:00h e de 18:00h a 21:00h. Este horario manterase ata o 15 de setembro. O Centro de Interpretaci\u00f3n do Castelo deLeer m\u00e1is\" \/>\n<meta property=\"og:url\" content=\"https:\/\/www.turismoaguarda.es\/gl\/novo-horario-do-centro-de-interpretacion-do-castelo-de-santa-cruz-2\/\" \/>\n<meta property=\"og:site_name\" content=\"Turismo A Guarda\" \/>\n<meta property=\"article:publisher\" content=\"https:\/\/es-es.facebook.com\/Turismo-A-Guarda-126223240790625\/\" \/>\n<meta property=\"article:published_time\" content=\"2019-06-14T13:50:28+00:00\" \/>\n<meta property=\"article:modified_time\" content=\"2019-06-14T13:51:12+00:00\" \/>\n<meta property=\"og:image\" content=\"https:\/\/www.turismoaguarda.es\/wp-content\/uploads\/2019\/06\/NP-13062019-Novo-horario-do-Centro-de-Interpretaci\u00f3n-do-Castelo-de-Santa-Cruz-1-1.jpg\" \/>\n\t<meta property=\"og:image:width\" content=\"800\" \/>\n\t<meta property=\"og:image:height\" content=\"565\" \/>\n\t<meta property=\"og:image:type\" content=\"image\/jpeg\" \/>\n<meta name=\"author\" content=\"Prensa A Guarda\" \/>\n<meta name=\"twitter:card\" content=\"summary_large_image\" \/>\n<meta name=\"twitter:creator\" content=\"@TurismoAGuarda\" \/>\n<meta name=\"twitter:site\" content=\"@TurismoAGuarda\" \/>\n<meta name=\"twitter:label1\" content=\"Written by\" \/>\n\t<meta name=\"twitter:data1\" content=\"Prensa A Guarda\" \/>\n\t<meta name=\"twitter:label2\" content=\"Est. reading time\" \/>\n\t<meta name=\"twitter:data2\" content=\"1 minute\" \/>\n<script type=\"application\/ld+json\" class=\"yoast-schema-graph\">{\"@context\":\"https:\\\/\\\/schema.org\",\"@graph\":[{\"@type\":\"Article\",\"@id\":\"https:\\\/\\\/www.turismoaguarda.es\\\/gl\\\/novo-horario-do-centro-de-interpretacion-do-castelo-de-santa-cruz-2\\\/#article\",\"isPartOf\":{\"@id\":\"https:\\\/\\\/www.turismoaguarda.es\\\/gl\\\/novo-horario-do-centro-de-interpretacion-do-castelo-de-santa-cruz-2\\\/\"},\"author\":{\"name\":\"Prensa A Guarda\",\"@id\":\"https:\\\/\\\/www.turismoaguarda.es\\\/#\\\/schema\\\/person\\\/a8b0c27ad7bcbb6c19799e934727508e\"},\"headline\":\"Novo horario do Centro de Interpretaci\u00f3n do Castelo de Santa Cruz\",\"datePublished\":\"2019-06-14T13:50:28+00:00\",\"dateModified\":\"2019-06-14T13:51:12+00:00\",\"mainEntityOfPage\":{\"@id\":\"https:\\\/\\\/www.turismoaguarda.es\\\/gl\\\/novo-horario-do-centro-de-interpretacion-do-castelo-de-santa-cruz-2\\\/\"},\"wordCount\":124,\"commentCount\":0,\"image\":{\"@id\":\"https:\\\/\\\/www.turismoaguarda.es\\\/gl\\\/novo-horario-do-centro-de-interpretacion-do-castelo-de-santa-cruz-2\\\/#primaryimage\"},\"thumbnailUrl\":\"https:\\\/\\\/www.turismoaguarda.es\\\/wp-content\\\/uploads\\\/2019\\\/06\\\/NP-13062019-Novo-horario-do-Centro-de-Interpretaci\u00f3n-do-Castelo-de-Santa-Cruz-1-1.jpg\",\"keywords\":[\"A Guarda\",\"Castelo de Santa Cruz\",\"Centro de Interpretaci\u00f3n\",\"horario\"],\"articleSection\":[\"Novas Turismo\"],\"inLanguage\":\"gl\",\"potentialAction\":[{\"@type\":\"CommentAction\",\"name\":\"Comment\",\"target\":[\"https:\\\/\\\/www.turismoaguarda.es\\\/gl\\\/novo-horario-do-centro-de-interpretacion-do-castelo-de-santa-cruz-2\\\/#respond\"]}]},{\"@type\":\"WebPage\",\"@id\":\"https:\\\/\\\/www.turismoaguarda.es\\\/gl\\\/novo-horario-do-centro-de-interpretacion-do-castelo-de-santa-cruz-2\\\/\",\"url\":\"https:\\\/\\\/www.turismoaguarda.es\\\/gl\\\/novo-horario-do-centro-de-interpretacion-do-castelo-de-santa-cruz-2\\\/\",\"name\":\"Novo horario do Centro de Interpretaci\u00f3n do Castelo de Santa Cruz | Turismo A Guarda\",\"isPartOf\":{\"@id\":\"https:\\\/\\\/www.turismoaguarda.es\\\/#website\"},\"primaryImageOfPage\":{\"@id\":\"https:\\\/\\\/www.turismoaguarda.es\\\/gl\\\/novo-horario-do-centro-de-interpretacion-do-castelo-de-santa-cruz-2\\\/#primaryimage\"},\"image\":{\"@id\":\"https:\\\/\\\/www.turismoaguarda.es\\\/gl\\\/novo-horario-do-centro-de-interpretacion-do-castelo-de-santa-cruz-2\\\/#primaryimage\"},\"thumbnailUrl\":\"https:\\\/\\\/www.turismoaguarda.es\\\/wp-content\\\/uploads\\\/2019\\\/06\\\/NP-13062019-Novo-horario-do-Centro-de-Interpretaci\u00f3n-do-Castelo-de-Santa-Cruz-1-1.jpg\",\"datePublished\":\"2019-06-14T13:50:28+00:00\",\"dateModified\":\"2019-06-14T13:51:12+00:00\",\"author\":{\"@id\":\"https:\\\/\\\/www.turismoaguarda.es\\\/#\\\/schema\\\/person\\\/a8b0c27ad7bcbb6c19799e934727508e\"},\"breadcrumb\":{\"@id\":\"https:\\\/\\\/www.turismoaguarda.es\\\/gl\\\/novo-horario-do-centro-de-interpretacion-do-castelo-de-santa-cruz-2\\\/#breadcrumb\"},\"inLanguage\":\"gl\",\"potentialAction\":[{\"@type\":\"ReadAction\",\"target\":[\"https:\\\/\\\/www.turismoaguarda.es\\\/gl\\\/novo-horario-do-centro-de-interpretacion-do-castelo-de-santa-cruz-2\\\/\"]}]},{\"@type\":\"ImageObject\",\"inLanguage\":\"gl\",\"@id\":\"https:\\\/\\\/www.turismoaguarda.es\\\/gl\\\/novo-horario-do-centro-de-interpretacion-do-castelo-de-santa-cruz-2\\\/#primaryimage\",\"url\":\"https:\\\/\\\/www.turismoaguarda.es\\\/wp-content\\\/uploads\\\/2019\\\/06\\\/NP-13062019-Novo-horario-do-Centro-de-Interpretaci\u00f3n-do-Castelo-de-Santa-Cruz-1-1.jpg\",\"contentUrl\":\"https:\\\/\\\/www.turismoaguarda.es\\\/wp-content\\\/uploads\\\/2019\\\/06\\\/NP-13062019-Novo-horario-do-Centro-de-Interpretaci\u00f3n-do-Castelo-de-Santa-Cruz-1-1.jpg\",\"width\":800,\"height\":565},{\"@type\":\"BreadcrumbList\",\"@id\":\"https:\\\/\\\/www.turismoaguarda.es\\\/gl\\\/novo-horario-do-centro-de-interpretacion-do-castelo-de-santa-cruz-2\\\/#breadcrumb\",\"itemListElement\":[{\"@type\":\"ListItem\",\"position\":1,\"name\":\"Portada\",\"item\":\"https:\\\/\\\/www.turismoaguarda.es\\\/gl\\\/\"},{\"@type\":\"ListItem\",\"position\":2,\"name\":\"Novo horario do Centro de Interpretaci\u00f3n do Castelo de Santa Cruz\"}]},{\"@type\":\"WebSite\",\"@id\":\"https:\\\/\\\/www.turismoaguarda.es\\\/#website\",\"url\":\"https:\\\/\\\/www.turismoaguarda.es\\\/\",\"name\":\"Turismo A Guarda\",\"description\":\"Informaci\u00f3n tur\u00edstica de A Guarda y alrededores.\",\"potentialAction\":[{\"@type\":\"SearchAction\",\"target\":{\"@type\":\"EntryPoint\",\"urlTemplate\":\"https:\\\/\\\/www.turismoaguarda.es\\\/?s={search_term_string}\"},\"query-input\":{\"@type\":\"PropertyValueSpecification\",\"valueRequired\":true,\"valueName\":\"search_term_string\"}}],\"inLanguage\":\"gl\"},{\"@type\":\"Person\",\"@id\":\"https:\\\/\\\/www.turismoaguarda.es\\\/#\\\/schema\\\/person\\\/a8b0c27ad7bcbb6c19799e934727508e\",\"name\":\"Prensa A Guarda\",\"image\":{\"@type\":\"ImageObject\",\"inLanguage\":\"gl\",\"@id\":\"https:\\\/\\\/secure.gravatar.com\\\/avatar\\\/387e117f874ba5d0a3439060b45d914395d77287b2e4890a49d1599fc3ef9189?s=96&d=mm&r=g\",\"url\":\"https:\\\/\\\/secure.gravatar.com\\\/avatar\\\/387e117f874ba5d0a3439060b45d914395d77287b2e4890a49d1599fc3ef9189?s=96&d=mm&r=g\",\"contentUrl\":\"https:\\\/\\\/secure.gravatar.com\\\/avatar\\\/387e117f874ba5d0a3439060b45d914395d77287b2e4890a49d1599fc3ef9189?s=96&d=mm&r=g\",\"caption\":\"Prensa A Guarda\"},\"url\":\"https:\\\/\\\/www.turismoaguarda.es\\\/gl\\\/author\\\/prensa\\\/\"}]}<\/script>\n<!-- \/ Yoast SEO plugin. -->","yoast_head_json":{"title":"Novo horario do Centro de Interpretaci\u00f3n do Castelo de Santa Cruz | Turismo A Guarda","robots":{"index":"index","follow":"follow","max-snippet":"max-snippet:-1","max-image-preview":"max-image-preview:large","max-video-preview":"max-video-preview:-1"},"canonical":"https:\/\/www.turismoaguarda.es\/gl\/novo-horario-do-centro-de-interpretacion-do-castelo-de-santa-cruz-2\/","og_locale":"en_US","og_type":"article","og_title":"Novo horario do Centro de Interpretaci\u00f3n do Castelo de Santa Cruz | Turismo A Guarda","og_description":"A partires desta fin de semana o Centro de Interpretaci\u00f3n do Castelo de Santa Cruz da Guarda abre novamente as s\u00faas portas todas as fins de semana e festivos en horario de 11:00h a 14:00h e de 18:00h a 21:00h. Este horario manterase ata o 15 de setembro. O Centro de Interpretaci\u00f3n do Castelo deLeer m\u00e1is","og_url":"https:\/\/www.turismoaguarda.es\/gl\/novo-horario-do-centro-de-interpretacion-do-castelo-de-santa-cruz-2\/","og_site_name":"Turismo A Guarda","article_publisher":"https:\/\/es-es.facebook.com\/Turismo-A-Guarda-126223240790625\/","article_published_time":"2019-06-14T13:50:28+00:00","article_modified_time":"2019-06-14T13:51:12+00:00","og_image":[{"width":800,"height":565,"url":"https:\/\/www.turismoaguarda.es\/wp-content\/uploads\/2019\/06\/NP-13062019-Novo-horario-do-Centro-de-Interpretaci\u00f3n-do-Castelo-de-Santa-Cruz-1-1.jpg","type":"image\/jpeg"}],"author":"Prensa A Guarda","twitter_card":"summary_large_image","twitter_creator":"@TurismoAGuarda","twitter_site":"@TurismoAGuarda","twitter_misc":{"Written by":"Prensa A Guarda","Est. reading time":"1 minute"},"schema":{"@context":"https:\/\/schema.org","@graph":[{"@type":"Article","@id":"https:\/\/www.turismoaguarda.es\/gl\/novo-horario-do-centro-de-interpretacion-do-castelo-de-santa-cruz-2\/#article","isPartOf":{"@id":"https:\/\/www.turismoaguarda.es\/gl\/novo-horario-do-centro-de-interpretacion-do-castelo-de-santa-cruz-2\/"},"author":{"name":"Prensa A Guarda","@id":"https:\/\/www.turismoaguarda.es\/#\/schema\/person\/a8b0c27ad7bcbb6c19799e934727508e"},"headline":"Novo horario do Centro de Interpretaci\u00f3n do Castelo de Santa Cruz","datePublished":"2019-06-14T13:50:28+00:00","dateModified":"2019-06-14T13:51:12+00:00","mainEntityOfPage":{"@id":"https:\/\/www.turismoaguarda.es\/gl\/novo-horario-do-centro-de-interpretacion-do-castelo-de-santa-cruz-2\/"},"wordCount":124,"commentCount":0,"image":{"@id":"https:\/\/www.turismoaguarda.es\/gl\/novo-horario-do-centro-de-interpretacion-do-castelo-de-santa-cruz-2\/#primaryimage"},"thumbnailUrl":"https:\/\/www.turismoaguarda.es\/wp-content\/uploads\/2019\/06\/NP-13062019-Novo-horario-do-Centro-de-Interpretaci\u00f3n-do-Castelo-de-Santa-Cruz-1-1.jpg","keywords":["A Guarda","Castelo de Santa Cruz","Centro de Interpretaci\u00f3n","horario"],"articleSection":["Novas Turismo"],"inLanguage":"gl","potentialAction":[{"@type":"CommentAction","name":"Comment","target":["https:\/\/www.turismoaguarda.es\/gl\/novo-horario-do-centro-de-interpretacion-do-castelo-de-santa-cruz-2\/#respond"]}]},{"@type":"WebPage","@id":"https:\/\/www.turismoaguarda.es\/gl\/novo-horario-do-centro-de-interpretacion-do-castelo-de-santa-cruz-2\/","url":"https:\/\/www.turismoaguarda.es\/gl\/novo-horario-do-centro-de-interpretacion-do-castelo-de-santa-cruz-2\/","name":"Novo horario do Centro de Interpretaci\u00f3n do Castelo de Santa Cruz | Turismo A Guarda","isPartOf":{"@id":"https:\/\/www.turismoaguarda.es\/#website"},"primaryImageOfPage":{"@id":"https:\/\/www.turismoaguarda.es\/gl\/novo-horario-do-centro-de-interpretacion-do-castelo-de-santa-cruz-2\/#primaryimage"},"image":{"@id":"https:\/\/www.turismoaguarda.es\/gl\/novo-horario-do-centro-de-interpretacion-do-castelo-de-santa-cruz-2\/#primaryimage"},"thumbnailUrl":"https:\/\/www.turismoaguarda.es\/wp-content\/uploads\/2019\/06\/NP-13062019-Novo-horario-do-Centro-de-Interpretaci\u00f3n-do-Castelo-de-Santa-Cruz-1-1.jpg","datePublished":"2019-06-14T13:50:28+00:00","dateModified":"2019-06-14T13:51:12+00:00","author":{"@id":"https:\/\/www.turismoaguarda.es\/#\/schema\/person\/a8b0c27ad7bcbb6c19799e934727508e"},"breadcrumb":{"@id":"https:\/\/www.turismoaguarda.es\/gl\/novo-horario-do-centro-de-interpretacion-do-castelo-de-santa-cruz-2\/#breadcrumb"},"inLanguage":"gl","potentialAction":[{"@type":"ReadAction","target":["https:\/\/www.turismoaguarda.es\/gl\/novo-horario-do-centro-de-interpretacion-do-castelo-de-santa-cruz-2\/"]}]},{"@type":"ImageObject","inLanguage":"gl","@id":"https:\/\/www.turismoaguarda.es\/gl\/novo-horario-do-centro-de-interpretacion-do-castelo-de-santa-cruz-2\/#primaryimage","url":"https:\/\/www.turismoaguarda.es\/wp-content\/uploads\/2019\/06\/NP-13062019-Novo-horario-do-Centro-de-Interpretaci\u00f3n-do-Castelo-de-Santa-Cruz-1-1.jpg","contentUrl":"https:\/\/www.turismoaguarda.es\/wp-content\/uploads\/2019\/06\/NP-13062019-Novo-horario-do-Centro-de-Interpretaci\u00f3n-do-Castelo-de-Santa-Cruz-1-1.jpg","width":800,"height":565},{"@type":"BreadcrumbList","@id":"https:\/\/www.turismoaguarda.es\/gl\/novo-horario-do-centro-de-interpretacion-do-castelo-de-santa-cruz-2\/#breadcrumb","itemListElement":[{"@type":"ListItem","position":1,"name":"Portada","item":"https:\/\/www.turismoaguarda.es\/gl\/"},{"@type":"ListItem","position":2,"name":"Novo horario do Centro de Interpretaci\u00f3n do Castelo de Santa Cruz"}]},{"@type":"WebSite","@id":"https:\/\/www.turismoaguarda.es\/#website","url":"https:\/\/www.turismoaguarda.es\/","name":"Turismo A Guarda","description":"Informaci\u00f3n tur\u00edstica de A Guarda y alrededores.","potentialAction":[{"@type":"SearchAction","target":{"@type":"EntryPoint","urlTemplate":"https:\/\/www.turismoaguarda.es\/?s={search_term_string}"},"query-input":{"@type":"PropertyValueSpecification","valueRequired":true,"valueName":"search_term_string"}}],"inLanguage":"gl"},{"@type":"Person","@id":"https:\/\/www.turismoaguarda.es\/#\/schema\/person\/a8b0c27ad7bcbb6c19799e934727508e","name":"Prensa A Guarda","image":{"@type":"ImageObject","inLanguage":"gl","@id":"https:\/\/secure.gravatar.com\/avatar\/387e117f874ba5d0a3439060b45d914395d77287b2e4890a49d1599fc3ef9189?s=96&d=mm&r=g","url":"https:\/\/secure.gravatar.com\/avatar\/387e117f874ba5d0a3439060b45d914395d77287b2e4890a49d1599fc3ef9189?s=96&d=mm&r=g","contentUrl":"https:\/\/secure.gravatar.com\/avatar\/387e117f874ba5d0a3439060b45d914395d77287b2e4890a49d1599fc3ef9189?s=96&d=mm&r=g","caption":"Prensa A Guarda"},"url":"https:\/\/www.turismoaguarda.es\/gl\/author\/prensa\/"}]}},"_links":{"self":[{"href":"https:\/\/www.turismoaguarda.es\/gl\/wp-json\/wp\/v2\/posts\/10942","targetHints":{"allow":["GET"]}}],"collection":[{"href":"https:\/\/www.turismoaguarda.es\/gl\/wp-json\/wp\/v2\/posts"}],"about":[{"href":"https:\/\/www.turismoaguarda.es\/gl\/wp-json\/wp\/v2\/types\/post"}],"author":[{"embeddable":true,"href":"https:\/\/www.turismoaguarda.es\/gl\/wp-json\/wp\/v2\/users\/11"}],"replies":[{"embeddable":true,"href":"https:\/\/www.turismoaguarda.es\/gl\/wp-json\/wp\/v2\/comments?post=10942"}],"version-history":[{"count":1,"href":"https:\/\/www.turismoaguarda.es\/gl\/wp-json\/wp\/v2\/posts\/10942\/revisions"}],"predecessor-version":[{"id":10952,"href":"https:\/\/www.turismoaguarda.es\/gl\/wp-json\/wp\/v2\/posts\/10942\/revisions\/10952"}],"wp:featuredmedia":[{"embeddable":true,"href":"https:\/\/www.turismoaguarda.es\/gl\/wp-json\/wp\/v2\/media\/10949"}],"wp:attachment":[{"href":"https:\/\/www.turismoaguarda.es\/gl\/wp-json\/wp\/v2\/media?parent=10942"}],"wp:term":[{"taxonomy":"category","embeddable":true,"href":"https:\/\/www.turismoaguarda.es\/gl\/wp-json\/wp\/v2\/categories?post=10942"},{"taxonomy":"post_tag","embeddable":true,"href":"https:\/\/www.turismoaguarda.es\/gl\/wp-json\/wp\/v2\/tags?post=10942"}],"curies":[{"name":"wp","href":"https:\/\/api.w.org\/{rel}","templated":true}]}}