{"id":10881,"date":"2019-06-10T12:45:36","date_gmt":"2019-06-10T10:45:36","guid":{"rendered":"http:\/\/www.turismoaguarda.es\/?p=10881"},"modified":"2019-06-10T12:45:36","modified_gmt":"2019-06-10T10:45:36","slug":"festa-da-langosta-e-da-cocina-marineira-2","status":"publish","type":"post","link":"https:\/\/www.turismoaguarda.es\/gl\/festa-da-langosta-e-da-cocina-marineira-2\/","title":{"rendered":"Festa da Langosta e da Coci\u00f1a Mari\u00f1eira"},"content":{"rendered":"<div class=\"wpb_text_column wpb_content_element \">\n<div class=\"wpb_wrapper\">\n<div class=\"wpb_text_column wpb_content_element \">\n<div class=\"wpb_wrapper\">\n<ul>\n<li><u>En 2019<\/u>: 5, 6 e 7 de xullo.<\/li>\n<li><u>Lugar<\/u>: Porto<\/li>\n<li><u>Organiza<\/u>: Concello da Guarda<\/li>\n<li><u>Destaca<\/u>: No porto e baixo unha carpa p\u00f3dese degustar a langosta e outros pratos mari\u00f1eros.<\/li>\n<\/ul>\n<p lang=\"gl-ES\" align=\"JUSTIFY\">Festa de Galicia de Interese Tur\u00edstico.<\/p>\n<p lang=\"gl-ES\" align=\"JUSTIFY\">A calidade reco\u00f1ecida da gastronom\u00eda guardesa traduciuse en 1991 coa primeira Festa da Lagosta. Desde esta primeira edici\u00f3n a gran afluencia de visitantes aseguro o \u00e9xito da festa.<\/p>\n<p lang=\"gl-ES\" align=\"JUSTIFY\">Co paso dos anos a festa foi crecendo en d\u00edas de celebraci\u00f3n e a variedade de produtos do mar e doces que permitiron aumentar a oferta gastron\u00f3mica e as\u00ed chegar a todos os gustos. Deste xeito conseguiuse revalorizar a festa.<\/p>\n<p lang=\"gl-ES\" align=\"JUSTIFY\">No porto inst\u00e1lase unha carpa de 1.000 m\u00b2 con mesas e cadeiras para que os asistentes poidan degustar comodamente da lagosta e demais pratos. Cada ano a oferta de animaci\u00f3n e entretemento para adultos e pequenos multipl\u00edcase cun amplo e variado programa con actuaci\u00f3ns de m\u00fasica, eventos deportivos e culturais, animaci\u00f3n infantil, etc.<\/p>\n<\/div>\n<\/div>\n<\/div>\n<\/div>\n","protected":false},"excerpt":{"rendered":"<p>En 2019: 5, 6 e 7 de xullo. Lugar: Porto Organiza: Concello da Guarda Destaca: No porto e baixo unha carpa p\u00f3dese degustar a langosta e outros pratos mari\u00f1eros. Festa de Galicia de Interese Tur\u00edstico. A calidade reco\u00f1ecida da gastronom\u00eda guardesa traduciuse en 1991 coa primeira Festa da Lagosta. Desde esta primeira edici\u00f3n a gran<\/p>\n<div class=\"padding-top text-center\"><a href=\"https:\/\/www.turismoaguarda.es\/gl\/festa-da-langosta-e-da-cocina-marineira-2\/\" class=\"atbtn atbtn--medium atbtn--rounded atbtn--transparent\">Leer m\u00e1is<i class=\"atbtn__icon atbtn__icon--right fa fa-long-arrow-right\"><\/i><\/a><\/div>\n","protected":false},"author":11,"featured_media":10879,"comment_status":"open","ping_status":"open","sticky":false,"template":"","format":"standard","meta":{"footnotes":""},"categories":[94],"tags":[170,604,579,942],"class_list":["post-10881","post","type-post","status-publish","format-standard","has-post-thumbnail","hentry","category-novas-turismo","tag-a-guarda-gl","tag-fiesta-de-la-langosta-gl","tag-gastronomia-gl","tag-langosta-gl"],"yoast_head":"<!-- This site is optimized with the Yoast SEO plugin v27.5 - https:\/\/yoast.com\/product\/yoast-seo-wordpress\/ -->\n<title>Festa da Langosta e da Coci\u00f1a Mari\u00f1eira | Turismo A Guarda<\/title>\n<meta name=\"robots\" content=\"index, follow, max-snippet:-1, max-image-preview:large, max-video-preview:-1\" \/>\n<link rel=\"canonical\" href=\"https:\/\/www.turismoaguarda.es\/gl\/festa-da-langosta-e-da-cocina-marineira-2\/\" \/>\n<meta property=\"og:locale\" content=\"en_US\" \/>\n<meta property=\"og:type\" content=\"article\" \/>\n<meta property=\"og:title\" content=\"Festa da Langosta e da Coci\u00f1a Mari\u00f1eira | Turismo A Guarda\" \/>\n<meta property=\"og:description\" content=\"En 2019: 5, 6 e 7 de xullo. Lugar: Porto Organiza: Concello da Guarda Destaca: No porto e baixo unha carpa p\u00f3dese degustar a langosta e outros pratos mari\u00f1eros. Festa de Galicia de Interese Tur\u00edstico. A calidade reco\u00f1ecida da gastronom\u00eda guardesa traduciuse en 1991 coa primeira Festa da Lagosta. Desde esta primeira edici\u00f3n a granLeer m\u00e1is\" \/>\n<meta property=\"og:url\" content=\"https:\/\/www.turismoaguarda.es\/gl\/festa-da-langosta-e-da-cocina-marineira-2\/\" \/>\n<meta property=\"og:site_name\" content=\"Turismo A Guarda\" \/>\n<meta property=\"article:publisher\" content=\"https:\/\/es-es.facebook.com\/Turismo-A-Guarda-126223240790625\/\" \/>\n<meta property=\"article:published_time\" content=\"2019-06-10T10:45:36+00:00\" \/>\n<meta property=\"og:image\" content=\"https:\/\/www.turismoaguarda.es\/wp-content\/uploads\/2019\/06\/Sin-t\u00edtulo-2.jpg\" \/>\n\t<meta property=\"og:image:width\" content=\"800\" \/>\n\t<meta property=\"og:image:height\" content=\"1200\" \/>\n\t<meta property=\"og:image:type\" content=\"image\/jpeg\" \/>\n<meta name=\"author\" content=\"Prensa A Guarda\" \/>\n<meta name=\"twitter:card\" content=\"summary_large_image\" \/>\n<meta name=\"twitter:creator\" content=\"@TurismoAGuarda\" \/>\n<meta name=\"twitter:site\" content=\"@TurismoAGuarda\" \/>\n<meta name=\"twitter:label1\" content=\"Written by\" \/>\n\t<meta name=\"twitter:data1\" content=\"Prensa A Guarda\" \/>\n\t<meta name=\"twitter:label2\" content=\"Est. reading time\" \/>\n\t<meta name=\"twitter:data2\" content=\"1 minute\" \/>\n<script type=\"application\/ld+json\" class=\"yoast-schema-graph\">{\"@context\":\"https:\\\/\\\/schema.org\",\"@graph\":[{\"@type\":\"Article\",\"@id\":\"https:\\\/\\\/www.turismoaguarda.es\\\/gl\\\/festa-da-langosta-e-da-cocina-marineira-2\\\/#article\",\"isPartOf\":{\"@id\":\"https:\\\/\\\/www.turismoaguarda.es\\\/gl\\\/festa-da-langosta-e-da-cocina-marineira-2\\\/\"},\"author\":{\"name\":\"Prensa A Guarda\",\"@id\":\"https:\\\/\\\/www.turismoaguarda.es\\\/#\\\/schema\\\/person\\\/a8b0c27ad7bcbb6c19799e934727508e\"},\"headline\":\"Festa da Langosta e da Coci\u00f1a Mari\u00f1eira\",\"datePublished\":\"2019-06-10T10:45:36+00:00\",\"mainEntityOfPage\":{\"@id\":\"https:\\\/\\\/www.turismoaguarda.es\\\/gl\\\/festa-da-langosta-e-da-cocina-marineira-2\\\/\"},\"wordCount\":174,\"commentCount\":0,\"image\":{\"@id\":\"https:\\\/\\\/www.turismoaguarda.es\\\/gl\\\/festa-da-langosta-e-da-cocina-marineira-2\\\/#primaryimage\"},\"thumbnailUrl\":\"https:\\\/\\\/www.turismoaguarda.es\\\/wp-content\\\/uploads\\\/2019\\\/06\\\/Sin-t\u00edtulo-2.jpg\",\"keywords\":[\"A Guarda\",\"Fiesta de la Langosta\",\"gastronom\u00eda.\",\"langosta\"],\"articleSection\":[\"Novas Turismo\"],\"inLanguage\":\"gl\",\"potentialAction\":[{\"@type\":\"CommentAction\",\"name\":\"Comment\",\"target\":[\"https:\\\/\\\/www.turismoaguarda.es\\\/gl\\\/festa-da-langosta-e-da-cocina-marineira-2\\\/#respond\"]}]},{\"@type\":\"WebPage\",\"@id\":\"https:\\\/\\\/www.turismoaguarda.es\\\/gl\\\/festa-da-langosta-e-da-cocina-marineira-2\\\/\",\"url\":\"https:\\\/\\\/www.turismoaguarda.es\\\/gl\\\/festa-da-langosta-e-da-cocina-marineira-2\\\/\",\"name\":\"Festa da Langosta e da Coci\u00f1a Mari\u00f1eira | Turismo A Guarda\",\"isPartOf\":{\"@id\":\"https:\\\/\\\/www.turismoaguarda.es\\\/#website\"},\"primaryImageOfPage\":{\"@id\":\"https:\\\/\\\/www.turismoaguarda.es\\\/gl\\\/festa-da-langosta-e-da-cocina-marineira-2\\\/#primaryimage\"},\"image\":{\"@id\":\"https:\\\/\\\/www.turismoaguarda.es\\\/gl\\\/festa-da-langosta-e-da-cocina-marineira-2\\\/#primaryimage\"},\"thumbnailUrl\":\"https:\\\/\\\/www.turismoaguarda.es\\\/wp-content\\\/uploads\\\/2019\\\/06\\\/Sin-t\u00edtulo-2.jpg\",\"datePublished\":\"2019-06-10T10:45:36+00:00\",\"author\":{\"@id\":\"https:\\\/\\\/www.turismoaguarda.es\\\/#\\\/schema\\\/person\\\/a8b0c27ad7bcbb6c19799e934727508e\"},\"breadcrumb\":{\"@id\":\"https:\\\/\\\/www.turismoaguarda.es\\\/gl\\\/festa-da-langosta-e-da-cocina-marineira-2\\\/#breadcrumb\"},\"inLanguage\":\"gl\",\"potentialAction\":[{\"@type\":\"ReadAction\",\"target\":[\"https:\\\/\\\/www.turismoaguarda.es\\\/gl\\\/festa-da-langosta-e-da-cocina-marineira-2\\\/\"]}]},{\"@type\":\"ImageObject\",\"inLanguage\":\"gl\",\"@id\":\"https:\\\/\\\/www.turismoaguarda.es\\\/gl\\\/festa-da-langosta-e-da-cocina-marineira-2\\\/#primaryimage\",\"url\":\"https:\\\/\\\/www.turismoaguarda.es\\\/wp-content\\\/uploads\\\/2019\\\/06\\\/Sin-t\u00edtulo-2.jpg\",\"contentUrl\":\"https:\\\/\\\/www.turismoaguarda.es\\\/wp-content\\\/uploads\\\/2019\\\/06\\\/Sin-t\u00edtulo-2.jpg\",\"width\":800,\"height\":1200},{\"@type\":\"BreadcrumbList\",\"@id\":\"https:\\\/\\\/www.turismoaguarda.es\\\/gl\\\/festa-da-langosta-e-da-cocina-marineira-2\\\/#breadcrumb\",\"itemListElement\":[{\"@type\":\"ListItem\",\"position\":1,\"name\":\"Portada\",\"item\":\"https:\\\/\\\/www.turismoaguarda.es\\\/gl\\\/\"},{\"@type\":\"ListItem\",\"position\":2,\"name\":\"Festa da Langosta e da Coci\u00f1a Mari\u00f1eira\"}]},{\"@type\":\"WebSite\",\"@id\":\"https:\\\/\\\/www.turismoaguarda.es\\\/#website\",\"url\":\"https:\\\/\\\/www.turismoaguarda.es\\\/\",\"name\":\"Turismo A Guarda\",\"description\":\"Informaci\u00f3n tur\u00edstica de A Guarda y alrededores.\",\"potentialAction\":[{\"@type\":\"SearchAction\",\"target\":{\"@type\":\"EntryPoint\",\"urlTemplate\":\"https:\\\/\\\/www.turismoaguarda.es\\\/?s={search_term_string}\"},\"query-input\":{\"@type\":\"PropertyValueSpecification\",\"valueRequired\":true,\"valueName\":\"search_term_string\"}}],\"inLanguage\":\"gl\"},{\"@type\":\"Person\",\"@id\":\"https:\\\/\\\/www.turismoaguarda.es\\\/#\\\/schema\\\/person\\\/a8b0c27ad7bcbb6c19799e934727508e\",\"name\":\"Prensa A Guarda\",\"image\":{\"@type\":\"ImageObject\",\"inLanguage\":\"gl\",\"@id\":\"https:\\\/\\\/secure.gravatar.com\\\/avatar\\\/387e117f874ba5d0a3439060b45d914395d77287b2e4890a49d1599fc3ef9189?s=96&d=mm&r=g\",\"url\":\"https:\\\/\\\/secure.gravatar.com\\\/avatar\\\/387e117f874ba5d0a3439060b45d914395d77287b2e4890a49d1599fc3ef9189?s=96&d=mm&r=g\",\"contentUrl\":\"https:\\\/\\\/secure.gravatar.com\\\/avatar\\\/387e117f874ba5d0a3439060b45d914395d77287b2e4890a49d1599fc3ef9189?s=96&d=mm&r=g\",\"caption\":\"Prensa A Guarda\"},\"url\":\"https:\\\/\\\/www.turismoaguarda.es\\\/gl\\\/author\\\/prensa\\\/\"}]}<\/script>\n<!-- \/ Yoast SEO plugin. -->","yoast_head_json":{"title":"Festa da Langosta e da Coci\u00f1a Mari\u00f1eira | Turismo A Guarda","robots":{"index":"index","follow":"follow","max-snippet":"max-snippet:-1","max-image-preview":"max-image-preview:large","max-video-preview":"max-video-preview:-1"},"canonical":"https:\/\/www.turismoaguarda.es\/gl\/festa-da-langosta-e-da-cocina-marineira-2\/","og_locale":"en_US","og_type":"article","og_title":"Festa da Langosta e da Coci\u00f1a Mari\u00f1eira | Turismo A Guarda","og_description":"En 2019: 5, 6 e 7 de xullo. Lugar: Porto Organiza: Concello da Guarda Destaca: No porto e baixo unha carpa p\u00f3dese degustar a langosta e outros pratos mari\u00f1eros. Festa de Galicia de Interese Tur\u00edstico. A calidade reco\u00f1ecida da gastronom\u00eda guardesa traduciuse en 1991 coa primeira Festa da Lagosta. Desde esta primeira edici\u00f3n a granLeer m\u00e1is","og_url":"https:\/\/www.turismoaguarda.es\/gl\/festa-da-langosta-e-da-cocina-marineira-2\/","og_site_name":"Turismo A Guarda","article_publisher":"https:\/\/es-es.facebook.com\/Turismo-A-Guarda-126223240790625\/","article_published_time":"2019-06-10T10:45:36+00:00","og_image":[{"width":800,"height":1200,"url":"https:\/\/www.turismoaguarda.es\/wp-content\/uploads\/2019\/06\/Sin-t\u00edtulo-2.jpg","type":"image\/jpeg"}],"author":"Prensa A Guarda","twitter_card":"summary_large_image","twitter_creator":"@TurismoAGuarda","twitter_site":"@TurismoAGuarda","twitter_misc":{"Written by":"Prensa A Guarda","Est. reading time":"1 minute"},"schema":{"@context":"https:\/\/schema.org","@graph":[{"@type":"Article","@id":"https:\/\/www.turismoaguarda.es\/gl\/festa-da-langosta-e-da-cocina-marineira-2\/#article","isPartOf":{"@id":"https:\/\/www.turismoaguarda.es\/gl\/festa-da-langosta-e-da-cocina-marineira-2\/"},"author":{"name":"Prensa A Guarda","@id":"https:\/\/www.turismoaguarda.es\/#\/schema\/person\/a8b0c27ad7bcbb6c19799e934727508e"},"headline":"Festa da Langosta e da Coci\u00f1a Mari\u00f1eira","datePublished":"2019-06-10T10:45:36+00:00","mainEntityOfPage":{"@id":"https:\/\/www.turismoaguarda.es\/gl\/festa-da-langosta-e-da-cocina-marineira-2\/"},"wordCount":174,"commentCount":0,"image":{"@id":"https:\/\/www.turismoaguarda.es\/gl\/festa-da-langosta-e-da-cocina-marineira-2\/#primaryimage"},"thumbnailUrl":"https:\/\/www.turismoaguarda.es\/wp-content\/uploads\/2019\/06\/Sin-t\u00edtulo-2.jpg","keywords":["A Guarda","Fiesta de la Langosta","gastronom\u00eda.","langosta"],"articleSection":["Novas Turismo"],"inLanguage":"gl","potentialAction":[{"@type":"CommentAction","name":"Comment","target":["https:\/\/www.turismoaguarda.es\/gl\/festa-da-langosta-e-da-cocina-marineira-2\/#respond"]}]},{"@type":"WebPage","@id":"https:\/\/www.turismoaguarda.es\/gl\/festa-da-langosta-e-da-cocina-marineira-2\/","url":"https:\/\/www.turismoaguarda.es\/gl\/festa-da-langosta-e-da-cocina-marineira-2\/","name":"Festa da Langosta e da Coci\u00f1a Mari\u00f1eira | Turismo A Guarda","isPartOf":{"@id":"https:\/\/www.turismoaguarda.es\/#website"},"primaryImageOfPage":{"@id":"https:\/\/www.turismoaguarda.es\/gl\/festa-da-langosta-e-da-cocina-marineira-2\/#primaryimage"},"image":{"@id":"https:\/\/www.turismoaguarda.es\/gl\/festa-da-langosta-e-da-cocina-marineira-2\/#primaryimage"},"thumbnailUrl":"https:\/\/www.turismoaguarda.es\/wp-content\/uploads\/2019\/06\/Sin-t\u00edtulo-2.jpg","datePublished":"2019-06-10T10:45:36+00:00","author":{"@id":"https:\/\/www.turismoaguarda.es\/#\/schema\/person\/a8b0c27ad7bcbb6c19799e934727508e"},"breadcrumb":{"@id":"https:\/\/www.turismoaguarda.es\/gl\/festa-da-langosta-e-da-cocina-marineira-2\/#breadcrumb"},"inLanguage":"gl","potentialAction":[{"@type":"ReadAction","target":["https:\/\/www.turismoaguarda.es\/gl\/festa-da-langosta-e-da-cocina-marineira-2\/"]}]},{"@type":"ImageObject","inLanguage":"gl","@id":"https:\/\/www.turismoaguarda.es\/gl\/festa-da-langosta-e-da-cocina-marineira-2\/#primaryimage","url":"https:\/\/www.turismoaguarda.es\/wp-content\/uploads\/2019\/06\/Sin-t\u00edtulo-2.jpg","contentUrl":"https:\/\/www.turismoaguarda.es\/wp-content\/uploads\/2019\/06\/Sin-t\u00edtulo-2.jpg","width":800,"height":1200},{"@type":"BreadcrumbList","@id":"https:\/\/www.turismoaguarda.es\/gl\/festa-da-langosta-e-da-cocina-marineira-2\/#breadcrumb","itemListElement":[{"@type":"ListItem","position":1,"name":"Portada","item":"https:\/\/www.turismoaguarda.es\/gl\/"},{"@type":"ListItem","position":2,"name":"Festa da Langosta e da Coci\u00f1a Mari\u00f1eira"}]},{"@type":"WebSite","@id":"https:\/\/www.turismoaguarda.es\/#website","url":"https:\/\/www.turismoaguarda.es\/","name":"Turismo A Guarda","description":"Informaci\u00f3n tur\u00edstica de A Guarda y alrededores.","potentialAction":[{"@type":"SearchAction","target":{"@type":"EntryPoint","urlTemplate":"https:\/\/www.turismoaguarda.es\/?s={search_term_string}"},"query-input":{"@type":"PropertyValueSpecification","valueRequired":true,"valueName":"search_term_string"}}],"inLanguage":"gl"},{"@type":"Person","@id":"https:\/\/www.turismoaguarda.es\/#\/schema\/person\/a8b0c27ad7bcbb6c19799e934727508e","name":"Prensa A Guarda","image":{"@type":"ImageObject","inLanguage":"gl","@id":"https:\/\/secure.gravatar.com\/avatar\/387e117f874ba5d0a3439060b45d914395d77287b2e4890a49d1599fc3ef9189?s=96&d=mm&r=g","url":"https:\/\/secure.gravatar.com\/avatar\/387e117f874ba5d0a3439060b45d914395d77287b2e4890a49d1599fc3ef9189?s=96&d=mm&r=g","contentUrl":"https:\/\/secure.gravatar.com\/avatar\/387e117f874ba5d0a3439060b45d914395d77287b2e4890a49d1599fc3ef9189?s=96&d=mm&r=g","caption":"Prensa A Guarda"},"url":"https:\/\/www.turismoaguarda.es\/gl\/author\/prensa\/"}]}},"_links":{"self":[{"href":"https:\/\/www.turismoaguarda.es\/gl\/wp-json\/wp\/v2\/posts\/10881","targetHints":{"allow":["GET"]}}],"collection":[{"href":"https:\/\/www.turismoaguarda.es\/gl\/wp-json\/wp\/v2\/posts"}],"about":[{"href":"https:\/\/www.turismoaguarda.es\/gl\/wp-json\/wp\/v2\/types\/post"}],"author":[{"embeddable":true,"href":"https:\/\/www.turismoaguarda.es\/gl\/wp-json\/wp\/v2\/users\/11"}],"replies":[{"embeddable":true,"href":"https:\/\/www.turismoaguarda.es\/gl\/wp-json\/wp\/v2\/comments?post=10881"}],"version-history":[{"count":1,"href":"https:\/\/www.turismoaguarda.es\/gl\/wp-json\/wp\/v2\/posts\/10881\/revisions"}],"predecessor-version":[{"id":10882,"href":"https:\/\/www.turismoaguarda.es\/gl\/wp-json\/wp\/v2\/posts\/10881\/revisions\/10882"}],"wp:featuredmedia":[{"embeddable":true,"href":"https:\/\/www.turismoaguarda.es\/gl\/wp-json\/wp\/v2\/media\/10879"}],"wp:attachment":[{"href":"https:\/\/www.turismoaguarda.es\/gl\/wp-json\/wp\/v2\/media?parent=10881"}],"wp:term":[{"taxonomy":"category","embeddable":true,"href":"https:\/\/www.turismoaguarda.es\/gl\/wp-json\/wp\/v2\/categories?post=10881"},{"taxonomy":"post_tag","embeddable":true,"href":"https:\/\/www.turismoaguarda.es\/gl\/wp-json\/wp\/v2\/tags?post=10881"}],"curies":[{"name":"wp","href":"https:\/\/api.w.org\/{rel}","templated":true}]}}