{"id":10821,"date":"2019-06-07T19:06:34","date_gmt":"2019-06-07T17:06:34","guid":{"rendered":"http:\/\/www.turismoaguarda.es\/?p=10821"},"modified":"2019-06-07T20:49:14","modified_gmt":"2019-06-07T18:49:14","slug":"rematan-os-traballos-de-escavacion-do-cuncheiro-do-monte-trega-na-guarda","status":"publish","type":"post","link":"https:\/\/www.turismoaguarda.es\/gl\/rematan-os-traballos-de-escavacion-do-cuncheiro-do-monte-trega-na-guarda\/","title":{"rendered":"Rematan os traballos de Escavaci\u00f3n do Cuncheiro do Monte Trega na Guarda"},"content":{"rendered":"<p>[vc_row][vc_column][vc_column_text]<\/p>\n<p style=\"text-align: justify;\">O Concello da Guarda promoveu, baixo a direcci\u00f3n de Brais X. Curr\u00e1s da Universidade de Coimbra (CEAACP), un Proxecto de Escavaci\u00f3n, An\u00e1lise e Sinalizaci\u00f3n do Cuncheiro do Monte Trega.<\/p>\n<p style=\"text-align: justify;\">O proxecto de escavaci\u00f3n foi executado polos arque\u00f3logos da empresa Terra Arqueos, mentres que para o estudo do material do cuncheiro contarase co grupo de investigaci\u00f3n en zooarqueolox\u00eda da Universidade de Le\u00f3n con Carlos Fern\u00e1ndez Rodr\u00edguez \u00e1 fronte, e m\u00e1is co Grupo de Investigaci\u00f3n en Arqueobiolog\u00eda do CSIC, con Marta Moreno.<\/p>\n<p style=\"text-align: justify;\">Xunto \u00e1 porta de entrada no castro do Monte Trega desde o sur cons\u00e9rvanse os restos un antigo cuncheiro, un espazo onde os habitantes do poboado botaban os restos da s\u00faa produci\u00f3n. Composto fundamentalmente por cunchas, conserva tam\u00e9n restos de osos e espi\u00f1as de peixe, e tam\u00e9n outras evidencias como restos cer\u00e1micos ou met\u00e1licos e calquera outro tipo de refugallo. As condici\u00f3ns artificiais que crea o propio cuncheiro, m\u00e1is favorables que o chan \u00e1cido do substrato gran\u00edtico, permiten que eventualmente se poidan conservar tam\u00e9n outro tipo de restos como pode ser, por exemplo, a madeira.<\/p>\n<p style=\"text-align: justify;\">O que non \u00e9 m\u00e1is que un vertedoiro para as persoas que viviron no Trega, \u00e9 hoxe para n\u00f3s un tesouro e unha fonte de informaci\u00f3n de valor incalculable.<\/p>\n<p style=\"text-align: justify;\">A trav\u00e9s do estudo dos cuncheiros podemos saber moito da vida coti\u00e1 das xentes que viviron nos castros. Sabemos que tipo de animais criaban, que especies cazaban, e como eran as pr\u00e1cticas de pesca e marisqueo. Deste xeito, podemos chegar a saber os lugares ata onde se desprazaban desde o poboado para captar os seus recursos.<\/p>\n<p style=\"text-align: justify;\">Logo de varias semanas de traballo a equipa de investigadores desprazados ata o Trega remata a escavaci\u00f3n, uns traballos que permitiron redescubrir as escavaci\u00f3ns realizadas nos anos 30 por Mergelina, e que agora, deixan \u00e1 vista a muralla e a porta sur do castro.<\/p>\n<p style=\"text-align: justify;\"><a href=\"http:\/\/www.turismoaguarda.es\/?attachment_id=10828&#038;lang=gl\" rel=\"attachment wp-att-10828\"><img loading=\"lazy\" decoding=\"async\" class=\"size-full wp-image-10828 aligncenter\" src=\"http:\/\/www.turismoaguarda.es\/wp-content\/uploads\/2019\/06\/NP-07062019-Rematan-os-traballos-de-Escavaci\u00f3n-do-Cuncheiro-do-Monte-Trega-na-Guarda-4-1.jpg\" alt=\"\" width=\"800\" height=\"533\" srcset=\"https:\/\/www.turismoaguarda.es\/wp-content\/uploads\/2019\/06\/NP-07062019-Rematan-os-traballos-de-Escavaci\u00f3n-do-Cuncheiro-do-Monte-Trega-na-Guarda-4-1.jpg 800w, https:\/\/www.turismoaguarda.es\/wp-content\/uploads\/2019\/06\/NP-07062019-Rematan-os-traballos-de-Escavaci\u00f3n-do-Cuncheiro-do-Monte-Trega-na-Guarda-4-1-300x200.jpg 300w, https:\/\/www.turismoaguarda.es\/wp-content\/uploads\/2019\/06\/NP-07062019-Rematan-os-traballos-de-Escavaci\u00f3n-do-Cuncheiro-do-Monte-Trega-na-Guarda-4-1-768x512.jpg 768w, https:\/\/www.turismoaguarda.es\/wp-content\/uploads\/2019\/06\/NP-07062019-Rematan-os-traballos-de-Escavaci\u00f3n-do-Cuncheiro-do-Monte-Trega-na-Guarda-4-1-150x100.jpg 150w, https:\/\/www.turismoaguarda.es\/wp-content\/uploads\/2019\/06\/NP-07062019-Rematan-os-traballos-de-Escavaci\u00f3n-do-Cuncheiro-do-Monte-Trega-na-Guarda-4-1-500x333.jpg 500w\" sizes=\"auto, (max-width: 800px) 100vw, 800px\" \/><\/a>A an\u00e1lise polo mi\u00fado das especies tam\u00e9n nos di moito sobre as pr\u00e1cticas de consumo. Podemos chegar a comprender se o gando vac\u00fan se empregaba para produci\u00f3n c\u00e1rnica, como forza de tiro ou para o aproveitamento do leite. O tama\u00f1o dos animais nos informa sobre o grado de desenvolvemento gandeiro. Podemos saber cal era a importancia da caza -si \u00e9 que ti\u00f1a algunha-, etc.<\/p>\n<p style=\"text-align: justify;\">O estudo da evoluci\u00f3n dun cuncheiro no tempo, en suma, pode ser unha mostra representativa do proceso hist\u00f3rico de configuraci\u00f3n e evoluci\u00f3n das comunidades castrexas desde a Idade do Ferro ata a s\u00faa submisi\u00f3n ao poder de Roma e das transformaci\u00f3ns que implica para as formas de produci\u00f3n e consumo.<\/p>\n<p style=\"text-align: justify;\">Mediante a sondaxe aberta, conseguiuse documentar o cuncheiro do castro, onde os seus habitantes botaban o lixo, documentando ademais o momento de construcci\u00f3n da s\u00faa muralla.<\/p>\n<p style=\"text-align: justify;\">Este proxecto naceu co prop\u00f3sito de crear un recurso concibido como ferramenta para a promoci\u00f3n dun turismo sustentable e de calidade, e como medio cultural e social. Un proxecto que ofrece resultados e beneficios a diferentes niveis. Por unha banda, xerando novos co\u00f1ecementos cient\u00edficos a partir da an\u00e1lise do rexistro arqueol\u00f3xico, no marco dun programa de investigaci\u00f3ns e actuaci\u00f3ns arqueol\u00f3xicas. En segundo lugar, asumindo a necesidade da transferencia cient\u00edfica como un obxectivo prioritario, os resultados a investigaci\u00f3n repercutir\u00e1n na creaci\u00f3n de medios para a posta en valor das evidencias arqueol\u00f3xicas.<\/p>\n<p style=\"text-align: justify;\">A execuci\u00f3n do proxecto permit\u00edu levar a cabo a limpeza da vexetaci\u00f3n da porta sur do castro do Monte Trega, a realizaci\u00f3n dunha sondaxe arqueol\u00f3xica, un estudo da arqueofauna, o levantamento fotogram\u00e9trico das estruturas escavadas e a instalaci\u00f3n de paneis informativos.<\/p>\n<p style=\"text-align: justify;\">Agora \u00e1brese unha segunda fase de investigaci\u00f3n no laboratorio, onde os arque\u00f3logos van a estudar os restos recollidos no cuncheiro para ver que tipo de animais e marisco consum\u00edan.<\/p>\n<p style=\"text-align: justify;\">Neste proxecto participou un equipo humano composto por 10 persoas entre direcci\u00f3n, equipo t\u00e9cnico, de restauraci\u00f3n e de an\u00e1lise da paleofauna, contando cun orzamento que supera os 15.000\u20ac, subvencionado polo Concello da Guarda e a trav\u00e9s das axudas para a rehabilitaci\u00f3n e a sinalizaci\u00f3n do patrimonio hist\u00f3rico-cultural da Deputaci\u00f3n de Pontevedra.<\/p>\n<p style=\"text-align: center;\"><a href=\"http:\/\/www.turismoaguarda.es\/?attachment_id=10822&#038;lang=gl\" rel=\"attachment wp-att-10822\"><img loading=\"lazy\" decoding=\"async\" class=\"size-full wp-image-10822 aligncenter\" src=\"http:\/\/www.turismoaguarda.es\/wp-content\/uploads\/2019\/06\/NP-07062019-Rematan-os-traballos-de-Escavaci\u00f3n-do-Cuncheiro-do-Monte-Trega-na-Guarda-5-1.jpg\" alt=\"\" width=\"800\" height=\"533\" srcset=\"https:\/\/www.turismoaguarda.es\/wp-content\/uploads\/2019\/06\/NP-07062019-Rematan-os-traballos-de-Escavaci\u00f3n-do-Cuncheiro-do-Monte-Trega-na-Guarda-5-1.jpg 800w, https:\/\/www.turismoaguarda.es\/wp-content\/uploads\/2019\/06\/NP-07062019-Rematan-os-traballos-de-Escavaci\u00f3n-do-Cuncheiro-do-Monte-Trega-na-Guarda-5-1-300x200.jpg 300w, https:\/\/www.turismoaguarda.es\/wp-content\/uploads\/2019\/06\/NP-07062019-Rematan-os-traballos-de-Escavaci\u00f3n-do-Cuncheiro-do-Monte-Trega-na-Guarda-5-1-768x512.jpg 768w, https:\/\/www.turismoaguarda.es\/wp-content\/uploads\/2019\/06\/NP-07062019-Rematan-os-traballos-de-Escavaci\u00f3n-do-Cuncheiro-do-Monte-Trega-na-Guarda-5-1-150x100.jpg 150w, https:\/\/www.turismoaguarda.es\/wp-content\/uploads\/2019\/06\/NP-07062019-Rematan-os-traballos-de-Escavaci\u00f3n-do-Cuncheiro-do-Monte-Trega-na-Guarda-5-1-500x333.jpg 500w\" sizes=\"auto, (max-width: 800px) 100vw, 800px\" \/><\/a><\/p>\n<p>[\/vc_column_text][\/vc_column][\/vc_row][vc_row][vc_column][vc_video link=&#8221;https:\/\/www.youtube.com\/watch?v=R7DvSHqHMTc&amp;&#8221;][\/vc_column][\/vc_row]<\/p>\n","protected":false},"excerpt":{"rendered":"<p>[vc_row][vc_column][vc_column_text] O Concello da Guarda promoveu, baixo a direcci\u00f3n de Brais X. Curr\u00e1s da Universidade de Coimbra (CEAACP), un Proxecto de Escavaci\u00f3n, An\u00e1lise e Sinalizaci\u00f3n do Cuncheiro do Monte Trega. O proxecto de escavaci\u00f3n foi executado polos arque\u00f3logos da empresa Terra Arqueos, mentres que para o estudo do material do cuncheiro contarase co grupo de<\/p>\n<div class=\"padding-top text-center\"><a href=\"https:\/\/www.turismoaguarda.es\/gl\/rematan-os-traballos-de-escavacion-do-cuncheiro-do-monte-trega-na-guarda\/\" class=\"atbtn atbtn--medium atbtn--rounded atbtn--transparent\">Leer m\u00e1is<i class=\"atbtn__icon atbtn__icon--right fa fa-long-arrow-right\"><\/i><\/a><\/div>\n","protected":false},"author":11,"featured_media":10825,"comment_status":"open","ping_status":"open","sticky":false,"template":"","format":"standard","meta":{"footnotes":""},"categories":[94],"tags":[170,558,559],"class_list":["post-10821","post","type-post","status-publish","format-standard","has-post-thumbnail","hentry","category-novas-turismo","tag-a-guarda-gl","tag-monte-santa-trega-gl","tag-patrimonio-gl"],"yoast_head":"<!-- This site is optimized with the Yoast SEO plugin v27.5 - https:\/\/yoast.com\/product\/yoast-seo-wordpress\/ -->\n<title>Rematan os traballos de Escavaci\u00f3n do Cuncheiro do Monte Trega na Guarda | Turismo A Guarda<\/title>\n<meta name=\"robots\" content=\"index, follow, max-snippet:-1, max-image-preview:large, max-video-preview:-1\" \/>\n<link rel=\"canonical\" href=\"https:\/\/www.turismoaguarda.es\/gl\/rematan-os-traballos-de-escavacion-do-cuncheiro-do-monte-trega-na-guarda\/\" \/>\n<meta property=\"og:locale\" content=\"en_US\" \/>\n<meta property=\"og:type\" content=\"article\" \/>\n<meta property=\"og:title\" content=\"Rematan os traballos de Escavaci\u00f3n do Cuncheiro do Monte Trega na Guarda | Turismo A Guarda\" \/>\n<meta property=\"og:description\" content=\"[vc_row][vc_column][vc_column_text] O Concello da Guarda promoveu, baixo a direcci\u00f3n de Brais X. Curr\u00e1s da Universidade de Coimbra (CEAACP), un Proxecto de Escavaci\u00f3n, An\u00e1lise e Sinalizaci\u00f3n do Cuncheiro do Monte Trega. O proxecto de escavaci\u00f3n foi executado polos arque\u00f3logos da empresa Terra Arqueos, mentres que para o estudo do material do cuncheiro contarase co grupo deLeer m\u00e1is\" \/>\n<meta property=\"og:url\" content=\"https:\/\/www.turismoaguarda.es\/gl\/rematan-os-traballos-de-escavacion-do-cuncheiro-do-monte-trega-na-guarda\/\" \/>\n<meta property=\"og:site_name\" content=\"Turismo A Guarda\" \/>\n<meta property=\"article:publisher\" content=\"https:\/\/es-es.facebook.com\/Turismo-A-Guarda-126223240790625\/\" \/>\n<meta property=\"article:published_time\" content=\"2019-06-07T17:06:34+00:00\" \/>\n<meta property=\"article:modified_time\" content=\"2019-06-07T18:49:14+00:00\" \/>\n<meta property=\"og:image\" content=\"https:\/\/www.turismoaguarda.es\/wp-content\/uploads\/2019\/06\/NP-07062019-Rematan-os-traballos-de-Escavaci\u00f3n-do-Cuncheiro-do-Monte-Trega-na-Guarda-1-1.jpg\" \/>\n\t<meta property=\"og:image:width\" content=\"800\" \/>\n\t<meta property=\"og:image:height\" content=\"533\" \/>\n\t<meta property=\"og:image:type\" content=\"image\/jpeg\" \/>\n<meta name=\"author\" content=\"Prensa A Guarda\" \/>\n<meta name=\"twitter:card\" content=\"summary_large_image\" \/>\n<meta name=\"twitter:creator\" content=\"@TurismoAGuarda\" \/>\n<meta name=\"twitter:site\" content=\"@TurismoAGuarda\" \/>\n<meta name=\"twitter:label1\" content=\"Written by\" \/>\n\t<meta name=\"twitter:data1\" content=\"Prensa A Guarda\" \/>\n\t<meta name=\"twitter:label2\" content=\"Est. reading time\" \/>\n\t<meta name=\"twitter:data2\" content=\"4 minutes\" \/>\n<script type=\"application\/ld+json\" class=\"yoast-schema-graph\">{\"@context\":\"https:\\\/\\\/schema.org\",\"@graph\":[{\"@type\":\"Article\",\"@id\":\"https:\\\/\\\/www.turismoaguarda.es\\\/gl\\\/rematan-os-traballos-de-escavacion-do-cuncheiro-do-monte-trega-na-guarda\\\/#article\",\"isPartOf\":{\"@id\":\"https:\\\/\\\/www.turismoaguarda.es\\\/gl\\\/rematan-os-traballos-de-escavacion-do-cuncheiro-do-monte-trega-na-guarda\\\/\"},\"author\":{\"name\":\"Prensa A Guarda\",\"@id\":\"https:\\\/\\\/www.turismoaguarda.es\\\/#\\\/schema\\\/person\\\/a8b0c27ad7bcbb6c19799e934727508e\"},\"headline\":\"Rematan os traballos de Escavaci\u00f3n do Cuncheiro do Monte Trega na Guarda\",\"datePublished\":\"2019-06-07T17:06:34+00:00\",\"dateModified\":\"2019-06-07T18:49:14+00:00\",\"mainEntityOfPage\":{\"@id\":\"https:\\\/\\\/www.turismoaguarda.es\\\/gl\\\/rematan-os-traballos-de-escavacion-do-cuncheiro-do-monte-trega-na-guarda\\\/\"},\"wordCount\":779,\"commentCount\":0,\"image\":{\"@id\":\"https:\\\/\\\/www.turismoaguarda.es\\\/gl\\\/rematan-os-traballos-de-escavacion-do-cuncheiro-do-monte-trega-na-guarda\\\/#primaryimage\"},\"thumbnailUrl\":\"https:\\\/\\\/www.turismoaguarda.es\\\/wp-content\\\/uploads\\\/2019\\\/06\\\/NP-07062019-Rematan-os-traballos-de-Escavaci\u00f3n-do-Cuncheiro-do-Monte-Trega-na-Guarda-1-1.jpg\",\"keywords\":[\"A Guarda\",\"Monte Santa Trega\",\"Patrimonio\"],\"articleSection\":[\"Novas Turismo\"],\"inLanguage\":\"gl\",\"potentialAction\":[{\"@type\":\"CommentAction\",\"name\":\"Comment\",\"target\":[\"https:\\\/\\\/www.turismoaguarda.es\\\/gl\\\/rematan-os-traballos-de-escavacion-do-cuncheiro-do-monte-trega-na-guarda\\\/#respond\"]}]},{\"@type\":\"WebPage\",\"@id\":\"https:\\\/\\\/www.turismoaguarda.es\\\/gl\\\/rematan-os-traballos-de-escavacion-do-cuncheiro-do-monte-trega-na-guarda\\\/\",\"url\":\"https:\\\/\\\/www.turismoaguarda.es\\\/gl\\\/rematan-os-traballos-de-escavacion-do-cuncheiro-do-monte-trega-na-guarda\\\/\",\"name\":\"Rematan os traballos de Escavaci\u00f3n do Cuncheiro do Monte Trega na Guarda | Turismo A Guarda\",\"isPartOf\":{\"@id\":\"https:\\\/\\\/www.turismoaguarda.es\\\/#website\"},\"primaryImageOfPage\":{\"@id\":\"https:\\\/\\\/www.turismoaguarda.es\\\/gl\\\/rematan-os-traballos-de-escavacion-do-cuncheiro-do-monte-trega-na-guarda\\\/#primaryimage\"},\"image\":{\"@id\":\"https:\\\/\\\/www.turismoaguarda.es\\\/gl\\\/rematan-os-traballos-de-escavacion-do-cuncheiro-do-monte-trega-na-guarda\\\/#primaryimage\"},\"thumbnailUrl\":\"https:\\\/\\\/www.turismoaguarda.es\\\/wp-content\\\/uploads\\\/2019\\\/06\\\/NP-07062019-Rematan-os-traballos-de-Escavaci\u00f3n-do-Cuncheiro-do-Monte-Trega-na-Guarda-1-1.jpg\",\"datePublished\":\"2019-06-07T17:06:34+00:00\",\"dateModified\":\"2019-06-07T18:49:14+00:00\",\"author\":{\"@id\":\"https:\\\/\\\/www.turismoaguarda.es\\\/#\\\/schema\\\/person\\\/a8b0c27ad7bcbb6c19799e934727508e\"},\"breadcrumb\":{\"@id\":\"https:\\\/\\\/www.turismoaguarda.es\\\/gl\\\/rematan-os-traballos-de-escavacion-do-cuncheiro-do-monte-trega-na-guarda\\\/#breadcrumb\"},\"inLanguage\":\"gl\",\"potentialAction\":[{\"@type\":\"ReadAction\",\"target\":[\"https:\\\/\\\/www.turismoaguarda.es\\\/gl\\\/rematan-os-traballos-de-escavacion-do-cuncheiro-do-monte-trega-na-guarda\\\/\"]}]},{\"@type\":\"ImageObject\",\"inLanguage\":\"gl\",\"@id\":\"https:\\\/\\\/www.turismoaguarda.es\\\/gl\\\/rematan-os-traballos-de-escavacion-do-cuncheiro-do-monte-trega-na-guarda\\\/#primaryimage\",\"url\":\"https:\\\/\\\/www.turismoaguarda.es\\\/wp-content\\\/uploads\\\/2019\\\/06\\\/NP-07062019-Rematan-os-traballos-de-Escavaci\u00f3n-do-Cuncheiro-do-Monte-Trega-na-Guarda-1-1.jpg\",\"contentUrl\":\"https:\\\/\\\/www.turismoaguarda.es\\\/wp-content\\\/uploads\\\/2019\\\/06\\\/NP-07062019-Rematan-os-traballos-de-Escavaci\u00f3n-do-Cuncheiro-do-Monte-Trega-na-Guarda-1-1.jpg\",\"width\":800,\"height\":533},{\"@type\":\"BreadcrumbList\",\"@id\":\"https:\\\/\\\/www.turismoaguarda.es\\\/gl\\\/rematan-os-traballos-de-escavacion-do-cuncheiro-do-monte-trega-na-guarda\\\/#breadcrumb\",\"itemListElement\":[{\"@type\":\"ListItem\",\"position\":1,\"name\":\"Portada\",\"item\":\"https:\\\/\\\/www.turismoaguarda.es\\\/gl\\\/\"},{\"@type\":\"ListItem\",\"position\":2,\"name\":\"Rematan os traballos de Escavaci\u00f3n do Cuncheiro do Monte Trega na Guarda\"}]},{\"@type\":\"WebSite\",\"@id\":\"https:\\\/\\\/www.turismoaguarda.es\\\/#website\",\"url\":\"https:\\\/\\\/www.turismoaguarda.es\\\/\",\"name\":\"Turismo A Guarda\",\"description\":\"Informaci\u00f3n tur\u00edstica de A Guarda y alrededores.\",\"potentialAction\":[{\"@type\":\"SearchAction\",\"target\":{\"@type\":\"EntryPoint\",\"urlTemplate\":\"https:\\\/\\\/www.turismoaguarda.es\\\/?s={search_term_string}\"},\"query-input\":{\"@type\":\"PropertyValueSpecification\",\"valueRequired\":true,\"valueName\":\"search_term_string\"}}],\"inLanguage\":\"gl\"},{\"@type\":\"Person\",\"@id\":\"https:\\\/\\\/www.turismoaguarda.es\\\/#\\\/schema\\\/person\\\/a8b0c27ad7bcbb6c19799e934727508e\",\"name\":\"Prensa A Guarda\",\"image\":{\"@type\":\"ImageObject\",\"inLanguage\":\"gl\",\"@id\":\"https:\\\/\\\/secure.gravatar.com\\\/avatar\\\/387e117f874ba5d0a3439060b45d914395d77287b2e4890a49d1599fc3ef9189?s=96&d=mm&r=g\",\"url\":\"https:\\\/\\\/secure.gravatar.com\\\/avatar\\\/387e117f874ba5d0a3439060b45d914395d77287b2e4890a49d1599fc3ef9189?s=96&d=mm&r=g\",\"contentUrl\":\"https:\\\/\\\/secure.gravatar.com\\\/avatar\\\/387e117f874ba5d0a3439060b45d914395d77287b2e4890a49d1599fc3ef9189?s=96&d=mm&r=g\",\"caption\":\"Prensa A Guarda\"},\"url\":\"https:\\\/\\\/www.turismoaguarda.es\\\/gl\\\/author\\\/prensa\\\/\"}]}<\/script>\n<!-- \/ Yoast SEO plugin. -->","yoast_head_json":{"title":"Rematan os traballos de Escavaci\u00f3n do Cuncheiro do Monte Trega na Guarda | Turismo A Guarda","robots":{"index":"index","follow":"follow","max-snippet":"max-snippet:-1","max-image-preview":"max-image-preview:large","max-video-preview":"max-video-preview:-1"},"canonical":"https:\/\/www.turismoaguarda.es\/gl\/rematan-os-traballos-de-escavacion-do-cuncheiro-do-monte-trega-na-guarda\/","og_locale":"en_US","og_type":"article","og_title":"Rematan os traballos de Escavaci\u00f3n do Cuncheiro do Monte Trega na Guarda | Turismo A Guarda","og_description":"[vc_row][vc_column][vc_column_text] O Concello da Guarda promoveu, baixo a direcci\u00f3n de Brais X. Curr\u00e1s da Universidade de Coimbra (CEAACP), un Proxecto de Escavaci\u00f3n, An\u00e1lise e Sinalizaci\u00f3n do Cuncheiro do Monte Trega. O proxecto de escavaci\u00f3n foi executado polos arque\u00f3logos da empresa Terra Arqueos, mentres que para o estudo do material do cuncheiro contarase co grupo deLeer m\u00e1is","og_url":"https:\/\/www.turismoaguarda.es\/gl\/rematan-os-traballos-de-escavacion-do-cuncheiro-do-monte-trega-na-guarda\/","og_site_name":"Turismo A Guarda","article_publisher":"https:\/\/es-es.facebook.com\/Turismo-A-Guarda-126223240790625\/","article_published_time":"2019-06-07T17:06:34+00:00","article_modified_time":"2019-06-07T18:49:14+00:00","og_image":[{"width":800,"height":533,"url":"https:\/\/www.turismoaguarda.es\/wp-content\/uploads\/2019\/06\/NP-07062019-Rematan-os-traballos-de-Escavaci\u00f3n-do-Cuncheiro-do-Monte-Trega-na-Guarda-1-1.jpg","type":"image\/jpeg"}],"author":"Prensa A Guarda","twitter_card":"summary_large_image","twitter_creator":"@TurismoAGuarda","twitter_site":"@TurismoAGuarda","twitter_misc":{"Written by":"Prensa A Guarda","Est. reading time":"4 minutes"},"schema":{"@context":"https:\/\/schema.org","@graph":[{"@type":"Article","@id":"https:\/\/www.turismoaguarda.es\/gl\/rematan-os-traballos-de-escavacion-do-cuncheiro-do-monte-trega-na-guarda\/#article","isPartOf":{"@id":"https:\/\/www.turismoaguarda.es\/gl\/rematan-os-traballos-de-escavacion-do-cuncheiro-do-monte-trega-na-guarda\/"},"author":{"name":"Prensa A Guarda","@id":"https:\/\/www.turismoaguarda.es\/#\/schema\/person\/a8b0c27ad7bcbb6c19799e934727508e"},"headline":"Rematan os traballos de Escavaci\u00f3n do Cuncheiro do Monte Trega na Guarda","datePublished":"2019-06-07T17:06:34+00:00","dateModified":"2019-06-07T18:49:14+00:00","mainEntityOfPage":{"@id":"https:\/\/www.turismoaguarda.es\/gl\/rematan-os-traballos-de-escavacion-do-cuncheiro-do-monte-trega-na-guarda\/"},"wordCount":779,"commentCount":0,"image":{"@id":"https:\/\/www.turismoaguarda.es\/gl\/rematan-os-traballos-de-escavacion-do-cuncheiro-do-monte-trega-na-guarda\/#primaryimage"},"thumbnailUrl":"https:\/\/www.turismoaguarda.es\/wp-content\/uploads\/2019\/06\/NP-07062019-Rematan-os-traballos-de-Escavaci\u00f3n-do-Cuncheiro-do-Monte-Trega-na-Guarda-1-1.jpg","keywords":["A Guarda","Monte Santa Trega","Patrimonio"],"articleSection":["Novas Turismo"],"inLanguage":"gl","potentialAction":[{"@type":"CommentAction","name":"Comment","target":["https:\/\/www.turismoaguarda.es\/gl\/rematan-os-traballos-de-escavacion-do-cuncheiro-do-monte-trega-na-guarda\/#respond"]}]},{"@type":"WebPage","@id":"https:\/\/www.turismoaguarda.es\/gl\/rematan-os-traballos-de-escavacion-do-cuncheiro-do-monte-trega-na-guarda\/","url":"https:\/\/www.turismoaguarda.es\/gl\/rematan-os-traballos-de-escavacion-do-cuncheiro-do-monte-trega-na-guarda\/","name":"Rematan os traballos de Escavaci\u00f3n do Cuncheiro do Monte Trega na Guarda | Turismo A Guarda","isPartOf":{"@id":"https:\/\/www.turismoaguarda.es\/#website"},"primaryImageOfPage":{"@id":"https:\/\/www.turismoaguarda.es\/gl\/rematan-os-traballos-de-escavacion-do-cuncheiro-do-monte-trega-na-guarda\/#primaryimage"},"image":{"@id":"https:\/\/www.turismoaguarda.es\/gl\/rematan-os-traballos-de-escavacion-do-cuncheiro-do-monte-trega-na-guarda\/#primaryimage"},"thumbnailUrl":"https:\/\/www.turismoaguarda.es\/wp-content\/uploads\/2019\/06\/NP-07062019-Rematan-os-traballos-de-Escavaci\u00f3n-do-Cuncheiro-do-Monte-Trega-na-Guarda-1-1.jpg","datePublished":"2019-06-07T17:06:34+00:00","dateModified":"2019-06-07T18:49:14+00:00","author":{"@id":"https:\/\/www.turismoaguarda.es\/#\/schema\/person\/a8b0c27ad7bcbb6c19799e934727508e"},"breadcrumb":{"@id":"https:\/\/www.turismoaguarda.es\/gl\/rematan-os-traballos-de-escavacion-do-cuncheiro-do-monte-trega-na-guarda\/#breadcrumb"},"inLanguage":"gl","potentialAction":[{"@type":"ReadAction","target":["https:\/\/www.turismoaguarda.es\/gl\/rematan-os-traballos-de-escavacion-do-cuncheiro-do-monte-trega-na-guarda\/"]}]},{"@type":"ImageObject","inLanguage":"gl","@id":"https:\/\/www.turismoaguarda.es\/gl\/rematan-os-traballos-de-escavacion-do-cuncheiro-do-monte-trega-na-guarda\/#primaryimage","url":"https:\/\/www.turismoaguarda.es\/wp-content\/uploads\/2019\/06\/NP-07062019-Rematan-os-traballos-de-Escavaci\u00f3n-do-Cuncheiro-do-Monte-Trega-na-Guarda-1-1.jpg","contentUrl":"https:\/\/www.turismoaguarda.es\/wp-content\/uploads\/2019\/06\/NP-07062019-Rematan-os-traballos-de-Escavaci\u00f3n-do-Cuncheiro-do-Monte-Trega-na-Guarda-1-1.jpg","width":800,"height":533},{"@type":"BreadcrumbList","@id":"https:\/\/www.turismoaguarda.es\/gl\/rematan-os-traballos-de-escavacion-do-cuncheiro-do-monte-trega-na-guarda\/#breadcrumb","itemListElement":[{"@type":"ListItem","position":1,"name":"Portada","item":"https:\/\/www.turismoaguarda.es\/gl\/"},{"@type":"ListItem","position":2,"name":"Rematan os traballos de Escavaci\u00f3n do Cuncheiro do Monte Trega na Guarda"}]},{"@type":"WebSite","@id":"https:\/\/www.turismoaguarda.es\/#website","url":"https:\/\/www.turismoaguarda.es\/","name":"Turismo A Guarda","description":"Informaci\u00f3n tur\u00edstica de A Guarda y alrededores.","potentialAction":[{"@type":"SearchAction","target":{"@type":"EntryPoint","urlTemplate":"https:\/\/www.turismoaguarda.es\/?s={search_term_string}"},"query-input":{"@type":"PropertyValueSpecification","valueRequired":true,"valueName":"search_term_string"}}],"inLanguage":"gl"},{"@type":"Person","@id":"https:\/\/www.turismoaguarda.es\/#\/schema\/person\/a8b0c27ad7bcbb6c19799e934727508e","name":"Prensa A Guarda","image":{"@type":"ImageObject","inLanguage":"gl","@id":"https:\/\/secure.gravatar.com\/avatar\/387e117f874ba5d0a3439060b45d914395d77287b2e4890a49d1599fc3ef9189?s=96&d=mm&r=g","url":"https:\/\/secure.gravatar.com\/avatar\/387e117f874ba5d0a3439060b45d914395d77287b2e4890a49d1599fc3ef9189?s=96&d=mm&r=g","contentUrl":"https:\/\/secure.gravatar.com\/avatar\/387e117f874ba5d0a3439060b45d914395d77287b2e4890a49d1599fc3ef9189?s=96&d=mm&r=g","caption":"Prensa A Guarda"},"url":"https:\/\/www.turismoaguarda.es\/gl\/author\/prensa\/"}]}},"_links":{"self":[{"href":"https:\/\/www.turismoaguarda.es\/gl\/wp-json\/wp\/v2\/posts\/10821","targetHints":{"allow":["GET"]}}],"collection":[{"href":"https:\/\/www.turismoaguarda.es\/gl\/wp-json\/wp\/v2\/posts"}],"about":[{"href":"https:\/\/www.turismoaguarda.es\/gl\/wp-json\/wp\/v2\/types\/post"}],"author":[{"embeddable":true,"href":"https:\/\/www.turismoaguarda.es\/gl\/wp-json\/wp\/v2\/users\/11"}],"replies":[{"embeddable":true,"href":"https:\/\/www.turismoaguarda.es\/gl\/wp-json\/wp\/v2\/comments?post=10821"}],"version-history":[{"count":9,"href":"https:\/\/www.turismoaguarda.es\/gl\/wp-json\/wp\/v2\/posts\/10821\/revisions"}],"predecessor-version":[{"id":10842,"href":"https:\/\/www.turismoaguarda.es\/gl\/wp-json\/wp\/v2\/posts\/10821\/revisions\/10842"}],"wp:featuredmedia":[{"embeddable":true,"href":"https:\/\/www.turismoaguarda.es\/gl\/wp-json\/wp\/v2\/media\/10825"}],"wp:attachment":[{"href":"https:\/\/www.turismoaguarda.es\/gl\/wp-json\/wp\/v2\/media?parent=10821"}],"wp:term":[{"taxonomy":"category","embeddable":true,"href":"https:\/\/www.turismoaguarda.es\/gl\/wp-json\/wp\/v2\/categories?post=10821"},{"taxonomy":"post_tag","embeddable":true,"href":"https:\/\/www.turismoaguarda.es\/gl\/wp-json\/wp\/v2\/tags?post=10821"}],"curies":[{"name":"wp","href":"https:\/\/api.w.org\/{rel}","templated":true}]}}