{"id":10462,"date":"2019-05-16T15:06:06","date_gmt":"2019-05-16T13:06:06","guid":{"rendered":"http:\/\/www.turismoaguarda.es\/?p=10462"},"modified":"2019-05-16T15:06:30","modified_gmt":"2019-05-16T13:06:30","slug":"esta-fin-de-semana-arranca-na-guarda-unha-nova-edicion-de-tapearte","status":"publish","type":"post","link":"https:\/\/www.turismoaguarda.es\/gl\/esta-fin-de-semana-arranca-na-guarda-unha-nova-edicion-de-tapearte\/","title":{"rendered":"Esta fin de semana arranca na Guarda unha nova edici\u00f3n de Tapearte"},"content":{"rendered":"<p style=\"text-align: justify;\">Este xoves presentouse a Ruta gastron\u00f3mica Tapearte 2019, o evento culinario da primavera como complemento a unha ampla e variada programaci\u00f3n cultural como a Festa das Letras e o D\u00eda Internacional dos Museos.<\/p>\n<p style=\"text-align: justify;\">Un total de 16 bares e restaurantes da vila ofertar\u00e1n tapas os venres, s\u00e1bados e domingos en horario de 12:00h a 14:00h e de 19:00h a 22:00h a un prezo simb\u00f3lico de 2\u20ac a tapa.<\/p>\n<p style=\"text-align: justify;\">A ruta estar\u00e1 en funcionamento ata o vindeiro 2 de xu\u00f1o, con premios directos e sorteo de agasallos para os participantes.<\/p>\n<p style=\"text-align: justify;\">No acto de presentaci\u00f3n estiveron presentes o Alcalde da Guarda, Antonio Lomba, a concelleira de Turismo, Montserrat Magallanes, as\u00ed coma unha representaci\u00f3n dos establecementos participantes e un representante de Distribuciones Disramo, casa comercial colaboradora nesta ruta.<\/p>\n<p style=\"text-align: justify;\"><a href=\"http:\/\/www.turismoaguarda.es\/?attachment_id=10475&#038;lang=gl\" rel=\"attachment wp-att-10475\"><img loading=\"lazy\" decoding=\"async\" class=\"alignleft size-full wp-image-10475\" src=\"http:\/\/www.turismoaguarda.es\/wp-content\/uploads\/2019\/05\/NP-16052019-Gastronom\u00eda-e-Arte-misturanse-na-Guarda-nunha-nova-edici\u00f3n-de-Tapearte-4-1.jpg\" alt=\"Un total de 16 bares y restaurantes de la villa ofertar\u00e1n tapas los viernes, s\u00e1bados y domingos en horario de 12:00h a 14:00h y de 19:00h a 22:00h a un precio simb\u00f3lico de 2\u20ac la tapa.\" width=\"800\" height=\"533\" srcset=\"https:\/\/www.turismoaguarda.es\/wp-content\/uploads\/2019\/05\/NP-16052019-Gastronom\u00eda-e-Arte-misturanse-na-Guarda-nunha-nova-edici\u00f3n-de-Tapearte-4-1.jpg 800w, https:\/\/www.turismoaguarda.es\/wp-content\/uploads\/2019\/05\/NP-16052019-Gastronom\u00eda-e-Arte-misturanse-na-Guarda-nunha-nova-edici\u00f3n-de-Tapearte-4-1-300x200.jpg 300w, https:\/\/www.turismoaguarda.es\/wp-content\/uploads\/2019\/05\/NP-16052019-Gastronom\u00eda-e-Arte-misturanse-na-Guarda-nunha-nova-edici\u00f3n-de-Tapearte-4-1-768x512.jpg 768w, https:\/\/www.turismoaguarda.es\/wp-content\/uploads\/2019\/05\/NP-16052019-Gastronom\u00eda-e-Arte-misturanse-na-Guarda-nunha-nova-edici\u00f3n-de-Tapearte-4-1-150x100.jpg 150w, https:\/\/www.turismoaguarda.es\/wp-content\/uploads\/2019\/05\/NP-16052019-Gastronom\u00eda-e-Arte-misturanse-na-Guarda-nunha-nova-edici\u00f3n-de-Tapearte-4-1-500x333.jpg 500w\" sizes=\"auto, (max-width: 800px) 100vw, 800px\" \/><\/a><a href=\"http:\/\/www.turismoaguarda.es\/?attachment_id=10472&#038;lang=gl\" rel=\"attachment wp-att-10472\"><img loading=\"lazy\" decoding=\"async\" class=\"alignleft size-full wp-image-10472\" src=\"http:\/\/www.turismoaguarda.es\/wp-content\/uploads\/2019\/05\/NP-16052019-Gastronom\u00eda-e-Arte-misturanse-na-Guarda-nunha-nova-edici\u00f3n-de-Tapearte-3-1.jpg\" alt=\"Un total de 16 bares y restaurantes de la villa ofertar\u00e1n tapas los viernes, s\u00e1bados y domingos en horario de 12:00h a 14:00h y de 19:00h a 22:00h a un precio simb\u00f3lico de 2\u20ac la tapa.\" width=\"800\" height=\"533\" srcset=\"https:\/\/www.turismoaguarda.es\/wp-content\/uploads\/2019\/05\/NP-16052019-Gastronom\u00eda-e-Arte-misturanse-na-Guarda-nunha-nova-edici\u00f3n-de-Tapearte-3-1.jpg 800w, https:\/\/www.turismoaguarda.es\/wp-content\/uploads\/2019\/05\/NP-16052019-Gastronom\u00eda-e-Arte-misturanse-na-Guarda-nunha-nova-edici\u00f3n-de-Tapearte-3-1-300x200.jpg 300w, https:\/\/www.turismoaguarda.es\/wp-content\/uploads\/2019\/05\/NP-16052019-Gastronom\u00eda-e-Arte-misturanse-na-Guarda-nunha-nova-edici\u00f3n-de-Tapearte-3-1-768x512.jpg 768w, https:\/\/www.turismoaguarda.es\/wp-content\/uploads\/2019\/05\/NP-16052019-Gastronom\u00eda-e-Arte-misturanse-na-Guarda-nunha-nova-edici\u00f3n-de-Tapearte-3-1-150x100.jpg 150w, https:\/\/www.turismoaguarda.es\/wp-content\/uploads\/2019\/05\/NP-16052019-Gastronom\u00eda-e-Arte-misturanse-na-Guarda-nunha-nova-edici\u00f3n-de-Tapearte-3-1-500x333.jpg 500w\" sizes=\"auto, (max-width: 800px) 100vw, 800px\" \/><\/a>Ao igual que en anteriores edici\u00f3ns os participantes poder\u00e1n valorar as tapas cos pasaportes dispo\u00f1ibles en cada local, con puntuaci\u00f3ns de 1 a 6 puntos, que permitir\u00e1n, ao remate da ruta, establecer o ga\u00f1ador do Concurso da Mellor Tapa 2019. Tam\u00e9n se premiar\u00e1 ao establecemento que sirva o maior n\u00famero de tapas.<\/p>\n<p style=\"text-align: justify;\">Como nas anteriores edici\u00f3ns os participantes da ruta optar\u00e1n con premios. Haber\u00e1 un premio directo para aqueles que entreguen o seu pasaporte con m\u00ednimo de 13 selos. Neste caso o agasallo \u00e9 un lote de d\u00faas botellas do Forte de San Lourenzo de Licor Caf\u00e9 e Crema de Oruxo. Ademais haber\u00e1 un sorteo dun m\u00f3bil Samsung A40 para aqueles pasaporte cun m\u00ednimo de 6 sellos que sexan depositados nas furnas de cada local e tam\u00e9n na Oficina de Turismo.<\/p>\n<p style=\"text-align: justify;\"><a href=\"http:\/\/www.turismoaguarda.es\/?attachment_id=10463&#038;lang=gl\" rel=\"attachment wp-att-10463\"><img loading=\"lazy\" decoding=\"async\" class=\"alignleft size-full wp-image-10463\" src=\"http:\/\/www.turismoaguarda.es\/wp-content\/uploads\/2019\/05\/CARTEL-TAPEARTE-2019-IMPRIMIR-1.jpg\" alt=\"Un total de 16 bares y restaurantes de la villa ofertar\u00e1n tapas los viernes, s\u00e1bados y domingos en horario de 12:00h a 14:00h y de 19:00h a 22:00h a un precio simb\u00f3lico de 2\u20ac la tapa.\" width=\"800\" height=\"1114\" srcset=\"https:\/\/www.turismoaguarda.es\/wp-content\/uploads\/2019\/05\/CARTEL-TAPEARTE-2019-IMPRIMIR-1.jpg 800w, https:\/\/www.turismoaguarda.es\/wp-content\/uploads\/2019\/05\/CARTEL-TAPEARTE-2019-IMPRIMIR-1-215x300.jpg 215w, https:\/\/www.turismoaguarda.es\/wp-content\/uploads\/2019\/05\/CARTEL-TAPEARTE-2019-IMPRIMIR-1-768x1069.jpg 768w, https:\/\/www.turismoaguarda.es\/wp-content\/uploads\/2019\/05\/CARTEL-TAPEARTE-2019-IMPRIMIR-1-735x1024.jpg 735w, https:\/\/www.turismoaguarda.es\/wp-content\/uploads\/2019\/05\/CARTEL-TAPEARTE-2019-IMPRIMIR-1-150x209.jpg 150w, https:\/\/www.turismoaguarda.es\/wp-content\/uploads\/2019\/05\/CARTEL-TAPEARTE-2019-IMPRIMIR-1-359x500.jpg 359w\" sizes=\"auto, (max-width: 800px) 100vw, 800px\" \/><\/a><a href=\"http:\/\/www.turismoaguarda.es\/?attachment_id=10469&#038;lang=gl\" rel=\"attachment wp-att-10469\"><img loading=\"lazy\" decoding=\"async\" class=\"alignleft size-full wp-image-10469\" src=\"http:\/\/www.turismoaguarda.es\/wp-content\/uploads\/2019\/05\/NP-16052019-Gastronom\u00eda-e-Arte-misturanse-na-Guarda-nunha-nova-edici\u00f3n-de-Tapearte-2-1.jpg\" alt=\"Un total de 16 bares y restaurantes de la villa ofertar\u00e1n tapas los viernes, s\u00e1bados y domingos en horario de 12:00h a 14:00h y de 19:00h a 22:00h a un precio simb\u00f3lico de 2\u20ac la tapa.\" width=\"800\" height=\"533\" srcset=\"https:\/\/www.turismoaguarda.es\/wp-content\/uploads\/2019\/05\/NP-16052019-Gastronom\u00eda-e-Arte-misturanse-na-Guarda-nunha-nova-edici\u00f3n-de-Tapearte-2-1.jpg 800w, https:\/\/www.turismoaguarda.es\/wp-content\/uploads\/2019\/05\/NP-16052019-Gastronom\u00eda-e-Arte-misturanse-na-Guarda-nunha-nova-edici\u00f3n-de-Tapearte-2-1-300x200.jpg 300w, https:\/\/www.turismoaguarda.es\/wp-content\/uploads\/2019\/05\/NP-16052019-Gastronom\u00eda-e-Arte-misturanse-na-Guarda-nunha-nova-edici\u00f3n-de-Tapearte-2-1-768x512.jpg 768w, https:\/\/www.turismoaguarda.es\/wp-content\/uploads\/2019\/05\/NP-16052019-Gastronom\u00eda-e-Arte-misturanse-na-Guarda-nunha-nova-edici\u00f3n-de-Tapearte-2-1-150x100.jpg 150w, https:\/\/www.turismoaguarda.es\/wp-content\/uploads\/2019\/05\/NP-16052019-Gastronom\u00eda-e-Arte-misturanse-na-Guarda-nunha-nova-edici\u00f3n-de-Tapearte-2-1-500x333.jpg 500w\" sizes=\"auto, (max-width: 800px) 100vw, 800px\" \/><\/a>Nesta edici\u00f3n participan o Art Caf\u00e9 coa tapa \u00abXorzart\u00bb, o Bitadorna coa tapa \u00abCrunch negro con mix mar, vexetais en texturas e xeado\u00bb, o Camping Santa Tecla coa tapa \u00abTournedo Rossini\u00bb, o Celtic coa tapa \u00abChocos con arroz na s\u00faa tinta\u00bb, a Pizzer\u00eda Di Marco coa tapa \u00abCarpaccio de polbo \u00e1 feira\u00bb, a Taper\u00eda El Paseo coa tapa \u00abO Paseo\u00bb, El Perro Verde coa tapa \u00abArepa rechea\u00bb, o Enxebre coa tapa \u00abPeloti\u00f1as enxebre\u00bb, O Gaviota coa tapa \u00abBacalao ao pisto de morena\u00bb, La Botica coa tapa \u00abSabores afumados\u00bb, La Casilla coa tapa \u00abDelicia Galega\u00bb, Marbella coa tapa \u00abEmpanada da horta\u00bb, Novo Funil coa tapa \u00abCazola de Xabar\u00edn\u00bb, o Xantar coa tapa \u00abCrunk\u00bb, o Xeito coa tapa \u00abEspetada mari\u00f1eira\u00bb e Y la Luna? coa tapa \u00abImp\u00f3rtame un pemento\u00bb.<\/p>\n<p style=\"text-align: center;\"><a href=\"http:\/\/www.turismoaguarda.es\/?attachment_id=10478&#038;lang=gl\" rel=\"attachment wp-att-10478\"><img loading=\"lazy\" decoding=\"async\" class=\"alignleft size-full wp-image-10478\" src=\"http:\/\/www.turismoaguarda.es\/wp-content\/uploads\/2019\/05\/Sin-t\u00edtulo-2-1.jpg\" alt=\"Un total de 16 bares y restaurantes de la villa ofertar\u00e1n tapas los viernes, s\u00e1bados y domingos en horario de 12:00h a 14:00h y de 19:00h a 22:00h a un precio simb\u00f3lico de 2\u20ac la tapa.\" width=\"800\" height=\"1080\" srcset=\"https:\/\/www.turismoaguarda.es\/wp-content\/uploads\/2019\/05\/Sin-t\u00edtulo-2-1.jpg 800w, https:\/\/www.turismoaguarda.es\/wp-content\/uploads\/2019\/05\/Sin-t\u00edtulo-2-1-222x300.jpg 222w, https:\/\/www.turismoaguarda.es\/wp-content\/uploads\/2019\/05\/Sin-t\u00edtulo-2-1-768x1037.jpg 768w, https:\/\/www.turismoaguarda.es\/wp-content\/uploads\/2019\/05\/Sin-t\u00edtulo-2-1-759x1024.jpg 759w, https:\/\/www.turismoaguarda.es\/wp-content\/uploads\/2019\/05\/Sin-t\u00edtulo-2-1-150x203.jpg 150w, https:\/\/www.turismoaguarda.es\/wp-content\/uploads\/2019\/05\/Sin-t\u00edtulo-2-1-370x500.jpg 370w\" sizes=\"auto, (max-width: 800px) 100vw, 800px\" \/><\/a><\/p>\n","protected":false},"excerpt":{"rendered":"<p>Este xoves presentouse a Ruta gastron\u00f3mica Tapearte 2019, o evento culinario da primavera como complemento a unha ampla e variada programaci\u00f3n cultural como a Festa das Letras e o D\u00eda Internacional dos Museos. Un total de 16 bares e restaurantes da vila ofertar\u00e1n tapas os venres, s\u00e1bados e domingos en horario de 12:00h a 14:00h<\/p>\n<div class=\"padding-top text-center\"><a href=\"https:\/\/www.turismoaguarda.es\/gl\/esta-fin-de-semana-arranca-na-guarda-unha-nova-edicion-de-tapearte\/\" class=\"atbtn atbtn--medium atbtn--rounded atbtn--transparent\">Leer m\u00e1is<i class=\"atbtn__icon atbtn__icon--right fa fa-long-arrow-right\"><\/i><\/a><\/div>\n","protected":false},"author":11,"featured_media":10466,"comment_status":"open","ping_status":"open","sticky":false,"template":"","format":"standard","meta":{"footnotes":""},"categories":[94],"tags":[170,579,924,171],"class_list":["post-10462","post","type-post","status-publish","format-standard","has-post-thumbnail","hentry","category-novas-turismo","tag-a-guarda-gl","tag-gastronomia-gl","tag-tapearte-gl","tag-turismo-gl"],"yoast_head":"<!-- This site is optimized with the Yoast SEO plugin v27.5 - https:\/\/yoast.com\/product\/yoast-seo-wordpress\/ -->\n<title>Esta fin de semana arranca na Guarda unha nova edici\u00f3n de Tapearte | Turismo A Guarda<\/title>\n<meta name=\"robots\" content=\"index, follow, max-snippet:-1, max-image-preview:large, max-video-preview:-1\" \/>\n<link rel=\"canonical\" href=\"https:\/\/www.turismoaguarda.es\/gl\/esta-fin-de-semana-arranca-na-guarda-unha-nova-edicion-de-tapearte\/\" \/>\n<meta property=\"og:locale\" content=\"en_US\" \/>\n<meta property=\"og:type\" content=\"article\" \/>\n<meta property=\"og:title\" content=\"Esta fin de semana arranca na Guarda unha nova edici\u00f3n de Tapearte | Turismo A Guarda\" \/>\n<meta property=\"og:description\" content=\"Este xoves presentouse a Ruta gastron\u00f3mica Tapearte 2019, o evento culinario da primavera como complemento a unha ampla e variada programaci\u00f3n cultural como a Festa das Letras e o D\u00eda Internacional dos Museos. Un total de 16 bares e restaurantes da vila ofertar\u00e1n tapas os venres, s\u00e1bados e domingos en horario de 12:00h a 14:00hLeer m\u00e1is\" \/>\n<meta property=\"og:url\" content=\"https:\/\/www.turismoaguarda.es\/gl\/esta-fin-de-semana-arranca-na-guarda-unha-nova-edicion-de-tapearte\/\" \/>\n<meta property=\"og:site_name\" content=\"Turismo A Guarda\" \/>\n<meta property=\"article:publisher\" content=\"https:\/\/es-es.facebook.com\/Turismo-A-Guarda-126223240790625\/\" \/>\n<meta property=\"article:published_time\" content=\"2019-05-16T13:06:06+00:00\" \/>\n<meta property=\"article:modified_time\" content=\"2019-05-16T13:06:30+00:00\" \/>\n<meta property=\"og:image\" content=\"https:\/\/www.turismoaguarda.es\/wp-content\/uploads\/2019\/05\/NP-16052019-Gastronom\u00eda-e-Arte-misturanse-na-Guarda-nunha-nova-edici\u00f3n-de-Tapearte-1-1.jpg\" \/>\n\t<meta property=\"og:image:width\" content=\"800\" \/>\n\t<meta property=\"og:image:height\" content=\"533\" \/>\n\t<meta property=\"og:image:type\" content=\"image\/jpeg\" \/>\n<meta name=\"author\" content=\"Prensa A Guarda\" \/>\n<meta name=\"twitter:card\" content=\"summary_large_image\" \/>\n<meta name=\"twitter:creator\" content=\"@TurismoAGuarda\" \/>\n<meta name=\"twitter:site\" content=\"@TurismoAGuarda\" \/>\n<meta name=\"twitter:label1\" content=\"Written by\" \/>\n\t<meta name=\"twitter:data1\" content=\"Prensa A Guarda\" \/>\n\t<meta name=\"twitter:label2\" content=\"Est. reading time\" \/>\n\t<meta name=\"twitter:data2\" content=\"2 minutes\" \/>\n<script type=\"application\/ld+json\" class=\"yoast-schema-graph\">{\"@context\":\"https:\\\/\\\/schema.org\",\"@graph\":[{\"@type\":\"Article\",\"@id\":\"https:\\\/\\\/www.turismoaguarda.es\\\/gl\\\/esta-fin-de-semana-arranca-na-guarda-unha-nova-edicion-de-tapearte\\\/#article\",\"isPartOf\":{\"@id\":\"https:\\\/\\\/www.turismoaguarda.es\\\/gl\\\/esta-fin-de-semana-arranca-na-guarda-unha-nova-edicion-de-tapearte\\\/\"},\"author\":{\"name\":\"Prensa A Guarda\",\"@id\":\"https:\\\/\\\/www.turismoaguarda.es\\\/#\\\/schema\\\/person\\\/a8b0c27ad7bcbb6c19799e934727508e\"},\"headline\":\"Esta fin de semana arranca na Guarda unha nova edici\u00f3n de Tapearte\",\"datePublished\":\"2019-05-16T13:06:06+00:00\",\"dateModified\":\"2019-05-16T13:06:30+00:00\",\"mainEntityOfPage\":{\"@id\":\"https:\\\/\\\/www.turismoaguarda.es\\\/gl\\\/esta-fin-de-semana-arranca-na-guarda-unha-nova-edicion-de-tapearte\\\/\"},\"wordCount\":417,\"commentCount\":0,\"image\":{\"@id\":\"https:\\\/\\\/www.turismoaguarda.es\\\/gl\\\/esta-fin-de-semana-arranca-na-guarda-unha-nova-edicion-de-tapearte\\\/#primaryimage\"},\"thumbnailUrl\":\"https:\\\/\\\/www.turismoaguarda.es\\\/wp-content\\\/uploads\\\/2019\\\/05\\\/NP-16052019-Gastronom\u00eda-e-Arte-misturanse-na-Guarda-nunha-nova-edici\u00f3n-de-Tapearte-1-1.jpg\",\"keywords\":[\"A Guarda\",\"gastronom\u00eda.\",\"tapearte\",\"turismo\"],\"articleSection\":[\"Novas Turismo\"],\"inLanguage\":\"gl\",\"potentialAction\":[{\"@type\":\"CommentAction\",\"name\":\"Comment\",\"target\":[\"https:\\\/\\\/www.turismoaguarda.es\\\/gl\\\/esta-fin-de-semana-arranca-na-guarda-unha-nova-edicion-de-tapearte\\\/#respond\"]}]},{\"@type\":\"WebPage\",\"@id\":\"https:\\\/\\\/www.turismoaguarda.es\\\/gl\\\/esta-fin-de-semana-arranca-na-guarda-unha-nova-edicion-de-tapearte\\\/\",\"url\":\"https:\\\/\\\/www.turismoaguarda.es\\\/gl\\\/esta-fin-de-semana-arranca-na-guarda-unha-nova-edicion-de-tapearte\\\/\",\"name\":\"Esta fin de semana arranca na Guarda unha nova edici\u00f3n de Tapearte | Turismo A Guarda\",\"isPartOf\":{\"@id\":\"https:\\\/\\\/www.turismoaguarda.es\\\/#website\"},\"primaryImageOfPage\":{\"@id\":\"https:\\\/\\\/www.turismoaguarda.es\\\/gl\\\/esta-fin-de-semana-arranca-na-guarda-unha-nova-edicion-de-tapearte\\\/#primaryimage\"},\"image\":{\"@id\":\"https:\\\/\\\/www.turismoaguarda.es\\\/gl\\\/esta-fin-de-semana-arranca-na-guarda-unha-nova-edicion-de-tapearte\\\/#primaryimage\"},\"thumbnailUrl\":\"https:\\\/\\\/www.turismoaguarda.es\\\/wp-content\\\/uploads\\\/2019\\\/05\\\/NP-16052019-Gastronom\u00eda-e-Arte-misturanse-na-Guarda-nunha-nova-edici\u00f3n-de-Tapearte-1-1.jpg\",\"datePublished\":\"2019-05-16T13:06:06+00:00\",\"dateModified\":\"2019-05-16T13:06:30+00:00\",\"author\":{\"@id\":\"https:\\\/\\\/www.turismoaguarda.es\\\/#\\\/schema\\\/person\\\/a8b0c27ad7bcbb6c19799e934727508e\"},\"breadcrumb\":{\"@id\":\"https:\\\/\\\/www.turismoaguarda.es\\\/gl\\\/esta-fin-de-semana-arranca-na-guarda-unha-nova-edicion-de-tapearte\\\/#breadcrumb\"},\"inLanguage\":\"gl\",\"potentialAction\":[{\"@type\":\"ReadAction\",\"target\":[\"https:\\\/\\\/www.turismoaguarda.es\\\/gl\\\/esta-fin-de-semana-arranca-na-guarda-unha-nova-edicion-de-tapearte\\\/\"]}]},{\"@type\":\"ImageObject\",\"inLanguage\":\"gl\",\"@id\":\"https:\\\/\\\/www.turismoaguarda.es\\\/gl\\\/esta-fin-de-semana-arranca-na-guarda-unha-nova-edicion-de-tapearte\\\/#primaryimage\",\"url\":\"https:\\\/\\\/www.turismoaguarda.es\\\/wp-content\\\/uploads\\\/2019\\\/05\\\/NP-16052019-Gastronom\u00eda-e-Arte-misturanse-na-Guarda-nunha-nova-edici\u00f3n-de-Tapearte-1-1.jpg\",\"contentUrl\":\"https:\\\/\\\/www.turismoaguarda.es\\\/wp-content\\\/uploads\\\/2019\\\/05\\\/NP-16052019-Gastronom\u00eda-e-Arte-misturanse-na-Guarda-nunha-nova-edici\u00f3n-de-Tapearte-1-1.jpg\",\"width\":800,\"height\":533,\"caption\":\"Un total de 16 bares y restaurantes de la villa ofertar\u00e1n tapas los viernes, s\u00e1bados y domingos en horario de 12:00h a 14:00h y de 19:00h a 22:00h a un precio simb\u00f3lico de 2\u20ac la tapa.\"},{\"@type\":\"BreadcrumbList\",\"@id\":\"https:\\\/\\\/www.turismoaguarda.es\\\/gl\\\/esta-fin-de-semana-arranca-na-guarda-unha-nova-edicion-de-tapearte\\\/#breadcrumb\",\"itemListElement\":[{\"@type\":\"ListItem\",\"position\":1,\"name\":\"Portada\",\"item\":\"https:\\\/\\\/www.turismoaguarda.es\\\/gl\\\/\"},{\"@type\":\"ListItem\",\"position\":2,\"name\":\"Esta fin de semana arranca na Guarda unha nova edici\u00f3n de Tapearte\"}]},{\"@type\":\"WebSite\",\"@id\":\"https:\\\/\\\/www.turismoaguarda.es\\\/#website\",\"url\":\"https:\\\/\\\/www.turismoaguarda.es\\\/\",\"name\":\"Turismo A Guarda\",\"description\":\"Informaci\u00f3n tur\u00edstica de A Guarda y alrededores.\",\"potentialAction\":[{\"@type\":\"SearchAction\",\"target\":{\"@type\":\"EntryPoint\",\"urlTemplate\":\"https:\\\/\\\/www.turismoaguarda.es\\\/?s={search_term_string}\"},\"query-input\":{\"@type\":\"PropertyValueSpecification\",\"valueRequired\":true,\"valueName\":\"search_term_string\"}}],\"inLanguage\":\"gl\"},{\"@type\":\"Person\",\"@id\":\"https:\\\/\\\/www.turismoaguarda.es\\\/#\\\/schema\\\/person\\\/a8b0c27ad7bcbb6c19799e934727508e\",\"name\":\"Prensa A Guarda\",\"image\":{\"@type\":\"ImageObject\",\"inLanguage\":\"gl\",\"@id\":\"https:\\\/\\\/secure.gravatar.com\\\/avatar\\\/387e117f874ba5d0a3439060b45d914395d77287b2e4890a49d1599fc3ef9189?s=96&d=mm&r=g\",\"url\":\"https:\\\/\\\/secure.gravatar.com\\\/avatar\\\/387e117f874ba5d0a3439060b45d914395d77287b2e4890a49d1599fc3ef9189?s=96&d=mm&r=g\",\"contentUrl\":\"https:\\\/\\\/secure.gravatar.com\\\/avatar\\\/387e117f874ba5d0a3439060b45d914395d77287b2e4890a49d1599fc3ef9189?s=96&d=mm&r=g\",\"caption\":\"Prensa A Guarda\"},\"url\":\"https:\\\/\\\/www.turismoaguarda.es\\\/gl\\\/author\\\/prensa\\\/\"}]}<\/script>\n<!-- \/ Yoast SEO plugin. -->","yoast_head_json":{"title":"Esta fin de semana arranca na Guarda unha nova edici\u00f3n de Tapearte | Turismo A Guarda","robots":{"index":"index","follow":"follow","max-snippet":"max-snippet:-1","max-image-preview":"max-image-preview:large","max-video-preview":"max-video-preview:-1"},"canonical":"https:\/\/www.turismoaguarda.es\/gl\/esta-fin-de-semana-arranca-na-guarda-unha-nova-edicion-de-tapearte\/","og_locale":"en_US","og_type":"article","og_title":"Esta fin de semana arranca na Guarda unha nova edici\u00f3n de Tapearte | Turismo A Guarda","og_description":"Este xoves presentouse a Ruta gastron\u00f3mica Tapearte 2019, o evento culinario da primavera como complemento a unha ampla e variada programaci\u00f3n cultural como a Festa das Letras e o D\u00eda Internacional dos Museos. Un total de 16 bares e restaurantes da vila ofertar\u00e1n tapas os venres, s\u00e1bados e domingos en horario de 12:00h a 14:00hLeer m\u00e1is","og_url":"https:\/\/www.turismoaguarda.es\/gl\/esta-fin-de-semana-arranca-na-guarda-unha-nova-edicion-de-tapearte\/","og_site_name":"Turismo A Guarda","article_publisher":"https:\/\/es-es.facebook.com\/Turismo-A-Guarda-126223240790625\/","article_published_time":"2019-05-16T13:06:06+00:00","article_modified_time":"2019-05-16T13:06:30+00:00","og_image":[{"width":800,"height":533,"url":"https:\/\/www.turismoaguarda.es\/wp-content\/uploads\/2019\/05\/NP-16052019-Gastronom\u00eda-e-Arte-misturanse-na-Guarda-nunha-nova-edici\u00f3n-de-Tapearte-1-1.jpg","type":"image\/jpeg"}],"author":"Prensa A Guarda","twitter_card":"summary_large_image","twitter_creator":"@TurismoAGuarda","twitter_site":"@TurismoAGuarda","twitter_misc":{"Written by":"Prensa A Guarda","Est. reading time":"2 minutes"},"schema":{"@context":"https:\/\/schema.org","@graph":[{"@type":"Article","@id":"https:\/\/www.turismoaguarda.es\/gl\/esta-fin-de-semana-arranca-na-guarda-unha-nova-edicion-de-tapearte\/#article","isPartOf":{"@id":"https:\/\/www.turismoaguarda.es\/gl\/esta-fin-de-semana-arranca-na-guarda-unha-nova-edicion-de-tapearte\/"},"author":{"name":"Prensa A Guarda","@id":"https:\/\/www.turismoaguarda.es\/#\/schema\/person\/a8b0c27ad7bcbb6c19799e934727508e"},"headline":"Esta fin de semana arranca na Guarda unha nova edici\u00f3n de Tapearte","datePublished":"2019-05-16T13:06:06+00:00","dateModified":"2019-05-16T13:06:30+00:00","mainEntityOfPage":{"@id":"https:\/\/www.turismoaguarda.es\/gl\/esta-fin-de-semana-arranca-na-guarda-unha-nova-edicion-de-tapearte\/"},"wordCount":417,"commentCount":0,"image":{"@id":"https:\/\/www.turismoaguarda.es\/gl\/esta-fin-de-semana-arranca-na-guarda-unha-nova-edicion-de-tapearte\/#primaryimage"},"thumbnailUrl":"https:\/\/www.turismoaguarda.es\/wp-content\/uploads\/2019\/05\/NP-16052019-Gastronom\u00eda-e-Arte-misturanse-na-Guarda-nunha-nova-edici\u00f3n-de-Tapearte-1-1.jpg","keywords":["A Guarda","gastronom\u00eda.","tapearte","turismo"],"articleSection":["Novas Turismo"],"inLanguage":"gl","potentialAction":[{"@type":"CommentAction","name":"Comment","target":["https:\/\/www.turismoaguarda.es\/gl\/esta-fin-de-semana-arranca-na-guarda-unha-nova-edicion-de-tapearte\/#respond"]}]},{"@type":"WebPage","@id":"https:\/\/www.turismoaguarda.es\/gl\/esta-fin-de-semana-arranca-na-guarda-unha-nova-edicion-de-tapearte\/","url":"https:\/\/www.turismoaguarda.es\/gl\/esta-fin-de-semana-arranca-na-guarda-unha-nova-edicion-de-tapearte\/","name":"Esta fin de semana arranca na Guarda unha nova edici\u00f3n de Tapearte | Turismo A Guarda","isPartOf":{"@id":"https:\/\/www.turismoaguarda.es\/#website"},"primaryImageOfPage":{"@id":"https:\/\/www.turismoaguarda.es\/gl\/esta-fin-de-semana-arranca-na-guarda-unha-nova-edicion-de-tapearte\/#primaryimage"},"image":{"@id":"https:\/\/www.turismoaguarda.es\/gl\/esta-fin-de-semana-arranca-na-guarda-unha-nova-edicion-de-tapearte\/#primaryimage"},"thumbnailUrl":"https:\/\/www.turismoaguarda.es\/wp-content\/uploads\/2019\/05\/NP-16052019-Gastronom\u00eda-e-Arte-misturanse-na-Guarda-nunha-nova-edici\u00f3n-de-Tapearte-1-1.jpg","datePublished":"2019-05-16T13:06:06+00:00","dateModified":"2019-05-16T13:06:30+00:00","author":{"@id":"https:\/\/www.turismoaguarda.es\/#\/schema\/person\/a8b0c27ad7bcbb6c19799e934727508e"},"breadcrumb":{"@id":"https:\/\/www.turismoaguarda.es\/gl\/esta-fin-de-semana-arranca-na-guarda-unha-nova-edicion-de-tapearte\/#breadcrumb"},"inLanguage":"gl","potentialAction":[{"@type":"ReadAction","target":["https:\/\/www.turismoaguarda.es\/gl\/esta-fin-de-semana-arranca-na-guarda-unha-nova-edicion-de-tapearte\/"]}]},{"@type":"ImageObject","inLanguage":"gl","@id":"https:\/\/www.turismoaguarda.es\/gl\/esta-fin-de-semana-arranca-na-guarda-unha-nova-edicion-de-tapearte\/#primaryimage","url":"https:\/\/www.turismoaguarda.es\/wp-content\/uploads\/2019\/05\/NP-16052019-Gastronom\u00eda-e-Arte-misturanse-na-Guarda-nunha-nova-edici\u00f3n-de-Tapearte-1-1.jpg","contentUrl":"https:\/\/www.turismoaguarda.es\/wp-content\/uploads\/2019\/05\/NP-16052019-Gastronom\u00eda-e-Arte-misturanse-na-Guarda-nunha-nova-edici\u00f3n-de-Tapearte-1-1.jpg","width":800,"height":533,"caption":"Un total de 16 bares y restaurantes de la villa ofertar\u00e1n tapas los viernes, s\u00e1bados y domingos en horario de 12:00h a 14:00h y de 19:00h a 22:00h a un precio simb\u00f3lico de 2\u20ac la tapa."},{"@type":"BreadcrumbList","@id":"https:\/\/www.turismoaguarda.es\/gl\/esta-fin-de-semana-arranca-na-guarda-unha-nova-edicion-de-tapearte\/#breadcrumb","itemListElement":[{"@type":"ListItem","position":1,"name":"Portada","item":"https:\/\/www.turismoaguarda.es\/gl\/"},{"@type":"ListItem","position":2,"name":"Esta fin de semana arranca na Guarda unha nova edici\u00f3n de Tapearte"}]},{"@type":"WebSite","@id":"https:\/\/www.turismoaguarda.es\/#website","url":"https:\/\/www.turismoaguarda.es\/","name":"Turismo A Guarda","description":"Informaci\u00f3n tur\u00edstica de A Guarda y alrededores.","potentialAction":[{"@type":"SearchAction","target":{"@type":"EntryPoint","urlTemplate":"https:\/\/www.turismoaguarda.es\/?s={search_term_string}"},"query-input":{"@type":"PropertyValueSpecification","valueRequired":true,"valueName":"search_term_string"}}],"inLanguage":"gl"},{"@type":"Person","@id":"https:\/\/www.turismoaguarda.es\/#\/schema\/person\/a8b0c27ad7bcbb6c19799e934727508e","name":"Prensa A Guarda","image":{"@type":"ImageObject","inLanguage":"gl","@id":"https:\/\/secure.gravatar.com\/avatar\/387e117f874ba5d0a3439060b45d914395d77287b2e4890a49d1599fc3ef9189?s=96&d=mm&r=g","url":"https:\/\/secure.gravatar.com\/avatar\/387e117f874ba5d0a3439060b45d914395d77287b2e4890a49d1599fc3ef9189?s=96&d=mm&r=g","contentUrl":"https:\/\/secure.gravatar.com\/avatar\/387e117f874ba5d0a3439060b45d914395d77287b2e4890a49d1599fc3ef9189?s=96&d=mm&r=g","caption":"Prensa A Guarda"},"url":"https:\/\/www.turismoaguarda.es\/gl\/author\/prensa\/"}]}},"_links":{"self":[{"href":"https:\/\/www.turismoaguarda.es\/gl\/wp-json\/wp\/v2\/posts\/10462","targetHints":{"allow":["GET"]}}],"collection":[{"href":"https:\/\/www.turismoaguarda.es\/gl\/wp-json\/wp\/v2\/posts"}],"about":[{"href":"https:\/\/www.turismoaguarda.es\/gl\/wp-json\/wp\/v2\/types\/post"}],"author":[{"embeddable":true,"href":"https:\/\/www.turismoaguarda.es\/gl\/wp-json\/wp\/v2\/users\/11"}],"replies":[{"embeddable":true,"href":"https:\/\/www.turismoaguarda.es\/gl\/wp-json\/wp\/v2\/comments?post=10462"}],"version-history":[{"count":2,"href":"https:\/\/www.turismoaguarda.es\/gl\/wp-json\/wp\/v2\/posts\/10462\/revisions"}],"predecessor-version":[{"id":10482,"href":"https:\/\/www.turismoaguarda.es\/gl\/wp-json\/wp\/v2\/posts\/10462\/revisions\/10482"}],"wp:featuredmedia":[{"embeddable":true,"href":"https:\/\/www.turismoaguarda.es\/gl\/wp-json\/wp\/v2\/media\/10466"}],"wp:attachment":[{"href":"https:\/\/www.turismoaguarda.es\/gl\/wp-json\/wp\/v2\/media?parent=10462"}],"wp:term":[{"taxonomy":"category","embeddable":true,"href":"https:\/\/www.turismoaguarda.es\/gl\/wp-json\/wp\/v2\/categories?post=10462"},{"taxonomy":"post_tag","embeddable":true,"href":"https:\/\/www.turismoaguarda.es\/gl\/wp-json\/wp\/v2\/tags?post=10462"}],"curies":[{"name":"wp","href":"https:\/\/api.w.org\/{rel}","templated":true}]}}