{"id":10411,"date":"2019-05-09T14:32:33","date_gmt":"2019-05-09T12:32:33","guid":{"rendered":"http:\/\/www.turismoaguarda.es\/?p=10411"},"modified":"2019-05-09T14:35:03","modified_gmt":"2019-05-09T12:35:03","slug":"fin-de-semana-con-interesantes-propostas-na-guarda","status":"publish","type":"post","link":"https:\/\/www.turismoaguarda.es\/gl\/fin-de-semana-con-interesantes-propostas-na-guarda\/","title":{"rendered":"Fin de semana con interesantes propostas na Guarda"},"content":{"rendered":"<p style=\"text-align: justify;\">A Guarda prep\u00e1rase para a segunda fin de semana de maio, unha fin de semana na que destacan a III Mostra Asociativa, as visitas guiadas ao Monte Santa Trega, a actividade Geolod\u00eda09, a sesi\u00f3n de Contos Contados na Biblioteca, entre outras actividades para todas as idades.<\/p>\n<p style=\"text-align: justify;\"><strong>Venres 10:<\/strong><\/p>\n<p style=\"text-align: justify;\">A unidade m\u00f3bil do Centro de Transfusi\u00f3n de Galicia estar\u00e1 instalada na Guarda este venres d\u00eda 10 na R\u00faa Rosal\u00eda de Castro(Ao Car\u00f3n do Centro Cultural) en horario de 10:00 \u00e1s 14:00 e de 16:30 \u00e1s 21:00 horas.<\/p>\n<p style=\"text-align: justify;\"><strong>S\u00e1bado 11:<\/strong><\/p>\n<p style=\"text-align: justify;\">A unidade m\u00f3bil do Centro de Transfusi\u00f3n de Galicia estar\u00e1 instalada na Guarda este s\u00e1bado d\u00eda 11 de maio na R\u00faa Rosal\u00eda de Castro(Ao Car\u00f3n do Centro Cultural) en horario de 10:00 \u00e1s 15:00 horas.<\/p>\n<p style=\"text-align: justify;\">\u00c1s 11:30h realizarase a visita guiada ao Castro de Santa Trega, que ter\u00e1 como punto de encontro a vivenda reconstru\u00edda do Castro de Santa Trega e que ter\u00e1 unha duraci\u00f3n aproximada de 30 minutos.<\/p>\n<p style=\"text-align: justify;\">\u00c1s 12:30h e \u00e1s 17:00h ter\u00e1n lugar d\u00faas novas visitas guiadas ao Monte Santa Trega, con punto de encontro no Museo Arqueol\u00f3xico(MASAT) e que ter\u00e1n unha duraci\u00f3n aproximada de 90 minutos.<\/p>\n<p style=\"text-align: justify;\">Estas visitas guiadas son de car\u00e1cter gratu\u00edto e sen inscrici\u00f3n previa. Para grupos de m\u00e1is de 10 persoas \u00e9 obrigatorio facer unha reserva previa chamando ao tel\u00e9fono 986610504.<\/p>\n<p style=\"text-align: justify;\">A taxa de acceso ao Monte Santa Trega \u00e9 de 1\u20ac para adultos e 0,5\u20ac para menores de 14 anos.<\/p>\n<p style=\"text-align: justify;\">O Centro de Interpretaci\u00f3n das Fortalezas no Castelo de Santa Cruz acolle a Exposici\u00f3n de maquetas e figuras de Prax\u00edteles Gonz\u00e1lez na que se expo\u00f1en varias maquetas do artista rosaleiro, como Ponte do Tamuxe, Igrexa de Santa Mari\u00f1a do Rosal, Mu\u00ed\u00f1o Serradoiro e d\u00faas vivendas rosaleiras, todos este elementos do Rosal. Ademais das maquetas das Catedrais de Santiago e Notre Dame. Completa esta exposici\u00f3n unha selecci\u00f3n das m\u00e1is de 40 esculturas realizadas polo artista. Horario de 11:00h a 14:00h e de 16:00h a 19:00h. Entrada: 1\u20ac adultos e 0,5\u20ac ata 14 anos inclusive.<\/p>\n<p style=\"text-align: justify;\">Tam\u00e9n este s\u00e1bado \u00e1s 11:30h da ma\u00f1\u00e1 ter\u00e1 lugar a primeira sesi\u00f3n de Contos Contados do mes de maio, adicada especialmente ao \u00abD\u00eda das Letras Galegas\u00bb.<\/p>\n<p style=\"text-align: justify;\">Neste d\u00eda realizarase un obradoiro adicado a Ant\u00f3n Fraguas, no que os asistentes colorear\u00e1n as fichas did\u00e1cticas &#8220;Primavera das Letras&#8221; con ilustraci\u00f3ns inspiradas na vida e\u00a0\u00a0obra de Ant\u00f3n Fraguas. Este material \u00e9 unha iniciativa da Real Academia Galega.<\/p>\n<p style=\"text-align: justify;\">A Alameda da Guarda ser\u00e1 o escenario, unha vez m\u00e1is, para a celebraci\u00f3n da terceira edici\u00f3n da Mostra Asociativa, un evento multicultural no que as asociaci\u00f3ns da vila son as protagonistas dando a co\u00f1ecer o seu traballo a todos os asistentes.<\/p>\n<p style=\"text-align: justify;\">Un total de 30 colectivos e asociaci\u00f3ns da vila participar\u00e1n ao longo dunha gran xornada cargada de actividades e unha intensa programaci\u00f3n para todas as idades, que este ano arrancar\u00e1 \u00e1s 16:00h da tarde.<\/p>\n<p style=\"text-align: justify;\">Ademais dos stands individuais de cada colectivo, nos que tam\u00e9n se realizar\u00e1n actividades paralelas e se informar\u00e1 m\u00e1is pormenorizadamente sobre os servizos e obxectivos de cada Asociaci\u00f3n\/colectivo, a III Mostra asociativa conta coa seguinte programaci\u00f3n de actividades:<\/p>\n<p style=\"text-align: justify;\"><strong>Programa:<\/strong><\/p>\n<p style=\"text-align: justify;\">16:00h \u2013 Actuaci\u00f3n conxunta entre A Boalleira e Na Revolta<\/p>\n<p style=\"text-align: justify;\">16:30h \u2013 Exhibici\u00f3n de Danza Centro Do-Maj\u00f3<\/p>\n<p style=\"text-align: justify;\">18:00h \u2013 18:45h \u2013 Bloque de actuaci\u00f3ns conxuntas entre a Asociaci\u00f3n Vento Mareiro, Rock\u00b4n\u00b4Rolla, Xamaraina e o Coro Arpegios-Cant\u00e1bile.<\/p>\n<p style=\"text-align: justify;\">18:45h \u2013 Actuaci\u00f3n da Agrupaci\u00f3n Musical da Guarda<\/p>\n<p style=\"text-align: justify;\">19:15h \u2013 Ser\u00e1n coas actuaci\u00f3ns dos grupos Do Lusco \u00f3 Fusco e Vento Mareiro<\/p>\n<p style=\"text-align: justify;\">20:00h Actuaci\u00f3n das Pandereteiras da Agrupaci\u00f3n Cultural Guardesa<\/p>\n<p style=\"text-align: justify;\">20:30h Actuaci\u00f3n de Xerock<\/p>\n<p style=\"text-align: justify;\">A maiores ao longo da tarde haber\u00e1 actividades paralelas nas que se incl\u00faen a realizaci\u00f3n dunha alfombra floral, pr\u00e1ctica deportiva de remo erg\u00f3metro, un obradoiro de hockey e patinaxe, un obradoiro de decoraci\u00f3n de palma, un obradoiro de henna, un obradoiro de chapas, unha exhibici\u00f3n de skate, xogos, circuito e actividades de airsoft, obradoiro de n\u00f3s mari\u00f1eiros, sopas de letras, aparellos mari\u00f1eiros, photocall e moito m\u00e1is.<\/p>\n<p style=\"text-align: justify;\"><strong>Domingo 12:<\/strong><\/p>\n<p style=\"text-align: justify;\">Este domingo cel\u00e9brase en todo o pa\u00eds unha nova edici\u00f3n do Geolod\u00eda, toda unha serie de excursi\u00f3ns gratu\u00edtas coordinadas pola Sociedad Geol\u00f3gica de Espa\u00f1a, guiadas por xe\u00f3logos e xe\u00f3logas e abertas a todo tipo de p\u00fablico.<\/p>\n<p style=\"text-align: justify;\">Especial protagonismo ter\u00e1 o granito, tanto o do monte Santa Trega coma dos montes circundantes, fonte de orixe dun recurso moi importante, o caol\u00edn, por cuxa explotaci\u00f3n e aplicaci\u00f3n industrial destacou este municipio. \u201cFalaremos de como se forma o caol\u00edn a partir do granito e das condici\u00f3ns que deron lugar, entre o Mioceno e o Holoceno, aos xacementos de caol\u00edn da zona e, nesta li\u00f1a, descubriremos as evidencias do aproveitamento destes caol\u00edns desde o Neol\u00edtico e durante a cultura castrexa\u201d, recalcan.<\/p>\n<p style=\"text-align: justify;\">A actividade, gratu\u00edta e guiada, cel\u00e9brase este domingo d\u00eda 12 de maio no Monte Santa Trega da Guarda, as inscrici\u00f3ns est\u00e1n xa pechadas.<\/p>\n<p style=\"text-align: justify;\">\u00c1s 11:30h do domingo realizarase a visita guiada ao Castro de Santa Trega, que ter\u00e1 como punto de encontro a vivenda reconstru\u00edda do Castro de Santa Trega e que ter\u00e1 unha duraci\u00f3n aproximada de 30 minutos.<\/p>\n<p style=\"text-align: justify;\">\u00c1s 12:30h e \u00e1s 17:00h ter\u00e1n lugar d\u00faas novas visitas guiadas ao Monte Santa Trega, con punto de encontro no Museo Arqueol\u00f3xico(MASAT) e que ter\u00e1n unha duraci\u00f3n aproximada de 90 minutos.<\/p>\n<p style=\"text-align: justify;\">Estas visitas guiadas son de car\u00e1cter gratu\u00edto e sen inscrici\u00f3n previa. Para grupos de m\u00e1is de 10 persoas \u00e9 obrigatorio facer unha reserva previa chamando ao tel\u00e9fono 986610504.<\/p>\n<p style=\"text-align: justify;\">A taxa de acceso ao Monte Santa Trega \u00e9 de 1\u20ac para adultos e 0,5\u20ac para menores de 14 anos.<\/p>\n<p style=\"text-align: justify;\">O Centro de Interpretaci\u00f3n das Fortalezas no Castelo de Santa Cruz acolle a Exposici\u00f3n de maquetas e figuras de Prax\u00edteles Gonz\u00e1lez na que se expo\u00f1en varias maquetas do artista rosaleiro, como Ponte do Tamuxe, Igrexa de Santa Mari\u00f1a do Rosal, Mu\u00ed\u00f1o Serradoiro e d\u00faas vivendas rosaleiras, todos este elementos do Rosal. Ademais das maquetas das Catedrais de Santiago e Notre Dame. Completa esta exposici\u00f3n unha selecci\u00f3n das m\u00e1is de 40 esculturas realizadas polo artista. Horario de 11:00h a 14:00h e de 16:00h a 19:00h. Entrada: 1\u20ac adultos e 0,5\u20ac ata 14 anos inclusive.<\/p>\n","protected":false},"excerpt":{"rendered":"<p>A Guarda prep\u00e1rase para a segunda fin de semana de maio, unha fin de semana na que destacan a III Mostra Asociativa, as visitas guiadas ao Monte Santa Trega, a actividade Geolod\u00eda09, a sesi\u00f3n de Contos Contados na Biblioteca, entre outras actividades para todas as idades. Venres 10: A unidade m\u00f3bil do Centro de Transfusi\u00f3n<\/p>\n<div class=\"padding-top text-center\"><a href=\"https:\/\/www.turismoaguarda.es\/gl\/fin-de-semana-con-interesantes-propostas-na-guarda\/\" class=\"atbtn atbtn--medium atbtn--rounded atbtn--transparent\">Leer m\u00e1is<i class=\"atbtn__icon atbtn__icon--right fa fa-long-arrow-right\"><\/i><\/a><\/div>\n","protected":false},"author":11,"featured_media":10407,"comment_status":"open","ping_status":"open","sticky":false,"template":"","format":"standard","meta":{"footnotes":""},"categories":[94],"tags":[170,1122,214,899,171],"class_list":["post-10411","post","type-post","status-publish","format-standard","has-post-thumbnail","hentry","category-novas-turismo","tag-a-guarda-gl","tag-actividades","tag-cultura-gl","tag-fin-de-semana-gl","tag-turismo-gl"],"yoast_head":"<!-- This site is optimized with the Yoast SEO plugin v27.5 - https:\/\/yoast.com\/product\/yoast-seo-wordpress\/ -->\n<title>Fin de semana con interesantes propostas na Guarda | Turismo A Guarda<\/title>\n<meta name=\"robots\" content=\"index, follow, max-snippet:-1, max-image-preview:large, max-video-preview:-1\" \/>\n<link rel=\"canonical\" href=\"https:\/\/www.turismoaguarda.es\/gl\/fin-de-semana-con-interesantes-propostas-na-guarda\/\" \/>\n<meta property=\"og:locale\" content=\"en_US\" \/>\n<meta property=\"og:type\" content=\"article\" \/>\n<meta property=\"og:title\" content=\"Fin de semana con interesantes propostas na Guarda | Turismo A Guarda\" \/>\n<meta property=\"og:description\" content=\"A Guarda prep\u00e1rase para a segunda fin de semana de maio, unha fin de semana na que destacan a III Mostra Asociativa, as visitas guiadas ao Monte Santa Trega, a actividade Geolod\u00eda09, a sesi\u00f3n de Contos Contados na Biblioteca, entre outras actividades para todas as idades. Venres 10: A unidade m\u00f3bil do Centro de Transfusi\u00f3nLeer m\u00e1is\" \/>\n<meta property=\"og:url\" content=\"https:\/\/www.turismoaguarda.es\/gl\/fin-de-semana-con-interesantes-propostas-na-guarda\/\" \/>\n<meta property=\"og:site_name\" content=\"Turismo A Guarda\" \/>\n<meta property=\"article:publisher\" content=\"https:\/\/es-es.facebook.com\/Turismo-A-Guarda-126223240790625\/\" \/>\n<meta property=\"article:published_time\" content=\"2019-05-09T12:32:33+00:00\" \/>\n<meta property=\"article:modified_time\" content=\"2019-05-09T12:35:03+00:00\" \/>\n<meta property=\"og:image\" content=\"https:\/\/www.turismoaguarda.es\/wp-content\/uploads\/2019\/05\/WEB29.jpg\" \/>\n\t<meta property=\"og:image:width\" content=\"800\" \/>\n\t<meta property=\"og:image:height\" content=\"450\" \/>\n\t<meta property=\"og:image:type\" content=\"image\/jpeg\" \/>\n<meta name=\"author\" content=\"Prensa A Guarda\" \/>\n<meta name=\"twitter:card\" content=\"summary_large_image\" \/>\n<meta name=\"twitter:creator\" content=\"@TurismoAGuarda\" \/>\n<meta name=\"twitter:site\" content=\"@TurismoAGuarda\" \/>\n<meta name=\"twitter:label1\" content=\"Written by\" \/>\n\t<meta name=\"twitter:data1\" content=\"Prensa A Guarda\" \/>\n\t<meta name=\"twitter:label2\" content=\"Est. reading time\" \/>\n\t<meta name=\"twitter:data2\" content=\"5 minutes\" \/>\n<script type=\"application\/ld+json\" class=\"yoast-schema-graph\">{\"@context\":\"https:\\\/\\\/schema.org\",\"@graph\":[{\"@type\":\"Article\",\"@id\":\"https:\\\/\\\/www.turismoaguarda.es\\\/gl\\\/fin-de-semana-con-interesantes-propostas-na-guarda\\\/#article\",\"isPartOf\":{\"@id\":\"https:\\\/\\\/www.turismoaguarda.es\\\/gl\\\/fin-de-semana-con-interesantes-propostas-na-guarda\\\/\"},\"author\":{\"name\":\"Prensa A Guarda\",\"@id\":\"https:\\\/\\\/www.turismoaguarda.es\\\/#\\\/schema\\\/person\\\/a8b0c27ad7bcbb6c19799e934727508e\"},\"headline\":\"Fin de semana con interesantes propostas na Guarda\",\"datePublished\":\"2019-05-09T12:32:33+00:00\",\"dateModified\":\"2019-05-09T12:35:03+00:00\",\"mainEntityOfPage\":{\"@id\":\"https:\\\/\\\/www.turismoaguarda.es\\\/gl\\\/fin-de-semana-con-interesantes-propostas-na-guarda\\\/\"},\"wordCount\":1094,\"commentCount\":0,\"image\":{\"@id\":\"https:\\\/\\\/www.turismoaguarda.es\\\/gl\\\/fin-de-semana-con-interesantes-propostas-na-guarda\\\/#primaryimage\"},\"thumbnailUrl\":\"https:\\\/\\\/www.turismoaguarda.es\\\/wp-content\\\/uploads\\\/2019\\\/05\\\/WEB29.jpg\",\"keywords\":[\"A Guarda\",\"Actividades\",\"cultura\",\"fin de semana\",\"turismo\"],\"articleSection\":[\"Novas Turismo\"],\"inLanguage\":\"gl\",\"potentialAction\":[{\"@type\":\"CommentAction\",\"name\":\"Comment\",\"target\":[\"https:\\\/\\\/www.turismoaguarda.es\\\/gl\\\/fin-de-semana-con-interesantes-propostas-na-guarda\\\/#respond\"]}]},{\"@type\":\"WebPage\",\"@id\":\"https:\\\/\\\/www.turismoaguarda.es\\\/gl\\\/fin-de-semana-con-interesantes-propostas-na-guarda\\\/\",\"url\":\"https:\\\/\\\/www.turismoaguarda.es\\\/gl\\\/fin-de-semana-con-interesantes-propostas-na-guarda\\\/\",\"name\":\"Fin de semana con interesantes propostas na Guarda | Turismo A Guarda\",\"isPartOf\":{\"@id\":\"https:\\\/\\\/www.turismoaguarda.es\\\/#website\"},\"primaryImageOfPage\":{\"@id\":\"https:\\\/\\\/www.turismoaguarda.es\\\/gl\\\/fin-de-semana-con-interesantes-propostas-na-guarda\\\/#primaryimage\"},\"image\":{\"@id\":\"https:\\\/\\\/www.turismoaguarda.es\\\/gl\\\/fin-de-semana-con-interesantes-propostas-na-guarda\\\/#primaryimage\"},\"thumbnailUrl\":\"https:\\\/\\\/www.turismoaguarda.es\\\/wp-content\\\/uploads\\\/2019\\\/05\\\/WEB29.jpg\",\"datePublished\":\"2019-05-09T12:32:33+00:00\",\"dateModified\":\"2019-05-09T12:35:03+00:00\",\"author\":{\"@id\":\"https:\\\/\\\/www.turismoaguarda.es\\\/#\\\/schema\\\/person\\\/a8b0c27ad7bcbb6c19799e934727508e\"},\"breadcrumb\":{\"@id\":\"https:\\\/\\\/www.turismoaguarda.es\\\/gl\\\/fin-de-semana-con-interesantes-propostas-na-guarda\\\/#breadcrumb\"},\"inLanguage\":\"gl\",\"potentialAction\":[{\"@type\":\"ReadAction\",\"target\":[\"https:\\\/\\\/www.turismoaguarda.es\\\/gl\\\/fin-de-semana-con-interesantes-propostas-na-guarda\\\/\"]}]},{\"@type\":\"ImageObject\",\"inLanguage\":\"gl\",\"@id\":\"https:\\\/\\\/www.turismoaguarda.es\\\/gl\\\/fin-de-semana-con-interesantes-propostas-na-guarda\\\/#primaryimage\",\"url\":\"https:\\\/\\\/www.turismoaguarda.es\\\/wp-content\\\/uploads\\\/2019\\\/05\\\/WEB29.jpg\",\"contentUrl\":\"https:\\\/\\\/www.turismoaguarda.es\\\/wp-content\\\/uploads\\\/2019\\\/05\\\/WEB29.jpg\",\"width\":800,\"height\":450,\"caption\":\"A Guarda se prepara para el segundo fin de semana de mayo, un fin de semana en el que destaca la III Muestra Asociativa, las visitas guiadas al Monte Santa Trega, la actividad Geolod\u00eda09, la sesi\u00f3n de Cuentos Contados en la biblioteca municipal, entre otras actividades para todas las edades.\"},{\"@type\":\"BreadcrumbList\",\"@id\":\"https:\\\/\\\/www.turismoaguarda.es\\\/gl\\\/fin-de-semana-con-interesantes-propostas-na-guarda\\\/#breadcrumb\",\"itemListElement\":[{\"@type\":\"ListItem\",\"position\":1,\"name\":\"Portada\",\"item\":\"https:\\\/\\\/www.turismoaguarda.es\\\/gl\\\/\"},{\"@type\":\"ListItem\",\"position\":2,\"name\":\"Fin de semana con interesantes propostas na Guarda\"}]},{\"@type\":\"WebSite\",\"@id\":\"https:\\\/\\\/www.turismoaguarda.es\\\/#website\",\"url\":\"https:\\\/\\\/www.turismoaguarda.es\\\/\",\"name\":\"Turismo A Guarda\",\"description\":\"Informaci\u00f3n tur\u00edstica de A Guarda y alrededores.\",\"potentialAction\":[{\"@type\":\"SearchAction\",\"target\":{\"@type\":\"EntryPoint\",\"urlTemplate\":\"https:\\\/\\\/www.turismoaguarda.es\\\/?s={search_term_string}\"},\"query-input\":{\"@type\":\"PropertyValueSpecification\",\"valueRequired\":true,\"valueName\":\"search_term_string\"}}],\"inLanguage\":\"gl\"},{\"@type\":\"Person\",\"@id\":\"https:\\\/\\\/www.turismoaguarda.es\\\/#\\\/schema\\\/person\\\/a8b0c27ad7bcbb6c19799e934727508e\",\"name\":\"Prensa A Guarda\",\"image\":{\"@type\":\"ImageObject\",\"inLanguage\":\"gl\",\"@id\":\"https:\\\/\\\/secure.gravatar.com\\\/avatar\\\/387e117f874ba5d0a3439060b45d914395d77287b2e4890a49d1599fc3ef9189?s=96&d=mm&r=g\",\"url\":\"https:\\\/\\\/secure.gravatar.com\\\/avatar\\\/387e117f874ba5d0a3439060b45d914395d77287b2e4890a49d1599fc3ef9189?s=96&d=mm&r=g\",\"contentUrl\":\"https:\\\/\\\/secure.gravatar.com\\\/avatar\\\/387e117f874ba5d0a3439060b45d914395d77287b2e4890a49d1599fc3ef9189?s=96&d=mm&r=g\",\"caption\":\"Prensa A Guarda\"},\"url\":\"https:\\\/\\\/www.turismoaguarda.es\\\/gl\\\/author\\\/prensa\\\/\"}]}<\/script>\n<!-- \/ Yoast SEO plugin. -->","yoast_head_json":{"title":"Fin de semana con interesantes propostas na Guarda | Turismo A Guarda","robots":{"index":"index","follow":"follow","max-snippet":"max-snippet:-1","max-image-preview":"max-image-preview:large","max-video-preview":"max-video-preview:-1"},"canonical":"https:\/\/www.turismoaguarda.es\/gl\/fin-de-semana-con-interesantes-propostas-na-guarda\/","og_locale":"en_US","og_type":"article","og_title":"Fin de semana con interesantes propostas na Guarda | Turismo A Guarda","og_description":"A Guarda prep\u00e1rase para a segunda fin de semana de maio, unha fin de semana na que destacan a III Mostra Asociativa, as visitas guiadas ao Monte Santa Trega, a actividade Geolod\u00eda09, a sesi\u00f3n de Contos Contados na Biblioteca, entre outras actividades para todas as idades. Venres 10: A unidade m\u00f3bil do Centro de Transfusi\u00f3nLeer m\u00e1is","og_url":"https:\/\/www.turismoaguarda.es\/gl\/fin-de-semana-con-interesantes-propostas-na-guarda\/","og_site_name":"Turismo A Guarda","article_publisher":"https:\/\/es-es.facebook.com\/Turismo-A-Guarda-126223240790625\/","article_published_time":"2019-05-09T12:32:33+00:00","article_modified_time":"2019-05-09T12:35:03+00:00","og_image":[{"width":800,"height":450,"url":"https:\/\/www.turismoaguarda.es\/wp-content\/uploads\/2019\/05\/WEB29.jpg","type":"image\/jpeg"}],"author":"Prensa A Guarda","twitter_card":"summary_large_image","twitter_creator":"@TurismoAGuarda","twitter_site":"@TurismoAGuarda","twitter_misc":{"Written by":"Prensa A Guarda","Est. reading time":"5 minutes"},"schema":{"@context":"https:\/\/schema.org","@graph":[{"@type":"Article","@id":"https:\/\/www.turismoaguarda.es\/gl\/fin-de-semana-con-interesantes-propostas-na-guarda\/#article","isPartOf":{"@id":"https:\/\/www.turismoaguarda.es\/gl\/fin-de-semana-con-interesantes-propostas-na-guarda\/"},"author":{"name":"Prensa A Guarda","@id":"https:\/\/www.turismoaguarda.es\/#\/schema\/person\/a8b0c27ad7bcbb6c19799e934727508e"},"headline":"Fin de semana con interesantes propostas na Guarda","datePublished":"2019-05-09T12:32:33+00:00","dateModified":"2019-05-09T12:35:03+00:00","mainEntityOfPage":{"@id":"https:\/\/www.turismoaguarda.es\/gl\/fin-de-semana-con-interesantes-propostas-na-guarda\/"},"wordCount":1094,"commentCount":0,"image":{"@id":"https:\/\/www.turismoaguarda.es\/gl\/fin-de-semana-con-interesantes-propostas-na-guarda\/#primaryimage"},"thumbnailUrl":"https:\/\/www.turismoaguarda.es\/wp-content\/uploads\/2019\/05\/WEB29.jpg","keywords":["A Guarda","Actividades","cultura","fin de semana","turismo"],"articleSection":["Novas Turismo"],"inLanguage":"gl","potentialAction":[{"@type":"CommentAction","name":"Comment","target":["https:\/\/www.turismoaguarda.es\/gl\/fin-de-semana-con-interesantes-propostas-na-guarda\/#respond"]}]},{"@type":"WebPage","@id":"https:\/\/www.turismoaguarda.es\/gl\/fin-de-semana-con-interesantes-propostas-na-guarda\/","url":"https:\/\/www.turismoaguarda.es\/gl\/fin-de-semana-con-interesantes-propostas-na-guarda\/","name":"Fin de semana con interesantes propostas na Guarda | Turismo A Guarda","isPartOf":{"@id":"https:\/\/www.turismoaguarda.es\/#website"},"primaryImageOfPage":{"@id":"https:\/\/www.turismoaguarda.es\/gl\/fin-de-semana-con-interesantes-propostas-na-guarda\/#primaryimage"},"image":{"@id":"https:\/\/www.turismoaguarda.es\/gl\/fin-de-semana-con-interesantes-propostas-na-guarda\/#primaryimage"},"thumbnailUrl":"https:\/\/www.turismoaguarda.es\/wp-content\/uploads\/2019\/05\/WEB29.jpg","datePublished":"2019-05-09T12:32:33+00:00","dateModified":"2019-05-09T12:35:03+00:00","author":{"@id":"https:\/\/www.turismoaguarda.es\/#\/schema\/person\/a8b0c27ad7bcbb6c19799e934727508e"},"breadcrumb":{"@id":"https:\/\/www.turismoaguarda.es\/gl\/fin-de-semana-con-interesantes-propostas-na-guarda\/#breadcrumb"},"inLanguage":"gl","potentialAction":[{"@type":"ReadAction","target":["https:\/\/www.turismoaguarda.es\/gl\/fin-de-semana-con-interesantes-propostas-na-guarda\/"]}]},{"@type":"ImageObject","inLanguage":"gl","@id":"https:\/\/www.turismoaguarda.es\/gl\/fin-de-semana-con-interesantes-propostas-na-guarda\/#primaryimage","url":"https:\/\/www.turismoaguarda.es\/wp-content\/uploads\/2019\/05\/WEB29.jpg","contentUrl":"https:\/\/www.turismoaguarda.es\/wp-content\/uploads\/2019\/05\/WEB29.jpg","width":800,"height":450,"caption":"A Guarda se prepara para el segundo fin de semana de mayo, un fin de semana en el que destaca la III Muestra Asociativa, las visitas guiadas al Monte Santa Trega, la actividad Geolod\u00eda09, la sesi\u00f3n de Cuentos Contados en la biblioteca municipal, entre otras actividades para todas las edades."},{"@type":"BreadcrumbList","@id":"https:\/\/www.turismoaguarda.es\/gl\/fin-de-semana-con-interesantes-propostas-na-guarda\/#breadcrumb","itemListElement":[{"@type":"ListItem","position":1,"name":"Portada","item":"https:\/\/www.turismoaguarda.es\/gl\/"},{"@type":"ListItem","position":2,"name":"Fin de semana con interesantes propostas na Guarda"}]},{"@type":"WebSite","@id":"https:\/\/www.turismoaguarda.es\/#website","url":"https:\/\/www.turismoaguarda.es\/","name":"Turismo A Guarda","description":"Informaci\u00f3n tur\u00edstica de A Guarda y alrededores.","potentialAction":[{"@type":"SearchAction","target":{"@type":"EntryPoint","urlTemplate":"https:\/\/www.turismoaguarda.es\/?s={search_term_string}"},"query-input":{"@type":"PropertyValueSpecification","valueRequired":true,"valueName":"search_term_string"}}],"inLanguage":"gl"},{"@type":"Person","@id":"https:\/\/www.turismoaguarda.es\/#\/schema\/person\/a8b0c27ad7bcbb6c19799e934727508e","name":"Prensa A Guarda","image":{"@type":"ImageObject","inLanguage":"gl","@id":"https:\/\/secure.gravatar.com\/avatar\/387e117f874ba5d0a3439060b45d914395d77287b2e4890a49d1599fc3ef9189?s=96&d=mm&r=g","url":"https:\/\/secure.gravatar.com\/avatar\/387e117f874ba5d0a3439060b45d914395d77287b2e4890a49d1599fc3ef9189?s=96&d=mm&r=g","contentUrl":"https:\/\/secure.gravatar.com\/avatar\/387e117f874ba5d0a3439060b45d914395d77287b2e4890a49d1599fc3ef9189?s=96&d=mm&r=g","caption":"Prensa A Guarda"},"url":"https:\/\/www.turismoaguarda.es\/gl\/author\/prensa\/"}]}},"_links":{"self":[{"href":"https:\/\/www.turismoaguarda.es\/gl\/wp-json\/wp\/v2\/posts\/10411","targetHints":{"allow":["GET"]}}],"collection":[{"href":"https:\/\/www.turismoaguarda.es\/gl\/wp-json\/wp\/v2\/posts"}],"about":[{"href":"https:\/\/www.turismoaguarda.es\/gl\/wp-json\/wp\/v2\/types\/post"}],"author":[{"embeddable":true,"href":"https:\/\/www.turismoaguarda.es\/gl\/wp-json\/wp\/v2\/users\/11"}],"replies":[{"embeddable":true,"href":"https:\/\/www.turismoaguarda.es\/gl\/wp-json\/wp\/v2\/comments?post=10411"}],"version-history":[{"count":1,"href":"https:\/\/www.turismoaguarda.es\/gl\/wp-json\/wp\/v2\/posts\/10411\/revisions"}],"predecessor-version":[{"id":10415,"href":"https:\/\/www.turismoaguarda.es\/gl\/wp-json\/wp\/v2\/posts\/10411\/revisions\/10415"}],"wp:featuredmedia":[{"embeddable":true,"href":"https:\/\/www.turismoaguarda.es\/gl\/wp-json\/wp\/v2\/media\/10407"}],"wp:attachment":[{"href":"https:\/\/www.turismoaguarda.es\/gl\/wp-json\/wp\/v2\/media?parent=10411"}],"wp:term":[{"taxonomy":"category","embeddable":true,"href":"https:\/\/www.turismoaguarda.es\/gl\/wp-json\/wp\/v2\/categories?post=10411"},{"taxonomy":"post_tag","embeddable":true,"href":"https:\/\/www.turismoaguarda.es\/gl\/wp-json\/wp\/v2\/tags?post=10411"}],"curies":[{"name":"wp","href":"https:\/\/api.w.org\/{rel}","templated":true}]}}