{"id":11998,"global_id":"www.turismoaguarda.es\/gl\/?id=11998","global_id_lineage":["www.turismoaguarda.es\/gl\/?id=11998"],"author":"15","status":"publish","date":"2019-09-05 10:56:09","date_utc":"2019-09-05 08:56:09","modified":"2019-09-05 11:06:53","modified_utc":"2019-09-05 09:06:53","url":"https:\/\/www.turismoaguarda.es\/gl\/event\/ii-concurso-degustacion-de-reposteria-e-tortillas\/","rest_url":"https:\/\/www.turismoaguarda.es\/gl\/wp-json\/tribe\/events\/v1\/events\/11998","title":"II Concurso degustaci\u00f3n de reposter\u00eda e tortillas e Ser\u00e1n na G\u00e1ndara","description":"<p>Pola tarde na Praza dos Seixi\u00f1os<\/p>\n<p>Ser\u00e1n a partir das 21:00 hrs. na Praza dos Seixi\u00f1os<\/p>\n<p>Organiza: A.V. O Percamino<\/p>\n<p>Colabora: Concello da Guarda<\/p>","excerpt":"","slug":"ii-concurso-degustacion-de-reposteria-e-tortillas","image":false,"all_day":false,"start_date":"2019-09-14 00:00:00","start_date_details":{"year":"2019","month":"09","day":"14","hour":"00","minutes":"00","seconds":"00"},"end_date":"2019-09-14 00:00:00","end_date_details":{"year":"2019","month":"09","day":"14","hour":"00","minutes":"00","seconds":"00"},"utc_start_date":"2019-09-13 22:00:00","utc_start_date_details":{"year":"2019","month":"09","day":"13","hour":"22","minutes":"00","seconds":"00"},"utc_end_date":"2019-09-13 22:00:00","utc_end_date_details":{"year":"2019","month":"09","day":"13","hour":"22","minutes":"00","seconds":"00"},"timezone":"Europe\/Madrid","timezone_abbr":"CEST","cost":"","cost_details":{"currency_symbol":"","currency_code":"","currency_position":"suffix","values":[]},"website":"","show_map":true,"show_map_link":true,"hide_from_listings":false,"sticky":false,"featured":false,"categories":[{"name":"Festas","slug":"festas","term_group":0,"term_taxonomy_id":1554,"taxonomy":"tribe_events_cat","description":"","parent":0,"count":9,"filter":"raw","term_icon":null,"id":1554,"urls":{"self":"https:\/\/www.turismoaguarda.es\/gl\/wp-json\/tribe\/events\/v1\/categories\/1554","collection":"https:\/\/www.turismoaguarda.es\/gl\/wp-json\/tribe\/events\/v1\/categories"}}],"tags":[],"venue":[],"organizer":[],"custom_fields":[],"json_ld":{"@context":"http:\/\/schema.org","@type":"Event","name":"II Concurso degustaci\u00f3n de reposter\u00eda e tortillas e Ser\u00e1n na G\u00e1ndara","description":"&lt;p&gt;Pola tarde na Praza dos Seixi\u00f1os Ser\u00e1n a partir das 21:00 hrs. na Praza dos Seixi\u00f1os Organiza: A.V. O Percamino Colabora: Concello da Guarda&lt;\/p&gt;\\n","url":"https:\/\/www.turismoaguarda.es\/gl\/event\/ii-concurso-degustacion-de-reposteria-e-tortillas\/","eventAttendanceMode":"https:\/\/schema.org\/OfflineEventAttendanceMode","eventStatus":"https:\/\/schema.org\/EventScheduled","startDate":"2019-09-14T00:00:00+02:00","endDate":"2019-09-14T00:00:00+02:00","performer":"Organization"}}