{"id":9976,"date":"2019-04-04T11:41:21","date_gmt":"2019-04-04T11:41:21","guid":{"rendered":"http:\/\/www.turismoaguarda.es\/?p=9976"},"modified":"2019-04-04T11:43:08","modified_gmt":"2019-04-04T11:43:08","slug":"teatro-musica-deporte-y-gastronomia-en-el-primer-fin-de-semana-de-abril-en-a-guarda","status":"publish","type":"post","link":"https:\/\/www.turismoaguarda.es\/en\/teatro-musica-deporte-y-gastronomia-en-el-primer-fin-de-semana-de-abril-en-a-guarda\/","title":{"rendered":"Teatro, m\u00fasica, deporte y gastronom\u00eda en el primer fin de semana de abril en A Guarda"},"content":{"rendered":"<p style=\"text-align: justify;\">A Guarda recibe el primer fin de semana del mes de abril con una intensa programaci\u00f3n de actividades entre las que destacan la celebraci\u00f3n de un showcooking sobre la lamprea, enmarcado en los fines de semana gastron\u00f3micos, la representaci\u00f3n teatral de \u00abBernarda\u00bb, el Concierto del grupo folk Na Revolta, la Prueba deportiva Baixo Mi\u00f1o Enduro Experience y el Concierto de la Orquesta KV2211.<\/p>\n<p style=\"text-align: center;\"><em><strong>Programaci\u00f3n por d\u00edas:<\/strong><\/em><\/p>\n<p style=\"text-align: justify;\"><strong>Viernes 5 de abril:<\/strong><\/p>\n<p style=\"text-align: justify;\">Este viernes d\u00eda 5 de abril la Plaza de Abastos de A Guarda ser\u00e1 el escenario para la realizaci\u00f3n de un Showcooking en el que un restaurador de la villa cocinar\u00e1 la lamprea del R\u00edo Mi\u00f1o elaborada con la receta tradicional \u201c\u00c1 bordalesa\u201d. Tambi\u00e9n se elaborar\u00e1 otra receta especial con la lamprea para que los asistentes la degusten gratuitamente.<\/p>\n<p style=\"text-align: justify;\">Esta actividad gastron\u00f3mica tendr\u00e1 lugar entre las 11:00h y las 12:30h de la ma\u00f1ana en la planta baja de la Praza de Abastos de la localidad, donde todos y todas las que as\u00ed lo deseen podr\u00e1n conocer c\u00f3mo elaborar este manjar del R\u00edo Mi\u00f1o, siguiendo las instruciones de un profesional de la hosteler\u00eda guardesa.<\/p>\n<p style=\"text-align: justify;\">Este Showcooking est\u00e1 enmarcado en los fines de semana gastron\u00f3micos que se extienden hasta el 14 de abril y en los que se puede degustar la lamprea del Mi\u00f1o en su preparaci\u00f3n m\u00e1s tradicional, a la bordalesa, a un precio \u00fanico por raci\u00f3n de 22\u20ac. La lamprea entera tendr\u00e1 un precio de 65\u20ac en los restaurantes Area Grande, Arruaz, Br\u00e9tema, Bar Casa Aquilino, Enxebre, La Pizzicata, Marbella, O Cangrexal, O Roxo e Xantar.<\/p>\n<p style=\"text-align: justify;\">Tambi\u00e9n en la jornada de este viernes d\u00eda 5 de abril el Centro Cultural de A Guarda ser\u00e1 el escenario para la representaci\u00f3n teatral de \u00abBernarda\u00bb a cargo de la Compa\u00f1\u00eda Malasombra Produci\u00f3ns, a las 21:00h de la noche, las entradas para este espect\u00e1culo est\u00e1n ya agotadas.<\/p>\n<p style=\"text-align: justify;\"><strong>S\u00e1bado 6 de abril:<\/strong><\/p>\n<p style=\"text-align: justify;\">En la jornada del s\u00e1bado d\u00eda 6 de abril el Auditorio del Centro Cultural de A Guarda acoge a las 20:30h el Concierto y grabaci\u00f3n del Grupo Folk local Na Revolta para la posterior edici\u00f3n y lanzamiento de su segundo trabajo discogr\u00e1fico que llevar\u00e1 por nombre \u00abDale al ON\u00bb.<\/p>\n<p style=\"text-align: justify;\">Esta grabaci\u00f3n se realiza despu\u00e9s de que el a\u00f1o pasado celebraran su 15+2 aniversario(17 a\u00f1os) con un Concierto en el mismo lugar. La iniciativa de grabar este segundo disco-concierto surge de las demandas de los propios seguidores de Na Revolta. Adem\u00e1s, siendo un grupo de amistad, estas grabaciones quedan en el recuerdo de sus integrantes para siempre. El Grupo Na Revolta siempre estuvo formado por antig\u00fcos integrantes del Grupo de Baile y Gaitas Semente Nova y posteriormente Trullada, ambos llevados a cabo y dirigidos por Mar\u00eda Asunci\u00f3n. A ella le deben la uni\u00f3n de amistad y m\u00fasica ya que Iv\u00e1n G\u00f3mez, Mar\u00eda Elena Baz, Miguel Rodr\u00edguez y Xurxo Ameal fueron componentes de dichos grupos, un\u00edendose despu\u00e9s tambi\u00e9n las parejas Silvia Castro y Diego Gonz\u00e1lez. Durante unos a\u00f1os form\u00f3 parte de Na Revolta tambi\u00e9n Eduardo Rodr\u00edguez, integrante adem\u00e1s de los grupos citados. Na Revolta lleva 18 a\u00f1os ensayando, creando y tocando m\u00fasica tradicional-folk gallega, teniendo en estos a\u00f1os muchas actuacionrs, tanto a nivel local, como gallego, acudiendo a programas de televisi\u00f3n y fiestas de diferentes puntos de Galicia. Las actuaciones m\u00e1s memorables de Na Revolta fueron en el Festival Interceltique de Lorient y la actuaci\u00f3n en el Festival As Penizas Folk, compartiendo escenario con Berroguetto, una de sus mayores inspiraciones.<\/p>\n<p style=\"text-align: justify;\"><strong>Domingo 7 de abril:<\/strong><\/p>\n<p style=\"text-align: justify;\">Este domingo A Guarda acoge la \u201cBaixo Mi\u00f1o Enduro Experience\u201d, unna prueba puntuable en el Open de Galicia de Enduro, en la que se espera la participaci\u00f3n de unos 200 ciclistas, y que tiene la particularidad de contar con 5 tramos cronometrados con un rercorrido que se realiza en un entorno id\u00edlico para la pr\u00e1ctica de la disciplina de Enduro, con unos paisajes espectaculares con el r\u00edo Mi\u00f1o, la Costa y el Porto de A Guarda, los Castros de Santa Trega, el Rosal y sus vi\u00f1edos y la desembocadura del Mi\u00f1o.<\/p>\n<p style=\"text-align: justify;\">Los participantes saldr\u00e1n a las 8:30h desde la Alameda de A Guarda para dirigirse hasta el Monte Terroso, donde realizar\u00e1n los primeros cuatro tramos cronometrados, desde all\u00ed se desplazar\u00e1n hasta el Monte Santa Trega, donde se realizar\u00e1 el tramo cronometrado final, terminando este en la careretera de Circunvalaci\u00f3n al Monte Santa Trega y dirig\u00edndose despu\u00e9s a la Alameda de A Guarda, donde tendr\u00e1 lugar la entrega de premios.<\/p>\n<p style=\"text-align: justify;\">Por otra parte el Centro Cultural de A Guarda ser\u00e1 el escenario de la celebraci\u00f3n de un concierto de la Orquesta Infantil y Juvenil Kv2211 de Vigo, programado para las 12:00h, con entrada gratuita hasta completar aforo.<\/p>\n","protected":false},"excerpt":{"rendered":"<p>A Guarda recibe el primer fin de semana del mes de abril con una intensa programaci\u00f3n de actividades entre las que destacan la celebraci\u00f3n de un showcooking sobre la lamprea, enmarcado en los fines de semana gastron\u00f3micos, la representaci\u00f3n teatral de \u00abBernarda\u00bb, el Concierto del grupo folk Na Revolta, la Prueba deportiva Baixo Mi\u00f1o Enduro<\/p>\n<div class=\"padding-top text-center\"><a href=\"https:\/\/www.turismoaguarda.es\/en\/teatro-musica-deporte-y-gastronomia-en-el-primer-fin-de-semana-de-abril-en-a-guarda\/\" class=\"atbtn atbtn--medium atbtn--rounded atbtn--transparent\">Read more<i class=\"atbtn__icon atbtn__icon--right fa fa-long-arrow-right\"><\/i><\/a><\/div>\n","protected":false},"author":11,"featured_media":9977,"comment_status":"open","ping_status":"open","sticky":false,"template":"","format":"standard","meta":{"footnotes":""},"categories":[44],"tags":[169,1540,202,229,571],"class_list":["post-9976","post","type-post","status-publish","format-standard","has-post-thumbnail","hentry","category-noticias-turismo","tag-a-guarda","tag-concierto","tag-cultura","tag-deporte","tag-gastronomia"],"yoast_head":"<!-- This site is optimized with the Yoast SEO plugin v27.5 - https:\/\/yoast.com\/product\/yoast-seo-wordpress\/ -->\n<title>Teatro, m\u00fasica, deporte y gastronom\u00eda en el primer fin de semana de abril en A Guarda | Turismo A Guarda<\/title>\n<meta name=\"robots\" content=\"index, follow, max-snippet:-1, max-image-preview:large, max-video-preview:-1\" \/>\n<link rel=\"canonical\" href=\"https:\/\/www.turismoaguarda.es\/teatro-musica-deporte-y-gastronomia-en-el-primer-fin-de-semana-de-abril-en-a-guarda\/\" \/>\n<meta property=\"og:locale\" content=\"en_US\" \/>\n<meta property=\"og:type\" content=\"article\" \/>\n<meta property=\"og:title\" content=\"Teatro, m\u00fasica, deporte y gastronom\u00eda en el primer fin de semana de abril en A Guarda | Turismo A Guarda\" \/>\n<meta property=\"og:description\" content=\"A Guarda recibe el primer fin de semana del mes de abril con una intensa programaci\u00f3n de actividades entre las que destacan la celebraci\u00f3n de un showcooking sobre la lamprea, enmarcado en los fines de semana gastron\u00f3micos, la representaci\u00f3n teatral de \u00abBernarda\u00bb, el Concierto del grupo folk Na Revolta, la Prueba deportiva Baixo Mi\u00f1o EnduroRead more\" \/>\n<meta property=\"og:url\" content=\"https:\/\/www.turismoaguarda.es\/teatro-musica-deporte-y-gastronomia-en-el-primer-fin-de-semana-de-abril-en-a-guarda\/\" \/>\n<meta property=\"og:site_name\" content=\"Turismo A Guarda\" \/>\n<meta property=\"article:publisher\" content=\"https:\/\/es-es.facebook.com\/Turismo-A-Guarda-126223240790625\/\" \/>\n<meta property=\"article:published_time\" content=\"2019-04-04T11:41:21+00:00\" \/>\n<meta property=\"article:modified_time\" content=\"2019-04-04T11:43:08+00:00\" \/>\n<meta property=\"og:image\" content=\"https:\/\/www.turismoaguarda.es\/wp-content\/uploads\/2019\/04\/NP-04042019-Teatro-m--sica-deporte-e-gastronom--a-na-primeira-fin-de-semana-de-abril-na-Guarda.jpg\" \/>\n\t<meta property=\"og:image:width\" content=\"800\" \/>\n\t<meta property=\"og:image:height\" content=\"800\" \/>\n\t<meta property=\"og:image:type\" content=\"image\/jpeg\" \/>\n<meta name=\"author\" content=\"Prensa A Guarda\" \/>\n<meta name=\"twitter:card\" content=\"summary_large_image\" \/>\n<meta name=\"twitter:creator\" content=\"@TurismoAGuarda\" \/>\n<meta name=\"twitter:site\" content=\"@TurismoAGuarda\" \/>\n<meta name=\"twitter:label1\" content=\"Written by\" \/>\n\t<meta name=\"twitter:data1\" content=\"Prensa A Guarda\" \/>\n\t<meta name=\"twitter:label2\" content=\"Est. reading time\" \/>\n\t<meta name=\"twitter:data2\" content=\"4 minutes\" \/>\n<script type=\"application\/ld+json\" class=\"yoast-schema-graph\">{\"@context\":\"https:\\\/\\\/schema.org\",\"@graph\":[{\"@type\":\"Article\",\"@id\":\"https:\\\/\\\/www.turismoaguarda.es\\\/teatro-musica-deporte-y-gastronomia-en-el-primer-fin-de-semana-de-abril-en-a-guarda\\\/#article\",\"isPartOf\":{\"@id\":\"https:\\\/\\\/www.turismoaguarda.es\\\/teatro-musica-deporte-y-gastronomia-en-el-primer-fin-de-semana-de-abril-en-a-guarda\\\/\"},\"author\":{\"name\":\"Prensa A Guarda\",\"@id\":\"https:\\\/\\\/www.turismoaguarda.es\\\/#\\\/schema\\\/person\\\/a8b0c27ad7bcbb6c19799e934727508e\"},\"headline\":\"Teatro, m\u00fasica, deporte y gastronom\u00eda en el primer fin de semana de abril en A Guarda\",\"datePublished\":\"2019-04-04T11:41:21+00:00\",\"dateModified\":\"2019-04-04T11:43:08+00:00\",\"mainEntityOfPage\":{\"@id\":\"https:\\\/\\\/www.turismoaguarda.es\\\/teatro-musica-deporte-y-gastronomia-en-el-primer-fin-de-semana-de-abril-en-a-guarda\\\/\"},\"wordCount\":850,\"commentCount\":0,\"image\":{\"@id\":\"https:\\\/\\\/www.turismoaguarda.es\\\/teatro-musica-deporte-y-gastronomia-en-el-primer-fin-de-semana-de-abril-en-a-guarda\\\/#primaryimage\"},\"thumbnailUrl\":\"https:\\\/\\\/www.turismoaguarda.es\\\/wp-content\\\/uploads\\\/2019\\\/04\\\/NP-04042019-Teatro-m--sica-deporte-e-gastronom--a-na-primeira-fin-de-semana-de-abril-na-Guarda.jpg\",\"keywords\":[\"A Guarda\",\"concierto\",\"cultura\",\"deporte\",\"gastronom\u00eda.\"],\"articleSection\":[\"Noticias Turismo\"],\"inLanguage\":\"en-US\",\"potentialAction\":[{\"@type\":\"CommentAction\",\"name\":\"Comment\",\"target\":[\"https:\\\/\\\/www.turismoaguarda.es\\\/teatro-musica-deporte-y-gastronomia-en-el-primer-fin-de-semana-de-abril-en-a-guarda\\\/#respond\"]}]},{\"@type\":\"WebPage\",\"@id\":\"https:\\\/\\\/www.turismoaguarda.es\\\/teatro-musica-deporte-y-gastronomia-en-el-primer-fin-de-semana-de-abril-en-a-guarda\\\/\",\"url\":\"https:\\\/\\\/www.turismoaguarda.es\\\/teatro-musica-deporte-y-gastronomia-en-el-primer-fin-de-semana-de-abril-en-a-guarda\\\/\",\"name\":\"Teatro, m\u00fasica, deporte y gastronom\u00eda en el primer fin de semana de abril en A Guarda | Turismo A Guarda\",\"isPartOf\":{\"@id\":\"https:\\\/\\\/www.turismoaguarda.es\\\/#website\"},\"primaryImageOfPage\":{\"@id\":\"https:\\\/\\\/www.turismoaguarda.es\\\/teatro-musica-deporte-y-gastronomia-en-el-primer-fin-de-semana-de-abril-en-a-guarda\\\/#primaryimage\"},\"image\":{\"@id\":\"https:\\\/\\\/www.turismoaguarda.es\\\/teatro-musica-deporte-y-gastronomia-en-el-primer-fin-de-semana-de-abril-en-a-guarda\\\/#primaryimage\"},\"thumbnailUrl\":\"https:\\\/\\\/www.turismoaguarda.es\\\/wp-content\\\/uploads\\\/2019\\\/04\\\/NP-04042019-Teatro-m--sica-deporte-e-gastronom--a-na-primeira-fin-de-semana-de-abril-na-Guarda.jpg\",\"datePublished\":\"2019-04-04T11:41:21+00:00\",\"dateModified\":\"2019-04-04T11:43:08+00:00\",\"author\":{\"@id\":\"https:\\\/\\\/www.turismoaguarda.es\\\/#\\\/schema\\\/person\\\/a8b0c27ad7bcbb6c19799e934727508e\"},\"breadcrumb\":{\"@id\":\"https:\\\/\\\/www.turismoaguarda.es\\\/teatro-musica-deporte-y-gastronomia-en-el-primer-fin-de-semana-de-abril-en-a-guarda\\\/#breadcrumb\"},\"inLanguage\":\"en-US\",\"potentialAction\":[{\"@type\":\"ReadAction\",\"target\":[\"https:\\\/\\\/www.turismoaguarda.es\\\/teatro-musica-deporte-y-gastronomia-en-el-primer-fin-de-semana-de-abril-en-a-guarda\\\/\"]}]},{\"@type\":\"ImageObject\",\"inLanguage\":\"en-US\",\"@id\":\"https:\\\/\\\/www.turismoaguarda.es\\\/teatro-musica-deporte-y-gastronomia-en-el-primer-fin-de-semana-de-abril-en-a-guarda\\\/#primaryimage\",\"url\":\"https:\\\/\\\/www.turismoaguarda.es\\\/wp-content\\\/uploads\\\/2019\\\/04\\\/NP-04042019-Teatro-m--sica-deporte-e-gastronom--a-na-primeira-fin-de-semana-de-abril-na-Guarda.jpg\",\"contentUrl\":\"https:\\\/\\\/www.turismoaguarda.es\\\/wp-content\\\/uploads\\\/2019\\\/04\\\/NP-04042019-Teatro-m--sica-deporte-e-gastronom--a-na-primeira-fin-de-semana-de-abril-na-Guarda.jpg\",\"width\":800,\"height\":800,\"caption\":\"A Guarda recibe a primeira fin de semana do mes de abril cunha intensa programaci\u00f3n de actividades entre as que destacan a celebraci\u00f3n dun showcooking sobre a lamprea, enmarcado nos fins de semana gastron\u00f3micos, a representaci\u00f3n teatral de \u00abBernarda\u00bb, o Concerto do grupo folk Na Revolta, a Proba deportiva Baixo Mi\u00f1o Enduro Experience e o Concerto da Orquestra KV2211.\"},{\"@type\":\"BreadcrumbList\",\"@id\":\"https:\\\/\\\/www.turismoaguarda.es\\\/teatro-musica-deporte-y-gastronomia-en-el-primer-fin-de-semana-de-abril-en-a-guarda\\\/#breadcrumb\",\"itemListElement\":[{\"@type\":\"ListItem\",\"position\":1,\"name\":\"Portada\",\"item\":\"https:\\\/\\\/www.turismoaguarda.es\\\/en\\\/\"},{\"@type\":\"ListItem\",\"position\":2,\"name\":\"Teatro, m\u00fasica, deporte y gastronom\u00eda en el primer fin de semana de abril en A Guarda\"}]},{\"@type\":\"WebSite\",\"@id\":\"https:\\\/\\\/www.turismoaguarda.es\\\/#website\",\"url\":\"https:\\\/\\\/www.turismoaguarda.es\\\/\",\"name\":\"Turismo A Guarda\",\"description\":\"Informaci\u00f3n tur\u00edstica de A Guarda y alrededores.\",\"potentialAction\":[{\"@type\":\"SearchAction\",\"target\":{\"@type\":\"EntryPoint\",\"urlTemplate\":\"https:\\\/\\\/www.turismoaguarda.es\\\/?s={search_term_string}\"},\"query-input\":{\"@type\":\"PropertyValueSpecification\",\"valueRequired\":true,\"valueName\":\"search_term_string\"}}],\"inLanguage\":\"en-US\"},{\"@type\":\"Person\",\"@id\":\"https:\\\/\\\/www.turismoaguarda.es\\\/#\\\/schema\\\/person\\\/a8b0c27ad7bcbb6c19799e934727508e\",\"name\":\"Prensa A Guarda\",\"image\":{\"@type\":\"ImageObject\",\"inLanguage\":\"en-US\",\"@id\":\"https:\\\/\\\/secure.gravatar.com\\\/avatar\\\/387e117f874ba5d0a3439060b45d914395d77287b2e4890a49d1599fc3ef9189?s=96&d=mm&r=g\",\"url\":\"https:\\\/\\\/secure.gravatar.com\\\/avatar\\\/387e117f874ba5d0a3439060b45d914395d77287b2e4890a49d1599fc3ef9189?s=96&d=mm&r=g\",\"contentUrl\":\"https:\\\/\\\/secure.gravatar.com\\\/avatar\\\/387e117f874ba5d0a3439060b45d914395d77287b2e4890a49d1599fc3ef9189?s=96&d=mm&r=g\",\"caption\":\"Prensa A Guarda\"},\"url\":\"https:\\\/\\\/www.turismoaguarda.es\\\/en\\\/author\\\/prensa\\\/\"}]}<\/script>\n<!-- \/ Yoast SEO plugin. -->","yoast_head_json":{"title":"Teatro, m\u00fasica, deporte y gastronom\u00eda en el primer fin de semana de abril en A Guarda | Turismo A Guarda","robots":{"index":"index","follow":"follow","max-snippet":"max-snippet:-1","max-image-preview":"max-image-preview:large","max-video-preview":"max-video-preview:-1"},"canonical":"https:\/\/www.turismoaguarda.es\/teatro-musica-deporte-y-gastronomia-en-el-primer-fin-de-semana-de-abril-en-a-guarda\/","og_locale":"en_US","og_type":"article","og_title":"Teatro, m\u00fasica, deporte y gastronom\u00eda en el primer fin de semana de abril en A Guarda | Turismo A Guarda","og_description":"A Guarda recibe el primer fin de semana del mes de abril con una intensa programaci\u00f3n de actividades entre las que destacan la celebraci\u00f3n de un showcooking sobre la lamprea, enmarcado en los fines de semana gastron\u00f3micos, la representaci\u00f3n teatral de \u00abBernarda\u00bb, el Concierto del grupo folk Na Revolta, la Prueba deportiva Baixo Mi\u00f1o EnduroRead more","og_url":"https:\/\/www.turismoaguarda.es\/teatro-musica-deporte-y-gastronomia-en-el-primer-fin-de-semana-de-abril-en-a-guarda\/","og_site_name":"Turismo A Guarda","article_publisher":"https:\/\/es-es.facebook.com\/Turismo-A-Guarda-126223240790625\/","article_published_time":"2019-04-04T11:41:21+00:00","article_modified_time":"2019-04-04T11:43:08+00:00","og_image":[{"width":800,"height":800,"url":"https:\/\/www.turismoaguarda.es\/wp-content\/uploads\/2019\/04\/NP-04042019-Teatro-m--sica-deporte-e-gastronom--a-na-primeira-fin-de-semana-de-abril-na-Guarda.jpg","type":"image\/jpeg"}],"author":"Prensa A Guarda","twitter_card":"summary_large_image","twitter_creator":"@TurismoAGuarda","twitter_site":"@TurismoAGuarda","twitter_misc":{"Written by":"Prensa A Guarda","Est. reading time":"4 minutes"},"schema":{"@context":"https:\/\/schema.org","@graph":[{"@type":"Article","@id":"https:\/\/www.turismoaguarda.es\/teatro-musica-deporte-y-gastronomia-en-el-primer-fin-de-semana-de-abril-en-a-guarda\/#article","isPartOf":{"@id":"https:\/\/www.turismoaguarda.es\/teatro-musica-deporte-y-gastronomia-en-el-primer-fin-de-semana-de-abril-en-a-guarda\/"},"author":{"name":"Prensa A Guarda","@id":"https:\/\/www.turismoaguarda.es\/#\/schema\/person\/a8b0c27ad7bcbb6c19799e934727508e"},"headline":"Teatro, m\u00fasica, deporte y gastronom\u00eda en el primer fin de semana de abril en A Guarda","datePublished":"2019-04-04T11:41:21+00:00","dateModified":"2019-04-04T11:43:08+00:00","mainEntityOfPage":{"@id":"https:\/\/www.turismoaguarda.es\/teatro-musica-deporte-y-gastronomia-en-el-primer-fin-de-semana-de-abril-en-a-guarda\/"},"wordCount":850,"commentCount":0,"image":{"@id":"https:\/\/www.turismoaguarda.es\/teatro-musica-deporte-y-gastronomia-en-el-primer-fin-de-semana-de-abril-en-a-guarda\/#primaryimage"},"thumbnailUrl":"https:\/\/www.turismoaguarda.es\/wp-content\/uploads\/2019\/04\/NP-04042019-Teatro-m--sica-deporte-e-gastronom--a-na-primeira-fin-de-semana-de-abril-na-Guarda.jpg","keywords":["A Guarda","concierto","cultura","deporte","gastronom\u00eda."],"articleSection":["Noticias Turismo"],"inLanguage":"en-US","potentialAction":[{"@type":"CommentAction","name":"Comment","target":["https:\/\/www.turismoaguarda.es\/teatro-musica-deporte-y-gastronomia-en-el-primer-fin-de-semana-de-abril-en-a-guarda\/#respond"]}]},{"@type":"WebPage","@id":"https:\/\/www.turismoaguarda.es\/teatro-musica-deporte-y-gastronomia-en-el-primer-fin-de-semana-de-abril-en-a-guarda\/","url":"https:\/\/www.turismoaguarda.es\/teatro-musica-deporte-y-gastronomia-en-el-primer-fin-de-semana-de-abril-en-a-guarda\/","name":"Teatro, m\u00fasica, deporte y gastronom\u00eda en el primer fin de semana de abril en A Guarda | Turismo A Guarda","isPartOf":{"@id":"https:\/\/www.turismoaguarda.es\/#website"},"primaryImageOfPage":{"@id":"https:\/\/www.turismoaguarda.es\/teatro-musica-deporte-y-gastronomia-en-el-primer-fin-de-semana-de-abril-en-a-guarda\/#primaryimage"},"image":{"@id":"https:\/\/www.turismoaguarda.es\/teatro-musica-deporte-y-gastronomia-en-el-primer-fin-de-semana-de-abril-en-a-guarda\/#primaryimage"},"thumbnailUrl":"https:\/\/www.turismoaguarda.es\/wp-content\/uploads\/2019\/04\/NP-04042019-Teatro-m--sica-deporte-e-gastronom--a-na-primeira-fin-de-semana-de-abril-na-Guarda.jpg","datePublished":"2019-04-04T11:41:21+00:00","dateModified":"2019-04-04T11:43:08+00:00","author":{"@id":"https:\/\/www.turismoaguarda.es\/#\/schema\/person\/a8b0c27ad7bcbb6c19799e934727508e"},"breadcrumb":{"@id":"https:\/\/www.turismoaguarda.es\/teatro-musica-deporte-y-gastronomia-en-el-primer-fin-de-semana-de-abril-en-a-guarda\/#breadcrumb"},"inLanguage":"en-US","potentialAction":[{"@type":"ReadAction","target":["https:\/\/www.turismoaguarda.es\/teatro-musica-deporte-y-gastronomia-en-el-primer-fin-de-semana-de-abril-en-a-guarda\/"]}]},{"@type":"ImageObject","inLanguage":"en-US","@id":"https:\/\/www.turismoaguarda.es\/teatro-musica-deporte-y-gastronomia-en-el-primer-fin-de-semana-de-abril-en-a-guarda\/#primaryimage","url":"https:\/\/www.turismoaguarda.es\/wp-content\/uploads\/2019\/04\/NP-04042019-Teatro-m--sica-deporte-e-gastronom--a-na-primeira-fin-de-semana-de-abril-na-Guarda.jpg","contentUrl":"https:\/\/www.turismoaguarda.es\/wp-content\/uploads\/2019\/04\/NP-04042019-Teatro-m--sica-deporte-e-gastronom--a-na-primeira-fin-de-semana-de-abril-na-Guarda.jpg","width":800,"height":800,"caption":"A Guarda recibe a primeira fin de semana do mes de abril cunha intensa programaci\u00f3n de actividades entre as que destacan a celebraci\u00f3n dun showcooking sobre a lamprea, enmarcado nos fins de semana gastron\u00f3micos, a representaci\u00f3n teatral de \u00abBernarda\u00bb, o Concerto do grupo folk Na Revolta, a Proba deportiva Baixo Mi\u00f1o Enduro Experience e o Concerto da Orquestra KV2211."},{"@type":"BreadcrumbList","@id":"https:\/\/www.turismoaguarda.es\/teatro-musica-deporte-y-gastronomia-en-el-primer-fin-de-semana-de-abril-en-a-guarda\/#breadcrumb","itemListElement":[{"@type":"ListItem","position":1,"name":"Portada","item":"https:\/\/www.turismoaguarda.es\/en\/"},{"@type":"ListItem","position":2,"name":"Teatro, m\u00fasica, deporte y gastronom\u00eda en el primer fin de semana de abril en A Guarda"}]},{"@type":"WebSite","@id":"https:\/\/www.turismoaguarda.es\/#website","url":"https:\/\/www.turismoaguarda.es\/","name":"Turismo A Guarda","description":"Informaci\u00f3n tur\u00edstica de A Guarda y alrededores.","potentialAction":[{"@type":"SearchAction","target":{"@type":"EntryPoint","urlTemplate":"https:\/\/www.turismoaguarda.es\/?s={search_term_string}"},"query-input":{"@type":"PropertyValueSpecification","valueRequired":true,"valueName":"search_term_string"}}],"inLanguage":"en-US"},{"@type":"Person","@id":"https:\/\/www.turismoaguarda.es\/#\/schema\/person\/a8b0c27ad7bcbb6c19799e934727508e","name":"Prensa A Guarda","image":{"@type":"ImageObject","inLanguage":"en-US","@id":"https:\/\/secure.gravatar.com\/avatar\/387e117f874ba5d0a3439060b45d914395d77287b2e4890a49d1599fc3ef9189?s=96&d=mm&r=g","url":"https:\/\/secure.gravatar.com\/avatar\/387e117f874ba5d0a3439060b45d914395d77287b2e4890a49d1599fc3ef9189?s=96&d=mm&r=g","contentUrl":"https:\/\/secure.gravatar.com\/avatar\/387e117f874ba5d0a3439060b45d914395d77287b2e4890a49d1599fc3ef9189?s=96&d=mm&r=g","caption":"Prensa A Guarda"},"url":"https:\/\/www.turismoaguarda.es\/en\/author\/prensa\/"}]}},"_links":{"self":[{"href":"https:\/\/www.turismoaguarda.es\/en\/wp-json\/wp\/v2\/posts\/9976","targetHints":{"allow":["GET"]}}],"collection":[{"href":"https:\/\/www.turismoaguarda.es\/en\/wp-json\/wp\/v2\/posts"}],"about":[{"href":"https:\/\/www.turismoaguarda.es\/en\/wp-json\/wp\/v2\/types\/post"}],"author":[{"embeddable":true,"href":"https:\/\/www.turismoaguarda.es\/en\/wp-json\/wp\/v2\/users\/11"}],"replies":[{"embeddable":true,"href":"https:\/\/www.turismoaguarda.es\/en\/wp-json\/wp\/v2\/comments?post=9976"}],"version-history":[{"count":2,"href":"https:\/\/www.turismoaguarda.es\/en\/wp-json\/wp\/v2\/posts\/9976\/revisions"}],"predecessor-version":[{"id":9981,"href":"https:\/\/www.turismoaguarda.es\/en\/wp-json\/wp\/v2\/posts\/9976\/revisions\/9981"}],"wp:featuredmedia":[{"embeddable":true,"href":"https:\/\/www.turismoaguarda.es\/en\/wp-json\/wp\/v2\/media\/9977"}],"wp:attachment":[{"href":"https:\/\/www.turismoaguarda.es\/en\/wp-json\/wp\/v2\/media?parent=9976"}],"wp:term":[{"taxonomy":"category","embeddable":true,"href":"https:\/\/www.turismoaguarda.es\/en\/wp-json\/wp\/v2\/categories?post=9976"},{"taxonomy":"post_tag","embeddable":true,"href":"https:\/\/www.turismoaguarda.es\/en\/wp-json\/wp\/v2\/tags?post=9976"}],"curies":[{"name":"wp","href":"https:\/\/api.w.org\/{rel}","templated":true}]}}