{"id":9922,"date":"2019-03-20T10:59:43","date_gmt":"2019-03-20T10:59:43","guid":{"rendered":"http:\/\/www.turismoaguarda.es\/?p=9922"},"modified":"2019-03-20T10:59:51","modified_gmt":"2019-03-20T10:59:51","slug":"retomados-los-trabajos-para-el-estudio-de-la-produccion-de-sal-en-la-antiguedad-en-la-costa-guardesa","status":"publish","type":"post","link":"https:\/\/www.turismoaguarda.es\/en\/retomados-los-trabajos-para-el-estudio-de-la-produccion-de-sal-en-la-antiguedad-en-la-costa-guardesa\/","title":{"rendered":"Retomados los trabajos para el estudio de la producci\u00f3n de sal en la antig\u00fcedad en la costa guardesa"},"content":{"rendered":"<p style=\"text-align: justify;\">A lo largo de la semana pasada se realiz\u00f3 un estudio geof\u00edsico en el entorno de las salinas romanas del Seixal. Estos trabajos se llevaron a cabo en colaboraci\u00f3n con el Centro de Arqueometr\u00eda de la Universidad Complutense. El objetivo de esta actuaci\u00f3n fue el de comprobar la extensi\u00f3n de las salinas del Seixal en la Costa de A Guarda. Durante las excavaciones llevadas a cabo en 2018 se descubri\u00f3 una amplia extensi\u00f3n de la salina romana, pero se pudo comprobar que las estructuras se extienden m\u00e1s all\u00e1 del \u00e1rea excavada. El proyecto \u00abA Guarda, Mar de Sal\u00bb no se limita a la excavaci\u00f3n, sino que por medio de las \u00faltimas tecnolog\u00edas se quiere conseguir la imagen m\u00e1s amplia y precisa posible de la extensi\u00f3n y de la morfolog\u00eda de estas salinas. Para ello se cuenta con un georadar, un sistema que permite hacer lecturas en el subsuelo y comprobar la existencia de estructuras arqueol\u00f3gicas.<\/p>\n<p style=\"text-align: justify;\"><a href=\"http:\/\/www.turismoaguarda.es\/retomados-los-trabajos-para-el-estudio-de-la-produccion-de-sal-en-la-antiguedad-en-la-costa-guardesa\/np-20032019-retomados-os-traballos-para-o-estudo-da-producion-de-sal-na-antiguidade-na-costa-guardesa-4\/\" rel=\"attachment wp-att-9932\"><img loading=\"lazy\" decoding=\"async\" class=\"alignleft size-full wp-image-9932\" src=\"http:\/\/www.turismoaguarda.es\/wp-content\/uploads\/2019\/03\/NP-20032019-Retomados-os-traballos-para-o-estudo-da-produci\u00f3n-de-sal-na-antig\u00fcidade-na-costa-guardesa-4.jpg\" alt=\"El proyecto \u00abA Guarda, Mar de Sal\u00bb no se limita a la excavaci\u00f3n, sino que por medio de las \u00faltimas tecnolog\u00edas se quiere conseguir la imagen m\u00e1s amplia y precisa posible de la extensi\u00f3n y de la morfolog\u00eda de estas salinas.\" width=\"800\" height=\"533\" srcset=\"https:\/\/www.turismoaguarda.es\/wp-content\/uploads\/2019\/03\/NP-20032019-Retomados-os-traballos-para-o-estudo-da-produci\u00f3n-de-sal-na-antig\u00fcidade-na-costa-guardesa-4.jpg 800w, https:\/\/www.turismoaguarda.es\/wp-content\/uploads\/2019\/03\/NP-20032019-Retomados-os-traballos-para-o-estudo-da-produci\u00f3n-de-sal-na-antig\u00fcidade-na-costa-guardesa-4-300x200.jpg 300w, https:\/\/www.turismoaguarda.es\/wp-content\/uploads\/2019\/03\/NP-20032019-Retomados-os-traballos-para-o-estudo-da-produci\u00f3n-de-sal-na-antig\u00fcidade-na-costa-guardesa-4-768x512.jpg 768w, https:\/\/www.turismoaguarda.es\/wp-content\/uploads\/2019\/03\/NP-20032019-Retomados-os-traballos-para-o-estudo-da-produci\u00f3n-de-sal-na-antig\u00fcidade-na-costa-guardesa-4-150x100.jpg 150w, https:\/\/www.turismoaguarda.es\/wp-content\/uploads\/2019\/03\/NP-20032019-Retomados-os-traballos-para-o-estudo-da-produci\u00f3n-de-sal-na-antig\u00fcidade-na-costa-guardesa-4-500x333.jpg 500w\" sizes=\"auto, (max-width: 800px) 100vw, 800px\" \/><\/a><a href=\"http:\/\/www.turismoaguarda.es\/retomados-los-trabajos-para-el-estudio-de-la-produccion-de-sal-en-la-antiguedad-en-la-costa-guardesa\/np-20032019-retomados-os-traballos-para-o-estudo-da-producion-de-sal-na-antiguidade-na-costa-guardesa-3\/\" rel=\"attachment wp-att-9929\"><img loading=\"lazy\" decoding=\"async\" class=\"alignleft size-full wp-image-9929\" src=\"http:\/\/www.turismoaguarda.es\/wp-content\/uploads\/2019\/03\/NP-20032019-Retomados-os-traballos-para-o-estudo-da-produci\u00f3n-de-sal-na-antig\u00fcidade-na-costa-guardesa-3.jpg\" alt=\"El proyecto \u00abA Guarda, Mar de Sal\u00bb no se limita a la excavaci\u00f3n, sino que por medio de las \u00faltimas tecnolog\u00edas se quiere conseguir la imagen m\u00e1s amplia y precisa posible de la extensi\u00f3n y de la morfolog\u00eda de estas salinas.\" width=\"800\" height=\"533\" srcset=\"https:\/\/www.turismoaguarda.es\/wp-content\/uploads\/2019\/03\/NP-20032019-Retomados-os-traballos-para-o-estudo-da-produci\u00f3n-de-sal-na-antig\u00fcidade-na-costa-guardesa-3.jpg 800w, https:\/\/www.turismoaguarda.es\/wp-content\/uploads\/2019\/03\/NP-20032019-Retomados-os-traballos-para-o-estudo-da-produci\u00f3n-de-sal-na-antig\u00fcidade-na-costa-guardesa-3-300x200.jpg 300w, https:\/\/www.turismoaguarda.es\/wp-content\/uploads\/2019\/03\/NP-20032019-Retomados-os-traballos-para-o-estudo-da-produci\u00f3n-de-sal-na-antig\u00fcidade-na-costa-guardesa-3-768x512.jpg 768w, https:\/\/www.turismoaguarda.es\/wp-content\/uploads\/2019\/03\/NP-20032019-Retomados-os-traballos-para-o-estudo-da-produci\u00f3n-de-sal-na-antig\u00fcidade-na-costa-guardesa-3-150x100.jpg 150w, https:\/\/www.turismoaguarda.es\/wp-content\/uploads\/2019\/03\/NP-20032019-Retomados-os-traballos-para-o-estudo-da-produci\u00f3n-de-sal-na-antig\u00fcidade-na-costa-guardesa-3-500x333.jpg 500w\" sizes=\"auto, (max-width: 800px) 100vw, 800px\" \/><\/a><a href=\"http:\/\/www.turismoaguarda.es\/retomados-los-trabajos-para-el-estudio-de-la-produccion-de-sal-en-la-antiguedad-en-la-costa-guardesa\/np-20032019-retomados-os-traballos-para-o-estudo-da-producion-de-sal-na-antiguidade-na-costa-guardesa-1\/\" rel=\"attachment wp-att-9923\"><img loading=\"lazy\" decoding=\"async\" class=\"alignleft size-full wp-image-9923\" src=\"http:\/\/www.turismoaguarda.es\/wp-content\/uploads\/2019\/03\/NP-20032019-Retomados-os-traballos-para-o-estudo-da-produci\u00f3n-de-sal-na-antig\u00fcidade-na-costa-guardesa-1.jpg\" alt=\"El proyecto \u00abA Guarda, Mar de Sal\u00bb no se limita a la excavaci\u00f3n, sino que por medio de las \u00faltimas tecnolog\u00edas se quiere conseguir la imagen m\u00e1s amplia y precisa posible de la extensi\u00f3n y de la morfolog\u00eda de estas salinas.\" width=\"800\" height=\"533\" srcset=\"https:\/\/www.turismoaguarda.es\/wp-content\/uploads\/2019\/03\/NP-20032019-Retomados-os-traballos-para-o-estudo-da-produci\u00f3n-de-sal-na-antig\u00fcidade-na-costa-guardesa-1.jpg 800w, https:\/\/www.turismoaguarda.es\/wp-content\/uploads\/2019\/03\/NP-20032019-Retomados-os-traballos-para-o-estudo-da-produci\u00f3n-de-sal-na-antig\u00fcidade-na-costa-guardesa-1-300x200.jpg 300w, https:\/\/www.turismoaguarda.es\/wp-content\/uploads\/2019\/03\/NP-20032019-Retomados-os-traballos-para-o-estudo-da-produci\u00f3n-de-sal-na-antig\u00fcidade-na-costa-guardesa-1-768x512.jpg 768w, https:\/\/www.turismoaguarda.es\/wp-content\/uploads\/2019\/03\/NP-20032019-Retomados-os-traballos-para-o-estudo-da-produci\u00f3n-de-sal-na-antig\u00fcidade-na-costa-guardesa-1-150x100.jpg 150w, https:\/\/www.turismoaguarda.es\/wp-content\/uploads\/2019\/03\/NP-20032019-Retomados-os-traballos-para-o-estudo-da-produci\u00f3n-de-sal-na-antig\u00fcidade-na-costa-guardesa-1-500x333.jpg 500w\" sizes=\"auto, (max-width: 800px) 100vw, 800px\" \/><\/a>Una vez terminado el proceso de toma de datos, ahora mismo se est\u00e1n procesando los datos que, se conf\u00eda, permitan comprender mejor las salinas de O Seixal.<\/p>\n<p style=\"text-align: justify;\">Adem\u00e1s de los trabajos de prospecci\u00f3n geof\u00edsica tambi\u00e9n se ampli\u00f3 la prospecci\u00f3n por la costa de A Guarda. El estudio sistem\u00e1tico de la franja costera permiti\u00f3 identificar dos nuevas zonas con vestigios de salinas romanas, localizadas en el entorno de la Cet\u00e1rea Redonda o de Pepe Sobrino.<\/p>\n<p style=\"text-align: justify;\">Durante las pr\u00f3ximas semanas se iniciar\u00e1n los trabajos para la consolidaci\u00f3n y restauraci\u00f3n de las salinas que garantizar\u00e1 su apertura definitiva al p\u00fablico para su disfrute por vecinos y visitantes.<\/p>\n<p style=\"text-align: justify;\">El proyecto \u00abA Guarda, Mar de Sal\u00bb se fundamenta en la necesidad de sustentar el desenvolvimiento patrimonial sobre un s\u00f3lido respaldo cient\u00edfico. El estudio rigoroso de los paisajes de sal y de su puesta en valor permitir\u00e1n crear un recurso patrimonial puesto al servicio de la ciudadan\u00eda.<\/p>\n<p style=\"text-align: justify;\">El importe total subvencionado por parte de la Conseller\u00eda do Mar es de 74,496,68\u20ac, repartidos en dos anualidades(2018 e 2019). Proyecto GALP7-066.<\/p>\n","protected":false},"excerpt":{"rendered":"<p>A lo largo de la semana pasada se realiz\u00f3 un estudio geof\u00edsico en el entorno de las salinas romanas del Seixal. Estos trabajos se llevaron a cabo en colaboraci\u00f3n con el Centro de Arqueometr\u00eda de la Universidad Complutense. El objetivo de esta actuaci\u00f3n fue el de comprobar la extensi\u00f3n de las salinas del Seixal en<\/p>\n<div class=\"padding-top text-center\"><a href=\"https:\/\/www.turismoaguarda.es\/en\/retomados-los-trabajos-para-el-estudio-de-la-produccion-de-sal-en-la-antiguedad-en-la-costa-guardesa\/\" class=\"atbtn atbtn--medium atbtn--rounded atbtn--transparent\">Read more<i class=\"atbtn__icon atbtn__icon--right fa fa-long-arrow-right\"><\/i><\/a><\/div>\n","protected":false},"author":11,"featured_media":9926,"comment_status":"open","ping_status":"open","sticky":false,"template":"","format":"standard","meta":{"footnotes":""},"categories":[44],"tags":[169,1487,1535,1534,1488],"class_list":["post-9922","post","type-post","status-publish","format-standard","has-post-thumbnail","hentry","category-noticias-turismo","tag-a-guarda","tag-mar-de-sal","tag-patrimonio-do-mar","tag-salar","tag-salinas"],"yoast_head":"<!-- This site is optimized with the Yoast SEO plugin v27.5 - https:\/\/yoast.com\/product\/yoast-seo-wordpress\/ -->\n<title>Retomados los trabajos para el estudio de la producci\u00f3n de sal en la antig\u00fcedad en la costa guardesa | Turismo A Guarda<\/title>\n<meta name=\"robots\" content=\"index, follow, max-snippet:-1, max-image-preview:large, max-video-preview:-1\" \/>\n<link rel=\"canonical\" href=\"https:\/\/www.turismoaguarda.es\/retomados-los-trabajos-para-el-estudio-de-la-produccion-de-sal-en-la-antiguedad-en-la-costa-guardesa\/\" \/>\n<meta property=\"og:locale\" content=\"en_US\" \/>\n<meta property=\"og:type\" content=\"article\" \/>\n<meta property=\"og:title\" content=\"Retomados los trabajos para el estudio de la producci\u00f3n de sal en la antig\u00fcedad en la costa guardesa | Turismo A Guarda\" \/>\n<meta property=\"og:description\" content=\"A lo largo de la semana pasada se realiz\u00f3 un estudio geof\u00edsico en el entorno de las salinas romanas del Seixal. Estos trabajos se llevaron a cabo en colaboraci\u00f3n con el Centro de Arqueometr\u00eda de la Universidad Complutense. El objetivo de esta actuaci\u00f3n fue el de comprobar la extensi\u00f3n de las salinas del Seixal enRead more\" \/>\n<meta property=\"og:url\" content=\"https:\/\/www.turismoaguarda.es\/retomados-los-trabajos-para-el-estudio-de-la-produccion-de-sal-en-la-antiguedad-en-la-costa-guardesa\/\" \/>\n<meta property=\"og:site_name\" content=\"Turismo A Guarda\" \/>\n<meta property=\"article:publisher\" content=\"https:\/\/es-es.facebook.com\/Turismo-A-Guarda-126223240790625\/\" \/>\n<meta property=\"article:published_time\" content=\"2019-03-20T10:59:43+00:00\" \/>\n<meta property=\"article:modified_time\" content=\"2019-03-20T10:59:51+00:00\" \/>\n<meta property=\"og:image\" content=\"https:\/\/www.turismoaguarda.es\/wp-content\/uploads\/2019\/03\/NP-20032019-Retomados-os-traballos-para-o-estudo-da-produci\u00f3n-de-sal-na-antig\u00fcidade-na-costa-guardesa-2.jpg\" \/>\n\t<meta property=\"og:image:width\" content=\"800\" \/>\n\t<meta property=\"og:image:height\" content=\"534\" \/>\n\t<meta property=\"og:image:type\" content=\"image\/jpeg\" \/>\n<meta name=\"author\" content=\"Prensa A Guarda\" \/>\n<meta name=\"twitter:card\" content=\"summary_large_image\" \/>\n<meta name=\"twitter:creator\" content=\"@TurismoAGuarda\" \/>\n<meta name=\"twitter:site\" content=\"@TurismoAGuarda\" \/>\n<meta name=\"twitter:label1\" content=\"Written by\" \/>\n\t<meta name=\"twitter:data1\" content=\"Prensa A Guarda\" \/>\n\t<meta name=\"twitter:label2\" content=\"Est. reading time\" \/>\n\t<meta name=\"twitter:data2\" content=\"2 minutes\" \/>\n<script type=\"application\/ld+json\" class=\"yoast-schema-graph\">{\"@context\":\"https:\\\/\\\/schema.org\",\"@graph\":[{\"@type\":\"Article\",\"@id\":\"https:\\\/\\\/www.turismoaguarda.es\\\/retomados-los-trabajos-para-el-estudio-de-la-produccion-de-sal-en-la-antiguedad-en-la-costa-guardesa\\\/#article\",\"isPartOf\":{\"@id\":\"https:\\\/\\\/www.turismoaguarda.es\\\/retomados-los-trabajos-para-el-estudio-de-la-produccion-de-sal-en-la-antiguedad-en-la-costa-guardesa\\\/\"},\"author\":{\"name\":\"Prensa A Guarda\",\"@id\":\"https:\\\/\\\/www.turismoaguarda.es\\\/#\\\/schema\\\/person\\\/a8b0c27ad7bcbb6c19799e934727508e\"},\"headline\":\"Retomados los trabajos para el estudio de la producci\u00f3n de sal en la antig\u00fcedad en la costa guardesa\",\"datePublished\":\"2019-03-20T10:59:43+00:00\",\"dateModified\":\"2019-03-20T10:59:51+00:00\",\"mainEntityOfPage\":{\"@id\":\"https:\\\/\\\/www.turismoaguarda.es\\\/retomados-los-trabajos-para-el-estudio-de-la-produccion-de-sal-en-la-antiguedad-en-la-costa-guardesa\\\/\"},\"wordCount\":378,\"commentCount\":0,\"image\":{\"@id\":\"https:\\\/\\\/www.turismoaguarda.es\\\/retomados-los-trabajos-para-el-estudio-de-la-produccion-de-sal-en-la-antiguedad-en-la-costa-guardesa\\\/#primaryimage\"},\"thumbnailUrl\":\"https:\\\/\\\/www.turismoaguarda.es\\\/wp-content\\\/uploads\\\/2019\\\/03\\\/NP-20032019-Retomados-os-traballos-para-o-estudo-da-produci\u00f3n-de-sal-na-antig\u00fcidade-na-costa-guardesa-2.jpg\",\"keywords\":[\"A Guarda\",\"mar de sal\",\"patrimonio do mar\",\"salar\",\"salinas\"],\"articleSection\":[\"Noticias Turismo\"],\"inLanguage\":\"en-US\",\"potentialAction\":[{\"@type\":\"CommentAction\",\"name\":\"Comment\",\"target\":[\"https:\\\/\\\/www.turismoaguarda.es\\\/retomados-los-trabajos-para-el-estudio-de-la-produccion-de-sal-en-la-antiguedad-en-la-costa-guardesa\\\/#respond\"]}]},{\"@type\":\"WebPage\",\"@id\":\"https:\\\/\\\/www.turismoaguarda.es\\\/retomados-los-trabajos-para-el-estudio-de-la-produccion-de-sal-en-la-antiguedad-en-la-costa-guardesa\\\/\",\"url\":\"https:\\\/\\\/www.turismoaguarda.es\\\/retomados-los-trabajos-para-el-estudio-de-la-produccion-de-sal-en-la-antiguedad-en-la-costa-guardesa\\\/\",\"name\":\"Retomados los trabajos para el estudio de la producci\u00f3n de sal en la antig\u00fcedad en la costa guardesa | Turismo A Guarda\",\"isPartOf\":{\"@id\":\"https:\\\/\\\/www.turismoaguarda.es\\\/#website\"},\"primaryImageOfPage\":{\"@id\":\"https:\\\/\\\/www.turismoaguarda.es\\\/retomados-los-trabajos-para-el-estudio-de-la-produccion-de-sal-en-la-antiguedad-en-la-costa-guardesa\\\/#primaryimage\"},\"image\":{\"@id\":\"https:\\\/\\\/www.turismoaguarda.es\\\/retomados-los-trabajos-para-el-estudio-de-la-produccion-de-sal-en-la-antiguedad-en-la-costa-guardesa\\\/#primaryimage\"},\"thumbnailUrl\":\"https:\\\/\\\/www.turismoaguarda.es\\\/wp-content\\\/uploads\\\/2019\\\/03\\\/NP-20032019-Retomados-os-traballos-para-o-estudo-da-produci\u00f3n-de-sal-na-antig\u00fcidade-na-costa-guardesa-2.jpg\",\"datePublished\":\"2019-03-20T10:59:43+00:00\",\"dateModified\":\"2019-03-20T10:59:51+00:00\",\"author\":{\"@id\":\"https:\\\/\\\/www.turismoaguarda.es\\\/#\\\/schema\\\/person\\\/a8b0c27ad7bcbb6c19799e934727508e\"},\"breadcrumb\":{\"@id\":\"https:\\\/\\\/www.turismoaguarda.es\\\/retomados-los-trabajos-para-el-estudio-de-la-produccion-de-sal-en-la-antiguedad-en-la-costa-guardesa\\\/#breadcrumb\"},\"inLanguage\":\"en-US\",\"potentialAction\":[{\"@type\":\"ReadAction\",\"target\":[\"https:\\\/\\\/www.turismoaguarda.es\\\/retomados-los-trabajos-para-el-estudio-de-la-produccion-de-sal-en-la-antiguedad-en-la-costa-guardesa\\\/\"]}]},{\"@type\":\"ImageObject\",\"inLanguage\":\"en-US\",\"@id\":\"https:\\\/\\\/www.turismoaguarda.es\\\/retomados-los-trabajos-para-el-estudio-de-la-produccion-de-sal-en-la-antiguedad-en-la-costa-guardesa\\\/#primaryimage\",\"url\":\"https:\\\/\\\/www.turismoaguarda.es\\\/wp-content\\\/uploads\\\/2019\\\/03\\\/NP-20032019-Retomados-os-traballos-para-o-estudo-da-produci\u00f3n-de-sal-na-antig\u00fcidade-na-costa-guardesa-2.jpg\",\"contentUrl\":\"https:\\\/\\\/www.turismoaguarda.es\\\/wp-content\\\/uploads\\\/2019\\\/03\\\/NP-20032019-Retomados-os-traballos-para-o-estudo-da-produci\u00f3n-de-sal-na-antig\u00fcidade-na-costa-guardesa-2.jpg\",\"width\":800,\"height\":534,\"caption\":\"El proyecto \u00abA Guarda, Mar de Sal\u00bb no se limita a la excavaci\u00f3n, sino que por medio de las \u00faltimas tecnolog\u00edas se quiere conseguir la imagen m\u00e1s amplia y precisa posible de la extensi\u00f3n y de la morfolog\u00eda de estas salinas.\"},{\"@type\":\"BreadcrumbList\",\"@id\":\"https:\\\/\\\/www.turismoaguarda.es\\\/retomados-los-trabajos-para-el-estudio-de-la-produccion-de-sal-en-la-antiguedad-en-la-costa-guardesa\\\/#breadcrumb\",\"itemListElement\":[{\"@type\":\"ListItem\",\"position\":1,\"name\":\"Portada\",\"item\":\"https:\\\/\\\/www.turismoaguarda.es\\\/en\\\/\"},{\"@type\":\"ListItem\",\"position\":2,\"name\":\"Retomados los trabajos para el estudio de la producci\u00f3n de sal en la antig\u00fcedad en la costa guardesa\"}]},{\"@type\":\"WebSite\",\"@id\":\"https:\\\/\\\/www.turismoaguarda.es\\\/#website\",\"url\":\"https:\\\/\\\/www.turismoaguarda.es\\\/\",\"name\":\"Turismo A Guarda\",\"description\":\"Informaci\u00f3n tur\u00edstica de A Guarda y alrededores.\",\"potentialAction\":[{\"@type\":\"SearchAction\",\"target\":{\"@type\":\"EntryPoint\",\"urlTemplate\":\"https:\\\/\\\/www.turismoaguarda.es\\\/?s={search_term_string}\"},\"query-input\":{\"@type\":\"PropertyValueSpecification\",\"valueRequired\":true,\"valueName\":\"search_term_string\"}}],\"inLanguage\":\"en-US\"},{\"@type\":\"Person\",\"@id\":\"https:\\\/\\\/www.turismoaguarda.es\\\/#\\\/schema\\\/person\\\/a8b0c27ad7bcbb6c19799e934727508e\",\"name\":\"Prensa A Guarda\",\"image\":{\"@type\":\"ImageObject\",\"inLanguage\":\"en-US\",\"@id\":\"https:\\\/\\\/secure.gravatar.com\\\/avatar\\\/387e117f874ba5d0a3439060b45d914395d77287b2e4890a49d1599fc3ef9189?s=96&d=mm&r=g\",\"url\":\"https:\\\/\\\/secure.gravatar.com\\\/avatar\\\/387e117f874ba5d0a3439060b45d914395d77287b2e4890a49d1599fc3ef9189?s=96&d=mm&r=g\",\"contentUrl\":\"https:\\\/\\\/secure.gravatar.com\\\/avatar\\\/387e117f874ba5d0a3439060b45d914395d77287b2e4890a49d1599fc3ef9189?s=96&d=mm&r=g\",\"caption\":\"Prensa A Guarda\"},\"url\":\"https:\\\/\\\/www.turismoaguarda.es\\\/en\\\/author\\\/prensa\\\/\"}]}<\/script>\n<!-- \/ Yoast SEO plugin. -->","yoast_head_json":{"title":"Retomados los trabajos para el estudio de la producci\u00f3n de sal en la antig\u00fcedad en la costa guardesa | Turismo A Guarda","robots":{"index":"index","follow":"follow","max-snippet":"max-snippet:-1","max-image-preview":"max-image-preview:large","max-video-preview":"max-video-preview:-1"},"canonical":"https:\/\/www.turismoaguarda.es\/retomados-los-trabajos-para-el-estudio-de-la-produccion-de-sal-en-la-antiguedad-en-la-costa-guardesa\/","og_locale":"en_US","og_type":"article","og_title":"Retomados los trabajos para el estudio de la producci\u00f3n de sal en la antig\u00fcedad en la costa guardesa | Turismo A Guarda","og_description":"A lo largo de la semana pasada se realiz\u00f3 un estudio geof\u00edsico en el entorno de las salinas romanas del Seixal. Estos trabajos se llevaron a cabo en colaboraci\u00f3n con el Centro de Arqueometr\u00eda de la Universidad Complutense. El objetivo de esta actuaci\u00f3n fue el de comprobar la extensi\u00f3n de las salinas del Seixal enRead more","og_url":"https:\/\/www.turismoaguarda.es\/retomados-los-trabajos-para-el-estudio-de-la-produccion-de-sal-en-la-antiguedad-en-la-costa-guardesa\/","og_site_name":"Turismo A Guarda","article_publisher":"https:\/\/es-es.facebook.com\/Turismo-A-Guarda-126223240790625\/","article_published_time":"2019-03-20T10:59:43+00:00","article_modified_time":"2019-03-20T10:59:51+00:00","og_image":[{"width":800,"height":534,"url":"https:\/\/www.turismoaguarda.es\/wp-content\/uploads\/2019\/03\/NP-20032019-Retomados-os-traballos-para-o-estudo-da-produci\u00f3n-de-sal-na-antig\u00fcidade-na-costa-guardesa-2.jpg","type":"image\/jpeg"}],"author":"Prensa A Guarda","twitter_card":"summary_large_image","twitter_creator":"@TurismoAGuarda","twitter_site":"@TurismoAGuarda","twitter_misc":{"Written by":"Prensa A Guarda","Est. reading time":"2 minutes"},"schema":{"@context":"https:\/\/schema.org","@graph":[{"@type":"Article","@id":"https:\/\/www.turismoaguarda.es\/retomados-los-trabajos-para-el-estudio-de-la-produccion-de-sal-en-la-antiguedad-en-la-costa-guardesa\/#article","isPartOf":{"@id":"https:\/\/www.turismoaguarda.es\/retomados-los-trabajos-para-el-estudio-de-la-produccion-de-sal-en-la-antiguedad-en-la-costa-guardesa\/"},"author":{"name":"Prensa A Guarda","@id":"https:\/\/www.turismoaguarda.es\/#\/schema\/person\/a8b0c27ad7bcbb6c19799e934727508e"},"headline":"Retomados los trabajos para el estudio de la producci\u00f3n de sal en la antig\u00fcedad en la costa guardesa","datePublished":"2019-03-20T10:59:43+00:00","dateModified":"2019-03-20T10:59:51+00:00","mainEntityOfPage":{"@id":"https:\/\/www.turismoaguarda.es\/retomados-los-trabajos-para-el-estudio-de-la-produccion-de-sal-en-la-antiguedad-en-la-costa-guardesa\/"},"wordCount":378,"commentCount":0,"image":{"@id":"https:\/\/www.turismoaguarda.es\/retomados-los-trabajos-para-el-estudio-de-la-produccion-de-sal-en-la-antiguedad-en-la-costa-guardesa\/#primaryimage"},"thumbnailUrl":"https:\/\/www.turismoaguarda.es\/wp-content\/uploads\/2019\/03\/NP-20032019-Retomados-os-traballos-para-o-estudo-da-produci\u00f3n-de-sal-na-antig\u00fcidade-na-costa-guardesa-2.jpg","keywords":["A Guarda","mar de sal","patrimonio do mar","salar","salinas"],"articleSection":["Noticias Turismo"],"inLanguage":"en-US","potentialAction":[{"@type":"CommentAction","name":"Comment","target":["https:\/\/www.turismoaguarda.es\/retomados-los-trabajos-para-el-estudio-de-la-produccion-de-sal-en-la-antiguedad-en-la-costa-guardesa\/#respond"]}]},{"@type":"WebPage","@id":"https:\/\/www.turismoaguarda.es\/retomados-los-trabajos-para-el-estudio-de-la-produccion-de-sal-en-la-antiguedad-en-la-costa-guardesa\/","url":"https:\/\/www.turismoaguarda.es\/retomados-los-trabajos-para-el-estudio-de-la-produccion-de-sal-en-la-antiguedad-en-la-costa-guardesa\/","name":"Retomados los trabajos para el estudio de la producci\u00f3n de sal en la antig\u00fcedad en la costa guardesa | Turismo A Guarda","isPartOf":{"@id":"https:\/\/www.turismoaguarda.es\/#website"},"primaryImageOfPage":{"@id":"https:\/\/www.turismoaguarda.es\/retomados-los-trabajos-para-el-estudio-de-la-produccion-de-sal-en-la-antiguedad-en-la-costa-guardesa\/#primaryimage"},"image":{"@id":"https:\/\/www.turismoaguarda.es\/retomados-los-trabajos-para-el-estudio-de-la-produccion-de-sal-en-la-antiguedad-en-la-costa-guardesa\/#primaryimage"},"thumbnailUrl":"https:\/\/www.turismoaguarda.es\/wp-content\/uploads\/2019\/03\/NP-20032019-Retomados-os-traballos-para-o-estudo-da-produci\u00f3n-de-sal-na-antig\u00fcidade-na-costa-guardesa-2.jpg","datePublished":"2019-03-20T10:59:43+00:00","dateModified":"2019-03-20T10:59:51+00:00","author":{"@id":"https:\/\/www.turismoaguarda.es\/#\/schema\/person\/a8b0c27ad7bcbb6c19799e934727508e"},"breadcrumb":{"@id":"https:\/\/www.turismoaguarda.es\/retomados-los-trabajos-para-el-estudio-de-la-produccion-de-sal-en-la-antiguedad-en-la-costa-guardesa\/#breadcrumb"},"inLanguage":"en-US","potentialAction":[{"@type":"ReadAction","target":["https:\/\/www.turismoaguarda.es\/retomados-los-trabajos-para-el-estudio-de-la-produccion-de-sal-en-la-antiguedad-en-la-costa-guardesa\/"]}]},{"@type":"ImageObject","inLanguage":"en-US","@id":"https:\/\/www.turismoaguarda.es\/retomados-los-trabajos-para-el-estudio-de-la-produccion-de-sal-en-la-antiguedad-en-la-costa-guardesa\/#primaryimage","url":"https:\/\/www.turismoaguarda.es\/wp-content\/uploads\/2019\/03\/NP-20032019-Retomados-os-traballos-para-o-estudo-da-produci\u00f3n-de-sal-na-antig\u00fcidade-na-costa-guardesa-2.jpg","contentUrl":"https:\/\/www.turismoaguarda.es\/wp-content\/uploads\/2019\/03\/NP-20032019-Retomados-os-traballos-para-o-estudo-da-produci\u00f3n-de-sal-na-antig\u00fcidade-na-costa-guardesa-2.jpg","width":800,"height":534,"caption":"El proyecto \u00abA Guarda, Mar de Sal\u00bb no se limita a la excavaci\u00f3n, sino que por medio de las \u00faltimas tecnolog\u00edas se quiere conseguir la imagen m\u00e1s amplia y precisa posible de la extensi\u00f3n y de la morfolog\u00eda de estas salinas."},{"@type":"BreadcrumbList","@id":"https:\/\/www.turismoaguarda.es\/retomados-los-trabajos-para-el-estudio-de-la-produccion-de-sal-en-la-antiguedad-en-la-costa-guardesa\/#breadcrumb","itemListElement":[{"@type":"ListItem","position":1,"name":"Portada","item":"https:\/\/www.turismoaguarda.es\/en\/"},{"@type":"ListItem","position":2,"name":"Retomados los trabajos para el estudio de la producci\u00f3n de sal en la antig\u00fcedad en la costa guardesa"}]},{"@type":"WebSite","@id":"https:\/\/www.turismoaguarda.es\/#website","url":"https:\/\/www.turismoaguarda.es\/","name":"Turismo A Guarda","description":"Informaci\u00f3n tur\u00edstica de A Guarda y alrededores.","potentialAction":[{"@type":"SearchAction","target":{"@type":"EntryPoint","urlTemplate":"https:\/\/www.turismoaguarda.es\/?s={search_term_string}"},"query-input":{"@type":"PropertyValueSpecification","valueRequired":true,"valueName":"search_term_string"}}],"inLanguage":"en-US"},{"@type":"Person","@id":"https:\/\/www.turismoaguarda.es\/#\/schema\/person\/a8b0c27ad7bcbb6c19799e934727508e","name":"Prensa A Guarda","image":{"@type":"ImageObject","inLanguage":"en-US","@id":"https:\/\/secure.gravatar.com\/avatar\/387e117f874ba5d0a3439060b45d914395d77287b2e4890a49d1599fc3ef9189?s=96&d=mm&r=g","url":"https:\/\/secure.gravatar.com\/avatar\/387e117f874ba5d0a3439060b45d914395d77287b2e4890a49d1599fc3ef9189?s=96&d=mm&r=g","contentUrl":"https:\/\/secure.gravatar.com\/avatar\/387e117f874ba5d0a3439060b45d914395d77287b2e4890a49d1599fc3ef9189?s=96&d=mm&r=g","caption":"Prensa A Guarda"},"url":"https:\/\/www.turismoaguarda.es\/en\/author\/prensa\/"}]}},"_links":{"self":[{"href":"https:\/\/www.turismoaguarda.es\/en\/wp-json\/wp\/v2\/posts\/9922","targetHints":{"allow":["GET"]}}],"collection":[{"href":"https:\/\/www.turismoaguarda.es\/en\/wp-json\/wp\/v2\/posts"}],"about":[{"href":"https:\/\/www.turismoaguarda.es\/en\/wp-json\/wp\/v2\/types\/post"}],"author":[{"embeddable":true,"href":"https:\/\/www.turismoaguarda.es\/en\/wp-json\/wp\/v2\/users\/11"}],"replies":[{"embeddable":true,"href":"https:\/\/www.turismoaguarda.es\/en\/wp-json\/wp\/v2\/comments?post=9922"}],"version-history":[{"count":2,"href":"https:\/\/www.turismoaguarda.es\/en\/wp-json\/wp\/v2\/posts\/9922\/revisions"}],"predecessor-version":[{"id":9936,"href":"https:\/\/www.turismoaguarda.es\/en\/wp-json\/wp\/v2\/posts\/9922\/revisions\/9936"}],"wp:featuredmedia":[{"embeddable":true,"href":"https:\/\/www.turismoaguarda.es\/en\/wp-json\/wp\/v2\/media\/9926"}],"wp:attachment":[{"href":"https:\/\/www.turismoaguarda.es\/en\/wp-json\/wp\/v2\/media?parent=9922"}],"wp:term":[{"taxonomy":"category","embeddable":true,"href":"https:\/\/www.turismoaguarda.es\/en\/wp-json\/wp\/v2\/categories?post=9922"},{"taxonomy":"post_tag","embeddable":true,"href":"https:\/\/www.turismoaguarda.es\/en\/wp-json\/wp\/v2\/tags?post=9922"}],"curies":[{"name":"wp","href":"https:\/\/api.w.org\/{rel}","templated":true}]}}