{"id":9007,"date":"2018-11-22T12:46:31","date_gmt":"2018-11-22T12:46:31","guid":{"rendered":"http:\/\/www.turismoaguarda.es\/?p=9007"},"modified":"2018-11-22T12:46:41","modified_gmt":"2018-11-22T12:46:41","slug":"mas-de-1200-pinchos-servidos-confirman-el-exito-de-la-ruta-petiscos-con-arte-e-a-guarda","status":"publish","type":"post","link":"https:\/\/www.turismoaguarda.es\/en\/mas-de-1200-pinchos-servidos-confirman-el-exito-de-la-ruta-petiscos-con-arte-e-a-guarda\/","title":{"rendered":"M\u00e1s de 1200 pinchos servidos confirman el \u00e9xito de la Ruta \u201cPetiscos con Arte\u201d e A Guarda"},"content":{"rendered":"<p>[vc_row][vc_column][vc_column_text]<\/p>\n<p style=\"text-align: justify\">La Ruta \u201cPetiscos con Arte\u201d finaliza ya este fin de semana despues de servirse m\u00e1s de 1.200 pinchos en el pasado fin de semana entre los 12 establecimientos participantes.<\/p>\n<p style=\"text-align: justify\">El evento organizado a trav\u00e9s da Conceller\u00eda de Turismo, mezcla la gastronom\u00eda y el arte para ofertar a los participantes una experiencia para los sentidos con un total de 12 pinchos diferentes y 12 exposiciones de tem\u00e1tica variada: fotograf\u00eda, pintura, escultura e ilustraciones.<\/p>\n<p style=\"text-align: justify\"><a href=\"http:\/\/www.turismoaguarda.es\/mas-de-1200-pinchos-servidos-confirman-el-exito-de-la-ruta-petiscos-con-arte-e-a-guarda\/22112018-mais-de-1200-petiscos-servidos-confirman-o-exito-da-ruta-petiscos-con-arte-na-guarda-3\/\" rel=\"attachment wp-att-9010\"><img loading=\"lazy\" decoding=\"async\" class=\"alignnone size-full wp-image-9010\" src=\"http:\/\/www.turismoaguarda.es\/wp-content\/uploads\/2018\/11\/22112018-M\u00e1is-de-1200-petiscos-servidos-confirman-o-\u00e9xito-da-Ruta-\u201cPetiscos-con-Arte\u201d-na-Guarda-3.jpg\" alt=\"La Ruta \u201cPetiscos con Arte\u201d est\u00e1 abierta el viernes y s\u00e1bado en horario de ma\u00f1ana de 12:00h a 14:00h y tarde 19:00h a 21:30h.\" width=\"800\" height=\"600\" srcset=\"https:\/\/www.turismoaguarda.es\/wp-content\/uploads\/2018\/11\/22112018-M\u00e1is-de-1200-petiscos-servidos-confirman-o-\u00e9xito-da-Ruta-\u201cPetiscos-con-Arte\u201d-na-Guarda-3.jpg 800w, https:\/\/www.turismoaguarda.es\/wp-content\/uploads\/2018\/11\/22112018-M\u00e1is-de-1200-petiscos-servidos-confirman-o-\u00e9xito-da-Ruta-\u201cPetiscos-con-Arte\u201d-na-Guarda-3-300x225.jpg 300w, https:\/\/www.turismoaguarda.es\/wp-content\/uploads\/2018\/11\/22112018-M\u00e1is-de-1200-petiscos-servidos-confirman-o-\u00e9xito-da-Ruta-\u201cPetiscos-con-Arte\u201d-na-Guarda-3-768x576.jpg 768w, https:\/\/www.turismoaguarda.es\/wp-content\/uploads\/2018\/11\/22112018-M\u00e1is-de-1200-petiscos-servidos-confirman-o-\u00e9xito-da-Ruta-\u201cPetiscos-con-Arte\u201d-na-Guarda-3-150x113.jpg 150w, https:\/\/www.turismoaguarda.es\/wp-content\/uploads\/2018\/11\/22112018-M\u00e1is-de-1200-petiscos-servidos-confirman-o-\u00e9xito-da-Ruta-\u201cPetiscos-con-Arte\u201d-na-Guarda-3-500x375.jpg 500w\" sizes=\"auto, (max-width: 800px) 100vw, 800px\" \/><\/a>Los hosteleros participantes sirvieron un aproximado de 100 pinchos cada uno en el primer fin de semana y el balance general de esta campa\u00f1a es muy positivo, con una buena afluencia de comensales, que aprovecharon para disfrutar de la oferta gastron\u00f3mica, a la vez que admiraron las 12 exposiciones que se pueden ver en cada local.<\/p>\n<p style=\"text-align: justify\">La Ruta \u201cPetiscos con Arte\u201d est\u00e1 abierta el viernes y s\u00e1bado en horario de ma\u00f1ana de 12:00h a 14:00h y tarde 19:00h a 21:30h.<\/p>\n<p style=\"text-align: justify\"><a href=\"http:\/\/www.turismoaguarda.es\/mas-de-1200-pinchos-servidos-confirman-el-exito-de-la-ruta-petiscos-con-arte-e-a-guarda\/22112018-mais-de-1200-petiscos-servidos-confirman-o-exito-da-ruta-petiscos-con-arte-na-guarda-5\/\" rel=\"attachment wp-att-9013\"><img loading=\"lazy\" decoding=\"async\" class=\"alignnone size-full wp-image-9013\" src=\"http:\/\/www.turismoaguarda.es\/wp-content\/uploads\/2018\/11\/22112018-M\u00e1is-de-1200-petiscos-servidos-confirman-o-\u00e9xito-da-Ruta-\u201cPetiscos-con-Arte\u201d-na-Guarda-5.jpg\" alt=\"La Ruta \u201cPetiscos con Arte\u201d est\u00e1 abierta el viernes y s\u00e1bado en horario de ma\u00f1ana de 12:00h a 14:00h y tarde 19:00h a 21:30h.\" width=\"800\" height=\"533\" srcset=\"https:\/\/www.turismoaguarda.es\/wp-content\/uploads\/2018\/11\/22112018-M\u00e1is-de-1200-petiscos-servidos-confirman-o-\u00e9xito-da-Ruta-\u201cPetiscos-con-Arte\u201d-na-Guarda-5.jpg 800w, https:\/\/www.turismoaguarda.es\/wp-content\/uploads\/2018\/11\/22112018-M\u00e1is-de-1200-petiscos-servidos-confirman-o-\u00e9xito-da-Ruta-\u201cPetiscos-con-Arte\u201d-na-Guarda-5-300x200.jpg 300w, https:\/\/www.turismoaguarda.es\/wp-content\/uploads\/2018\/11\/22112018-M\u00e1is-de-1200-petiscos-servidos-confirman-o-\u00e9xito-da-Ruta-\u201cPetiscos-con-Arte\u201d-na-Guarda-5-768x512.jpg 768w, https:\/\/www.turismoaguarda.es\/wp-content\/uploads\/2018\/11\/22112018-M\u00e1is-de-1200-petiscos-servidos-confirman-o-\u00e9xito-da-Ruta-\u201cPetiscos-con-Arte\u201d-na-Guarda-5-150x100.jpg 150w, https:\/\/www.turismoaguarda.es\/wp-content\/uploads\/2018\/11\/22112018-M\u00e1is-de-1200-petiscos-servidos-confirman-o-\u00e9xito-da-Ruta-\u201cPetiscos-con-Arte\u201d-na-Guarda-5-500x333.jpg 500w\" sizes=\"auto, (max-width: 800px) 100vw, 800px\" \/><\/a>Los 12 establecimientos participantes en esta edici\u00f3n ofertan un pincho al simb\u00f3lico precio de 1,50\u20ac, elaboraciones gastron\u00f3micas para todos los gustos con potajes, montaditos, tostas, sushi, entre otros.<\/p>\n<p style=\"text-align: justify\">Seg\u00fan manifest\u00f3 Montserrat Magallanes, Concejal de Turismo da Guarda, la finalidad de la ruta es promocionar la gastronom\u00eda y el arte en A Guarda, dinamizando el tejido de hosteler\u00eda del municipio en esta temporada post-estival con un valor a\u00f1adido como es el arte, con exposici\u00f3ns para todos los gustos.<\/p>\n<p>&nbsp;<\/p>\n<table width=\"590\" cellspacing=\"0\" cellpadding=\"4\">\n<colgroup>\n<col width=\"305\" \/>\n<col width=\"267\" \/> <\/colgroup>\n<tbody>\n<tr valign=\"top\">\n<td width=\"305\">\n<p class=\"western\" lang=\"gl-ES\"><span style=\"font-family: Calibri, sans-serif\"><span style=\"font-size: large\"><b>Art Caf\u00e9: <\/b><\/span><\/span><span style=\"font-family: Calibri, sans-serif\"><span style=\"font-size: large\"><i>Fabada guardesa<\/i><\/span><\/span><\/p>\n<p class=\"western\" lang=\"gl-ES\" align=\"left\"><span style=\"font-family: Calibri, sans-serif\"><span style=\"font-size: large\">Ilustraci\u00f3n: \u201cIlustraci\u00f3ns, serigraf\u00eda e pintura\u201d<\/span><\/span><\/p>\n<p class=\"western\" lang=\"gl-ES\" align=\"left\"><span style=\"font-family: Calibri, sans-serif\"><span style=\"font-size: large\">Davida (Vigo)<\/span><\/span><\/p>\n<p class=\"western\" lang=\"gl-ES\" align=\"left\"><span style=\"font-size: small\"><span style=\"font-family: Calibri, sans-serif\"><span style=\"font-size: large\"><b>Boc and Pix: <\/b><\/span><\/span><span style=\"font-family: Calibri, sans-serif\"><span style=\"font-size: large\"><i>Capricho lime\u00f1o<\/i><\/span><\/span><\/span><\/p>\n<p class=\"western\" lang=\"gl-ES\" align=\"left\"><span style=\"font-family: Calibri, sans-serif\"><span style=\"font-size: large\">Ilustraci\u00f3n: \u201cSomnium Pictura\u201d<\/span><\/span><\/p>\n<p align=\"left\"><span style=\"color: #000000\"><span style=\"color: #00000a\"><span style=\"font-family: Calibri, sans-serif\"><span style=\"font-size: large\"><span lang=\"gl-ES\">Sarai Rodr\u00edguez Fern\u00e1ndez (<\/span><\/span><\/span><\/span><span style=\"color: #00000a\"><span style=\"font-family: Calibri, sans-serif\"><span style=\"font-size: large\"><span lang=\"gl-ES\">Tomi\u00f1o)<\/span><\/span><\/span><\/span><\/span><\/p>\n<p class=\"western\" lang=\"gl-ES\" align=\"left\"><span style=\"font-size: small\"><span style=\"font-family: Calibri, sans-serif\"><span style=\"font-size: large\"><b>La Botica: <\/b><\/span><\/span><span style=\"font-family: Calibri, sans-serif\"><span style=\"font-size: large\"><i>Bandeiri\u00f1as espa\u00f1olas<\/i><\/span><\/span><\/span><\/p>\n<p class=\"western\" lang=\"gl-ES\" align=\"left\"><span style=\"font-size: small\"><span style=\"font-family: Calibri, sans-serif\"><span style=\"font-size: large\">Pintura: \u201c<\/span><\/span><span style=\"font-family: Calibri, sans-serif\"><span style=\"font-size: large\">Bodeg\u00f3ns postmodernos<\/span><\/span><span style=\"font-family: Calibri, sans-serif\"><span style=\"font-size: large\">\u201d<\/span><\/span><\/span><\/p>\n<p align=\"left\"><span style=\"color: #000000\"><span style=\"color: #00000a\"><span style=\"font-family: Calibri, sans-serif\"><span style=\"font-size: large\"><span lang=\"gl-ES\">Gemma Marqu\u00e9s (<\/span><\/span><\/span><\/span><span style=\"color: #00000a\"><span style=\"font-family: Calibri, sans-serif\"><span style=\"font-size: large\"><span lang=\"gl-ES\">A Guarda)<\/span><\/span><\/span><\/span><\/span><\/p>\n<p class=\"western\" lang=\"gl-ES\" align=\"left\"><span style=\"font-size: small\"><span style=\"font-family: Calibri, sans-serif\"><span style=\"font-size: large\"><b>Br\u00e9tema: <\/b><\/span><\/span><span style=\"font-family: Calibri, sans-serif\"><span style=\"font-size: large\"><i>Salinas<\/i><\/span><\/span><\/span><\/p>\n<p class=\"western\" lang=\"gl-ES\" align=\"left\"><span style=\"font-family: Calibri, sans-serif\"><span style=\"font-size: large\">Pintura: \u201cMeu Pobo\u201d<\/span><\/span><\/p>\n<p class=\"western\" lang=\"gl-ES\" align=\"left\"><span style=\"font-family: Calibri, sans-serif\"><span style=\"font-size: large\">Cachi (A Guarda)<\/span><\/span><\/p>\n<p class=\"western\" lang=\"gl-ES\" align=\"left\"><span style=\"font-size: small\"><span style=\"font-family: Calibri, sans-serif\"><span style=\"font-size: large\"><b>O Cangrexal: <\/b><\/span><\/span><span style=\"font-family: Calibri, sans-serif\"><span style=\"font-size: large\"><i>Cielito lindo<\/i><\/span><\/span><\/span><\/p>\n<p class=\"western\" lang=\"gl-ES\" align=\"left\"><span style=\"font-family: Calibri, sans-serif\"><span style=\"font-size: large\">Pintura: \u201cCores do bosque\u201d <\/span><\/span><\/p>\n<p class=\"western\" lang=\"gl-ES\" align=\"left\"><span style=\"font-family: Calibri, sans-serif\"><span style=\"font-size: large\">Teresa Dorado (Oia)<\/span><\/span><\/p>\n<p class=\"western\" lang=\"gl-ES\" align=\"left\"><span style=\"font-size: small\"><span style=\"font-family: Calibri, sans-serif\"><span style=\"font-size: large\"><b>Enxebre: <\/b><\/span><\/span><span style=\"font-family: Calibri, sans-serif\"><span style=\"font-size: large\"><i>Tiri\u00f1as de polo<\/i><\/span><\/span><\/span><\/p>\n<p class=\"western\" lang=\"gl-ES\" align=\"left\"><span style=\"font-family: Calibri, sans-serif\"><span style=\"font-size: large\">Fotograf\u00eda: \u201cColecci\u00f3n xentes do mar\u201d<\/span><\/span><\/p>\n<p class=\"western\" lang=\"gl-ES\" align=\"left\"><span style=\"font-family: Calibri, sans-serif\"><span style=\"font-size: large\">Eliseo Alonso (Tomi\u00f1o)<\/span><\/span><\/p>\n<\/td>\n<td width=\"267\">\n<p class=\"western\" lang=\"gl-ES\" align=\"left\"><span style=\"font-size: small\"><span style=\"font-family: Calibri, sans-serif\"><span style=\"font-size: large\"><b>A m\u00e1is bonita: <\/b><\/span><\/span><span style=\"font-family: Calibri, sans-serif\"><span style=\"font-size: large\"><i>Makis<\/i><\/span><\/span><\/span><\/p>\n<p class=\"western\" lang=\"gl-ES\" align=\"left\"><span style=\"font-family: Calibri, sans-serif\"><span style=\"font-size: large\">Ilustraci\u00f3n: \u201cMaki-sashie\u201d<\/span><\/span><\/p>\n<p class=\"western\" lang=\"gl-ES\" align=\"left\"><span style=\"font-family: Calibri, sans-serif\"><span style=\"font-size: large\">Tamara Baz (A Guarda)<\/span><\/span><\/p>\n<p class=\"western\" lang=\"gl-ES\" align=\"left\"><span style=\"font-size: small\"><span style=\"font-family: Calibri, sans-serif\"><span style=\"font-size: large\"><b>Marbella: <\/b><\/span><\/span><span style=\"font-family: Calibri, sans-serif\"><span style=\"font-size: large\"><i>Potaxe de garavanzos<\/i><\/span><\/span><\/span><\/p>\n<p class=\"western\" lang=\"gl-ES\" align=\"left\"><span style=\"font-family: Calibri, sans-serif\"><span style=\"font-size: large\">Pintura: \u201cRinc\u00f3ns de Galicia e Portugal\u201d<\/span><\/span><\/p>\n<p class=\"western\" lang=\"gl-ES\" align=\"left\"><span style=\"font-family: Calibri, sans-serif\"><span style=\"font-size: large\">Nely R. S\u00e1nchez (A Guarda)<\/span><\/span><\/p>\n<p class=\"western\" lang=\"gl-ES\" align=\"left\"><span style=\"font-size: small\"><span style=\"font-family: Calibri, sans-serif\"><span style=\"font-size: large\"><b>El perro verde: <\/b><\/span><\/span><span style=\"font-family: Calibri, sans-serif\"><span style=\"font-size: large\"><i>Pincho perruno\u201d<\/i><\/span><\/span><\/span><\/p>\n<p class=\"western\" lang=\"gl-ES\" align=\"left\"><span style=\"font-family: Calibri, sans-serif\"><span style=\"font-size: large\">Pintura: \u201cAves no fin da terra\u201d<\/span><\/span><\/p>\n<p class=\"western\" lang=\"gl-ES\" align=\"left\"><span style=\"font-family: Calibri, sans-serif\"><span style=\"font-size: large\">Jos\u00e9 Arcas (Vigo)<\/span><\/span><\/p>\n<p class=\"western\" lang=\"gl-ES\" align=\"left\"><span style=\"font-size: small\"><span style=\"font-family: Calibri, sans-serif\"><span style=\"font-size: large\"><b>Terra Verde: <\/b><\/span><\/span><span style=\"font-family: Calibri, sans-serif\"><span style=\"font-size: large\"><i>A orella de Van Gogh<\/i><\/span><\/span><\/span><\/p>\n<p class=\"western\" lang=\"gl-ES\" align=\"left\"><span style=\"font-family: Calibri, sans-serif\"><span style=\"font-size: large\">Escultura e pintura: \u201cMiscel\u00e1nea\u201d<\/span><\/span><\/p>\n<p class=\"western\" lang=\"gl-ES\" align=\"left\"><span style=\"font-family: Calibri, sans-serif\"><span style=\"font-size: large\">Modesto Rodr\u00edguez (Nigr\u00e1n)<\/span><\/span><\/p>\n<p class=\"western\" lang=\"gl-ES\" align=\"left\"><span style=\"font-size: small\"><span style=\"font-family: Calibri, sans-serif\"><span style=\"font-size: large\"><b>Xantar: <\/b><\/span><\/span><span style=\"font-family: Calibri, sans-serif\"><span style=\"font-size: large\"><i>Delicias de outono<\/i><\/span><\/span><\/span><\/p>\n<p class=\"western\" lang=\"gl-ES\" align=\"left\"><span style=\"font-family: Calibri, sans-serif\"><span style=\"font-size: large\">Fotograf\u00eda: \u201cCambia de perspectiva\u201d<\/span><\/span><\/p>\n<p class=\"western\" lang=\"gl-ES\" align=\"left\"><span style=\"font-family: Calibri, sans-serif\"><span style=\"font-size: large\">Pablo Lubi\u00e1ns (Pontevedra) <\/span><\/span><\/p>\n<p class=\"western\" lang=\"gl-ES\" align=\"left\"><span style=\"font-size: small\"><span style=\"font-family: Calibri, sans-serif\"><span style=\"font-size: large\"><b>Xeito:<\/b><\/span><\/span> <span style=\"font-family: Calibri, sans-serif\"><span style=\"font-size: large\"><i>Papillote de solombo celta<\/i><\/span><\/span><\/span><\/p>\n<p class=\"western\" lang=\"gl-ES\" align=\"left\"><span style=\"font-family: Calibri, sans-serif\"><span style=\"font-size: large\">Pintura: \u201cRecunchos da Guarda\u201d<\/span><\/span><\/p>\n<p class=\"western\" lang=\"gl-ES\" align=\"justify\"><span style=\"font-family: Calibri, sans-serif\"><span style=\"font-size: large\">Charo Trigo (A Guarda)<\/span><\/span><\/p>\n<\/td>\n<\/tr>\n<\/tbody>\n<\/table>\n<p>&nbsp;<\/p>\n<p style=\"text-align: justify\">Cada participante que deguste un pincho recibir\u00e1 una papeleta que cumplimentar\u00e1 con sus datos personales y depositar\u00e1 en la urna para entrar en el sorteo de 5 lotes de vino de la Bodega colaboradora Gran Nov\u00e1s. Habr\u00e1 un peque\u00f1o acto de entrega a los premiados en el sorteo (un premio por persona).<\/p>\n<p>[\/vc_column_text][vc_video link=&#8221;https:\/\/www.youtube.com\/watch?v=ZPX6fZrP5Bs&#8221;][\/vc_column][\/vc_row]<\/p>\n<p><a href=\"http:\/\/www.turismoaguarda.es\/mas-de-1200-pinchos-servidos-confirman-el-exito-de-la-ruta-petiscos-con-arte-e-a-guarda\/22112018-mais-de-1200-petiscos-servidos-confirman-o-exito-da-ruta-petiscos-con-arte-na-guarda-7\/\" rel=\"attachment wp-att-9019\"><img loading=\"lazy\" decoding=\"async\" class=\"alignnone size-full wp-image-9019\" src=\"http:\/\/www.turismoaguarda.es\/wp-content\/uploads\/2018\/11\/22112018-M\u00e1is-de-1200-petiscos-servidos-confirman-o-\u00e9xito-da-Ruta-\u201cPetiscos-con-Arte\u201d-na-Guarda-7.jpg\" alt=\"La Ruta \u201cPetiscos con Arte\u201d est\u00e1 abierta el viernes y s\u00e1bado en horario de ma\u00f1ana de 12:00h a 14:00h y tarde 19:00h a 21:30h.\" width=\"800\" height=\"1067\" srcset=\"https:\/\/www.turismoaguarda.es\/wp-content\/uploads\/2018\/11\/22112018-M\u00e1is-de-1200-petiscos-servidos-confirman-o-\u00e9xito-da-Ruta-\u201cPetiscos-con-Arte\u201d-na-Guarda-7.jpg 800w, https:\/\/www.turismoaguarda.es\/wp-content\/uploads\/2018\/11\/22112018-M\u00e1is-de-1200-petiscos-servidos-confirman-o-\u00e9xito-da-Ruta-\u201cPetiscos-con-Arte\u201d-na-Guarda-7-225x300.jpg 225w, https:\/\/www.turismoaguarda.es\/wp-content\/uploads\/2018\/11\/22112018-M\u00e1is-de-1200-petiscos-servidos-confirman-o-\u00e9xito-da-Ruta-\u201cPetiscos-con-Arte\u201d-na-Guarda-7-768x1024.jpg 768w, https:\/\/www.turismoaguarda.es\/wp-content\/uploads\/2018\/11\/22112018-M\u00e1is-de-1200-petiscos-servidos-confirman-o-\u00e9xito-da-Ruta-\u201cPetiscos-con-Arte\u201d-na-Guarda-7-150x200.jpg 150w, https:\/\/www.turismoaguarda.es\/wp-content\/uploads\/2018\/11\/22112018-M\u00e1is-de-1200-petiscos-servidos-confirman-o-\u00e9xito-da-Ruta-\u201cPetiscos-con-Arte\u201d-na-Guarda-7-375x500.jpg 375w\" sizes=\"auto, (max-width: 800px) 100vw, 800px\" \/><\/a><a href=\"http:\/\/www.turismoaguarda.es\/mas-de-1200-pinchos-servidos-confirman-el-exito-de-la-ruta-petiscos-con-arte-e-a-guarda\/22112018-mais-de-1200-petiscos-servidos-confirman-o-exito-da-ruta-petiscos-con-arte-na-guarda-6\/\" rel=\"attachment wp-att-9016\"><img loading=\"lazy\" decoding=\"async\" class=\"alignnone size-full wp-image-9016\" src=\"http:\/\/www.turismoaguarda.es\/wp-content\/uploads\/2018\/11\/22112018-M\u00e1is-de-1200-petiscos-servidos-confirman-o-\u00e9xito-da-Ruta-\u201cPetiscos-con-Arte\u201d-na-Guarda-6.jpg\" alt=\"La Ruta \u201cPetiscos con Arte\u201d est\u00e1 abierta el viernes y s\u00e1bado en horario de ma\u00f1ana de 12:00h a 14:00h y tarde 19:00h a 21:30h.\" width=\"800\" height=\"1067\" srcset=\"https:\/\/www.turismoaguarda.es\/wp-content\/uploads\/2018\/11\/22112018-M\u00e1is-de-1200-petiscos-servidos-confirman-o-\u00e9xito-da-Ruta-\u201cPetiscos-con-Arte\u201d-na-Guarda-6.jpg 800w, https:\/\/www.turismoaguarda.es\/wp-content\/uploads\/2018\/11\/22112018-M\u00e1is-de-1200-petiscos-servidos-confirman-o-\u00e9xito-da-Ruta-\u201cPetiscos-con-Arte\u201d-na-Guarda-6-225x300.jpg 225w, https:\/\/www.turismoaguarda.es\/wp-content\/uploads\/2018\/11\/22112018-M\u00e1is-de-1200-petiscos-servidos-confirman-o-\u00e9xito-da-Ruta-\u201cPetiscos-con-Arte\u201d-na-Guarda-6-768x1024.jpg 768w, https:\/\/www.turismoaguarda.es\/wp-content\/uploads\/2018\/11\/22112018-M\u00e1is-de-1200-petiscos-servidos-confirman-o-\u00e9xito-da-Ruta-\u201cPetiscos-con-Arte\u201d-na-Guarda-6-150x200.jpg 150w, https:\/\/www.turismoaguarda.es\/wp-content\/uploads\/2018\/11\/22112018-M\u00e1is-de-1200-petiscos-servidos-confirman-o-\u00e9xito-da-Ruta-\u201cPetiscos-con-Arte\u201d-na-Guarda-6-375x500.jpg 375w\" sizes=\"auto, (max-width: 800px) 100vw, 800px\" \/><\/a><\/p>\n","protected":false},"excerpt":{"rendered":"<p>[vc_row][vc_column][vc_column_text] La Ruta \u201cPetiscos con Arte\u201d finaliza ya este fin de semana despues de servirse m\u00e1s de 1.200 pinchos en el pasado fin de semana entre los 12 establecimientos participantes. El evento organizado a trav\u00e9s da Conceller\u00eda de Turismo, mezcla la gastronom\u00eda y el arte para ofertar a los participantes una experiencia para los sentidos<\/p>\n<div class=\"padding-top text-center\"><a href=\"https:\/\/www.turismoaguarda.es\/en\/mas-de-1200-pinchos-servidos-confirman-el-exito-de-la-ruta-petiscos-con-arte-e-a-guarda\/\" class=\"atbtn atbtn--medium atbtn--rounded atbtn--transparent\">Read more<i class=\"atbtn__icon atbtn__icon--right fa fa-long-arrow-right\"><\/i><\/a><\/div>\n","protected":false},"author":11,"featured_media":8933,"comment_status":"open","ping_status":"open","sticky":false,"template":"","format":"standard","meta":{"footnotes":""},"categories":[44],"tags":[169,571,1154,916,168],"class_list":["post-9007","post","type-post","status-publish","format-standard","has-post-thumbnail","hentry","category-noticias-turismo","tag-a-guarda","tag-gastronomia","tag-petiscos","tag-ruta","tag-turismo"],"yoast_head":"<!-- This site is optimized with the Yoast SEO plugin v27.5 - https:\/\/yoast.com\/product\/yoast-seo-wordpress\/ -->\n<title>M\u00e1s de 1200 pinchos servidos confirman el \u00e9xito de la Ruta \u201cPetiscos con Arte\u201d e A Guarda | Turismo A Guarda<\/title>\n<meta name=\"robots\" content=\"index, follow, max-snippet:-1, max-image-preview:large, max-video-preview:-1\" \/>\n<link rel=\"canonical\" href=\"https:\/\/www.turismoaguarda.es\/mas-de-1200-pinchos-servidos-confirman-el-exito-de-la-ruta-petiscos-con-arte-e-a-guarda\/\" \/>\n<meta property=\"og:locale\" content=\"en_US\" \/>\n<meta property=\"og:type\" content=\"article\" \/>\n<meta property=\"og:title\" content=\"M\u00e1s de 1200 pinchos servidos confirman el \u00e9xito de la Ruta \u201cPetiscos con Arte\u201d e A Guarda | Turismo A Guarda\" \/>\n<meta property=\"og:description\" content=\"[vc_row][vc_column][vc_column_text] La Ruta \u201cPetiscos con Arte\u201d finaliza ya este fin de semana despues de servirse m\u00e1s de 1.200 pinchos en el pasado fin de semana entre los 12 establecimientos participantes. El evento organizado a trav\u00e9s da Conceller\u00eda de Turismo, mezcla la gastronom\u00eda y el arte para ofertar a los participantes una experiencia para los sentidosRead more\" \/>\n<meta property=\"og:url\" content=\"https:\/\/www.turismoaguarda.es\/mas-de-1200-pinchos-servidos-confirman-el-exito-de-la-ruta-petiscos-con-arte-e-a-guarda\/\" \/>\n<meta property=\"og:site_name\" content=\"Turismo A Guarda\" \/>\n<meta property=\"article:publisher\" content=\"https:\/\/es-es.facebook.com\/Turismo-A-Guarda-126223240790625\/\" \/>\n<meta property=\"article:published_time\" content=\"2018-11-22T12:46:31+00:00\" \/>\n<meta property=\"article:modified_time\" content=\"2018-11-22T12:46:41+00:00\" \/>\n<meta property=\"og:image\" content=\"https:\/\/www.turismoaguarda.es\/wp-content\/uploads\/2018\/11\/NP-09112018-Gastronom\u00eda-e-Arte-protagonistas-na-Guarda-dunha-nova-edici\u00f3n-de-\u201cPetiscos-con-Arte\u201d-1.jpg\" \/>\n\t<meta property=\"og:image:width\" content=\"800\" \/>\n\t<meta property=\"og:image:height\" content=\"1080\" \/>\n\t<meta property=\"og:image:type\" content=\"image\/jpeg\" \/>\n<meta name=\"author\" content=\"Prensa A Guarda\" \/>\n<meta name=\"twitter:card\" content=\"summary_large_image\" \/>\n<meta name=\"twitter:creator\" content=\"@TurismoAGuarda\" \/>\n<meta name=\"twitter:site\" content=\"@TurismoAGuarda\" \/>\n<meta name=\"twitter:label1\" content=\"Written by\" \/>\n\t<meta name=\"twitter:data1\" content=\"Prensa A Guarda\" \/>\n\t<meta name=\"twitter:label2\" content=\"Est. reading time\" \/>\n\t<meta name=\"twitter:data2\" content=\"2 minutes\" \/>\n<script type=\"application\/ld+json\" class=\"yoast-schema-graph\">{\"@context\":\"https:\\\/\\\/schema.org\",\"@graph\":[{\"@type\":\"Article\",\"@id\":\"https:\\\/\\\/www.turismoaguarda.es\\\/mas-de-1200-pinchos-servidos-confirman-el-exito-de-la-ruta-petiscos-con-arte-e-a-guarda\\\/#article\",\"isPartOf\":{\"@id\":\"https:\\\/\\\/www.turismoaguarda.es\\\/mas-de-1200-pinchos-servidos-confirman-el-exito-de-la-ruta-petiscos-con-arte-e-a-guarda\\\/\"},\"author\":{\"name\":\"Prensa A Guarda\",\"@id\":\"https:\\\/\\\/www.turismoaguarda.es\\\/#\\\/schema\\\/person\\\/a8b0c27ad7bcbb6c19799e934727508e\"},\"headline\":\"M\u00e1s de 1200 pinchos servidos confirman el \u00e9xito de la Ruta \u201cPetiscos con Arte\u201d e A Guarda\",\"datePublished\":\"2018-11-22T12:46:31+00:00\",\"dateModified\":\"2018-11-22T12:46:41+00:00\",\"mainEntityOfPage\":{\"@id\":\"https:\\\/\\\/www.turismoaguarda.es\\\/mas-de-1200-pinchos-servidos-confirman-el-exito-de-la-ruta-petiscos-con-arte-e-a-guarda\\\/\"},\"wordCount\":505,\"commentCount\":0,\"image\":{\"@id\":\"https:\\\/\\\/www.turismoaguarda.es\\\/mas-de-1200-pinchos-servidos-confirman-el-exito-de-la-ruta-petiscos-con-arte-e-a-guarda\\\/#primaryimage\"},\"thumbnailUrl\":\"https:\\\/\\\/www.turismoaguarda.es\\\/wp-content\\\/uploads\\\/2018\\\/11\\\/NP-09112018-Gastronom\u00eda-e-Arte-protagonistas-na-Guarda-dunha-nova-edici\u00f3n-de-\u201cPetiscos-con-Arte\u201d-1.jpg\",\"keywords\":[\"A Guarda\",\"gastronom\u00eda.\",\"Petiscos\",\"ruta\",\"turismo\"],\"articleSection\":[\"Noticias Turismo\"],\"inLanguage\":\"en-US\",\"potentialAction\":[{\"@type\":\"CommentAction\",\"name\":\"Comment\",\"target\":[\"https:\\\/\\\/www.turismoaguarda.es\\\/mas-de-1200-pinchos-servidos-confirman-el-exito-de-la-ruta-petiscos-con-arte-e-a-guarda\\\/#respond\"]}]},{\"@type\":\"WebPage\",\"@id\":\"https:\\\/\\\/www.turismoaguarda.es\\\/mas-de-1200-pinchos-servidos-confirman-el-exito-de-la-ruta-petiscos-con-arte-e-a-guarda\\\/\",\"url\":\"https:\\\/\\\/www.turismoaguarda.es\\\/mas-de-1200-pinchos-servidos-confirman-el-exito-de-la-ruta-petiscos-con-arte-e-a-guarda\\\/\",\"name\":\"M\u00e1s de 1200 pinchos servidos confirman el \u00e9xito de la Ruta \u201cPetiscos con Arte\u201d e A Guarda | Turismo A Guarda\",\"isPartOf\":{\"@id\":\"https:\\\/\\\/www.turismoaguarda.es\\\/#website\"},\"primaryImageOfPage\":{\"@id\":\"https:\\\/\\\/www.turismoaguarda.es\\\/mas-de-1200-pinchos-servidos-confirman-el-exito-de-la-ruta-petiscos-con-arte-e-a-guarda\\\/#primaryimage\"},\"image\":{\"@id\":\"https:\\\/\\\/www.turismoaguarda.es\\\/mas-de-1200-pinchos-servidos-confirman-el-exito-de-la-ruta-petiscos-con-arte-e-a-guarda\\\/#primaryimage\"},\"thumbnailUrl\":\"https:\\\/\\\/www.turismoaguarda.es\\\/wp-content\\\/uploads\\\/2018\\\/11\\\/NP-09112018-Gastronom\u00eda-e-Arte-protagonistas-na-Guarda-dunha-nova-edici\u00f3n-de-\u201cPetiscos-con-Arte\u201d-1.jpg\",\"datePublished\":\"2018-11-22T12:46:31+00:00\",\"dateModified\":\"2018-11-22T12:46:41+00:00\",\"author\":{\"@id\":\"https:\\\/\\\/www.turismoaguarda.es\\\/#\\\/schema\\\/person\\\/a8b0c27ad7bcbb6c19799e934727508e\"},\"breadcrumb\":{\"@id\":\"https:\\\/\\\/www.turismoaguarda.es\\\/mas-de-1200-pinchos-servidos-confirman-el-exito-de-la-ruta-petiscos-con-arte-e-a-guarda\\\/#breadcrumb\"},\"inLanguage\":\"en-US\",\"potentialAction\":[{\"@type\":\"ReadAction\",\"target\":[\"https:\\\/\\\/www.turismoaguarda.es\\\/mas-de-1200-pinchos-servidos-confirman-el-exito-de-la-ruta-petiscos-con-arte-e-a-guarda\\\/\"]}]},{\"@type\":\"ImageObject\",\"inLanguage\":\"en-US\",\"@id\":\"https:\\\/\\\/www.turismoaguarda.es\\\/mas-de-1200-pinchos-servidos-confirman-el-exito-de-la-ruta-petiscos-con-arte-e-a-guarda\\\/#primaryimage\",\"url\":\"https:\\\/\\\/www.turismoaguarda.es\\\/wp-content\\\/uploads\\\/2018\\\/11\\\/NP-09112018-Gastronom\u00eda-e-Arte-protagonistas-na-Guarda-dunha-nova-edici\u00f3n-de-\u201cPetiscos-con-Arte\u201d-1.jpg\",\"contentUrl\":\"https:\\\/\\\/www.turismoaguarda.es\\\/wp-content\\\/uploads\\\/2018\\\/11\\\/NP-09112018-Gastronom\u00eda-e-Arte-protagonistas-na-Guarda-dunha-nova-edici\u00f3n-de-\u201cPetiscos-con-Arte\u201d-1.jpg\",\"width\":800,\"height\":1080,\"caption\":\"La Ruta \u201cPetiscos con Arte\u201d tendr\u00e1 lugar los dos fines de semana de la segunda quincena de noviembre, los d\u00edas 16, 17, 23 y 24 en horario de ma\u00f1ana de 12:00h a 14:00h y de tarde de 19:00h a 21:30h.\"},{\"@type\":\"BreadcrumbList\",\"@id\":\"https:\\\/\\\/www.turismoaguarda.es\\\/mas-de-1200-pinchos-servidos-confirman-el-exito-de-la-ruta-petiscos-con-arte-e-a-guarda\\\/#breadcrumb\",\"itemListElement\":[{\"@type\":\"ListItem\",\"position\":1,\"name\":\"Portada\",\"item\":\"https:\\\/\\\/www.turismoaguarda.es\\\/en\\\/\"},{\"@type\":\"ListItem\",\"position\":2,\"name\":\"M\u00e1s de 1200 pinchos servidos confirman el \u00e9xito de la Ruta \u201cPetiscos con Arte\u201d e A Guarda\"}]},{\"@type\":\"WebSite\",\"@id\":\"https:\\\/\\\/www.turismoaguarda.es\\\/#website\",\"url\":\"https:\\\/\\\/www.turismoaguarda.es\\\/\",\"name\":\"Turismo A Guarda\",\"description\":\"Informaci\u00f3n tur\u00edstica de A Guarda y alrededores.\",\"potentialAction\":[{\"@type\":\"SearchAction\",\"target\":{\"@type\":\"EntryPoint\",\"urlTemplate\":\"https:\\\/\\\/www.turismoaguarda.es\\\/?s={search_term_string}\"},\"query-input\":{\"@type\":\"PropertyValueSpecification\",\"valueRequired\":true,\"valueName\":\"search_term_string\"}}],\"inLanguage\":\"en-US\"},{\"@type\":\"Person\",\"@id\":\"https:\\\/\\\/www.turismoaguarda.es\\\/#\\\/schema\\\/person\\\/a8b0c27ad7bcbb6c19799e934727508e\",\"name\":\"Prensa A Guarda\",\"image\":{\"@type\":\"ImageObject\",\"inLanguage\":\"en-US\",\"@id\":\"https:\\\/\\\/secure.gravatar.com\\\/avatar\\\/387e117f874ba5d0a3439060b45d914395d77287b2e4890a49d1599fc3ef9189?s=96&d=mm&r=g\",\"url\":\"https:\\\/\\\/secure.gravatar.com\\\/avatar\\\/387e117f874ba5d0a3439060b45d914395d77287b2e4890a49d1599fc3ef9189?s=96&d=mm&r=g\",\"contentUrl\":\"https:\\\/\\\/secure.gravatar.com\\\/avatar\\\/387e117f874ba5d0a3439060b45d914395d77287b2e4890a49d1599fc3ef9189?s=96&d=mm&r=g\",\"caption\":\"Prensa A Guarda\"},\"url\":\"https:\\\/\\\/www.turismoaguarda.es\\\/en\\\/author\\\/prensa\\\/\"}]}<\/script>\n<!-- \/ Yoast SEO plugin. -->","yoast_head_json":{"title":"M\u00e1s de 1200 pinchos servidos confirman el \u00e9xito de la Ruta \u201cPetiscos con Arte\u201d e A Guarda | Turismo A Guarda","robots":{"index":"index","follow":"follow","max-snippet":"max-snippet:-1","max-image-preview":"max-image-preview:large","max-video-preview":"max-video-preview:-1"},"canonical":"https:\/\/www.turismoaguarda.es\/mas-de-1200-pinchos-servidos-confirman-el-exito-de-la-ruta-petiscos-con-arte-e-a-guarda\/","og_locale":"en_US","og_type":"article","og_title":"M\u00e1s de 1200 pinchos servidos confirman el \u00e9xito de la Ruta \u201cPetiscos con Arte\u201d e A Guarda | Turismo A Guarda","og_description":"[vc_row][vc_column][vc_column_text] La Ruta \u201cPetiscos con Arte\u201d finaliza ya este fin de semana despues de servirse m\u00e1s de 1.200 pinchos en el pasado fin de semana entre los 12 establecimientos participantes. El evento organizado a trav\u00e9s da Conceller\u00eda de Turismo, mezcla la gastronom\u00eda y el arte para ofertar a los participantes una experiencia para los sentidosRead more","og_url":"https:\/\/www.turismoaguarda.es\/mas-de-1200-pinchos-servidos-confirman-el-exito-de-la-ruta-petiscos-con-arte-e-a-guarda\/","og_site_name":"Turismo A Guarda","article_publisher":"https:\/\/es-es.facebook.com\/Turismo-A-Guarda-126223240790625\/","article_published_time":"2018-11-22T12:46:31+00:00","article_modified_time":"2018-11-22T12:46:41+00:00","og_image":[{"width":800,"height":1080,"url":"https:\/\/www.turismoaguarda.es\/wp-content\/uploads\/2018\/11\/NP-09112018-Gastronom\u00eda-e-Arte-protagonistas-na-Guarda-dunha-nova-edici\u00f3n-de-\u201cPetiscos-con-Arte\u201d-1.jpg","type":"image\/jpeg"}],"author":"Prensa A Guarda","twitter_card":"summary_large_image","twitter_creator":"@TurismoAGuarda","twitter_site":"@TurismoAGuarda","twitter_misc":{"Written by":"Prensa A Guarda","Est. reading time":"2 minutes"},"schema":{"@context":"https:\/\/schema.org","@graph":[{"@type":"Article","@id":"https:\/\/www.turismoaguarda.es\/mas-de-1200-pinchos-servidos-confirman-el-exito-de-la-ruta-petiscos-con-arte-e-a-guarda\/#article","isPartOf":{"@id":"https:\/\/www.turismoaguarda.es\/mas-de-1200-pinchos-servidos-confirman-el-exito-de-la-ruta-petiscos-con-arte-e-a-guarda\/"},"author":{"name":"Prensa A Guarda","@id":"https:\/\/www.turismoaguarda.es\/#\/schema\/person\/a8b0c27ad7bcbb6c19799e934727508e"},"headline":"M\u00e1s de 1200 pinchos servidos confirman el \u00e9xito de la Ruta \u201cPetiscos con Arte\u201d e A Guarda","datePublished":"2018-11-22T12:46:31+00:00","dateModified":"2018-11-22T12:46:41+00:00","mainEntityOfPage":{"@id":"https:\/\/www.turismoaguarda.es\/mas-de-1200-pinchos-servidos-confirman-el-exito-de-la-ruta-petiscos-con-arte-e-a-guarda\/"},"wordCount":505,"commentCount":0,"image":{"@id":"https:\/\/www.turismoaguarda.es\/mas-de-1200-pinchos-servidos-confirman-el-exito-de-la-ruta-petiscos-con-arte-e-a-guarda\/#primaryimage"},"thumbnailUrl":"https:\/\/www.turismoaguarda.es\/wp-content\/uploads\/2018\/11\/NP-09112018-Gastronom\u00eda-e-Arte-protagonistas-na-Guarda-dunha-nova-edici\u00f3n-de-\u201cPetiscos-con-Arte\u201d-1.jpg","keywords":["A Guarda","gastronom\u00eda.","Petiscos","ruta","turismo"],"articleSection":["Noticias Turismo"],"inLanguage":"en-US","potentialAction":[{"@type":"CommentAction","name":"Comment","target":["https:\/\/www.turismoaguarda.es\/mas-de-1200-pinchos-servidos-confirman-el-exito-de-la-ruta-petiscos-con-arte-e-a-guarda\/#respond"]}]},{"@type":"WebPage","@id":"https:\/\/www.turismoaguarda.es\/mas-de-1200-pinchos-servidos-confirman-el-exito-de-la-ruta-petiscos-con-arte-e-a-guarda\/","url":"https:\/\/www.turismoaguarda.es\/mas-de-1200-pinchos-servidos-confirman-el-exito-de-la-ruta-petiscos-con-arte-e-a-guarda\/","name":"M\u00e1s de 1200 pinchos servidos confirman el \u00e9xito de la Ruta \u201cPetiscos con Arte\u201d e A Guarda | Turismo A Guarda","isPartOf":{"@id":"https:\/\/www.turismoaguarda.es\/#website"},"primaryImageOfPage":{"@id":"https:\/\/www.turismoaguarda.es\/mas-de-1200-pinchos-servidos-confirman-el-exito-de-la-ruta-petiscos-con-arte-e-a-guarda\/#primaryimage"},"image":{"@id":"https:\/\/www.turismoaguarda.es\/mas-de-1200-pinchos-servidos-confirman-el-exito-de-la-ruta-petiscos-con-arte-e-a-guarda\/#primaryimage"},"thumbnailUrl":"https:\/\/www.turismoaguarda.es\/wp-content\/uploads\/2018\/11\/NP-09112018-Gastronom\u00eda-e-Arte-protagonistas-na-Guarda-dunha-nova-edici\u00f3n-de-\u201cPetiscos-con-Arte\u201d-1.jpg","datePublished":"2018-11-22T12:46:31+00:00","dateModified":"2018-11-22T12:46:41+00:00","author":{"@id":"https:\/\/www.turismoaguarda.es\/#\/schema\/person\/a8b0c27ad7bcbb6c19799e934727508e"},"breadcrumb":{"@id":"https:\/\/www.turismoaguarda.es\/mas-de-1200-pinchos-servidos-confirman-el-exito-de-la-ruta-petiscos-con-arte-e-a-guarda\/#breadcrumb"},"inLanguage":"en-US","potentialAction":[{"@type":"ReadAction","target":["https:\/\/www.turismoaguarda.es\/mas-de-1200-pinchos-servidos-confirman-el-exito-de-la-ruta-petiscos-con-arte-e-a-guarda\/"]}]},{"@type":"ImageObject","inLanguage":"en-US","@id":"https:\/\/www.turismoaguarda.es\/mas-de-1200-pinchos-servidos-confirman-el-exito-de-la-ruta-petiscos-con-arte-e-a-guarda\/#primaryimage","url":"https:\/\/www.turismoaguarda.es\/wp-content\/uploads\/2018\/11\/NP-09112018-Gastronom\u00eda-e-Arte-protagonistas-na-Guarda-dunha-nova-edici\u00f3n-de-\u201cPetiscos-con-Arte\u201d-1.jpg","contentUrl":"https:\/\/www.turismoaguarda.es\/wp-content\/uploads\/2018\/11\/NP-09112018-Gastronom\u00eda-e-Arte-protagonistas-na-Guarda-dunha-nova-edici\u00f3n-de-\u201cPetiscos-con-Arte\u201d-1.jpg","width":800,"height":1080,"caption":"La Ruta \u201cPetiscos con Arte\u201d tendr\u00e1 lugar los dos fines de semana de la segunda quincena de noviembre, los d\u00edas 16, 17, 23 y 24 en horario de ma\u00f1ana de 12:00h a 14:00h y de tarde de 19:00h a 21:30h."},{"@type":"BreadcrumbList","@id":"https:\/\/www.turismoaguarda.es\/mas-de-1200-pinchos-servidos-confirman-el-exito-de-la-ruta-petiscos-con-arte-e-a-guarda\/#breadcrumb","itemListElement":[{"@type":"ListItem","position":1,"name":"Portada","item":"https:\/\/www.turismoaguarda.es\/en\/"},{"@type":"ListItem","position":2,"name":"M\u00e1s de 1200 pinchos servidos confirman el \u00e9xito de la Ruta \u201cPetiscos con Arte\u201d e A Guarda"}]},{"@type":"WebSite","@id":"https:\/\/www.turismoaguarda.es\/#website","url":"https:\/\/www.turismoaguarda.es\/","name":"Turismo A Guarda","description":"Informaci\u00f3n tur\u00edstica de A Guarda y alrededores.","potentialAction":[{"@type":"SearchAction","target":{"@type":"EntryPoint","urlTemplate":"https:\/\/www.turismoaguarda.es\/?s={search_term_string}"},"query-input":{"@type":"PropertyValueSpecification","valueRequired":true,"valueName":"search_term_string"}}],"inLanguage":"en-US"},{"@type":"Person","@id":"https:\/\/www.turismoaguarda.es\/#\/schema\/person\/a8b0c27ad7bcbb6c19799e934727508e","name":"Prensa A Guarda","image":{"@type":"ImageObject","inLanguage":"en-US","@id":"https:\/\/secure.gravatar.com\/avatar\/387e117f874ba5d0a3439060b45d914395d77287b2e4890a49d1599fc3ef9189?s=96&d=mm&r=g","url":"https:\/\/secure.gravatar.com\/avatar\/387e117f874ba5d0a3439060b45d914395d77287b2e4890a49d1599fc3ef9189?s=96&d=mm&r=g","contentUrl":"https:\/\/secure.gravatar.com\/avatar\/387e117f874ba5d0a3439060b45d914395d77287b2e4890a49d1599fc3ef9189?s=96&d=mm&r=g","caption":"Prensa A Guarda"},"url":"https:\/\/www.turismoaguarda.es\/en\/author\/prensa\/"}]}},"_links":{"self":[{"href":"https:\/\/www.turismoaguarda.es\/en\/wp-json\/wp\/v2\/posts\/9007","targetHints":{"allow":["GET"]}}],"collection":[{"href":"https:\/\/www.turismoaguarda.es\/en\/wp-json\/wp\/v2\/posts"}],"about":[{"href":"https:\/\/www.turismoaguarda.es\/en\/wp-json\/wp\/v2\/types\/post"}],"author":[{"embeddable":true,"href":"https:\/\/www.turismoaguarda.es\/en\/wp-json\/wp\/v2\/users\/11"}],"replies":[{"embeddable":true,"href":"https:\/\/www.turismoaguarda.es\/en\/wp-json\/wp\/v2\/comments?post=9007"}],"version-history":[{"count":2,"href":"https:\/\/www.turismoaguarda.es\/en\/wp-json\/wp\/v2\/posts\/9007\/revisions"}],"predecessor-version":[{"id":9023,"href":"https:\/\/www.turismoaguarda.es\/en\/wp-json\/wp\/v2\/posts\/9007\/revisions\/9023"}],"wp:featuredmedia":[{"embeddable":true,"href":"https:\/\/www.turismoaguarda.es\/en\/wp-json\/wp\/v2\/media\/8933"}],"wp:attachment":[{"href":"https:\/\/www.turismoaguarda.es\/en\/wp-json\/wp\/v2\/media?parent=9007"}],"wp:term":[{"taxonomy":"category","embeddable":true,"href":"https:\/\/www.turismoaguarda.es\/en\/wp-json\/wp\/v2\/categories?post=9007"},{"taxonomy":"post_tag","embeddable":true,"href":"https:\/\/www.turismoaguarda.es\/en\/wp-json\/wp\/v2\/tags?post=9007"}],"curies":[{"name":"wp","href":"https:\/\/api.w.org\/{rel}","templated":true}]}}