{"id":8996,"date":"2018-11-19T16:44:12","date_gmt":"2018-11-19T16:44:12","guid":{"rendered":"http:\/\/www.turismoaguarda.es\/?p=8996"},"modified":"2018-11-19T16:44:48","modified_gmt":"2018-11-19T16:44:48","slug":"la-ruta-de-los-molinos-de-o-folon-y-de-o-picon-cerro-el-calendario-de-andainas-2018-entre-a-guarda-y-caminha","status":"publish","type":"post","link":"https:\/\/www.turismoaguarda.es\/en\/la-ruta-de-los-molinos-de-o-folon-y-de-o-picon-cerro-el-calendario-de-andainas-2018-entre-a-guarda-y-caminha\/","title":{"rendered":"La ruta de los Molinos de O Fol\u00f3n y de O Pic\u00f3n cerr\u00f3 el calendario de andainas 2018 entre A Guarda y Caminha"},"content":{"rendered":"<p style=\"text-align: justify\">Las andainas organizadas por la C\u00e1mara Municipal de Caminha y el Ayuntamiento de A Guarda con objetivo de conocer el paisaxe y el patrimonio de la comunidad gallega y el pa\u00eds vecino terminaron en la jornada del pasado s\u00e1bado d\u00eda 17 de noviembre con la Ruta de los Molinos de O Fol\u00f3n y de O Pic\u00f3n.<\/p>\n<p style=\"text-align: justify\">El cierre del calendario de este a\u00f1o 2018 se realiz\u00f3 en las tierras vecinas de O Rosal con la ruta de 18 km por los Molinos de O Fol\u00f3n y de O Pic\u00f3n. Los Molinos de O Fol\u00f3n y de O Pic\u00f3n son un grupo de 60 molinos en cascada, declarados Bien de Inter\u00e9s Cultural al constitu\u00edr parte del rico patrimonio etnogr\u00e1fico, ya mencionados en documentos del siglo XVII. Recorrido de gran belleza con excelentes panor\u00e1micas al valle de O Rosal y al Estuario del Mi\u00f1o. Tambi\u00e9n se conoci\u00f3 la Capilla en la v\u00edspera de la celebraci\u00f3n de San Marti\u00f1o.<\/p>\n<p style=\"text-align: center\">\n<\/p>","protected":false},"excerpt":{"rendered":"<p>Las andainas organizadas por la C\u00e1mara Municipal de Caminha y el Ayuntamiento de A Guarda con objetivo de conocer el paisaxe y el patrimonio de la comunidad gallega y el pa\u00eds vecino terminaron en la jornada del pasado s\u00e1bado d\u00eda 17 de noviembre con la Ruta de los Molinos de O Fol\u00f3n y de O<\/p>\n<div class=\"padding-top text-center\"><a href=\"https:\/\/www.turismoaguarda.es\/en\/la-ruta-de-los-molinos-de-o-folon-y-de-o-picon-cerro-el-calendario-de-andainas-2018-entre-a-guarda-y-caminha\/\" class=\"atbtn atbtn--medium atbtn--rounded atbtn--transparent\">Read more<i class=\"atbtn__icon atbtn__icon--right fa fa-long-arrow-right\"><\/i><\/a><\/div>\n","protected":false},"author":11,"featured_media":9000,"comment_status":"open","ping_status":"open","sticky":false,"template":"","format":"standard","meta":{"footnotes":""},"categories":[44],"tags":[169,686,229,168],"class_list":["post-8996","post","type-post","status-publish","format-standard","has-post-thumbnail","hentry","category-noticias-turismo","tag-a-guarda","tag-andainas","tag-deporte","tag-turismo"],"yoast_head":"<!-- This site is optimized with the Yoast SEO plugin v27.5 - https:\/\/yoast.com\/product\/yoast-seo-wordpress\/ -->\n<title>La ruta de los Molinos de O Fol\u00f3n y de O Pic\u00f3n cerr\u00f3 el calendario de andainas 2018 entre A Guarda y Caminha | Turismo A Guarda<\/title>\n<meta name=\"robots\" content=\"index, follow, max-snippet:-1, max-image-preview:large, max-video-preview:-1\" \/>\n<link rel=\"canonical\" href=\"https:\/\/www.turismoaguarda.es\/la-ruta-de-los-molinos-de-o-folon-y-de-o-picon-cerro-el-calendario-de-andainas-2018-entre-a-guarda-y-caminha\/\" \/>\n<meta property=\"og:locale\" content=\"en_US\" \/>\n<meta property=\"og:type\" content=\"article\" \/>\n<meta property=\"og:title\" content=\"La ruta de los Molinos de O Fol\u00f3n y de O Pic\u00f3n cerr\u00f3 el calendario de andainas 2018 entre A Guarda y Caminha | Turismo A Guarda\" \/>\n<meta property=\"og:description\" content=\"Las andainas organizadas por la C\u00e1mara Municipal de Caminha y el Ayuntamiento de A Guarda con objetivo de conocer el paisaxe y el patrimonio de la comunidad gallega y el pa\u00eds vecino terminaron en la jornada del pasado s\u00e1bado d\u00eda 17 de noviembre con la Ruta de los Molinos de O Fol\u00f3n y de ORead more\" \/>\n<meta property=\"og:url\" content=\"https:\/\/www.turismoaguarda.es\/la-ruta-de-los-molinos-de-o-folon-y-de-o-picon-cerro-el-calendario-de-andainas-2018-entre-a-guarda-y-caminha\/\" \/>\n<meta property=\"og:site_name\" content=\"Turismo A Guarda\" \/>\n<meta property=\"article:publisher\" content=\"https:\/\/es-es.facebook.com\/Turismo-A-Guarda-126223240790625\/\" \/>\n<meta property=\"article:published_time\" content=\"2018-11-19T16:44:12+00:00\" \/>\n<meta property=\"article:modified_time\" content=\"2018-11-19T16:44:48+00:00\" \/>\n<meta property=\"og:image\" content=\"https:\/\/www.turismoaguarda.es\/wp-content\/uploads\/2018\/11\/NP-19112018-A-ruta-dos-Mu\u00ed\u00f1os-do-Fol\u00f3n-e-do-Pic\u00f3n-pechou-o-calendario-de-andainas-2018-entre-A-Guarda-e-Caminha-1.jpg\" \/>\n\t<meta property=\"og:image:width\" content=\"800\" \/>\n\t<meta property=\"og:image:height\" content=\"600\" \/>\n\t<meta property=\"og:image:type\" content=\"image\/jpeg\" \/>\n<meta name=\"author\" content=\"Prensa A Guarda\" \/>\n<meta name=\"twitter:card\" content=\"summary_large_image\" \/>\n<meta name=\"twitter:creator\" content=\"@TurismoAGuarda\" \/>\n<meta name=\"twitter:site\" content=\"@TurismoAGuarda\" \/>\n<meta name=\"twitter:label1\" content=\"Written by\" \/>\n\t<meta name=\"twitter:data1\" content=\"Prensa A Guarda\" \/>\n\t<meta name=\"twitter:label2\" content=\"Est. reading time\" \/>\n\t<meta name=\"twitter:data2\" content=\"1 minute\" \/>\n<script type=\"application\/ld+json\" class=\"yoast-schema-graph\">{\"@context\":\"https:\\\/\\\/schema.org\",\"@graph\":[{\"@type\":\"Article\",\"@id\":\"https:\\\/\\\/www.turismoaguarda.es\\\/la-ruta-de-los-molinos-de-o-folon-y-de-o-picon-cerro-el-calendario-de-andainas-2018-entre-a-guarda-y-caminha\\\/#article\",\"isPartOf\":{\"@id\":\"https:\\\/\\\/www.turismoaguarda.es\\\/la-ruta-de-los-molinos-de-o-folon-y-de-o-picon-cerro-el-calendario-de-andainas-2018-entre-a-guarda-y-caminha\\\/\"},\"author\":{\"name\":\"Prensa A Guarda\",\"@id\":\"https:\\\/\\\/www.turismoaguarda.es\\\/#\\\/schema\\\/person\\\/a8b0c27ad7bcbb6c19799e934727508e\"},\"headline\":\"La ruta de los Molinos de O Fol\u00f3n y de O Pic\u00f3n cerr\u00f3 el calendario de andainas 2018 entre A Guarda y Caminha\",\"datePublished\":\"2018-11-19T16:44:12+00:00\",\"dateModified\":\"2018-11-19T16:44:48+00:00\",\"mainEntityOfPage\":{\"@id\":\"https:\\\/\\\/www.turismoaguarda.es\\\/la-ruta-de-los-molinos-de-o-folon-y-de-o-picon-cerro-el-calendario-de-andainas-2018-entre-a-guarda-y-caminha\\\/\"},\"wordCount\":196,\"commentCount\":0,\"image\":{\"@id\":\"https:\\\/\\\/www.turismoaguarda.es\\\/la-ruta-de-los-molinos-de-o-folon-y-de-o-picon-cerro-el-calendario-de-andainas-2018-entre-a-guarda-y-caminha\\\/#primaryimage\"},\"thumbnailUrl\":\"https:\\\/\\\/www.turismoaguarda.es\\\/wp-content\\\/uploads\\\/2018\\\/11\\\/NP-19112018-A-ruta-dos-Mu\u00ed\u00f1os-do-Fol\u00f3n-e-do-Pic\u00f3n-pechou-o-calendario-de-andainas-2018-entre-A-Guarda-e-Caminha-1.jpg\",\"keywords\":[\"A Guarda\",\"andainas\",\"deporte\",\"turismo\"],\"articleSection\":[\"Noticias Turismo\"],\"inLanguage\":\"en-US\",\"potentialAction\":[{\"@type\":\"CommentAction\",\"name\":\"Comment\",\"target\":[\"https:\\\/\\\/www.turismoaguarda.es\\\/la-ruta-de-los-molinos-de-o-folon-y-de-o-picon-cerro-el-calendario-de-andainas-2018-entre-a-guarda-y-caminha\\\/#respond\"]}]},{\"@type\":\"WebPage\",\"@id\":\"https:\\\/\\\/www.turismoaguarda.es\\\/la-ruta-de-los-molinos-de-o-folon-y-de-o-picon-cerro-el-calendario-de-andainas-2018-entre-a-guarda-y-caminha\\\/\",\"url\":\"https:\\\/\\\/www.turismoaguarda.es\\\/la-ruta-de-los-molinos-de-o-folon-y-de-o-picon-cerro-el-calendario-de-andainas-2018-entre-a-guarda-y-caminha\\\/\",\"name\":\"La ruta de los Molinos de O Fol\u00f3n y de O Pic\u00f3n cerr\u00f3 el calendario de andainas 2018 entre A Guarda y Caminha | Turismo A Guarda\",\"isPartOf\":{\"@id\":\"https:\\\/\\\/www.turismoaguarda.es\\\/#website\"},\"primaryImageOfPage\":{\"@id\":\"https:\\\/\\\/www.turismoaguarda.es\\\/la-ruta-de-los-molinos-de-o-folon-y-de-o-picon-cerro-el-calendario-de-andainas-2018-entre-a-guarda-y-caminha\\\/#primaryimage\"},\"image\":{\"@id\":\"https:\\\/\\\/www.turismoaguarda.es\\\/la-ruta-de-los-molinos-de-o-folon-y-de-o-picon-cerro-el-calendario-de-andainas-2018-entre-a-guarda-y-caminha\\\/#primaryimage\"},\"thumbnailUrl\":\"https:\\\/\\\/www.turismoaguarda.es\\\/wp-content\\\/uploads\\\/2018\\\/11\\\/NP-19112018-A-ruta-dos-Mu\u00ed\u00f1os-do-Fol\u00f3n-e-do-Pic\u00f3n-pechou-o-calendario-de-andainas-2018-entre-A-Guarda-e-Caminha-1.jpg\",\"datePublished\":\"2018-11-19T16:44:12+00:00\",\"dateModified\":\"2018-11-19T16:44:48+00:00\",\"author\":{\"@id\":\"https:\\\/\\\/www.turismoaguarda.es\\\/#\\\/schema\\\/person\\\/a8b0c27ad7bcbb6c19799e934727508e\"},\"breadcrumb\":{\"@id\":\"https:\\\/\\\/www.turismoaguarda.es\\\/la-ruta-de-los-molinos-de-o-folon-y-de-o-picon-cerro-el-calendario-de-andainas-2018-entre-a-guarda-y-caminha\\\/#breadcrumb\"},\"inLanguage\":\"en-US\",\"potentialAction\":[{\"@type\":\"ReadAction\",\"target\":[\"https:\\\/\\\/www.turismoaguarda.es\\\/la-ruta-de-los-molinos-de-o-folon-y-de-o-picon-cerro-el-calendario-de-andainas-2018-entre-a-guarda-y-caminha\\\/\"]}]},{\"@type\":\"ImageObject\",\"inLanguage\":\"en-US\",\"@id\":\"https:\\\/\\\/www.turismoaguarda.es\\\/la-ruta-de-los-molinos-de-o-folon-y-de-o-picon-cerro-el-calendario-de-andainas-2018-entre-a-guarda-y-caminha\\\/#primaryimage\",\"url\":\"https:\\\/\\\/www.turismoaguarda.es\\\/wp-content\\\/uploads\\\/2018\\\/11\\\/NP-19112018-A-ruta-dos-Mu\u00ed\u00f1os-do-Fol\u00f3n-e-do-Pic\u00f3n-pechou-o-calendario-de-andainas-2018-entre-A-Guarda-e-Caminha-1.jpg\",\"contentUrl\":\"https:\\\/\\\/www.turismoaguarda.es\\\/wp-content\\\/uploads\\\/2018\\\/11\\\/NP-19112018-A-ruta-dos-Mu\u00ed\u00f1os-do-Fol\u00f3n-e-do-Pic\u00f3n-pechou-o-calendario-de-andainas-2018-entre-A-Guarda-e-Caminha-1.jpg\",\"width\":800,\"height\":600,\"caption\":\"Las andainas organizadas por la C\u00e1mara Municipal de Caminha y el Ayuntamiento de A Guarda con objetivo de conocer el paisaxe y el patrimonio de la comunidad gallega y el pa\u00eds vecino terminaron en la jornada del pasado s\u00e1bado d\u00eda 17 de noviembre con la Ruta de los Molinos de O Fol\u00f3n y de O Pic\u00f3n.\"},{\"@type\":\"BreadcrumbList\",\"@id\":\"https:\\\/\\\/www.turismoaguarda.es\\\/la-ruta-de-los-molinos-de-o-folon-y-de-o-picon-cerro-el-calendario-de-andainas-2018-entre-a-guarda-y-caminha\\\/#breadcrumb\",\"itemListElement\":[{\"@type\":\"ListItem\",\"position\":1,\"name\":\"Portada\",\"item\":\"https:\\\/\\\/www.turismoaguarda.es\\\/en\\\/\"},{\"@type\":\"ListItem\",\"position\":2,\"name\":\"La ruta de los Molinos de O Fol\u00f3n y de O Pic\u00f3n cerr\u00f3 el calendario de andainas 2018 entre A Guarda y Caminha\"}]},{\"@type\":\"WebSite\",\"@id\":\"https:\\\/\\\/www.turismoaguarda.es\\\/#website\",\"url\":\"https:\\\/\\\/www.turismoaguarda.es\\\/\",\"name\":\"Turismo A Guarda\",\"description\":\"Informaci\u00f3n tur\u00edstica de A Guarda y alrededores.\",\"potentialAction\":[{\"@type\":\"SearchAction\",\"target\":{\"@type\":\"EntryPoint\",\"urlTemplate\":\"https:\\\/\\\/www.turismoaguarda.es\\\/?s={search_term_string}\"},\"query-input\":{\"@type\":\"PropertyValueSpecification\",\"valueRequired\":true,\"valueName\":\"search_term_string\"}}],\"inLanguage\":\"en-US\"},{\"@type\":\"Person\",\"@id\":\"https:\\\/\\\/www.turismoaguarda.es\\\/#\\\/schema\\\/person\\\/a8b0c27ad7bcbb6c19799e934727508e\",\"name\":\"Prensa A Guarda\",\"image\":{\"@type\":\"ImageObject\",\"inLanguage\":\"en-US\",\"@id\":\"https:\\\/\\\/secure.gravatar.com\\\/avatar\\\/387e117f874ba5d0a3439060b45d914395d77287b2e4890a49d1599fc3ef9189?s=96&d=mm&r=g\",\"url\":\"https:\\\/\\\/secure.gravatar.com\\\/avatar\\\/387e117f874ba5d0a3439060b45d914395d77287b2e4890a49d1599fc3ef9189?s=96&d=mm&r=g\",\"contentUrl\":\"https:\\\/\\\/secure.gravatar.com\\\/avatar\\\/387e117f874ba5d0a3439060b45d914395d77287b2e4890a49d1599fc3ef9189?s=96&d=mm&r=g\",\"caption\":\"Prensa A Guarda\"},\"url\":\"https:\\\/\\\/www.turismoaguarda.es\\\/en\\\/author\\\/prensa\\\/\"}]}<\/script>\n<!-- \/ Yoast SEO plugin. -->","yoast_head_json":{"title":"La ruta de los Molinos de O Fol\u00f3n y de O Pic\u00f3n cerr\u00f3 el calendario de andainas 2018 entre A Guarda y Caminha | Turismo A Guarda","robots":{"index":"index","follow":"follow","max-snippet":"max-snippet:-1","max-image-preview":"max-image-preview:large","max-video-preview":"max-video-preview:-1"},"canonical":"https:\/\/www.turismoaguarda.es\/la-ruta-de-los-molinos-de-o-folon-y-de-o-picon-cerro-el-calendario-de-andainas-2018-entre-a-guarda-y-caminha\/","og_locale":"en_US","og_type":"article","og_title":"La ruta de los Molinos de O Fol\u00f3n y de O Pic\u00f3n cerr\u00f3 el calendario de andainas 2018 entre A Guarda y Caminha | Turismo A Guarda","og_description":"Las andainas organizadas por la C\u00e1mara Municipal de Caminha y el Ayuntamiento de A Guarda con objetivo de conocer el paisaxe y el patrimonio de la comunidad gallega y el pa\u00eds vecino terminaron en la jornada del pasado s\u00e1bado d\u00eda 17 de noviembre con la Ruta de los Molinos de O Fol\u00f3n y de ORead more","og_url":"https:\/\/www.turismoaguarda.es\/la-ruta-de-los-molinos-de-o-folon-y-de-o-picon-cerro-el-calendario-de-andainas-2018-entre-a-guarda-y-caminha\/","og_site_name":"Turismo A Guarda","article_publisher":"https:\/\/es-es.facebook.com\/Turismo-A-Guarda-126223240790625\/","article_published_time":"2018-11-19T16:44:12+00:00","article_modified_time":"2018-11-19T16:44:48+00:00","og_image":[{"width":800,"height":600,"url":"https:\/\/www.turismoaguarda.es\/wp-content\/uploads\/2018\/11\/NP-19112018-A-ruta-dos-Mu\u00ed\u00f1os-do-Fol\u00f3n-e-do-Pic\u00f3n-pechou-o-calendario-de-andainas-2018-entre-A-Guarda-e-Caminha-1.jpg","type":"image\/jpeg"}],"author":"Prensa A Guarda","twitter_card":"summary_large_image","twitter_creator":"@TurismoAGuarda","twitter_site":"@TurismoAGuarda","twitter_misc":{"Written by":"Prensa A Guarda","Est. reading time":"1 minute"},"schema":{"@context":"https:\/\/schema.org","@graph":[{"@type":"Article","@id":"https:\/\/www.turismoaguarda.es\/la-ruta-de-los-molinos-de-o-folon-y-de-o-picon-cerro-el-calendario-de-andainas-2018-entre-a-guarda-y-caminha\/#article","isPartOf":{"@id":"https:\/\/www.turismoaguarda.es\/la-ruta-de-los-molinos-de-o-folon-y-de-o-picon-cerro-el-calendario-de-andainas-2018-entre-a-guarda-y-caminha\/"},"author":{"name":"Prensa A Guarda","@id":"https:\/\/www.turismoaguarda.es\/#\/schema\/person\/a8b0c27ad7bcbb6c19799e934727508e"},"headline":"La ruta de los Molinos de O Fol\u00f3n y de O Pic\u00f3n cerr\u00f3 el calendario de andainas 2018 entre A Guarda y Caminha","datePublished":"2018-11-19T16:44:12+00:00","dateModified":"2018-11-19T16:44:48+00:00","mainEntityOfPage":{"@id":"https:\/\/www.turismoaguarda.es\/la-ruta-de-los-molinos-de-o-folon-y-de-o-picon-cerro-el-calendario-de-andainas-2018-entre-a-guarda-y-caminha\/"},"wordCount":196,"commentCount":0,"image":{"@id":"https:\/\/www.turismoaguarda.es\/la-ruta-de-los-molinos-de-o-folon-y-de-o-picon-cerro-el-calendario-de-andainas-2018-entre-a-guarda-y-caminha\/#primaryimage"},"thumbnailUrl":"https:\/\/www.turismoaguarda.es\/wp-content\/uploads\/2018\/11\/NP-19112018-A-ruta-dos-Mu\u00ed\u00f1os-do-Fol\u00f3n-e-do-Pic\u00f3n-pechou-o-calendario-de-andainas-2018-entre-A-Guarda-e-Caminha-1.jpg","keywords":["A Guarda","andainas","deporte","turismo"],"articleSection":["Noticias Turismo"],"inLanguage":"en-US","potentialAction":[{"@type":"CommentAction","name":"Comment","target":["https:\/\/www.turismoaguarda.es\/la-ruta-de-los-molinos-de-o-folon-y-de-o-picon-cerro-el-calendario-de-andainas-2018-entre-a-guarda-y-caminha\/#respond"]}]},{"@type":"WebPage","@id":"https:\/\/www.turismoaguarda.es\/la-ruta-de-los-molinos-de-o-folon-y-de-o-picon-cerro-el-calendario-de-andainas-2018-entre-a-guarda-y-caminha\/","url":"https:\/\/www.turismoaguarda.es\/la-ruta-de-los-molinos-de-o-folon-y-de-o-picon-cerro-el-calendario-de-andainas-2018-entre-a-guarda-y-caminha\/","name":"La ruta de los Molinos de O Fol\u00f3n y de O Pic\u00f3n cerr\u00f3 el calendario de andainas 2018 entre A Guarda y Caminha | Turismo A Guarda","isPartOf":{"@id":"https:\/\/www.turismoaguarda.es\/#website"},"primaryImageOfPage":{"@id":"https:\/\/www.turismoaguarda.es\/la-ruta-de-los-molinos-de-o-folon-y-de-o-picon-cerro-el-calendario-de-andainas-2018-entre-a-guarda-y-caminha\/#primaryimage"},"image":{"@id":"https:\/\/www.turismoaguarda.es\/la-ruta-de-los-molinos-de-o-folon-y-de-o-picon-cerro-el-calendario-de-andainas-2018-entre-a-guarda-y-caminha\/#primaryimage"},"thumbnailUrl":"https:\/\/www.turismoaguarda.es\/wp-content\/uploads\/2018\/11\/NP-19112018-A-ruta-dos-Mu\u00ed\u00f1os-do-Fol\u00f3n-e-do-Pic\u00f3n-pechou-o-calendario-de-andainas-2018-entre-A-Guarda-e-Caminha-1.jpg","datePublished":"2018-11-19T16:44:12+00:00","dateModified":"2018-11-19T16:44:48+00:00","author":{"@id":"https:\/\/www.turismoaguarda.es\/#\/schema\/person\/a8b0c27ad7bcbb6c19799e934727508e"},"breadcrumb":{"@id":"https:\/\/www.turismoaguarda.es\/la-ruta-de-los-molinos-de-o-folon-y-de-o-picon-cerro-el-calendario-de-andainas-2018-entre-a-guarda-y-caminha\/#breadcrumb"},"inLanguage":"en-US","potentialAction":[{"@type":"ReadAction","target":["https:\/\/www.turismoaguarda.es\/la-ruta-de-los-molinos-de-o-folon-y-de-o-picon-cerro-el-calendario-de-andainas-2018-entre-a-guarda-y-caminha\/"]}]},{"@type":"ImageObject","inLanguage":"en-US","@id":"https:\/\/www.turismoaguarda.es\/la-ruta-de-los-molinos-de-o-folon-y-de-o-picon-cerro-el-calendario-de-andainas-2018-entre-a-guarda-y-caminha\/#primaryimage","url":"https:\/\/www.turismoaguarda.es\/wp-content\/uploads\/2018\/11\/NP-19112018-A-ruta-dos-Mu\u00ed\u00f1os-do-Fol\u00f3n-e-do-Pic\u00f3n-pechou-o-calendario-de-andainas-2018-entre-A-Guarda-e-Caminha-1.jpg","contentUrl":"https:\/\/www.turismoaguarda.es\/wp-content\/uploads\/2018\/11\/NP-19112018-A-ruta-dos-Mu\u00ed\u00f1os-do-Fol\u00f3n-e-do-Pic\u00f3n-pechou-o-calendario-de-andainas-2018-entre-A-Guarda-e-Caminha-1.jpg","width":800,"height":600,"caption":"Las andainas organizadas por la C\u00e1mara Municipal de Caminha y el Ayuntamiento de A Guarda con objetivo de conocer el paisaxe y el patrimonio de la comunidad gallega y el pa\u00eds vecino terminaron en la jornada del pasado s\u00e1bado d\u00eda 17 de noviembre con la Ruta de los Molinos de O Fol\u00f3n y de O Pic\u00f3n."},{"@type":"BreadcrumbList","@id":"https:\/\/www.turismoaguarda.es\/la-ruta-de-los-molinos-de-o-folon-y-de-o-picon-cerro-el-calendario-de-andainas-2018-entre-a-guarda-y-caminha\/#breadcrumb","itemListElement":[{"@type":"ListItem","position":1,"name":"Portada","item":"https:\/\/www.turismoaguarda.es\/en\/"},{"@type":"ListItem","position":2,"name":"La ruta de los Molinos de O Fol\u00f3n y de O Pic\u00f3n cerr\u00f3 el calendario de andainas 2018 entre A Guarda y Caminha"}]},{"@type":"WebSite","@id":"https:\/\/www.turismoaguarda.es\/#website","url":"https:\/\/www.turismoaguarda.es\/","name":"Turismo A Guarda","description":"Informaci\u00f3n tur\u00edstica de A Guarda y alrededores.","potentialAction":[{"@type":"SearchAction","target":{"@type":"EntryPoint","urlTemplate":"https:\/\/www.turismoaguarda.es\/?s={search_term_string}"},"query-input":{"@type":"PropertyValueSpecification","valueRequired":true,"valueName":"search_term_string"}}],"inLanguage":"en-US"},{"@type":"Person","@id":"https:\/\/www.turismoaguarda.es\/#\/schema\/person\/a8b0c27ad7bcbb6c19799e934727508e","name":"Prensa A Guarda","image":{"@type":"ImageObject","inLanguage":"en-US","@id":"https:\/\/secure.gravatar.com\/avatar\/387e117f874ba5d0a3439060b45d914395d77287b2e4890a49d1599fc3ef9189?s=96&d=mm&r=g","url":"https:\/\/secure.gravatar.com\/avatar\/387e117f874ba5d0a3439060b45d914395d77287b2e4890a49d1599fc3ef9189?s=96&d=mm&r=g","contentUrl":"https:\/\/secure.gravatar.com\/avatar\/387e117f874ba5d0a3439060b45d914395d77287b2e4890a49d1599fc3ef9189?s=96&d=mm&r=g","caption":"Prensa A Guarda"},"url":"https:\/\/www.turismoaguarda.es\/en\/author\/prensa\/"}]}},"_links":{"self":[{"href":"https:\/\/www.turismoaguarda.es\/en\/wp-json\/wp\/v2\/posts\/8996","targetHints":{"allow":["GET"]}}],"collection":[{"href":"https:\/\/www.turismoaguarda.es\/en\/wp-json\/wp\/v2\/posts"}],"about":[{"href":"https:\/\/www.turismoaguarda.es\/en\/wp-json\/wp\/v2\/types\/post"}],"author":[{"embeddable":true,"href":"https:\/\/www.turismoaguarda.es\/en\/wp-json\/wp\/v2\/users\/11"}],"replies":[{"embeddable":true,"href":"https:\/\/www.turismoaguarda.es\/en\/wp-json\/wp\/v2\/comments?post=8996"}],"version-history":[{"count":1,"href":"https:\/\/www.turismoaguarda.es\/en\/wp-json\/wp\/v2\/posts\/8996\/revisions"}],"predecessor-version":[{"id":9003,"href":"https:\/\/www.turismoaguarda.es\/en\/wp-json\/wp\/v2\/posts\/8996\/revisions\/9003"}],"wp:featuredmedia":[{"embeddable":true,"href":"https:\/\/www.turismoaguarda.es\/en\/wp-json\/wp\/v2\/media\/9000"}],"wp:attachment":[{"href":"https:\/\/www.turismoaguarda.es\/en\/wp-json\/wp\/v2\/media?parent=8996"}],"wp:term":[{"taxonomy":"category","embeddable":true,"href":"https:\/\/www.turismoaguarda.es\/en\/wp-json\/wp\/v2\/categories?post=8996"},{"taxonomy":"post_tag","embeddable":true,"href":"https:\/\/www.turismoaguarda.es\/en\/wp-json\/wp\/v2\/tags?post=8996"}],"curies":[{"name":"wp","href":"https:\/\/api.w.org\/{rel}","templated":true}]}}