{"id":8954,"date":"2018-11-14T10:12:57","date_gmt":"2018-11-14T10:12:57","guid":{"rendered":"http:\/\/www.turismoaguarda.es\/?p=8954"},"modified":"2018-11-14T10:12:57","modified_gmt":"2018-11-14T10:12:57","slug":"la-ruta-petiscos-con-arte-regresa-este-fin-de-semana-a-a-guarda","status":"publish","type":"post","link":"https:\/\/www.turismoaguarda.es\/en\/la-ruta-petiscos-con-arte-regresa-este-fin-de-semana-a-a-guarda\/","title":{"rendered":"La Ruta \u201cPetiscos con Arte\u201d regresa este fin de semana a A Guarda"},"content":{"rendered":"<p style=\"text-align: justify;\">El pasado martes d\u00eda 13 de noviembre el Centro Cultural de A Guarda acogi\u00f3 la presentaci\u00f3n de la Ruta \u201cPetiscos con Arte\u201d que comienza el pr\u00f3ximo fin de semana contando con la participaci\u00f3n de 12 establecimientos de hostelar\u00eda del municipio.<\/p>\n<p style=\"text-align: justify;\">El evento organizado a trav\u00e9s de la Concejal\u00eda de Turismo, llega este a\u00f1o a una nueva edici\u00f3n, mezclando la gastronom\u00eda y el arte para ofertar a los participantes una experiencia para los sentidos con un total de 12 pinchos diferentes y 12 exposiciones de fotograf\u00eda, pintura, escultura e ilustraciones.<\/p>\n<p style=\"text-align: center;\"><img loading=\"lazy\" decoding=\"async\" class=\"alignnone size-full wp-image-8958\" src=\"http:\/\/www.turismoaguarda.es\/wp-content\/uploads\/2018\/11\/NP-13112018-A-Ruta-\u201cPetiscos-con-Arte\u201d-regresa-esta-fin-de-semana-\u00e1-Guarda-2.jpg\" alt=\"La Ruta \u201cPetiscos con Arte\u201d tendr\u00e1 lugar los dos fines de semana de la segunda quincena de noviembre, los d\u00edas 16, 17, 23 y 24 en horario de ma\u00f1ana de 12:00h a 14:00h y de tarde de 19:00h a 21:30h.\" width=\"800\" height=\"533\" srcset=\"https:\/\/www.turismoaguarda.es\/wp-content\/uploads\/2018\/11\/NP-13112018-A-Ruta-\u201cPetiscos-con-Arte\u201d-regresa-esta-fin-de-semana-\u00e1-Guarda-2.jpg 800w, https:\/\/www.turismoaguarda.es\/wp-content\/uploads\/2018\/11\/NP-13112018-A-Ruta-\u201cPetiscos-con-Arte\u201d-regresa-esta-fin-de-semana-\u00e1-Guarda-2-300x200.jpg 300w, https:\/\/www.turismoaguarda.es\/wp-content\/uploads\/2018\/11\/NP-13112018-A-Ruta-\u201cPetiscos-con-Arte\u201d-regresa-esta-fin-de-semana-\u00e1-Guarda-2-768x512.jpg 768w, https:\/\/www.turismoaguarda.es\/wp-content\/uploads\/2018\/11\/NP-13112018-A-Ruta-\u201cPetiscos-con-Arte\u201d-regresa-esta-fin-de-semana-\u00e1-Guarda-2-150x100.jpg 150w, https:\/\/www.turismoaguarda.es\/wp-content\/uploads\/2018\/11\/NP-13112018-A-Ruta-\u201cPetiscos-con-Arte\u201d-regresa-esta-fin-de-semana-\u00e1-Guarda-2-500x333.jpg 500w\" sizes=\"auto, (max-width: 800px) 100vw, 800px\" \/><\/p>\n<p style=\"text-align: justify;\">La Ruta \u201cPetiscos con Arte\u201d tendr\u00e1 lugar los dos fines de semana de la segunda quincena de noviembre, los d\u00edas 16, 17, 23 y 24 en horario de ma\u00f1ana de 12:00h a 14:00h y de tarde de 19:00h a 21:30h.<\/p>\n<p style=\"text-align: justify;\">Los 12 establecimientos participantes en esta edici\u00f3n ofertar\u00e1n un pincho al simb\u00f3lico precio de 1,50\u20ac, elaboraciones gastron\u00f3micas para todos los gustos con potajes, montaditos, tostas, sushi, entre otros.<\/p>\n<p style=\"text-align: center;\"><img loading=\"lazy\" decoding=\"async\" class=\"alignnone size-full wp-image-8955\" src=\"http:\/\/www.turismoaguarda.es\/wp-content\/uploads\/2018\/11\/NP-13112018-A-Ruta-\u201cPetiscos-con-Arte\u201d-regresa-esta-fin-de-semana-\u00e1-Guarda-1.jpg\" alt=\"La Ruta \u201cPetiscos con Arte\u201d tendr\u00e1 lugar los dos fines de semana de la segunda quincena de noviembre, los d\u00edas 16, 17, 23 y 24 en horario de ma\u00f1ana de 12:00h a 14:00h y de tarde de 19:00h a 21:30h.\" width=\"800\" height=\"533\" srcset=\"https:\/\/www.turismoaguarda.es\/wp-content\/uploads\/2018\/11\/NP-13112018-A-Ruta-\u201cPetiscos-con-Arte\u201d-regresa-esta-fin-de-semana-\u00e1-Guarda-1.jpg 800w, https:\/\/www.turismoaguarda.es\/wp-content\/uploads\/2018\/11\/NP-13112018-A-Ruta-\u201cPetiscos-con-Arte\u201d-regresa-esta-fin-de-semana-\u00e1-Guarda-1-300x200.jpg 300w, https:\/\/www.turismoaguarda.es\/wp-content\/uploads\/2018\/11\/NP-13112018-A-Ruta-\u201cPetiscos-con-Arte\u201d-regresa-esta-fin-de-semana-\u00e1-Guarda-1-768x512.jpg 768w, https:\/\/www.turismoaguarda.es\/wp-content\/uploads\/2018\/11\/NP-13112018-A-Ruta-\u201cPetiscos-con-Arte\u201d-regresa-esta-fin-de-semana-\u00e1-Guarda-1-150x100.jpg 150w, https:\/\/www.turismoaguarda.es\/wp-content\/uploads\/2018\/11\/NP-13112018-A-Ruta-\u201cPetiscos-con-Arte\u201d-regresa-esta-fin-de-semana-\u00e1-Guarda-1-500x333.jpg 500w\" sizes=\"auto, (max-width: 800px) 100vw, 800px\" \/><\/p>\n<p style=\"text-align: justify;\">Tal y como manifest\u00f3 en la presentaci\u00f3n de esta ruta Montserrat Magallanes, Concejala de Turismo de A Guarda, la finalidad de la ruta es promocionar la gastronom\u00eda y el arte en A Guarda, dinamizando el tejido de hosteler\u00eda del municipio en esta temporada post-estival con un valor a\u00f1adido como es el arte, con exposiciones para todos los gustos.<\/p>\n<p style=\"text-align: justify;\">En el acto de presentaci\u00f3n estuvieron presentes los hosteleros participantes y una representaci\u00f3n de los artistas que participan en esta ruta con sus obras, tambi\u00e9n se aprovech\u00f3 para dar a conocer el v\u00eddeo de promoci\u00f3n de esta ruta, que ya se puede visualizar en las redes sociales municipales.<\/p>\n<p style=\"text-align: center;\"><img loading=\"lazy\" decoding=\"async\" class=\"alignnone size-full wp-image-8964\" src=\"http:\/\/www.turismoaguarda.es\/wp-content\/uploads\/2018\/11\/NP-13112018-A-Ruta-\u201cPetiscos-con-Arte\u201d-regresa-esta-fin-de-semana-\u00e1-Guarda-4.jpg\" alt=\"La Ruta \u201cPetiscos con Arte\u201d tendr\u00e1 lugar los dos fines de semana de la segunda quincena de noviembre, los d\u00edas 16, 17, 23 y 24 en horario de ma\u00f1ana de 12:00h a 14:00h y de tarde de 19:00h a 21:30h.\" width=\"800\" height=\"533\" srcset=\"https:\/\/www.turismoaguarda.es\/wp-content\/uploads\/2018\/11\/NP-13112018-A-Ruta-\u201cPetiscos-con-Arte\u201d-regresa-esta-fin-de-semana-\u00e1-Guarda-4.jpg 800w, https:\/\/www.turismoaguarda.es\/wp-content\/uploads\/2018\/11\/NP-13112018-A-Ruta-\u201cPetiscos-con-Arte\u201d-regresa-esta-fin-de-semana-\u00e1-Guarda-4-300x200.jpg 300w, https:\/\/www.turismoaguarda.es\/wp-content\/uploads\/2018\/11\/NP-13112018-A-Ruta-\u201cPetiscos-con-Arte\u201d-regresa-esta-fin-de-semana-\u00e1-Guarda-4-768x512.jpg 768w, https:\/\/www.turismoaguarda.es\/wp-content\/uploads\/2018\/11\/NP-13112018-A-Ruta-\u201cPetiscos-con-Arte\u201d-regresa-esta-fin-de-semana-\u00e1-Guarda-4-150x100.jpg 150w, https:\/\/www.turismoaguarda.es\/wp-content\/uploads\/2018\/11\/NP-13112018-A-Ruta-\u201cPetiscos-con-Arte\u201d-regresa-esta-fin-de-semana-\u00e1-Guarda-4-500x333.jpg 500w\" sizes=\"auto, (max-width: 800px) 100vw, 800px\" \/><\/p>\n<p style=\"text-align: justify;\">Cada participante que deguste un pincho recibir\u00e1 una papeleta que rellenar\u00e1 con sus datos personales y depositar\u00e1 en la urna para entrar en el sorteo. Habr\u00e1 un peque\u00f1o acto de entrega a los premiados en el sorteo (un premio por persona).<\/p>\n<p>Link video: <a href=\"https:\/\/www.youtube.com\/watch?v=ZPX6fZrP5Bs\">https:\/\/www.youtube.com\/watch?v=ZPX6fZrP5Bs<\/a><\/p>\n","protected":false},"excerpt":{"rendered":"<p>El pasado martes d\u00eda 13 de noviembre el Centro Cultural de A Guarda acogi\u00f3 la presentaci\u00f3n de la Ruta \u201cPetiscos con Arte\u201d que comienza el pr\u00f3ximo fin de semana contando con la participaci\u00f3n de 12 establecimientos de hostelar\u00eda del municipio. El evento organizado a trav\u00e9s de la Concejal\u00eda de Turismo, llega este a\u00f1o a una<\/p>\n<div class=\"padding-top text-center\"><a href=\"https:\/\/www.turismoaguarda.es\/en\/la-ruta-petiscos-con-arte-regresa-este-fin-de-semana-a-a-guarda\/\" class=\"atbtn atbtn--medium atbtn--rounded atbtn--transparent\">Read more<i class=\"atbtn__icon atbtn__icon--right fa fa-long-arrow-right\"><\/i><\/a><\/div>\n","protected":false},"author":7,"featured_media":8961,"comment_status":"open","ping_status":"open","sticky":false,"template":"","format":"standard","meta":{"footnotes":""},"categories":[44],"tags":[169,1140,571,1141,916,1493],"class_list":["post-8954","post","type-post","status-publish","format-standard","has-post-thumbnail","hentry","category-noticias-turismo","tag-a-guarda","tag-arte-2","tag-gastronomia","tag-petiscos-con-arte-2","tag-ruta","tag-ruta-do-pincho"],"yoast_head":"<!-- This site is optimized with the Yoast SEO plugin v27.5 - https:\/\/yoast.com\/product\/yoast-seo-wordpress\/ -->\n<title>La Ruta \u201cPetiscos con Arte\u201d regresa este fin de semana a A Guarda | Turismo A Guarda<\/title>\n<meta name=\"robots\" content=\"index, follow, max-snippet:-1, max-image-preview:large, max-video-preview:-1\" \/>\n<link rel=\"canonical\" href=\"https:\/\/www.turismoaguarda.es\/la-ruta-petiscos-con-arte-regresa-este-fin-de-semana-a-a-guarda\/\" \/>\n<meta property=\"og:locale\" content=\"en_US\" \/>\n<meta property=\"og:type\" content=\"article\" \/>\n<meta property=\"og:title\" content=\"La Ruta \u201cPetiscos con Arte\u201d regresa este fin de semana a A Guarda | Turismo A Guarda\" \/>\n<meta property=\"og:description\" content=\"El pasado martes d\u00eda 13 de noviembre el Centro Cultural de A Guarda acogi\u00f3 la presentaci\u00f3n de la Ruta \u201cPetiscos con Arte\u201d que comienza el pr\u00f3ximo fin de semana contando con la participaci\u00f3n de 12 establecimientos de hostelar\u00eda del municipio. El evento organizado a trav\u00e9s de la Concejal\u00eda de Turismo, llega este a\u00f1o a unaRead more\" \/>\n<meta property=\"og:url\" content=\"https:\/\/www.turismoaguarda.es\/la-ruta-petiscos-con-arte-regresa-este-fin-de-semana-a-a-guarda\/\" \/>\n<meta property=\"og:site_name\" content=\"Turismo A Guarda\" \/>\n<meta property=\"article:publisher\" content=\"https:\/\/es-es.facebook.com\/Turismo-A-Guarda-126223240790625\/\" \/>\n<meta property=\"article:published_time\" content=\"2018-11-14T10:12:57+00:00\" \/>\n<meta property=\"og:image\" content=\"https:\/\/www.turismoaguarda.es\/wp-content\/uploads\/2018\/11\/NP-13112018-A-Ruta-\u201cPetiscos-con-Arte\u201d-regresa-esta-fin-de-semana-\u00e1-Guarda-3.jpg\" \/>\n\t<meta property=\"og:image:width\" content=\"800\" \/>\n\t<meta property=\"og:image:height\" content=\"533\" \/>\n\t<meta property=\"og:image:type\" content=\"image\/jpeg\" \/>\n<meta name=\"author\" content=\"Rosalia Verde\" \/>\n<meta name=\"twitter:card\" content=\"summary_large_image\" \/>\n<meta name=\"twitter:creator\" content=\"@TurismoAGuarda\" \/>\n<meta name=\"twitter:site\" content=\"@TurismoAGuarda\" \/>\n<meta name=\"twitter:label1\" content=\"Written by\" \/>\n\t<meta name=\"twitter:data1\" content=\"Rosalia Verde\" \/>\n\t<meta name=\"twitter:label2\" content=\"Est. reading time\" \/>\n\t<meta name=\"twitter:data2\" content=\"2 minutes\" \/>\n<script type=\"application\/ld+json\" class=\"yoast-schema-graph\">{\"@context\":\"https:\\\/\\\/schema.org\",\"@graph\":[{\"@type\":\"Article\",\"@id\":\"https:\\\/\\\/www.turismoaguarda.es\\\/la-ruta-petiscos-con-arte-regresa-este-fin-de-semana-a-a-guarda\\\/#article\",\"isPartOf\":{\"@id\":\"https:\\\/\\\/www.turismoaguarda.es\\\/la-ruta-petiscos-con-arte-regresa-este-fin-de-semana-a-a-guarda\\\/\"},\"author\":{\"name\":\"Rosalia Verde\",\"@id\":\"https:\\\/\\\/www.turismoaguarda.es\\\/#\\\/schema\\\/person\\\/9282bb1649316a88a88b0eca34bd959b\"},\"headline\":\"La Ruta \u201cPetiscos con Arte\u201d regresa este fin de semana a A Guarda\",\"datePublished\":\"2018-11-14T10:12:57+00:00\",\"mainEntityOfPage\":{\"@id\":\"https:\\\/\\\/www.turismoaguarda.es\\\/la-ruta-petiscos-con-arte-regresa-este-fin-de-semana-a-a-guarda\\\/\"},\"wordCount\":345,\"commentCount\":0,\"image\":{\"@id\":\"https:\\\/\\\/www.turismoaguarda.es\\\/la-ruta-petiscos-con-arte-regresa-este-fin-de-semana-a-a-guarda\\\/#primaryimage\"},\"thumbnailUrl\":\"https:\\\/\\\/www.turismoaguarda.es\\\/wp-content\\\/uploads\\\/2018\\\/11\\\/NP-13112018-A-Ruta-\u201cPetiscos-con-Arte\u201d-regresa-esta-fin-de-semana-\u00e1-Guarda-3.jpg\",\"keywords\":[\"A Guarda\",\"Arte\",\"gastronom\u00eda.\",\"Petiscos con arte\",\"ruta\",\"ruta do pincho\"],\"articleSection\":[\"Noticias Turismo\"],\"inLanguage\":\"en-US\",\"potentialAction\":[{\"@type\":\"CommentAction\",\"name\":\"Comment\",\"target\":[\"https:\\\/\\\/www.turismoaguarda.es\\\/la-ruta-petiscos-con-arte-regresa-este-fin-de-semana-a-a-guarda\\\/#respond\"]}]},{\"@type\":\"WebPage\",\"@id\":\"https:\\\/\\\/www.turismoaguarda.es\\\/la-ruta-petiscos-con-arte-regresa-este-fin-de-semana-a-a-guarda\\\/\",\"url\":\"https:\\\/\\\/www.turismoaguarda.es\\\/la-ruta-petiscos-con-arte-regresa-este-fin-de-semana-a-a-guarda\\\/\",\"name\":\"La Ruta \u201cPetiscos con Arte\u201d regresa este fin de semana a A Guarda | Turismo A Guarda\",\"isPartOf\":{\"@id\":\"https:\\\/\\\/www.turismoaguarda.es\\\/#website\"},\"primaryImageOfPage\":{\"@id\":\"https:\\\/\\\/www.turismoaguarda.es\\\/la-ruta-petiscos-con-arte-regresa-este-fin-de-semana-a-a-guarda\\\/#primaryimage\"},\"image\":{\"@id\":\"https:\\\/\\\/www.turismoaguarda.es\\\/la-ruta-petiscos-con-arte-regresa-este-fin-de-semana-a-a-guarda\\\/#primaryimage\"},\"thumbnailUrl\":\"https:\\\/\\\/www.turismoaguarda.es\\\/wp-content\\\/uploads\\\/2018\\\/11\\\/NP-13112018-A-Ruta-\u201cPetiscos-con-Arte\u201d-regresa-esta-fin-de-semana-\u00e1-Guarda-3.jpg\",\"datePublished\":\"2018-11-14T10:12:57+00:00\",\"author\":{\"@id\":\"https:\\\/\\\/www.turismoaguarda.es\\\/#\\\/schema\\\/person\\\/9282bb1649316a88a88b0eca34bd959b\"},\"breadcrumb\":{\"@id\":\"https:\\\/\\\/www.turismoaguarda.es\\\/la-ruta-petiscos-con-arte-regresa-este-fin-de-semana-a-a-guarda\\\/#breadcrumb\"},\"inLanguage\":\"en-US\",\"potentialAction\":[{\"@type\":\"ReadAction\",\"target\":[\"https:\\\/\\\/www.turismoaguarda.es\\\/la-ruta-petiscos-con-arte-regresa-este-fin-de-semana-a-a-guarda\\\/\"]}]},{\"@type\":\"ImageObject\",\"inLanguage\":\"en-US\",\"@id\":\"https:\\\/\\\/www.turismoaguarda.es\\\/la-ruta-petiscos-con-arte-regresa-este-fin-de-semana-a-a-guarda\\\/#primaryimage\",\"url\":\"https:\\\/\\\/www.turismoaguarda.es\\\/wp-content\\\/uploads\\\/2018\\\/11\\\/NP-13112018-A-Ruta-\u201cPetiscos-con-Arte\u201d-regresa-esta-fin-de-semana-\u00e1-Guarda-3.jpg\",\"contentUrl\":\"https:\\\/\\\/www.turismoaguarda.es\\\/wp-content\\\/uploads\\\/2018\\\/11\\\/NP-13112018-A-Ruta-\u201cPetiscos-con-Arte\u201d-regresa-esta-fin-de-semana-\u00e1-Guarda-3.jpg\",\"width\":800,\"height\":533,\"caption\":\"La Ruta \u201cPetiscos con Arte\u201d tendr\u00e1 lugar los dos fines de semana de la segunda quincena de noviembre, los d\u00edas 16, 17, 23 y 24 en horario de ma\u00f1ana de 12:00h a 14:00h y de tarde de 19:00h a 21:30h.\"},{\"@type\":\"BreadcrumbList\",\"@id\":\"https:\\\/\\\/www.turismoaguarda.es\\\/la-ruta-petiscos-con-arte-regresa-este-fin-de-semana-a-a-guarda\\\/#breadcrumb\",\"itemListElement\":[{\"@type\":\"ListItem\",\"position\":1,\"name\":\"Portada\",\"item\":\"https:\\\/\\\/www.turismoaguarda.es\\\/en\\\/\"},{\"@type\":\"ListItem\",\"position\":2,\"name\":\"La Ruta \u201cPetiscos con Arte\u201d regresa este fin de semana a A Guarda\"}]},{\"@type\":\"WebSite\",\"@id\":\"https:\\\/\\\/www.turismoaguarda.es\\\/#website\",\"url\":\"https:\\\/\\\/www.turismoaguarda.es\\\/\",\"name\":\"Turismo A Guarda\",\"description\":\"Informaci\u00f3n tur\u00edstica de A Guarda y alrededores.\",\"potentialAction\":[{\"@type\":\"SearchAction\",\"target\":{\"@type\":\"EntryPoint\",\"urlTemplate\":\"https:\\\/\\\/www.turismoaguarda.es\\\/?s={search_term_string}\"},\"query-input\":{\"@type\":\"PropertyValueSpecification\",\"valueRequired\":true,\"valueName\":\"search_term_string\"}}],\"inLanguage\":\"en-US\"},{\"@type\":\"Person\",\"@id\":\"https:\\\/\\\/www.turismoaguarda.es\\\/#\\\/schema\\\/person\\\/9282bb1649316a88a88b0eca34bd959b\",\"name\":\"Rosalia Verde\",\"image\":{\"@type\":\"ImageObject\",\"inLanguage\":\"en-US\",\"@id\":\"https:\\\/\\\/secure.gravatar.com\\\/avatar\\\/40761cb45c6464d3a83ebde1e1f3fa222726fcacc4d5b5048a7920608c99e0e5?s=96&d=mm&r=g\",\"url\":\"https:\\\/\\\/secure.gravatar.com\\\/avatar\\\/40761cb45c6464d3a83ebde1e1f3fa222726fcacc4d5b5048a7920608c99e0e5?s=96&d=mm&r=g\",\"contentUrl\":\"https:\\\/\\\/secure.gravatar.com\\\/avatar\\\/40761cb45c6464d3a83ebde1e1f3fa222726fcacc4d5b5048a7920608c99e0e5?s=96&d=mm&r=g\",\"caption\":\"Rosalia Verde\"},\"url\":\"https:\\\/\\\/www.turismoaguarda.es\\\/en\\\/author\\\/rosalia\\\/\"}]}<\/script>\n<!-- \/ Yoast SEO plugin. -->","yoast_head_json":{"title":"La Ruta \u201cPetiscos con Arte\u201d regresa este fin de semana a A Guarda | Turismo A Guarda","robots":{"index":"index","follow":"follow","max-snippet":"max-snippet:-1","max-image-preview":"max-image-preview:large","max-video-preview":"max-video-preview:-1"},"canonical":"https:\/\/www.turismoaguarda.es\/la-ruta-petiscos-con-arte-regresa-este-fin-de-semana-a-a-guarda\/","og_locale":"en_US","og_type":"article","og_title":"La Ruta \u201cPetiscos con Arte\u201d regresa este fin de semana a A Guarda | Turismo A Guarda","og_description":"El pasado martes d\u00eda 13 de noviembre el Centro Cultural de A Guarda acogi\u00f3 la presentaci\u00f3n de la Ruta \u201cPetiscos con Arte\u201d que comienza el pr\u00f3ximo fin de semana contando con la participaci\u00f3n de 12 establecimientos de hostelar\u00eda del municipio. El evento organizado a trav\u00e9s de la Concejal\u00eda de Turismo, llega este a\u00f1o a unaRead more","og_url":"https:\/\/www.turismoaguarda.es\/la-ruta-petiscos-con-arte-regresa-este-fin-de-semana-a-a-guarda\/","og_site_name":"Turismo A Guarda","article_publisher":"https:\/\/es-es.facebook.com\/Turismo-A-Guarda-126223240790625\/","article_published_time":"2018-11-14T10:12:57+00:00","og_image":[{"width":800,"height":533,"url":"https:\/\/www.turismoaguarda.es\/wp-content\/uploads\/2018\/11\/NP-13112018-A-Ruta-\u201cPetiscos-con-Arte\u201d-regresa-esta-fin-de-semana-\u00e1-Guarda-3.jpg","type":"image\/jpeg"}],"author":"Rosalia Verde","twitter_card":"summary_large_image","twitter_creator":"@TurismoAGuarda","twitter_site":"@TurismoAGuarda","twitter_misc":{"Written by":"Rosalia Verde","Est. reading time":"2 minutes"},"schema":{"@context":"https:\/\/schema.org","@graph":[{"@type":"Article","@id":"https:\/\/www.turismoaguarda.es\/la-ruta-petiscos-con-arte-regresa-este-fin-de-semana-a-a-guarda\/#article","isPartOf":{"@id":"https:\/\/www.turismoaguarda.es\/la-ruta-petiscos-con-arte-regresa-este-fin-de-semana-a-a-guarda\/"},"author":{"name":"Rosalia Verde","@id":"https:\/\/www.turismoaguarda.es\/#\/schema\/person\/9282bb1649316a88a88b0eca34bd959b"},"headline":"La Ruta \u201cPetiscos con Arte\u201d regresa este fin de semana a A Guarda","datePublished":"2018-11-14T10:12:57+00:00","mainEntityOfPage":{"@id":"https:\/\/www.turismoaguarda.es\/la-ruta-petiscos-con-arte-regresa-este-fin-de-semana-a-a-guarda\/"},"wordCount":345,"commentCount":0,"image":{"@id":"https:\/\/www.turismoaguarda.es\/la-ruta-petiscos-con-arte-regresa-este-fin-de-semana-a-a-guarda\/#primaryimage"},"thumbnailUrl":"https:\/\/www.turismoaguarda.es\/wp-content\/uploads\/2018\/11\/NP-13112018-A-Ruta-\u201cPetiscos-con-Arte\u201d-regresa-esta-fin-de-semana-\u00e1-Guarda-3.jpg","keywords":["A Guarda","Arte","gastronom\u00eda.","Petiscos con arte","ruta","ruta do pincho"],"articleSection":["Noticias Turismo"],"inLanguage":"en-US","potentialAction":[{"@type":"CommentAction","name":"Comment","target":["https:\/\/www.turismoaguarda.es\/la-ruta-petiscos-con-arte-regresa-este-fin-de-semana-a-a-guarda\/#respond"]}]},{"@type":"WebPage","@id":"https:\/\/www.turismoaguarda.es\/la-ruta-petiscos-con-arte-regresa-este-fin-de-semana-a-a-guarda\/","url":"https:\/\/www.turismoaguarda.es\/la-ruta-petiscos-con-arte-regresa-este-fin-de-semana-a-a-guarda\/","name":"La Ruta \u201cPetiscos con Arte\u201d regresa este fin de semana a A Guarda | Turismo A Guarda","isPartOf":{"@id":"https:\/\/www.turismoaguarda.es\/#website"},"primaryImageOfPage":{"@id":"https:\/\/www.turismoaguarda.es\/la-ruta-petiscos-con-arte-regresa-este-fin-de-semana-a-a-guarda\/#primaryimage"},"image":{"@id":"https:\/\/www.turismoaguarda.es\/la-ruta-petiscos-con-arte-regresa-este-fin-de-semana-a-a-guarda\/#primaryimage"},"thumbnailUrl":"https:\/\/www.turismoaguarda.es\/wp-content\/uploads\/2018\/11\/NP-13112018-A-Ruta-\u201cPetiscos-con-Arte\u201d-regresa-esta-fin-de-semana-\u00e1-Guarda-3.jpg","datePublished":"2018-11-14T10:12:57+00:00","author":{"@id":"https:\/\/www.turismoaguarda.es\/#\/schema\/person\/9282bb1649316a88a88b0eca34bd959b"},"breadcrumb":{"@id":"https:\/\/www.turismoaguarda.es\/la-ruta-petiscos-con-arte-regresa-este-fin-de-semana-a-a-guarda\/#breadcrumb"},"inLanguage":"en-US","potentialAction":[{"@type":"ReadAction","target":["https:\/\/www.turismoaguarda.es\/la-ruta-petiscos-con-arte-regresa-este-fin-de-semana-a-a-guarda\/"]}]},{"@type":"ImageObject","inLanguage":"en-US","@id":"https:\/\/www.turismoaguarda.es\/la-ruta-petiscos-con-arte-regresa-este-fin-de-semana-a-a-guarda\/#primaryimage","url":"https:\/\/www.turismoaguarda.es\/wp-content\/uploads\/2018\/11\/NP-13112018-A-Ruta-\u201cPetiscos-con-Arte\u201d-regresa-esta-fin-de-semana-\u00e1-Guarda-3.jpg","contentUrl":"https:\/\/www.turismoaguarda.es\/wp-content\/uploads\/2018\/11\/NP-13112018-A-Ruta-\u201cPetiscos-con-Arte\u201d-regresa-esta-fin-de-semana-\u00e1-Guarda-3.jpg","width":800,"height":533,"caption":"La Ruta \u201cPetiscos con Arte\u201d tendr\u00e1 lugar los dos fines de semana de la segunda quincena de noviembre, los d\u00edas 16, 17, 23 y 24 en horario de ma\u00f1ana de 12:00h a 14:00h y de tarde de 19:00h a 21:30h."},{"@type":"BreadcrumbList","@id":"https:\/\/www.turismoaguarda.es\/la-ruta-petiscos-con-arte-regresa-este-fin-de-semana-a-a-guarda\/#breadcrumb","itemListElement":[{"@type":"ListItem","position":1,"name":"Portada","item":"https:\/\/www.turismoaguarda.es\/en\/"},{"@type":"ListItem","position":2,"name":"La Ruta \u201cPetiscos con Arte\u201d regresa este fin de semana a A Guarda"}]},{"@type":"WebSite","@id":"https:\/\/www.turismoaguarda.es\/#website","url":"https:\/\/www.turismoaguarda.es\/","name":"Turismo A Guarda","description":"Informaci\u00f3n tur\u00edstica de A Guarda y alrededores.","potentialAction":[{"@type":"SearchAction","target":{"@type":"EntryPoint","urlTemplate":"https:\/\/www.turismoaguarda.es\/?s={search_term_string}"},"query-input":{"@type":"PropertyValueSpecification","valueRequired":true,"valueName":"search_term_string"}}],"inLanguage":"en-US"},{"@type":"Person","@id":"https:\/\/www.turismoaguarda.es\/#\/schema\/person\/9282bb1649316a88a88b0eca34bd959b","name":"Rosalia Verde","image":{"@type":"ImageObject","inLanguage":"en-US","@id":"https:\/\/secure.gravatar.com\/avatar\/40761cb45c6464d3a83ebde1e1f3fa222726fcacc4d5b5048a7920608c99e0e5?s=96&d=mm&r=g","url":"https:\/\/secure.gravatar.com\/avatar\/40761cb45c6464d3a83ebde1e1f3fa222726fcacc4d5b5048a7920608c99e0e5?s=96&d=mm&r=g","contentUrl":"https:\/\/secure.gravatar.com\/avatar\/40761cb45c6464d3a83ebde1e1f3fa222726fcacc4d5b5048a7920608c99e0e5?s=96&d=mm&r=g","caption":"Rosalia Verde"},"url":"https:\/\/www.turismoaguarda.es\/en\/author\/rosalia\/"}]}},"_links":{"self":[{"href":"https:\/\/www.turismoaguarda.es\/en\/wp-json\/wp\/v2\/posts\/8954","targetHints":{"allow":["GET"]}}],"collection":[{"href":"https:\/\/www.turismoaguarda.es\/en\/wp-json\/wp\/v2\/posts"}],"about":[{"href":"https:\/\/www.turismoaguarda.es\/en\/wp-json\/wp\/v2\/types\/post"}],"author":[{"embeddable":true,"href":"https:\/\/www.turismoaguarda.es\/en\/wp-json\/wp\/v2\/users\/7"}],"replies":[{"embeddable":true,"href":"https:\/\/www.turismoaguarda.es\/en\/wp-json\/wp\/v2\/comments?post=8954"}],"version-history":[{"count":2,"href":"https:\/\/www.turismoaguarda.es\/en\/wp-json\/wp\/v2\/posts\/8954\/revisions"}],"predecessor-version":[{"id":8968,"href":"https:\/\/www.turismoaguarda.es\/en\/wp-json\/wp\/v2\/posts\/8954\/revisions\/8968"}],"wp:featuredmedia":[{"embeddable":true,"href":"https:\/\/www.turismoaguarda.es\/en\/wp-json\/wp\/v2\/media\/8961"}],"wp:attachment":[{"href":"https:\/\/www.turismoaguarda.es\/en\/wp-json\/wp\/v2\/media?parent=8954"}],"wp:term":[{"taxonomy":"category","embeddable":true,"href":"https:\/\/www.turismoaguarda.es\/en\/wp-json\/wp\/v2\/categories?post=8954"},{"taxonomy":"post_tag","embeddable":true,"href":"https:\/\/www.turismoaguarda.es\/en\/wp-json\/wp\/v2\/tags?post=8954"}],"curies":[{"name":"wp","href":"https:\/\/api.w.org\/{rel}","templated":true}]}}