{"id":8715,"date":"2018-10-11T08:23:52","date_gmt":"2018-10-11T08:23:52","guid":{"rendered":"http:\/\/www.turismoaguarda.es\/?p=8715"},"modified":"2018-10-11T09:01:14","modified_gmt":"2018-10-11T09:01:14","slug":"convocatoria-a-los-artistas-locales-para-su-participacion-en-la-ruta-petiscos-con-arte","status":"publish","type":"post","link":"https:\/\/www.turismoaguarda.es\/en\/convocatoria-a-los-artistas-locales-para-su-participacion-en-la-ruta-petiscos-con-arte\/","title":{"rendered":"Ampliaci\u00f3n de la convocatoria a los artistas locales para su participaci\u00f3n en la ruta \u00abPetiscos con arte\u00bb"},"content":{"rendered":"<p style=\"text-align: justify\">En noviembre el Ayuntamiento de A Guarda promueve una nueva ruta gastron\u00f3mica en la que se mezclar\u00e1 la gastronom\u00eda con exposiciones de arte (pintura, escultura, fotograf\u00eda,&#8230;) en los propios establecimientos.<\/p>\n<p style=\"text-align: justify\">\u201cPetiscos con arte\u201d es el nombre de la ruta, que se celebrar\u00e1 los viernes y s\u00e1bados de los dos \u00faltimos fines de semana del mes de noviembre. Su finalidad es promocionar la gastronom\u00eda y la creaci\u00f3n art\u00edstica en nuestra villa, de manera que los participantes podr\u00e1n degustar ppinchos mientras contemplan las obras de artistas locales o con vinculaci\u00f3n a nuestro Ayuntamiento expuestas en los locales durante la celebraci\u00f3n de la ruta.<\/p>\n<p style=\"text-align: justify\">Por lo que el Ayuntamiento de A Guarda invita a los artistas de la localidad y de los alredores a exponer su arte en alguno de los establecimientos que participar\u00e1n en la ruta.<\/p>\n<p style=\"text-align: justify\">Las personas que deseen participar, deber\u00e1n de enviar un mail a turismo@aguarda.es o bien presentar un escrito en el Registro Municipal del Ayuntamiento de A Guarda en la primera planta de la Casa de los Alonsos hasta el lunes 15 de octubre a las 12:00h. Los artistas ser\u00e1n seleccionados en funci\u00f3n de la fecha de solicitud por mail o por registro. Para cualquier duda, pueden contactar con la Oficina de Turismo Municipal por mail o en el tel\u00e9fono 986 614 546.<\/p>\n","protected":false},"excerpt":{"rendered":"<p>En noviembre el Ayuntamiento de A Guarda promueve una nueva ruta gastron\u00f3mica en la que se mezclar\u00e1 la gastronom\u00eda con exposiciones de arte (pintura, escultura, fotograf\u00eda,&#8230;) en los propios establecimientos. \u201cPetiscos con arte\u201d es el nombre de la ruta, que se celebrar\u00e1 los viernes y s\u00e1bados de los dos \u00faltimos fines de semana del mes<\/p>\n<div class=\"padding-top text-center\"><a href=\"https:\/\/www.turismoaguarda.es\/en\/convocatoria-a-los-artistas-locales-para-su-participacion-en-la-ruta-petiscos-con-arte\/\" class=\"atbtn atbtn--medium atbtn--rounded atbtn--transparent\">Read more<i class=\"atbtn__icon atbtn__icon--right fa fa-long-arrow-right\"><\/i><\/a><\/div>\n","protected":false},"author":11,"featured_media":8716,"comment_status":"open","ping_status":"open","sticky":false,"template":"","format":"standard","meta":{"footnotes":""},"categories":[44],"tags":[169,1140,571,1141,168],"class_list":["post-8715","post","type-post","status-publish","format-standard","has-post-thumbnail","hentry","category-noticias-turismo","tag-a-guarda","tag-arte-2","tag-gastronomia","tag-petiscos-con-arte-2","tag-turismo"],"yoast_head":"<!-- This site is optimized with the Yoast SEO plugin v27.5 - https:\/\/yoast.com\/product\/yoast-seo-wordpress\/ -->\n<title>Ampliaci\u00f3n de la convocatoria a los artistas locales para su participaci\u00f3n en la ruta \u00abPetiscos con arte\u00bb | Turismo A Guarda<\/title>\n<meta name=\"robots\" content=\"index, follow, max-snippet:-1, max-image-preview:large, max-video-preview:-1\" \/>\n<link rel=\"canonical\" href=\"https:\/\/www.turismoaguarda.es\/convocatoria-a-los-artistas-locales-para-su-participacion-en-la-ruta-petiscos-con-arte\/\" \/>\n<meta property=\"og:locale\" content=\"en_US\" \/>\n<meta property=\"og:type\" content=\"article\" \/>\n<meta property=\"og:title\" content=\"Ampliaci\u00f3n de la convocatoria a los artistas locales para su participaci\u00f3n en la ruta \u00abPetiscos con arte\u00bb | Turismo A Guarda\" \/>\n<meta property=\"og:description\" content=\"En noviembre el Ayuntamiento de A Guarda promueve una nueva ruta gastron\u00f3mica en la que se mezclar\u00e1 la gastronom\u00eda con exposiciones de arte (pintura, escultura, fotograf\u00eda,&#8230;) en los propios establecimientos. \u201cPetiscos con arte\u201d es el nombre de la ruta, que se celebrar\u00e1 los viernes y s\u00e1bados de los dos \u00faltimos fines de semana del mesRead more\" \/>\n<meta property=\"og:url\" content=\"https:\/\/www.turismoaguarda.es\/convocatoria-a-los-artistas-locales-para-su-participacion-en-la-ruta-petiscos-con-arte\/\" \/>\n<meta property=\"og:site_name\" content=\"Turismo A Guarda\" \/>\n<meta property=\"article:publisher\" content=\"https:\/\/es-es.facebook.com\/Turismo-A-Guarda-126223240790625\/\" \/>\n<meta property=\"article:published_time\" content=\"2018-10-11T08:23:52+00:00\" \/>\n<meta property=\"article:modified_time\" content=\"2018-10-11T09:01:14+00:00\" \/>\n<meta property=\"og:image\" content=\"https:\/\/www.turismoaguarda.es\/wp-content\/uploads\/2018\/10\/NP-05102018-Convocatoria-aos-artistas-locais-para-a-s\u00faa-participaci\u00f3n-na-ruta-\u00abPetiscos-con-arte\u00bb.jpg\" \/>\n\t<meta property=\"og:image:width\" content=\"393\" \/>\n\t<meta property=\"og:image:height\" content=\"358\" \/>\n\t<meta property=\"og:image:type\" content=\"image\/jpeg\" \/>\n<meta name=\"author\" content=\"Prensa A Guarda\" \/>\n<meta name=\"twitter:card\" content=\"summary_large_image\" \/>\n<meta name=\"twitter:creator\" content=\"@TurismoAGuarda\" \/>\n<meta name=\"twitter:site\" content=\"@TurismoAGuarda\" \/>\n<meta name=\"twitter:label1\" content=\"Written by\" \/>\n\t<meta name=\"twitter:data1\" content=\"Prensa A Guarda\" \/>\n\t<meta name=\"twitter:label2\" content=\"Est. reading time\" \/>\n\t<meta name=\"twitter:data2\" content=\"1 minute\" \/>\n<script type=\"application\/ld+json\" class=\"yoast-schema-graph\">{\"@context\":\"https:\\\/\\\/schema.org\",\"@graph\":[{\"@type\":\"Article\",\"@id\":\"https:\\\/\\\/www.turismoaguarda.es\\\/convocatoria-a-los-artistas-locales-para-su-participacion-en-la-ruta-petiscos-con-arte\\\/#article\",\"isPartOf\":{\"@id\":\"https:\\\/\\\/www.turismoaguarda.es\\\/convocatoria-a-los-artistas-locales-para-su-participacion-en-la-ruta-petiscos-con-arte\\\/\"},\"author\":{\"name\":\"Prensa A Guarda\",\"@id\":\"https:\\\/\\\/www.turismoaguarda.es\\\/#\\\/schema\\\/person\\\/a8b0c27ad7bcbb6c19799e934727508e\"},\"headline\":\"Ampliaci\u00f3n de la convocatoria a los artistas locales para su participaci\u00f3n en la ruta \u00abPetiscos con arte\u00bb\",\"datePublished\":\"2018-10-11T08:23:52+00:00\",\"dateModified\":\"2018-10-11T09:01:14+00:00\",\"mainEntityOfPage\":{\"@id\":\"https:\\\/\\\/www.turismoaguarda.es\\\/convocatoria-a-los-artistas-locales-para-su-participacion-en-la-ruta-petiscos-con-arte\\\/\"},\"wordCount\":247,\"commentCount\":0,\"image\":{\"@id\":\"https:\\\/\\\/www.turismoaguarda.es\\\/convocatoria-a-los-artistas-locales-para-su-participacion-en-la-ruta-petiscos-con-arte\\\/#primaryimage\"},\"thumbnailUrl\":\"https:\\\/\\\/www.turismoaguarda.es\\\/wp-content\\\/uploads\\\/2018\\\/10\\\/NP-05102018-Convocatoria-aos-artistas-locais-para-a-s\u00faa-participaci\u00f3n-na-ruta-\u00abPetiscos-con-arte\u00bb.jpg\",\"keywords\":[\"A Guarda\",\"Arte\",\"gastronom\u00eda.\",\"Petiscos con arte\",\"turismo\"],\"articleSection\":[\"Noticias Turismo\"],\"inLanguage\":\"en-US\",\"potentialAction\":[{\"@type\":\"CommentAction\",\"name\":\"Comment\",\"target\":[\"https:\\\/\\\/www.turismoaguarda.es\\\/convocatoria-a-los-artistas-locales-para-su-participacion-en-la-ruta-petiscos-con-arte\\\/#respond\"]}]},{\"@type\":\"WebPage\",\"@id\":\"https:\\\/\\\/www.turismoaguarda.es\\\/convocatoria-a-los-artistas-locales-para-su-participacion-en-la-ruta-petiscos-con-arte\\\/\",\"url\":\"https:\\\/\\\/www.turismoaguarda.es\\\/convocatoria-a-los-artistas-locales-para-su-participacion-en-la-ruta-petiscos-con-arte\\\/\",\"name\":\"Ampliaci\u00f3n de la convocatoria a los artistas locales para su participaci\u00f3n en la ruta \u00abPetiscos con arte\u00bb | Turismo A Guarda\",\"isPartOf\":{\"@id\":\"https:\\\/\\\/www.turismoaguarda.es\\\/#website\"},\"primaryImageOfPage\":{\"@id\":\"https:\\\/\\\/www.turismoaguarda.es\\\/convocatoria-a-los-artistas-locales-para-su-participacion-en-la-ruta-petiscos-con-arte\\\/#primaryimage\"},\"image\":{\"@id\":\"https:\\\/\\\/www.turismoaguarda.es\\\/convocatoria-a-los-artistas-locales-para-su-participacion-en-la-ruta-petiscos-con-arte\\\/#primaryimage\"},\"thumbnailUrl\":\"https:\\\/\\\/www.turismoaguarda.es\\\/wp-content\\\/uploads\\\/2018\\\/10\\\/NP-05102018-Convocatoria-aos-artistas-locais-para-a-s\u00faa-participaci\u00f3n-na-ruta-\u00abPetiscos-con-arte\u00bb.jpg\",\"datePublished\":\"2018-10-11T08:23:52+00:00\",\"dateModified\":\"2018-10-11T09:01:14+00:00\",\"author\":{\"@id\":\"https:\\\/\\\/www.turismoaguarda.es\\\/#\\\/schema\\\/person\\\/a8b0c27ad7bcbb6c19799e934727508e\"},\"breadcrumb\":{\"@id\":\"https:\\\/\\\/www.turismoaguarda.es\\\/convocatoria-a-los-artistas-locales-para-su-participacion-en-la-ruta-petiscos-con-arte\\\/#breadcrumb\"},\"inLanguage\":\"en-US\",\"potentialAction\":[{\"@type\":\"ReadAction\",\"target\":[\"https:\\\/\\\/www.turismoaguarda.es\\\/convocatoria-a-los-artistas-locales-para-su-participacion-en-la-ruta-petiscos-con-arte\\\/\"]}]},{\"@type\":\"ImageObject\",\"inLanguage\":\"en-US\",\"@id\":\"https:\\\/\\\/www.turismoaguarda.es\\\/convocatoria-a-los-artistas-locales-para-su-participacion-en-la-ruta-petiscos-con-arte\\\/#primaryimage\",\"url\":\"https:\\\/\\\/www.turismoaguarda.es\\\/wp-content\\\/uploads\\\/2018\\\/10\\\/NP-05102018-Convocatoria-aos-artistas-locais-para-a-s\u00faa-participaci\u00f3n-na-ruta-\u00abPetiscos-con-arte\u00bb.jpg\",\"contentUrl\":\"https:\\\/\\\/www.turismoaguarda.es\\\/wp-content\\\/uploads\\\/2018\\\/10\\\/NP-05102018-Convocatoria-aos-artistas-locais-para-a-s\u00faa-participaci\u00f3n-na-ruta-\u00abPetiscos-con-arte\u00bb.jpg\",\"width\":393,\"height\":358,\"caption\":\"En noviembre el Ayuntamiento de A Guarda promueve una nueva ruta gastron\u00f3mica en la que se mezclar\u00e1 la gastronom\u00eda con exposiciones de arte (pintura, escultura, fotograf\u00eda,...) en los propios establecimientos.\"},{\"@type\":\"BreadcrumbList\",\"@id\":\"https:\\\/\\\/www.turismoaguarda.es\\\/convocatoria-a-los-artistas-locales-para-su-participacion-en-la-ruta-petiscos-con-arte\\\/#breadcrumb\",\"itemListElement\":[{\"@type\":\"ListItem\",\"position\":1,\"name\":\"Portada\",\"item\":\"https:\\\/\\\/www.turismoaguarda.es\\\/en\\\/\"},{\"@type\":\"ListItem\",\"position\":2,\"name\":\"Ampliaci\u00f3n de la convocatoria a los artistas locales para su participaci\u00f3n en la ruta \u00abPetiscos con arte\u00bb\"}]},{\"@type\":\"WebSite\",\"@id\":\"https:\\\/\\\/www.turismoaguarda.es\\\/#website\",\"url\":\"https:\\\/\\\/www.turismoaguarda.es\\\/\",\"name\":\"Turismo A Guarda\",\"description\":\"Informaci\u00f3n tur\u00edstica de A Guarda y alrededores.\",\"potentialAction\":[{\"@type\":\"SearchAction\",\"target\":{\"@type\":\"EntryPoint\",\"urlTemplate\":\"https:\\\/\\\/www.turismoaguarda.es\\\/?s={search_term_string}\"},\"query-input\":{\"@type\":\"PropertyValueSpecification\",\"valueRequired\":true,\"valueName\":\"search_term_string\"}}],\"inLanguage\":\"en-US\"},{\"@type\":\"Person\",\"@id\":\"https:\\\/\\\/www.turismoaguarda.es\\\/#\\\/schema\\\/person\\\/a8b0c27ad7bcbb6c19799e934727508e\",\"name\":\"Prensa A Guarda\",\"image\":{\"@type\":\"ImageObject\",\"inLanguage\":\"en-US\",\"@id\":\"https:\\\/\\\/secure.gravatar.com\\\/avatar\\\/387e117f874ba5d0a3439060b45d914395d77287b2e4890a49d1599fc3ef9189?s=96&d=mm&r=g\",\"url\":\"https:\\\/\\\/secure.gravatar.com\\\/avatar\\\/387e117f874ba5d0a3439060b45d914395d77287b2e4890a49d1599fc3ef9189?s=96&d=mm&r=g\",\"contentUrl\":\"https:\\\/\\\/secure.gravatar.com\\\/avatar\\\/387e117f874ba5d0a3439060b45d914395d77287b2e4890a49d1599fc3ef9189?s=96&d=mm&r=g\",\"caption\":\"Prensa A Guarda\"},\"url\":\"https:\\\/\\\/www.turismoaguarda.es\\\/en\\\/author\\\/prensa\\\/\"}]}<\/script>\n<!-- \/ Yoast SEO plugin. -->","yoast_head_json":{"title":"Ampliaci\u00f3n de la convocatoria a los artistas locales para su participaci\u00f3n en la ruta \u00abPetiscos con arte\u00bb | Turismo A Guarda","robots":{"index":"index","follow":"follow","max-snippet":"max-snippet:-1","max-image-preview":"max-image-preview:large","max-video-preview":"max-video-preview:-1"},"canonical":"https:\/\/www.turismoaguarda.es\/convocatoria-a-los-artistas-locales-para-su-participacion-en-la-ruta-petiscos-con-arte\/","og_locale":"en_US","og_type":"article","og_title":"Ampliaci\u00f3n de la convocatoria a los artistas locales para su participaci\u00f3n en la ruta \u00abPetiscos con arte\u00bb | Turismo A Guarda","og_description":"En noviembre el Ayuntamiento de A Guarda promueve una nueva ruta gastron\u00f3mica en la que se mezclar\u00e1 la gastronom\u00eda con exposiciones de arte (pintura, escultura, fotograf\u00eda,&#8230;) en los propios establecimientos. \u201cPetiscos con arte\u201d es el nombre de la ruta, que se celebrar\u00e1 los viernes y s\u00e1bados de los dos \u00faltimos fines de semana del mesRead more","og_url":"https:\/\/www.turismoaguarda.es\/convocatoria-a-los-artistas-locales-para-su-participacion-en-la-ruta-petiscos-con-arte\/","og_site_name":"Turismo A Guarda","article_publisher":"https:\/\/es-es.facebook.com\/Turismo-A-Guarda-126223240790625\/","article_published_time":"2018-10-11T08:23:52+00:00","article_modified_time":"2018-10-11T09:01:14+00:00","og_image":[{"width":393,"height":358,"url":"https:\/\/www.turismoaguarda.es\/wp-content\/uploads\/2018\/10\/NP-05102018-Convocatoria-aos-artistas-locais-para-a-s\u00faa-participaci\u00f3n-na-ruta-\u00abPetiscos-con-arte\u00bb.jpg","type":"image\/jpeg"}],"author":"Prensa A Guarda","twitter_card":"summary_large_image","twitter_creator":"@TurismoAGuarda","twitter_site":"@TurismoAGuarda","twitter_misc":{"Written by":"Prensa A Guarda","Est. reading time":"1 minute"},"schema":{"@context":"https:\/\/schema.org","@graph":[{"@type":"Article","@id":"https:\/\/www.turismoaguarda.es\/convocatoria-a-los-artistas-locales-para-su-participacion-en-la-ruta-petiscos-con-arte\/#article","isPartOf":{"@id":"https:\/\/www.turismoaguarda.es\/convocatoria-a-los-artistas-locales-para-su-participacion-en-la-ruta-petiscos-con-arte\/"},"author":{"name":"Prensa A Guarda","@id":"https:\/\/www.turismoaguarda.es\/#\/schema\/person\/a8b0c27ad7bcbb6c19799e934727508e"},"headline":"Ampliaci\u00f3n de la convocatoria a los artistas locales para su participaci\u00f3n en la ruta \u00abPetiscos con arte\u00bb","datePublished":"2018-10-11T08:23:52+00:00","dateModified":"2018-10-11T09:01:14+00:00","mainEntityOfPage":{"@id":"https:\/\/www.turismoaguarda.es\/convocatoria-a-los-artistas-locales-para-su-participacion-en-la-ruta-petiscos-con-arte\/"},"wordCount":247,"commentCount":0,"image":{"@id":"https:\/\/www.turismoaguarda.es\/convocatoria-a-los-artistas-locales-para-su-participacion-en-la-ruta-petiscos-con-arte\/#primaryimage"},"thumbnailUrl":"https:\/\/www.turismoaguarda.es\/wp-content\/uploads\/2018\/10\/NP-05102018-Convocatoria-aos-artistas-locais-para-a-s\u00faa-participaci\u00f3n-na-ruta-\u00abPetiscos-con-arte\u00bb.jpg","keywords":["A Guarda","Arte","gastronom\u00eda.","Petiscos con arte","turismo"],"articleSection":["Noticias Turismo"],"inLanguage":"en-US","potentialAction":[{"@type":"CommentAction","name":"Comment","target":["https:\/\/www.turismoaguarda.es\/convocatoria-a-los-artistas-locales-para-su-participacion-en-la-ruta-petiscos-con-arte\/#respond"]}]},{"@type":"WebPage","@id":"https:\/\/www.turismoaguarda.es\/convocatoria-a-los-artistas-locales-para-su-participacion-en-la-ruta-petiscos-con-arte\/","url":"https:\/\/www.turismoaguarda.es\/convocatoria-a-los-artistas-locales-para-su-participacion-en-la-ruta-petiscos-con-arte\/","name":"Ampliaci\u00f3n de la convocatoria a los artistas locales para su participaci\u00f3n en la ruta \u00abPetiscos con arte\u00bb | Turismo A Guarda","isPartOf":{"@id":"https:\/\/www.turismoaguarda.es\/#website"},"primaryImageOfPage":{"@id":"https:\/\/www.turismoaguarda.es\/convocatoria-a-los-artistas-locales-para-su-participacion-en-la-ruta-petiscos-con-arte\/#primaryimage"},"image":{"@id":"https:\/\/www.turismoaguarda.es\/convocatoria-a-los-artistas-locales-para-su-participacion-en-la-ruta-petiscos-con-arte\/#primaryimage"},"thumbnailUrl":"https:\/\/www.turismoaguarda.es\/wp-content\/uploads\/2018\/10\/NP-05102018-Convocatoria-aos-artistas-locais-para-a-s\u00faa-participaci\u00f3n-na-ruta-\u00abPetiscos-con-arte\u00bb.jpg","datePublished":"2018-10-11T08:23:52+00:00","dateModified":"2018-10-11T09:01:14+00:00","author":{"@id":"https:\/\/www.turismoaguarda.es\/#\/schema\/person\/a8b0c27ad7bcbb6c19799e934727508e"},"breadcrumb":{"@id":"https:\/\/www.turismoaguarda.es\/convocatoria-a-los-artistas-locales-para-su-participacion-en-la-ruta-petiscos-con-arte\/#breadcrumb"},"inLanguage":"en-US","potentialAction":[{"@type":"ReadAction","target":["https:\/\/www.turismoaguarda.es\/convocatoria-a-los-artistas-locales-para-su-participacion-en-la-ruta-petiscos-con-arte\/"]}]},{"@type":"ImageObject","inLanguage":"en-US","@id":"https:\/\/www.turismoaguarda.es\/convocatoria-a-los-artistas-locales-para-su-participacion-en-la-ruta-petiscos-con-arte\/#primaryimage","url":"https:\/\/www.turismoaguarda.es\/wp-content\/uploads\/2018\/10\/NP-05102018-Convocatoria-aos-artistas-locais-para-a-s\u00faa-participaci\u00f3n-na-ruta-\u00abPetiscos-con-arte\u00bb.jpg","contentUrl":"https:\/\/www.turismoaguarda.es\/wp-content\/uploads\/2018\/10\/NP-05102018-Convocatoria-aos-artistas-locais-para-a-s\u00faa-participaci\u00f3n-na-ruta-\u00abPetiscos-con-arte\u00bb.jpg","width":393,"height":358,"caption":"En noviembre el Ayuntamiento de A Guarda promueve una nueva ruta gastron\u00f3mica en la que se mezclar\u00e1 la gastronom\u00eda con exposiciones de arte (pintura, escultura, fotograf\u00eda,...) en los propios establecimientos."},{"@type":"BreadcrumbList","@id":"https:\/\/www.turismoaguarda.es\/convocatoria-a-los-artistas-locales-para-su-participacion-en-la-ruta-petiscos-con-arte\/#breadcrumb","itemListElement":[{"@type":"ListItem","position":1,"name":"Portada","item":"https:\/\/www.turismoaguarda.es\/en\/"},{"@type":"ListItem","position":2,"name":"Ampliaci\u00f3n de la convocatoria a los artistas locales para su participaci\u00f3n en la ruta \u00abPetiscos con arte\u00bb"}]},{"@type":"WebSite","@id":"https:\/\/www.turismoaguarda.es\/#website","url":"https:\/\/www.turismoaguarda.es\/","name":"Turismo A Guarda","description":"Informaci\u00f3n tur\u00edstica de A Guarda y alrededores.","potentialAction":[{"@type":"SearchAction","target":{"@type":"EntryPoint","urlTemplate":"https:\/\/www.turismoaguarda.es\/?s={search_term_string}"},"query-input":{"@type":"PropertyValueSpecification","valueRequired":true,"valueName":"search_term_string"}}],"inLanguage":"en-US"},{"@type":"Person","@id":"https:\/\/www.turismoaguarda.es\/#\/schema\/person\/a8b0c27ad7bcbb6c19799e934727508e","name":"Prensa A Guarda","image":{"@type":"ImageObject","inLanguage":"en-US","@id":"https:\/\/secure.gravatar.com\/avatar\/387e117f874ba5d0a3439060b45d914395d77287b2e4890a49d1599fc3ef9189?s=96&d=mm&r=g","url":"https:\/\/secure.gravatar.com\/avatar\/387e117f874ba5d0a3439060b45d914395d77287b2e4890a49d1599fc3ef9189?s=96&d=mm&r=g","contentUrl":"https:\/\/secure.gravatar.com\/avatar\/387e117f874ba5d0a3439060b45d914395d77287b2e4890a49d1599fc3ef9189?s=96&d=mm&r=g","caption":"Prensa A Guarda"},"url":"https:\/\/www.turismoaguarda.es\/en\/author\/prensa\/"}]}},"_links":{"self":[{"href":"https:\/\/www.turismoaguarda.es\/en\/wp-json\/wp\/v2\/posts\/8715","targetHints":{"allow":["GET"]}}],"collection":[{"href":"https:\/\/www.turismoaguarda.es\/en\/wp-json\/wp\/v2\/posts"}],"about":[{"href":"https:\/\/www.turismoaguarda.es\/en\/wp-json\/wp\/v2\/types\/post"}],"author":[{"embeddable":true,"href":"https:\/\/www.turismoaguarda.es\/en\/wp-json\/wp\/v2\/users\/11"}],"replies":[{"embeddable":true,"href":"https:\/\/www.turismoaguarda.es\/en\/wp-json\/wp\/v2\/comments?post=8715"}],"version-history":[{"count":2,"href":"https:\/\/www.turismoaguarda.es\/en\/wp-json\/wp\/v2\/posts\/8715\/revisions"}],"predecessor-version":[{"id":8743,"href":"https:\/\/www.turismoaguarda.es\/en\/wp-json\/wp\/v2\/posts\/8715\/revisions\/8743"}],"wp:featuredmedia":[{"embeddable":true,"href":"https:\/\/www.turismoaguarda.es\/en\/wp-json\/wp\/v2\/media\/8716"}],"wp:attachment":[{"href":"https:\/\/www.turismoaguarda.es\/en\/wp-json\/wp\/v2\/media?parent=8715"}],"wp:term":[{"taxonomy":"category","embeddable":true,"href":"https:\/\/www.turismoaguarda.es\/en\/wp-json\/wp\/v2\/categories?post=8715"},{"taxonomy":"post_tag","embeddable":true,"href":"https:\/\/www.turismoaguarda.es\/en\/wp-json\/wp\/v2\/tags?post=8715"}],"curies":[{"name":"wp","href":"https:\/\/api.w.org\/{rel}","templated":true}]}}