{"id":7389,"date":"2018-07-30T08:24:57","date_gmt":"2018-07-30T08:24:57","guid":{"rendered":"http:\/\/www.turismoaguarda.es\/visitas-guiadas-al-monte-santa-trega-los-fines-de-semana-de-verano\/"},"modified":"2018-07-30T08:24:57","modified_gmt":"2018-07-30T08:24:57","slug":"visitas-guiadas-al-monte-santa-trega-los-fines-de-semana-de-verano","status":"publish","type":"post","link":"https:\/\/www.turismoaguarda.es\/en\/visitas-guiadas-al-monte-santa-trega-los-fines-de-semana-de-verano\/","title":{"rendered":"Visitas guiadas al Monte Santa Trega los fines de semana de verano"},"content":{"rendered":"<p style=\"text-align: justify;\">El Padroado Municipal de Santa Trega y el Ayuntamiento de A Guarda ofrece la oportunidad de conocer el Monte Santa Trega gracias a la oferta de visitas guiadas a este espacio.<\/p>\n<p style=\"text-align: justify;\">En esta temporada estival las visitas se concentrar\u00e1n los s\u00e1bados y domingos con una oferta de dos diferentes recorridos. Por lo tanto, los fines de semana hasta finales de agosto, excepto el d\u00eda 12, que por la celebraci\u00f3n del D\u00eda del Monte de las Festas do Monte no se realizar\u00e1 visita, se podr\u00e1 conocer el Monte Santa Trega acompa\u00f1ado de un gu\u00eda.<\/p>\n<p style=\"text-align: justify;\">Aquellas personas que deseen realizar una visita guiada completa por el emblem\u00e1tico monte y conocer detalladamente su valor arqueol\u00f3gico, religioso y paisaj\u00edstico, podr\u00e1n participar en las salidas a las 12:30 h y a las 17:00 h del Museo Arqueol\u00f3gico de Santa Trega, MASAT. Desde all\u00ed, los participantes conocer\u00e1n las piezas expuestas en el museo y continuar\u00e1n con la visita a la ermita de Santa Trega para despu\u00e9s bajar por el sendero del V\u00eda Crucis hasta el Castro de Santa Trega donde se explicar\u00e1n los contenidos arqueol\u00f3gicos de este espacio excavado. Esta visita tendr\u00e1 una duraci\u00f3n aproximada de 90 minutos.<\/p>\n<p style=\"text-align: justify;\">Adem\u00e1s a las 11:30 se ofrecer\u00e1 la oportunidad de realizar unas visitas guiadas centradas \u00fanicamente en el castro, con una explicaci\u00f3n del yacimiento arqueol\u00f3gico de 30 minutos de duraci\u00f3n. El punto de encuentro de estas visitas es la casa reconstruidas del castro ubicada justo en la carretera de acceso al monte.<\/p>\n<p style=\"text-align: justify;\">Las personas interesadas en participar deber\u00e1n presentarse a la hora de salida en el punto de encuentro indicado. A pesar de que las visitas son gratuitas, hay tener en cuenta que la tasa de acceso al Monte Santa Trega es de 1 \u20ac para las personas adultas y de 0,50 \u20ac para los y las menores de 14 a\u00f1os. Los grupos formados por m\u00e1s de 10 personas deber\u00e1n reservar su visita previamente llamando al Museo Arqueol\u00f3gico del Monte Santa Trega (986 610 504).<\/p>\n<p>&nbsp;<\/p>\n<p><img loading=\"lazy\" decoding=\"async\" class=\"size-full wp-image-7385 aligncenter\" src=\"http:\/\/www.turismoaguarda.es\/wp-content\/uploads\/2018\/07\/visitas-guaidas-1.jpg\" alt=\"\" width=\"800\" height=\"1131\" srcset=\"https:\/\/www.turismoaguarda.es\/wp-content\/uploads\/2018\/07\/visitas-guaidas-1.jpg 800w, https:\/\/www.turismoaguarda.es\/wp-content\/uploads\/2018\/07\/visitas-guaidas-1-212x300.jpg 212w, https:\/\/www.turismoaguarda.es\/wp-content\/uploads\/2018\/07\/visitas-guaidas-1-768x1086.jpg 768w, https:\/\/www.turismoaguarda.es\/wp-content\/uploads\/2018\/07\/visitas-guaidas-1-724x1024.jpg 724w, https:\/\/www.turismoaguarda.es\/wp-content\/uploads\/2018\/07\/visitas-guaidas-1-150x212.jpg 150w, https:\/\/www.turismoaguarda.es\/wp-content\/uploads\/2018\/07\/visitas-guaidas-1-354x500.jpg 354w\" sizes=\"auto, (max-width: 800px) 100vw, 800px\" \/><\/p>\n","protected":false},"excerpt":{"rendered":"<p>El Padroado Municipal de Santa Trega y el Ayuntamiento de A Guarda ofrece la oportunidad de conocer el Monte Santa Trega gracias a la oferta de visitas guiadas a este espacio. En esta temporada estival las visitas se concentrar\u00e1n los s\u00e1bados y domingos con una oferta de dos diferentes recorridos. Por lo tanto, los fines<\/p>\n<div class=\"padding-top text-center\"><a href=\"https:\/\/www.turismoaguarda.es\/en\/visitas-guiadas-al-monte-santa-trega-los-fines-de-semana-de-verano\/\" class=\"atbtn atbtn--medium atbtn--rounded atbtn--transparent\">Read more<i class=\"atbtn__icon atbtn__icon--right fa fa-long-arrow-right\"><\/i><\/a><\/div>\n","protected":false},"author":7,"featured_media":7390,"comment_status":"open","ping_status":"open","sticky":false,"template":"","format":"standard","meta":{"footnotes":""},"categories":[95],"tags":[553,1445],"class_list":["post-7389","post","type-post","status-publish","format-standard","has-post-thumbnail","hentry","category-news","tag-monte-santa-trega-en","tag-visita-guiada-en"],"yoast_head":"<!-- This site is optimized with the Yoast SEO plugin v27.5 - https:\/\/yoast.com\/product\/yoast-seo-wordpress\/ -->\n<title>Visitas guiadas al Monte Santa Trega los fines de semana de verano | Turismo A Guarda<\/title>\n<meta name=\"robots\" content=\"index, follow, max-snippet:-1, max-image-preview:large, max-video-preview:-1\" \/>\n<link rel=\"canonical\" href=\"https:\/\/www.turismoaguarda.es\/en\/visitas-guiadas-al-monte-santa-trega-los-fines-de-semana-de-verano\/\" \/>\n<meta property=\"og:locale\" content=\"en_US\" \/>\n<meta property=\"og:type\" content=\"article\" \/>\n<meta property=\"og:title\" content=\"Visitas guiadas al Monte Santa Trega los fines de semana de verano | Turismo A Guarda\" \/>\n<meta property=\"og:description\" content=\"El Padroado Municipal de Santa Trega y el Ayuntamiento de A Guarda ofrece la oportunidad de conocer el Monte Santa Trega gracias a la oferta de visitas guiadas a este espacio. En esta temporada estival las visitas se concentrar\u00e1n los s\u00e1bados y domingos con una oferta de dos diferentes recorridos. Por lo tanto, los finesRead more\" \/>\n<meta property=\"og:url\" content=\"https:\/\/www.turismoaguarda.es\/en\/visitas-guiadas-al-monte-santa-trega-los-fines-de-semana-de-verano\/\" \/>\n<meta property=\"og:site_name\" content=\"Turismo A Guarda\" \/>\n<meta property=\"article:publisher\" content=\"https:\/\/es-es.facebook.com\/Turismo-A-Guarda-126223240790625\/\" \/>\n<meta property=\"article:published_time\" content=\"2018-07-30T08:24:57+00:00\" \/>\n<meta property=\"og:image\" content=\"https:\/\/www.turismoaguarda.es\/wp-content\/uploads\/2018\/07\/tn_IMG-20170413-WA0011.jpg\" \/>\n\t<meta property=\"og:image:width\" content=\"600\" \/>\n\t<meta property=\"og:image:height\" content=\"338\" \/>\n\t<meta property=\"og:image:type\" content=\"image\/jpeg\" \/>\n<meta name=\"author\" content=\"Rosalia Verde\" \/>\n<meta name=\"twitter:card\" content=\"summary_large_image\" \/>\n<meta name=\"twitter:creator\" content=\"@TurismoAGuarda\" \/>\n<meta name=\"twitter:site\" content=\"@TurismoAGuarda\" \/>\n<meta name=\"twitter:label1\" content=\"Written by\" \/>\n\t<meta name=\"twitter:data1\" content=\"Rosalia Verde\" \/>\n\t<meta name=\"twitter:label2\" content=\"Est. reading time\" \/>\n\t<meta name=\"twitter:data2\" content=\"2 minutes\" \/>\n<script type=\"application\/ld+json\" class=\"yoast-schema-graph\">{\"@context\":\"https:\\\/\\\/schema.org\",\"@graph\":[{\"@type\":\"Article\",\"@id\":\"https:\\\/\\\/www.turismoaguarda.es\\\/en\\\/visitas-guiadas-al-monte-santa-trega-los-fines-de-semana-de-verano\\\/#article\",\"isPartOf\":{\"@id\":\"https:\\\/\\\/www.turismoaguarda.es\\\/en\\\/visitas-guiadas-al-monte-santa-trega-los-fines-de-semana-de-verano\\\/\"},\"author\":{\"name\":\"Rosalia Verde\",\"@id\":\"https:\\\/\\\/www.turismoaguarda.es\\\/#\\\/schema\\\/person\\\/9282bb1649316a88a88b0eca34bd959b\"},\"headline\":\"Visitas guiadas al Monte Santa Trega los fines de semana de verano\",\"datePublished\":\"2018-07-30T08:24:57+00:00\",\"mainEntityOfPage\":{\"@id\":\"https:\\\/\\\/www.turismoaguarda.es\\\/en\\\/visitas-guiadas-al-monte-santa-trega-los-fines-de-semana-de-verano\\\/\"},\"wordCount\":352,\"commentCount\":0,\"image\":{\"@id\":\"https:\\\/\\\/www.turismoaguarda.es\\\/en\\\/visitas-guiadas-al-monte-santa-trega-los-fines-de-semana-de-verano\\\/#primaryimage\"},\"thumbnailUrl\":\"https:\\\/\\\/www.turismoaguarda.es\\\/wp-content\\\/uploads\\\/2018\\\/07\\\/tn_IMG-20170413-WA0011.jpg\",\"keywords\":[\"Monte Santa Trega\",\"visita guiada\"],\"articleSection\":[\"News\"],\"inLanguage\":\"en-US\",\"potentialAction\":[{\"@type\":\"CommentAction\",\"name\":\"Comment\",\"target\":[\"https:\\\/\\\/www.turismoaguarda.es\\\/en\\\/visitas-guiadas-al-monte-santa-trega-los-fines-de-semana-de-verano\\\/#respond\"]}]},{\"@type\":\"WebPage\",\"@id\":\"https:\\\/\\\/www.turismoaguarda.es\\\/en\\\/visitas-guiadas-al-monte-santa-trega-los-fines-de-semana-de-verano\\\/\",\"url\":\"https:\\\/\\\/www.turismoaguarda.es\\\/en\\\/visitas-guiadas-al-monte-santa-trega-los-fines-de-semana-de-verano\\\/\",\"name\":\"Visitas guiadas al Monte Santa Trega los fines de semana de verano | Turismo A Guarda\",\"isPartOf\":{\"@id\":\"https:\\\/\\\/www.turismoaguarda.es\\\/#website\"},\"primaryImageOfPage\":{\"@id\":\"https:\\\/\\\/www.turismoaguarda.es\\\/en\\\/visitas-guiadas-al-monte-santa-trega-los-fines-de-semana-de-verano\\\/#primaryimage\"},\"image\":{\"@id\":\"https:\\\/\\\/www.turismoaguarda.es\\\/en\\\/visitas-guiadas-al-monte-santa-trega-los-fines-de-semana-de-verano\\\/#primaryimage\"},\"thumbnailUrl\":\"https:\\\/\\\/www.turismoaguarda.es\\\/wp-content\\\/uploads\\\/2018\\\/07\\\/tn_IMG-20170413-WA0011.jpg\",\"datePublished\":\"2018-07-30T08:24:57+00:00\",\"author\":{\"@id\":\"https:\\\/\\\/www.turismoaguarda.es\\\/#\\\/schema\\\/person\\\/9282bb1649316a88a88b0eca34bd959b\"},\"breadcrumb\":{\"@id\":\"https:\\\/\\\/www.turismoaguarda.es\\\/en\\\/visitas-guiadas-al-monte-santa-trega-los-fines-de-semana-de-verano\\\/#breadcrumb\"},\"inLanguage\":\"en-US\",\"potentialAction\":[{\"@type\":\"ReadAction\",\"target\":[\"https:\\\/\\\/www.turismoaguarda.es\\\/en\\\/visitas-guiadas-al-monte-santa-trega-los-fines-de-semana-de-verano\\\/\"]}]},{\"@type\":\"ImageObject\",\"inLanguage\":\"en-US\",\"@id\":\"https:\\\/\\\/www.turismoaguarda.es\\\/en\\\/visitas-guiadas-al-monte-santa-trega-los-fines-de-semana-de-verano\\\/#primaryimage\",\"url\":\"https:\\\/\\\/www.turismoaguarda.es\\\/wp-content\\\/uploads\\\/2018\\\/07\\\/tn_IMG-20170413-WA0011.jpg\",\"contentUrl\":\"https:\\\/\\\/www.turismoaguarda.es\\\/wp-content\\\/uploads\\\/2018\\\/07\\\/tn_IMG-20170413-WA0011.jpg\",\"width\":600,\"height\":338},{\"@type\":\"BreadcrumbList\",\"@id\":\"https:\\\/\\\/www.turismoaguarda.es\\\/en\\\/visitas-guiadas-al-monte-santa-trega-los-fines-de-semana-de-verano\\\/#breadcrumb\",\"itemListElement\":[{\"@type\":\"ListItem\",\"position\":1,\"name\":\"Portada\",\"item\":\"https:\\\/\\\/www.turismoaguarda.es\\\/en\\\/\"},{\"@type\":\"ListItem\",\"position\":2,\"name\":\"Visitas guiadas al Monte Santa Trega los fines de semana de verano\"}]},{\"@type\":\"WebSite\",\"@id\":\"https:\\\/\\\/www.turismoaguarda.es\\\/#website\",\"url\":\"https:\\\/\\\/www.turismoaguarda.es\\\/\",\"name\":\"Turismo A Guarda\",\"description\":\"Informaci\u00f3n tur\u00edstica de A Guarda y alrededores.\",\"potentialAction\":[{\"@type\":\"SearchAction\",\"target\":{\"@type\":\"EntryPoint\",\"urlTemplate\":\"https:\\\/\\\/www.turismoaguarda.es\\\/?s={search_term_string}\"},\"query-input\":{\"@type\":\"PropertyValueSpecification\",\"valueRequired\":true,\"valueName\":\"search_term_string\"}}],\"inLanguage\":\"en-US\"},{\"@type\":\"Person\",\"@id\":\"https:\\\/\\\/www.turismoaguarda.es\\\/#\\\/schema\\\/person\\\/9282bb1649316a88a88b0eca34bd959b\",\"name\":\"Rosalia Verde\",\"image\":{\"@type\":\"ImageObject\",\"inLanguage\":\"en-US\",\"@id\":\"https:\\\/\\\/secure.gravatar.com\\\/avatar\\\/40761cb45c6464d3a83ebde1e1f3fa222726fcacc4d5b5048a7920608c99e0e5?s=96&d=mm&r=g\",\"url\":\"https:\\\/\\\/secure.gravatar.com\\\/avatar\\\/40761cb45c6464d3a83ebde1e1f3fa222726fcacc4d5b5048a7920608c99e0e5?s=96&d=mm&r=g\",\"contentUrl\":\"https:\\\/\\\/secure.gravatar.com\\\/avatar\\\/40761cb45c6464d3a83ebde1e1f3fa222726fcacc4d5b5048a7920608c99e0e5?s=96&d=mm&r=g\",\"caption\":\"Rosalia Verde\"},\"url\":\"https:\\\/\\\/www.turismoaguarda.es\\\/en\\\/author\\\/rosalia\\\/\"}]}<\/script>\n<!-- \/ Yoast SEO plugin. -->","yoast_head_json":{"title":"Visitas guiadas al Monte Santa Trega los fines de semana de verano | Turismo A Guarda","robots":{"index":"index","follow":"follow","max-snippet":"max-snippet:-1","max-image-preview":"max-image-preview:large","max-video-preview":"max-video-preview:-1"},"canonical":"https:\/\/www.turismoaguarda.es\/en\/visitas-guiadas-al-monte-santa-trega-los-fines-de-semana-de-verano\/","og_locale":"en_US","og_type":"article","og_title":"Visitas guiadas al Monte Santa Trega los fines de semana de verano | Turismo A Guarda","og_description":"El Padroado Municipal de Santa Trega y el Ayuntamiento de A Guarda ofrece la oportunidad de conocer el Monte Santa Trega gracias a la oferta de visitas guiadas a este espacio. En esta temporada estival las visitas se concentrar\u00e1n los s\u00e1bados y domingos con una oferta de dos diferentes recorridos. Por lo tanto, los finesRead more","og_url":"https:\/\/www.turismoaguarda.es\/en\/visitas-guiadas-al-monte-santa-trega-los-fines-de-semana-de-verano\/","og_site_name":"Turismo A Guarda","article_publisher":"https:\/\/es-es.facebook.com\/Turismo-A-Guarda-126223240790625\/","article_published_time":"2018-07-30T08:24:57+00:00","og_image":[{"width":600,"height":338,"url":"https:\/\/www.turismoaguarda.es\/wp-content\/uploads\/2018\/07\/tn_IMG-20170413-WA0011.jpg","type":"image\/jpeg"}],"author":"Rosalia Verde","twitter_card":"summary_large_image","twitter_creator":"@TurismoAGuarda","twitter_site":"@TurismoAGuarda","twitter_misc":{"Written by":"Rosalia Verde","Est. reading time":"2 minutes"},"schema":{"@context":"https:\/\/schema.org","@graph":[{"@type":"Article","@id":"https:\/\/www.turismoaguarda.es\/en\/visitas-guiadas-al-monte-santa-trega-los-fines-de-semana-de-verano\/#article","isPartOf":{"@id":"https:\/\/www.turismoaguarda.es\/en\/visitas-guiadas-al-monte-santa-trega-los-fines-de-semana-de-verano\/"},"author":{"name":"Rosalia Verde","@id":"https:\/\/www.turismoaguarda.es\/#\/schema\/person\/9282bb1649316a88a88b0eca34bd959b"},"headline":"Visitas guiadas al Monte Santa Trega los fines de semana de verano","datePublished":"2018-07-30T08:24:57+00:00","mainEntityOfPage":{"@id":"https:\/\/www.turismoaguarda.es\/en\/visitas-guiadas-al-monte-santa-trega-los-fines-de-semana-de-verano\/"},"wordCount":352,"commentCount":0,"image":{"@id":"https:\/\/www.turismoaguarda.es\/en\/visitas-guiadas-al-monte-santa-trega-los-fines-de-semana-de-verano\/#primaryimage"},"thumbnailUrl":"https:\/\/www.turismoaguarda.es\/wp-content\/uploads\/2018\/07\/tn_IMG-20170413-WA0011.jpg","keywords":["Monte Santa Trega","visita guiada"],"articleSection":["News"],"inLanguage":"en-US","potentialAction":[{"@type":"CommentAction","name":"Comment","target":["https:\/\/www.turismoaguarda.es\/en\/visitas-guiadas-al-monte-santa-trega-los-fines-de-semana-de-verano\/#respond"]}]},{"@type":"WebPage","@id":"https:\/\/www.turismoaguarda.es\/en\/visitas-guiadas-al-monte-santa-trega-los-fines-de-semana-de-verano\/","url":"https:\/\/www.turismoaguarda.es\/en\/visitas-guiadas-al-monte-santa-trega-los-fines-de-semana-de-verano\/","name":"Visitas guiadas al Monte Santa Trega los fines de semana de verano | Turismo A Guarda","isPartOf":{"@id":"https:\/\/www.turismoaguarda.es\/#website"},"primaryImageOfPage":{"@id":"https:\/\/www.turismoaguarda.es\/en\/visitas-guiadas-al-monte-santa-trega-los-fines-de-semana-de-verano\/#primaryimage"},"image":{"@id":"https:\/\/www.turismoaguarda.es\/en\/visitas-guiadas-al-monte-santa-trega-los-fines-de-semana-de-verano\/#primaryimage"},"thumbnailUrl":"https:\/\/www.turismoaguarda.es\/wp-content\/uploads\/2018\/07\/tn_IMG-20170413-WA0011.jpg","datePublished":"2018-07-30T08:24:57+00:00","author":{"@id":"https:\/\/www.turismoaguarda.es\/#\/schema\/person\/9282bb1649316a88a88b0eca34bd959b"},"breadcrumb":{"@id":"https:\/\/www.turismoaguarda.es\/en\/visitas-guiadas-al-monte-santa-trega-los-fines-de-semana-de-verano\/#breadcrumb"},"inLanguage":"en-US","potentialAction":[{"@type":"ReadAction","target":["https:\/\/www.turismoaguarda.es\/en\/visitas-guiadas-al-monte-santa-trega-los-fines-de-semana-de-verano\/"]}]},{"@type":"ImageObject","inLanguage":"en-US","@id":"https:\/\/www.turismoaguarda.es\/en\/visitas-guiadas-al-monte-santa-trega-los-fines-de-semana-de-verano\/#primaryimage","url":"https:\/\/www.turismoaguarda.es\/wp-content\/uploads\/2018\/07\/tn_IMG-20170413-WA0011.jpg","contentUrl":"https:\/\/www.turismoaguarda.es\/wp-content\/uploads\/2018\/07\/tn_IMG-20170413-WA0011.jpg","width":600,"height":338},{"@type":"BreadcrumbList","@id":"https:\/\/www.turismoaguarda.es\/en\/visitas-guiadas-al-monte-santa-trega-los-fines-de-semana-de-verano\/#breadcrumb","itemListElement":[{"@type":"ListItem","position":1,"name":"Portada","item":"https:\/\/www.turismoaguarda.es\/en\/"},{"@type":"ListItem","position":2,"name":"Visitas guiadas al Monte Santa Trega los fines de semana de verano"}]},{"@type":"WebSite","@id":"https:\/\/www.turismoaguarda.es\/#website","url":"https:\/\/www.turismoaguarda.es\/","name":"Turismo A Guarda","description":"Informaci\u00f3n tur\u00edstica de A Guarda y alrededores.","potentialAction":[{"@type":"SearchAction","target":{"@type":"EntryPoint","urlTemplate":"https:\/\/www.turismoaguarda.es\/?s={search_term_string}"},"query-input":{"@type":"PropertyValueSpecification","valueRequired":true,"valueName":"search_term_string"}}],"inLanguage":"en-US"},{"@type":"Person","@id":"https:\/\/www.turismoaguarda.es\/#\/schema\/person\/9282bb1649316a88a88b0eca34bd959b","name":"Rosalia Verde","image":{"@type":"ImageObject","inLanguage":"en-US","@id":"https:\/\/secure.gravatar.com\/avatar\/40761cb45c6464d3a83ebde1e1f3fa222726fcacc4d5b5048a7920608c99e0e5?s=96&d=mm&r=g","url":"https:\/\/secure.gravatar.com\/avatar\/40761cb45c6464d3a83ebde1e1f3fa222726fcacc4d5b5048a7920608c99e0e5?s=96&d=mm&r=g","contentUrl":"https:\/\/secure.gravatar.com\/avatar\/40761cb45c6464d3a83ebde1e1f3fa222726fcacc4d5b5048a7920608c99e0e5?s=96&d=mm&r=g","caption":"Rosalia Verde"},"url":"https:\/\/www.turismoaguarda.es\/en\/author\/rosalia\/"}]}},"_links":{"self":[{"href":"https:\/\/www.turismoaguarda.es\/en\/wp-json\/wp\/v2\/posts\/7389","targetHints":{"allow":["GET"]}}],"collection":[{"href":"https:\/\/www.turismoaguarda.es\/en\/wp-json\/wp\/v2\/posts"}],"about":[{"href":"https:\/\/www.turismoaguarda.es\/en\/wp-json\/wp\/v2\/types\/post"}],"author":[{"embeddable":true,"href":"https:\/\/www.turismoaguarda.es\/en\/wp-json\/wp\/v2\/users\/7"}],"replies":[{"embeddable":true,"href":"https:\/\/www.turismoaguarda.es\/en\/wp-json\/wp\/v2\/comments?post=7389"}],"version-history":[{"count":0,"href":"https:\/\/www.turismoaguarda.es\/en\/wp-json\/wp\/v2\/posts\/7389\/revisions"}],"wp:featuredmedia":[{"embeddable":true,"href":"https:\/\/www.turismoaguarda.es\/en\/wp-json\/wp\/v2\/media\/7390"}],"wp:attachment":[{"href":"https:\/\/www.turismoaguarda.es\/en\/wp-json\/wp\/v2\/media?parent=7389"}],"wp:term":[{"taxonomy":"category","embeddable":true,"href":"https:\/\/www.turismoaguarda.es\/en\/wp-json\/wp\/v2\/categories?post=7389"},{"taxonomy":"post_tag","embeddable":true,"href":"https:\/\/www.turismoaguarda.es\/en\/wp-json\/wp\/v2\/tags?post=7389"}],"curies":[{"name":"wp","href":"https:\/\/api.w.org\/{rel}","templated":true}]}}