{"id":7021,"date":"2018-05-21T09:11:15","date_gmt":"2018-05-21T09:11:15","guid":{"rendered":"http:\/\/www.turismoaguarda.es\/la-andaina-por-la-ruta-maxica-de-oia-tendra-lugar-el-sabado-26-de-mayo\/"},"modified":"2018-05-21T09:11:15","modified_gmt":"2018-05-21T09:11:15","slug":"la-andaina-por-la-ruta-maxica-de-oia-tendra-lugar-el-sabado-26-de-mayo","status":"publish","type":"post","link":"https:\/\/www.turismoaguarda.es\/en\/la-andaina-por-la-ruta-maxica-de-oia-tendra-lugar-el-sabado-26-de-mayo\/","title":{"rendered":"La Andaina por la Ruta M\u00e1xica de Oia tendr\u00e1 lugar el s\u00e1bado 26 de mayo"},"content":{"rendered":"<p><span style=\"color: #000000;\"><span style=\"font-family: Trebuchet\\ MS, sans-serif;\"><span style=\"font-size: medium;\">La Ruta M\u00e1xica de Oia era la primera andaina del calendario organizado por Ayuntamiento de A Guarda y Caminha pero debido a las malas condiciones meteorol\u00f3gicas tuvo que ser aplazada.<\/span><\/span><\/span><\/p>\n<p><span style=\"color: #000000;\"><span style=\"font-family: Trebuchet\\ MS, sans-serif;\"><span style=\"font-size: medium;\">Finalmente esta andaina tendr\u00e1 lugar el pr\u00f3ximo s\u00e1bado 26 de mayo. As\u00ed que los interesados deben confirmar su asistencia en la Oficina de Turismo de A Guarda o en el tel. 986614546 o en el mail turismo@aguarda.es<\/span><\/span><\/span><\/p>\n<p><span style=\"color: #000000;\"><span style=\"font-family: Trebuchet\\ MS, sans-serif;\"><span style=\"font-size: medium;\">Esta ruta estar\u00e1 guiada por la Asociaci\u00f3n Costa de Castros. La Ruta M\u00e1xica de Oia recorre unos 18km de la Sierra de A Groba pasando por las parroquias costeras de este ayuntamiento. <\/span><\/span><\/span><\/p>\n<p><span style=\"color: #000000;\"><span style=\"font-family: Trebuchet\\ MS, sans-serif;\"><span style=\"font-size: medium;\">La ruta se\u00f1alizada comenzar\u00e1 en el mirador de A Pedreira donde se encuentran petroglifos y continuar\u00e1 conociendo otros grabados rupestres hasta llegar al r\u00edo Broi y al espacio natural de las Sobreiras del Faro, el bosque mediterr\u00e1neo m\u00e1s occidental. Despu\u00e9s se ascender\u00e1 hasta el Castro del Cano do Moros y las Pozas de Mougas donde se realizar\u00e1 la comida. En esta \u00faltima parte del recorrido se descender\u00e1 hasta el Castro de Cabezi\u00f1a. La ruta finalizar\u00e1 en la carretera PO552 donde se encuentra el Camping O Mu\u00ed\u00f1o. <\/span><\/span><\/span><\/p>\n<p><img loading=\"lazy\" decoding=\"async\" class=\"size-full wp-image-7018 aligncenter\" src=\"http:\/\/www.turismoaguarda.es\/wp-content\/uploads\/2018\/05\/Ruta-Maxica-1.jpg\" alt=\"\" width=\"700\" height=\"465\" srcset=\"https:\/\/www.turismoaguarda.es\/wp-content\/uploads\/2018\/05\/Ruta-Maxica-1.jpg 700w, https:\/\/www.turismoaguarda.es\/wp-content\/uploads\/2018\/05\/Ruta-Maxica-1-300x199.jpg 300w, https:\/\/www.turismoaguarda.es\/wp-content\/uploads\/2018\/05\/Ruta-Maxica-1-150x100.jpg 150w, https:\/\/www.turismoaguarda.es\/wp-content\/uploads\/2018\/05\/Ruta-Maxica-1-500x332.jpg 500w\" sizes=\"auto, (max-width: 700px) 100vw, 700px\" \/><\/p>\n","protected":false},"excerpt":{"rendered":"<p>La Ruta M\u00e1xica de Oia era la primera andaina del calendario organizado por Ayuntamiento de A Guarda y Caminha pero debido a las malas condiciones meteorol\u00f3gicas tuvo que ser aplazada. Finalmente esta andaina tendr\u00e1 lugar el pr\u00f3ximo s\u00e1bado 26 de mayo. As\u00ed que los interesados deben confirmar su asistencia en la Oficina de Turismo de<\/p>\n<div class=\"padding-top text-center\"><a href=\"https:\/\/www.turismoaguarda.es\/en\/la-andaina-por-la-ruta-maxica-de-oia-tendra-lugar-el-sabado-26-de-mayo\/\" class=\"atbtn atbtn--medium atbtn--rounded atbtn--transparent\">Read more<i class=\"atbtn__icon atbtn__icon--right fa fa-long-arrow-right\"><\/i><\/a><\/div>\n","protected":false},"author":7,"featured_media":0,"comment_status":"open","ping_status":"open","sticky":false,"template":"","format":"standard","meta":{"footnotes":""},"categories":[95],"tags":[1243,1245,919,1360],"class_list":["post-7021","post","type-post","status-publish","format-standard","hentry","category-news","tag-andaina-en","tag-oia-en","tag-ruta-en","tag-ruta-maxica-de-oia-en"],"yoast_head":"<!-- This site is optimized with the Yoast SEO plugin v27.5 - https:\/\/yoast.com\/product\/yoast-seo-wordpress\/ -->\n<title>La Andaina por la Ruta M\u00e1xica de Oia tendr\u00e1 lugar el s\u00e1bado 26 de mayo | Turismo A Guarda<\/title>\n<meta name=\"robots\" content=\"index, follow, max-snippet:-1, max-image-preview:large, max-video-preview:-1\" \/>\n<link rel=\"canonical\" href=\"https:\/\/www.turismoaguarda.es\/en\/la-andaina-por-la-ruta-maxica-de-oia-tendra-lugar-el-sabado-26-de-mayo\/\" \/>\n<meta property=\"og:locale\" content=\"en_US\" \/>\n<meta property=\"og:type\" content=\"article\" \/>\n<meta property=\"og:title\" content=\"La Andaina por la Ruta M\u00e1xica de Oia tendr\u00e1 lugar el s\u00e1bado 26 de mayo | Turismo A Guarda\" \/>\n<meta property=\"og:description\" content=\"La Ruta M\u00e1xica de Oia era la primera andaina del calendario organizado por Ayuntamiento de A Guarda y Caminha pero debido a las malas condiciones meteorol\u00f3gicas tuvo que ser aplazada. Finalmente esta andaina tendr\u00e1 lugar el pr\u00f3ximo s\u00e1bado 26 de mayo. As\u00ed que los interesados deben confirmar su asistencia en la Oficina de Turismo deRead more\" \/>\n<meta property=\"og:url\" content=\"https:\/\/www.turismoaguarda.es\/en\/la-andaina-por-la-ruta-maxica-de-oia-tendra-lugar-el-sabado-26-de-mayo\/\" \/>\n<meta property=\"og:site_name\" content=\"Turismo A Guarda\" \/>\n<meta property=\"article:publisher\" content=\"https:\/\/es-es.facebook.com\/Turismo-A-Guarda-126223240790625\/\" \/>\n<meta property=\"article:published_time\" content=\"2018-05-21T09:11:15+00:00\" \/>\n<meta property=\"og:image\" content=\"http:\/\/www.turismoaguarda.es\/wp-content\/uploads\/2018\/05\/Ruta-Maxica-1.jpg\" \/>\n<meta name=\"author\" content=\"Rosalia Verde\" \/>\n<meta name=\"twitter:card\" content=\"summary_large_image\" \/>\n<meta name=\"twitter:creator\" content=\"@TurismoAGuarda\" \/>\n<meta name=\"twitter:site\" content=\"@TurismoAGuarda\" \/>\n<meta name=\"twitter:label1\" content=\"Written by\" \/>\n\t<meta name=\"twitter:data1\" content=\"Rosalia Verde\" \/>\n\t<meta name=\"twitter:label2\" content=\"Est. reading time\" \/>\n\t<meta name=\"twitter:data2\" content=\"1 minute\" \/>\n<script type=\"application\/ld+json\" class=\"yoast-schema-graph\">{\"@context\":\"https:\\\/\\\/schema.org\",\"@graph\":[{\"@type\":\"Article\",\"@id\":\"https:\\\/\\\/www.turismoaguarda.es\\\/en\\\/la-andaina-por-la-ruta-maxica-de-oia-tendra-lugar-el-sabado-26-de-mayo\\\/#article\",\"isPartOf\":{\"@id\":\"https:\\\/\\\/www.turismoaguarda.es\\\/en\\\/la-andaina-por-la-ruta-maxica-de-oia-tendra-lugar-el-sabado-26-de-mayo\\\/\"},\"author\":{\"name\":\"Rosalia Verde\",\"@id\":\"https:\\\/\\\/www.turismoaguarda.es\\\/#\\\/schema\\\/person\\\/9282bb1649316a88a88b0eca34bd959b\"},\"headline\":\"La Andaina por la Ruta M\u00e1xica de Oia tendr\u00e1 lugar el s\u00e1bado 26 de mayo\",\"datePublished\":\"2018-05-21T09:11:15+00:00\",\"mainEntityOfPage\":{\"@id\":\"https:\\\/\\\/www.turismoaguarda.es\\\/en\\\/la-andaina-por-la-ruta-maxica-de-oia-tendra-lugar-el-sabado-26-de-mayo\\\/\"},\"wordCount\":214,\"commentCount\":0,\"image\":{\"@id\":\"https:\\\/\\\/www.turismoaguarda.es\\\/en\\\/la-andaina-por-la-ruta-maxica-de-oia-tendra-lugar-el-sabado-26-de-mayo\\\/#primaryimage\"},\"thumbnailUrl\":\"http:\\\/\\\/www.turismoaguarda.es\\\/wp-content\\\/uploads\\\/2018\\\/05\\\/Ruta-Maxica-1.jpg\",\"keywords\":[\"Andaina\",\"oia\",\"ruta\",\"Ruta M\u00e1xica de Oia\"],\"articleSection\":[\"News\"],\"inLanguage\":\"en-US\",\"potentialAction\":[{\"@type\":\"CommentAction\",\"name\":\"Comment\",\"target\":[\"https:\\\/\\\/www.turismoaguarda.es\\\/en\\\/la-andaina-por-la-ruta-maxica-de-oia-tendra-lugar-el-sabado-26-de-mayo\\\/#respond\"]}]},{\"@type\":\"WebPage\",\"@id\":\"https:\\\/\\\/www.turismoaguarda.es\\\/en\\\/la-andaina-por-la-ruta-maxica-de-oia-tendra-lugar-el-sabado-26-de-mayo\\\/\",\"url\":\"https:\\\/\\\/www.turismoaguarda.es\\\/en\\\/la-andaina-por-la-ruta-maxica-de-oia-tendra-lugar-el-sabado-26-de-mayo\\\/\",\"name\":\"La Andaina por la Ruta M\u00e1xica de Oia tendr\u00e1 lugar el s\u00e1bado 26 de mayo | Turismo A Guarda\",\"isPartOf\":{\"@id\":\"https:\\\/\\\/www.turismoaguarda.es\\\/#website\"},\"primaryImageOfPage\":{\"@id\":\"https:\\\/\\\/www.turismoaguarda.es\\\/en\\\/la-andaina-por-la-ruta-maxica-de-oia-tendra-lugar-el-sabado-26-de-mayo\\\/#primaryimage\"},\"image\":{\"@id\":\"https:\\\/\\\/www.turismoaguarda.es\\\/en\\\/la-andaina-por-la-ruta-maxica-de-oia-tendra-lugar-el-sabado-26-de-mayo\\\/#primaryimage\"},\"thumbnailUrl\":\"http:\\\/\\\/www.turismoaguarda.es\\\/wp-content\\\/uploads\\\/2018\\\/05\\\/Ruta-Maxica-1.jpg\",\"datePublished\":\"2018-05-21T09:11:15+00:00\",\"author\":{\"@id\":\"https:\\\/\\\/www.turismoaguarda.es\\\/#\\\/schema\\\/person\\\/9282bb1649316a88a88b0eca34bd959b\"},\"breadcrumb\":{\"@id\":\"https:\\\/\\\/www.turismoaguarda.es\\\/en\\\/la-andaina-por-la-ruta-maxica-de-oia-tendra-lugar-el-sabado-26-de-mayo\\\/#breadcrumb\"},\"inLanguage\":\"en-US\",\"potentialAction\":[{\"@type\":\"ReadAction\",\"target\":[\"https:\\\/\\\/www.turismoaguarda.es\\\/en\\\/la-andaina-por-la-ruta-maxica-de-oia-tendra-lugar-el-sabado-26-de-mayo\\\/\"]}]},{\"@type\":\"ImageObject\",\"inLanguage\":\"en-US\",\"@id\":\"https:\\\/\\\/www.turismoaguarda.es\\\/en\\\/la-andaina-por-la-ruta-maxica-de-oia-tendra-lugar-el-sabado-26-de-mayo\\\/#primaryimage\",\"url\":\"http:\\\/\\\/www.turismoaguarda.es\\\/wp-content\\\/uploads\\\/2018\\\/05\\\/Ruta-Maxica-1.jpg\",\"contentUrl\":\"http:\\\/\\\/www.turismoaguarda.es\\\/wp-content\\\/uploads\\\/2018\\\/05\\\/Ruta-Maxica-1.jpg\"},{\"@type\":\"BreadcrumbList\",\"@id\":\"https:\\\/\\\/www.turismoaguarda.es\\\/en\\\/la-andaina-por-la-ruta-maxica-de-oia-tendra-lugar-el-sabado-26-de-mayo\\\/#breadcrumb\",\"itemListElement\":[{\"@type\":\"ListItem\",\"position\":1,\"name\":\"Portada\",\"item\":\"https:\\\/\\\/www.turismoaguarda.es\\\/en\\\/\"},{\"@type\":\"ListItem\",\"position\":2,\"name\":\"La Andaina por la Ruta M\u00e1xica de Oia tendr\u00e1 lugar el s\u00e1bado 26 de mayo\"}]},{\"@type\":\"WebSite\",\"@id\":\"https:\\\/\\\/www.turismoaguarda.es\\\/#website\",\"url\":\"https:\\\/\\\/www.turismoaguarda.es\\\/\",\"name\":\"Turismo A Guarda\",\"description\":\"Informaci\u00f3n tur\u00edstica de A Guarda y alrededores.\",\"potentialAction\":[{\"@type\":\"SearchAction\",\"target\":{\"@type\":\"EntryPoint\",\"urlTemplate\":\"https:\\\/\\\/www.turismoaguarda.es\\\/?s={search_term_string}\"},\"query-input\":{\"@type\":\"PropertyValueSpecification\",\"valueRequired\":true,\"valueName\":\"search_term_string\"}}],\"inLanguage\":\"en-US\"},{\"@type\":\"Person\",\"@id\":\"https:\\\/\\\/www.turismoaguarda.es\\\/#\\\/schema\\\/person\\\/9282bb1649316a88a88b0eca34bd959b\",\"name\":\"Rosalia Verde\",\"image\":{\"@type\":\"ImageObject\",\"inLanguage\":\"en-US\",\"@id\":\"https:\\\/\\\/secure.gravatar.com\\\/avatar\\\/40761cb45c6464d3a83ebde1e1f3fa222726fcacc4d5b5048a7920608c99e0e5?s=96&d=mm&r=g\",\"url\":\"https:\\\/\\\/secure.gravatar.com\\\/avatar\\\/40761cb45c6464d3a83ebde1e1f3fa222726fcacc4d5b5048a7920608c99e0e5?s=96&d=mm&r=g\",\"contentUrl\":\"https:\\\/\\\/secure.gravatar.com\\\/avatar\\\/40761cb45c6464d3a83ebde1e1f3fa222726fcacc4d5b5048a7920608c99e0e5?s=96&d=mm&r=g\",\"caption\":\"Rosalia Verde\"},\"url\":\"https:\\\/\\\/www.turismoaguarda.es\\\/en\\\/author\\\/rosalia\\\/\"}]}<\/script>\n<!-- \/ Yoast SEO plugin. -->","yoast_head_json":{"title":"La Andaina por la Ruta M\u00e1xica de Oia tendr\u00e1 lugar el s\u00e1bado 26 de mayo | Turismo A Guarda","robots":{"index":"index","follow":"follow","max-snippet":"max-snippet:-1","max-image-preview":"max-image-preview:large","max-video-preview":"max-video-preview:-1"},"canonical":"https:\/\/www.turismoaguarda.es\/en\/la-andaina-por-la-ruta-maxica-de-oia-tendra-lugar-el-sabado-26-de-mayo\/","og_locale":"en_US","og_type":"article","og_title":"La Andaina por la Ruta M\u00e1xica de Oia tendr\u00e1 lugar el s\u00e1bado 26 de mayo | Turismo A Guarda","og_description":"La Ruta M\u00e1xica de Oia era la primera andaina del calendario organizado por Ayuntamiento de A Guarda y Caminha pero debido a las malas condiciones meteorol\u00f3gicas tuvo que ser aplazada. Finalmente esta andaina tendr\u00e1 lugar el pr\u00f3ximo s\u00e1bado 26 de mayo. As\u00ed que los interesados deben confirmar su asistencia en la Oficina de Turismo deRead more","og_url":"https:\/\/www.turismoaguarda.es\/en\/la-andaina-por-la-ruta-maxica-de-oia-tendra-lugar-el-sabado-26-de-mayo\/","og_site_name":"Turismo A Guarda","article_publisher":"https:\/\/es-es.facebook.com\/Turismo-A-Guarda-126223240790625\/","article_published_time":"2018-05-21T09:11:15+00:00","og_image":[{"url":"http:\/\/www.turismoaguarda.es\/wp-content\/uploads\/2018\/05\/Ruta-Maxica-1.jpg","type":"","width":"","height":""}],"author":"Rosalia Verde","twitter_card":"summary_large_image","twitter_creator":"@TurismoAGuarda","twitter_site":"@TurismoAGuarda","twitter_misc":{"Written by":"Rosalia Verde","Est. reading time":"1 minute"},"schema":{"@context":"https:\/\/schema.org","@graph":[{"@type":"Article","@id":"https:\/\/www.turismoaguarda.es\/en\/la-andaina-por-la-ruta-maxica-de-oia-tendra-lugar-el-sabado-26-de-mayo\/#article","isPartOf":{"@id":"https:\/\/www.turismoaguarda.es\/en\/la-andaina-por-la-ruta-maxica-de-oia-tendra-lugar-el-sabado-26-de-mayo\/"},"author":{"name":"Rosalia Verde","@id":"https:\/\/www.turismoaguarda.es\/#\/schema\/person\/9282bb1649316a88a88b0eca34bd959b"},"headline":"La Andaina por la Ruta M\u00e1xica de Oia tendr\u00e1 lugar el s\u00e1bado 26 de mayo","datePublished":"2018-05-21T09:11:15+00:00","mainEntityOfPage":{"@id":"https:\/\/www.turismoaguarda.es\/en\/la-andaina-por-la-ruta-maxica-de-oia-tendra-lugar-el-sabado-26-de-mayo\/"},"wordCount":214,"commentCount":0,"image":{"@id":"https:\/\/www.turismoaguarda.es\/en\/la-andaina-por-la-ruta-maxica-de-oia-tendra-lugar-el-sabado-26-de-mayo\/#primaryimage"},"thumbnailUrl":"http:\/\/www.turismoaguarda.es\/wp-content\/uploads\/2018\/05\/Ruta-Maxica-1.jpg","keywords":["Andaina","oia","ruta","Ruta M\u00e1xica de Oia"],"articleSection":["News"],"inLanguage":"en-US","potentialAction":[{"@type":"CommentAction","name":"Comment","target":["https:\/\/www.turismoaguarda.es\/en\/la-andaina-por-la-ruta-maxica-de-oia-tendra-lugar-el-sabado-26-de-mayo\/#respond"]}]},{"@type":"WebPage","@id":"https:\/\/www.turismoaguarda.es\/en\/la-andaina-por-la-ruta-maxica-de-oia-tendra-lugar-el-sabado-26-de-mayo\/","url":"https:\/\/www.turismoaguarda.es\/en\/la-andaina-por-la-ruta-maxica-de-oia-tendra-lugar-el-sabado-26-de-mayo\/","name":"La Andaina por la Ruta M\u00e1xica de Oia tendr\u00e1 lugar el s\u00e1bado 26 de mayo | Turismo A Guarda","isPartOf":{"@id":"https:\/\/www.turismoaguarda.es\/#website"},"primaryImageOfPage":{"@id":"https:\/\/www.turismoaguarda.es\/en\/la-andaina-por-la-ruta-maxica-de-oia-tendra-lugar-el-sabado-26-de-mayo\/#primaryimage"},"image":{"@id":"https:\/\/www.turismoaguarda.es\/en\/la-andaina-por-la-ruta-maxica-de-oia-tendra-lugar-el-sabado-26-de-mayo\/#primaryimage"},"thumbnailUrl":"http:\/\/www.turismoaguarda.es\/wp-content\/uploads\/2018\/05\/Ruta-Maxica-1.jpg","datePublished":"2018-05-21T09:11:15+00:00","author":{"@id":"https:\/\/www.turismoaguarda.es\/#\/schema\/person\/9282bb1649316a88a88b0eca34bd959b"},"breadcrumb":{"@id":"https:\/\/www.turismoaguarda.es\/en\/la-andaina-por-la-ruta-maxica-de-oia-tendra-lugar-el-sabado-26-de-mayo\/#breadcrumb"},"inLanguage":"en-US","potentialAction":[{"@type":"ReadAction","target":["https:\/\/www.turismoaguarda.es\/en\/la-andaina-por-la-ruta-maxica-de-oia-tendra-lugar-el-sabado-26-de-mayo\/"]}]},{"@type":"ImageObject","inLanguage":"en-US","@id":"https:\/\/www.turismoaguarda.es\/en\/la-andaina-por-la-ruta-maxica-de-oia-tendra-lugar-el-sabado-26-de-mayo\/#primaryimage","url":"http:\/\/www.turismoaguarda.es\/wp-content\/uploads\/2018\/05\/Ruta-Maxica-1.jpg","contentUrl":"http:\/\/www.turismoaguarda.es\/wp-content\/uploads\/2018\/05\/Ruta-Maxica-1.jpg"},{"@type":"BreadcrumbList","@id":"https:\/\/www.turismoaguarda.es\/en\/la-andaina-por-la-ruta-maxica-de-oia-tendra-lugar-el-sabado-26-de-mayo\/#breadcrumb","itemListElement":[{"@type":"ListItem","position":1,"name":"Portada","item":"https:\/\/www.turismoaguarda.es\/en\/"},{"@type":"ListItem","position":2,"name":"La Andaina por la Ruta M\u00e1xica de Oia tendr\u00e1 lugar el s\u00e1bado 26 de mayo"}]},{"@type":"WebSite","@id":"https:\/\/www.turismoaguarda.es\/#website","url":"https:\/\/www.turismoaguarda.es\/","name":"Turismo A Guarda","description":"Informaci\u00f3n tur\u00edstica de A Guarda y alrededores.","potentialAction":[{"@type":"SearchAction","target":{"@type":"EntryPoint","urlTemplate":"https:\/\/www.turismoaguarda.es\/?s={search_term_string}"},"query-input":{"@type":"PropertyValueSpecification","valueRequired":true,"valueName":"search_term_string"}}],"inLanguage":"en-US"},{"@type":"Person","@id":"https:\/\/www.turismoaguarda.es\/#\/schema\/person\/9282bb1649316a88a88b0eca34bd959b","name":"Rosalia Verde","image":{"@type":"ImageObject","inLanguage":"en-US","@id":"https:\/\/secure.gravatar.com\/avatar\/40761cb45c6464d3a83ebde1e1f3fa222726fcacc4d5b5048a7920608c99e0e5?s=96&d=mm&r=g","url":"https:\/\/secure.gravatar.com\/avatar\/40761cb45c6464d3a83ebde1e1f3fa222726fcacc4d5b5048a7920608c99e0e5?s=96&d=mm&r=g","contentUrl":"https:\/\/secure.gravatar.com\/avatar\/40761cb45c6464d3a83ebde1e1f3fa222726fcacc4d5b5048a7920608c99e0e5?s=96&d=mm&r=g","caption":"Rosalia Verde"},"url":"https:\/\/www.turismoaguarda.es\/en\/author\/rosalia\/"}]}},"_links":{"self":[{"href":"https:\/\/www.turismoaguarda.es\/en\/wp-json\/wp\/v2\/posts\/7021","targetHints":{"allow":["GET"]}}],"collection":[{"href":"https:\/\/www.turismoaguarda.es\/en\/wp-json\/wp\/v2\/posts"}],"about":[{"href":"https:\/\/www.turismoaguarda.es\/en\/wp-json\/wp\/v2\/types\/post"}],"author":[{"embeddable":true,"href":"https:\/\/www.turismoaguarda.es\/en\/wp-json\/wp\/v2\/users\/7"}],"replies":[{"embeddable":true,"href":"https:\/\/www.turismoaguarda.es\/en\/wp-json\/wp\/v2\/comments?post=7021"}],"version-history":[{"count":0,"href":"https:\/\/www.turismoaguarda.es\/en\/wp-json\/wp\/v2\/posts\/7021\/revisions"}],"wp:attachment":[{"href":"https:\/\/www.turismoaguarda.es\/en\/wp-json\/wp\/v2\/media?parent=7021"}],"wp:term":[{"taxonomy":"category","embeddable":true,"href":"https:\/\/www.turismoaguarda.es\/en\/wp-json\/wp\/v2\/categories?post=7021"},{"taxonomy":"post_tag","embeddable":true,"href":"https:\/\/www.turismoaguarda.es\/en\/wp-json\/wp\/v2\/tags?post=7021"}],"curies":[{"name":"wp","href":"https:\/\/api.w.org\/{rel}","templated":true}]}}