{"id":6807,"date":"2018-03-29T13:41:05","date_gmt":"2018-03-29T13:41:05","guid":{"rendered":"http:\/\/www.turismoaguarda.es\/los-trajes-regionales-de-la-acampada-nacional-desfilaron-por-las-calles-de-a-guarda\/"},"modified":"2018-03-29T13:55:19","modified_gmt":"2018-03-29T13:55:19","slug":"los-trajes-regionales-de-la-acampada-nacional-desfilaron-por-las-calles-de-a-guarda","status":"publish","type":"post","link":"https:\/\/www.turismoaguarda.es\/en\/los-trajes-regionales-de-la-acampada-nacional-desfilaron-por-las-calles-de-a-guarda\/","title":{"rendered":"Los trajes regionales de la Acampada Nacional desfilaron por las calles de A Guarda"},"content":{"rendered":"<p style=\"text-align: justify;\"><strong>La 60\u00aa Acampada Nacional de la Federaci\u00f3n Espa\u00f1ola de Clubes Campistas (FECC), que este a\u00f1o tiene lugar en A Guarda, celebr\u00f3 esta ma\u00f1ana su inauguraci\u00f3n oficial con un desfile de trajes regionales por las calles guardesas.<\/strong><\/p>\n<p style=\"text-align: justify;\">El desfile comenz\u00f3 poco despu\u00e9s de las 11.00 de la Alameda y continu\u00f3 por Concepci\u00f3n Arenal para dirigirse a la Plaza del Rel\u00f3 bajo la amenaza de lluvia que casi respet\u00f3 el recorrido ya que hizo aparici\u00f3n justo al llegar a la Casa de los Alonso.<\/p>\n<p style=\"text-align: justify;\">Ni\u00f1os de A Guarda abrieron el desfile con la bandera de la Federaci\u00f3n Espa\u00f1ola de Clubes Campistas junto con el Grupo Treb\u00f3n dos Xidos que aportaron el sonido tradicional gallego y que sorprendi\u00f3 a muchos campistas.<\/p>\n<p style=\"text-align: justify;\">En el desfile<strong> participaron m\u00e1s de 100 campistas con sus trajes regionales<\/strong>, caracterizado por la variedad de colores y elementos propios del atuendo tradicional de cada unas de las Comunidades Aut\u00f3nomas participantes. Durante el desfile, vecinas, vecinos y visitantes pudieron disfrutar de una viva muestra de la riqueza patrimonial de las distintas regiones espa\u00f1olas: desde los caracter\u00edsticos lunares y volantes andaluces hasta los zocos de madera asturianos y c\u00e1ntabros, pasando por los chulapos y chulapas madrile\u00f1as y las falleras t\u00edpicamente valencianas.<\/p>\n<p style=\"text-align: justify;\">Ya en el interior de la Casa de los Alonso y lleno de campistas y vecinos de A Guarda se dio comienzo al acto de inauguraci\u00f3n de la Acampada. El <strong>Presidente del Camping Caravaning Club de Galicia, D. Juan Cividanes<\/strong>, organizador de esta acampada fue quien de comenzar el acto de inauguraci\u00f3n emocionado y agradeciendo la confianza depositada en su Club para la organizaci\u00f3n de esta acampada sin olvidarse a los compa\u00f1eros que colaboraron para el bueno funcionamiento de esta acampada.<\/p>\n<p style=\"text-align: justify;\"><strong>Do\u00f1a Montserrat Magallanes, diputada provincial<\/strong>, agradeci\u00f3 el bueno hacer del club organizador e invit\u00f3 a todos los campistas a conocer en profundidad nuestro patrimonio y gastronom\u00eda, \u00a8porque Pontevedra es piedra y agua, piedra de nuestro importante patrimonio cultural y agua de nuestros r\u00edos y del mar y tambi\u00e9n de la lluvia que permite este paisaje\u201d.<\/p>\n<p style=\"text-align: justify;\">En la intervenci\u00f3n del<strong> alcalde de A Guarda, D. Antonio Lomba<\/strong>, indic\u00f3 que los campistas disfrutan de un espacio excepcional en el Estuario del Mi\u00f1o e invit\u00f3 a los cientos de campistas a conocer en detalle nuestra villa y nuestras gentes \u00a8contamos con dos BIC lo Monte Santa Trega y su yacimiento arqueol\u00f3gico y el Castillo de Santa Cruz, lugares de gran inter\u00e9s\u00a8 y finaliz\u00f3 deseando que este encuentro sea un \u00e9xito para todos.<\/p>\n<p style=\"text-align: justify;\">Esta acampada es a nivel nacional pero tambi\u00e9n fueron invitados clubes portugueses y el <strong>Presidente de la<\/strong> <strong>Federaci\u00f3n Internacional de Clubes Campistas, D Joao Alves<\/strong>, felicit\u00f3 la organizaci\u00f3n y la villa de A Guarda por la buena acogida. Cerrando el acto intervino el <strong>Presidente de la Federaci\u00f3n Espa\u00f1ola de Clubes Campistas, D. Jos\u00e9 Vicente Clemente<\/strong>, quien elogi\u00f3 el buen trabajo realizado por el CCC Galicia \u2013 Vigo como organizadores de esta acampada.<\/p>\n<p style=\"text-align: justify;\">Despu\u00e9s de las intervenciones de las autoridades y del intercambio correspondiente de regalos se procedi\u00f3 a la <strong>inauguraci\u00f3n oficial de esta 60\u00aa Acampada Nacional<\/strong> donde todos los asistentes unieron sus manos cantando su himno siendo una muestra m\u00e1s del compa\u00f1erismo y cari\u00f1o mostraron los campistas durante la jornada.<\/p>\n<p style=\"text-align: justify;\">Aprovechando la estancia en A Guarda, la FECC celebrar\u00e1 su Asamblea General el viernes 30 de marzo, en el Centro Cultural, contando con la presencia de representantes de uno de los clubes adheridos.<\/p>\n<p style=\"text-align: justify;\">Los cerca de 690 campistas participantes en esta nueva edici\u00f3n de la Acampada Nacional de la FECC comenzar\u00e1n a despedirse de nuestra villa a partir del domingo, tras m\u00e1s de una semana disfrutando de los atractivos culturales y tur\u00edsticos de A Guarda.<\/p>\n<div id=\"gallery_1\" class=\"gallery\">\n<div class=\"row gallery__items\">\n\t\t\t\t\t<div class=\"col-sm-4 gallery__item-wrap\" data-filterid=\"\">\n\t\t\t<a href=\"https:\/\/www.turismoaguarda.es\/wp-content\/uploads\/2018\/03\/tn_1.jpg\" class=\"swipebox gallery__item\" title=\"tn_1\">\n\t\t\t\t<img decoding=\"async\" src=\"https:\/\/www.turismoaguarda.es\/wp-content\/uploads\/2018\/03\/tn_1.jpg\" alt=\"tn_1\"\/>\n\t\t\t\t<span class=\"gallery__item__info\">\n\t\t\t\t\t<span class=\"gallery__item__info__content\">\n\t\t\t\t\t\t<span class=\"gallery__item__title\">tn_1<\/span>\n\t\t\t\t\t\t\t\t\t\t<\/span>\n\t\t\t\t\t<span class=\"gallery__item__shadow\"><\/span>\n\t\t\t\t<\/span>\n\t\t\t<\/a>\n\t\t<\/div>\n\t\t\t\t\t<div class=\"col-sm-4 gallery__item-wrap\" data-filterid=\"\">\n\t\t\t<a href=\"https:\/\/www.turismoaguarda.es\/wp-content\/uploads\/2018\/03\/tn_2.jpg\" class=\"swipebox gallery__item\" title=\"tn_2\">\n\t\t\t\t<img decoding=\"async\" src=\"https:\/\/www.turismoaguarda.es\/wp-content\/uploads\/2018\/03\/tn_2.jpg\" alt=\"tn_2\"\/>\n\t\t\t\t<span class=\"gallery__item__info\">\n\t\t\t\t\t<span class=\"gallery__item__info__content\">\n\t\t\t\t\t\t<span class=\"gallery__item__title\">tn_2<\/span>\n\t\t\t\t\t\t\t\t\t\t<\/span>\n\t\t\t\t\t<span class=\"gallery__item__shadow\"><\/span>\n\t\t\t\t<\/span>\n\t\t\t<\/a>\n\t\t<\/div>\n\t\t\t\t\t<div class=\"col-sm-4 gallery__item-wrap\" data-filterid=\"\">\n\t\t\t<a href=\"https:\/\/www.turismoaguarda.es\/wp-content\/uploads\/2018\/03\/tn_3.jpg\" class=\"swipebox gallery__item\" title=\"tn_3\">\n\t\t\t\t<img decoding=\"async\" src=\"https:\/\/www.turismoaguarda.es\/wp-content\/uploads\/2018\/03\/tn_3.jpg\" alt=\"tn_3\"\/>\n\t\t\t\t<span class=\"gallery__item__info\">\n\t\t\t\t\t<span class=\"gallery__item__info__content\">\n\t\t\t\t\t\t<span class=\"gallery__item__title\">tn_3<\/span>\n\t\t\t\t\t\t\t\t\t\t<\/span>\n\t\t\t\t\t<span class=\"gallery__item__shadow\"><\/span>\n\t\t\t\t<\/span>\n\t\t\t<\/a>\n\t\t<\/div>\n\t\t\t\t\t<div class=\"col-sm-4 gallery__item-wrap\" data-filterid=\"\">\n\t\t\t<a href=\"https:\/\/www.turismoaguarda.es\/wp-content\/uploads\/2018\/03\/tn_4.jpg\" class=\"swipebox gallery__item\" title=\"tn_4\">\n\t\t\t\t<img decoding=\"async\" src=\"https:\/\/www.turismoaguarda.es\/wp-content\/uploads\/2018\/03\/tn_4.jpg\" alt=\"tn_4\"\/>\n\t\t\t\t<span class=\"gallery__item__info\">\n\t\t\t\t\t<span class=\"gallery__item__info__content\">\n\t\t\t\t\t\t<span class=\"gallery__item__title\">tn_4<\/span>\n\t\t\t\t\t\t\t\t\t\t<\/span>\n\t\t\t\t\t<span class=\"gallery__item__shadow\"><\/span>\n\t\t\t\t<\/span>\n\t\t\t<\/a>\n\t\t<\/div>\n\t\t\t\t\t<div class=\"col-sm-4 gallery__item-wrap\" data-filterid=\"\">\n\t\t\t<a href=\"https:\/\/www.turismoaguarda.es\/wp-content\/uploads\/2018\/03\/tn_5.jpg\" class=\"swipebox gallery__item\" title=\"tn_5\">\n\t\t\t\t<img decoding=\"async\" src=\"https:\/\/www.turismoaguarda.es\/wp-content\/uploads\/2018\/03\/tn_5.jpg\" alt=\"tn_5\"\/>\n\t\t\t\t<span class=\"gallery__item__info\">\n\t\t\t\t\t<span class=\"gallery__item__info__content\">\n\t\t\t\t\t\t<span class=\"gallery__item__title\">tn_5<\/span>\n\t\t\t\t\t\t\t\t\t\t<\/span>\n\t\t\t\t\t<span class=\"gallery__item__shadow\"><\/span>\n\t\t\t\t<\/span>\n\t\t\t<\/a>\n\t\t<\/div>\n\t\t\t\t\t<div class=\"col-sm-4 gallery__item-wrap\" data-filterid=\"\">\n\t\t\t<a href=\"https:\/\/www.turismoaguarda.es\/wp-content\/uploads\/2018\/03\/tn_6.jpg\" class=\"swipebox gallery__item\" title=\"tn_6\">\n\t\t\t\t<img decoding=\"async\" src=\"https:\/\/www.turismoaguarda.es\/wp-content\/uploads\/2018\/03\/tn_6.jpg\" alt=\"tn_6\"\/>\n\t\t\t\t<span class=\"gallery__item__info\">\n\t\t\t\t\t<span class=\"gallery__item__info__content\">\n\t\t\t\t\t\t<span class=\"gallery__item__title\">tn_6<\/span>\n\t\t\t\t\t\t\t\t\t\t<\/span>\n\t\t\t\t\t<span class=\"gallery__item__shadow\"><\/span>\n\t\t\t\t<\/span>\n\t\t\t<\/a>\n\t\t<\/div>\n\t\t\t\t\t<div class=\"col-sm-4 gallery__item-wrap\" data-filterid=\"\">\n\t\t\t<a href=\"https:\/\/www.turismoaguarda.es\/wp-content\/uploads\/2018\/03\/tn_7.jpg\" class=\"swipebox gallery__item\" title=\"tn_7\">\n\t\t\t\t<img decoding=\"async\" src=\"https:\/\/www.turismoaguarda.es\/wp-content\/uploads\/2018\/03\/tn_7.jpg\" alt=\"tn_7\"\/>\n\t\t\t\t<span class=\"gallery__item__info\">\n\t\t\t\t\t<span class=\"gallery__item__info__content\">\n\t\t\t\t\t\t<span class=\"gallery__item__title\">tn_7<\/span>\n\t\t\t\t\t\t\t\t\t\t<\/span>\n\t\t\t\t\t<span class=\"gallery__item__shadow\"><\/span>\n\t\t\t\t<\/span>\n\t\t\t<\/a>\n\t\t<\/div>\n\t\t\t\t\t<div class=\"col-sm-4 gallery__item-wrap\" data-filterid=\"\">\n\t\t\t<a href=\"https:\/\/www.turismoaguarda.es\/wp-content\/uploads\/2018\/03\/tn_8.jpg\" class=\"swipebox gallery__item\" title=\"tn_8\">\n\t\t\t\t<img decoding=\"async\" src=\"https:\/\/www.turismoaguarda.es\/wp-content\/uploads\/2018\/03\/tn_8.jpg\" alt=\"tn_8\"\/>\n\t\t\t\t<span class=\"gallery__item__info\">\n\t\t\t\t\t<span class=\"gallery__item__info__content\">\n\t\t\t\t\t\t<span class=\"gallery__item__title\">tn_8<\/span>\n\t\t\t\t\t\t\t\t\t\t<\/span>\n\t\t\t\t\t<span class=\"gallery__item__shadow\"><\/span>\n\t\t\t\t<\/span>\n\t\t\t<\/a>\n\t\t<\/div>\n\t\t\t\t\t<div class=\"col-sm-4 gallery__item-wrap\" data-filterid=\"\">\n\t\t\t<a href=\"https:\/\/www.turismoaguarda.es\/wp-content\/uploads\/2018\/03\/tn_11.jpg\" class=\"swipebox gallery__item\" title=\"tn_11\">\n\t\t\t\t<img decoding=\"async\" src=\"https:\/\/www.turismoaguarda.es\/wp-content\/uploads\/2018\/03\/tn_11.jpg\" alt=\"tn_11\"\/>\n\t\t\t\t<span class=\"gallery__item__info\">\n\t\t\t\t\t<span class=\"gallery__item__info__content\">\n\t\t\t\t\t\t<span class=\"gallery__item__title\">tn_11<\/span>\n\t\t\t\t\t\t\t\t\t\t<\/span>\n\t\t\t\t\t<span class=\"gallery__item__shadow\"><\/span>\n\t\t\t\t<\/span>\n\t\t\t<\/a>\n\t\t<\/div>\n\t\t\t\t\t<div class=\"col-sm-4 gallery__item-wrap\" data-filterid=\"\">\n\t\t\t<a href=\"https:\/\/www.turismoaguarda.es\/wp-content\/uploads\/2018\/03\/tn_12.jpg\" class=\"swipebox gallery__item\" title=\"tn_12\">\n\t\t\t\t<img decoding=\"async\" src=\"https:\/\/www.turismoaguarda.es\/wp-content\/uploads\/2018\/03\/tn_12.jpg\" alt=\"tn_12\"\/>\n\t\t\t\t<span class=\"gallery__item__info\">\n\t\t\t\t\t<span class=\"gallery__item__info__content\">\n\t\t\t\t\t\t<span class=\"gallery__item__title\">tn_12<\/span>\n\t\t\t\t\t\t\t\t\t\t<\/span>\n\t\t\t\t\t<span class=\"gallery__item__shadow\"><\/span>\n\t\t\t\t<\/span>\n\t\t\t<\/a>\n\t\t<\/div>\n\t<\/div>\n<\/div>\n","protected":false},"excerpt":{"rendered":"<p>La 60\u00aa Acampada Nacional de la Federaci\u00f3n Espa\u00f1ola de Clubes Campistas (FECC), que este a\u00f1o tiene lugar en A Guarda, celebr\u00f3 esta ma\u00f1ana su inauguraci\u00f3n oficial con un desfile de trajes regionales por las calles guardesas. El desfile comenz\u00f3 poco despu\u00e9s de las 11.00 de la Alameda y continu\u00f3 por Concepci\u00f3n Arenal para dirigirse a<\/p>\n<div class=\"padding-top text-center\"><a href=\"https:\/\/www.turismoaguarda.es\/en\/los-trajes-regionales-de-la-acampada-nacional-desfilaron-por-las-calles-de-a-guarda\/\" class=\"atbtn atbtn--medium atbtn--rounded atbtn--transparent\">Read more<i class=\"atbtn__icon atbtn__icon--right fa fa-long-arrow-right\"><\/i><\/a><\/div>\n","protected":false},"author":7,"featured_media":0,"comment_status":"open","ping_status":"open","sticky":false,"template":"","format":"standard","meta":{"footnotes":""},"categories":[95],"tags":[1326,1327,1328,1329,1330],"class_list":["post-6807","post","type-post","status-publish","format-standard","hentry","category-news","tag-acampada-en","tag-acampada-nacional-en","tag-campistas-en","tag-desfile-en","tag-trajes-regionales-en"],"yoast_head":"<!-- This site is optimized with the Yoast SEO plugin v27.5 - https:\/\/yoast.com\/product\/yoast-seo-wordpress\/ -->\n<title>Los trajes regionales de la Acampada Nacional desfilaron por las calles de A Guarda | Turismo A Guarda<\/title>\n<meta name=\"robots\" content=\"index, follow, max-snippet:-1, max-image-preview:large, max-video-preview:-1\" \/>\n<link rel=\"canonical\" href=\"https:\/\/www.turismoaguarda.es\/en\/los-trajes-regionales-de-la-acampada-nacional-desfilaron-por-las-calles-de-a-guarda\/\" \/>\n<meta property=\"og:locale\" content=\"en_US\" \/>\n<meta property=\"og:type\" content=\"article\" \/>\n<meta property=\"og:title\" content=\"Los trajes regionales de la Acampada Nacional desfilaron por las calles de A Guarda | Turismo A Guarda\" \/>\n<meta property=\"og:description\" content=\"La 60\u00aa Acampada Nacional de la Federaci\u00f3n Espa\u00f1ola de Clubes Campistas (FECC), que este a\u00f1o tiene lugar en A Guarda, celebr\u00f3 esta ma\u00f1ana su inauguraci\u00f3n oficial con un desfile de trajes regionales por las calles guardesas. El desfile comenz\u00f3 poco despu\u00e9s de las 11.00 de la Alameda y continu\u00f3 por Concepci\u00f3n Arenal para dirigirse aRead more\" \/>\n<meta property=\"og:url\" content=\"https:\/\/www.turismoaguarda.es\/en\/los-trajes-regionales-de-la-acampada-nacional-desfilaron-por-las-calles-de-a-guarda\/\" \/>\n<meta property=\"og:site_name\" content=\"Turismo A Guarda\" \/>\n<meta property=\"article:publisher\" content=\"https:\/\/es-es.facebook.com\/Turismo-A-Guarda-126223240790625\/\" \/>\n<meta property=\"article:published_time\" content=\"2018-03-29T13:41:05+00:00\" \/>\n<meta property=\"article:modified_time\" content=\"2018-03-29T13:55:19+00:00\" \/>\n<meta property=\"og:image\" content=\"https:\/\/www.turismoaguarda.es\/wp-content\/uploads\/2018\/03\/tn_1.jpg\" \/>\n<meta name=\"author\" content=\"Rosalia Verde\" \/>\n<meta name=\"twitter:card\" content=\"summary_large_image\" \/>\n<meta name=\"twitter:creator\" content=\"@TurismoAGuarda\" \/>\n<meta name=\"twitter:site\" content=\"@TurismoAGuarda\" \/>\n<meta name=\"twitter:label1\" content=\"Written by\" \/>\n\t<meta name=\"twitter:data1\" content=\"Rosalia Verde\" \/>\n\t<meta name=\"twitter:label2\" content=\"Est. reading time\" \/>\n\t<meta name=\"twitter:data2\" content=\"3 minutes\" \/>\n<script type=\"application\/ld+json\" class=\"yoast-schema-graph\">{\"@context\":\"https:\\\/\\\/schema.org\",\"@graph\":[{\"@type\":\"Article\",\"@id\":\"https:\\\/\\\/www.turismoaguarda.es\\\/en\\\/los-trajes-regionales-de-la-acampada-nacional-desfilaron-por-las-calles-de-a-guarda\\\/#article\",\"isPartOf\":{\"@id\":\"https:\\\/\\\/www.turismoaguarda.es\\\/en\\\/los-trajes-regionales-de-la-acampada-nacional-desfilaron-por-las-calles-de-a-guarda\\\/\"},\"author\":{\"name\":\"Rosalia Verde\",\"@id\":\"https:\\\/\\\/www.turismoaguarda.es\\\/#\\\/schema\\\/person\\\/9282bb1649316a88a88b0eca34bd959b\"},\"headline\":\"Los trajes regionales de la Acampada Nacional desfilaron por las calles de A Guarda\",\"datePublished\":\"2018-03-29T13:41:05+00:00\",\"dateModified\":\"2018-03-29T13:55:19+00:00\",\"mainEntityOfPage\":{\"@id\":\"https:\\\/\\\/www.turismoaguarda.es\\\/en\\\/los-trajes-regionales-de-la-acampada-nacional-desfilaron-por-las-calles-de-a-guarda\\\/\"},\"wordCount\":662,\"commentCount\":0,\"keywords\":[\"acampada\",\"Acampada Nacional\",\"campistas\",\"Desfile\",\"trajes regionales\"],\"articleSection\":[\"News\"],\"inLanguage\":\"en-US\",\"potentialAction\":[{\"@type\":\"CommentAction\",\"name\":\"Comment\",\"target\":[\"https:\\\/\\\/www.turismoaguarda.es\\\/en\\\/los-trajes-regionales-de-la-acampada-nacional-desfilaron-por-las-calles-de-a-guarda\\\/#respond\"]}]},{\"@type\":\"WebPage\",\"@id\":\"https:\\\/\\\/www.turismoaguarda.es\\\/en\\\/los-trajes-regionales-de-la-acampada-nacional-desfilaron-por-las-calles-de-a-guarda\\\/\",\"url\":\"https:\\\/\\\/www.turismoaguarda.es\\\/en\\\/los-trajes-regionales-de-la-acampada-nacional-desfilaron-por-las-calles-de-a-guarda\\\/\",\"name\":\"Los trajes regionales de la Acampada Nacional desfilaron por las calles de A Guarda | Turismo A Guarda\",\"isPartOf\":{\"@id\":\"https:\\\/\\\/www.turismoaguarda.es\\\/#website\"},\"datePublished\":\"2018-03-29T13:41:05+00:00\",\"dateModified\":\"2018-03-29T13:55:19+00:00\",\"author\":{\"@id\":\"https:\\\/\\\/www.turismoaguarda.es\\\/#\\\/schema\\\/person\\\/9282bb1649316a88a88b0eca34bd959b\"},\"breadcrumb\":{\"@id\":\"https:\\\/\\\/www.turismoaguarda.es\\\/en\\\/los-trajes-regionales-de-la-acampada-nacional-desfilaron-por-las-calles-de-a-guarda\\\/#breadcrumb\"},\"inLanguage\":\"en-US\",\"potentialAction\":[{\"@type\":\"ReadAction\",\"target\":[\"https:\\\/\\\/www.turismoaguarda.es\\\/en\\\/los-trajes-regionales-de-la-acampada-nacional-desfilaron-por-las-calles-de-a-guarda\\\/\"]}]},{\"@type\":\"BreadcrumbList\",\"@id\":\"https:\\\/\\\/www.turismoaguarda.es\\\/en\\\/los-trajes-regionales-de-la-acampada-nacional-desfilaron-por-las-calles-de-a-guarda\\\/#breadcrumb\",\"itemListElement\":[{\"@type\":\"ListItem\",\"position\":1,\"name\":\"Portada\",\"item\":\"https:\\\/\\\/www.turismoaguarda.es\\\/en\\\/\"},{\"@type\":\"ListItem\",\"position\":2,\"name\":\"Los trajes regionales de la Acampada Nacional desfilaron por las calles de A Guarda\"}]},{\"@type\":\"WebSite\",\"@id\":\"https:\\\/\\\/www.turismoaguarda.es\\\/#website\",\"url\":\"https:\\\/\\\/www.turismoaguarda.es\\\/\",\"name\":\"Turismo A Guarda\",\"description\":\"Informaci\u00f3n tur\u00edstica de A Guarda y alrededores.\",\"potentialAction\":[{\"@type\":\"SearchAction\",\"target\":{\"@type\":\"EntryPoint\",\"urlTemplate\":\"https:\\\/\\\/www.turismoaguarda.es\\\/?s={search_term_string}\"},\"query-input\":{\"@type\":\"PropertyValueSpecification\",\"valueRequired\":true,\"valueName\":\"search_term_string\"}}],\"inLanguage\":\"en-US\"},{\"@type\":\"Person\",\"@id\":\"https:\\\/\\\/www.turismoaguarda.es\\\/#\\\/schema\\\/person\\\/9282bb1649316a88a88b0eca34bd959b\",\"name\":\"Rosalia Verde\",\"image\":{\"@type\":\"ImageObject\",\"inLanguage\":\"en-US\",\"@id\":\"https:\\\/\\\/secure.gravatar.com\\\/avatar\\\/40761cb45c6464d3a83ebde1e1f3fa222726fcacc4d5b5048a7920608c99e0e5?s=96&d=mm&r=g\",\"url\":\"https:\\\/\\\/secure.gravatar.com\\\/avatar\\\/40761cb45c6464d3a83ebde1e1f3fa222726fcacc4d5b5048a7920608c99e0e5?s=96&d=mm&r=g\",\"contentUrl\":\"https:\\\/\\\/secure.gravatar.com\\\/avatar\\\/40761cb45c6464d3a83ebde1e1f3fa222726fcacc4d5b5048a7920608c99e0e5?s=96&d=mm&r=g\",\"caption\":\"Rosalia Verde\"},\"url\":\"https:\\\/\\\/www.turismoaguarda.es\\\/en\\\/author\\\/rosalia\\\/\"}]}<\/script>\n<!-- \/ Yoast SEO plugin. -->","yoast_head_json":{"title":"Los trajes regionales de la Acampada Nacional desfilaron por las calles de A Guarda | Turismo A Guarda","robots":{"index":"index","follow":"follow","max-snippet":"max-snippet:-1","max-image-preview":"max-image-preview:large","max-video-preview":"max-video-preview:-1"},"canonical":"https:\/\/www.turismoaguarda.es\/en\/los-trajes-regionales-de-la-acampada-nacional-desfilaron-por-las-calles-de-a-guarda\/","og_locale":"en_US","og_type":"article","og_title":"Los trajes regionales de la Acampada Nacional desfilaron por las calles de A Guarda | Turismo A Guarda","og_description":"La 60\u00aa Acampada Nacional de la Federaci\u00f3n Espa\u00f1ola de Clubes Campistas (FECC), que este a\u00f1o tiene lugar en A Guarda, celebr\u00f3 esta ma\u00f1ana su inauguraci\u00f3n oficial con un desfile de trajes regionales por las calles guardesas. El desfile comenz\u00f3 poco despu\u00e9s de las 11.00 de la Alameda y continu\u00f3 por Concepci\u00f3n Arenal para dirigirse aRead more","og_url":"https:\/\/www.turismoaguarda.es\/en\/los-trajes-regionales-de-la-acampada-nacional-desfilaron-por-las-calles-de-a-guarda\/","og_site_name":"Turismo A Guarda","article_publisher":"https:\/\/es-es.facebook.com\/Turismo-A-Guarda-126223240790625\/","article_published_time":"2018-03-29T13:41:05+00:00","article_modified_time":"2018-03-29T13:55:19+00:00","og_image":[{"url":"https:\/\/www.turismoaguarda.es\/wp-content\/uploads\/2018\/03\/tn_1.jpg","type":"","width":"","height":""}],"author":"Rosalia Verde","twitter_card":"summary_large_image","twitter_creator":"@TurismoAGuarda","twitter_site":"@TurismoAGuarda","twitter_misc":{"Written by":"Rosalia Verde","Est. reading time":"3 minutes"},"schema":{"@context":"https:\/\/schema.org","@graph":[{"@type":"Article","@id":"https:\/\/www.turismoaguarda.es\/en\/los-trajes-regionales-de-la-acampada-nacional-desfilaron-por-las-calles-de-a-guarda\/#article","isPartOf":{"@id":"https:\/\/www.turismoaguarda.es\/en\/los-trajes-regionales-de-la-acampada-nacional-desfilaron-por-las-calles-de-a-guarda\/"},"author":{"name":"Rosalia Verde","@id":"https:\/\/www.turismoaguarda.es\/#\/schema\/person\/9282bb1649316a88a88b0eca34bd959b"},"headline":"Los trajes regionales de la Acampada Nacional desfilaron por las calles de A Guarda","datePublished":"2018-03-29T13:41:05+00:00","dateModified":"2018-03-29T13:55:19+00:00","mainEntityOfPage":{"@id":"https:\/\/www.turismoaguarda.es\/en\/los-trajes-regionales-de-la-acampada-nacional-desfilaron-por-las-calles-de-a-guarda\/"},"wordCount":662,"commentCount":0,"keywords":["acampada","Acampada Nacional","campistas","Desfile","trajes regionales"],"articleSection":["News"],"inLanguage":"en-US","potentialAction":[{"@type":"CommentAction","name":"Comment","target":["https:\/\/www.turismoaguarda.es\/en\/los-trajes-regionales-de-la-acampada-nacional-desfilaron-por-las-calles-de-a-guarda\/#respond"]}]},{"@type":"WebPage","@id":"https:\/\/www.turismoaguarda.es\/en\/los-trajes-regionales-de-la-acampada-nacional-desfilaron-por-las-calles-de-a-guarda\/","url":"https:\/\/www.turismoaguarda.es\/en\/los-trajes-regionales-de-la-acampada-nacional-desfilaron-por-las-calles-de-a-guarda\/","name":"Los trajes regionales de la Acampada Nacional desfilaron por las calles de A Guarda | Turismo A Guarda","isPartOf":{"@id":"https:\/\/www.turismoaguarda.es\/#website"},"datePublished":"2018-03-29T13:41:05+00:00","dateModified":"2018-03-29T13:55:19+00:00","author":{"@id":"https:\/\/www.turismoaguarda.es\/#\/schema\/person\/9282bb1649316a88a88b0eca34bd959b"},"breadcrumb":{"@id":"https:\/\/www.turismoaguarda.es\/en\/los-trajes-regionales-de-la-acampada-nacional-desfilaron-por-las-calles-de-a-guarda\/#breadcrumb"},"inLanguage":"en-US","potentialAction":[{"@type":"ReadAction","target":["https:\/\/www.turismoaguarda.es\/en\/los-trajes-regionales-de-la-acampada-nacional-desfilaron-por-las-calles-de-a-guarda\/"]}]},{"@type":"BreadcrumbList","@id":"https:\/\/www.turismoaguarda.es\/en\/los-trajes-regionales-de-la-acampada-nacional-desfilaron-por-las-calles-de-a-guarda\/#breadcrumb","itemListElement":[{"@type":"ListItem","position":1,"name":"Portada","item":"https:\/\/www.turismoaguarda.es\/en\/"},{"@type":"ListItem","position":2,"name":"Los trajes regionales de la Acampada Nacional desfilaron por las calles de A Guarda"}]},{"@type":"WebSite","@id":"https:\/\/www.turismoaguarda.es\/#website","url":"https:\/\/www.turismoaguarda.es\/","name":"Turismo A Guarda","description":"Informaci\u00f3n tur\u00edstica de A Guarda y alrededores.","potentialAction":[{"@type":"SearchAction","target":{"@type":"EntryPoint","urlTemplate":"https:\/\/www.turismoaguarda.es\/?s={search_term_string}"},"query-input":{"@type":"PropertyValueSpecification","valueRequired":true,"valueName":"search_term_string"}}],"inLanguage":"en-US"},{"@type":"Person","@id":"https:\/\/www.turismoaguarda.es\/#\/schema\/person\/9282bb1649316a88a88b0eca34bd959b","name":"Rosalia Verde","image":{"@type":"ImageObject","inLanguage":"en-US","@id":"https:\/\/secure.gravatar.com\/avatar\/40761cb45c6464d3a83ebde1e1f3fa222726fcacc4d5b5048a7920608c99e0e5?s=96&d=mm&r=g","url":"https:\/\/secure.gravatar.com\/avatar\/40761cb45c6464d3a83ebde1e1f3fa222726fcacc4d5b5048a7920608c99e0e5?s=96&d=mm&r=g","contentUrl":"https:\/\/secure.gravatar.com\/avatar\/40761cb45c6464d3a83ebde1e1f3fa222726fcacc4d5b5048a7920608c99e0e5?s=96&d=mm&r=g","caption":"Rosalia Verde"},"url":"https:\/\/www.turismoaguarda.es\/en\/author\/rosalia\/"}]}},"_links":{"self":[{"href":"https:\/\/www.turismoaguarda.es\/en\/wp-json\/wp\/v2\/posts\/6807","targetHints":{"allow":["GET"]}}],"collection":[{"href":"https:\/\/www.turismoaguarda.es\/en\/wp-json\/wp\/v2\/posts"}],"about":[{"href":"https:\/\/www.turismoaguarda.es\/en\/wp-json\/wp\/v2\/types\/post"}],"author":[{"embeddable":true,"href":"https:\/\/www.turismoaguarda.es\/en\/wp-json\/wp\/v2\/users\/7"}],"replies":[{"embeddable":true,"href":"https:\/\/www.turismoaguarda.es\/en\/wp-json\/wp\/v2\/comments?post=6807"}],"version-history":[{"count":1,"href":"https:\/\/www.turismoaguarda.es\/en\/wp-json\/wp\/v2\/posts\/6807\/revisions"}],"predecessor-version":[{"id":6813,"href":"https:\/\/www.turismoaguarda.es\/en\/wp-json\/wp\/v2\/posts\/6807\/revisions\/6813"}],"wp:attachment":[{"href":"https:\/\/www.turismoaguarda.es\/en\/wp-json\/wp\/v2\/media?parent=6807"}],"wp:term":[{"taxonomy":"category","embeddable":true,"href":"https:\/\/www.turismoaguarda.es\/en\/wp-json\/wp\/v2\/categories?post=6807"},{"taxonomy":"post_tag","embeddable":true,"href":"https:\/\/www.turismoaguarda.es\/en\/wp-json\/wp\/v2\/tags?post=6807"}],"curies":[{"name":"wp","href":"https:\/\/api.w.org\/{rel}","templated":true}]}}