{"id":6169,"date":"2018-03-13T08:16:46","date_gmt":"2018-03-13T08:16:46","guid":{"rendered":"http:\/\/www.turismoaguarda.es\/?p=6169"},"modified":"2018-03-13T08:16:46","modified_gmt":"2018-03-13T08:16:46","slug":"horario-del-ferry-a-guarda-caminha-del-martes-13-al-domingo-18-de-marzo","status":"publish","type":"post","link":"https:\/\/www.turismoaguarda.es\/en\/horario-del-ferry-a-guarda-caminha-del-martes-13-al-domingo-18-de-marzo\/","title":{"rendered":"Horario del ferry A Guarda \u2013 Caminha del martes 13 al domingo 18 de marzo"},"content":{"rendered":"<p style=\"text-align: justify\">Esta semana las salidas del ferry se ver\u00e1n afectadas por la marea baja. Por lo tanto, se adjunta la tabla con los horarios definitivos hasta el domingo 18 de marzo con las salidas confirmadas y aquellas que sufren alguna variaci\u00f3n est\u00e1n marcadas.<\/p>\n<p style=\"text-align: justify\">Para m\u00e1s informaci\u00f3n, se recomienda llamar al despacho de billetes (Tel. 986 61 15 26) en el horario de atenci\u00f3n al p\u00fablico de 10:00 a 13:00 y de 15:00 a 20:00 horas.<\/p>\n<p><a href=\"http:\/\/www.turismoaguarda.es\/13-a-18-marzo-esp\/\"><img loading=\"lazy\" decoding=\"async\" class=\" wp-image-6167 aligncenter\" src=\"http:\/\/www.turismoaguarda.es\/wp-content\/uploads\/2018\/03\/13-a-18-marzo-ESP-300x284.png\" alt=\"\" width=\"698\" height=\"660\" srcset=\"https:\/\/www.turismoaguarda.es\/wp-content\/uploads\/2018\/03\/13-a-18-marzo-ESP-300x284.png 300w, https:\/\/www.turismoaguarda.es\/wp-content\/uploads\/2018\/03\/13-a-18-marzo-ESP-150x142.png 150w, https:\/\/www.turismoaguarda.es\/wp-content\/uploads\/2018\/03\/13-a-18-marzo-ESP-500x473.png 500w, https:\/\/www.turismoaguarda.es\/wp-content\/uploads\/2018\/03\/13-a-18-marzo-ESP.png 721w\" sizes=\"auto, (max-width: 698px) 100vw, 698px\" \/><\/a><\/p>\n","protected":false},"excerpt":{"rendered":"<p>Esta semana las salidas del ferry se ver\u00e1n afectadas por la marea baja. Por lo tanto, se adjunta la tabla con los horarios definitivos hasta el domingo 18 de marzo con las salidas confirmadas y aquellas que sufren alguna variaci\u00f3n est\u00e1n marcadas. Para m\u00e1s informaci\u00f3n, se recomienda llamar al despacho de billetes (Tel. 986 61<\/p>\n<div class=\"padding-top text-center\"><a href=\"https:\/\/www.turismoaguarda.es\/en\/horario-del-ferry-a-guarda-caminha-del-martes-13-al-domingo-18-de-marzo\/\" class=\"atbtn atbtn--medium atbtn--rounded atbtn--transparent\">Read more<i class=\"atbtn__icon atbtn__icon--right fa fa-long-arrow-right\"><\/i><\/a><\/div>\n","protected":false},"author":11,"featured_media":4687,"comment_status":"open","ping_status":"open","sticky":false,"template":"","format":"standard","meta":{"footnotes":""},"categories":[44],"tags":[169,423,422],"class_list":["post-6169","post","type-post","status-publish","format-standard","has-post-thumbnail","hentry","category-noticias-turismo","tag-a-guarda","tag-caminha","tag-ferry"],"yoast_head":"<!-- This site is optimized with the Yoast SEO plugin v27.5 - https:\/\/yoast.com\/product\/yoast-seo-wordpress\/ -->\n<title>Horario del ferry A Guarda \u2013 Caminha del martes 13 al domingo 18 de marzo | Turismo A Guarda<\/title>\n<meta name=\"robots\" content=\"index, follow, max-snippet:-1, max-image-preview:large, max-video-preview:-1\" \/>\n<link rel=\"canonical\" href=\"https:\/\/www.turismoaguarda.es\/horario-del-ferry-a-guarda-caminha-del-martes-13-al-domingo-18-de-marzo\/\" \/>\n<meta property=\"og:locale\" content=\"en_US\" \/>\n<meta property=\"og:type\" content=\"article\" \/>\n<meta property=\"og:title\" content=\"Horario del ferry A Guarda \u2013 Caminha del martes 13 al domingo 18 de marzo | Turismo A Guarda\" \/>\n<meta property=\"og:description\" content=\"Esta semana las salidas del ferry se ver\u00e1n afectadas por la marea baja. Por lo tanto, se adjunta la tabla con los horarios definitivos hasta el domingo 18 de marzo con las salidas confirmadas y aquellas que sufren alguna variaci\u00f3n est\u00e1n marcadas. Para m\u00e1s informaci\u00f3n, se recomienda llamar al despacho de billetes (Tel. 986 61Read more\" \/>\n<meta property=\"og:url\" content=\"https:\/\/www.turismoaguarda.es\/horario-del-ferry-a-guarda-caminha-del-martes-13-al-domingo-18-de-marzo\/\" \/>\n<meta property=\"og:site_name\" content=\"Turismo A Guarda\" \/>\n<meta property=\"article:publisher\" content=\"https:\/\/es-es.facebook.com\/Turismo-A-Guarda-126223240790625\/\" \/>\n<meta property=\"article:published_time\" content=\"2018-03-13T08:16:46+00:00\" \/>\n<meta property=\"og:image\" content=\"https:\/\/www.turismoaguarda.es\/wp-content\/uploads\/2017\/06\/ferry.jpg\" \/>\n\t<meta property=\"og:image:width\" content=\"640\" \/>\n\t<meta property=\"og:image:height\" content=\"480\" \/>\n\t<meta property=\"og:image:type\" content=\"image\/jpeg\" \/>\n<meta name=\"author\" content=\"Prensa A Guarda\" \/>\n<meta name=\"twitter:card\" content=\"summary_large_image\" \/>\n<meta name=\"twitter:creator\" content=\"@TurismoAGuarda\" \/>\n<meta name=\"twitter:site\" content=\"@TurismoAGuarda\" \/>\n<meta name=\"twitter:label1\" content=\"Written by\" \/>\n\t<meta name=\"twitter:data1\" content=\"Prensa A Guarda\" \/>\n<script type=\"application\/ld+json\" class=\"yoast-schema-graph\">{\"@context\":\"https:\\\/\\\/schema.org\",\"@graph\":[{\"@type\":\"Article\",\"@id\":\"https:\\\/\\\/www.turismoaguarda.es\\\/horario-del-ferry-a-guarda-caminha-del-martes-13-al-domingo-18-de-marzo\\\/#article\",\"isPartOf\":{\"@id\":\"https:\\\/\\\/www.turismoaguarda.es\\\/horario-del-ferry-a-guarda-caminha-del-martes-13-al-domingo-18-de-marzo\\\/\"},\"author\":{\"name\":\"Prensa A Guarda\",\"@id\":\"https:\\\/\\\/www.turismoaguarda.es\\\/#\\\/schema\\\/person\\\/a8b0c27ad7bcbb6c19799e934727508e\"},\"headline\":\"Horario del ferry A Guarda \u2013 Caminha del martes 13 al domingo 18 de marzo\",\"datePublished\":\"2018-03-13T08:16:46+00:00\",\"mainEntityOfPage\":{\"@id\":\"https:\\\/\\\/www.turismoaguarda.es\\\/horario-del-ferry-a-guarda-caminha-del-martes-13-al-domingo-18-de-marzo\\\/\"},\"wordCount\":84,\"commentCount\":0,\"image\":{\"@id\":\"https:\\\/\\\/www.turismoaguarda.es\\\/horario-del-ferry-a-guarda-caminha-del-martes-13-al-domingo-18-de-marzo\\\/#primaryimage\"},\"thumbnailUrl\":\"https:\\\/\\\/www.turismoaguarda.es\\\/wp-content\\\/uploads\\\/2017\\\/06\\\/ferry.jpg\",\"keywords\":[\"A Guarda\",\"Caminha\",\"ferry\"],\"articleSection\":[\"Noticias Turismo\"],\"inLanguage\":\"en-US\",\"potentialAction\":[{\"@type\":\"CommentAction\",\"name\":\"Comment\",\"target\":[\"https:\\\/\\\/www.turismoaguarda.es\\\/horario-del-ferry-a-guarda-caminha-del-martes-13-al-domingo-18-de-marzo\\\/#respond\"]}]},{\"@type\":\"WebPage\",\"@id\":\"https:\\\/\\\/www.turismoaguarda.es\\\/horario-del-ferry-a-guarda-caminha-del-martes-13-al-domingo-18-de-marzo\\\/\",\"url\":\"https:\\\/\\\/www.turismoaguarda.es\\\/horario-del-ferry-a-guarda-caminha-del-martes-13-al-domingo-18-de-marzo\\\/\",\"name\":\"Horario del ferry A Guarda \u2013 Caminha del martes 13 al domingo 18 de marzo | Turismo A Guarda\",\"isPartOf\":{\"@id\":\"https:\\\/\\\/www.turismoaguarda.es\\\/#website\"},\"primaryImageOfPage\":{\"@id\":\"https:\\\/\\\/www.turismoaguarda.es\\\/horario-del-ferry-a-guarda-caminha-del-martes-13-al-domingo-18-de-marzo\\\/#primaryimage\"},\"image\":{\"@id\":\"https:\\\/\\\/www.turismoaguarda.es\\\/horario-del-ferry-a-guarda-caminha-del-martes-13-al-domingo-18-de-marzo\\\/#primaryimage\"},\"thumbnailUrl\":\"https:\\\/\\\/www.turismoaguarda.es\\\/wp-content\\\/uploads\\\/2017\\\/06\\\/ferry.jpg\",\"datePublished\":\"2018-03-13T08:16:46+00:00\",\"author\":{\"@id\":\"https:\\\/\\\/www.turismoaguarda.es\\\/#\\\/schema\\\/person\\\/a8b0c27ad7bcbb6c19799e934727508e\"},\"breadcrumb\":{\"@id\":\"https:\\\/\\\/www.turismoaguarda.es\\\/horario-del-ferry-a-guarda-caminha-del-martes-13-al-domingo-18-de-marzo\\\/#breadcrumb\"},\"inLanguage\":\"en-US\",\"potentialAction\":[{\"@type\":\"ReadAction\",\"target\":[\"https:\\\/\\\/www.turismoaguarda.es\\\/horario-del-ferry-a-guarda-caminha-del-martes-13-al-domingo-18-de-marzo\\\/\"]}]},{\"@type\":\"ImageObject\",\"inLanguage\":\"en-US\",\"@id\":\"https:\\\/\\\/www.turismoaguarda.es\\\/horario-del-ferry-a-guarda-caminha-del-martes-13-al-domingo-18-de-marzo\\\/#primaryimage\",\"url\":\"https:\\\/\\\/www.turismoaguarda.es\\\/wp-content\\\/uploads\\\/2017\\\/06\\\/ferry.jpg\",\"contentUrl\":\"https:\\\/\\\/www.turismoaguarda.es\\\/wp-content\\\/uploads\\\/2017\\\/06\\\/ferry.jpg\",\"width\":640,\"height\":480},{\"@type\":\"BreadcrumbList\",\"@id\":\"https:\\\/\\\/www.turismoaguarda.es\\\/horario-del-ferry-a-guarda-caminha-del-martes-13-al-domingo-18-de-marzo\\\/#breadcrumb\",\"itemListElement\":[{\"@type\":\"ListItem\",\"position\":1,\"name\":\"Portada\",\"item\":\"https:\\\/\\\/www.turismoaguarda.es\\\/en\\\/\"},{\"@type\":\"ListItem\",\"position\":2,\"name\":\"Horario del ferry A Guarda \u2013 Caminha del martes 13 al domingo 18 de marzo\"}]},{\"@type\":\"WebSite\",\"@id\":\"https:\\\/\\\/www.turismoaguarda.es\\\/#website\",\"url\":\"https:\\\/\\\/www.turismoaguarda.es\\\/\",\"name\":\"Turismo A Guarda\",\"description\":\"Informaci\u00f3n tur\u00edstica de A Guarda y alrededores.\",\"potentialAction\":[{\"@type\":\"SearchAction\",\"target\":{\"@type\":\"EntryPoint\",\"urlTemplate\":\"https:\\\/\\\/www.turismoaguarda.es\\\/?s={search_term_string}\"},\"query-input\":{\"@type\":\"PropertyValueSpecification\",\"valueRequired\":true,\"valueName\":\"search_term_string\"}}],\"inLanguage\":\"en-US\"},{\"@type\":\"Person\",\"@id\":\"https:\\\/\\\/www.turismoaguarda.es\\\/#\\\/schema\\\/person\\\/a8b0c27ad7bcbb6c19799e934727508e\",\"name\":\"Prensa A Guarda\",\"image\":{\"@type\":\"ImageObject\",\"inLanguage\":\"en-US\",\"@id\":\"https:\\\/\\\/secure.gravatar.com\\\/avatar\\\/387e117f874ba5d0a3439060b45d914395d77287b2e4890a49d1599fc3ef9189?s=96&d=mm&r=g\",\"url\":\"https:\\\/\\\/secure.gravatar.com\\\/avatar\\\/387e117f874ba5d0a3439060b45d914395d77287b2e4890a49d1599fc3ef9189?s=96&d=mm&r=g\",\"contentUrl\":\"https:\\\/\\\/secure.gravatar.com\\\/avatar\\\/387e117f874ba5d0a3439060b45d914395d77287b2e4890a49d1599fc3ef9189?s=96&d=mm&r=g\",\"caption\":\"Prensa A Guarda\"},\"url\":\"https:\\\/\\\/www.turismoaguarda.es\\\/en\\\/author\\\/prensa\\\/\"}]}<\/script>\n<!-- \/ Yoast SEO plugin. -->","yoast_head_json":{"title":"Horario del ferry A Guarda \u2013 Caminha del martes 13 al domingo 18 de marzo | Turismo A Guarda","robots":{"index":"index","follow":"follow","max-snippet":"max-snippet:-1","max-image-preview":"max-image-preview:large","max-video-preview":"max-video-preview:-1"},"canonical":"https:\/\/www.turismoaguarda.es\/horario-del-ferry-a-guarda-caminha-del-martes-13-al-domingo-18-de-marzo\/","og_locale":"en_US","og_type":"article","og_title":"Horario del ferry A Guarda \u2013 Caminha del martes 13 al domingo 18 de marzo | Turismo A Guarda","og_description":"Esta semana las salidas del ferry se ver\u00e1n afectadas por la marea baja. Por lo tanto, se adjunta la tabla con los horarios definitivos hasta el domingo 18 de marzo con las salidas confirmadas y aquellas que sufren alguna variaci\u00f3n est\u00e1n marcadas. Para m\u00e1s informaci\u00f3n, se recomienda llamar al despacho de billetes (Tel. 986 61Read more","og_url":"https:\/\/www.turismoaguarda.es\/horario-del-ferry-a-guarda-caminha-del-martes-13-al-domingo-18-de-marzo\/","og_site_name":"Turismo A Guarda","article_publisher":"https:\/\/es-es.facebook.com\/Turismo-A-Guarda-126223240790625\/","article_published_time":"2018-03-13T08:16:46+00:00","og_image":[{"width":640,"height":480,"url":"https:\/\/www.turismoaguarda.es\/wp-content\/uploads\/2017\/06\/ferry.jpg","type":"image\/jpeg"}],"author":"Prensa A Guarda","twitter_card":"summary_large_image","twitter_creator":"@TurismoAGuarda","twitter_site":"@TurismoAGuarda","twitter_misc":{"Written by":"Prensa A Guarda"},"schema":{"@context":"https:\/\/schema.org","@graph":[{"@type":"Article","@id":"https:\/\/www.turismoaguarda.es\/horario-del-ferry-a-guarda-caminha-del-martes-13-al-domingo-18-de-marzo\/#article","isPartOf":{"@id":"https:\/\/www.turismoaguarda.es\/horario-del-ferry-a-guarda-caminha-del-martes-13-al-domingo-18-de-marzo\/"},"author":{"name":"Prensa A Guarda","@id":"https:\/\/www.turismoaguarda.es\/#\/schema\/person\/a8b0c27ad7bcbb6c19799e934727508e"},"headline":"Horario del ferry A Guarda \u2013 Caminha del martes 13 al domingo 18 de marzo","datePublished":"2018-03-13T08:16:46+00:00","mainEntityOfPage":{"@id":"https:\/\/www.turismoaguarda.es\/horario-del-ferry-a-guarda-caminha-del-martes-13-al-domingo-18-de-marzo\/"},"wordCount":84,"commentCount":0,"image":{"@id":"https:\/\/www.turismoaguarda.es\/horario-del-ferry-a-guarda-caminha-del-martes-13-al-domingo-18-de-marzo\/#primaryimage"},"thumbnailUrl":"https:\/\/www.turismoaguarda.es\/wp-content\/uploads\/2017\/06\/ferry.jpg","keywords":["A Guarda","Caminha","ferry"],"articleSection":["Noticias Turismo"],"inLanguage":"en-US","potentialAction":[{"@type":"CommentAction","name":"Comment","target":["https:\/\/www.turismoaguarda.es\/horario-del-ferry-a-guarda-caminha-del-martes-13-al-domingo-18-de-marzo\/#respond"]}]},{"@type":"WebPage","@id":"https:\/\/www.turismoaguarda.es\/horario-del-ferry-a-guarda-caminha-del-martes-13-al-domingo-18-de-marzo\/","url":"https:\/\/www.turismoaguarda.es\/horario-del-ferry-a-guarda-caminha-del-martes-13-al-domingo-18-de-marzo\/","name":"Horario del ferry A Guarda \u2013 Caminha del martes 13 al domingo 18 de marzo | Turismo A Guarda","isPartOf":{"@id":"https:\/\/www.turismoaguarda.es\/#website"},"primaryImageOfPage":{"@id":"https:\/\/www.turismoaguarda.es\/horario-del-ferry-a-guarda-caminha-del-martes-13-al-domingo-18-de-marzo\/#primaryimage"},"image":{"@id":"https:\/\/www.turismoaguarda.es\/horario-del-ferry-a-guarda-caminha-del-martes-13-al-domingo-18-de-marzo\/#primaryimage"},"thumbnailUrl":"https:\/\/www.turismoaguarda.es\/wp-content\/uploads\/2017\/06\/ferry.jpg","datePublished":"2018-03-13T08:16:46+00:00","author":{"@id":"https:\/\/www.turismoaguarda.es\/#\/schema\/person\/a8b0c27ad7bcbb6c19799e934727508e"},"breadcrumb":{"@id":"https:\/\/www.turismoaguarda.es\/horario-del-ferry-a-guarda-caminha-del-martes-13-al-domingo-18-de-marzo\/#breadcrumb"},"inLanguage":"en-US","potentialAction":[{"@type":"ReadAction","target":["https:\/\/www.turismoaguarda.es\/horario-del-ferry-a-guarda-caminha-del-martes-13-al-domingo-18-de-marzo\/"]}]},{"@type":"ImageObject","inLanguage":"en-US","@id":"https:\/\/www.turismoaguarda.es\/horario-del-ferry-a-guarda-caminha-del-martes-13-al-domingo-18-de-marzo\/#primaryimage","url":"https:\/\/www.turismoaguarda.es\/wp-content\/uploads\/2017\/06\/ferry.jpg","contentUrl":"https:\/\/www.turismoaguarda.es\/wp-content\/uploads\/2017\/06\/ferry.jpg","width":640,"height":480},{"@type":"BreadcrumbList","@id":"https:\/\/www.turismoaguarda.es\/horario-del-ferry-a-guarda-caminha-del-martes-13-al-domingo-18-de-marzo\/#breadcrumb","itemListElement":[{"@type":"ListItem","position":1,"name":"Portada","item":"https:\/\/www.turismoaguarda.es\/en\/"},{"@type":"ListItem","position":2,"name":"Horario del ferry A Guarda \u2013 Caminha del martes 13 al domingo 18 de marzo"}]},{"@type":"WebSite","@id":"https:\/\/www.turismoaguarda.es\/#website","url":"https:\/\/www.turismoaguarda.es\/","name":"Turismo A Guarda","description":"Informaci\u00f3n tur\u00edstica de A Guarda y alrededores.","potentialAction":[{"@type":"SearchAction","target":{"@type":"EntryPoint","urlTemplate":"https:\/\/www.turismoaguarda.es\/?s={search_term_string}"},"query-input":{"@type":"PropertyValueSpecification","valueRequired":true,"valueName":"search_term_string"}}],"inLanguage":"en-US"},{"@type":"Person","@id":"https:\/\/www.turismoaguarda.es\/#\/schema\/person\/a8b0c27ad7bcbb6c19799e934727508e","name":"Prensa A Guarda","image":{"@type":"ImageObject","inLanguage":"en-US","@id":"https:\/\/secure.gravatar.com\/avatar\/387e117f874ba5d0a3439060b45d914395d77287b2e4890a49d1599fc3ef9189?s=96&d=mm&r=g","url":"https:\/\/secure.gravatar.com\/avatar\/387e117f874ba5d0a3439060b45d914395d77287b2e4890a49d1599fc3ef9189?s=96&d=mm&r=g","contentUrl":"https:\/\/secure.gravatar.com\/avatar\/387e117f874ba5d0a3439060b45d914395d77287b2e4890a49d1599fc3ef9189?s=96&d=mm&r=g","caption":"Prensa A Guarda"},"url":"https:\/\/www.turismoaguarda.es\/en\/author\/prensa\/"}]}},"_links":{"self":[{"href":"https:\/\/www.turismoaguarda.es\/en\/wp-json\/wp\/v2\/posts\/6169","targetHints":{"allow":["GET"]}}],"collection":[{"href":"https:\/\/www.turismoaguarda.es\/en\/wp-json\/wp\/v2\/posts"}],"about":[{"href":"https:\/\/www.turismoaguarda.es\/en\/wp-json\/wp\/v2\/types\/post"}],"author":[{"embeddable":true,"href":"https:\/\/www.turismoaguarda.es\/en\/wp-json\/wp\/v2\/users\/11"}],"replies":[{"embeddable":true,"href":"https:\/\/www.turismoaguarda.es\/en\/wp-json\/wp\/v2\/comments?post=6169"}],"version-history":[{"count":2,"href":"https:\/\/www.turismoaguarda.es\/en\/wp-json\/wp\/v2\/posts\/6169\/revisions"}],"predecessor-version":[{"id":7461,"href":"https:\/\/www.turismoaguarda.es\/en\/wp-json\/wp\/v2\/posts\/6169\/revisions\/7461"}],"wp:featuredmedia":[{"embeddable":true,"href":"https:\/\/www.turismoaguarda.es\/en\/wp-json\/wp\/v2\/media\/4687"}],"wp:attachment":[{"href":"https:\/\/www.turismoaguarda.es\/en\/wp-json\/wp\/v2\/media?parent=6169"}],"wp:term":[{"taxonomy":"category","embeddable":true,"href":"https:\/\/www.turismoaguarda.es\/en\/wp-json\/wp\/v2\/categories?post=6169"},{"taxonomy":"post_tag","embeddable":true,"href":"https:\/\/www.turismoaguarda.es\/en\/wp-json\/wp\/v2\/tags?post=6169"}],"curies":[{"name":"wp","href":"https:\/\/api.w.org\/{rel}","templated":true}]}}