{"id":6163,"date":"2018-03-08T10:49:27","date_gmt":"2018-03-08T10:49:27","guid":{"rendered":"http:\/\/www.turismoaguarda.es\/la-ruta-maxica-oia-organizada-ayuntamiento-guarda-se-aplaza-sabado-17-marzo\/"},"modified":"2018-03-08T10:49:27","modified_gmt":"2018-03-08T10:49:27","slug":"la-ruta-maxica-oia-organizada-ayuntamiento-guarda-se-aplaza-sabado-17-marzo","status":"publish","type":"post","link":"https:\/\/www.turismoaguarda.es\/en\/la-ruta-maxica-oia-organizada-ayuntamiento-guarda-se-aplaza-sabado-17-marzo\/","title":{"rendered":"La Ruta M\u00e1xica de Oia organizada por el Ayuntamiento de A Guarda se aplaza para el s\u00e1bado 17 de marzo"},"content":{"rendered":"<p><span style=\"font-family: Trebuchet\\ MS, sans-serif;\"><span style=\"font-size: medium;\">Debido a las malas previsiones meteorol\u00f3gicas el Ayuntamiento de A Guarda y el Municipio de Caminha acordaron aplazar la <i>andaina<\/i><i> <\/i>organizada de este s\u00e1bado para el s\u00e1bado 17 de marzo. <\/span><\/span><\/p>\n<p><span style=\"font-family: Trebuchet\\ MS, sans-serif;\"><span style=\"font-size: medium;\">Esta ruta estar\u00e1 guiada por la Asociaci\u00f3n Costa de Castros. La Ruta M\u00e1xica de Oia recorre unos 18km de la Sierra de A Groba pasando por las parroquias costeras de este ayuntamiento. <\/span><\/span><\/p>\n<p><span style=\"font-family: Trebuchet\\ MS, sans-serif;\"><span style=\"font-size: medium;\">La ruta se\u00f1alizada comenzar\u00e1 en el mirador de A Pedreira donde se encuentran petroglifos y continuar\u00e1 conociendo otros grabados rupestres hasta llegar al r\u00edo Broi y al espacio natural de las Sobreiras del Faro, el bosque mediterr\u00e1neo m\u00e1s occidental. Despu\u00e9s se ascender\u00e1 hasta el Castro del Cano do Moros y las Pozas de Mougas donde se realizar\u00e1 la comida. En esta \u00faltima parte del recorrido se descender\u00e1 hasta el Castro de Cabezi\u00f1a. La ruta finalizar\u00e1 en la carretera PO552 donde se encuentra el Camping O Mu\u00ed\u00f1o. <\/span><\/span><\/p>\n","protected":false},"excerpt":{"rendered":"<p>Debido a las malas previsiones meteorol\u00f3gicas el Ayuntamiento de A Guarda y el Municipio de Caminha acordaron aplazar la andaina organizada de este s\u00e1bado para el s\u00e1bado 17 de marzo. Esta ruta estar\u00e1 guiada por la Asociaci\u00f3n Costa de Castros. La Ruta M\u00e1xica de Oia recorre unos 18km de la Sierra de A Groba pasando<\/p>\n<div class=\"padding-top text-center\"><a href=\"https:\/\/www.turismoaguarda.es\/en\/la-ruta-maxica-oia-organizada-ayuntamiento-guarda-se-aplaza-sabado-17-marzo\/\" class=\"atbtn atbtn--medium atbtn--rounded atbtn--transparent\">Read more<i class=\"atbtn__icon atbtn__icon--right fa fa-long-arrow-right\"><\/i><\/a><\/div>\n","protected":false},"author":7,"featured_media":0,"comment_status":"open","ping_status":"open","sticky":false,"template":"","format":"standard","meta":{"footnotes":""},"categories":[95],"tags":[1243,425,919,777],"class_list":["post-6163","post","type-post","status-publish","format-standard","hentry","category-news","tag-andaina-en","tag-caminha-en","tag-ruta-en","tag-senderismo-en"],"yoast_head":"<!-- This site is optimized with the Yoast SEO plugin v27.5 - https:\/\/yoast.com\/product\/yoast-seo-wordpress\/ -->\n<title>La Ruta M\u00e1xica de Oia organizada por el Ayuntamiento de A Guarda se aplaza para el s\u00e1bado 17 de marzo | Turismo A Guarda<\/title>\n<meta name=\"robots\" content=\"index, follow, max-snippet:-1, max-image-preview:large, max-video-preview:-1\" \/>\n<link rel=\"canonical\" href=\"https:\/\/www.turismoaguarda.es\/en\/la-ruta-maxica-oia-organizada-ayuntamiento-guarda-se-aplaza-sabado-17-marzo\/\" \/>\n<meta property=\"og:locale\" content=\"en_US\" \/>\n<meta property=\"og:type\" content=\"article\" \/>\n<meta property=\"og:title\" content=\"La Ruta M\u00e1xica de Oia organizada por el Ayuntamiento de A Guarda se aplaza para el s\u00e1bado 17 de marzo | Turismo A Guarda\" \/>\n<meta property=\"og:description\" content=\"Debido a las malas previsiones meteorol\u00f3gicas el Ayuntamiento de A Guarda y el Municipio de Caminha acordaron aplazar la andaina organizada de este s\u00e1bado para el s\u00e1bado 17 de marzo. Esta ruta estar\u00e1 guiada por la Asociaci\u00f3n Costa de Castros. La Ruta M\u00e1xica de Oia recorre unos 18km de la Sierra de A Groba pasandoRead more\" \/>\n<meta property=\"og:url\" content=\"https:\/\/www.turismoaguarda.es\/en\/la-ruta-maxica-oia-organizada-ayuntamiento-guarda-se-aplaza-sabado-17-marzo\/\" \/>\n<meta property=\"og:site_name\" content=\"Turismo A Guarda\" \/>\n<meta property=\"article:publisher\" content=\"https:\/\/es-es.facebook.com\/Turismo-A-Guarda-126223240790625\/\" \/>\n<meta property=\"article:published_time\" content=\"2018-03-08T10:49:27+00:00\" \/>\n<meta name=\"author\" content=\"Rosalia Verde\" \/>\n<meta name=\"twitter:card\" content=\"summary_large_image\" \/>\n<meta name=\"twitter:creator\" content=\"@TurismoAGuarda\" \/>\n<meta name=\"twitter:site\" content=\"@TurismoAGuarda\" \/>\n<meta name=\"twitter:label1\" content=\"Written by\" \/>\n\t<meta name=\"twitter:data1\" content=\"Rosalia Verde\" \/>\n\t<meta name=\"twitter:label2\" content=\"Est. reading time\" \/>\n\t<meta name=\"twitter:data2\" content=\"1 minute\" \/>\n<script type=\"application\/ld+json\" class=\"yoast-schema-graph\">{\"@context\":\"https:\\\/\\\/schema.org\",\"@graph\":[{\"@type\":\"Article\",\"@id\":\"https:\\\/\\\/www.turismoaguarda.es\\\/en\\\/la-ruta-maxica-oia-organizada-ayuntamiento-guarda-se-aplaza-sabado-17-marzo\\\/#article\",\"isPartOf\":{\"@id\":\"https:\\\/\\\/www.turismoaguarda.es\\\/en\\\/la-ruta-maxica-oia-organizada-ayuntamiento-guarda-se-aplaza-sabado-17-marzo\\\/\"},\"author\":{\"name\":\"Rosalia Verde\",\"@id\":\"https:\\\/\\\/www.turismoaguarda.es\\\/#\\\/schema\\\/person\\\/9282bb1649316a88a88b0eca34bd959b\"},\"headline\":\"La Ruta M\u00e1xica de Oia organizada por el Ayuntamiento de A Guarda se aplaza para el s\u00e1bado 17 de marzo\",\"datePublished\":\"2018-03-08T10:49:27+00:00\",\"mainEntityOfPage\":{\"@id\":\"https:\\\/\\\/www.turismoaguarda.es\\\/en\\\/la-ruta-maxica-oia-organizada-ayuntamiento-guarda-se-aplaza-sabado-17-marzo\\\/\"},\"wordCount\":180,\"commentCount\":0,\"keywords\":[\"Andaina\",\"Caminha\",\"ruta\",\"senderismo\"],\"articleSection\":[\"News\"],\"inLanguage\":\"en-US\",\"potentialAction\":[{\"@type\":\"CommentAction\",\"name\":\"Comment\",\"target\":[\"https:\\\/\\\/www.turismoaguarda.es\\\/en\\\/la-ruta-maxica-oia-organizada-ayuntamiento-guarda-se-aplaza-sabado-17-marzo\\\/#respond\"]}]},{\"@type\":\"WebPage\",\"@id\":\"https:\\\/\\\/www.turismoaguarda.es\\\/en\\\/la-ruta-maxica-oia-organizada-ayuntamiento-guarda-se-aplaza-sabado-17-marzo\\\/\",\"url\":\"https:\\\/\\\/www.turismoaguarda.es\\\/en\\\/la-ruta-maxica-oia-organizada-ayuntamiento-guarda-se-aplaza-sabado-17-marzo\\\/\",\"name\":\"La Ruta M\u00e1xica de Oia organizada por el Ayuntamiento de A Guarda se aplaza para el s\u00e1bado 17 de marzo | Turismo A Guarda\",\"isPartOf\":{\"@id\":\"https:\\\/\\\/www.turismoaguarda.es\\\/#website\"},\"datePublished\":\"2018-03-08T10:49:27+00:00\",\"author\":{\"@id\":\"https:\\\/\\\/www.turismoaguarda.es\\\/#\\\/schema\\\/person\\\/9282bb1649316a88a88b0eca34bd959b\"},\"breadcrumb\":{\"@id\":\"https:\\\/\\\/www.turismoaguarda.es\\\/en\\\/la-ruta-maxica-oia-organizada-ayuntamiento-guarda-se-aplaza-sabado-17-marzo\\\/#breadcrumb\"},\"inLanguage\":\"en-US\",\"potentialAction\":[{\"@type\":\"ReadAction\",\"target\":[\"https:\\\/\\\/www.turismoaguarda.es\\\/en\\\/la-ruta-maxica-oia-organizada-ayuntamiento-guarda-se-aplaza-sabado-17-marzo\\\/\"]}]},{\"@type\":\"BreadcrumbList\",\"@id\":\"https:\\\/\\\/www.turismoaguarda.es\\\/en\\\/la-ruta-maxica-oia-organizada-ayuntamiento-guarda-se-aplaza-sabado-17-marzo\\\/#breadcrumb\",\"itemListElement\":[{\"@type\":\"ListItem\",\"position\":1,\"name\":\"Portada\",\"item\":\"https:\\\/\\\/www.turismoaguarda.es\\\/en\\\/\"},{\"@type\":\"ListItem\",\"position\":2,\"name\":\"La Ruta M\u00e1xica de Oia organizada por el Ayuntamiento de A Guarda se aplaza para el s\u00e1bado 17 de marzo\"}]},{\"@type\":\"WebSite\",\"@id\":\"https:\\\/\\\/www.turismoaguarda.es\\\/#website\",\"url\":\"https:\\\/\\\/www.turismoaguarda.es\\\/\",\"name\":\"Turismo A Guarda\",\"description\":\"Informaci\u00f3n tur\u00edstica de A Guarda y alrededores.\",\"potentialAction\":[{\"@type\":\"SearchAction\",\"target\":{\"@type\":\"EntryPoint\",\"urlTemplate\":\"https:\\\/\\\/www.turismoaguarda.es\\\/?s={search_term_string}\"},\"query-input\":{\"@type\":\"PropertyValueSpecification\",\"valueRequired\":true,\"valueName\":\"search_term_string\"}}],\"inLanguage\":\"en-US\"},{\"@type\":\"Person\",\"@id\":\"https:\\\/\\\/www.turismoaguarda.es\\\/#\\\/schema\\\/person\\\/9282bb1649316a88a88b0eca34bd959b\",\"name\":\"Rosalia Verde\",\"image\":{\"@type\":\"ImageObject\",\"inLanguage\":\"en-US\",\"@id\":\"https:\\\/\\\/secure.gravatar.com\\\/avatar\\\/40761cb45c6464d3a83ebde1e1f3fa222726fcacc4d5b5048a7920608c99e0e5?s=96&d=mm&r=g\",\"url\":\"https:\\\/\\\/secure.gravatar.com\\\/avatar\\\/40761cb45c6464d3a83ebde1e1f3fa222726fcacc4d5b5048a7920608c99e0e5?s=96&d=mm&r=g\",\"contentUrl\":\"https:\\\/\\\/secure.gravatar.com\\\/avatar\\\/40761cb45c6464d3a83ebde1e1f3fa222726fcacc4d5b5048a7920608c99e0e5?s=96&d=mm&r=g\",\"caption\":\"Rosalia Verde\"},\"url\":\"https:\\\/\\\/www.turismoaguarda.es\\\/en\\\/author\\\/rosalia\\\/\"}]}<\/script>\n<!-- \/ Yoast SEO plugin. -->","yoast_head_json":{"title":"La Ruta M\u00e1xica de Oia organizada por el Ayuntamiento de A Guarda se aplaza para el s\u00e1bado 17 de marzo | Turismo A Guarda","robots":{"index":"index","follow":"follow","max-snippet":"max-snippet:-1","max-image-preview":"max-image-preview:large","max-video-preview":"max-video-preview:-1"},"canonical":"https:\/\/www.turismoaguarda.es\/en\/la-ruta-maxica-oia-organizada-ayuntamiento-guarda-se-aplaza-sabado-17-marzo\/","og_locale":"en_US","og_type":"article","og_title":"La Ruta M\u00e1xica de Oia organizada por el Ayuntamiento de A Guarda se aplaza para el s\u00e1bado 17 de marzo | Turismo A Guarda","og_description":"Debido a las malas previsiones meteorol\u00f3gicas el Ayuntamiento de A Guarda y el Municipio de Caminha acordaron aplazar la andaina organizada de este s\u00e1bado para el s\u00e1bado 17 de marzo. Esta ruta estar\u00e1 guiada por la Asociaci\u00f3n Costa de Castros. La Ruta M\u00e1xica de Oia recorre unos 18km de la Sierra de A Groba pasandoRead more","og_url":"https:\/\/www.turismoaguarda.es\/en\/la-ruta-maxica-oia-organizada-ayuntamiento-guarda-se-aplaza-sabado-17-marzo\/","og_site_name":"Turismo A Guarda","article_publisher":"https:\/\/es-es.facebook.com\/Turismo-A-Guarda-126223240790625\/","article_published_time":"2018-03-08T10:49:27+00:00","author":"Rosalia Verde","twitter_card":"summary_large_image","twitter_creator":"@TurismoAGuarda","twitter_site":"@TurismoAGuarda","twitter_misc":{"Written by":"Rosalia Verde","Est. reading time":"1 minute"},"schema":{"@context":"https:\/\/schema.org","@graph":[{"@type":"Article","@id":"https:\/\/www.turismoaguarda.es\/en\/la-ruta-maxica-oia-organizada-ayuntamiento-guarda-se-aplaza-sabado-17-marzo\/#article","isPartOf":{"@id":"https:\/\/www.turismoaguarda.es\/en\/la-ruta-maxica-oia-organizada-ayuntamiento-guarda-se-aplaza-sabado-17-marzo\/"},"author":{"name":"Rosalia Verde","@id":"https:\/\/www.turismoaguarda.es\/#\/schema\/person\/9282bb1649316a88a88b0eca34bd959b"},"headline":"La Ruta M\u00e1xica de Oia organizada por el Ayuntamiento de A Guarda se aplaza para el s\u00e1bado 17 de marzo","datePublished":"2018-03-08T10:49:27+00:00","mainEntityOfPage":{"@id":"https:\/\/www.turismoaguarda.es\/en\/la-ruta-maxica-oia-organizada-ayuntamiento-guarda-se-aplaza-sabado-17-marzo\/"},"wordCount":180,"commentCount":0,"keywords":["Andaina","Caminha","ruta","senderismo"],"articleSection":["News"],"inLanguage":"en-US","potentialAction":[{"@type":"CommentAction","name":"Comment","target":["https:\/\/www.turismoaguarda.es\/en\/la-ruta-maxica-oia-organizada-ayuntamiento-guarda-se-aplaza-sabado-17-marzo\/#respond"]}]},{"@type":"WebPage","@id":"https:\/\/www.turismoaguarda.es\/en\/la-ruta-maxica-oia-organizada-ayuntamiento-guarda-se-aplaza-sabado-17-marzo\/","url":"https:\/\/www.turismoaguarda.es\/en\/la-ruta-maxica-oia-organizada-ayuntamiento-guarda-se-aplaza-sabado-17-marzo\/","name":"La Ruta M\u00e1xica de Oia organizada por el Ayuntamiento de A Guarda se aplaza para el s\u00e1bado 17 de marzo | Turismo A Guarda","isPartOf":{"@id":"https:\/\/www.turismoaguarda.es\/#website"},"datePublished":"2018-03-08T10:49:27+00:00","author":{"@id":"https:\/\/www.turismoaguarda.es\/#\/schema\/person\/9282bb1649316a88a88b0eca34bd959b"},"breadcrumb":{"@id":"https:\/\/www.turismoaguarda.es\/en\/la-ruta-maxica-oia-organizada-ayuntamiento-guarda-se-aplaza-sabado-17-marzo\/#breadcrumb"},"inLanguage":"en-US","potentialAction":[{"@type":"ReadAction","target":["https:\/\/www.turismoaguarda.es\/en\/la-ruta-maxica-oia-organizada-ayuntamiento-guarda-se-aplaza-sabado-17-marzo\/"]}]},{"@type":"BreadcrumbList","@id":"https:\/\/www.turismoaguarda.es\/en\/la-ruta-maxica-oia-organizada-ayuntamiento-guarda-se-aplaza-sabado-17-marzo\/#breadcrumb","itemListElement":[{"@type":"ListItem","position":1,"name":"Portada","item":"https:\/\/www.turismoaguarda.es\/en\/"},{"@type":"ListItem","position":2,"name":"La Ruta M\u00e1xica de Oia organizada por el Ayuntamiento de A Guarda se aplaza para el s\u00e1bado 17 de marzo"}]},{"@type":"WebSite","@id":"https:\/\/www.turismoaguarda.es\/#website","url":"https:\/\/www.turismoaguarda.es\/","name":"Turismo A Guarda","description":"Informaci\u00f3n tur\u00edstica de A Guarda y alrededores.","potentialAction":[{"@type":"SearchAction","target":{"@type":"EntryPoint","urlTemplate":"https:\/\/www.turismoaguarda.es\/?s={search_term_string}"},"query-input":{"@type":"PropertyValueSpecification","valueRequired":true,"valueName":"search_term_string"}}],"inLanguage":"en-US"},{"@type":"Person","@id":"https:\/\/www.turismoaguarda.es\/#\/schema\/person\/9282bb1649316a88a88b0eca34bd959b","name":"Rosalia Verde","image":{"@type":"ImageObject","inLanguage":"en-US","@id":"https:\/\/secure.gravatar.com\/avatar\/40761cb45c6464d3a83ebde1e1f3fa222726fcacc4d5b5048a7920608c99e0e5?s=96&d=mm&r=g","url":"https:\/\/secure.gravatar.com\/avatar\/40761cb45c6464d3a83ebde1e1f3fa222726fcacc4d5b5048a7920608c99e0e5?s=96&d=mm&r=g","contentUrl":"https:\/\/secure.gravatar.com\/avatar\/40761cb45c6464d3a83ebde1e1f3fa222726fcacc4d5b5048a7920608c99e0e5?s=96&d=mm&r=g","caption":"Rosalia Verde"},"url":"https:\/\/www.turismoaguarda.es\/en\/author\/rosalia\/"}]}},"_links":{"self":[{"href":"https:\/\/www.turismoaguarda.es\/en\/wp-json\/wp\/v2\/posts\/6163","targetHints":{"allow":["GET"]}}],"collection":[{"href":"https:\/\/www.turismoaguarda.es\/en\/wp-json\/wp\/v2\/posts"}],"about":[{"href":"https:\/\/www.turismoaguarda.es\/en\/wp-json\/wp\/v2\/types\/post"}],"author":[{"embeddable":true,"href":"https:\/\/www.turismoaguarda.es\/en\/wp-json\/wp\/v2\/users\/7"}],"replies":[{"embeddable":true,"href":"https:\/\/www.turismoaguarda.es\/en\/wp-json\/wp\/v2\/comments?post=6163"}],"version-history":[{"count":0,"href":"https:\/\/www.turismoaguarda.es\/en\/wp-json\/wp\/v2\/posts\/6163\/revisions"}],"wp:attachment":[{"href":"https:\/\/www.turismoaguarda.es\/en\/wp-json\/wp\/v2\/media?parent=6163"}],"wp:term":[{"taxonomy":"category","embeddable":true,"href":"https:\/\/www.turismoaguarda.es\/en\/wp-json\/wp\/v2\/categories?post=6163"},{"taxonomy":"post_tag","embeddable":true,"href":"https:\/\/www.turismoaguarda.es\/en\/wp-json\/wp\/v2\/tags?post=6163"}],"curies":[{"name":"wp","href":"https:\/\/api.w.org\/{rel}","templated":true}]}}