{"id":5863,"date":"2017-12-21T13:39:21","date_gmt":"2017-12-21T13:39:21","guid":{"rendered":"http:\/\/www.turismoaguarda.es\/os-festivais-nadal-e-lectura-toman-guarda-esta-fin-semana\/"},"modified":"2017-12-21T14:01:42","modified_gmt":"2017-12-21T14:01:42","slug":"os-festivais-nadal-e-lectura-toman-guarda-esta-fin-semana","status":"publish","type":"post","link":"https:\/\/www.turismoaguarda.es\/en\/os-festivais-nadal-e-lectura-toman-guarda-esta-fin-semana\/","title":{"rendered":"Los Festivales de Navidad y la lectura toman A Guarda desde hoy y hasta este fin de semana"},"content":{"rendered":"<p style=\"text-align: justify\"><em>Esta misma tarde empieza la programaci\u00f3n cultural guardesa con el primero de los Festivales de Navidad. La noche buena vendr\u00e1 precedida por toda una serie de actividades, principalmente musicales y de lectura, de las que podr\u00e1n disfrutar las vecinas, vecinos y visitantes en nuestro pueblo.\u00a0<\/em><\/p>\n<p style=\"text-align: justify\">El Centro Cultural acoger\u00e1 esta tarde el <strong>Festival del Conservatorio Muncipal<\/strong> a partir de las 19:30 h. Los asistentes podr\u00e1n disfrutar de un concierto en el que participar\u00e1n las alumnas y alumnos de preparatorio, educaci\u00f3n auditiva y vocal, guitarra ac\u00fastica y el\u00e9ctrica, viento-madera, viol\u00edn, viola, piano y viento-metal, as\u00ed como el grupo de gaitas y el\u00a0Rockservatorio\u2019s Band.<\/p>\n<p style=\"text-align: justify\">El viernes, la programaci\u00f3n cultural continuar\u00e1 con la presentaci\u00f3n del libro\u00a0<strong>\u00abSalcidos en branco e negro\u00bb<\/strong>\u00a0 a las 20:30 horas en el Centro Cultural. A continuaci\u00f3n, se proyectar\u00e1 la pel\u00edcula \u00abO Pisco\u00bb, ambientada en la parroquia tomi\u00f1esa de Goi\u00e1n en la \u00e9poca del estraperlo, y grabada por el Grupo San Roqui\u00f1o de Goi\u00e1n.<\/p>\n<p style=\"text-align: justify\">El s\u00e1bado ser\u00e1 el tirno de los m\u00e1s peque\u00f1os con la sesi\u00f3n de\u00a0<strong>\u00abContos contados\u00bb especial de Navidad<\/strong>, en la que las peque\u00f1as y peque\u00f1os podr\u00e1n conocer historias tradicionales propias de estas fechas de la mano de la &#8216;abuela&#8217; Carmen Baz y el &#8216;abuelo&#8217; Manual Cadilla, m\u00e1s conocido como \u00abMaruxo\u00bb, a partir de las 11:30 h. Despu\u00e9s podr\u00e1n participar en el taller de decoraci\u00f3n navide\u00f1a, con el que contribuir\u00e1n al decorado del arbol que permanecer\u00e1 en la Biblioteca durante las Fiestas.<\/p>\n<p style=\"text-align: justify\">Las <strong>ma\u00f1anas de\u00a0\u00abM\u00fasica na r\u00faa\u00bb<\/strong> comenzar\u00e1n tambi\u00e9n el s\u00e1bado, a partir de las 11:00 horas, con la actuaci\u00f3n del grupo\u00a0 O Treb\u00f3n dos Xidos, que recorrer\u00e1 las calles con su m\u00fasica introduciendo a los guardeses y guardesas en el ambiente festivo propio de estas fechas.<\/p>\n<p style=\"text-align: justify\">Ya a las 20:30 horas, los Festivales de Navidad continuar\u00e1n con el<strong> concierto de &#8216;pandereteiras&#8217;<\/strong> en el Centro Cultural. Participan los grupos Arghaceiras do Mu\u00f1o y Caramuxi\u00f1as de la Asociaci\u00f3n Folkl\u00f3rica Vento Mareiro, las Palqueiras de la Asociaci\u00f3n Cultural Xamaraina, y los grupos Carainas, Coiro Vello y Tambaluca, as\u00ed como el grupo de pandereteiras de la Agrupaci\u00f3n Cultural Guardesa.<\/p>\n<p style=\"text-align: justify\">El deporte, con la celebraci\u00f3n de la <strong>tradicional carrera de San Silvestre<\/strong>, cerrar\u00e1 el fin de semana en A Guarda. La prueba, organizada por la Sociedade Atl\u00e9tica do Trega, empezar\u00e1 a partir de las 10:30 horas en el Puerto guard\u00e9s y admitir\u00e1 inscripciones hasta ma\u00f1ana en el correo electr\u00f3nico trega@trega.es. La participaci\u00f3n est\u00e1 abierta a corredores y corredoras de todas las edades, y la distancia del recorrido (de 100 a 1.500 metros) depender\u00e1 de la categor\u00eda a la que se pertenezca.<\/p>\n<div id=\"gallery_1\" class=\"gallery\">\n<div class=\"row gallery__items\">\n\t\t\t\t\t<div class=\"col-sm-4 gallery__item-wrap\" data-filterid=\"\">\n\t\t\t<a href=\"https:\/\/www.turismoaguarda.es\/wp-content\/uploads\/2017\/12\/12_Festivais-de-Nadal-2017-724x1024.jpg\" class=\"swipebox gallery__item\" title=\"Festivais de Nadal\">\n\t\t\t\t<img decoding=\"async\" src=\"https:\/\/www.turismoaguarda.es\/wp-content\/uploads\/2017\/12\/12_Festivais-de-Nadal-2017-724x1024-720x480.jpg\" alt=\"Festivais de Nadal\"\/>\n\t\t\t\t<span class=\"gallery__item__info\">\n\t\t\t\t\t<span class=\"gallery__item__info__content\">\n\t\t\t\t\t\t<span class=\"gallery__item__title\">Festivais de Nadal<\/span>\n\t\t\t\t\t\t\t\t\t\t<\/span>\n\t\t\t\t\t<span class=\"gallery__item__shadow\"><\/span>\n\t\t\t\t<\/span>\n\t\t\t<\/a>\n\t\t<\/div>\n\t\t\t\t\t<div class=\"col-sm-4 gallery__item-wrap\" data-filterid=\"\">\n\t\t\t<a href=\"https:\/\/www.turismoaguarda.es\/wp-content\/uploads\/2017\/12\/Presentaci\u00f3n-Salcidos-724x1024.jpg\" class=\"swipebox gallery__item\" title=\"\u00abSalcidos en branco e negro\u00bb\">\n\t\t\t\t<img decoding=\"async\" src=\"https:\/\/www.turismoaguarda.es\/wp-content\/uploads\/2017\/12\/Presentaci\u00f3n-Salcidos-724x1024-720x480.jpg\" alt=\"\u00abSalcidos en branco e negro\u00bb\"\/>\n\t\t\t\t<span class=\"gallery__item__info\">\n\t\t\t\t\t<span class=\"gallery__item__info__content\">\n\t\t\t\t\t\t<span class=\"gallery__item__title\">\u00abSalcidos en branco e negro\u00bb<\/span>\n\t\t\t\t\t\t\t\t\t\t<\/span>\n\t\t\t\t\t<span class=\"gallery__item__shadow\"><\/span>\n\t\t\t\t<\/span>\n\t\t\t<\/a>\n\t\t<\/div>\n\t\t\t\t\t<div class=\"col-sm-4 gallery__item-wrap\" data-filterid=\"\">\n\t\t\t<a href=\"https:\/\/www.turismoaguarda.es\/wp-content\/uploads\/2017\/12\/Teatro1-1.jpg\" class=\"swipebox gallery__item\" title=\"\u00abM\u00fasica na r\u00faa\u00bb\">\n\t\t\t\t<img decoding=\"async\" src=\"https:\/\/www.turismoaguarda.es\/wp-content\/uploads\/2017\/12\/Teatro1-1-600x480.jpg\" alt=\"\u00abM\u00fasica na r\u00faa\u00bb\"\/>\n\t\t\t\t<span class=\"gallery__item__info\">\n\t\t\t\t\t<span class=\"gallery__item__info__content\">\n\t\t\t\t\t\t<span class=\"gallery__item__title\">\u00abM\u00fasica na r\u00faa\u00bb<\/span>\n\t\t\t\t\t\t\t\t\t\t<\/span>\n\t\t\t\t\t<span class=\"gallery__item__shadow\"><\/span>\n\t\t\t\t<\/span>\n\t\t\t<\/a>\n\t\t<\/div>\n\t\t\t\t\t<div class=\"col-sm-4 gallery__item-wrap\" data-filterid=\"\">\n\t\t\t<a href=\"https:\/\/www.turismoaguarda.es\/wp-content\/uploads\/2017\/12\/Barferencias1-1.jpg\" class=\"swipebox gallery__item\" title=\"\u00abContos contados\u00bb especial de Nadal\">\n\t\t\t\t<img decoding=\"async\" src=\"https:\/\/www.turismoaguarda.es\/wp-content\/uploads\/2017\/12\/Barferencias1-1-566x480.jpg\" alt=\"\u00abContos contados\u00bb especial de Nadal\"\/>\n\t\t\t\t<span class=\"gallery__item__info\">\n\t\t\t\t\t<span class=\"gallery__item__info__content\">\n\t\t\t\t\t\t<span class=\"gallery__item__title\">\u00abContos contados\u00bb especial de Nadal<\/span>\n\t\t\t\t\t\t\t\t\t\t<\/span>\n\t\t\t\t\t<span class=\"gallery__item__shadow\"><\/span>\n\t\t\t\t<\/span>\n\t\t\t<\/a>\n\t\t<\/div>\n\t<\/div>\n<\/div>\n","protected":false},"excerpt":{"rendered":"<p>Esta misma tarde empieza la programaci\u00f3n cultural guardesa con el primero de los Festivales de Navidad. La noche buena vendr\u00e1 precedida por toda una serie de actividades, principalmente musicales y de lectura, de las que podr\u00e1n disfrutar las vecinas, vecinos y visitantes en nuestro pueblo.\u00a0 El Centro Cultural acoger\u00e1 esta tarde el Festival del Conservatorio<\/p>\n<div class=\"padding-top text-center\"><a href=\"https:\/\/www.turismoaguarda.es\/en\/os-festivais-nadal-e-lectura-toman-guarda-esta-fin-semana\/\" class=\"atbtn atbtn--medium atbtn--rounded atbtn--transparent\">Read more<i class=\"atbtn__icon atbtn__icon--right fa fa-long-arrow-right\"><\/i><\/a><\/div>\n","protected":false},"author":11,"featured_media":5861,"comment_status":"open","ping_status":"open","sticky":false,"template":"","format":"standard","meta":{"footnotes":""},"categories":[44],"tags":[],"class_list":["post-5863","post","type-post","status-publish","format-standard","has-post-thumbnail","hentry","category-noticias-turismo"],"yoast_head":"<!-- This site is optimized with the Yoast SEO plugin v27.5 - https:\/\/yoast.com\/product\/yoast-seo-wordpress\/ -->\n<title>Los Festivales de Navidad y la lectura toman A Guarda desde hoy y hasta este fin de semana | Turismo A Guarda<\/title>\n<meta name=\"robots\" content=\"index, follow, max-snippet:-1, max-image-preview:large, max-video-preview:-1\" \/>\n<link rel=\"canonical\" href=\"https:\/\/www.turismoaguarda.es\/os-festivais-nadal-e-lectura-toman-guarda-esta-fin-semana\/\" \/>\n<meta property=\"og:locale\" content=\"en_US\" \/>\n<meta property=\"og:type\" content=\"article\" \/>\n<meta property=\"og:title\" content=\"Los Festivales de Navidad y la lectura toman A Guarda desde hoy y hasta este fin de semana | Turismo A Guarda\" \/>\n<meta property=\"og:description\" content=\"Esta misma tarde empieza la programaci\u00f3n cultural guardesa con el primero de los Festivales de Navidad. La noche buena vendr\u00e1 precedida por toda una serie de actividades, principalmente musicales y de lectura, de las que podr\u00e1n disfrutar las vecinas, vecinos y visitantes en nuestro pueblo.\u00a0 El Centro Cultural acoger\u00e1 esta tarde el Festival del ConservatorioRead more\" \/>\n<meta property=\"og:url\" content=\"https:\/\/www.turismoaguarda.es\/os-festivais-nadal-e-lectura-toman-guarda-esta-fin-semana\/\" \/>\n<meta property=\"og:site_name\" content=\"Turismo A Guarda\" \/>\n<meta property=\"article:publisher\" content=\"https:\/\/es-es.facebook.com\/Turismo-A-Guarda-126223240790625\/\" \/>\n<meta property=\"article:published_time\" content=\"2017-12-21T13:39:21+00:00\" \/>\n<meta property=\"article:modified_time\" content=\"2017-12-21T14:01:42+00:00\" \/>\n<meta property=\"og:image\" content=\"https:\/\/www.turismoaguarda.es\/wp-content\/uploads\/2017\/12\/Teatro1.jpg\" \/>\n\t<meta property=\"og:image:width\" content=\"800\" \/>\n\t<meta property=\"og:image:height\" content=\"367\" \/>\n\t<meta property=\"og:image:type\" content=\"image\/jpeg\" \/>\n<meta name=\"author\" content=\"Prensa A Guarda\" \/>\n<meta name=\"twitter:card\" content=\"summary_large_image\" \/>\n<meta name=\"twitter:creator\" content=\"@TurismoAGuarda\" \/>\n<meta name=\"twitter:site\" content=\"@TurismoAGuarda\" \/>\n<meta name=\"twitter:label1\" content=\"Written by\" \/>\n\t<meta name=\"twitter:data1\" content=\"Prensa A Guarda\" \/>\n\t<meta name=\"twitter:label2\" content=\"Est. reading time\" \/>\n\t<meta name=\"twitter:data2\" content=\"2 minutes\" \/>\n<script type=\"application\/ld+json\" class=\"yoast-schema-graph\">{\"@context\":\"https:\\\/\\\/schema.org\",\"@graph\":[{\"@type\":\"Article\",\"@id\":\"https:\\\/\\\/www.turismoaguarda.es\\\/os-festivais-nadal-e-lectura-toman-guarda-esta-fin-semana\\\/#article\",\"isPartOf\":{\"@id\":\"https:\\\/\\\/www.turismoaguarda.es\\\/os-festivais-nadal-e-lectura-toman-guarda-esta-fin-semana\\\/\"},\"author\":{\"name\":\"Prensa A Guarda\",\"@id\":\"https:\\\/\\\/www.turismoaguarda.es\\\/#\\\/schema\\\/person\\\/a8b0c27ad7bcbb6c19799e934727508e\"},\"headline\":\"Los Festivales de Navidad y la lectura toman A Guarda desde hoy y hasta este fin de semana\",\"datePublished\":\"2017-12-21T13:39:21+00:00\",\"dateModified\":\"2017-12-21T14:01:42+00:00\",\"mainEntityOfPage\":{\"@id\":\"https:\\\/\\\/www.turismoaguarda.es\\\/os-festivais-nadal-e-lectura-toman-guarda-esta-fin-semana\\\/\"},\"wordCount\":495,\"commentCount\":0,\"image\":{\"@id\":\"https:\\\/\\\/www.turismoaguarda.es\\\/os-festivais-nadal-e-lectura-toman-guarda-esta-fin-semana\\\/#primaryimage\"},\"thumbnailUrl\":\"https:\\\/\\\/www.turismoaguarda.es\\\/wp-content\\\/uploads\\\/2017\\\/12\\\/Teatro1.jpg\",\"articleSection\":[\"Noticias Turismo\"],\"inLanguage\":\"en-US\",\"potentialAction\":[{\"@type\":\"CommentAction\",\"name\":\"Comment\",\"target\":[\"https:\\\/\\\/www.turismoaguarda.es\\\/os-festivais-nadal-e-lectura-toman-guarda-esta-fin-semana\\\/#respond\"]}]},{\"@type\":\"WebPage\",\"@id\":\"https:\\\/\\\/www.turismoaguarda.es\\\/os-festivais-nadal-e-lectura-toman-guarda-esta-fin-semana\\\/\",\"url\":\"https:\\\/\\\/www.turismoaguarda.es\\\/os-festivais-nadal-e-lectura-toman-guarda-esta-fin-semana\\\/\",\"name\":\"Los Festivales de Navidad y la lectura toman A Guarda desde hoy y hasta este fin de semana | Turismo A Guarda\",\"isPartOf\":{\"@id\":\"https:\\\/\\\/www.turismoaguarda.es\\\/#website\"},\"primaryImageOfPage\":{\"@id\":\"https:\\\/\\\/www.turismoaguarda.es\\\/os-festivais-nadal-e-lectura-toman-guarda-esta-fin-semana\\\/#primaryimage\"},\"image\":{\"@id\":\"https:\\\/\\\/www.turismoaguarda.es\\\/os-festivais-nadal-e-lectura-toman-guarda-esta-fin-semana\\\/#primaryimage\"},\"thumbnailUrl\":\"https:\\\/\\\/www.turismoaguarda.es\\\/wp-content\\\/uploads\\\/2017\\\/12\\\/Teatro1.jpg\",\"datePublished\":\"2017-12-21T13:39:21+00:00\",\"dateModified\":\"2017-12-21T14:01:42+00:00\",\"author\":{\"@id\":\"https:\\\/\\\/www.turismoaguarda.es\\\/#\\\/schema\\\/person\\\/a8b0c27ad7bcbb6c19799e934727508e\"},\"breadcrumb\":{\"@id\":\"https:\\\/\\\/www.turismoaguarda.es\\\/os-festivais-nadal-e-lectura-toman-guarda-esta-fin-semana\\\/#breadcrumb\"},\"inLanguage\":\"en-US\",\"potentialAction\":[{\"@type\":\"ReadAction\",\"target\":[\"https:\\\/\\\/www.turismoaguarda.es\\\/os-festivais-nadal-e-lectura-toman-guarda-esta-fin-semana\\\/\"]}]},{\"@type\":\"ImageObject\",\"inLanguage\":\"en-US\",\"@id\":\"https:\\\/\\\/www.turismoaguarda.es\\\/os-festivais-nadal-e-lectura-toman-guarda-esta-fin-semana\\\/#primaryimage\",\"url\":\"https:\\\/\\\/www.turismoaguarda.es\\\/wp-content\\\/uploads\\\/2017\\\/12\\\/Teatro1.jpg\",\"contentUrl\":\"https:\\\/\\\/www.turismoaguarda.es\\\/wp-content\\\/uploads\\\/2017\\\/12\\\/Teatro1.jpg\",\"width\":800,\"height\":367},{\"@type\":\"BreadcrumbList\",\"@id\":\"https:\\\/\\\/www.turismoaguarda.es\\\/os-festivais-nadal-e-lectura-toman-guarda-esta-fin-semana\\\/#breadcrumb\",\"itemListElement\":[{\"@type\":\"ListItem\",\"position\":1,\"name\":\"Portada\",\"item\":\"https:\\\/\\\/www.turismoaguarda.es\\\/en\\\/\"},{\"@type\":\"ListItem\",\"position\":2,\"name\":\"Los Festivales de Navidad y la lectura toman A Guarda desde hoy y hasta este fin de semana\"}]},{\"@type\":\"WebSite\",\"@id\":\"https:\\\/\\\/www.turismoaguarda.es\\\/#website\",\"url\":\"https:\\\/\\\/www.turismoaguarda.es\\\/\",\"name\":\"Turismo A Guarda\",\"description\":\"Informaci\u00f3n tur\u00edstica de A Guarda y alrededores.\",\"potentialAction\":[{\"@type\":\"SearchAction\",\"target\":{\"@type\":\"EntryPoint\",\"urlTemplate\":\"https:\\\/\\\/www.turismoaguarda.es\\\/?s={search_term_string}\"},\"query-input\":{\"@type\":\"PropertyValueSpecification\",\"valueRequired\":true,\"valueName\":\"search_term_string\"}}],\"inLanguage\":\"en-US\"},{\"@type\":\"Person\",\"@id\":\"https:\\\/\\\/www.turismoaguarda.es\\\/#\\\/schema\\\/person\\\/a8b0c27ad7bcbb6c19799e934727508e\",\"name\":\"Prensa A Guarda\",\"image\":{\"@type\":\"ImageObject\",\"inLanguage\":\"en-US\",\"@id\":\"https:\\\/\\\/secure.gravatar.com\\\/avatar\\\/387e117f874ba5d0a3439060b45d914395d77287b2e4890a49d1599fc3ef9189?s=96&d=mm&r=g\",\"url\":\"https:\\\/\\\/secure.gravatar.com\\\/avatar\\\/387e117f874ba5d0a3439060b45d914395d77287b2e4890a49d1599fc3ef9189?s=96&d=mm&r=g\",\"contentUrl\":\"https:\\\/\\\/secure.gravatar.com\\\/avatar\\\/387e117f874ba5d0a3439060b45d914395d77287b2e4890a49d1599fc3ef9189?s=96&d=mm&r=g\",\"caption\":\"Prensa A Guarda\"},\"url\":\"https:\\\/\\\/www.turismoaguarda.es\\\/en\\\/author\\\/prensa\\\/\"}]}<\/script>\n<!-- \/ Yoast SEO plugin. -->","yoast_head_json":{"title":"Los Festivales de Navidad y la lectura toman A Guarda desde hoy y hasta este fin de semana | Turismo A Guarda","robots":{"index":"index","follow":"follow","max-snippet":"max-snippet:-1","max-image-preview":"max-image-preview:large","max-video-preview":"max-video-preview:-1"},"canonical":"https:\/\/www.turismoaguarda.es\/os-festivais-nadal-e-lectura-toman-guarda-esta-fin-semana\/","og_locale":"en_US","og_type":"article","og_title":"Los Festivales de Navidad y la lectura toman A Guarda desde hoy y hasta este fin de semana | Turismo A Guarda","og_description":"Esta misma tarde empieza la programaci\u00f3n cultural guardesa con el primero de los Festivales de Navidad. La noche buena vendr\u00e1 precedida por toda una serie de actividades, principalmente musicales y de lectura, de las que podr\u00e1n disfrutar las vecinas, vecinos y visitantes en nuestro pueblo.\u00a0 El Centro Cultural acoger\u00e1 esta tarde el Festival del ConservatorioRead more","og_url":"https:\/\/www.turismoaguarda.es\/os-festivais-nadal-e-lectura-toman-guarda-esta-fin-semana\/","og_site_name":"Turismo A Guarda","article_publisher":"https:\/\/es-es.facebook.com\/Turismo-A-Guarda-126223240790625\/","article_published_time":"2017-12-21T13:39:21+00:00","article_modified_time":"2017-12-21T14:01:42+00:00","og_image":[{"width":800,"height":367,"url":"https:\/\/www.turismoaguarda.es\/wp-content\/uploads\/2017\/12\/Teatro1.jpg","type":"image\/jpeg"}],"author":"Prensa A Guarda","twitter_card":"summary_large_image","twitter_creator":"@TurismoAGuarda","twitter_site":"@TurismoAGuarda","twitter_misc":{"Written by":"Prensa A Guarda","Est. reading time":"2 minutes"},"schema":{"@context":"https:\/\/schema.org","@graph":[{"@type":"Article","@id":"https:\/\/www.turismoaguarda.es\/os-festivais-nadal-e-lectura-toman-guarda-esta-fin-semana\/#article","isPartOf":{"@id":"https:\/\/www.turismoaguarda.es\/os-festivais-nadal-e-lectura-toman-guarda-esta-fin-semana\/"},"author":{"name":"Prensa A Guarda","@id":"https:\/\/www.turismoaguarda.es\/#\/schema\/person\/a8b0c27ad7bcbb6c19799e934727508e"},"headline":"Los Festivales de Navidad y la lectura toman A Guarda desde hoy y hasta este fin de semana","datePublished":"2017-12-21T13:39:21+00:00","dateModified":"2017-12-21T14:01:42+00:00","mainEntityOfPage":{"@id":"https:\/\/www.turismoaguarda.es\/os-festivais-nadal-e-lectura-toman-guarda-esta-fin-semana\/"},"wordCount":495,"commentCount":0,"image":{"@id":"https:\/\/www.turismoaguarda.es\/os-festivais-nadal-e-lectura-toman-guarda-esta-fin-semana\/#primaryimage"},"thumbnailUrl":"https:\/\/www.turismoaguarda.es\/wp-content\/uploads\/2017\/12\/Teatro1.jpg","articleSection":["Noticias Turismo"],"inLanguage":"en-US","potentialAction":[{"@type":"CommentAction","name":"Comment","target":["https:\/\/www.turismoaguarda.es\/os-festivais-nadal-e-lectura-toman-guarda-esta-fin-semana\/#respond"]}]},{"@type":"WebPage","@id":"https:\/\/www.turismoaguarda.es\/os-festivais-nadal-e-lectura-toman-guarda-esta-fin-semana\/","url":"https:\/\/www.turismoaguarda.es\/os-festivais-nadal-e-lectura-toman-guarda-esta-fin-semana\/","name":"Los Festivales de Navidad y la lectura toman A Guarda desde hoy y hasta este fin de semana | Turismo A Guarda","isPartOf":{"@id":"https:\/\/www.turismoaguarda.es\/#website"},"primaryImageOfPage":{"@id":"https:\/\/www.turismoaguarda.es\/os-festivais-nadal-e-lectura-toman-guarda-esta-fin-semana\/#primaryimage"},"image":{"@id":"https:\/\/www.turismoaguarda.es\/os-festivais-nadal-e-lectura-toman-guarda-esta-fin-semana\/#primaryimage"},"thumbnailUrl":"https:\/\/www.turismoaguarda.es\/wp-content\/uploads\/2017\/12\/Teatro1.jpg","datePublished":"2017-12-21T13:39:21+00:00","dateModified":"2017-12-21T14:01:42+00:00","author":{"@id":"https:\/\/www.turismoaguarda.es\/#\/schema\/person\/a8b0c27ad7bcbb6c19799e934727508e"},"breadcrumb":{"@id":"https:\/\/www.turismoaguarda.es\/os-festivais-nadal-e-lectura-toman-guarda-esta-fin-semana\/#breadcrumb"},"inLanguage":"en-US","potentialAction":[{"@type":"ReadAction","target":["https:\/\/www.turismoaguarda.es\/os-festivais-nadal-e-lectura-toman-guarda-esta-fin-semana\/"]}]},{"@type":"ImageObject","inLanguage":"en-US","@id":"https:\/\/www.turismoaguarda.es\/os-festivais-nadal-e-lectura-toman-guarda-esta-fin-semana\/#primaryimage","url":"https:\/\/www.turismoaguarda.es\/wp-content\/uploads\/2017\/12\/Teatro1.jpg","contentUrl":"https:\/\/www.turismoaguarda.es\/wp-content\/uploads\/2017\/12\/Teatro1.jpg","width":800,"height":367},{"@type":"BreadcrumbList","@id":"https:\/\/www.turismoaguarda.es\/os-festivais-nadal-e-lectura-toman-guarda-esta-fin-semana\/#breadcrumb","itemListElement":[{"@type":"ListItem","position":1,"name":"Portada","item":"https:\/\/www.turismoaguarda.es\/en\/"},{"@type":"ListItem","position":2,"name":"Los Festivales de Navidad y la lectura toman A Guarda desde hoy y hasta este fin de semana"}]},{"@type":"WebSite","@id":"https:\/\/www.turismoaguarda.es\/#website","url":"https:\/\/www.turismoaguarda.es\/","name":"Turismo A Guarda","description":"Informaci\u00f3n tur\u00edstica de A Guarda y alrededores.","potentialAction":[{"@type":"SearchAction","target":{"@type":"EntryPoint","urlTemplate":"https:\/\/www.turismoaguarda.es\/?s={search_term_string}"},"query-input":{"@type":"PropertyValueSpecification","valueRequired":true,"valueName":"search_term_string"}}],"inLanguage":"en-US"},{"@type":"Person","@id":"https:\/\/www.turismoaguarda.es\/#\/schema\/person\/a8b0c27ad7bcbb6c19799e934727508e","name":"Prensa A Guarda","image":{"@type":"ImageObject","inLanguage":"en-US","@id":"https:\/\/secure.gravatar.com\/avatar\/387e117f874ba5d0a3439060b45d914395d77287b2e4890a49d1599fc3ef9189?s=96&d=mm&r=g","url":"https:\/\/secure.gravatar.com\/avatar\/387e117f874ba5d0a3439060b45d914395d77287b2e4890a49d1599fc3ef9189?s=96&d=mm&r=g","contentUrl":"https:\/\/secure.gravatar.com\/avatar\/387e117f874ba5d0a3439060b45d914395d77287b2e4890a49d1599fc3ef9189?s=96&d=mm&r=g","caption":"Prensa A Guarda"},"url":"https:\/\/www.turismoaguarda.es\/en\/author\/prensa\/"}]}},"_links":{"self":[{"href":"https:\/\/www.turismoaguarda.es\/en\/wp-json\/wp\/v2\/posts\/5863","targetHints":{"allow":["GET"]}}],"collection":[{"href":"https:\/\/www.turismoaguarda.es\/en\/wp-json\/wp\/v2\/posts"}],"about":[{"href":"https:\/\/www.turismoaguarda.es\/en\/wp-json\/wp\/v2\/types\/post"}],"author":[{"embeddable":true,"href":"https:\/\/www.turismoaguarda.es\/en\/wp-json\/wp\/v2\/users\/11"}],"replies":[{"embeddable":true,"href":"https:\/\/www.turismoaguarda.es\/en\/wp-json\/wp\/v2\/comments?post=5863"}],"version-history":[{"count":4,"href":"https:\/\/www.turismoaguarda.es\/en\/wp-json\/wp\/v2\/posts\/5863\/revisions"}],"predecessor-version":[{"id":5870,"href":"https:\/\/www.turismoaguarda.es\/en\/wp-json\/wp\/v2\/posts\/5863\/revisions\/5870"}],"wp:featuredmedia":[{"embeddable":true,"href":"https:\/\/www.turismoaguarda.es\/en\/wp-json\/wp\/v2\/media\/5861"}],"wp:attachment":[{"href":"https:\/\/www.turismoaguarda.es\/en\/wp-json\/wp\/v2\/media?parent=5863"}],"wp:term":[{"taxonomy":"category","embeddable":true,"href":"https:\/\/www.turismoaguarda.es\/en\/wp-json\/wp\/v2\/categories?post=5863"},{"taxonomy":"post_tag","embeddable":true,"href":"https:\/\/www.turismoaguarda.es\/en\/wp-json\/wp\/v2\/tags?post=5863"}],"curies":[{"name":"wp","href":"https:\/\/api.w.org\/{rel}","templated":true}]}}