{"id":5371,"date":"2017-09-21T13:27:49","date_gmt":"2017-09-21T13:27:49","guid":{"rendered":"http:\/\/www.turismoaguarda.es\/?p=5371"},"modified":"2017-09-21T18:52:33","modified_gmt":"2017-09-21T18:52:33","slug":"guarda-homenajea-al-padre-merino-la-virgen-las-mercedes-santa-trega-este-fin-semana","status":"publish","type":"post","link":"https:\/\/www.turismoaguarda.es\/en\/guarda-homenajea-al-padre-merino-la-virgen-las-mercedes-santa-trega-este-fin-semana\/","title":{"rendered":"A Guarda homenajea a la Virgen de las Mercedes, Santa Trega y el Padre Merino este fin de semana"},"content":{"rendered":"<p lang=\"gl-ES\" align=\"justify\"><em>La programaci\u00f3n cultural de lo que queda de semana vendr\u00e1 marcada por los actos en homenaje al Padre Merino, con motivo del centenario del fallecimiento de este bot\u00e1nico y meteor\u00f3logo burgal\u00e9s que durante tres d\u00e9cadas residi\u00f3 y trabaj\u00f3 en A Guarda. Por su parte, las Fiestas en honor a la Virgen de las Mercedes y la Romer\u00eda de Santa Trega mezclar\u00e1n tradici\u00f3n, gastronom\u00eda y m\u00fasica para ofrecernos unos d\u00edas con entretenimiento y actividades para todos los p\u00fablicos.<\/em><a href=\"http:\/\/www.turismoaguarda.es\/galardon-baltasar-1\/\"><img loading=\"lazy\" decoding=\"async\" class=\" wp-image-5369 alignright\" src=\"http:\/\/www.turismoaguarda.es\/wp-content\/uploads\/2017\/09\/galardon-baltasar-1-213x300.jpg\" alt=\"\" width=\"166\" height=\"234\" srcset=\"https:\/\/www.turismoaguarda.es\/wp-content\/uploads\/2017\/09\/galardon-baltasar-1-213x300.jpg 213w, https:\/\/www.turismoaguarda.es\/wp-content\/uploads\/2017\/09\/galardon-baltasar-1-150x212.jpg 150w, https:\/\/www.turismoaguarda.es\/wp-content\/uploads\/2017\/09\/galardon-baltasar-1-354x500.jpg 354w, https:\/\/www.turismoaguarda.es\/wp-content\/uploads\/2017\/09\/galardon-baltasar-1.jpg 690w\" sizes=\"auto, (max-width: 166px) 100vw, 166px\" \/><\/a><\/p>\n<p lang=\"gl-ES\" align=\"justify\">La Organizaci\u00f3n de Palangreros Guardeses (OR.PA.GU) ser\u00e1 la encargada de acoger en su sede el primeracto en homenaje al Padre merino. La jornada, con el t\u00edtulo <a href=\"https:\/\/www.orpagu.com\/eventos-y-jornadas\/\">&#8220;Evoluci\u00f3n de la previsi\u00f3n meteorol\u00f3gica y su repercusi\u00f3n en la seguridad mar\u00edtima&#8221;<\/a>, se celebrar\u00e1 ma\u00f1ana, venres 22 de septiembre, a partir de las 10:00 horas tras la presentaci\u00f3n a cargo del alcalde del Concello da Guarda, Antonio Lomba, y contar\u00e1 con las ponencias de expertos, entre los que se encuentran el coordinador de Meteogalicia, Juan Taboada, y el director general de Salvamento\u00a0 y Seguridad Mar\u00edtima, Juan Luis Pedrosa.<\/p>\n<p lang=\"gl-ES\" align=\"justify\">Adem\u00e1s de las disertaciones, durante el acto se presentar\u00e1 la obra del Padre Merino &#8220;Estudio sobre las Borrascas de la Costa Occidental de Galicia&#8221; y, ya a las 12:00 h, se descubrir\u00e1 la placa conmemorativa del centenario de su fallecimiento, en el bar\u00f3metro situado en el exterior de la Iglesia del Convento de San Benito.<\/p>\n<p lang=\"gl-ES\" align=\"justify\"><strong>Fiestas parroquiales y populares<\/strong><\/p>\n<p lang=\"gl-ES\" align=\"justify\">La <strong>XXXI Festa da Zorza<\/strong> ser\u00e1 la encargada de dar comienzo, tambi\u00e9n este viernes, a las Fiestas en honor a la Virgen de las Mercedes, organizada por la Comisi\u00f3n de Fiestas As Mercedes en colaboraci\u00f3n co Concello guard\u00e9s. La jornada gastron\u00f3mica comenzar\u00e1 a las 18:00 horas con la degustaci\u00f3n de las raciones de zorza a precios populares y, llegada la media noche, el grupo de gaitas A Boalheira amenizara el evento, que terminar\u00e1 con una &#8220;queimada&#8221;.<\/p>\n<p lang=\"gl-ES\" align=\"justify\">Las Fiestas de las Mercedes tendr\u00e1n al deporte como protagonista durante la tarde del s\u00e1bado, cuando se celebrar\u00e1 la <strong>XVII Carrera Popular Pedestre Julia Vaquero<\/strong>, con salida desde la plaza dos Seixos a las 18:00 horas. Llegada la noche, las orquestas Nevada y Ritmo tomar\u00e1n el testigo de las celebraciones, llenando de m\u00fasica y baile el lugar.<\/p>\n<p lang=\"gl-ES\" align=\"justify\">Los actos religiosos comenzar\u00e1n en la jornada del s\u00e1bado 23 de septiembre, con la celebraci\u00f3n de la <strong>Romer\u00eda de Santa Trega<\/strong>. La ermita acoger\u00e1 misas en honor a la Santa a las 8:00, 9:00 y 10:00, mientras que el serm\u00f3n se celebrar\u00e1 a las 11:00 h. A este le seguir\u00e1 la solemne procesi\u00f3n y, una vez terminados los actos religiosos, tendr\u00e1n lugar las tradicionales pujas y el almuerzo popular en el monte.<\/p>\n<p lang=\"gl-ES\" align=\"justify\">En el marco de las Fiestas de las Mercedes, por su parte, la celebraci\u00f3n de la Misa Solemne y la procesi\u00f3n en honor a la Virgen se llevar\u00e1n a cabo el domingo a partir de las 12:00 horas y, ya por la tarde, los vecinos y vecinas de la parroquia de Salcidos podr\u00e1n participar en los juegos populares a partie de las 17:00 horas, durante los que la organizaci\u00f3n anuncia alguna &#8220;sorpresa&#8221;.<\/p>\n<p lang=\"gl-ES\" align=\"justify\"><strong>Camposancos homenajea al Padre Merino<\/strong><\/p>\n<p lang=\"gl-ES\" align=\"justify\">El Padre Merino contar\u00e1 con un homenaje tambi\u00e9n el domingo. En esta ocasi\u00f3n, la Comunidade de Montes de Camposancos reconocer\u00e1 la labor realizada por el &#8220;mayor conocedor de la flora gallega e innovador meteor\u00f3logo&#8221; &#8211; residente en el Colegio de los Padres Jesuitas de A Pasaxe durante cerca de 30 \u00f1os- dedic\u00e1ndole una escultura situada en el Parque de Chans.<\/p>\n<p lang=\"gl-ES\" align=\"justify\">El acto comenzar\u00e1 a las 12:00 horas en el coto del Monte Santa Trega, al que rebautizar\u00e1n como Parque del Padre Baltasar Merino, y contar\u00e1 con las intervenciones del presidente de la Real Academia Galega de Ciencias (RAGC), Miguel A. R\u00edos, el catedr\u00e1tico de Historia Medieval de la Universidad de Santiago de Compostela, Ermelindo Portela, el arquitecto encargado de la elaboraci\u00f3n de la escultura, Mauro Lomba, y el director del Colegio Ap\u00f3stol Santiago de Vigo, Iv\u00e1n Mir\u00f3n.<\/p>\n<div id=\"gallery_1\" class=\"gallery\">\n<div class=\"row gallery__items\">\n\t\t\t\t\t<div class=\"col-sm-4 gallery__item-wrap\" data-filterid=\"\">\n\t\t\t<a href=\"https:\/\/www.turismoaguarda.es\/wp-content\/uploads\/2017\/09\/Camposancos.jpg\" class=\"swipebox gallery__item\" title=\"Comunidade de Montes de Camposancos\">\n\t\t\t\t<img decoding=\"async\" src=\"https:\/\/www.turismoaguarda.es\/wp-content\/uploads\/2017\/09\/Camposancos-720x467.jpg\" alt=\"Comunidade de Montes de Camposancos\"\/>\n\t\t\t\t<span class=\"gallery__item__info\">\n\t\t\t\t\t<span class=\"gallery__item__info__content\">\n\t\t\t\t\t\t<span class=\"gallery__item__title\">Comunidade de Montes de Camposancos<\/span>\n\t\t\t\t\t\t\t\t\t\t<\/span>\n\t\t\t\t\t<span class=\"gallery__item__shadow\"><\/span>\n\t\t\t\t<\/span>\n\t\t\t<\/a>\n\t\t<\/div>\n\t\t\t\t\t<div class=\"col-sm-4 gallery__item-wrap\" data-filterid=\"\">\n\t\t\t<a href=\"https:\/\/www.turismoaguarda.es\/wp-content\/uploads\/2017\/09\/As-Mercedes.jpg\" class=\"swipebox gallery__item\" title=\"Festas das Mercedes\">\n\t\t\t\t<img decoding=\"async\" src=\"https:\/\/www.turismoaguarda.es\/wp-content\/uploads\/2017\/09\/As-Mercedes-515x480.jpg\" alt=\"Festas das Mercedes\"\/>\n\t\t\t\t<span class=\"gallery__item__info\">\n\t\t\t\t\t<span class=\"gallery__item__info__content\">\n\t\t\t\t\t\t<span class=\"gallery__item__title\">Festas das Mercedes<\/span>\n\t\t\t\t\t\t\t\t\t\t<\/span>\n\t\t\t\t\t<span class=\"gallery__item__shadow\"><\/span>\n\t\t\t\t<\/span>\n\t\t\t<\/a>\n\t\t<\/div>\n\t\t\t\t\t<div class=\"col-sm-4 gallery__item-wrap\" data-filterid=\"\">\n\t\t\t<a href=\"https:\/\/www.turismoaguarda.es\/wp-content\/uploads\/2017\/09\/Romar\u00eda-Santa-Trega.jpg\" class=\"swipebox gallery__item\" title=\"Romar\u00eda de Santa Trega\">\n\t\t\t\t<img decoding=\"async\" src=\"https:\/\/www.turismoaguarda.es\/wp-content\/uploads\/2017\/09\/Romar\u00eda-Santa-Trega-604x480.jpg\" alt=\"Romar\u00eda de Santa Trega\"\/>\n\t\t\t\t<span class=\"gallery__item__info\">\n\t\t\t\t\t<span class=\"gallery__item__info__content\">\n\t\t\t\t\t\t<span class=\"gallery__item__title\">Romar\u00eda de Santa Trega<\/span>\n\t\t\t\t\t\t\t\t\t\t<\/span>\n\t\t\t\t\t<span class=\"gallery__item__shadow\"><\/span>\n\t\t\t\t<\/span>\n\t\t\t<\/a>\n\t\t<\/div>\n\t<\/div>\n<\/div>\n<p lang=\"gl-ES\" align=\"justify\">No debemos olvidar, con todo, que las <strong>visitas guiadas gratuitas al Monte Santa Trega<\/strong> continuar\u00e1n durante este fin de semana. Con salidas a las 12:30 y 17:00 horas y una duraci\u00f3n de 90 minutos, las visitas incluyen un recorrido por el Museo y el Castro de Santa Trega. Paralelamente, se realizar\u00e1n visitas guiadas centradas \u00fanicamente en el Castro, con una duraci\u00f3n de 30 minutos y con salidas a las 16:00 horas desde el asentamiento castrexo.<\/p>\n","protected":false},"excerpt":{"rendered":"<p>La programaci\u00f3n cultural de lo que queda de semana vendr\u00e1 marcada por los actos en homenaje al Padre Merino, con motivo del centenario del fallecimiento de este bot\u00e1nico y meteor\u00f3logo burgal\u00e9s que durante tres d\u00e9cadas residi\u00f3 y trabaj\u00f3 en A Guarda. Por su parte, las Fiestas en honor a la Virgen de las Mercedes y<\/p>\n<div class=\"padding-top text-center\"><a href=\"https:\/\/www.turismoaguarda.es\/en\/guarda-homenajea-al-padre-merino-la-virgen-las-mercedes-santa-trega-este-fin-semana\/\" class=\"atbtn atbtn--medium atbtn--rounded atbtn--transparent\">Read more<i class=\"atbtn__icon atbtn__icon--right fa fa-long-arrow-right\"><\/i><\/a><\/div>\n","protected":false},"author":11,"featured_media":5374,"comment_status":"open","ping_status":"open","sticky":false,"template":"","format":"standard","meta":{"footnotes":""},"categories":[44],"tags":[1089,968,1092,1090,1087,1091,1086,1093,1088],"class_list":["post-5371","post","type-post","status-publish","format-standard","has-post-thumbnail","hentry","category-noticias-turismo","tag-carrera-popular-pedestre-julia-vaquero","tag-castro-de-santa-trega","tag-comunidade-de-montes-de-camposancos","tag-festa-da-zorza","tag-monte-de-santa-trega","tag-orpagu","tag-padre-baltasar-merino","tag-parque-do-chan","tag-romeria-de-santa-trega"],"yoast_head":"<!-- This site is optimized with the Yoast SEO plugin v27.4 - https:\/\/yoast.com\/product\/yoast-seo-wordpress\/ -->\n<title>A Guarda homenajea a la Virgen de las Mercedes, Santa Trega y el Padre Merino este fin de semana | Turismo A Guarda<\/title>\n<meta name=\"robots\" content=\"index, follow, max-snippet:-1, max-image-preview:large, max-video-preview:-1\" \/>\n<link rel=\"canonical\" href=\"https:\/\/www.turismoaguarda.es\/guarda-homenajea-al-padre-merino-la-virgen-las-mercedes-santa-trega-este-fin-semana\/\" \/>\n<meta property=\"og:locale\" content=\"en_US\" \/>\n<meta property=\"og:type\" content=\"article\" \/>\n<meta property=\"og:title\" content=\"A Guarda homenajea a la Virgen de las Mercedes, Santa Trega y el Padre Merino este fin de semana | Turismo A Guarda\" \/>\n<meta property=\"og:description\" content=\"La programaci\u00f3n cultural de lo que queda de semana vendr\u00e1 marcada por los actos en homenaje al Padre Merino, con motivo del centenario del fallecimiento de este bot\u00e1nico y meteor\u00f3logo burgal\u00e9s que durante tres d\u00e9cadas residi\u00f3 y trabaj\u00f3 en A Guarda. Por su parte, las Fiestas en honor a la Virgen de las Mercedes yRead more\" \/>\n<meta property=\"og:url\" content=\"https:\/\/www.turismoaguarda.es\/guarda-homenajea-al-padre-merino-la-virgen-las-mercedes-santa-trega-este-fin-semana\/\" \/>\n<meta property=\"og:site_name\" content=\"Turismo A Guarda\" \/>\n<meta property=\"article:publisher\" content=\"https:\/\/es-es.facebook.com\/Turismo-A-Guarda-126223240790625\/\" \/>\n<meta property=\"article:published_time\" content=\"2017-09-21T13:27:49+00:00\" \/>\n<meta property=\"article:modified_time\" content=\"2017-09-21T18:52:33+00:00\" \/>\n<meta property=\"og:image\" content=\"https:\/\/www.turismoaguarda.es\/wp-content\/uploads\/2017\/09\/Ermida-de-Santa-Trega.jpg\" \/>\n\t<meta property=\"og:image:width\" content=\"885\" \/>\n\t<meta property=\"og:image:height\" content=\"497\" \/>\n\t<meta property=\"og:image:type\" content=\"image\/jpeg\" \/>\n<meta name=\"author\" content=\"Prensa A Guarda\" \/>\n<meta name=\"twitter:card\" content=\"summary_large_image\" \/>\n<meta name=\"twitter:creator\" content=\"@TurismoAGuarda\" \/>\n<meta name=\"twitter:site\" content=\"@TurismoAGuarda\" \/>\n<meta name=\"twitter:label1\" content=\"Written by\" \/>\n\t<meta name=\"twitter:data1\" content=\"Prensa A Guarda\" \/>\n\t<meta name=\"twitter:label2\" content=\"Est. reading time\" \/>\n\t<meta name=\"twitter:data2\" content=\"4 minutes\" \/>\n<script type=\"application\/ld+json\" class=\"yoast-schema-graph\">{\"@context\":\"https:\\\/\\\/schema.org\",\"@graph\":[{\"@type\":\"Article\",\"@id\":\"https:\\\/\\\/www.turismoaguarda.es\\\/guarda-homenajea-al-padre-merino-la-virgen-las-mercedes-santa-trega-este-fin-semana\\\/#article\",\"isPartOf\":{\"@id\":\"https:\\\/\\\/www.turismoaguarda.es\\\/guarda-homenajea-al-padre-merino-la-virgen-las-mercedes-santa-trega-este-fin-semana\\\/\"},\"author\":{\"name\":\"Prensa A Guarda\",\"@id\":\"https:\\\/\\\/www.turismoaguarda.es\\\/#\\\/schema\\\/person\\\/a8b0c27ad7bcbb6c19799e934727508e\"},\"headline\":\"A Guarda homenajea a la Virgen de las Mercedes, Santa Trega y el Padre Merino este fin de semana\",\"datePublished\":\"2017-09-21T13:27:49+00:00\",\"dateModified\":\"2017-09-21T18:52:33+00:00\",\"mainEntityOfPage\":{\"@id\":\"https:\\\/\\\/www.turismoaguarda.es\\\/guarda-homenajea-al-padre-merino-la-virgen-las-mercedes-santa-trega-este-fin-semana\\\/\"},\"wordCount\":791,\"commentCount\":0,\"image\":{\"@id\":\"https:\\\/\\\/www.turismoaguarda.es\\\/guarda-homenajea-al-padre-merino-la-virgen-las-mercedes-santa-trega-este-fin-semana\\\/#primaryimage\"},\"thumbnailUrl\":\"https:\\\/\\\/www.turismoaguarda.es\\\/wp-content\\\/uploads\\\/2017\\\/09\\\/Ermida-de-Santa-Trega.jpg\",\"keywords\":[\"Carrera Popular Pedestre Julia Vaquero\",\"Castro de Santa Trega\",\"Comunidade de Montes de Camposancos\",\"Festa da Zorza\",\"Monte de Santa Trega\",\"ORPAGU\",\"Padre Baltasar Merino\",\"Parque do Chan\",\"Romer\u00eda de Santa Trega\"],\"articleSection\":[\"Noticias Turismo\"],\"inLanguage\":\"en-US\",\"potentialAction\":[{\"@type\":\"CommentAction\",\"name\":\"Comment\",\"target\":[\"https:\\\/\\\/www.turismoaguarda.es\\\/guarda-homenajea-al-padre-merino-la-virgen-las-mercedes-santa-trega-este-fin-semana\\\/#respond\"]}]},{\"@type\":\"WebPage\",\"@id\":\"https:\\\/\\\/www.turismoaguarda.es\\\/guarda-homenajea-al-padre-merino-la-virgen-las-mercedes-santa-trega-este-fin-semana\\\/\",\"url\":\"https:\\\/\\\/www.turismoaguarda.es\\\/guarda-homenajea-al-padre-merino-la-virgen-las-mercedes-santa-trega-este-fin-semana\\\/\",\"name\":\"A Guarda homenajea a la Virgen de las Mercedes, Santa Trega y el Padre Merino este fin de semana | Turismo A Guarda\",\"isPartOf\":{\"@id\":\"https:\\\/\\\/www.turismoaguarda.es\\\/#website\"},\"primaryImageOfPage\":{\"@id\":\"https:\\\/\\\/www.turismoaguarda.es\\\/guarda-homenajea-al-padre-merino-la-virgen-las-mercedes-santa-trega-este-fin-semana\\\/#primaryimage\"},\"image\":{\"@id\":\"https:\\\/\\\/www.turismoaguarda.es\\\/guarda-homenajea-al-padre-merino-la-virgen-las-mercedes-santa-trega-este-fin-semana\\\/#primaryimage\"},\"thumbnailUrl\":\"https:\\\/\\\/www.turismoaguarda.es\\\/wp-content\\\/uploads\\\/2017\\\/09\\\/Ermida-de-Santa-Trega.jpg\",\"datePublished\":\"2017-09-21T13:27:49+00:00\",\"dateModified\":\"2017-09-21T18:52:33+00:00\",\"author\":{\"@id\":\"https:\\\/\\\/www.turismoaguarda.es\\\/#\\\/schema\\\/person\\\/a8b0c27ad7bcbb6c19799e934727508e\"},\"breadcrumb\":{\"@id\":\"https:\\\/\\\/www.turismoaguarda.es\\\/guarda-homenajea-al-padre-merino-la-virgen-las-mercedes-santa-trega-este-fin-semana\\\/#breadcrumb\"},\"inLanguage\":\"en-US\",\"potentialAction\":[{\"@type\":\"ReadAction\",\"target\":[\"https:\\\/\\\/www.turismoaguarda.es\\\/guarda-homenajea-al-padre-merino-la-virgen-las-mercedes-santa-trega-este-fin-semana\\\/\"]}]},{\"@type\":\"ImageObject\",\"inLanguage\":\"en-US\",\"@id\":\"https:\\\/\\\/www.turismoaguarda.es\\\/guarda-homenajea-al-padre-merino-la-virgen-las-mercedes-santa-trega-este-fin-semana\\\/#primaryimage\",\"url\":\"https:\\\/\\\/www.turismoaguarda.es\\\/wp-content\\\/uploads\\\/2017\\\/09\\\/Ermida-de-Santa-Trega.jpg\",\"contentUrl\":\"https:\\\/\\\/www.turismoaguarda.es\\\/wp-content\\\/uploads\\\/2017\\\/09\\\/Ermida-de-Santa-Trega.jpg\",\"width\":885,\"height\":497},{\"@type\":\"BreadcrumbList\",\"@id\":\"https:\\\/\\\/www.turismoaguarda.es\\\/guarda-homenajea-al-padre-merino-la-virgen-las-mercedes-santa-trega-este-fin-semana\\\/#breadcrumb\",\"itemListElement\":[{\"@type\":\"ListItem\",\"position\":1,\"name\":\"Portada\",\"item\":\"https:\\\/\\\/www.turismoaguarda.es\\\/en\\\/\"},{\"@type\":\"ListItem\",\"position\":2,\"name\":\"A Guarda homenajea a la Virgen de las Mercedes, Santa Trega y el Padre Merino este fin de semana\"}]},{\"@type\":\"WebSite\",\"@id\":\"https:\\\/\\\/www.turismoaguarda.es\\\/#website\",\"url\":\"https:\\\/\\\/www.turismoaguarda.es\\\/\",\"name\":\"Turismo A Guarda\",\"description\":\"Informaci\u00f3n tur\u00edstica de A Guarda y alrededores.\",\"potentialAction\":[{\"@type\":\"SearchAction\",\"target\":{\"@type\":\"EntryPoint\",\"urlTemplate\":\"https:\\\/\\\/www.turismoaguarda.es\\\/?s={search_term_string}\"},\"query-input\":{\"@type\":\"PropertyValueSpecification\",\"valueRequired\":true,\"valueName\":\"search_term_string\"}}],\"inLanguage\":\"en-US\"},{\"@type\":\"Person\",\"@id\":\"https:\\\/\\\/www.turismoaguarda.es\\\/#\\\/schema\\\/person\\\/a8b0c27ad7bcbb6c19799e934727508e\",\"name\":\"Prensa A Guarda\",\"image\":{\"@type\":\"ImageObject\",\"inLanguage\":\"en-US\",\"@id\":\"https:\\\/\\\/secure.gravatar.com\\\/avatar\\\/387e117f874ba5d0a3439060b45d914395d77287b2e4890a49d1599fc3ef9189?s=96&d=mm&r=g\",\"url\":\"https:\\\/\\\/secure.gravatar.com\\\/avatar\\\/387e117f874ba5d0a3439060b45d914395d77287b2e4890a49d1599fc3ef9189?s=96&d=mm&r=g\",\"contentUrl\":\"https:\\\/\\\/secure.gravatar.com\\\/avatar\\\/387e117f874ba5d0a3439060b45d914395d77287b2e4890a49d1599fc3ef9189?s=96&d=mm&r=g\",\"caption\":\"Prensa A Guarda\"},\"url\":\"https:\\\/\\\/www.turismoaguarda.es\\\/en\\\/author\\\/prensa\\\/\"}]}<\/script>\n<!-- \/ Yoast SEO plugin. -->","yoast_head_json":{"title":"A Guarda homenajea a la Virgen de las Mercedes, Santa Trega y el Padre Merino este fin de semana | Turismo A Guarda","robots":{"index":"index","follow":"follow","max-snippet":"max-snippet:-1","max-image-preview":"max-image-preview:large","max-video-preview":"max-video-preview:-1"},"canonical":"https:\/\/www.turismoaguarda.es\/guarda-homenajea-al-padre-merino-la-virgen-las-mercedes-santa-trega-este-fin-semana\/","og_locale":"en_US","og_type":"article","og_title":"A Guarda homenajea a la Virgen de las Mercedes, Santa Trega y el Padre Merino este fin de semana | Turismo A Guarda","og_description":"La programaci\u00f3n cultural de lo que queda de semana vendr\u00e1 marcada por los actos en homenaje al Padre Merino, con motivo del centenario del fallecimiento de este bot\u00e1nico y meteor\u00f3logo burgal\u00e9s que durante tres d\u00e9cadas residi\u00f3 y trabaj\u00f3 en A Guarda. Por su parte, las Fiestas en honor a la Virgen de las Mercedes yRead more","og_url":"https:\/\/www.turismoaguarda.es\/guarda-homenajea-al-padre-merino-la-virgen-las-mercedes-santa-trega-este-fin-semana\/","og_site_name":"Turismo A Guarda","article_publisher":"https:\/\/es-es.facebook.com\/Turismo-A-Guarda-126223240790625\/","article_published_time":"2017-09-21T13:27:49+00:00","article_modified_time":"2017-09-21T18:52:33+00:00","og_image":[{"width":885,"height":497,"url":"https:\/\/www.turismoaguarda.es\/wp-content\/uploads\/2017\/09\/Ermida-de-Santa-Trega.jpg","type":"image\/jpeg"}],"author":"Prensa A Guarda","twitter_card":"summary_large_image","twitter_creator":"@TurismoAGuarda","twitter_site":"@TurismoAGuarda","twitter_misc":{"Written by":"Prensa A Guarda","Est. reading time":"4 minutes"},"schema":{"@context":"https:\/\/schema.org","@graph":[{"@type":"Article","@id":"https:\/\/www.turismoaguarda.es\/guarda-homenajea-al-padre-merino-la-virgen-las-mercedes-santa-trega-este-fin-semana\/#article","isPartOf":{"@id":"https:\/\/www.turismoaguarda.es\/guarda-homenajea-al-padre-merino-la-virgen-las-mercedes-santa-trega-este-fin-semana\/"},"author":{"name":"Prensa A Guarda","@id":"https:\/\/www.turismoaguarda.es\/#\/schema\/person\/a8b0c27ad7bcbb6c19799e934727508e"},"headline":"A Guarda homenajea a la Virgen de las Mercedes, Santa Trega y el Padre Merino este fin de semana","datePublished":"2017-09-21T13:27:49+00:00","dateModified":"2017-09-21T18:52:33+00:00","mainEntityOfPage":{"@id":"https:\/\/www.turismoaguarda.es\/guarda-homenajea-al-padre-merino-la-virgen-las-mercedes-santa-trega-este-fin-semana\/"},"wordCount":791,"commentCount":0,"image":{"@id":"https:\/\/www.turismoaguarda.es\/guarda-homenajea-al-padre-merino-la-virgen-las-mercedes-santa-trega-este-fin-semana\/#primaryimage"},"thumbnailUrl":"https:\/\/www.turismoaguarda.es\/wp-content\/uploads\/2017\/09\/Ermida-de-Santa-Trega.jpg","keywords":["Carrera Popular Pedestre Julia Vaquero","Castro de Santa Trega","Comunidade de Montes de Camposancos","Festa da Zorza","Monte de Santa Trega","ORPAGU","Padre Baltasar Merino","Parque do Chan","Romer\u00eda de Santa Trega"],"articleSection":["Noticias Turismo"],"inLanguage":"en-US","potentialAction":[{"@type":"CommentAction","name":"Comment","target":["https:\/\/www.turismoaguarda.es\/guarda-homenajea-al-padre-merino-la-virgen-las-mercedes-santa-trega-este-fin-semana\/#respond"]}]},{"@type":"WebPage","@id":"https:\/\/www.turismoaguarda.es\/guarda-homenajea-al-padre-merino-la-virgen-las-mercedes-santa-trega-este-fin-semana\/","url":"https:\/\/www.turismoaguarda.es\/guarda-homenajea-al-padre-merino-la-virgen-las-mercedes-santa-trega-este-fin-semana\/","name":"A Guarda homenajea a la Virgen de las Mercedes, Santa Trega y el Padre Merino este fin de semana | Turismo A Guarda","isPartOf":{"@id":"https:\/\/www.turismoaguarda.es\/#website"},"primaryImageOfPage":{"@id":"https:\/\/www.turismoaguarda.es\/guarda-homenajea-al-padre-merino-la-virgen-las-mercedes-santa-trega-este-fin-semana\/#primaryimage"},"image":{"@id":"https:\/\/www.turismoaguarda.es\/guarda-homenajea-al-padre-merino-la-virgen-las-mercedes-santa-trega-este-fin-semana\/#primaryimage"},"thumbnailUrl":"https:\/\/www.turismoaguarda.es\/wp-content\/uploads\/2017\/09\/Ermida-de-Santa-Trega.jpg","datePublished":"2017-09-21T13:27:49+00:00","dateModified":"2017-09-21T18:52:33+00:00","author":{"@id":"https:\/\/www.turismoaguarda.es\/#\/schema\/person\/a8b0c27ad7bcbb6c19799e934727508e"},"breadcrumb":{"@id":"https:\/\/www.turismoaguarda.es\/guarda-homenajea-al-padre-merino-la-virgen-las-mercedes-santa-trega-este-fin-semana\/#breadcrumb"},"inLanguage":"en-US","potentialAction":[{"@type":"ReadAction","target":["https:\/\/www.turismoaguarda.es\/guarda-homenajea-al-padre-merino-la-virgen-las-mercedes-santa-trega-este-fin-semana\/"]}]},{"@type":"ImageObject","inLanguage":"en-US","@id":"https:\/\/www.turismoaguarda.es\/guarda-homenajea-al-padre-merino-la-virgen-las-mercedes-santa-trega-este-fin-semana\/#primaryimage","url":"https:\/\/www.turismoaguarda.es\/wp-content\/uploads\/2017\/09\/Ermida-de-Santa-Trega.jpg","contentUrl":"https:\/\/www.turismoaguarda.es\/wp-content\/uploads\/2017\/09\/Ermida-de-Santa-Trega.jpg","width":885,"height":497},{"@type":"BreadcrumbList","@id":"https:\/\/www.turismoaguarda.es\/guarda-homenajea-al-padre-merino-la-virgen-las-mercedes-santa-trega-este-fin-semana\/#breadcrumb","itemListElement":[{"@type":"ListItem","position":1,"name":"Portada","item":"https:\/\/www.turismoaguarda.es\/en\/"},{"@type":"ListItem","position":2,"name":"A Guarda homenajea a la Virgen de las Mercedes, Santa Trega y el Padre Merino este fin de semana"}]},{"@type":"WebSite","@id":"https:\/\/www.turismoaguarda.es\/#website","url":"https:\/\/www.turismoaguarda.es\/","name":"Turismo A Guarda","description":"Informaci\u00f3n tur\u00edstica de A Guarda y alrededores.","potentialAction":[{"@type":"SearchAction","target":{"@type":"EntryPoint","urlTemplate":"https:\/\/www.turismoaguarda.es\/?s={search_term_string}"},"query-input":{"@type":"PropertyValueSpecification","valueRequired":true,"valueName":"search_term_string"}}],"inLanguage":"en-US"},{"@type":"Person","@id":"https:\/\/www.turismoaguarda.es\/#\/schema\/person\/a8b0c27ad7bcbb6c19799e934727508e","name":"Prensa A Guarda","image":{"@type":"ImageObject","inLanguage":"en-US","@id":"https:\/\/secure.gravatar.com\/avatar\/387e117f874ba5d0a3439060b45d914395d77287b2e4890a49d1599fc3ef9189?s=96&d=mm&r=g","url":"https:\/\/secure.gravatar.com\/avatar\/387e117f874ba5d0a3439060b45d914395d77287b2e4890a49d1599fc3ef9189?s=96&d=mm&r=g","contentUrl":"https:\/\/secure.gravatar.com\/avatar\/387e117f874ba5d0a3439060b45d914395d77287b2e4890a49d1599fc3ef9189?s=96&d=mm&r=g","caption":"Prensa A Guarda"},"url":"https:\/\/www.turismoaguarda.es\/en\/author\/prensa\/"}]}},"_links":{"self":[{"href":"https:\/\/www.turismoaguarda.es\/en\/wp-json\/wp\/v2\/posts\/5371","targetHints":{"allow":["GET"]}}],"collection":[{"href":"https:\/\/www.turismoaguarda.es\/en\/wp-json\/wp\/v2\/posts"}],"about":[{"href":"https:\/\/www.turismoaguarda.es\/en\/wp-json\/wp\/v2\/types\/post"}],"author":[{"embeddable":true,"href":"https:\/\/www.turismoaguarda.es\/en\/wp-json\/wp\/v2\/users\/11"}],"replies":[{"embeddable":true,"href":"https:\/\/www.turismoaguarda.es\/en\/wp-json\/wp\/v2\/comments?post=5371"}],"version-history":[{"count":6,"href":"https:\/\/www.turismoaguarda.es\/en\/wp-json\/wp\/v2\/posts\/5371\/revisions"}],"predecessor-version":[{"id":5390,"href":"https:\/\/www.turismoaguarda.es\/en\/wp-json\/wp\/v2\/posts\/5371\/revisions\/5390"}],"wp:featuredmedia":[{"embeddable":true,"href":"https:\/\/www.turismoaguarda.es\/en\/wp-json\/wp\/v2\/media\/5374"}],"wp:attachment":[{"href":"https:\/\/www.turismoaguarda.es\/en\/wp-json\/wp\/v2\/media?parent=5371"}],"wp:term":[{"taxonomy":"category","embeddable":true,"href":"https:\/\/www.turismoaguarda.es\/en\/wp-json\/wp\/v2\/categories?post=5371"},{"taxonomy":"post_tag","embeddable":true,"href":"https:\/\/www.turismoaguarda.es\/en\/wp-json\/wp\/v2\/tags?post=5371"}],"curies":[{"name":"wp","href":"https:\/\/api.w.org\/{rel}","templated":true}]}}