{"id":4689,"date":"2017-06-05T18:07:31","date_gmt":"2017-06-05T18:07:31","guid":{"rendered":"http:\/\/www.turismoaguarda.es\/horario-semanal-del-ferry-guarda-caminha-domingo-11-junio\/"},"modified":"2017-06-05T18:07:31","modified_gmt":"2017-06-05T18:07:31","slug":"horario-semanal-del-ferry-guarda-caminha-domingo-11-junio","status":"publish","type":"post","link":"https:\/\/www.turismoaguarda.es\/en\/horario-semanal-del-ferry-guarda-caminha-domingo-11-junio\/","title":{"rendered":"Horario semanal del ferry A Guarda \u2013 Caminha  hasta el domingo 11 de junio"},"content":{"rendered":"<p class=\"western\" align=\"justify\"><span style=\"font-family: Trebuchet MS,sans-serif;\"><span style=\"font-size: small;\">Esta semana las salidas del ferry apenas se ver\u00e1n afectadas por la marea baja aunque provocar\u00e1 algunas cancelaciones.<\/span><\/span><\/p>\n<p class=\"western\" align=\"justify\"><span style=\"font-family: Trebuchet MS,sans-serif;\"><span style=\"font-size: small;\"><span lang=\"es-ES\">Por lo tanto se remite el horario definitivo hasta el domingo 11 de junio con las correspondientes aclaraciones en las casillas de los horarios que sufren alguna variaci\u00f3n o cancelaci\u00f3n:<\/span><\/span><\/span><\/p>\n<ul>\n<li>\n<p class=\"western\" align=\"justify\"><span style=\"font-family: Trebuchet MS,sans-serif;\"><span style=\"font-size: small;\"><span lang=\"es-ES\"><b>Las sa\u00eddas canceladas <\/b><\/span><\/span><\/span><span style=\"font-family: Trebuchet MS,sans-serif;\"><span style=\"font-size: small;\"><span lang=\"es-ES\">por descanso de personal o por la marea baja est\u00e1n indicadas con <\/span><\/span><\/span><span style=\"font-family: Trebuchet MS,sans-serif;\"><span style=\"font-size: small;\"><span lang=\"es-ES\"><b>NO<\/b><\/span><\/span><\/span> <span style=\"font-family: Trebuchet MS,sans-serif;\"><span style=\"font-size: small;\"><span lang=\"es-ES\">en la<\/span><\/span><\/span><span style=\"font-family: Trebuchet MS,sans-serif;\"><span style=\"font-size: small;\"><span lang=\"es-ES\"> cas<\/span><\/span><\/span><span style=\"font-family: Trebuchet MS,sans-serif;\"><span style=\"font-size: small;\"><span lang=\"es-ES\">illa.<\/span><\/span><\/span><\/p>\n<\/li>\n<li>\n<p class=\"western\" align=\"justify\"><span style=\"font-family: Trebuchet MS,sans-serif;\"><span style=\"font-size: small;\"><span lang=\"es-ES\"><b>Aquellas <\/b><\/span><\/span><\/span><span style=\"font-family: Trebuchet MS,sans-serif;\"><span style=\"font-size: small;\"><span lang=\"es-ES\"><b>salidas que <\/b><\/span><\/span><\/span><span style=\"font-family: Trebuchet MS,sans-serif;\"><span style=\"font-size: small;\"><span lang=\"es-ES\"><b>modifican la hora <\/b><\/span><\/span><\/span><span style=\"font-family: Trebuchet MS,sans-serif;\"><span style=\"font-size: small;\"><span lang=\"es-ES\"><b>de salida<\/b><\/span><\/span><\/span><span style=\"font-family: Trebuchet MS,sans-serif;\"><span style=\"font-size: small;\"><span lang=\"es-ES\"><b> para ajustarse a la marea baja<\/b><\/span><\/span><\/span><span style=\"font-family: Trebuchet MS,sans-serif;\"><span style=\"font-size: small;\"><span lang=\"es-ES\"> est\u00e1n detalladas en la propia casilla con la hora de salida de Caminha y de A Guarda<\/span><\/span><\/span><\/p>\n<\/li>\n<li>\n<p class=\"western\" align=\"justify\"><span style=\"font-family: Trebuchet MS,sans-serif;\"><span style=\"font-size: small;\"><span lang=\"es-ES\">Las casillas con<\/span><\/span><\/span><span style=\"font-family: Trebuchet MS,sans-serif;\"><span style=\"font-size: small;\"><span lang=\"es-ES\"><b>\u201c<\/b><\/span><\/span><\/span><span style=\"font-family: Trebuchet MS,sans-serif;\"><span style=\"font-size: small;\"><span lang=\"es-ES\"><b>no asegurada<\/b><\/span><\/span><\/span><span style=\"font-family: Trebuchet MS,sans-serif;\"><span style=\"font-size: small;\"><span lang=\"es-ES\"><b>\u201d se refieren a las salid<\/b><\/span><\/span><\/span><span style=\"font-family: Trebuchet MS,sans-serif;\"><span style=\"font-size: small;\"><span lang=\"es-ES\">as no aseguradas hasta el mismo d\u00eda ya que ser\u00e1 el patr\u00f3n del ferry quien indique si hay suficiente calado. <\/span><\/span><\/span><\/p>\n<\/li>\n<\/ul>\n<p class=\"western\" align=\"justify\"><span style=\"font-family: Trebuchet MS,sans-serif;\"><span style=\"font-size: small;\"><span lang=\"es-ES\">Para m\u00e1s informaci\u00f3n, se recomienda llamar a despacho de billetes 986 61 15 26 en el <\/span><\/span><\/span><span style=\"font-family: Trebuchet MS,sans-serif;\"><span style=\"font-size: small;\"><span lang=\"es-ES\">horario de atenci\u00f3n de 10:00 a 13:00 y de 15:00 a 20:00.<\/span><\/span><\/span><\/p>\n<p class=\"western\" align=\"justify\"><img loading=\"lazy\" decoding=\"async\" class=\"alignnone size-full wp-image-4685\" src=\"http:\/\/www.turismoaguarda.es\/wp-content\/uploads\/2017\/06\/NP-FERRY-ata-11-DE-XU\u00d1O-ESP.jpg\" alt=\"\" width=\"826\" height=\"1169\" srcset=\"https:\/\/www.turismoaguarda.es\/wp-content\/uploads\/2017\/06\/NP-FERRY-ata-11-DE-XU\u00d1O-ESP.jpg 826w, https:\/\/www.turismoaguarda.es\/wp-content\/uploads\/2017\/06\/NP-FERRY-ata-11-DE-XU\u00d1O-ESP-212x300.jpg 212w, https:\/\/www.turismoaguarda.es\/wp-content\/uploads\/2017\/06\/NP-FERRY-ata-11-DE-XU\u00d1O-ESP-768x1087.jpg 768w, https:\/\/www.turismoaguarda.es\/wp-content\/uploads\/2017\/06\/NP-FERRY-ata-11-DE-XU\u00d1O-ESP-724x1024.jpg 724w, https:\/\/www.turismoaguarda.es\/wp-content\/uploads\/2017\/06\/NP-FERRY-ata-11-DE-XU\u00d1O-ESP-150x212.jpg 150w, https:\/\/www.turismoaguarda.es\/wp-content\/uploads\/2017\/06\/NP-FERRY-ata-11-DE-XU\u00d1O-ESP-353x500.jpg 353w\" sizes=\"auto, (max-width: 826px) 100vw, 826px\" \/><\/p>\n<p class=\"western\" align=\"justify\">\n<\/p>","protected":false},"excerpt":{"rendered":"<p>Esta semana las salidas del ferry apenas se ver\u00e1n afectadas por la marea baja aunque provocar\u00e1 algunas cancelaciones. Por lo tanto se remite el horario definitivo hasta el domingo 11 de junio con las correspondientes aclaraciones en las casillas de los horarios que sufren alguna variaci\u00f3n o cancelaci\u00f3n: Las sa\u00eddas canceladas por descanso de personal<\/p>\n<div class=\"padding-top text-center\"><a href=\"https:\/\/www.turismoaguarda.es\/en\/horario-semanal-del-ferry-guarda-caminha-domingo-11-junio\/\" class=\"atbtn atbtn--medium atbtn--rounded atbtn--transparent\">Read more<i class=\"atbtn__icon atbtn__icon--right fa fa-long-arrow-right\"><\/i><\/a><\/div>\n","protected":false},"author":7,"featured_media":0,"comment_status":"open","ping_status":"open","sticky":false,"template":"","format":"standard","meta":{"footnotes":""},"categories":[95],"tags":[278,426,323],"class_list":["post-4689","post","type-post","status-publish","format-standard","hentry","category-news","tag-concello-da-guarda-en","tag-ferry-en","tag-turismo-a-guarda-en"],"yoast_head":"<!-- This site is optimized with the Yoast SEO plugin v27.5 - https:\/\/yoast.com\/product\/yoast-seo-wordpress\/ -->\n<title>Horario semanal del ferry A Guarda \u2013 Caminha hasta el domingo 11 de junio | Turismo A Guarda<\/title>\n<meta name=\"robots\" content=\"index, follow, max-snippet:-1, max-image-preview:large, max-video-preview:-1\" \/>\n<link rel=\"canonical\" href=\"https:\/\/www.turismoaguarda.es\/en\/horario-semanal-del-ferry-guarda-caminha-domingo-11-junio\/\" \/>\n<meta property=\"og:locale\" content=\"en_US\" \/>\n<meta property=\"og:type\" content=\"article\" \/>\n<meta property=\"og:title\" content=\"Horario semanal del ferry A Guarda \u2013 Caminha hasta el domingo 11 de junio | Turismo A Guarda\" \/>\n<meta property=\"og:description\" content=\"Esta semana las salidas del ferry apenas se ver\u00e1n afectadas por la marea baja aunque provocar\u00e1 algunas cancelaciones. Por lo tanto se remite el horario definitivo hasta el domingo 11 de junio con las correspondientes aclaraciones en las casillas de los horarios que sufren alguna variaci\u00f3n o cancelaci\u00f3n: Las sa\u00eddas canceladas por descanso de personalRead more\" \/>\n<meta property=\"og:url\" content=\"https:\/\/www.turismoaguarda.es\/en\/horario-semanal-del-ferry-guarda-caminha-domingo-11-junio\/\" \/>\n<meta property=\"og:site_name\" content=\"Turismo A Guarda\" \/>\n<meta property=\"article:publisher\" content=\"https:\/\/es-es.facebook.com\/Turismo-A-Guarda-126223240790625\/\" \/>\n<meta property=\"article:published_time\" content=\"2017-06-05T18:07:31+00:00\" \/>\n<meta property=\"og:image\" content=\"http:\/\/www.turismoaguarda.es\/wp-content\/uploads\/2017\/06\/NP-FERRY-ata-11-DE-XU\u00d1O-ESP.jpg\" \/>\n<meta name=\"author\" content=\"Rosalia Verde\" \/>\n<meta name=\"twitter:card\" content=\"summary_large_image\" \/>\n<meta name=\"twitter:creator\" content=\"@TurismoAGuarda\" \/>\n<meta name=\"twitter:site\" content=\"@TurismoAGuarda\" \/>\n<meta name=\"twitter:label1\" content=\"Written by\" \/>\n\t<meta name=\"twitter:data1\" content=\"Rosalia Verde\" \/>\n\t<meta name=\"twitter:label2\" content=\"Est. reading time\" \/>\n\t<meta name=\"twitter:data2\" content=\"1 minute\" \/>\n<script type=\"application\/ld+json\" class=\"yoast-schema-graph\">{\"@context\":\"https:\\\/\\\/schema.org\",\"@graph\":[{\"@type\":\"Article\",\"@id\":\"https:\\\/\\\/www.turismoaguarda.es\\\/en\\\/horario-semanal-del-ferry-guarda-caminha-domingo-11-junio\\\/#article\",\"isPartOf\":{\"@id\":\"https:\\\/\\\/www.turismoaguarda.es\\\/en\\\/horario-semanal-del-ferry-guarda-caminha-domingo-11-junio\\\/\"},\"author\":{\"name\":\"Rosalia Verde\",\"@id\":\"https:\\\/\\\/www.turismoaguarda.es\\\/#\\\/schema\\\/person\\\/9282bb1649316a88a88b0eca34bd959b\"},\"headline\":\"Horario semanal del ferry A Guarda \u2013 Caminha hasta el domingo 11 de junio\",\"datePublished\":\"2017-06-05T18:07:31+00:00\",\"mainEntityOfPage\":{\"@id\":\"https:\\\/\\\/www.turismoaguarda.es\\\/en\\\/horario-semanal-del-ferry-guarda-caminha-domingo-11-junio\\\/\"},\"wordCount\":171,\"commentCount\":0,\"keywords\":[\"Concello da Guarda\",\"ferry\",\"Turismo A Guarda\"],\"articleSection\":[\"News\"],\"inLanguage\":\"en-US\",\"potentialAction\":[{\"@type\":\"CommentAction\",\"name\":\"Comment\",\"target\":[\"https:\\\/\\\/www.turismoaguarda.es\\\/en\\\/horario-semanal-del-ferry-guarda-caminha-domingo-11-junio\\\/#respond\"]}]},{\"@type\":\"WebPage\",\"@id\":\"https:\\\/\\\/www.turismoaguarda.es\\\/en\\\/horario-semanal-del-ferry-guarda-caminha-domingo-11-junio\\\/\",\"url\":\"https:\\\/\\\/www.turismoaguarda.es\\\/en\\\/horario-semanal-del-ferry-guarda-caminha-domingo-11-junio\\\/\",\"name\":\"Horario semanal del ferry A Guarda \u2013 Caminha hasta el domingo 11 de junio | Turismo A Guarda\",\"isPartOf\":{\"@id\":\"https:\\\/\\\/www.turismoaguarda.es\\\/#website\"},\"datePublished\":\"2017-06-05T18:07:31+00:00\",\"author\":{\"@id\":\"https:\\\/\\\/www.turismoaguarda.es\\\/#\\\/schema\\\/person\\\/9282bb1649316a88a88b0eca34bd959b\"},\"breadcrumb\":{\"@id\":\"https:\\\/\\\/www.turismoaguarda.es\\\/en\\\/horario-semanal-del-ferry-guarda-caminha-domingo-11-junio\\\/#breadcrumb\"},\"inLanguage\":\"en-US\",\"potentialAction\":[{\"@type\":\"ReadAction\",\"target\":[\"https:\\\/\\\/www.turismoaguarda.es\\\/en\\\/horario-semanal-del-ferry-guarda-caminha-domingo-11-junio\\\/\"]}]},{\"@type\":\"BreadcrumbList\",\"@id\":\"https:\\\/\\\/www.turismoaguarda.es\\\/en\\\/horario-semanal-del-ferry-guarda-caminha-domingo-11-junio\\\/#breadcrumb\",\"itemListElement\":[{\"@type\":\"ListItem\",\"position\":1,\"name\":\"Portada\",\"item\":\"https:\\\/\\\/www.turismoaguarda.es\\\/en\\\/\"},{\"@type\":\"ListItem\",\"position\":2,\"name\":\"Horario semanal del ferry A Guarda \u2013 Caminha hasta el domingo 11 de junio\"}]},{\"@type\":\"WebSite\",\"@id\":\"https:\\\/\\\/www.turismoaguarda.es\\\/#website\",\"url\":\"https:\\\/\\\/www.turismoaguarda.es\\\/\",\"name\":\"Turismo A Guarda\",\"description\":\"Informaci\u00f3n tur\u00edstica de A Guarda y alrededores.\",\"potentialAction\":[{\"@type\":\"SearchAction\",\"target\":{\"@type\":\"EntryPoint\",\"urlTemplate\":\"https:\\\/\\\/www.turismoaguarda.es\\\/?s={search_term_string}\"},\"query-input\":{\"@type\":\"PropertyValueSpecification\",\"valueRequired\":true,\"valueName\":\"search_term_string\"}}],\"inLanguage\":\"en-US\"},{\"@type\":\"Person\",\"@id\":\"https:\\\/\\\/www.turismoaguarda.es\\\/#\\\/schema\\\/person\\\/9282bb1649316a88a88b0eca34bd959b\",\"name\":\"Rosalia Verde\",\"image\":{\"@type\":\"ImageObject\",\"inLanguage\":\"en-US\",\"@id\":\"https:\\\/\\\/secure.gravatar.com\\\/avatar\\\/40761cb45c6464d3a83ebde1e1f3fa222726fcacc4d5b5048a7920608c99e0e5?s=96&d=mm&r=g\",\"url\":\"https:\\\/\\\/secure.gravatar.com\\\/avatar\\\/40761cb45c6464d3a83ebde1e1f3fa222726fcacc4d5b5048a7920608c99e0e5?s=96&d=mm&r=g\",\"contentUrl\":\"https:\\\/\\\/secure.gravatar.com\\\/avatar\\\/40761cb45c6464d3a83ebde1e1f3fa222726fcacc4d5b5048a7920608c99e0e5?s=96&d=mm&r=g\",\"caption\":\"Rosalia Verde\"},\"url\":\"https:\\\/\\\/www.turismoaguarda.es\\\/en\\\/author\\\/rosalia\\\/\"}]}<\/script>\n<!-- \/ Yoast SEO plugin. -->","yoast_head_json":{"title":"Horario semanal del ferry A Guarda \u2013 Caminha hasta el domingo 11 de junio | Turismo A Guarda","robots":{"index":"index","follow":"follow","max-snippet":"max-snippet:-1","max-image-preview":"max-image-preview:large","max-video-preview":"max-video-preview:-1"},"canonical":"https:\/\/www.turismoaguarda.es\/en\/horario-semanal-del-ferry-guarda-caminha-domingo-11-junio\/","og_locale":"en_US","og_type":"article","og_title":"Horario semanal del ferry A Guarda \u2013 Caminha hasta el domingo 11 de junio | Turismo A Guarda","og_description":"Esta semana las salidas del ferry apenas se ver\u00e1n afectadas por la marea baja aunque provocar\u00e1 algunas cancelaciones. Por lo tanto se remite el horario definitivo hasta el domingo 11 de junio con las correspondientes aclaraciones en las casillas de los horarios que sufren alguna variaci\u00f3n o cancelaci\u00f3n: Las sa\u00eddas canceladas por descanso de personalRead more","og_url":"https:\/\/www.turismoaguarda.es\/en\/horario-semanal-del-ferry-guarda-caminha-domingo-11-junio\/","og_site_name":"Turismo A Guarda","article_publisher":"https:\/\/es-es.facebook.com\/Turismo-A-Guarda-126223240790625\/","article_published_time":"2017-06-05T18:07:31+00:00","og_image":[{"url":"http:\/\/www.turismoaguarda.es\/wp-content\/uploads\/2017\/06\/NP-FERRY-ata-11-DE-XU\u00d1O-ESP.jpg","type":"","width":"","height":""}],"author":"Rosalia Verde","twitter_card":"summary_large_image","twitter_creator":"@TurismoAGuarda","twitter_site":"@TurismoAGuarda","twitter_misc":{"Written by":"Rosalia Verde","Est. reading time":"1 minute"},"schema":{"@context":"https:\/\/schema.org","@graph":[{"@type":"Article","@id":"https:\/\/www.turismoaguarda.es\/en\/horario-semanal-del-ferry-guarda-caminha-domingo-11-junio\/#article","isPartOf":{"@id":"https:\/\/www.turismoaguarda.es\/en\/horario-semanal-del-ferry-guarda-caminha-domingo-11-junio\/"},"author":{"name":"Rosalia Verde","@id":"https:\/\/www.turismoaguarda.es\/#\/schema\/person\/9282bb1649316a88a88b0eca34bd959b"},"headline":"Horario semanal del ferry A Guarda \u2013 Caminha hasta el domingo 11 de junio","datePublished":"2017-06-05T18:07:31+00:00","mainEntityOfPage":{"@id":"https:\/\/www.turismoaguarda.es\/en\/horario-semanal-del-ferry-guarda-caminha-domingo-11-junio\/"},"wordCount":171,"commentCount":0,"keywords":["Concello da Guarda","ferry","Turismo A Guarda"],"articleSection":["News"],"inLanguage":"en-US","potentialAction":[{"@type":"CommentAction","name":"Comment","target":["https:\/\/www.turismoaguarda.es\/en\/horario-semanal-del-ferry-guarda-caminha-domingo-11-junio\/#respond"]}]},{"@type":"WebPage","@id":"https:\/\/www.turismoaguarda.es\/en\/horario-semanal-del-ferry-guarda-caminha-domingo-11-junio\/","url":"https:\/\/www.turismoaguarda.es\/en\/horario-semanal-del-ferry-guarda-caminha-domingo-11-junio\/","name":"Horario semanal del ferry A Guarda \u2013 Caminha hasta el domingo 11 de junio | Turismo A Guarda","isPartOf":{"@id":"https:\/\/www.turismoaguarda.es\/#website"},"datePublished":"2017-06-05T18:07:31+00:00","author":{"@id":"https:\/\/www.turismoaguarda.es\/#\/schema\/person\/9282bb1649316a88a88b0eca34bd959b"},"breadcrumb":{"@id":"https:\/\/www.turismoaguarda.es\/en\/horario-semanal-del-ferry-guarda-caminha-domingo-11-junio\/#breadcrumb"},"inLanguage":"en-US","potentialAction":[{"@type":"ReadAction","target":["https:\/\/www.turismoaguarda.es\/en\/horario-semanal-del-ferry-guarda-caminha-domingo-11-junio\/"]}]},{"@type":"BreadcrumbList","@id":"https:\/\/www.turismoaguarda.es\/en\/horario-semanal-del-ferry-guarda-caminha-domingo-11-junio\/#breadcrumb","itemListElement":[{"@type":"ListItem","position":1,"name":"Portada","item":"https:\/\/www.turismoaguarda.es\/en\/"},{"@type":"ListItem","position":2,"name":"Horario semanal del ferry A Guarda \u2013 Caminha hasta el domingo 11 de junio"}]},{"@type":"WebSite","@id":"https:\/\/www.turismoaguarda.es\/#website","url":"https:\/\/www.turismoaguarda.es\/","name":"Turismo A Guarda","description":"Informaci\u00f3n tur\u00edstica de A Guarda y alrededores.","potentialAction":[{"@type":"SearchAction","target":{"@type":"EntryPoint","urlTemplate":"https:\/\/www.turismoaguarda.es\/?s={search_term_string}"},"query-input":{"@type":"PropertyValueSpecification","valueRequired":true,"valueName":"search_term_string"}}],"inLanguage":"en-US"},{"@type":"Person","@id":"https:\/\/www.turismoaguarda.es\/#\/schema\/person\/9282bb1649316a88a88b0eca34bd959b","name":"Rosalia Verde","image":{"@type":"ImageObject","inLanguage":"en-US","@id":"https:\/\/secure.gravatar.com\/avatar\/40761cb45c6464d3a83ebde1e1f3fa222726fcacc4d5b5048a7920608c99e0e5?s=96&d=mm&r=g","url":"https:\/\/secure.gravatar.com\/avatar\/40761cb45c6464d3a83ebde1e1f3fa222726fcacc4d5b5048a7920608c99e0e5?s=96&d=mm&r=g","contentUrl":"https:\/\/secure.gravatar.com\/avatar\/40761cb45c6464d3a83ebde1e1f3fa222726fcacc4d5b5048a7920608c99e0e5?s=96&d=mm&r=g","caption":"Rosalia Verde"},"url":"https:\/\/www.turismoaguarda.es\/en\/author\/rosalia\/"}]}},"_links":{"self":[{"href":"https:\/\/www.turismoaguarda.es\/en\/wp-json\/wp\/v2\/posts\/4689","targetHints":{"allow":["GET"]}}],"collection":[{"href":"https:\/\/www.turismoaguarda.es\/en\/wp-json\/wp\/v2\/posts"}],"about":[{"href":"https:\/\/www.turismoaguarda.es\/en\/wp-json\/wp\/v2\/types\/post"}],"author":[{"embeddable":true,"href":"https:\/\/www.turismoaguarda.es\/en\/wp-json\/wp\/v2\/users\/7"}],"replies":[{"embeddable":true,"href":"https:\/\/www.turismoaguarda.es\/en\/wp-json\/wp\/v2\/comments?post=4689"}],"version-history":[{"count":0,"href":"https:\/\/www.turismoaguarda.es\/en\/wp-json\/wp\/v2\/posts\/4689\/revisions"}],"wp:attachment":[{"href":"https:\/\/www.turismoaguarda.es\/en\/wp-json\/wp\/v2\/media?parent=4689"}],"wp:term":[{"taxonomy":"category","embeddable":true,"href":"https:\/\/www.turismoaguarda.es\/en\/wp-json\/wp\/v2\/categories?post=4689"},{"taxonomy":"post_tag","embeddable":true,"href":"https:\/\/www.turismoaguarda.es\/en\/wp-json\/wp\/v2\/tags?post=4689"}],"curies":[{"name":"wp","href":"https:\/\/api.w.org\/{rel}","templated":true}]}}