{"id":17924,"date":"2025-05-08T13:01:17","date_gmt":"2025-05-08T11:01:17","guid":{"rendered":"https:\/\/www.turismoaguarda.es\/?p=17924"},"modified":"2025-05-08T13:01:17","modified_gmt":"2025-05-08T11:01:17","slug":"a-guarda-presente-en-la-feria-de-abril-en-la-caseta-de-lar-gallego","status":"publish","type":"post","link":"https:\/\/www.turismoaguarda.es\/en\/a-guarda-presente-en-la-feria-de-abril-en-la-caseta-de-lar-gallego\/","title":{"rendered":"A Guarda, presente en la Feria de Abril en la caseta de Lar Gallego"},"content":{"rendered":"<p>El Concello de A Guarda fue este a\u00f1o el municipio gallego invitado en el stand de la Casa de Galicia en Sevilla, el Lar Gallego, durante la emblem\u00e1tica Feria de Abril.<\/p>\n<p>El alcalde de A Guarda, acudi\u00f3 este lunes a la tradicional cena del Pesca\u00edto y al alumbrao de la portada con la que se inici\u00f3 la Feria de Abril 2025. En el stand del Lar Gallego se pudieron observar fotograf\u00edas que muestran la belleza natural, patrimonio, gastronom\u00eda y riqueza cultural de la villa.<\/p>\n<p>&#8220;Fue una noche muy bonita, donde la gente deseaba conocer m\u00e1s de los paisajes y de la historia que los rodeaban&#8221;, relata el alcalde. &#8220;Ver tanta gente hablando sobre A Guarda fue realmente emocionante&#8221;.<\/p>\n<p><a href=\"https:\/\/www.turismoaguarda.es\/a-guarda-presente-en-la-feria-de-abril-en-la-caseta-de-lar-gallego\/feria-sevilla-1\/\" rel=\"attachment wp-att-17925\"><img loading=\"lazy\" decoding=\"async\" class=\"alignleft  wp-image-17925\" src=\"https:\/\/www.turismoaguarda.es\/wp-content\/uploads\/2025\/05\/feria-sevilla-1.jpeg\" alt=\"\" width=\"558\" height=\"314\" srcset=\"https:\/\/www.turismoaguarda.es\/wp-content\/uploads\/2025\/05\/feria-sevilla-1.jpeg 1600w, https:\/\/www.turismoaguarda.es\/wp-content\/uploads\/2025\/05\/feria-sevilla-1-300x169.jpeg 300w, https:\/\/www.turismoaguarda.es\/wp-content\/uploads\/2025\/05\/feria-sevilla-1-1024x576.jpeg 1024w, https:\/\/www.turismoaguarda.es\/wp-content\/uploads\/2025\/05\/feria-sevilla-1-768x432.jpeg 768w, https:\/\/www.turismoaguarda.es\/wp-content\/uploads\/2025\/05\/feria-sevilla-1-1536x864.jpeg 1536w, https:\/\/www.turismoaguarda.es\/wp-content\/uploads\/2025\/05\/feria-sevilla-1-150x84.jpeg 150w, https:\/\/www.turismoaguarda.es\/wp-content\/uploads\/2025\/05\/feria-sevilla-1-500x281.jpeg 500w\" sizes=\"auto, (max-width: 558px) 100vw, 558px\" \/><\/a><\/p>\n","protected":false},"excerpt":{"rendered":"<p>El Concello de A Guarda fue este a\u00f1o el municipio gallego invitado en el stand de la Casa de Galicia en Sevilla, el Lar Gallego, durante la emblem\u00e1tica Feria de Abril. El alcalde de A Guarda, acudi\u00f3 este lunes a la tradicional cena del Pesca\u00edto y al alumbrao de la portada con la que se<\/p>\n<div class=\"padding-top text-center\"><a href=\"https:\/\/www.turismoaguarda.es\/en\/a-guarda-presente-en-la-feria-de-abril-en-la-caseta-de-lar-gallego\/\" class=\"atbtn atbtn--medium atbtn--rounded atbtn--transparent\">Read more<i class=\"atbtn__icon atbtn__icon--right fa fa-long-arrow-right\"><\/i><\/a><\/div>\n","protected":false},"author":11,"featured_media":17928,"comment_status":"open","ping_status":"open","sticky":false,"template":"","format":"standard","meta":{"footnotes":""},"categories":[44],"tags":[],"class_list":["post-17924","post","type-post","status-publish","format-standard","has-post-thumbnail","hentry","category-noticias-turismo"],"yoast_head":"<!-- This site is optimized with the Yoast SEO plugin v27.5 - https:\/\/yoast.com\/product\/yoast-seo-wordpress\/ -->\n<title>A Guarda, presente en la Feria de Abril en la caseta de Lar Gallego | Turismo A Guarda<\/title>\n<meta name=\"description\" content=\"El Concello de A Guarda fue este a\u00f1o el municipio gallego invitado en el stand de la Casa de Galicia en Sevilla, el Lar Gallego, durante la\" \/>\n<meta name=\"robots\" content=\"index, follow, max-snippet:-1, max-image-preview:large, max-video-preview:-1\" \/>\n<link rel=\"canonical\" href=\"https:\/\/www.turismoaguarda.es\/a-guarda-presente-en-la-feria-de-abril-en-la-caseta-de-lar-gallego\/\" \/>\n<meta property=\"og:locale\" content=\"en_US\" \/>\n<meta property=\"og:type\" content=\"article\" \/>\n<meta property=\"og:title\" content=\"A Guarda, presente en la Feria de Abril en la caseta de Lar Gallego | Turismo A Guarda\" \/>\n<meta property=\"og:description\" content=\"El Concello de A Guarda fue este a\u00f1o el municipio gallego invitado en el stand de la Casa de Galicia en Sevilla, el Lar Gallego, durante la\" \/>\n<meta property=\"og:url\" content=\"https:\/\/www.turismoaguarda.es\/a-guarda-presente-en-la-feria-de-abril-en-la-caseta-de-lar-gallego\/\" \/>\n<meta property=\"og:site_name\" content=\"Turismo A Guarda\" \/>\n<meta property=\"article:publisher\" content=\"https:\/\/es-es.facebook.com\/Turismo-A-Guarda-126223240790625\/\" \/>\n<meta property=\"article:published_time\" content=\"2025-05-08T11:01:17+00:00\" \/>\n<meta property=\"og:image\" content=\"https:\/\/www.turismoaguarda.es\/wp-content\/uploads\/2025\/05\/feria-sevilla-2.jpeg\" \/>\n\t<meta property=\"og:image:width\" content=\"1600\" \/>\n\t<meta property=\"og:image:height\" content=\"1200\" \/>\n\t<meta property=\"og:image:type\" content=\"image\/jpeg\" \/>\n<meta name=\"author\" content=\"Prensa A Guarda\" \/>\n<meta name=\"twitter:card\" content=\"summary_large_image\" \/>\n<meta name=\"twitter:creator\" content=\"@TurismoAGuarda\" \/>\n<meta name=\"twitter:site\" content=\"@TurismoAGuarda\" \/>\n<meta name=\"twitter:label1\" content=\"Written by\" \/>\n\t<meta name=\"twitter:data1\" content=\"Prensa A Guarda\" \/>\n\t<meta name=\"twitter:label2\" content=\"Est. reading time\" \/>\n\t<meta name=\"twitter:data2\" content=\"1 minute\" \/>\n<script type=\"application\/ld+json\" class=\"yoast-schema-graph\">{\"@context\":\"https:\\\/\\\/schema.org\",\"@graph\":[{\"@type\":\"Article\",\"@id\":\"https:\\\/\\\/www.turismoaguarda.es\\\/a-guarda-presente-en-la-feria-de-abril-en-la-caseta-de-lar-gallego\\\/#article\",\"isPartOf\":{\"@id\":\"https:\\\/\\\/www.turismoaguarda.es\\\/a-guarda-presente-en-la-feria-de-abril-en-la-caseta-de-lar-gallego\\\/\"},\"author\":{\"name\":\"Prensa A Guarda\",\"@id\":\"https:\\\/\\\/www.turismoaguarda.es\\\/#\\\/schema\\\/person\\\/a8b0c27ad7bcbb6c19799e934727508e\"},\"headline\":\"A Guarda, presente en la Feria de Abril en la caseta de Lar Gallego\",\"datePublished\":\"2025-05-08T11:01:17+00:00\",\"mainEntityOfPage\":{\"@id\":\"https:\\\/\\\/www.turismoaguarda.es\\\/a-guarda-presente-en-la-feria-de-abril-en-la-caseta-de-lar-gallego\\\/\"},\"wordCount\":137,\"commentCount\":0,\"image\":{\"@id\":\"https:\\\/\\\/www.turismoaguarda.es\\\/a-guarda-presente-en-la-feria-de-abril-en-la-caseta-de-lar-gallego\\\/#primaryimage\"},\"thumbnailUrl\":\"https:\\\/\\\/www.turismoaguarda.es\\\/wp-content\\\/uploads\\\/2025\\\/05\\\/feria-sevilla-2.jpeg\",\"articleSection\":[\"Noticias Turismo\"],\"inLanguage\":\"en-US\",\"potentialAction\":[{\"@type\":\"CommentAction\",\"name\":\"Comment\",\"target\":[\"https:\\\/\\\/www.turismoaguarda.es\\\/a-guarda-presente-en-la-feria-de-abril-en-la-caseta-de-lar-gallego\\\/#respond\"]}]},{\"@type\":\"WebPage\",\"@id\":\"https:\\\/\\\/www.turismoaguarda.es\\\/a-guarda-presente-en-la-feria-de-abril-en-la-caseta-de-lar-gallego\\\/\",\"url\":\"https:\\\/\\\/www.turismoaguarda.es\\\/a-guarda-presente-en-la-feria-de-abril-en-la-caseta-de-lar-gallego\\\/\",\"name\":\"A Guarda, presente en la Feria de Abril en la caseta de Lar Gallego | Turismo A Guarda\",\"isPartOf\":{\"@id\":\"https:\\\/\\\/www.turismoaguarda.es\\\/#website\"},\"primaryImageOfPage\":{\"@id\":\"https:\\\/\\\/www.turismoaguarda.es\\\/a-guarda-presente-en-la-feria-de-abril-en-la-caseta-de-lar-gallego\\\/#primaryimage\"},\"image\":{\"@id\":\"https:\\\/\\\/www.turismoaguarda.es\\\/a-guarda-presente-en-la-feria-de-abril-en-la-caseta-de-lar-gallego\\\/#primaryimage\"},\"thumbnailUrl\":\"https:\\\/\\\/www.turismoaguarda.es\\\/wp-content\\\/uploads\\\/2025\\\/05\\\/feria-sevilla-2.jpeg\",\"datePublished\":\"2025-05-08T11:01:17+00:00\",\"author\":{\"@id\":\"https:\\\/\\\/www.turismoaguarda.es\\\/#\\\/schema\\\/person\\\/a8b0c27ad7bcbb6c19799e934727508e\"},\"description\":\"El Concello de A Guarda fue este a\u00f1o el municipio gallego invitado en el stand de la Casa de Galicia en Sevilla, el Lar Gallego, durante la\",\"breadcrumb\":{\"@id\":\"https:\\\/\\\/www.turismoaguarda.es\\\/a-guarda-presente-en-la-feria-de-abril-en-la-caseta-de-lar-gallego\\\/#breadcrumb\"},\"inLanguage\":\"en-US\",\"potentialAction\":[{\"@type\":\"ReadAction\",\"target\":[\"https:\\\/\\\/www.turismoaguarda.es\\\/a-guarda-presente-en-la-feria-de-abril-en-la-caseta-de-lar-gallego\\\/\"]}]},{\"@type\":\"ImageObject\",\"inLanguage\":\"en-US\",\"@id\":\"https:\\\/\\\/www.turismoaguarda.es\\\/a-guarda-presente-en-la-feria-de-abril-en-la-caseta-de-lar-gallego\\\/#primaryimage\",\"url\":\"https:\\\/\\\/www.turismoaguarda.es\\\/wp-content\\\/uploads\\\/2025\\\/05\\\/feria-sevilla-2.jpeg\",\"contentUrl\":\"https:\\\/\\\/www.turismoaguarda.es\\\/wp-content\\\/uploads\\\/2025\\\/05\\\/feria-sevilla-2.jpeg\",\"width\":1600,\"height\":1200},{\"@type\":\"BreadcrumbList\",\"@id\":\"https:\\\/\\\/www.turismoaguarda.es\\\/a-guarda-presente-en-la-feria-de-abril-en-la-caseta-de-lar-gallego\\\/#breadcrumb\",\"itemListElement\":[{\"@type\":\"ListItem\",\"position\":1,\"name\":\"Portada\",\"item\":\"https:\\\/\\\/www.turismoaguarda.es\\\/en\\\/\"},{\"@type\":\"ListItem\",\"position\":2,\"name\":\"A Guarda, presente en la Feria de Abril en la caseta de Lar Gallego\"}]},{\"@type\":\"WebSite\",\"@id\":\"https:\\\/\\\/www.turismoaguarda.es\\\/#website\",\"url\":\"https:\\\/\\\/www.turismoaguarda.es\\\/\",\"name\":\"Turismo A Guarda\",\"description\":\"Informaci\u00f3n tur\u00edstica de A Guarda y alrededores.\",\"potentialAction\":[{\"@type\":\"SearchAction\",\"target\":{\"@type\":\"EntryPoint\",\"urlTemplate\":\"https:\\\/\\\/www.turismoaguarda.es\\\/?s={search_term_string}\"},\"query-input\":{\"@type\":\"PropertyValueSpecification\",\"valueRequired\":true,\"valueName\":\"search_term_string\"}}],\"inLanguage\":\"en-US\"},{\"@type\":\"Person\",\"@id\":\"https:\\\/\\\/www.turismoaguarda.es\\\/#\\\/schema\\\/person\\\/a8b0c27ad7bcbb6c19799e934727508e\",\"name\":\"Prensa A Guarda\",\"image\":{\"@type\":\"ImageObject\",\"inLanguage\":\"en-US\",\"@id\":\"https:\\\/\\\/secure.gravatar.com\\\/avatar\\\/387e117f874ba5d0a3439060b45d914395d77287b2e4890a49d1599fc3ef9189?s=96&d=mm&r=g\",\"url\":\"https:\\\/\\\/secure.gravatar.com\\\/avatar\\\/387e117f874ba5d0a3439060b45d914395d77287b2e4890a49d1599fc3ef9189?s=96&d=mm&r=g\",\"contentUrl\":\"https:\\\/\\\/secure.gravatar.com\\\/avatar\\\/387e117f874ba5d0a3439060b45d914395d77287b2e4890a49d1599fc3ef9189?s=96&d=mm&r=g\",\"caption\":\"Prensa A Guarda\"},\"url\":\"https:\\\/\\\/www.turismoaguarda.es\\\/en\\\/author\\\/prensa\\\/\"}]}<\/script>\n<!-- \/ Yoast SEO plugin. -->","yoast_head_json":{"title":"A Guarda, presente en la Feria de Abril en la caseta de Lar Gallego | Turismo A Guarda","description":"El Concello de A Guarda fue este a\u00f1o el municipio gallego invitado en el stand de la Casa de Galicia en Sevilla, el Lar Gallego, durante la","robots":{"index":"index","follow":"follow","max-snippet":"max-snippet:-1","max-image-preview":"max-image-preview:large","max-video-preview":"max-video-preview:-1"},"canonical":"https:\/\/www.turismoaguarda.es\/a-guarda-presente-en-la-feria-de-abril-en-la-caseta-de-lar-gallego\/","og_locale":"en_US","og_type":"article","og_title":"A Guarda, presente en la Feria de Abril en la caseta de Lar Gallego | Turismo A Guarda","og_description":"El Concello de A Guarda fue este a\u00f1o el municipio gallego invitado en el stand de la Casa de Galicia en Sevilla, el Lar Gallego, durante la","og_url":"https:\/\/www.turismoaguarda.es\/a-guarda-presente-en-la-feria-de-abril-en-la-caseta-de-lar-gallego\/","og_site_name":"Turismo A Guarda","article_publisher":"https:\/\/es-es.facebook.com\/Turismo-A-Guarda-126223240790625\/","article_published_time":"2025-05-08T11:01:17+00:00","og_image":[{"width":1600,"height":1200,"url":"https:\/\/www.turismoaguarda.es\/wp-content\/uploads\/2025\/05\/feria-sevilla-2.jpeg","type":"image\/jpeg"}],"author":"Prensa A Guarda","twitter_card":"summary_large_image","twitter_creator":"@TurismoAGuarda","twitter_site":"@TurismoAGuarda","twitter_misc":{"Written by":"Prensa A Guarda","Est. reading time":"1 minute"},"schema":{"@context":"https:\/\/schema.org","@graph":[{"@type":"Article","@id":"https:\/\/www.turismoaguarda.es\/a-guarda-presente-en-la-feria-de-abril-en-la-caseta-de-lar-gallego\/#article","isPartOf":{"@id":"https:\/\/www.turismoaguarda.es\/a-guarda-presente-en-la-feria-de-abril-en-la-caseta-de-lar-gallego\/"},"author":{"name":"Prensa A Guarda","@id":"https:\/\/www.turismoaguarda.es\/#\/schema\/person\/a8b0c27ad7bcbb6c19799e934727508e"},"headline":"A Guarda, presente en la Feria de Abril en la caseta de Lar Gallego","datePublished":"2025-05-08T11:01:17+00:00","mainEntityOfPage":{"@id":"https:\/\/www.turismoaguarda.es\/a-guarda-presente-en-la-feria-de-abril-en-la-caseta-de-lar-gallego\/"},"wordCount":137,"commentCount":0,"image":{"@id":"https:\/\/www.turismoaguarda.es\/a-guarda-presente-en-la-feria-de-abril-en-la-caseta-de-lar-gallego\/#primaryimage"},"thumbnailUrl":"https:\/\/www.turismoaguarda.es\/wp-content\/uploads\/2025\/05\/feria-sevilla-2.jpeg","articleSection":["Noticias Turismo"],"inLanguage":"en-US","potentialAction":[{"@type":"CommentAction","name":"Comment","target":["https:\/\/www.turismoaguarda.es\/a-guarda-presente-en-la-feria-de-abril-en-la-caseta-de-lar-gallego\/#respond"]}]},{"@type":"WebPage","@id":"https:\/\/www.turismoaguarda.es\/a-guarda-presente-en-la-feria-de-abril-en-la-caseta-de-lar-gallego\/","url":"https:\/\/www.turismoaguarda.es\/a-guarda-presente-en-la-feria-de-abril-en-la-caseta-de-lar-gallego\/","name":"A Guarda, presente en la Feria de Abril en la caseta de Lar Gallego | Turismo A Guarda","isPartOf":{"@id":"https:\/\/www.turismoaguarda.es\/#website"},"primaryImageOfPage":{"@id":"https:\/\/www.turismoaguarda.es\/a-guarda-presente-en-la-feria-de-abril-en-la-caseta-de-lar-gallego\/#primaryimage"},"image":{"@id":"https:\/\/www.turismoaguarda.es\/a-guarda-presente-en-la-feria-de-abril-en-la-caseta-de-lar-gallego\/#primaryimage"},"thumbnailUrl":"https:\/\/www.turismoaguarda.es\/wp-content\/uploads\/2025\/05\/feria-sevilla-2.jpeg","datePublished":"2025-05-08T11:01:17+00:00","author":{"@id":"https:\/\/www.turismoaguarda.es\/#\/schema\/person\/a8b0c27ad7bcbb6c19799e934727508e"},"description":"El Concello de A Guarda fue este a\u00f1o el municipio gallego invitado en el stand de la Casa de Galicia en Sevilla, el Lar Gallego, durante la","breadcrumb":{"@id":"https:\/\/www.turismoaguarda.es\/a-guarda-presente-en-la-feria-de-abril-en-la-caseta-de-lar-gallego\/#breadcrumb"},"inLanguage":"en-US","potentialAction":[{"@type":"ReadAction","target":["https:\/\/www.turismoaguarda.es\/a-guarda-presente-en-la-feria-de-abril-en-la-caseta-de-lar-gallego\/"]}]},{"@type":"ImageObject","inLanguage":"en-US","@id":"https:\/\/www.turismoaguarda.es\/a-guarda-presente-en-la-feria-de-abril-en-la-caseta-de-lar-gallego\/#primaryimage","url":"https:\/\/www.turismoaguarda.es\/wp-content\/uploads\/2025\/05\/feria-sevilla-2.jpeg","contentUrl":"https:\/\/www.turismoaguarda.es\/wp-content\/uploads\/2025\/05\/feria-sevilla-2.jpeg","width":1600,"height":1200},{"@type":"BreadcrumbList","@id":"https:\/\/www.turismoaguarda.es\/a-guarda-presente-en-la-feria-de-abril-en-la-caseta-de-lar-gallego\/#breadcrumb","itemListElement":[{"@type":"ListItem","position":1,"name":"Portada","item":"https:\/\/www.turismoaguarda.es\/en\/"},{"@type":"ListItem","position":2,"name":"A Guarda, presente en la Feria de Abril en la caseta de Lar Gallego"}]},{"@type":"WebSite","@id":"https:\/\/www.turismoaguarda.es\/#website","url":"https:\/\/www.turismoaguarda.es\/","name":"Turismo A Guarda","description":"Informaci\u00f3n tur\u00edstica de A Guarda y alrededores.","potentialAction":[{"@type":"SearchAction","target":{"@type":"EntryPoint","urlTemplate":"https:\/\/www.turismoaguarda.es\/?s={search_term_string}"},"query-input":{"@type":"PropertyValueSpecification","valueRequired":true,"valueName":"search_term_string"}}],"inLanguage":"en-US"},{"@type":"Person","@id":"https:\/\/www.turismoaguarda.es\/#\/schema\/person\/a8b0c27ad7bcbb6c19799e934727508e","name":"Prensa A Guarda","image":{"@type":"ImageObject","inLanguage":"en-US","@id":"https:\/\/secure.gravatar.com\/avatar\/387e117f874ba5d0a3439060b45d914395d77287b2e4890a49d1599fc3ef9189?s=96&d=mm&r=g","url":"https:\/\/secure.gravatar.com\/avatar\/387e117f874ba5d0a3439060b45d914395d77287b2e4890a49d1599fc3ef9189?s=96&d=mm&r=g","contentUrl":"https:\/\/secure.gravatar.com\/avatar\/387e117f874ba5d0a3439060b45d914395d77287b2e4890a49d1599fc3ef9189?s=96&d=mm&r=g","caption":"Prensa A Guarda"},"url":"https:\/\/www.turismoaguarda.es\/en\/author\/prensa\/"}]}},"_links":{"self":[{"href":"https:\/\/www.turismoaguarda.es\/en\/wp-json\/wp\/v2\/posts\/17924","targetHints":{"allow":["GET"]}}],"collection":[{"href":"https:\/\/www.turismoaguarda.es\/en\/wp-json\/wp\/v2\/posts"}],"about":[{"href":"https:\/\/www.turismoaguarda.es\/en\/wp-json\/wp\/v2\/types\/post"}],"author":[{"embeddable":true,"href":"https:\/\/www.turismoaguarda.es\/en\/wp-json\/wp\/v2\/users\/11"}],"replies":[{"embeddable":true,"href":"https:\/\/www.turismoaguarda.es\/en\/wp-json\/wp\/v2\/comments?post=17924"}],"version-history":[{"count":2,"href":"https:\/\/www.turismoaguarda.es\/en\/wp-json\/wp\/v2\/posts\/17924\/revisions"}],"predecessor-version":[{"id":17932,"href":"https:\/\/www.turismoaguarda.es\/en\/wp-json\/wp\/v2\/posts\/17924\/revisions\/17932"}],"wp:featuredmedia":[{"embeddable":true,"href":"https:\/\/www.turismoaguarda.es\/en\/wp-json\/wp\/v2\/media\/17928"}],"wp:attachment":[{"href":"https:\/\/www.turismoaguarda.es\/en\/wp-json\/wp\/v2\/media?parent=17924"}],"wp:term":[{"taxonomy":"category","embeddable":true,"href":"https:\/\/www.turismoaguarda.es\/en\/wp-json\/wp\/v2\/categories?post=17924"},{"taxonomy":"post_tag","embeddable":true,"href":"https:\/\/www.turismoaguarda.es\/en\/wp-json\/wp\/v2\/tags?post=17924"}],"curies":[{"name":"wp","href":"https:\/\/api.w.org\/{rel}","templated":true}]}}