{"id":17740,"date":"2024-09-02T11:40:40","date_gmt":"2024-09-02T09:40:40","guid":{"rendered":"https:\/\/www.turismoaguarda.es\/?p=17740"},"modified":"2024-09-02T11:51:24","modified_gmt":"2024-09-02T09:51:24","slug":"los-sabados-de-septiembre-habra-visitas-guiadas-gratuitas-al-castro-santa-tecla","status":"publish","type":"post","link":"https:\/\/www.turismoaguarda.es\/en\/los-sabados-de-septiembre-habra-visitas-guiadas-gratuitas-al-castro-santa-tecla\/","title":{"rendered":"Los s\u00e1bados de septiembre habr\u00e1 visitas guiadas gratuitas al castro Santa Trega"},"content":{"rendered":"<p>Con el comienzo de septiembre se reduce el n\u00famero de visitantes al monte pero se seguir\u00e1n ofreciendo las visitas guiadas gratuitas al Castro de Santa Trega como en a\u00f1os anteriores.<\/p>\n<p>Una vez comenzado septiembre los visitantes podr\u00e1n conocer mejor el valor arqueol\u00f3gico con las visitas de los<strong> s\u00e1bados<\/strong> en dos turnos: a las<strong> 12:00 y a las 17:00<\/strong>, excepto el s\u00e1bado 14 que solo habr\u00e1 la visita de la tarde.<\/p>\n<p>La duraci\u00f3n de las visitas gratuitas es de 45 minutos y solo se precisa estar a la hora en el punto de encuentro del<strong> aparcamiento de la casa Forestal<\/strong>, ya que no se necesita reserva previa. Mas para grupo de <strong>m\u00e1s de 12 personas se pide consultar al MASAT en el tel\u00e9fono 690 01 70 38<\/strong>.<\/p>\n<p>Aunque las visitas son #gratuito, la tarifa de acceso de veh\u00edculos no est\u00e1 incluida.<\/p>\n","protected":false},"excerpt":{"rendered":"<p>Con el comienzo de septiembre se reduce el n\u00famero de visitantes al monte pero se seguir\u00e1n ofreciendo las visitas guiadas gratuitas al Castro de Santa Trega como en a\u00f1os anteriores. Una vez comenzado septiembre los visitantes podr\u00e1n conocer mejor el valor arqueol\u00f3gico con las visitas de los s\u00e1bados en dos turnos: a las 12:00 y<\/p>\n<div class=\"padding-top text-center\"><a href=\"https:\/\/www.turismoaguarda.es\/en\/los-sabados-de-septiembre-habra-visitas-guiadas-gratuitas-al-castro-santa-tecla\/\" class=\"atbtn atbtn--medium atbtn--rounded atbtn--transparent\">Read more<i class=\"atbtn__icon atbtn__icon--right fa fa-long-arrow-right\"><\/i><\/a><\/div>\n","protected":false},"author":11,"featured_media":17741,"comment_status":"open","ping_status":"open","sticky":false,"template":"","format":"standard","meta":{"footnotes":""},"categories":[44],"tags":[],"class_list":["post-17740","post","type-post","status-publish","format-standard","has-post-thumbnail","hentry","category-noticias-turismo"],"yoast_head":"<!-- This site is optimized with the Yoast SEO plugin v27.5 - https:\/\/yoast.com\/product\/yoast-seo-wordpress\/ -->\n<title>Los s\u00e1bados de septiembre habr\u00e1 visitas guiadas gratuitas al castro Santa Trega | Turismo A Guarda<\/title>\n<meta name=\"description\" content=\"Con el comienzo de septiembre se reduce el n\u00famero de visitantes al monte pero se seguir\u00e1n ofreciendo las visitas guiadas gratuitas al\" \/>\n<meta name=\"robots\" content=\"index, follow, max-snippet:-1, max-image-preview:large, max-video-preview:-1\" \/>\n<link rel=\"canonical\" href=\"https:\/\/www.turismoaguarda.es\/los-sabados-de-septiembre-habra-visitas-guiadas-gratuitas-al-castro-santa-tecla\/\" \/>\n<meta property=\"og:locale\" content=\"en_US\" \/>\n<meta property=\"og:type\" content=\"article\" \/>\n<meta property=\"og:title\" content=\"Los s\u00e1bados de septiembre habr\u00e1 visitas guiadas gratuitas al castro Santa Trega | Turismo A Guarda\" \/>\n<meta property=\"og:description\" content=\"Con el comienzo de septiembre se reduce el n\u00famero de visitantes al monte pero se seguir\u00e1n ofreciendo las visitas guiadas gratuitas al\" \/>\n<meta property=\"og:url\" content=\"https:\/\/www.turismoaguarda.es\/los-sabados-de-septiembre-habra-visitas-guiadas-gratuitas-al-castro-santa-tecla\/\" \/>\n<meta property=\"og:site_name\" content=\"Turismo A Guarda\" \/>\n<meta property=\"article:publisher\" content=\"https:\/\/es-es.facebook.com\/Turismo-A-Guarda-126223240790625\/\" \/>\n<meta property=\"article:published_time\" content=\"2024-09-02T09:40:40+00:00\" \/>\n<meta property=\"article:modified_time\" content=\"2024-09-02T09:51:24+00:00\" \/>\n<meta property=\"og:image\" content=\"https:\/\/www.turismoaguarda.es\/wp-content\/uploads\/2024\/09\/tn_CARTEL-VISITAS-GUIADAS-setembro.jpg\" \/>\n\t<meta property=\"og:image:width\" content=\"424\" \/>\n\t<meta property=\"og:image:height\" content=\"600\" \/>\n\t<meta property=\"og:image:type\" content=\"image\/jpeg\" \/>\n<meta name=\"author\" content=\"Prensa A Guarda\" \/>\n<meta name=\"twitter:card\" content=\"summary_large_image\" \/>\n<meta name=\"twitter:creator\" content=\"@TurismoAGuarda\" \/>\n<meta name=\"twitter:site\" content=\"@TurismoAGuarda\" \/>\n<meta name=\"twitter:label1\" content=\"Written by\" \/>\n\t<meta name=\"twitter:data1\" content=\"Prensa A Guarda\" \/>\n\t<meta name=\"twitter:label2\" content=\"Est. reading time\" \/>\n\t<meta name=\"twitter:data2\" content=\"1 minute\" \/>\n<script type=\"application\/ld+json\" class=\"yoast-schema-graph\">{\"@context\":\"https:\\\/\\\/schema.org\",\"@graph\":[{\"@type\":\"Article\",\"@id\":\"https:\\\/\\\/www.turismoaguarda.es\\\/los-sabados-de-septiembre-habra-visitas-guiadas-gratuitas-al-castro-santa-tecla\\\/#article\",\"isPartOf\":{\"@id\":\"https:\\\/\\\/www.turismoaguarda.es\\\/los-sabados-de-septiembre-habra-visitas-guiadas-gratuitas-al-castro-santa-tecla\\\/\"},\"author\":{\"name\":\"Prensa A Guarda\",\"@id\":\"https:\\\/\\\/www.turismoaguarda.es\\\/#\\\/schema\\\/person\\\/a8b0c27ad7bcbb6c19799e934727508e\"},\"headline\":\"Los s\u00e1bados de septiembre habr\u00e1 visitas guiadas gratuitas al castro Santa Trega\",\"datePublished\":\"2024-09-02T09:40:40+00:00\",\"dateModified\":\"2024-09-02T09:51:24+00:00\",\"mainEntityOfPage\":{\"@id\":\"https:\\\/\\\/www.turismoaguarda.es\\\/los-sabados-de-septiembre-habra-visitas-guiadas-gratuitas-al-castro-santa-tecla\\\/\"},\"wordCount\":155,\"commentCount\":0,\"image\":{\"@id\":\"https:\\\/\\\/www.turismoaguarda.es\\\/los-sabados-de-septiembre-habra-visitas-guiadas-gratuitas-al-castro-santa-tecla\\\/#primaryimage\"},\"thumbnailUrl\":\"https:\\\/\\\/www.turismoaguarda.es\\\/wp-content\\\/uploads\\\/2024\\\/09\\\/tn_CARTEL-VISITAS-GUIADAS-setembro.jpg\",\"articleSection\":[\"Noticias Turismo\"],\"inLanguage\":\"en-US\",\"potentialAction\":[{\"@type\":\"CommentAction\",\"name\":\"Comment\",\"target\":[\"https:\\\/\\\/www.turismoaguarda.es\\\/los-sabados-de-septiembre-habra-visitas-guiadas-gratuitas-al-castro-santa-tecla\\\/#respond\"]}]},{\"@type\":\"WebPage\",\"@id\":\"https:\\\/\\\/www.turismoaguarda.es\\\/los-sabados-de-septiembre-habra-visitas-guiadas-gratuitas-al-castro-santa-tecla\\\/\",\"url\":\"https:\\\/\\\/www.turismoaguarda.es\\\/los-sabados-de-septiembre-habra-visitas-guiadas-gratuitas-al-castro-santa-tecla\\\/\",\"name\":\"Los s\u00e1bados de septiembre habr\u00e1 visitas guiadas gratuitas al castro Santa Trega | Turismo A Guarda\",\"isPartOf\":{\"@id\":\"https:\\\/\\\/www.turismoaguarda.es\\\/#website\"},\"primaryImageOfPage\":{\"@id\":\"https:\\\/\\\/www.turismoaguarda.es\\\/los-sabados-de-septiembre-habra-visitas-guiadas-gratuitas-al-castro-santa-tecla\\\/#primaryimage\"},\"image\":{\"@id\":\"https:\\\/\\\/www.turismoaguarda.es\\\/los-sabados-de-septiembre-habra-visitas-guiadas-gratuitas-al-castro-santa-tecla\\\/#primaryimage\"},\"thumbnailUrl\":\"https:\\\/\\\/www.turismoaguarda.es\\\/wp-content\\\/uploads\\\/2024\\\/09\\\/tn_CARTEL-VISITAS-GUIADAS-setembro.jpg\",\"datePublished\":\"2024-09-02T09:40:40+00:00\",\"dateModified\":\"2024-09-02T09:51:24+00:00\",\"author\":{\"@id\":\"https:\\\/\\\/www.turismoaguarda.es\\\/#\\\/schema\\\/person\\\/a8b0c27ad7bcbb6c19799e934727508e\"},\"description\":\"Con el comienzo de septiembre se reduce el n\u00famero de visitantes al monte pero se seguir\u00e1n ofreciendo las visitas guiadas gratuitas al\",\"breadcrumb\":{\"@id\":\"https:\\\/\\\/www.turismoaguarda.es\\\/los-sabados-de-septiembre-habra-visitas-guiadas-gratuitas-al-castro-santa-tecla\\\/#breadcrumb\"},\"inLanguage\":\"en-US\",\"potentialAction\":[{\"@type\":\"ReadAction\",\"target\":[\"https:\\\/\\\/www.turismoaguarda.es\\\/los-sabados-de-septiembre-habra-visitas-guiadas-gratuitas-al-castro-santa-tecla\\\/\"]}]},{\"@type\":\"ImageObject\",\"inLanguage\":\"en-US\",\"@id\":\"https:\\\/\\\/www.turismoaguarda.es\\\/los-sabados-de-septiembre-habra-visitas-guiadas-gratuitas-al-castro-santa-tecla\\\/#primaryimage\",\"url\":\"https:\\\/\\\/www.turismoaguarda.es\\\/wp-content\\\/uploads\\\/2024\\\/09\\\/tn_CARTEL-VISITAS-GUIADAS-setembro.jpg\",\"contentUrl\":\"https:\\\/\\\/www.turismoaguarda.es\\\/wp-content\\\/uploads\\\/2024\\\/09\\\/tn_CARTEL-VISITAS-GUIADAS-setembro.jpg\",\"width\":424,\"height\":600},{\"@type\":\"BreadcrumbList\",\"@id\":\"https:\\\/\\\/www.turismoaguarda.es\\\/los-sabados-de-septiembre-habra-visitas-guiadas-gratuitas-al-castro-santa-tecla\\\/#breadcrumb\",\"itemListElement\":[{\"@type\":\"ListItem\",\"position\":1,\"name\":\"Portada\",\"item\":\"https:\\\/\\\/www.turismoaguarda.es\\\/en\\\/\"},{\"@type\":\"ListItem\",\"position\":2,\"name\":\"Los s\u00e1bados de septiembre habr\u00e1 visitas guiadas gratuitas al castro Santa Trega\"}]},{\"@type\":\"WebSite\",\"@id\":\"https:\\\/\\\/www.turismoaguarda.es\\\/#website\",\"url\":\"https:\\\/\\\/www.turismoaguarda.es\\\/\",\"name\":\"Turismo A Guarda\",\"description\":\"Informaci\u00f3n tur\u00edstica de A Guarda y alrededores.\",\"potentialAction\":[{\"@type\":\"SearchAction\",\"target\":{\"@type\":\"EntryPoint\",\"urlTemplate\":\"https:\\\/\\\/www.turismoaguarda.es\\\/?s={search_term_string}\"},\"query-input\":{\"@type\":\"PropertyValueSpecification\",\"valueRequired\":true,\"valueName\":\"search_term_string\"}}],\"inLanguage\":\"en-US\"},{\"@type\":\"Person\",\"@id\":\"https:\\\/\\\/www.turismoaguarda.es\\\/#\\\/schema\\\/person\\\/a8b0c27ad7bcbb6c19799e934727508e\",\"name\":\"Prensa A Guarda\",\"image\":{\"@type\":\"ImageObject\",\"inLanguage\":\"en-US\",\"@id\":\"https:\\\/\\\/secure.gravatar.com\\\/avatar\\\/387e117f874ba5d0a3439060b45d914395d77287b2e4890a49d1599fc3ef9189?s=96&d=mm&r=g\",\"url\":\"https:\\\/\\\/secure.gravatar.com\\\/avatar\\\/387e117f874ba5d0a3439060b45d914395d77287b2e4890a49d1599fc3ef9189?s=96&d=mm&r=g\",\"contentUrl\":\"https:\\\/\\\/secure.gravatar.com\\\/avatar\\\/387e117f874ba5d0a3439060b45d914395d77287b2e4890a49d1599fc3ef9189?s=96&d=mm&r=g\",\"caption\":\"Prensa A Guarda\"},\"url\":\"https:\\\/\\\/www.turismoaguarda.es\\\/en\\\/author\\\/prensa\\\/\"}]}<\/script>\n<!-- \/ Yoast SEO plugin. -->","yoast_head_json":{"title":"Los s\u00e1bados de septiembre habr\u00e1 visitas guiadas gratuitas al castro Santa Trega | Turismo A Guarda","description":"Con el comienzo de septiembre se reduce el n\u00famero de visitantes al monte pero se seguir\u00e1n ofreciendo las visitas guiadas gratuitas al","robots":{"index":"index","follow":"follow","max-snippet":"max-snippet:-1","max-image-preview":"max-image-preview:large","max-video-preview":"max-video-preview:-1"},"canonical":"https:\/\/www.turismoaguarda.es\/los-sabados-de-septiembre-habra-visitas-guiadas-gratuitas-al-castro-santa-tecla\/","og_locale":"en_US","og_type":"article","og_title":"Los s\u00e1bados de septiembre habr\u00e1 visitas guiadas gratuitas al castro Santa Trega | Turismo A Guarda","og_description":"Con el comienzo de septiembre se reduce el n\u00famero de visitantes al monte pero se seguir\u00e1n ofreciendo las visitas guiadas gratuitas al","og_url":"https:\/\/www.turismoaguarda.es\/los-sabados-de-septiembre-habra-visitas-guiadas-gratuitas-al-castro-santa-tecla\/","og_site_name":"Turismo A Guarda","article_publisher":"https:\/\/es-es.facebook.com\/Turismo-A-Guarda-126223240790625\/","article_published_time":"2024-09-02T09:40:40+00:00","article_modified_time":"2024-09-02T09:51:24+00:00","og_image":[{"width":424,"height":600,"url":"https:\/\/www.turismoaguarda.es\/wp-content\/uploads\/2024\/09\/tn_CARTEL-VISITAS-GUIADAS-setembro.jpg","type":"image\/jpeg"}],"author":"Prensa A Guarda","twitter_card":"summary_large_image","twitter_creator":"@TurismoAGuarda","twitter_site":"@TurismoAGuarda","twitter_misc":{"Written by":"Prensa A Guarda","Est. reading time":"1 minute"},"schema":{"@context":"https:\/\/schema.org","@graph":[{"@type":"Article","@id":"https:\/\/www.turismoaguarda.es\/los-sabados-de-septiembre-habra-visitas-guiadas-gratuitas-al-castro-santa-tecla\/#article","isPartOf":{"@id":"https:\/\/www.turismoaguarda.es\/los-sabados-de-septiembre-habra-visitas-guiadas-gratuitas-al-castro-santa-tecla\/"},"author":{"name":"Prensa A Guarda","@id":"https:\/\/www.turismoaguarda.es\/#\/schema\/person\/a8b0c27ad7bcbb6c19799e934727508e"},"headline":"Los s\u00e1bados de septiembre habr\u00e1 visitas guiadas gratuitas al castro Santa Trega","datePublished":"2024-09-02T09:40:40+00:00","dateModified":"2024-09-02T09:51:24+00:00","mainEntityOfPage":{"@id":"https:\/\/www.turismoaguarda.es\/los-sabados-de-septiembre-habra-visitas-guiadas-gratuitas-al-castro-santa-tecla\/"},"wordCount":155,"commentCount":0,"image":{"@id":"https:\/\/www.turismoaguarda.es\/los-sabados-de-septiembre-habra-visitas-guiadas-gratuitas-al-castro-santa-tecla\/#primaryimage"},"thumbnailUrl":"https:\/\/www.turismoaguarda.es\/wp-content\/uploads\/2024\/09\/tn_CARTEL-VISITAS-GUIADAS-setembro.jpg","articleSection":["Noticias Turismo"],"inLanguage":"en-US","potentialAction":[{"@type":"CommentAction","name":"Comment","target":["https:\/\/www.turismoaguarda.es\/los-sabados-de-septiembre-habra-visitas-guiadas-gratuitas-al-castro-santa-tecla\/#respond"]}]},{"@type":"WebPage","@id":"https:\/\/www.turismoaguarda.es\/los-sabados-de-septiembre-habra-visitas-guiadas-gratuitas-al-castro-santa-tecla\/","url":"https:\/\/www.turismoaguarda.es\/los-sabados-de-septiembre-habra-visitas-guiadas-gratuitas-al-castro-santa-tecla\/","name":"Los s\u00e1bados de septiembre habr\u00e1 visitas guiadas gratuitas al castro Santa Trega | Turismo A Guarda","isPartOf":{"@id":"https:\/\/www.turismoaguarda.es\/#website"},"primaryImageOfPage":{"@id":"https:\/\/www.turismoaguarda.es\/los-sabados-de-septiembre-habra-visitas-guiadas-gratuitas-al-castro-santa-tecla\/#primaryimage"},"image":{"@id":"https:\/\/www.turismoaguarda.es\/los-sabados-de-septiembre-habra-visitas-guiadas-gratuitas-al-castro-santa-tecla\/#primaryimage"},"thumbnailUrl":"https:\/\/www.turismoaguarda.es\/wp-content\/uploads\/2024\/09\/tn_CARTEL-VISITAS-GUIADAS-setembro.jpg","datePublished":"2024-09-02T09:40:40+00:00","dateModified":"2024-09-02T09:51:24+00:00","author":{"@id":"https:\/\/www.turismoaguarda.es\/#\/schema\/person\/a8b0c27ad7bcbb6c19799e934727508e"},"description":"Con el comienzo de septiembre se reduce el n\u00famero de visitantes al monte pero se seguir\u00e1n ofreciendo las visitas guiadas gratuitas al","breadcrumb":{"@id":"https:\/\/www.turismoaguarda.es\/los-sabados-de-septiembre-habra-visitas-guiadas-gratuitas-al-castro-santa-tecla\/#breadcrumb"},"inLanguage":"en-US","potentialAction":[{"@type":"ReadAction","target":["https:\/\/www.turismoaguarda.es\/los-sabados-de-septiembre-habra-visitas-guiadas-gratuitas-al-castro-santa-tecla\/"]}]},{"@type":"ImageObject","inLanguage":"en-US","@id":"https:\/\/www.turismoaguarda.es\/los-sabados-de-septiembre-habra-visitas-guiadas-gratuitas-al-castro-santa-tecla\/#primaryimage","url":"https:\/\/www.turismoaguarda.es\/wp-content\/uploads\/2024\/09\/tn_CARTEL-VISITAS-GUIADAS-setembro.jpg","contentUrl":"https:\/\/www.turismoaguarda.es\/wp-content\/uploads\/2024\/09\/tn_CARTEL-VISITAS-GUIADAS-setembro.jpg","width":424,"height":600},{"@type":"BreadcrumbList","@id":"https:\/\/www.turismoaguarda.es\/los-sabados-de-septiembre-habra-visitas-guiadas-gratuitas-al-castro-santa-tecla\/#breadcrumb","itemListElement":[{"@type":"ListItem","position":1,"name":"Portada","item":"https:\/\/www.turismoaguarda.es\/en\/"},{"@type":"ListItem","position":2,"name":"Los s\u00e1bados de septiembre habr\u00e1 visitas guiadas gratuitas al castro Santa Trega"}]},{"@type":"WebSite","@id":"https:\/\/www.turismoaguarda.es\/#website","url":"https:\/\/www.turismoaguarda.es\/","name":"Turismo A Guarda","description":"Informaci\u00f3n tur\u00edstica de A Guarda y alrededores.","potentialAction":[{"@type":"SearchAction","target":{"@type":"EntryPoint","urlTemplate":"https:\/\/www.turismoaguarda.es\/?s={search_term_string}"},"query-input":{"@type":"PropertyValueSpecification","valueRequired":true,"valueName":"search_term_string"}}],"inLanguage":"en-US"},{"@type":"Person","@id":"https:\/\/www.turismoaguarda.es\/#\/schema\/person\/a8b0c27ad7bcbb6c19799e934727508e","name":"Prensa A Guarda","image":{"@type":"ImageObject","inLanguage":"en-US","@id":"https:\/\/secure.gravatar.com\/avatar\/387e117f874ba5d0a3439060b45d914395d77287b2e4890a49d1599fc3ef9189?s=96&d=mm&r=g","url":"https:\/\/secure.gravatar.com\/avatar\/387e117f874ba5d0a3439060b45d914395d77287b2e4890a49d1599fc3ef9189?s=96&d=mm&r=g","contentUrl":"https:\/\/secure.gravatar.com\/avatar\/387e117f874ba5d0a3439060b45d914395d77287b2e4890a49d1599fc3ef9189?s=96&d=mm&r=g","caption":"Prensa A Guarda"},"url":"https:\/\/www.turismoaguarda.es\/en\/author\/prensa\/"}]}},"_links":{"self":[{"href":"https:\/\/www.turismoaguarda.es\/en\/wp-json\/wp\/v2\/posts\/17740","targetHints":{"allow":["GET"]}}],"collection":[{"href":"https:\/\/www.turismoaguarda.es\/en\/wp-json\/wp\/v2\/posts"}],"about":[{"href":"https:\/\/www.turismoaguarda.es\/en\/wp-json\/wp\/v2\/types\/post"}],"author":[{"embeddable":true,"href":"https:\/\/www.turismoaguarda.es\/en\/wp-json\/wp\/v2\/users\/11"}],"replies":[{"embeddable":true,"href":"https:\/\/www.turismoaguarda.es\/en\/wp-json\/wp\/v2\/comments?post=17740"}],"version-history":[{"count":2,"href":"https:\/\/www.turismoaguarda.es\/en\/wp-json\/wp\/v2\/posts\/17740\/revisions"}],"predecessor-version":[{"id":17748,"href":"https:\/\/www.turismoaguarda.es\/en\/wp-json\/wp\/v2\/posts\/17740\/revisions\/17748"}],"wp:featuredmedia":[{"embeddable":true,"href":"https:\/\/www.turismoaguarda.es\/en\/wp-json\/wp\/v2\/media\/17741"}],"wp:attachment":[{"href":"https:\/\/www.turismoaguarda.es\/en\/wp-json\/wp\/v2\/media?parent=17740"}],"wp:term":[{"taxonomy":"category","embeddable":true,"href":"https:\/\/www.turismoaguarda.es\/en\/wp-json\/wp\/v2\/categories?post=17740"},{"taxonomy":"post_tag","embeddable":true,"href":"https:\/\/www.turismoaguarda.es\/en\/wp-json\/wp\/v2\/tags?post=17740"}],"curies":[{"name":"wp","href":"https:\/\/api.w.org\/{rel}","templated":true}]}}