{"id":17658,"date":"2024-08-07T13:52:42","date_gmt":"2024-08-07T11:52:42","guid":{"rendered":"https:\/\/www.turismoaguarda.es\/?p=17658"},"modified":"2024-08-07T13:52:42","modified_gmt":"2024-08-07T11:52:42","slug":"el-tren-turistico-de-a-guarda-promete-vistas-unicas-desde-la-cima-del-tecla-hasta-el-puerto","status":"publish","type":"post","link":"https:\/\/www.turismoaguarda.es\/en\/el-tren-turistico-de-a-guarda-promete-vistas-unicas-desde-la-cima-del-tecla-hasta-el-puerto\/","title":{"rendered":"El tren tur\u00edstico de A Guarda promete vistas \u00fanicas desde la cima del Tecla hasta el puerto"},"content":{"rendered":"<p>El primer fin de semana de julio comenz\u00f3 a funcionar el tren tur\u00edstico coincidiendo con la Fiesta de la Langosta. Durante este mes fue modificando la ruta y realizando salida para encontrar la mejor manera de que el usuario disfrute de la nueva experiencia de visitar A Guarda.<\/p>\n<p>El tren permite contemplar el paisaje y el patrimonio de A Guarda de una manera \u00fanica, incluyendo las vistas desde lo monte Santa Tecla hasta el particular puerto guard\u00e9s. Su duraci\u00f3n aproximada es de 1 hora y 15 minutos.<\/p>\n<p>La salidas se realizan en la calle Rosal\u00eda de Castro, en horario de ma\u00f1ana (10:30, 11:45 y 13:00 horas) y en horario de tarde (16:15, 17:45 y 19:15), mas realizar\u00e1n siempre una parada previa, unos 15 minutos antes, en el puerto de A Guarda, para recoger a los usuarios que quieran subir hasta lo Monte Santa Tecla.<\/p>\n<p>Ya en la cima del monte, el tren realiza una parada de unos 10 minutos para que los pasajeros y pasajeras admiren las vistas, hagan fotos o visiten el MASAT.. Mas tambi\u00e9n pueden quedar en el Monte Santa Tecla para disfrutar de \u00e9l con tranquilidad y bajar en otra de los viajes del tren.<\/p>\n<p>El tren comenzar\u00e1 la bajada del Monte a las 11:00, 12:15 y 13:30 horas de la ma\u00f1ana y por la tarde a las 17:00, 18:30 y 20:00 horas. All\u00ed mismo, un matrimonio de Barcelona cont\u00f3 que ellos bajaban y sub\u00edan diariamente en el tren, ya que estaban alojados en el Monte Santa Tecla.<\/p>\n<p>El precio para los adultos es de 6\u20ac, mientras que residentes guardeses y ni\u00f1os de 6 a 14 a\u00f1os pagar\u00e1n una tasa reducida de 3\u20ac. El precio incluye tambi\u00e9n la tasa de acceso al monte y la visita al MASAT, adem\u00e1s del propio paseo en tren.<\/p>\n<p>El tren tur\u00edstico conecta dos de los emblemas de A Guarda, puerto y monte, de una manera \u00fanica.<\/p>\n<p>Para m\u00e1s informaci\u00f3n, existen doy n\u00fameros de tel\u00e9fono y de WhatsApp: 628 689 689 y 654 11 43 18.<\/p>\n","protected":false},"excerpt":{"rendered":"<p>El primer fin de semana de julio comenz\u00f3 a funcionar el tren tur\u00edstico coincidiendo con la Fiesta de la Langosta. Durante este mes fue modificando la ruta y realizando salida para encontrar la mejor manera de que el usuario disfrute de la nueva experiencia de visitar A Guarda. El tren permite contemplar el paisaje y<\/p>\n<div class=\"padding-top text-center\"><a href=\"https:\/\/www.turismoaguarda.es\/en\/el-tren-turistico-de-a-guarda-promete-vistas-unicas-desde-la-cima-del-tecla-hasta-el-puerto\/\" class=\"atbtn atbtn--medium atbtn--rounded atbtn--transparent\">Read more<i class=\"atbtn__icon atbtn__icon--right fa fa-long-arrow-right\"><\/i><\/a><\/div>\n","protected":false},"author":11,"featured_media":17659,"comment_status":"open","ping_status":"open","sticky":false,"template":"","format":"standard","meta":{"footnotes":""},"categories":[44],"tags":[],"class_list":["post-17658","post","type-post","status-publish","format-standard","has-post-thumbnail","hentry","category-noticias-turismo"],"yoast_head":"<!-- This site is optimized with the Yoast SEO plugin v27.5 - https:\/\/yoast.com\/product\/yoast-seo-wordpress\/ -->\n<title>El tren tur\u00edstico de A Guarda promete vistas \u00fanicas desde la cima del Tecla hasta el puerto | Turismo A Guarda<\/title>\n<meta name=\"description\" content=\"El primer fin de semana de julio comenz\u00f3 a funcionar el tren tur\u00edstico coincidiendo con la Fiesta de la Langosta.\" \/>\n<meta name=\"robots\" content=\"index, follow, max-snippet:-1, max-image-preview:large, max-video-preview:-1\" \/>\n<link rel=\"canonical\" href=\"https:\/\/www.turismoaguarda.es\/el-tren-turistico-de-a-guarda-promete-vistas-unicas-desde-la-cima-del-tecla-hasta-el-puerto\/\" \/>\n<meta property=\"og:locale\" content=\"en_US\" \/>\n<meta property=\"og:type\" content=\"article\" \/>\n<meta property=\"og:title\" content=\"El tren tur\u00edstico de A Guarda promete vistas \u00fanicas desde la cima del Tecla hasta el puerto | Turismo A Guarda\" \/>\n<meta property=\"og:description\" content=\"El primer fin de semana de julio comenz\u00f3 a funcionar el tren tur\u00edstico coincidiendo con la Fiesta de la Langosta.\" \/>\n<meta property=\"og:url\" content=\"https:\/\/www.turismoaguarda.es\/el-tren-turistico-de-a-guarda-promete-vistas-unicas-desde-la-cima-del-tecla-hasta-el-puerto\/\" \/>\n<meta property=\"og:site_name\" content=\"Turismo A Guarda\" \/>\n<meta property=\"article:publisher\" content=\"https:\/\/es-es.facebook.com\/Turismo-A-Guarda-126223240790625\/\" \/>\n<meta property=\"article:published_time\" content=\"2024-08-07T11:52:42+00:00\" \/>\n<meta property=\"og:image\" content=\"https:\/\/www.turismoaguarda.es\/wp-content\/uploads\/2024\/08\/presentacion-tren-2.jpeg\" \/>\n\t<meta property=\"og:image:width\" content=\"2048\" \/>\n\t<meta property=\"og:image:height\" content=\"2047\" \/>\n\t<meta property=\"og:image:type\" content=\"image\/jpeg\" \/>\n<meta name=\"author\" content=\"Prensa A Guarda\" \/>\n<meta name=\"twitter:card\" content=\"summary_large_image\" \/>\n<meta name=\"twitter:creator\" content=\"@TurismoAGuarda\" \/>\n<meta name=\"twitter:site\" content=\"@TurismoAGuarda\" \/>\n<meta name=\"twitter:label1\" content=\"Written by\" \/>\n\t<meta name=\"twitter:data1\" content=\"Prensa A Guarda\" \/>\n\t<meta name=\"twitter:label2\" content=\"Est. reading time\" \/>\n\t<meta name=\"twitter:data2\" content=\"2 minutes\" \/>\n<script type=\"application\/ld+json\" class=\"yoast-schema-graph\">{\"@context\":\"https:\\\/\\\/schema.org\",\"@graph\":[{\"@type\":\"Article\",\"@id\":\"https:\\\/\\\/www.turismoaguarda.es\\\/el-tren-turistico-de-a-guarda-promete-vistas-unicas-desde-la-cima-del-tecla-hasta-el-puerto\\\/#article\",\"isPartOf\":{\"@id\":\"https:\\\/\\\/www.turismoaguarda.es\\\/el-tren-turistico-de-a-guarda-promete-vistas-unicas-desde-la-cima-del-tecla-hasta-el-puerto\\\/\"},\"author\":{\"name\":\"Prensa A Guarda\",\"@id\":\"https:\\\/\\\/www.turismoaguarda.es\\\/#\\\/schema\\\/person\\\/a8b0c27ad7bcbb6c19799e934727508e\"},\"headline\":\"El tren tur\u00edstico de A Guarda promete vistas \u00fanicas desde la cima del Tecla hasta el puerto\",\"datePublished\":\"2024-08-07T11:52:42+00:00\",\"mainEntityOfPage\":{\"@id\":\"https:\\\/\\\/www.turismoaguarda.es\\\/el-tren-turistico-de-a-guarda-promete-vistas-unicas-desde-la-cima-del-tecla-hasta-el-puerto\\\/\"},\"wordCount\":344,\"commentCount\":0,\"image\":{\"@id\":\"https:\\\/\\\/www.turismoaguarda.es\\\/el-tren-turistico-de-a-guarda-promete-vistas-unicas-desde-la-cima-del-tecla-hasta-el-puerto\\\/#primaryimage\"},\"thumbnailUrl\":\"https:\\\/\\\/www.turismoaguarda.es\\\/wp-content\\\/uploads\\\/2024\\\/08\\\/presentacion-tren-2.jpeg\",\"articleSection\":[\"Noticias Turismo\"],\"inLanguage\":\"en-US\",\"potentialAction\":[{\"@type\":\"CommentAction\",\"name\":\"Comment\",\"target\":[\"https:\\\/\\\/www.turismoaguarda.es\\\/el-tren-turistico-de-a-guarda-promete-vistas-unicas-desde-la-cima-del-tecla-hasta-el-puerto\\\/#respond\"]}]},{\"@type\":\"WebPage\",\"@id\":\"https:\\\/\\\/www.turismoaguarda.es\\\/el-tren-turistico-de-a-guarda-promete-vistas-unicas-desde-la-cima-del-tecla-hasta-el-puerto\\\/\",\"url\":\"https:\\\/\\\/www.turismoaguarda.es\\\/el-tren-turistico-de-a-guarda-promete-vistas-unicas-desde-la-cima-del-tecla-hasta-el-puerto\\\/\",\"name\":\"El tren tur\u00edstico de A Guarda promete vistas \u00fanicas desde la cima del Tecla hasta el puerto | Turismo A Guarda\",\"isPartOf\":{\"@id\":\"https:\\\/\\\/www.turismoaguarda.es\\\/#website\"},\"primaryImageOfPage\":{\"@id\":\"https:\\\/\\\/www.turismoaguarda.es\\\/el-tren-turistico-de-a-guarda-promete-vistas-unicas-desde-la-cima-del-tecla-hasta-el-puerto\\\/#primaryimage\"},\"image\":{\"@id\":\"https:\\\/\\\/www.turismoaguarda.es\\\/el-tren-turistico-de-a-guarda-promete-vistas-unicas-desde-la-cima-del-tecla-hasta-el-puerto\\\/#primaryimage\"},\"thumbnailUrl\":\"https:\\\/\\\/www.turismoaguarda.es\\\/wp-content\\\/uploads\\\/2024\\\/08\\\/presentacion-tren-2.jpeg\",\"datePublished\":\"2024-08-07T11:52:42+00:00\",\"author\":{\"@id\":\"https:\\\/\\\/www.turismoaguarda.es\\\/#\\\/schema\\\/person\\\/a8b0c27ad7bcbb6c19799e934727508e\"},\"description\":\"El primer fin de semana de julio comenz\u00f3 a funcionar el tren tur\u00edstico coincidiendo con la Fiesta de la Langosta.\",\"breadcrumb\":{\"@id\":\"https:\\\/\\\/www.turismoaguarda.es\\\/el-tren-turistico-de-a-guarda-promete-vistas-unicas-desde-la-cima-del-tecla-hasta-el-puerto\\\/#breadcrumb\"},\"inLanguage\":\"en-US\",\"potentialAction\":[{\"@type\":\"ReadAction\",\"target\":[\"https:\\\/\\\/www.turismoaguarda.es\\\/el-tren-turistico-de-a-guarda-promete-vistas-unicas-desde-la-cima-del-tecla-hasta-el-puerto\\\/\"]}]},{\"@type\":\"ImageObject\",\"inLanguage\":\"en-US\",\"@id\":\"https:\\\/\\\/www.turismoaguarda.es\\\/el-tren-turistico-de-a-guarda-promete-vistas-unicas-desde-la-cima-del-tecla-hasta-el-puerto\\\/#primaryimage\",\"url\":\"https:\\\/\\\/www.turismoaguarda.es\\\/wp-content\\\/uploads\\\/2024\\\/08\\\/presentacion-tren-2.jpeg\",\"contentUrl\":\"https:\\\/\\\/www.turismoaguarda.es\\\/wp-content\\\/uploads\\\/2024\\\/08\\\/presentacion-tren-2.jpeg\",\"width\":2048,\"height\":2047},{\"@type\":\"BreadcrumbList\",\"@id\":\"https:\\\/\\\/www.turismoaguarda.es\\\/el-tren-turistico-de-a-guarda-promete-vistas-unicas-desde-la-cima-del-tecla-hasta-el-puerto\\\/#breadcrumb\",\"itemListElement\":[{\"@type\":\"ListItem\",\"position\":1,\"name\":\"Portada\",\"item\":\"https:\\\/\\\/www.turismoaguarda.es\\\/en\\\/\"},{\"@type\":\"ListItem\",\"position\":2,\"name\":\"El tren tur\u00edstico de A Guarda promete vistas \u00fanicas desde la cima del Tecla hasta el puerto\"}]},{\"@type\":\"WebSite\",\"@id\":\"https:\\\/\\\/www.turismoaguarda.es\\\/#website\",\"url\":\"https:\\\/\\\/www.turismoaguarda.es\\\/\",\"name\":\"Turismo A Guarda\",\"description\":\"Informaci\u00f3n tur\u00edstica de A Guarda y alrededores.\",\"potentialAction\":[{\"@type\":\"SearchAction\",\"target\":{\"@type\":\"EntryPoint\",\"urlTemplate\":\"https:\\\/\\\/www.turismoaguarda.es\\\/?s={search_term_string}\"},\"query-input\":{\"@type\":\"PropertyValueSpecification\",\"valueRequired\":true,\"valueName\":\"search_term_string\"}}],\"inLanguage\":\"en-US\"},{\"@type\":\"Person\",\"@id\":\"https:\\\/\\\/www.turismoaguarda.es\\\/#\\\/schema\\\/person\\\/a8b0c27ad7bcbb6c19799e934727508e\",\"name\":\"Prensa A Guarda\",\"image\":{\"@type\":\"ImageObject\",\"inLanguage\":\"en-US\",\"@id\":\"https:\\\/\\\/secure.gravatar.com\\\/avatar\\\/387e117f874ba5d0a3439060b45d914395d77287b2e4890a49d1599fc3ef9189?s=96&d=mm&r=g\",\"url\":\"https:\\\/\\\/secure.gravatar.com\\\/avatar\\\/387e117f874ba5d0a3439060b45d914395d77287b2e4890a49d1599fc3ef9189?s=96&d=mm&r=g\",\"contentUrl\":\"https:\\\/\\\/secure.gravatar.com\\\/avatar\\\/387e117f874ba5d0a3439060b45d914395d77287b2e4890a49d1599fc3ef9189?s=96&d=mm&r=g\",\"caption\":\"Prensa A Guarda\"},\"url\":\"https:\\\/\\\/www.turismoaguarda.es\\\/en\\\/author\\\/prensa\\\/\"}]}<\/script>\n<!-- \/ Yoast SEO plugin. -->","yoast_head_json":{"title":"El tren tur\u00edstico de A Guarda promete vistas \u00fanicas desde la cima del Tecla hasta el puerto | Turismo A Guarda","description":"El primer fin de semana de julio comenz\u00f3 a funcionar el tren tur\u00edstico coincidiendo con la Fiesta de la Langosta.","robots":{"index":"index","follow":"follow","max-snippet":"max-snippet:-1","max-image-preview":"max-image-preview:large","max-video-preview":"max-video-preview:-1"},"canonical":"https:\/\/www.turismoaguarda.es\/el-tren-turistico-de-a-guarda-promete-vistas-unicas-desde-la-cima-del-tecla-hasta-el-puerto\/","og_locale":"en_US","og_type":"article","og_title":"El tren tur\u00edstico de A Guarda promete vistas \u00fanicas desde la cima del Tecla hasta el puerto | Turismo A Guarda","og_description":"El primer fin de semana de julio comenz\u00f3 a funcionar el tren tur\u00edstico coincidiendo con la Fiesta de la Langosta.","og_url":"https:\/\/www.turismoaguarda.es\/el-tren-turistico-de-a-guarda-promete-vistas-unicas-desde-la-cima-del-tecla-hasta-el-puerto\/","og_site_name":"Turismo A Guarda","article_publisher":"https:\/\/es-es.facebook.com\/Turismo-A-Guarda-126223240790625\/","article_published_time":"2024-08-07T11:52:42+00:00","og_image":[{"width":2048,"height":2047,"url":"https:\/\/www.turismoaguarda.es\/wp-content\/uploads\/2024\/08\/presentacion-tren-2.jpeg","type":"image\/jpeg"}],"author":"Prensa A Guarda","twitter_card":"summary_large_image","twitter_creator":"@TurismoAGuarda","twitter_site":"@TurismoAGuarda","twitter_misc":{"Written by":"Prensa A Guarda","Est. reading time":"2 minutes"},"schema":{"@context":"https:\/\/schema.org","@graph":[{"@type":"Article","@id":"https:\/\/www.turismoaguarda.es\/el-tren-turistico-de-a-guarda-promete-vistas-unicas-desde-la-cima-del-tecla-hasta-el-puerto\/#article","isPartOf":{"@id":"https:\/\/www.turismoaguarda.es\/el-tren-turistico-de-a-guarda-promete-vistas-unicas-desde-la-cima-del-tecla-hasta-el-puerto\/"},"author":{"name":"Prensa A Guarda","@id":"https:\/\/www.turismoaguarda.es\/#\/schema\/person\/a8b0c27ad7bcbb6c19799e934727508e"},"headline":"El tren tur\u00edstico de A Guarda promete vistas \u00fanicas desde la cima del Tecla hasta el puerto","datePublished":"2024-08-07T11:52:42+00:00","mainEntityOfPage":{"@id":"https:\/\/www.turismoaguarda.es\/el-tren-turistico-de-a-guarda-promete-vistas-unicas-desde-la-cima-del-tecla-hasta-el-puerto\/"},"wordCount":344,"commentCount":0,"image":{"@id":"https:\/\/www.turismoaguarda.es\/el-tren-turistico-de-a-guarda-promete-vistas-unicas-desde-la-cima-del-tecla-hasta-el-puerto\/#primaryimage"},"thumbnailUrl":"https:\/\/www.turismoaguarda.es\/wp-content\/uploads\/2024\/08\/presentacion-tren-2.jpeg","articleSection":["Noticias Turismo"],"inLanguage":"en-US","potentialAction":[{"@type":"CommentAction","name":"Comment","target":["https:\/\/www.turismoaguarda.es\/el-tren-turistico-de-a-guarda-promete-vistas-unicas-desde-la-cima-del-tecla-hasta-el-puerto\/#respond"]}]},{"@type":"WebPage","@id":"https:\/\/www.turismoaguarda.es\/el-tren-turistico-de-a-guarda-promete-vistas-unicas-desde-la-cima-del-tecla-hasta-el-puerto\/","url":"https:\/\/www.turismoaguarda.es\/el-tren-turistico-de-a-guarda-promete-vistas-unicas-desde-la-cima-del-tecla-hasta-el-puerto\/","name":"El tren tur\u00edstico de A Guarda promete vistas \u00fanicas desde la cima del Tecla hasta el puerto | Turismo A Guarda","isPartOf":{"@id":"https:\/\/www.turismoaguarda.es\/#website"},"primaryImageOfPage":{"@id":"https:\/\/www.turismoaguarda.es\/el-tren-turistico-de-a-guarda-promete-vistas-unicas-desde-la-cima-del-tecla-hasta-el-puerto\/#primaryimage"},"image":{"@id":"https:\/\/www.turismoaguarda.es\/el-tren-turistico-de-a-guarda-promete-vistas-unicas-desde-la-cima-del-tecla-hasta-el-puerto\/#primaryimage"},"thumbnailUrl":"https:\/\/www.turismoaguarda.es\/wp-content\/uploads\/2024\/08\/presentacion-tren-2.jpeg","datePublished":"2024-08-07T11:52:42+00:00","author":{"@id":"https:\/\/www.turismoaguarda.es\/#\/schema\/person\/a8b0c27ad7bcbb6c19799e934727508e"},"description":"El primer fin de semana de julio comenz\u00f3 a funcionar el tren tur\u00edstico coincidiendo con la Fiesta de la Langosta.","breadcrumb":{"@id":"https:\/\/www.turismoaguarda.es\/el-tren-turistico-de-a-guarda-promete-vistas-unicas-desde-la-cima-del-tecla-hasta-el-puerto\/#breadcrumb"},"inLanguage":"en-US","potentialAction":[{"@type":"ReadAction","target":["https:\/\/www.turismoaguarda.es\/el-tren-turistico-de-a-guarda-promete-vistas-unicas-desde-la-cima-del-tecla-hasta-el-puerto\/"]}]},{"@type":"ImageObject","inLanguage":"en-US","@id":"https:\/\/www.turismoaguarda.es\/el-tren-turistico-de-a-guarda-promete-vistas-unicas-desde-la-cima-del-tecla-hasta-el-puerto\/#primaryimage","url":"https:\/\/www.turismoaguarda.es\/wp-content\/uploads\/2024\/08\/presentacion-tren-2.jpeg","contentUrl":"https:\/\/www.turismoaguarda.es\/wp-content\/uploads\/2024\/08\/presentacion-tren-2.jpeg","width":2048,"height":2047},{"@type":"BreadcrumbList","@id":"https:\/\/www.turismoaguarda.es\/el-tren-turistico-de-a-guarda-promete-vistas-unicas-desde-la-cima-del-tecla-hasta-el-puerto\/#breadcrumb","itemListElement":[{"@type":"ListItem","position":1,"name":"Portada","item":"https:\/\/www.turismoaguarda.es\/en\/"},{"@type":"ListItem","position":2,"name":"El tren tur\u00edstico de A Guarda promete vistas \u00fanicas desde la cima del Tecla hasta el puerto"}]},{"@type":"WebSite","@id":"https:\/\/www.turismoaguarda.es\/#website","url":"https:\/\/www.turismoaguarda.es\/","name":"Turismo A Guarda","description":"Informaci\u00f3n tur\u00edstica de A Guarda y alrededores.","potentialAction":[{"@type":"SearchAction","target":{"@type":"EntryPoint","urlTemplate":"https:\/\/www.turismoaguarda.es\/?s={search_term_string}"},"query-input":{"@type":"PropertyValueSpecification","valueRequired":true,"valueName":"search_term_string"}}],"inLanguage":"en-US"},{"@type":"Person","@id":"https:\/\/www.turismoaguarda.es\/#\/schema\/person\/a8b0c27ad7bcbb6c19799e934727508e","name":"Prensa A Guarda","image":{"@type":"ImageObject","inLanguage":"en-US","@id":"https:\/\/secure.gravatar.com\/avatar\/387e117f874ba5d0a3439060b45d914395d77287b2e4890a49d1599fc3ef9189?s=96&d=mm&r=g","url":"https:\/\/secure.gravatar.com\/avatar\/387e117f874ba5d0a3439060b45d914395d77287b2e4890a49d1599fc3ef9189?s=96&d=mm&r=g","contentUrl":"https:\/\/secure.gravatar.com\/avatar\/387e117f874ba5d0a3439060b45d914395d77287b2e4890a49d1599fc3ef9189?s=96&d=mm&r=g","caption":"Prensa A Guarda"},"url":"https:\/\/www.turismoaguarda.es\/en\/author\/prensa\/"}]}},"_links":{"self":[{"href":"https:\/\/www.turismoaguarda.es\/en\/wp-json\/wp\/v2\/posts\/17658","targetHints":{"allow":["GET"]}}],"collection":[{"href":"https:\/\/www.turismoaguarda.es\/en\/wp-json\/wp\/v2\/posts"}],"about":[{"href":"https:\/\/www.turismoaguarda.es\/en\/wp-json\/wp\/v2\/types\/post"}],"author":[{"embeddable":true,"href":"https:\/\/www.turismoaguarda.es\/en\/wp-json\/wp\/v2\/users\/11"}],"replies":[{"embeddable":true,"href":"https:\/\/www.turismoaguarda.es\/en\/wp-json\/wp\/v2\/comments?post=17658"}],"version-history":[{"count":1,"href":"https:\/\/www.turismoaguarda.es\/en\/wp-json\/wp\/v2\/posts\/17658\/revisions"}],"predecessor-version":[{"id":17665,"href":"https:\/\/www.turismoaguarda.es\/en\/wp-json\/wp\/v2\/posts\/17658\/revisions\/17665"}],"wp:featuredmedia":[{"embeddable":true,"href":"https:\/\/www.turismoaguarda.es\/en\/wp-json\/wp\/v2\/media\/17659"}],"wp:attachment":[{"href":"https:\/\/www.turismoaguarda.es\/en\/wp-json\/wp\/v2\/media?parent=17658"}],"wp:term":[{"taxonomy":"category","embeddable":true,"href":"https:\/\/www.turismoaguarda.es\/en\/wp-json\/wp\/v2\/categories?post=17658"},{"taxonomy":"post_tag","embeddable":true,"href":"https:\/\/www.turismoaguarda.es\/en\/wp-json\/wp\/v2\/tags?post=17658"}],"curies":[{"name":"wp","href":"https:\/\/api.w.org\/{rel}","templated":true}]}}