{"id":17636,"date":"2024-08-01T10:41:59","date_gmt":"2024-08-01T08:41:59","guid":{"rendered":"https:\/\/www.turismoaguarda.es\/?p=17636"},"modified":"2024-08-01T10:41:59","modified_gmt":"2024-08-01T08:41:59","slug":"las-visitas-guiadas-al-castro-de-santa-tecla-recuperan-horarios-para-este-agosto","status":"publish","type":"post","link":"https:\/\/www.turismoaguarda.es\/en\/las-visitas-guiadas-al-castro-de-santa-tecla-recuperan-horarios-para-este-agosto\/","title":{"rendered":"Las visitas guiadas al Castro de Santa Tecla recuperan horarios para este agosto"},"content":{"rendered":"<p>El mes de agosto presenta numerosas oportunidades para visitar el castro Santa Trega en una visita guiada gratuita.<\/p>\n<p>Los <strong>martes<\/strong> habr\u00e1 hasta cuatro sesiones: <strong>12:00,13:00, 18:00 y 19:00h<\/strong>. Los <strong>mi\u00e9rcoles, viernes y domingos<\/strong> solo habr\u00e1 sesiones de tarde (<strong>18:00 y 19:00 horas<\/strong>), mientras que los<strong> jueves<\/strong> solo habr\u00e1 sesiones matutinas (<strong>12:00 y 13:00 horas<\/strong>).<\/p>\n<p>Hay que tener en cuenta que no habr\u00e1 visitas los s\u00e1bados, ni los domingos 11 y 25 de agosto. Adem\u00e1s, el domingo 11 no se podr\u00e1n subir veh\u00edculos por la Romer\u00eda de las Fiestas del Monte.<\/p>\n<p>La duraci\u00f3n de las visitas gratuitas es de<strong> 45 minutos<\/strong> y solo se precisa estar a la hora en el punto de encuentro del <strong>aparcamiento de la casa Forestal<\/strong>, ya que no se necesita reserva previa. Mas para grupo de m\u00e1s de 12 personas se pide consultar al MASAT en el tel\u00e9fono 690 01 70 38.<\/p>\n<p>Aunque las visitas son #gratuito, la tarifa de acceso de veh\u00edculos no est\u00e1 incluida.<\/p>\n","protected":false},"excerpt":{"rendered":"<p>El mes de agosto presenta numerosas oportunidades para visitar el castro Santa Trega en una visita guiada gratuita. Los martes habr\u00e1 hasta cuatro sesiones: 12:00,13:00, 18:00 y 19:00h. Los mi\u00e9rcoles, viernes y domingos solo habr\u00e1 sesiones de tarde (18:00 y 19:00 horas), mientras que los jueves solo habr\u00e1 sesiones matutinas (12:00 y 13:00 horas). Hay<\/p>\n<div class=\"padding-top text-center\"><a href=\"https:\/\/www.turismoaguarda.es\/en\/las-visitas-guiadas-al-castro-de-santa-tecla-recuperan-horarios-para-este-agosto\/\" class=\"atbtn atbtn--medium atbtn--rounded atbtn--transparent\">Read more<i class=\"atbtn__icon atbtn__icon--right fa fa-long-arrow-right\"><\/i><\/a><\/div>\n","protected":false},"author":11,"featured_media":17637,"comment_status":"open","ping_status":"open","sticky":false,"template":"","format":"standard","meta":{"footnotes":""},"categories":[44],"tags":[],"class_list":["post-17636","post","type-post","status-publish","format-standard","has-post-thumbnail","hentry","category-noticias-turismo"],"yoast_head":"<!-- This site is optimized with the Yoast SEO plugin v27.5 - https:\/\/yoast.com\/product\/yoast-seo-wordpress\/ -->\n<title>Las visitas guiadas al Castro de Santa Tecla recuperan horarios para este agosto | Turismo A Guarda<\/title>\n<meta name=\"description\" content=\"El mes de agosto presenta numerosas oportunidades para visitar el castro Santa Trega en una visita guiada gratuita.\" \/>\n<meta name=\"robots\" content=\"index, follow, max-snippet:-1, max-image-preview:large, max-video-preview:-1\" \/>\n<link rel=\"canonical\" href=\"https:\/\/www.turismoaguarda.es\/las-visitas-guiadas-al-castro-de-santa-tecla-recuperan-horarios-para-este-agosto\/\" \/>\n<meta property=\"og:locale\" content=\"en_US\" \/>\n<meta property=\"og:type\" content=\"article\" \/>\n<meta property=\"og:title\" content=\"Las visitas guiadas al Castro de Santa Tecla recuperan horarios para este agosto | Turismo A Guarda\" \/>\n<meta property=\"og:description\" content=\"El mes de agosto presenta numerosas oportunidades para visitar el castro Santa Trega en una visita guiada gratuita.\" \/>\n<meta property=\"og:url\" content=\"https:\/\/www.turismoaguarda.es\/las-visitas-guiadas-al-castro-de-santa-tecla-recuperan-horarios-para-este-agosto\/\" \/>\n<meta property=\"og:site_name\" content=\"Turismo A Guarda\" \/>\n<meta property=\"article:publisher\" content=\"https:\/\/es-es.facebook.com\/Turismo-A-Guarda-126223240790625\/\" \/>\n<meta property=\"article:published_time\" content=\"2024-08-01T08:41:59+00:00\" \/>\n<meta property=\"og:image\" content=\"https:\/\/www.turismoaguarda.es\/wp-content\/uploads\/2024\/08\/tn_CARTEL-A3-VISITAS-GUIADAS-VERANO-2024-agosto-2024_page-0001.jpg\" \/>\n\t<meta property=\"og:image:width\" content=\"424\" \/>\n\t<meta property=\"og:image:height\" content=\"600\" \/>\n\t<meta property=\"og:image:type\" content=\"image\/jpeg\" \/>\n<meta name=\"author\" content=\"Prensa A Guarda\" \/>\n<meta name=\"twitter:card\" content=\"summary_large_image\" \/>\n<meta name=\"twitter:creator\" content=\"@TurismoAGuarda\" \/>\n<meta name=\"twitter:site\" content=\"@TurismoAGuarda\" \/>\n<meta name=\"twitter:label1\" content=\"Written by\" \/>\n\t<meta name=\"twitter:data1\" content=\"Prensa A Guarda\" \/>\n\t<meta name=\"twitter:label2\" content=\"Est. reading time\" \/>\n\t<meta name=\"twitter:data2\" content=\"1 minute\" \/>\n<script type=\"application\/ld+json\" class=\"yoast-schema-graph\">{\"@context\":\"https:\\\/\\\/schema.org\",\"@graph\":[{\"@type\":\"Article\",\"@id\":\"https:\\\/\\\/www.turismoaguarda.es\\\/las-visitas-guiadas-al-castro-de-santa-tecla-recuperan-horarios-para-este-agosto\\\/#article\",\"isPartOf\":{\"@id\":\"https:\\\/\\\/www.turismoaguarda.es\\\/las-visitas-guiadas-al-castro-de-santa-tecla-recuperan-horarios-para-este-agosto\\\/\"},\"author\":{\"name\":\"Prensa A Guarda\",\"@id\":\"https:\\\/\\\/www.turismoaguarda.es\\\/#\\\/schema\\\/person\\\/a8b0c27ad7bcbb6c19799e934727508e\"},\"headline\":\"Las visitas guiadas al Castro de Santa Tecla recuperan horarios para este agosto\",\"datePublished\":\"2024-08-01T08:41:59+00:00\",\"mainEntityOfPage\":{\"@id\":\"https:\\\/\\\/www.turismoaguarda.es\\\/las-visitas-guiadas-al-castro-de-santa-tecla-recuperan-horarios-para-este-agosto\\\/\"},\"wordCount\":168,\"commentCount\":0,\"image\":{\"@id\":\"https:\\\/\\\/www.turismoaguarda.es\\\/las-visitas-guiadas-al-castro-de-santa-tecla-recuperan-horarios-para-este-agosto\\\/#primaryimage\"},\"thumbnailUrl\":\"https:\\\/\\\/www.turismoaguarda.es\\\/wp-content\\\/uploads\\\/2024\\\/08\\\/tn_CARTEL-A3-VISITAS-GUIADAS-VERANO-2024-agosto-2024_page-0001.jpg\",\"articleSection\":[\"Noticias Turismo\"],\"inLanguage\":\"en-US\",\"potentialAction\":[{\"@type\":\"CommentAction\",\"name\":\"Comment\",\"target\":[\"https:\\\/\\\/www.turismoaguarda.es\\\/las-visitas-guiadas-al-castro-de-santa-tecla-recuperan-horarios-para-este-agosto\\\/#respond\"]}]},{\"@type\":\"WebPage\",\"@id\":\"https:\\\/\\\/www.turismoaguarda.es\\\/las-visitas-guiadas-al-castro-de-santa-tecla-recuperan-horarios-para-este-agosto\\\/\",\"url\":\"https:\\\/\\\/www.turismoaguarda.es\\\/las-visitas-guiadas-al-castro-de-santa-tecla-recuperan-horarios-para-este-agosto\\\/\",\"name\":\"Las visitas guiadas al Castro de Santa Tecla recuperan horarios para este agosto | Turismo A Guarda\",\"isPartOf\":{\"@id\":\"https:\\\/\\\/www.turismoaguarda.es\\\/#website\"},\"primaryImageOfPage\":{\"@id\":\"https:\\\/\\\/www.turismoaguarda.es\\\/las-visitas-guiadas-al-castro-de-santa-tecla-recuperan-horarios-para-este-agosto\\\/#primaryimage\"},\"image\":{\"@id\":\"https:\\\/\\\/www.turismoaguarda.es\\\/las-visitas-guiadas-al-castro-de-santa-tecla-recuperan-horarios-para-este-agosto\\\/#primaryimage\"},\"thumbnailUrl\":\"https:\\\/\\\/www.turismoaguarda.es\\\/wp-content\\\/uploads\\\/2024\\\/08\\\/tn_CARTEL-A3-VISITAS-GUIADAS-VERANO-2024-agosto-2024_page-0001.jpg\",\"datePublished\":\"2024-08-01T08:41:59+00:00\",\"author\":{\"@id\":\"https:\\\/\\\/www.turismoaguarda.es\\\/#\\\/schema\\\/person\\\/a8b0c27ad7bcbb6c19799e934727508e\"},\"description\":\"El mes de agosto presenta numerosas oportunidades para visitar el castro Santa Trega en una visita guiada gratuita.\",\"breadcrumb\":{\"@id\":\"https:\\\/\\\/www.turismoaguarda.es\\\/las-visitas-guiadas-al-castro-de-santa-tecla-recuperan-horarios-para-este-agosto\\\/#breadcrumb\"},\"inLanguage\":\"en-US\",\"potentialAction\":[{\"@type\":\"ReadAction\",\"target\":[\"https:\\\/\\\/www.turismoaguarda.es\\\/las-visitas-guiadas-al-castro-de-santa-tecla-recuperan-horarios-para-este-agosto\\\/\"]}]},{\"@type\":\"ImageObject\",\"inLanguage\":\"en-US\",\"@id\":\"https:\\\/\\\/www.turismoaguarda.es\\\/las-visitas-guiadas-al-castro-de-santa-tecla-recuperan-horarios-para-este-agosto\\\/#primaryimage\",\"url\":\"https:\\\/\\\/www.turismoaguarda.es\\\/wp-content\\\/uploads\\\/2024\\\/08\\\/tn_CARTEL-A3-VISITAS-GUIADAS-VERANO-2024-agosto-2024_page-0001.jpg\",\"contentUrl\":\"https:\\\/\\\/www.turismoaguarda.es\\\/wp-content\\\/uploads\\\/2024\\\/08\\\/tn_CARTEL-A3-VISITAS-GUIADAS-VERANO-2024-agosto-2024_page-0001.jpg\",\"width\":424,\"height\":600},{\"@type\":\"BreadcrumbList\",\"@id\":\"https:\\\/\\\/www.turismoaguarda.es\\\/las-visitas-guiadas-al-castro-de-santa-tecla-recuperan-horarios-para-este-agosto\\\/#breadcrumb\",\"itemListElement\":[{\"@type\":\"ListItem\",\"position\":1,\"name\":\"Portada\",\"item\":\"https:\\\/\\\/www.turismoaguarda.es\\\/en\\\/\"},{\"@type\":\"ListItem\",\"position\":2,\"name\":\"Las visitas guiadas al Castro de Santa Tecla recuperan horarios para este agosto\"}]},{\"@type\":\"WebSite\",\"@id\":\"https:\\\/\\\/www.turismoaguarda.es\\\/#website\",\"url\":\"https:\\\/\\\/www.turismoaguarda.es\\\/\",\"name\":\"Turismo A Guarda\",\"description\":\"Informaci\u00f3n tur\u00edstica de A Guarda y alrededores.\",\"potentialAction\":[{\"@type\":\"SearchAction\",\"target\":{\"@type\":\"EntryPoint\",\"urlTemplate\":\"https:\\\/\\\/www.turismoaguarda.es\\\/?s={search_term_string}\"},\"query-input\":{\"@type\":\"PropertyValueSpecification\",\"valueRequired\":true,\"valueName\":\"search_term_string\"}}],\"inLanguage\":\"en-US\"},{\"@type\":\"Person\",\"@id\":\"https:\\\/\\\/www.turismoaguarda.es\\\/#\\\/schema\\\/person\\\/a8b0c27ad7bcbb6c19799e934727508e\",\"name\":\"Prensa A Guarda\",\"image\":{\"@type\":\"ImageObject\",\"inLanguage\":\"en-US\",\"@id\":\"https:\\\/\\\/secure.gravatar.com\\\/avatar\\\/387e117f874ba5d0a3439060b45d914395d77287b2e4890a49d1599fc3ef9189?s=96&d=mm&r=g\",\"url\":\"https:\\\/\\\/secure.gravatar.com\\\/avatar\\\/387e117f874ba5d0a3439060b45d914395d77287b2e4890a49d1599fc3ef9189?s=96&d=mm&r=g\",\"contentUrl\":\"https:\\\/\\\/secure.gravatar.com\\\/avatar\\\/387e117f874ba5d0a3439060b45d914395d77287b2e4890a49d1599fc3ef9189?s=96&d=mm&r=g\",\"caption\":\"Prensa A Guarda\"},\"url\":\"https:\\\/\\\/www.turismoaguarda.es\\\/en\\\/author\\\/prensa\\\/\"}]}<\/script>\n<!-- \/ Yoast SEO plugin. -->","yoast_head_json":{"title":"Las visitas guiadas al Castro de Santa Tecla recuperan horarios para este agosto | Turismo A Guarda","description":"El mes de agosto presenta numerosas oportunidades para visitar el castro Santa Trega en una visita guiada gratuita.","robots":{"index":"index","follow":"follow","max-snippet":"max-snippet:-1","max-image-preview":"max-image-preview:large","max-video-preview":"max-video-preview:-1"},"canonical":"https:\/\/www.turismoaguarda.es\/las-visitas-guiadas-al-castro-de-santa-tecla-recuperan-horarios-para-este-agosto\/","og_locale":"en_US","og_type":"article","og_title":"Las visitas guiadas al Castro de Santa Tecla recuperan horarios para este agosto | Turismo A Guarda","og_description":"El mes de agosto presenta numerosas oportunidades para visitar el castro Santa Trega en una visita guiada gratuita.","og_url":"https:\/\/www.turismoaguarda.es\/las-visitas-guiadas-al-castro-de-santa-tecla-recuperan-horarios-para-este-agosto\/","og_site_name":"Turismo A Guarda","article_publisher":"https:\/\/es-es.facebook.com\/Turismo-A-Guarda-126223240790625\/","article_published_time":"2024-08-01T08:41:59+00:00","og_image":[{"width":424,"height":600,"url":"https:\/\/www.turismoaguarda.es\/wp-content\/uploads\/2024\/08\/tn_CARTEL-A3-VISITAS-GUIADAS-VERANO-2024-agosto-2024_page-0001.jpg","type":"image\/jpeg"}],"author":"Prensa A Guarda","twitter_card":"summary_large_image","twitter_creator":"@TurismoAGuarda","twitter_site":"@TurismoAGuarda","twitter_misc":{"Written by":"Prensa A Guarda","Est. reading time":"1 minute"},"schema":{"@context":"https:\/\/schema.org","@graph":[{"@type":"Article","@id":"https:\/\/www.turismoaguarda.es\/las-visitas-guiadas-al-castro-de-santa-tecla-recuperan-horarios-para-este-agosto\/#article","isPartOf":{"@id":"https:\/\/www.turismoaguarda.es\/las-visitas-guiadas-al-castro-de-santa-tecla-recuperan-horarios-para-este-agosto\/"},"author":{"name":"Prensa A Guarda","@id":"https:\/\/www.turismoaguarda.es\/#\/schema\/person\/a8b0c27ad7bcbb6c19799e934727508e"},"headline":"Las visitas guiadas al Castro de Santa Tecla recuperan horarios para este agosto","datePublished":"2024-08-01T08:41:59+00:00","mainEntityOfPage":{"@id":"https:\/\/www.turismoaguarda.es\/las-visitas-guiadas-al-castro-de-santa-tecla-recuperan-horarios-para-este-agosto\/"},"wordCount":168,"commentCount":0,"image":{"@id":"https:\/\/www.turismoaguarda.es\/las-visitas-guiadas-al-castro-de-santa-tecla-recuperan-horarios-para-este-agosto\/#primaryimage"},"thumbnailUrl":"https:\/\/www.turismoaguarda.es\/wp-content\/uploads\/2024\/08\/tn_CARTEL-A3-VISITAS-GUIADAS-VERANO-2024-agosto-2024_page-0001.jpg","articleSection":["Noticias Turismo"],"inLanguage":"en-US","potentialAction":[{"@type":"CommentAction","name":"Comment","target":["https:\/\/www.turismoaguarda.es\/las-visitas-guiadas-al-castro-de-santa-tecla-recuperan-horarios-para-este-agosto\/#respond"]}]},{"@type":"WebPage","@id":"https:\/\/www.turismoaguarda.es\/las-visitas-guiadas-al-castro-de-santa-tecla-recuperan-horarios-para-este-agosto\/","url":"https:\/\/www.turismoaguarda.es\/las-visitas-guiadas-al-castro-de-santa-tecla-recuperan-horarios-para-este-agosto\/","name":"Las visitas guiadas al Castro de Santa Tecla recuperan horarios para este agosto | Turismo A Guarda","isPartOf":{"@id":"https:\/\/www.turismoaguarda.es\/#website"},"primaryImageOfPage":{"@id":"https:\/\/www.turismoaguarda.es\/las-visitas-guiadas-al-castro-de-santa-tecla-recuperan-horarios-para-este-agosto\/#primaryimage"},"image":{"@id":"https:\/\/www.turismoaguarda.es\/las-visitas-guiadas-al-castro-de-santa-tecla-recuperan-horarios-para-este-agosto\/#primaryimage"},"thumbnailUrl":"https:\/\/www.turismoaguarda.es\/wp-content\/uploads\/2024\/08\/tn_CARTEL-A3-VISITAS-GUIADAS-VERANO-2024-agosto-2024_page-0001.jpg","datePublished":"2024-08-01T08:41:59+00:00","author":{"@id":"https:\/\/www.turismoaguarda.es\/#\/schema\/person\/a8b0c27ad7bcbb6c19799e934727508e"},"description":"El mes de agosto presenta numerosas oportunidades para visitar el castro Santa Trega en una visita guiada gratuita.","breadcrumb":{"@id":"https:\/\/www.turismoaguarda.es\/las-visitas-guiadas-al-castro-de-santa-tecla-recuperan-horarios-para-este-agosto\/#breadcrumb"},"inLanguage":"en-US","potentialAction":[{"@type":"ReadAction","target":["https:\/\/www.turismoaguarda.es\/las-visitas-guiadas-al-castro-de-santa-tecla-recuperan-horarios-para-este-agosto\/"]}]},{"@type":"ImageObject","inLanguage":"en-US","@id":"https:\/\/www.turismoaguarda.es\/las-visitas-guiadas-al-castro-de-santa-tecla-recuperan-horarios-para-este-agosto\/#primaryimage","url":"https:\/\/www.turismoaguarda.es\/wp-content\/uploads\/2024\/08\/tn_CARTEL-A3-VISITAS-GUIADAS-VERANO-2024-agosto-2024_page-0001.jpg","contentUrl":"https:\/\/www.turismoaguarda.es\/wp-content\/uploads\/2024\/08\/tn_CARTEL-A3-VISITAS-GUIADAS-VERANO-2024-agosto-2024_page-0001.jpg","width":424,"height":600},{"@type":"BreadcrumbList","@id":"https:\/\/www.turismoaguarda.es\/las-visitas-guiadas-al-castro-de-santa-tecla-recuperan-horarios-para-este-agosto\/#breadcrumb","itemListElement":[{"@type":"ListItem","position":1,"name":"Portada","item":"https:\/\/www.turismoaguarda.es\/en\/"},{"@type":"ListItem","position":2,"name":"Las visitas guiadas al Castro de Santa Tecla recuperan horarios para este agosto"}]},{"@type":"WebSite","@id":"https:\/\/www.turismoaguarda.es\/#website","url":"https:\/\/www.turismoaguarda.es\/","name":"Turismo A Guarda","description":"Informaci\u00f3n tur\u00edstica de A Guarda y alrededores.","potentialAction":[{"@type":"SearchAction","target":{"@type":"EntryPoint","urlTemplate":"https:\/\/www.turismoaguarda.es\/?s={search_term_string}"},"query-input":{"@type":"PropertyValueSpecification","valueRequired":true,"valueName":"search_term_string"}}],"inLanguage":"en-US"},{"@type":"Person","@id":"https:\/\/www.turismoaguarda.es\/#\/schema\/person\/a8b0c27ad7bcbb6c19799e934727508e","name":"Prensa A Guarda","image":{"@type":"ImageObject","inLanguage":"en-US","@id":"https:\/\/secure.gravatar.com\/avatar\/387e117f874ba5d0a3439060b45d914395d77287b2e4890a49d1599fc3ef9189?s=96&d=mm&r=g","url":"https:\/\/secure.gravatar.com\/avatar\/387e117f874ba5d0a3439060b45d914395d77287b2e4890a49d1599fc3ef9189?s=96&d=mm&r=g","contentUrl":"https:\/\/secure.gravatar.com\/avatar\/387e117f874ba5d0a3439060b45d914395d77287b2e4890a49d1599fc3ef9189?s=96&d=mm&r=g","caption":"Prensa A Guarda"},"url":"https:\/\/www.turismoaguarda.es\/en\/author\/prensa\/"}]}},"_links":{"self":[{"href":"https:\/\/www.turismoaguarda.es\/en\/wp-json\/wp\/v2\/posts\/17636","targetHints":{"allow":["GET"]}}],"collection":[{"href":"https:\/\/www.turismoaguarda.es\/en\/wp-json\/wp\/v2\/posts"}],"about":[{"href":"https:\/\/www.turismoaguarda.es\/en\/wp-json\/wp\/v2\/types\/post"}],"author":[{"embeddable":true,"href":"https:\/\/www.turismoaguarda.es\/en\/wp-json\/wp\/v2\/users\/11"}],"replies":[{"embeddable":true,"href":"https:\/\/www.turismoaguarda.es\/en\/wp-json\/wp\/v2\/comments?post=17636"}],"version-history":[{"count":1,"href":"https:\/\/www.turismoaguarda.es\/en\/wp-json\/wp\/v2\/posts\/17636\/revisions"}],"predecessor-version":[{"id":17640,"href":"https:\/\/www.turismoaguarda.es\/en\/wp-json\/wp\/v2\/posts\/17636\/revisions\/17640"}],"wp:featuredmedia":[{"embeddable":true,"href":"https:\/\/www.turismoaguarda.es\/en\/wp-json\/wp\/v2\/media\/17637"}],"wp:attachment":[{"href":"https:\/\/www.turismoaguarda.es\/en\/wp-json\/wp\/v2\/media?parent=17636"}],"wp:term":[{"taxonomy":"category","embeddable":true,"href":"https:\/\/www.turismoaguarda.es\/en\/wp-json\/wp\/v2\/categories?post=17636"},{"taxonomy":"post_tag","embeddable":true,"href":"https:\/\/www.turismoaguarda.es\/en\/wp-json\/wp\/v2\/tags?post=17636"}],"curies":[{"name":"wp","href":"https:\/\/api.w.org\/{rel}","templated":true}]}}