{"id":17620,"date":"2024-07-23T12:48:54","date_gmt":"2024-07-23T10:48:54","guid":{"rendered":"https:\/\/www.turismoaguarda.es\/?p=17620"},"modified":"2024-07-23T12:48:54","modified_gmt":"2024-07-23T10:48:54","slug":"la-xix-fiesta-del-pez-espada-vuelve-este-fin-de-semana","status":"publish","type":"post","link":"https:\/\/www.turismoaguarda.es\/en\/la-xix-fiesta-del-pez-espada-vuelve-este-fin-de-semana\/","title":{"rendered":"La XIX Fiesta del Pez Espada vuelve este fin de semana"},"content":{"rendered":"<div class=\"textboxes\">\n<div class=\"col_b\">\n<div class=\"textbox\">\n<div id=\"contenedor\" class=\"textarea unknown\">La Fiesta del Pez Espada celebra este fin de semana su 19\u00aa edici\u00f3n. Se dar\u00e1 comienzo el viernes 26 de julio, con el acto de inauguraci\u00f3n en el Ayuntamiento a las 19:00 horas, donde tambi\u00e9n se dar\u00e1 entrega del premio del concurso infantil; esta vez, a Laura Santos Adrover.<\/div>\n<div><\/div>\n<div class=\"textarea unknown\">Ya el s\u00e1bado, la asociaci\u00f3n Piueiro organiza un taller infantil con pintacaras en la plaza Avelino Vicente a partir de las 11:00 horas. Adem\u00e1s, se abrir\u00e1 la exposici\u00f3n etnogr\u00e1fica marinera de la Asociaci\u00f3n Piueiro en el edificio Casa del Pescador, que tendr\u00e1 un horario de 11:30 a 13:30 horas y de 17:00 a 20:00 horas.<\/div>\n<div><\/div>\n<div class=\"textarea unknown\">Para llevar m\u00fasica las calles, el Treb\u00f3n de los Xidos har\u00e1 un recurrido desde la plaza de Avelino Vicente hasta el Puerto, tanto el s\u00e1bado como el domingo por la ma\u00f1ana.<\/div>\n<div><\/div>\n<div class=\"textarea unknown\">Para acercarnos al mar, el volanteiro Piueiro ofrecer\u00e1 salidas que precisan reserva previa en la Oficina de Turismo de la Plaza del Rel\u00f3 o en el 986 61 45 46.<\/div>\n<div><\/div>\n<div class=\"textarea unknown\">Durante el fin de semana 15 restaurantes ofrecer\u00e1n diferentes tapas o platos que tendr\u00e1n como protagonista el pescado espada. De este modo, muestran la variedad de formas en las que se puede consumir el pescado.<\/div>\n<div><a href=\"https:\/\/www.turismoaguarda.es\/la-xix-fiesta-del-pez-espada-vuelve-este-fin-de-semana\/programa-espada-2024\/\" rel=\"attachment wp-att-17627\"><img loading=\"lazy\" decoding=\"async\" class=\"wp-image-17627 aligncenter\" src=\"https:\/\/www.turismoaguarda.es\/wp-content\/uploads\/2024\/07\/Programa-ESPADA-2024.jpg\" alt=\"\" width=\"935\" height=\"445\" srcset=\"https:\/\/www.turismoaguarda.es\/wp-content\/uploads\/2024\/07\/Programa-ESPADA-2024.jpg 1860w, https:\/\/www.turismoaguarda.es\/wp-content\/uploads\/2024\/07\/Programa-ESPADA-2024-300x143.jpg 300w, https:\/\/www.turismoaguarda.es\/wp-content\/uploads\/2024\/07\/Programa-ESPADA-2024-1024x488.jpg 1024w, https:\/\/www.turismoaguarda.es\/wp-content\/uploads\/2024\/07\/Programa-ESPADA-2024-768x366.jpg 768w, https:\/\/www.turismoaguarda.es\/wp-content\/uploads\/2024\/07\/Programa-ESPADA-2024-1536x732.jpg 1536w, https:\/\/www.turismoaguarda.es\/wp-content\/uploads\/2024\/07\/Programa-ESPADA-2024-150x71.jpg 150w, https:\/\/www.turismoaguarda.es\/wp-content\/uploads\/2024\/07\/Programa-ESPADA-2024-500x238.jpg 500w\" sizes=\"auto, (max-width: 935px) 100vw, 935px\" \/><\/a><\/div>\n<div><a href=\"https:\/\/www.turismoaguarda.es\/la-xix-fiesta-del-pez-espada-vuelve-este-fin-de-semana\/programa-espada-20242\/\" rel=\"attachment wp-att-17624\"><img loading=\"lazy\" decoding=\"async\" class=\"wp-image-17624 aligncenter\" src=\"https:\/\/www.turismoaguarda.es\/wp-content\/uploads\/2024\/07\/Programa-ESPADA-20242.jpg\" alt=\"\" width=\"932\" height=\"444\" srcset=\"https:\/\/www.turismoaguarda.es\/wp-content\/uploads\/2024\/07\/Programa-ESPADA-20242.jpg 1860w, https:\/\/www.turismoaguarda.es\/wp-content\/uploads\/2024\/07\/Programa-ESPADA-20242-300x143.jpg 300w, https:\/\/www.turismoaguarda.es\/wp-content\/uploads\/2024\/07\/Programa-ESPADA-20242-1024x488.jpg 1024w, https:\/\/www.turismoaguarda.es\/wp-content\/uploads\/2024\/07\/Programa-ESPADA-20242-768x366.jpg 768w, https:\/\/www.turismoaguarda.es\/wp-content\/uploads\/2024\/07\/Programa-ESPADA-20242-1536x732.jpg 1536w, https:\/\/www.turismoaguarda.es\/wp-content\/uploads\/2024\/07\/Programa-ESPADA-20242-150x71.jpg 150w, https:\/\/www.turismoaguarda.es\/wp-content\/uploads\/2024\/07\/Programa-ESPADA-20242-500x238.jpg 500w\" sizes=\"auto, (max-width: 932px) 100vw, 932px\" \/><\/a><\/div>\n<\/div>\n<\/div>\n<\/div>\n","protected":false},"excerpt":{"rendered":"<p>La Fiesta del Pez Espada celebra este fin de semana su 19\u00aa edici\u00f3n. Se dar\u00e1 comienzo el viernes 26 de julio, con el acto de inauguraci\u00f3n en el Ayuntamiento a las 19:00 horas, donde tambi\u00e9n se dar\u00e1 entrega del premio del concurso infantil; esta vez, a Laura Santos Adrover. Ya el s\u00e1bado, la asociaci\u00f3n Piueiro<\/p>\n<div class=\"padding-top text-center\"><a href=\"https:\/\/www.turismoaguarda.es\/en\/la-xix-fiesta-del-pez-espada-vuelve-este-fin-de-semana\/\" class=\"atbtn atbtn--medium atbtn--rounded atbtn--transparent\">Read more<i class=\"atbtn__icon atbtn__icon--right fa fa-long-arrow-right\"><\/i><\/a><\/div>\n","protected":false},"author":11,"featured_media":17621,"comment_status":"open","ping_status":"open","sticky":false,"template":"","format":"standard","meta":{"footnotes":""},"categories":[44],"tags":[],"class_list":["post-17620","post","type-post","status-publish","format-standard","has-post-thumbnail","hentry","category-noticias-turismo"],"yoast_head":"<!-- This site is optimized with the Yoast SEO plugin v27.5 - https:\/\/yoast.com\/product\/yoast-seo-wordpress\/ -->\n<title>La XIX Fiesta del Pez Espada vuelve este fin de semana | Turismo A Guarda<\/title>\n<meta name=\"description\" content=\"La Fiesta del Pez Espada celebra este fin de semana su 19\u00aa edici\u00f3n. Se dar\u00e1 comienzo el viernes 26 de julio, con el acto de inauguraci\u00f3n en\" \/>\n<meta name=\"robots\" content=\"index, follow, max-snippet:-1, max-image-preview:large, max-video-preview:-1\" \/>\n<link rel=\"canonical\" href=\"https:\/\/www.turismoaguarda.es\/la-xix-fiesta-del-pez-espada-vuelve-este-fin-de-semana\/\" \/>\n<meta property=\"og:locale\" content=\"en_US\" \/>\n<meta property=\"og:type\" content=\"article\" \/>\n<meta property=\"og:title\" content=\"La XIX Fiesta del Pez Espada vuelve este fin de semana | Turismo A Guarda\" \/>\n<meta property=\"og:description\" content=\"La Fiesta del Pez Espada celebra este fin de semana su 19\u00aa edici\u00f3n. Se dar\u00e1 comienzo el viernes 26 de julio, con el acto de inauguraci\u00f3n en\" \/>\n<meta property=\"og:url\" content=\"https:\/\/www.turismoaguarda.es\/la-xix-fiesta-del-pez-espada-vuelve-este-fin-de-semana\/\" \/>\n<meta property=\"og:site_name\" content=\"Turismo A Guarda\" \/>\n<meta property=\"article:publisher\" content=\"https:\/\/es-es.facebook.com\/Turismo-A-Guarda-126223240790625\/\" \/>\n<meta property=\"article:published_time\" content=\"2024-07-23T10:48:54+00:00\" \/>\n<meta property=\"og:image\" content=\"https:\/\/www.turismoaguarda.es\/wp-content\/uploads\/2024\/07\/tn_Cartel-PEIXE-ESPADA.jpg\" \/>\n\t<meta property=\"og:image:width\" content=\"424\" \/>\n\t<meta property=\"og:image:height\" content=\"600\" \/>\n\t<meta property=\"og:image:type\" content=\"image\/jpeg\" \/>\n<meta name=\"author\" content=\"Prensa A Guarda\" \/>\n<meta name=\"twitter:card\" content=\"summary_large_image\" \/>\n<meta name=\"twitter:creator\" content=\"@TurismoAGuarda\" \/>\n<meta name=\"twitter:site\" content=\"@TurismoAGuarda\" \/>\n<meta name=\"twitter:label1\" content=\"Written by\" \/>\n\t<meta name=\"twitter:data1\" content=\"Prensa A Guarda\" \/>\n\t<meta name=\"twitter:label2\" content=\"Est. reading time\" \/>\n\t<meta name=\"twitter:data2\" content=\"2 minutes\" \/>\n<script type=\"application\/ld+json\" class=\"yoast-schema-graph\">{\"@context\":\"https:\\\/\\\/schema.org\",\"@graph\":[{\"@type\":\"Article\",\"@id\":\"https:\\\/\\\/www.turismoaguarda.es\\\/la-xix-fiesta-del-pez-espada-vuelve-este-fin-de-semana\\\/#article\",\"isPartOf\":{\"@id\":\"https:\\\/\\\/www.turismoaguarda.es\\\/la-xix-fiesta-del-pez-espada-vuelve-este-fin-de-semana\\\/\"},\"author\":{\"name\":\"Prensa A Guarda\",\"@id\":\"https:\\\/\\\/www.turismoaguarda.es\\\/#\\\/schema\\\/person\\\/a8b0c27ad7bcbb6c19799e934727508e\"},\"headline\":\"La XIX Fiesta del Pez Espada vuelve este fin de semana\",\"datePublished\":\"2024-07-23T10:48:54+00:00\",\"mainEntityOfPage\":{\"@id\":\"https:\\\/\\\/www.turismoaguarda.es\\\/la-xix-fiesta-del-pez-espada-vuelve-este-fin-de-semana\\\/\"},\"wordCount\":213,\"commentCount\":0,\"image\":{\"@id\":\"https:\\\/\\\/www.turismoaguarda.es\\\/la-xix-fiesta-del-pez-espada-vuelve-este-fin-de-semana\\\/#primaryimage\"},\"thumbnailUrl\":\"https:\\\/\\\/www.turismoaguarda.es\\\/wp-content\\\/uploads\\\/2024\\\/07\\\/tn_Cartel-PEIXE-ESPADA.jpg\",\"articleSection\":[\"Noticias Turismo\"],\"inLanguage\":\"en-US\",\"potentialAction\":[{\"@type\":\"CommentAction\",\"name\":\"Comment\",\"target\":[\"https:\\\/\\\/www.turismoaguarda.es\\\/la-xix-fiesta-del-pez-espada-vuelve-este-fin-de-semana\\\/#respond\"]}]},{\"@type\":\"WebPage\",\"@id\":\"https:\\\/\\\/www.turismoaguarda.es\\\/la-xix-fiesta-del-pez-espada-vuelve-este-fin-de-semana\\\/\",\"url\":\"https:\\\/\\\/www.turismoaguarda.es\\\/la-xix-fiesta-del-pez-espada-vuelve-este-fin-de-semana\\\/\",\"name\":\"La XIX Fiesta del Pez Espada vuelve este fin de semana | Turismo A Guarda\",\"isPartOf\":{\"@id\":\"https:\\\/\\\/www.turismoaguarda.es\\\/#website\"},\"primaryImageOfPage\":{\"@id\":\"https:\\\/\\\/www.turismoaguarda.es\\\/la-xix-fiesta-del-pez-espada-vuelve-este-fin-de-semana\\\/#primaryimage\"},\"image\":{\"@id\":\"https:\\\/\\\/www.turismoaguarda.es\\\/la-xix-fiesta-del-pez-espada-vuelve-este-fin-de-semana\\\/#primaryimage\"},\"thumbnailUrl\":\"https:\\\/\\\/www.turismoaguarda.es\\\/wp-content\\\/uploads\\\/2024\\\/07\\\/tn_Cartel-PEIXE-ESPADA.jpg\",\"datePublished\":\"2024-07-23T10:48:54+00:00\",\"author\":{\"@id\":\"https:\\\/\\\/www.turismoaguarda.es\\\/#\\\/schema\\\/person\\\/a8b0c27ad7bcbb6c19799e934727508e\"},\"description\":\"La Fiesta del Pez Espada celebra este fin de semana su 19\u00aa edici\u00f3n. Se dar\u00e1 comienzo el viernes 26 de julio, con el acto de inauguraci\u00f3n en\",\"breadcrumb\":{\"@id\":\"https:\\\/\\\/www.turismoaguarda.es\\\/la-xix-fiesta-del-pez-espada-vuelve-este-fin-de-semana\\\/#breadcrumb\"},\"inLanguage\":\"en-US\",\"potentialAction\":[{\"@type\":\"ReadAction\",\"target\":[\"https:\\\/\\\/www.turismoaguarda.es\\\/la-xix-fiesta-del-pez-espada-vuelve-este-fin-de-semana\\\/\"]}]},{\"@type\":\"ImageObject\",\"inLanguage\":\"en-US\",\"@id\":\"https:\\\/\\\/www.turismoaguarda.es\\\/la-xix-fiesta-del-pez-espada-vuelve-este-fin-de-semana\\\/#primaryimage\",\"url\":\"https:\\\/\\\/www.turismoaguarda.es\\\/wp-content\\\/uploads\\\/2024\\\/07\\\/tn_Cartel-PEIXE-ESPADA.jpg\",\"contentUrl\":\"https:\\\/\\\/www.turismoaguarda.es\\\/wp-content\\\/uploads\\\/2024\\\/07\\\/tn_Cartel-PEIXE-ESPADA.jpg\",\"width\":424,\"height\":600},{\"@type\":\"BreadcrumbList\",\"@id\":\"https:\\\/\\\/www.turismoaguarda.es\\\/la-xix-fiesta-del-pez-espada-vuelve-este-fin-de-semana\\\/#breadcrumb\",\"itemListElement\":[{\"@type\":\"ListItem\",\"position\":1,\"name\":\"Portada\",\"item\":\"https:\\\/\\\/www.turismoaguarda.es\\\/en\\\/\"},{\"@type\":\"ListItem\",\"position\":2,\"name\":\"La XIX Fiesta del Pez Espada vuelve este fin de semana\"}]},{\"@type\":\"WebSite\",\"@id\":\"https:\\\/\\\/www.turismoaguarda.es\\\/#website\",\"url\":\"https:\\\/\\\/www.turismoaguarda.es\\\/\",\"name\":\"Turismo A Guarda\",\"description\":\"Informaci\u00f3n tur\u00edstica de A Guarda y alrededores.\",\"potentialAction\":[{\"@type\":\"SearchAction\",\"target\":{\"@type\":\"EntryPoint\",\"urlTemplate\":\"https:\\\/\\\/www.turismoaguarda.es\\\/?s={search_term_string}\"},\"query-input\":{\"@type\":\"PropertyValueSpecification\",\"valueRequired\":true,\"valueName\":\"search_term_string\"}}],\"inLanguage\":\"en-US\"},{\"@type\":\"Person\",\"@id\":\"https:\\\/\\\/www.turismoaguarda.es\\\/#\\\/schema\\\/person\\\/a8b0c27ad7bcbb6c19799e934727508e\",\"name\":\"Prensa A Guarda\",\"image\":{\"@type\":\"ImageObject\",\"inLanguage\":\"en-US\",\"@id\":\"https:\\\/\\\/secure.gravatar.com\\\/avatar\\\/387e117f874ba5d0a3439060b45d914395d77287b2e4890a49d1599fc3ef9189?s=96&d=mm&r=g\",\"url\":\"https:\\\/\\\/secure.gravatar.com\\\/avatar\\\/387e117f874ba5d0a3439060b45d914395d77287b2e4890a49d1599fc3ef9189?s=96&d=mm&r=g\",\"contentUrl\":\"https:\\\/\\\/secure.gravatar.com\\\/avatar\\\/387e117f874ba5d0a3439060b45d914395d77287b2e4890a49d1599fc3ef9189?s=96&d=mm&r=g\",\"caption\":\"Prensa A Guarda\"},\"url\":\"https:\\\/\\\/www.turismoaguarda.es\\\/en\\\/author\\\/prensa\\\/\"}]}<\/script>\n<!-- \/ Yoast SEO plugin. -->","yoast_head_json":{"title":"La XIX Fiesta del Pez Espada vuelve este fin de semana | Turismo A Guarda","description":"La Fiesta del Pez Espada celebra este fin de semana su 19\u00aa edici\u00f3n. Se dar\u00e1 comienzo el viernes 26 de julio, con el acto de inauguraci\u00f3n en","robots":{"index":"index","follow":"follow","max-snippet":"max-snippet:-1","max-image-preview":"max-image-preview:large","max-video-preview":"max-video-preview:-1"},"canonical":"https:\/\/www.turismoaguarda.es\/la-xix-fiesta-del-pez-espada-vuelve-este-fin-de-semana\/","og_locale":"en_US","og_type":"article","og_title":"La XIX Fiesta del Pez Espada vuelve este fin de semana | Turismo A Guarda","og_description":"La Fiesta del Pez Espada celebra este fin de semana su 19\u00aa edici\u00f3n. Se dar\u00e1 comienzo el viernes 26 de julio, con el acto de inauguraci\u00f3n en","og_url":"https:\/\/www.turismoaguarda.es\/la-xix-fiesta-del-pez-espada-vuelve-este-fin-de-semana\/","og_site_name":"Turismo A Guarda","article_publisher":"https:\/\/es-es.facebook.com\/Turismo-A-Guarda-126223240790625\/","article_published_time":"2024-07-23T10:48:54+00:00","og_image":[{"width":424,"height":600,"url":"https:\/\/www.turismoaguarda.es\/wp-content\/uploads\/2024\/07\/tn_Cartel-PEIXE-ESPADA.jpg","type":"image\/jpeg"}],"author":"Prensa A Guarda","twitter_card":"summary_large_image","twitter_creator":"@TurismoAGuarda","twitter_site":"@TurismoAGuarda","twitter_misc":{"Written by":"Prensa A Guarda","Est. reading time":"2 minutes"},"schema":{"@context":"https:\/\/schema.org","@graph":[{"@type":"Article","@id":"https:\/\/www.turismoaguarda.es\/la-xix-fiesta-del-pez-espada-vuelve-este-fin-de-semana\/#article","isPartOf":{"@id":"https:\/\/www.turismoaguarda.es\/la-xix-fiesta-del-pez-espada-vuelve-este-fin-de-semana\/"},"author":{"name":"Prensa A Guarda","@id":"https:\/\/www.turismoaguarda.es\/#\/schema\/person\/a8b0c27ad7bcbb6c19799e934727508e"},"headline":"La XIX Fiesta del Pez Espada vuelve este fin de semana","datePublished":"2024-07-23T10:48:54+00:00","mainEntityOfPage":{"@id":"https:\/\/www.turismoaguarda.es\/la-xix-fiesta-del-pez-espada-vuelve-este-fin-de-semana\/"},"wordCount":213,"commentCount":0,"image":{"@id":"https:\/\/www.turismoaguarda.es\/la-xix-fiesta-del-pez-espada-vuelve-este-fin-de-semana\/#primaryimage"},"thumbnailUrl":"https:\/\/www.turismoaguarda.es\/wp-content\/uploads\/2024\/07\/tn_Cartel-PEIXE-ESPADA.jpg","articleSection":["Noticias Turismo"],"inLanguage":"en-US","potentialAction":[{"@type":"CommentAction","name":"Comment","target":["https:\/\/www.turismoaguarda.es\/la-xix-fiesta-del-pez-espada-vuelve-este-fin-de-semana\/#respond"]}]},{"@type":"WebPage","@id":"https:\/\/www.turismoaguarda.es\/la-xix-fiesta-del-pez-espada-vuelve-este-fin-de-semana\/","url":"https:\/\/www.turismoaguarda.es\/la-xix-fiesta-del-pez-espada-vuelve-este-fin-de-semana\/","name":"La XIX Fiesta del Pez Espada vuelve este fin de semana | Turismo A Guarda","isPartOf":{"@id":"https:\/\/www.turismoaguarda.es\/#website"},"primaryImageOfPage":{"@id":"https:\/\/www.turismoaguarda.es\/la-xix-fiesta-del-pez-espada-vuelve-este-fin-de-semana\/#primaryimage"},"image":{"@id":"https:\/\/www.turismoaguarda.es\/la-xix-fiesta-del-pez-espada-vuelve-este-fin-de-semana\/#primaryimage"},"thumbnailUrl":"https:\/\/www.turismoaguarda.es\/wp-content\/uploads\/2024\/07\/tn_Cartel-PEIXE-ESPADA.jpg","datePublished":"2024-07-23T10:48:54+00:00","author":{"@id":"https:\/\/www.turismoaguarda.es\/#\/schema\/person\/a8b0c27ad7bcbb6c19799e934727508e"},"description":"La Fiesta del Pez Espada celebra este fin de semana su 19\u00aa edici\u00f3n. Se dar\u00e1 comienzo el viernes 26 de julio, con el acto de inauguraci\u00f3n en","breadcrumb":{"@id":"https:\/\/www.turismoaguarda.es\/la-xix-fiesta-del-pez-espada-vuelve-este-fin-de-semana\/#breadcrumb"},"inLanguage":"en-US","potentialAction":[{"@type":"ReadAction","target":["https:\/\/www.turismoaguarda.es\/la-xix-fiesta-del-pez-espada-vuelve-este-fin-de-semana\/"]}]},{"@type":"ImageObject","inLanguage":"en-US","@id":"https:\/\/www.turismoaguarda.es\/la-xix-fiesta-del-pez-espada-vuelve-este-fin-de-semana\/#primaryimage","url":"https:\/\/www.turismoaguarda.es\/wp-content\/uploads\/2024\/07\/tn_Cartel-PEIXE-ESPADA.jpg","contentUrl":"https:\/\/www.turismoaguarda.es\/wp-content\/uploads\/2024\/07\/tn_Cartel-PEIXE-ESPADA.jpg","width":424,"height":600},{"@type":"BreadcrumbList","@id":"https:\/\/www.turismoaguarda.es\/la-xix-fiesta-del-pez-espada-vuelve-este-fin-de-semana\/#breadcrumb","itemListElement":[{"@type":"ListItem","position":1,"name":"Portada","item":"https:\/\/www.turismoaguarda.es\/en\/"},{"@type":"ListItem","position":2,"name":"La XIX Fiesta del Pez Espada vuelve este fin de semana"}]},{"@type":"WebSite","@id":"https:\/\/www.turismoaguarda.es\/#website","url":"https:\/\/www.turismoaguarda.es\/","name":"Turismo A Guarda","description":"Informaci\u00f3n tur\u00edstica de A Guarda y alrededores.","potentialAction":[{"@type":"SearchAction","target":{"@type":"EntryPoint","urlTemplate":"https:\/\/www.turismoaguarda.es\/?s={search_term_string}"},"query-input":{"@type":"PropertyValueSpecification","valueRequired":true,"valueName":"search_term_string"}}],"inLanguage":"en-US"},{"@type":"Person","@id":"https:\/\/www.turismoaguarda.es\/#\/schema\/person\/a8b0c27ad7bcbb6c19799e934727508e","name":"Prensa A Guarda","image":{"@type":"ImageObject","inLanguage":"en-US","@id":"https:\/\/secure.gravatar.com\/avatar\/387e117f874ba5d0a3439060b45d914395d77287b2e4890a49d1599fc3ef9189?s=96&d=mm&r=g","url":"https:\/\/secure.gravatar.com\/avatar\/387e117f874ba5d0a3439060b45d914395d77287b2e4890a49d1599fc3ef9189?s=96&d=mm&r=g","contentUrl":"https:\/\/secure.gravatar.com\/avatar\/387e117f874ba5d0a3439060b45d914395d77287b2e4890a49d1599fc3ef9189?s=96&d=mm&r=g","caption":"Prensa A Guarda"},"url":"https:\/\/www.turismoaguarda.es\/en\/author\/prensa\/"}]}},"_links":{"self":[{"href":"https:\/\/www.turismoaguarda.es\/en\/wp-json\/wp\/v2\/posts\/17620","targetHints":{"allow":["GET"]}}],"collection":[{"href":"https:\/\/www.turismoaguarda.es\/en\/wp-json\/wp\/v2\/posts"}],"about":[{"href":"https:\/\/www.turismoaguarda.es\/en\/wp-json\/wp\/v2\/types\/post"}],"author":[{"embeddable":true,"href":"https:\/\/www.turismoaguarda.es\/en\/wp-json\/wp\/v2\/users\/11"}],"replies":[{"embeddable":true,"href":"https:\/\/www.turismoaguarda.es\/en\/wp-json\/wp\/v2\/comments?post=17620"}],"version-history":[{"count":2,"href":"https:\/\/www.turismoaguarda.es\/en\/wp-json\/wp\/v2\/posts\/17620\/revisions"}],"predecessor-version":[{"id":17631,"href":"https:\/\/www.turismoaguarda.es\/en\/wp-json\/wp\/v2\/posts\/17620\/revisions\/17631"}],"wp:featuredmedia":[{"embeddable":true,"href":"https:\/\/www.turismoaguarda.es\/en\/wp-json\/wp\/v2\/media\/17621"}],"wp:attachment":[{"href":"https:\/\/www.turismoaguarda.es\/en\/wp-json\/wp\/v2\/media?parent=17620"}],"wp:term":[{"taxonomy":"category","embeddable":true,"href":"https:\/\/www.turismoaguarda.es\/en\/wp-json\/wp\/v2\/categories?post=17620"},{"taxonomy":"post_tag","embeddable":true,"href":"https:\/\/www.turismoaguarda.es\/en\/wp-json\/wp\/v2\/tags?post=17620"}],"curies":[{"name":"wp","href":"https:\/\/api.w.org\/{rel}","templated":true}]}}