{"id":17589,"date":"2024-07-12T09:40:35","date_gmt":"2024-07-12T07:40:35","guid":{"rendered":"https:\/\/www.turismoaguarda.es\/?p=17589"},"modified":"2025-02-03T13:00:27","modified_gmt":"2025-02-03T12:00:27","slug":"nuevas-salidas-del-piueiro-durante-este-verano","status":"publish","type":"post","link":"https:\/\/www.turismoaguarda.es\/en\/nuevas-salidas-del-piueiro-durante-este-verano\/","title":{"rendered":"Nuevas salidas del Piueiro durante este verano"},"content":{"rendered":"<div class=\"textboxes\">\n<div class=\"col_b\">\n<div class=\"textbox\">\n<div id=\"contenedor\" class=\"textarea unknown\">\n<p>El Concello de A Guarda colabora un a\u00f1o m\u00e1s con la Asociaci\u00f3n Piueiro y durante los meses de verano ofrecer\u00e1n salidas gratuitas de navegaci\u00f3n por la costa con el Volanteiro Piueiro.<\/p>\n<p>La Oficina de Turismo de A Guarda (Plaza del Rel\u00f3) gestionar\u00e1 las reservas de las salidas a partir del s\u00e1bado anterior a las salidas de la semana siguiente. Las reservas se podr\u00e1n realizar presencialmente (que tendr\u00e1n prioridad) o llamando al 986 61 45 46 en horario de la oficina, que est\u00e1 abierta de martes a s\u00e1bado, y atendida por la informadora tur\u00edstica contratada gracias a la subvenci\u00f3n de Diputaci\u00f3n de Pontevedra para personal de atenci\u00f3n e informaci\u00f3n en las Oficina de Turismo de la Red Info R\u00edas Baixas.<\/p>\n<p>Debido al n\u00famero reducido de plazas disponibles una persona podr\u00e1 inscribir a un total de cuatro, excepto las unidades familiares. La edad m\u00ednima para participar es de 10 a\u00f1os.<\/p>\n<p>Recordar que es preciso estar 15 minutos antes de la salida en el muelle del puerto (escaleras del muelle alto) y la salida tendr\u00e1 una duraci\u00f3n aproximada de 45 minutos. Los horarios previstos de las salidas diarias son 16:30h, 17:30 y 18:30h y de las fechas previstas seg\u00fan semana son:<\/p>\n<p>Julio:<br \/>\n\u2022 Lunes 15 y jueves 18<br \/>\n\u2022 Martes 30<\/p>\n<p>Agosto:<br \/>\n\u2022 Viernes 2<br \/>\n\u2022 Mi\u00e9rcoles 14 y s\u00e1bado 17<br \/>\n\u2022 Martes 20 y viernes 23<br \/>\n\u2022 Martes 27 y s\u00e1bado 31<\/p>\n<p>Septiembre:<br \/>\n\u2022 Martes 3<br \/>\n\u2022 Lunes 9 y mi\u00e9rcoles 11<\/p>\n<p>Estas salidas de navegaci\u00f3n comenzaron el pasado fin de semana coincidiendo con la Fiesta de la Langosta y de la Cocina Marinera y continuar\u00e1n este fin de semana con motivo de la Rosegha, reuni\u00f3n marinera organizada por la propia Asociaci\u00f3n Piueiro. Durante este verano esta asociaci\u00f3n compaginar\u00e1 las salidas de navegaci\u00f3n con la participaci\u00f3n en otros eventos difundiendo nuestra cultura marinera.<\/p>\n<\/div>\n<\/div>\n<\/div>\n<\/div>\n","protected":false},"excerpt":{"rendered":"<p>El Concello de A Guarda colabora un a\u00f1o m\u00e1s con la Asociaci\u00f3n Piueiro y durante los meses de verano ofrecer\u00e1n salidas gratuitas de navegaci\u00f3n por la costa con el Volanteiro Piueiro. La Oficina de Turismo de A Guarda (Plaza del Rel\u00f3) gestionar\u00e1 las reservas de las salidas a partir del s\u00e1bado anterior a las salidas<\/p>\n<div class=\"padding-top text-center\"><a href=\"https:\/\/www.turismoaguarda.es\/en\/nuevas-salidas-del-piueiro-durante-este-verano\/\" class=\"atbtn atbtn--medium atbtn--rounded atbtn--transparent\">Read more<i class=\"atbtn__icon atbtn__icon--right fa fa-long-arrow-right\"><\/i><\/a><\/div>\n","protected":false},"author":11,"featured_media":17586,"comment_status":"open","ping_status":"open","sticky":false,"template":"","format":"standard","meta":{"footnotes":""},"categories":[44],"tags":[],"class_list":["post-17589","post","type-post","status-publish","format-standard","has-post-thumbnail","hentry","category-noticias-turismo"],"yoast_head":"<!-- This site is optimized with the Yoast SEO plugin v27.5 - https:\/\/yoast.com\/product\/yoast-seo-wordpress\/ -->\n<title>Nuevas salidas del Piueiro durante este verano | Turismo A Guarda<\/title>\n<meta name=\"description\" content=\"El Concello de A Guarda colabora un a\u00f1o m\u00e1s con la Asociaci\u00f3n Piueiro y durante los meses de verano ofrecer\u00e1n salidas gratuitas de navegaci\u00f3n\" \/>\n<meta name=\"robots\" content=\"index, follow, max-snippet:-1, max-image-preview:large, max-video-preview:-1\" \/>\n<link rel=\"canonical\" href=\"https:\/\/www.turismoaguarda.es\/nuevas-salidas-del-piueiro-durante-este-verano\/\" \/>\n<meta property=\"og:locale\" content=\"en_US\" \/>\n<meta property=\"og:type\" content=\"article\" \/>\n<meta property=\"og:title\" content=\"Nuevas salidas del Piueiro durante este verano | Turismo A Guarda\" \/>\n<meta property=\"og:description\" content=\"El Concello de A Guarda colabora un a\u00f1o m\u00e1s con la Asociaci\u00f3n Piueiro y durante los meses de verano ofrecer\u00e1n salidas gratuitas de navegaci\u00f3n\" \/>\n<meta property=\"og:url\" content=\"https:\/\/www.turismoaguarda.es\/nuevas-salidas-del-piueiro-durante-este-verano\/\" \/>\n<meta property=\"og:site_name\" content=\"Turismo A Guarda\" \/>\n<meta property=\"article:publisher\" content=\"https:\/\/es-es.facebook.com\/Turismo-A-Guarda-126223240790625\/\" \/>\n<meta property=\"article:published_time\" content=\"2024-07-12T07:40:35+00:00\" \/>\n<meta property=\"article:modified_time\" content=\"2025-02-03T12:00:27+00:00\" \/>\n<meta property=\"og:image\" content=\"https:\/\/www.turismoaguarda.es\/wp-content\/uploads\/2024\/07\/tn_saidas-navegacion-Piueiro-veran-2024.png\" \/>\n\t<meta property=\"og:image:width\" content=\"424\" \/>\n\t<meta property=\"og:image:height\" content=\"600\" \/>\n\t<meta property=\"og:image:type\" content=\"image\/png\" \/>\n<meta name=\"author\" content=\"Prensa A Guarda\" \/>\n<meta name=\"twitter:card\" content=\"summary_large_image\" \/>\n<meta name=\"twitter:creator\" content=\"@TurismoAGuarda\" \/>\n<meta name=\"twitter:site\" content=\"@TurismoAGuarda\" \/>\n<meta name=\"twitter:label1\" content=\"Written by\" \/>\n\t<meta name=\"twitter:data1\" content=\"Prensa A Guarda\" \/>\n\t<meta name=\"twitter:label2\" content=\"Est. reading time\" \/>\n\t<meta name=\"twitter:data2\" content=\"2 minutes\" \/>\n<script type=\"application\/ld+json\" class=\"yoast-schema-graph\">{\"@context\":\"https:\\\/\\\/schema.org\",\"@graph\":[{\"@type\":\"Article\",\"@id\":\"https:\\\/\\\/www.turismoaguarda.es\\\/nuevas-salidas-del-piueiro-durante-este-verano\\\/#article\",\"isPartOf\":{\"@id\":\"https:\\\/\\\/www.turismoaguarda.es\\\/nuevas-salidas-del-piueiro-durante-este-verano\\\/\"},\"author\":{\"name\":\"Prensa A Guarda\",\"@id\":\"https:\\\/\\\/www.turismoaguarda.es\\\/#\\\/schema\\\/person\\\/a8b0c27ad7bcbb6c19799e934727508e\"},\"headline\":\"Nuevas salidas del Piueiro durante este verano\",\"datePublished\":\"2024-07-12T07:40:35+00:00\",\"dateModified\":\"2025-02-03T12:00:27+00:00\",\"mainEntityOfPage\":{\"@id\":\"https:\\\/\\\/www.turismoaguarda.es\\\/nuevas-salidas-del-piueiro-durante-este-verano\\\/\"},\"wordCount\":310,\"commentCount\":0,\"image\":{\"@id\":\"https:\\\/\\\/www.turismoaguarda.es\\\/nuevas-salidas-del-piueiro-durante-este-verano\\\/#primaryimage\"},\"thumbnailUrl\":\"https:\\\/\\\/www.turismoaguarda.es\\\/wp-content\\\/uploads\\\/2024\\\/07\\\/tn_saidas-navegacion-Piueiro-veran-2024.png\",\"articleSection\":[\"Noticias Turismo\"],\"inLanguage\":\"en-US\",\"potentialAction\":[{\"@type\":\"CommentAction\",\"name\":\"Comment\",\"target\":[\"https:\\\/\\\/www.turismoaguarda.es\\\/nuevas-salidas-del-piueiro-durante-este-verano\\\/#respond\"]}]},{\"@type\":\"WebPage\",\"@id\":\"https:\\\/\\\/www.turismoaguarda.es\\\/nuevas-salidas-del-piueiro-durante-este-verano\\\/\",\"url\":\"https:\\\/\\\/www.turismoaguarda.es\\\/nuevas-salidas-del-piueiro-durante-este-verano\\\/\",\"name\":\"Nuevas salidas del Piueiro durante este verano | Turismo A Guarda\",\"isPartOf\":{\"@id\":\"https:\\\/\\\/www.turismoaguarda.es\\\/#website\"},\"primaryImageOfPage\":{\"@id\":\"https:\\\/\\\/www.turismoaguarda.es\\\/nuevas-salidas-del-piueiro-durante-este-verano\\\/#primaryimage\"},\"image\":{\"@id\":\"https:\\\/\\\/www.turismoaguarda.es\\\/nuevas-salidas-del-piueiro-durante-este-verano\\\/#primaryimage\"},\"thumbnailUrl\":\"https:\\\/\\\/www.turismoaguarda.es\\\/wp-content\\\/uploads\\\/2024\\\/07\\\/tn_saidas-navegacion-Piueiro-veran-2024.png\",\"datePublished\":\"2024-07-12T07:40:35+00:00\",\"dateModified\":\"2025-02-03T12:00:27+00:00\",\"author\":{\"@id\":\"https:\\\/\\\/www.turismoaguarda.es\\\/#\\\/schema\\\/person\\\/a8b0c27ad7bcbb6c19799e934727508e\"},\"description\":\"El Concello de A Guarda colabora un a\u00f1o m\u00e1s con la Asociaci\u00f3n Piueiro y durante los meses de verano ofrecer\u00e1n salidas gratuitas de navegaci\u00f3n\",\"breadcrumb\":{\"@id\":\"https:\\\/\\\/www.turismoaguarda.es\\\/nuevas-salidas-del-piueiro-durante-este-verano\\\/#breadcrumb\"},\"inLanguage\":\"en-US\",\"potentialAction\":[{\"@type\":\"ReadAction\",\"target\":[\"https:\\\/\\\/www.turismoaguarda.es\\\/nuevas-salidas-del-piueiro-durante-este-verano\\\/\"]}]},{\"@type\":\"ImageObject\",\"inLanguage\":\"en-US\",\"@id\":\"https:\\\/\\\/www.turismoaguarda.es\\\/nuevas-salidas-del-piueiro-durante-este-verano\\\/#primaryimage\",\"url\":\"https:\\\/\\\/www.turismoaguarda.es\\\/wp-content\\\/uploads\\\/2024\\\/07\\\/tn_saidas-navegacion-Piueiro-veran-2024.png\",\"contentUrl\":\"https:\\\/\\\/www.turismoaguarda.es\\\/wp-content\\\/uploads\\\/2024\\\/07\\\/tn_saidas-navegacion-Piueiro-veran-2024.png\",\"width\":424,\"height\":600},{\"@type\":\"BreadcrumbList\",\"@id\":\"https:\\\/\\\/www.turismoaguarda.es\\\/nuevas-salidas-del-piueiro-durante-este-verano\\\/#breadcrumb\",\"itemListElement\":[{\"@type\":\"ListItem\",\"position\":1,\"name\":\"Portada\",\"item\":\"https:\\\/\\\/www.turismoaguarda.es\\\/en\\\/\"},{\"@type\":\"ListItem\",\"position\":2,\"name\":\"Nuevas salidas del Piueiro durante este verano\"}]},{\"@type\":\"WebSite\",\"@id\":\"https:\\\/\\\/www.turismoaguarda.es\\\/#website\",\"url\":\"https:\\\/\\\/www.turismoaguarda.es\\\/\",\"name\":\"Turismo A Guarda\",\"description\":\"Informaci\u00f3n tur\u00edstica de A Guarda y alrededores.\",\"potentialAction\":[{\"@type\":\"SearchAction\",\"target\":{\"@type\":\"EntryPoint\",\"urlTemplate\":\"https:\\\/\\\/www.turismoaguarda.es\\\/?s={search_term_string}\"},\"query-input\":{\"@type\":\"PropertyValueSpecification\",\"valueRequired\":true,\"valueName\":\"search_term_string\"}}],\"inLanguage\":\"en-US\"},{\"@type\":\"Person\",\"@id\":\"https:\\\/\\\/www.turismoaguarda.es\\\/#\\\/schema\\\/person\\\/a8b0c27ad7bcbb6c19799e934727508e\",\"name\":\"Prensa A Guarda\",\"image\":{\"@type\":\"ImageObject\",\"inLanguage\":\"en-US\",\"@id\":\"https:\\\/\\\/secure.gravatar.com\\\/avatar\\\/387e117f874ba5d0a3439060b45d914395d77287b2e4890a49d1599fc3ef9189?s=96&d=mm&r=g\",\"url\":\"https:\\\/\\\/secure.gravatar.com\\\/avatar\\\/387e117f874ba5d0a3439060b45d914395d77287b2e4890a49d1599fc3ef9189?s=96&d=mm&r=g\",\"contentUrl\":\"https:\\\/\\\/secure.gravatar.com\\\/avatar\\\/387e117f874ba5d0a3439060b45d914395d77287b2e4890a49d1599fc3ef9189?s=96&d=mm&r=g\",\"caption\":\"Prensa A Guarda\"},\"url\":\"https:\\\/\\\/www.turismoaguarda.es\\\/en\\\/author\\\/prensa\\\/\"}]}<\/script>\n<!-- \/ Yoast SEO plugin. -->","yoast_head_json":{"title":"Nuevas salidas del Piueiro durante este verano | Turismo A Guarda","description":"El Concello de A Guarda colabora un a\u00f1o m\u00e1s con la Asociaci\u00f3n Piueiro y durante los meses de verano ofrecer\u00e1n salidas gratuitas de navegaci\u00f3n","robots":{"index":"index","follow":"follow","max-snippet":"max-snippet:-1","max-image-preview":"max-image-preview:large","max-video-preview":"max-video-preview:-1"},"canonical":"https:\/\/www.turismoaguarda.es\/nuevas-salidas-del-piueiro-durante-este-verano\/","og_locale":"en_US","og_type":"article","og_title":"Nuevas salidas del Piueiro durante este verano | Turismo A Guarda","og_description":"El Concello de A Guarda colabora un a\u00f1o m\u00e1s con la Asociaci\u00f3n Piueiro y durante los meses de verano ofrecer\u00e1n salidas gratuitas de navegaci\u00f3n","og_url":"https:\/\/www.turismoaguarda.es\/nuevas-salidas-del-piueiro-durante-este-verano\/","og_site_name":"Turismo A Guarda","article_publisher":"https:\/\/es-es.facebook.com\/Turismo-A-Guarda-126223240790625\/","article_published_time":"2024-07-12T07:40:35+00:00","article_modified_time":"2025-02-03T12:00:27+00:00","og_image":[{"width":424,"height":600,"url":"https:\/\/www.turismoaguarda.es\/wp-content\/uploads\/2024\/07\/tn_saidas-navegacion-Piueiro-veran-2024.png","type":"image\/png"}],"author":"Prensa A Guarda","twitter_card":"summary_large_image","twitter_creator":"@TurismoAGuarda","twitter_site":"@TurismoAGuarda","twitter_misc":{"Written by":"Prensa A Guarda","Est. reading time":"2 minutes"},"schema":{"@context":"https:\/\/schema.org","@graph":[{"@type":"Article","@id":"https:\/\/www.turismoaguarda.es\/nuevas-salidas-del-piueiro-durante-este-verano\/#article","isPartOf":{"@id":"https:\/\/www.turismoaguarda.es\/nuevas-salidas-del-piueiro-durante-este-verano\/"},"author":{"name":"Prensa A Guarda","@id":"https:\/\/www.turismoaguarda.es\/#\/schema\/person\/a8b0c27ad7bcbb6c19799e934727508e"},"headline":"Nuevas salidas del Piueiro durante este verano","datePublished":"2024-07-12T07:40:35+00:00","dateModified":"2025-02-03T12:00:27+00:00","mainEntityOfPage":{"@id":"https:\/\/www.turismoaguarda.es\/nuevas-salidas-del-piueiro-durante-este-verano\/"},"wordCount":310,"commentCount":0,"image":{"@id":"https:\/\/www.turismoaguarda.es\/nuevas-salidas-del-piueiro-durante-este-verano\/#primaryimage"},"thumbnailUrl":"https:\/\/www.turismoaguarda.es\/wp-content\/uploads\/2024\/07\/tn_saidas-navegacion-Piueiro-veran-2024.png","articleSection":["Noticias Turismo"],"inLanguage":"en-US","potentialAction":[{"@type":"CommentAction","name":"Comment","target":["https:\/\/www.turismoaguarda.es\/nuevas-salidas-del-piueiro-durante-este-verano\/#respond"]}]},{"@type":"WebPage","@id":"https:\/\/www.turismoaguarda.es\/nuevas-salidas-del-piueiro-durante-este-verano\/","url":"https:\/\/www.turismoaguarda.es\/nuevas-salidas-del-piueiro-durante-este-verano\/","name":"Nuevas salidas del Piueiro durante este verano | Turismo A Guarda","isPartOf":{"@id":"https:\/\/www.turismoaguarda.es\/#website"},"primaryImageOfPage":{"@id":"https:\/\/www.turismoaguarda.es\/nuevas-salidas-del-piueiro-durante-este-verano\/#primaryimage"},"image":{"@id":"https:\/\/www.turismoaguarda.es\/nuevas-salidas-del-piueiro-durante-este-verano\/#primaryimage"},"thumbnailUrl":"https:\/\/www.turismoaguarda.es\/wp-content\/uploads\/2024\/07\/tn_saidas-navegacion-Piueiro-veran-2024.png","datePublished":"2024-07-12T07:40:35+00:00","dateModified":"2025-02-03T12:00:27+00:00","author":{"@id":"https:\/\/www.turismoaguarda.es\/#\/schema\/person\/a8b0c27ad7bcbb6c19799e934727508e"},"description":"El Concello de A Guarda colabora un a\u00f1o m\u00e1s con la Asociaci\u00f3n Piueiro y durante los meses de verano ofrecer\u00e1n salidas gratuitas de navegaci\u00f3n","breadcrumb":{"@id":"https:\/\/www.turismoaguarda.es\/nuevas-salidas-del-piueiro-durante-este-verano\/#breadcrumb"},"inLanguage":"en-US","potentialAction":[{"@type":"ReadAction","target":["https:\/\/www.turismoaguarda.es\/nuevas-salidas-del-piueiro-durante-este-verano\/"]}]},{"@type":"ImageObject","inLanguage":"en-US","@id":"https:\/\/www.turismoaguarda.es\/nuevas-salidas-del-piueiro-durante-este-verano\/#primaryimage","url":"https:\/\/www.turismoaguarda.es\/wp-content\/uploads\/2024\/07\/tn_saidas-navegacion-Piueiro-veran-2024.png","contentUrl":"https:\/\/www.turismoaguarda.es\/wp-content\/uploads\/2024\/07\/tn_saidas-navegacion-Piueiro-veran-2024.png","width":424,"height":600},{"@type":"BreadcrumbList","@id":"https:\/\/www.turismoaguarda.es\/nuevas-salidas-del-piueiro-durante-este-verano\/#breadcrumb","itemListElement":[{"@type":"ListItem","position":1,"name":"Portada","item":"https:\/\/www.turismoaguarda.es\/en\/"},{"@type":"ListItem","position":2,"name":"Nuevas salidas del Piueiro durante este verano"}]},{"@type":"WebSite","@id":"https:\/\/www.turismoaguarda.es\/#website","url":"https:\/\/www.turismoaguarda.es\/","name":"Turismo A Guarda","description":"Informaci\u00f3n tur\u00edstica de A Guarda y alrededores.","potentialAction":[{"@type":"SearchAction","target":{"@type":"EntryPoint","urlTemplate":"https:\/\/www.turismoaguarda.es\/?s={search_term_string}"},"query-input":{"@type":"PropertyValueSpecification","valueRequired":true,"valueName":"search_term_string"}}],"inLanguage":"en-US"},{"@type":"Person","@id":"https:\/\/www.turismoaguarda.es\/#\/schema\/person\/a8b0c27ad7bcbb6c19799e934727508e","name":"Prensa A Guarda","image":{"@type":"ImageObject","inLanguage":"en-US","@id":"https:\/\/secure.gravatar.com\/avatar\/387e117f874ba5d0a3439060b45d914395d77287b2e4890a49d1599fc3ef9189?s=96&d=mm&r=g","url":"https:\/\/secure.gravatar.com\/avatar\/387e117f874ba5d0a3439060b45d914395d77287b2e4890a49d1599fc3ef9189?s=96&d=mm&r=g","contentUrl":"https:\/\/secure.gravatar.com\/avatar\/387e117f874ba5d0a3439060b45d914395d77287b2e4890a49d1599fc3ef9189?s=96&d=mm&r=g","caption":"Prensa A Guarda"},"url":"https:\/\/www.turismoaguarda.es\/en\/author\/prensa\/"}]}},"_links":{"self":[{"href":"https:\/\/www.turismoaguarda.es\/en\/wp-json\/wp\/v2\/posts\/17589","targetHints":{"allow":["GET"]}}],"collection":[{"href":"https:\/\/www.turismoaguarda.es\/en\/wp-json\/wp\/v2\/posts"}],"about":[{"href":"https:\/\/www.turismoaguarda.es\/en\/wp-json\/wp\/v2\/types\/post"}],"author":[{"embeddable":true,"href":"https:\/\/www.turismoaguarda.es\/en\/wp-json\/wp\/v2\/users\/11"}],"replies":[{"embeddable":true,"href":"https:\/\/www.turismoaguarda.es\/en\/wp-json\/wp\/v2\/comments?post=17589"}],"version-history":[{"count":4,"href":"https:\/\/www.turismoaguarda.es\/en\/wp-json\/wp\/v2\/posts\/17589\/revisions"}],"predecessor-version":[{"id":17846,"href":"https:\/\/www.turismoaguarda.es\/en\/wp-json\/wp\/v2\/posts\/17589\/revisions\/17846"}],"wp:featuredmedia":[{"embeddable":true,"href":"https:\/\/www.turismoaguarda.es\/en\/wp-json\/wp\/v2\/media\/17586"}],"wp:attachment":[{"href":"https:\/\/www.turismoaguarda.es\/en\/wp-json\/wp\/v2\/media?parent=17589"}],"wp:term":[{"taxonomy":"category","embeddable":true,"href":"https:\/\/www.turismoaguarda.es\/en\/wp-json\/wp\/v2\/categories?post=17589"},{"taxonomy":"post_tag","embeddable":true,"href":"https:\/\/www.turismoaguarda.es\/en\/wp-json\/wp\/v2\/tags?post=17589"}],"curies":[{"name":"wp","href":"https:\/\/api.w.org\/{rel}","templated":true}]}}