{"id":17581,"date":"2024-07-09T11:56:44","date_gmt":"2024-07-09T09:56:44","guid":{"rendered":"https:\/\/www.turismoaguarda.es\/?p=17581"},"modified":"2024-07-09T11:56:44","modified_gmt":"2024-07-09T09:56:44","slug":"la-fiesta-de-la-langosta-se-convierte-en-otro-exito-durante-todo-el-fin-de-semana","status":"publish","type":"post","link":"https:\/\/www.turismoaguarda.es\/en\/la-fiesta-de-la-langosta-se-convierte-en-otro-exito-durante-todo-el-fin-de-semana\/","title":{"rendered":"La Fiesta de la Langosta se convierte en otro \u00e9xito durante todo el fin de semana"},"content":{"rendered":"<p>Este fin de semana se celebr\u00f3 en A Guarda a XXXII Fiesta de la Langosta y de la Cocina Marinera. Los datos certifican el \u00e9xito de esta 32\u00aa edici\u00f3n, ya que se vendieron 700kg de langosta, la principal protagonista.<\/p>\n<p><a href=\"https:\/\/www.turismoaguarda.es\/festa-da-langosta-2024-5\/\"><img loading=\"lazy\" decoding=\"async\" class=\"alignleft  wp-image-17575\" src=\"https:\/\/www.turismoaguarda.es\/wp-content\/uploads\/2024\/07\/Festa-da-Langosta-2024-5.jpeg\" alt=\"\" width=\"371\" height=\"371\" srcset=\"https:\/\/www.turismoaguarda.es\/wp-content\/uploads\/2024\/07\/Festa-da-Langosta-2024-5.jpeg 1440w, https:\/\/www.turismoaguarda.es\/wp-content\/uploads\/2024\/07\/Festa-da-Langosta-2024-5-300x300.jpeg 300w, https:\/\/www.turismoaguarda.es\/wp-content\/uploads\/2024\/07\/Festa-da-Langosta-2024-5-1024x1024.jpeg 1024w, https:\/\/www.turismoaguarda.es\/wp-content\/uploads\/2024\/07\/Festa-da-Langosta-2024-5-150x150.jpeg 150w, https:\/\/www.turismoaguarda.es\/wp-content\/uploads\/2024\/07\/Festa-da-Langosta-2024-5-768x768.jpeg 768w, https:\/\/www.turismoaguarda.es\/wp-content\/uploads\/2024\/07\/Festa-da-Langosta-2024-5-500x500.jpeg 500w\" sizes=\"auto, (max-width: 371px) 100vw, 371px\" \/><\/a>Durante todo el fin de semana, la asistencia fue espectacular, con una carpa de 1000m2 que por momentos, parec\u00eda quedar peque\u00f1a, a pesar de las m\u00e1s de 500 plazas. Solo durante el mediod\u00eda del s\u00e1bado se vendieron 270 kg de langosta, todo un r\u00e9cord. Las ganas de comer y beber bien no quedaron solo en la langosta, pues tambi\u00e9n se ofertaban croquetas, empanadas, langostinos, paella&#8230; por lo que los percebes y el vino de la bodega Gran Nov\u00e1s tambi\u00e9n finalizaron existencias antes del cierre de la carpa.<\/p>\n<p>Ya desde el viernes, la afluencia fue enorme, pues tras el preg\u00f3n de Luis Zahera en la Plaza del Rel\u00f3, fueron muchos los que se acercaron hasta la carpa con la peque\u00f1a comitiva para comenzar a degustar los productos.<\/p>\n<p>El s\u00e1bado arranc\u00f3 con el pasarr\u00faas del Treb\u00f3n de los Xidos, quien pas\u00f3 el testimonio a Brassica Rape, que animaron las calles durante la tarde. En esa misma tarde, se present\u00f3 lo que ser\u00e1 la celebraci\u00f3n de este fin de semana: La Rosegha. Por eso, aunque estos d\u00edas El Piueiro tuvo que suspender varias salidas, habr\u00e1 m\u00e1s oportunidades esta finde.<\/p>\n<p>El domingo, La Boalleira se encarg\u00f3 de comenzar el d\u00eda con su pasarr\u00faas. Poco despu\u00e9s, el programa Aqu\u00ed Portugal arranc\u00f3 su emisi\u00f3n en la RTP y TVG para dar a conocer la historia, gastronom\u00eda, paisajes, cultura y deporte de nuestra villa. Ya por la tarde, el grupo Broken Peach cautivou al p\u00fablico del lado de la carpa.<\/p>\n<p>Los restauradores y trabajadores de la Fiesta de la Langosta reconocen la asistencia r\u00e9cord de esta edici\u00f3n, por la que el Ayuntamiento calcula que pasaron unas 15.000 personas.<\/p>\n","protected":false},"excerpt":{"rendered":"<p>Este fin de semana se celebr\u00f3 en A Guarda a XXXII Fiesta de la Langosta y de la Cocina Marinera. Los datos certifican el \u00e9xito de esta 32\u00aa edici\u00f3n, ya que se vendieron 700kg de langosta, la principal protagonista. Durante todo el fin de semana, la asistencia fue espectacular, con una carpa de 1000m2 que<\/p>\n<div class=\"padding-top text-center\"><a href=\"https:\/\/www.turismoaguarda.es\/en\/la-fiesta-de-la-langosta-se-convierte-en-otro-exito-durante-todo-el-fin-de-semana\/\" class=\"atbtn atbtn--medium atbtn--rounded atbtn--transparent\">Read more<i class=\"atbtn__icon atbtn__icon--right fa fa-long-arrow-right\"><\/i><\/a><\/div>\n","protected":false},"author":11,"featured_media":17578,"comment_status":"open","ping_status":"open","sticky":false,"template":"","format":"standard","meta":{"footnotes":""},"categories":[44],"tags":[],"class_list":["post-17581","post","type-post","status-publish","format-standard","has-post-thumbnail","hentry","category-noticias-turismo"],"yoast_head":"<!-- This site is optimized with the Yoast SEO plugin v27.5 - https:\/\/yoast.com\/product\/yoast-seo-wordpress\/ -->\n<title>La Fiesta de la Langosta se convierte en otro \u00e9xito durante todo el fin de semana | Turismo A Guarda<\/title>\n<meta name=\"robots\" content=\"index, follow, max-snippet:-1, max-image-preview:large, max-video-preview:-1\" \/>\n<link rel=\"canonical\" href=\"https:\/\/www.turismoaguarda.es\/la-fiesta-de-la-langosta-se-convierte-en-otro-exito-durante-todo-el-fin-de-semana\/\" \/>\n<meta property=\"og:locale\" content=\"en_US\" \/>\n<meta property=\"og:type\" content=\"article\" \/>\n<meta property=\"og:title\" content=\"La Fiesta de la Langosta se convierte en otro \u00e9xito durante todo el fin de semana | Turismo A Guarda\" \/>\n<meta property=\"og:description\" content=\"Este fin de semana se celebr\u00f3 en A Guarda a XXXII Fiesta de la Langosta y de la Cocina Marinera. Los datos certifican el \u00e9xito de esta 32\u00aa edici\u00f3n, ya que se vendieron 700kg de langosta, la principal protagonista. Durante todo el fin de semana, la asistencia fue espectacular, con una carpa de 1000m2 queRead more\" \/>\n<meta property=\"og:url\" content=\"https:\/\/www.turismoaguarda.es\/la-fiesta-de-la-langosta-se-convierte-en-otro-exito-durante-todo-el-fin-de-semana\/\" \/>\n<meta property=\"og:site_name\" content=\"Turismo A Guarda\" \/>\n<meta property=\"article:publisher\" content=\"https:\/\/es-es.facebook.com\/Turismo-A-Guarda-126223240790625\/\" \/>\n<meta property=\"article:published_time\" content=\"2024-07-09T09:56:44+00:00\" \/>\n<meta property=\"og:image\" content=\"https:\/\/www.turismoaguarda.es\/wp-content\/uploads\/2024\/07\/Festa-da-Langosta-2024-4.jpeg\" \/>\n\t<meta property=\"og:image:width\" content=\"1600\" \/>\n\t<meta property=\"og:image:height\" content=\"1200\" \/>\n\t<meta property=\"og:image:type\" content=\"image\/jpeg\" \/>\n<meta name=\"author\" content=\"Prensa A Guarda\" \/>\n<meta name=\"twitter:card\" content=\"summary_large_image\" \/>\n<meta name=\"twitter:creator\" content=\"@TurismoAGuarda\" \/>\n<meta name=\"twitter:site\" content=\"@TurismoAGuarda\" \/>\n<meta name=\"twitter:label1\" content=\"Written by\" \/>\n\t<meta name=\"twitter:data1\" content=\"Prensa A Guarda\" \/>\n\t<meta name=\"twitter:label2\" content=\"Est. reading time\" \/>\n\t<meta name=\"twitter:data2\" content=\"2 minutes\" \/>\n<script type=\"application\/ld+json\" class=\"yoast-schema-graph\">{\"@context\":\"https:\\\/\\\/schema.org\",\"@graph\":[{\"@type\":\"Article\",\"@id\":\"https:\\\/\\\/www.turismoaguarda.es\\\/la-fiesta-de-la-langosta-se-convierte-en-otro-exito-durante-todo-el-fin-de-semana\\\/#article\",\"isPartOf\":{\"@id\":\"https:\\\/\\\/www.turismoaguarda.es\\\/la-fiesta-de-la-langosta-se-convierte-en-otro-exito-durante-todo-el-fin-de-semana\\\/\"},\"author\":{\"name\":\"Prensa A Guarda\",\"@id\":\"https:\\\/\\\/www.turismoaguarda.es\\\/#\\\/schema\\\/person\\\/a8b0c27ad7bcbb6c19799e934727508e\"},\"headline\":\"La Fiesta de la Langosta se convierte en otro \u00e9xito durante todo el fin de semana\",\"datePublished\":\"2024-07-09T09:56:44+00:00\",\"mainEntityOfPage\":{\"@id\":\"https:\\\/\\\/www.turismoaguarda.es\\\/la-fiesta-de-la-langosta-se-convierte-en-otro-exito-durante-todo-el-fin-de-semana\\\/\"},\"wordCount\":348,\"commentCount\":0,\"image\":{\"@id\":\"https:\\\/\\\/www.turismoaguarda.es\\\/la-fiesta-de-la-langosta-se-convierte-en-otro-exito-durante-todo-el-fin-de-semana\\\/#primaryimage\"},\"thumbnailUrl\":\"https:\\\/\\\/www.turismoaguarda.es\\\/wp-content\\\/uploads\\\/2024\\\/07\\\/Festa-da-Langosta-2024-4.jpeg\",\"articleSection\":[\"Noticias Turismo\"],\"inLanguage\":\"en-US\",\"potentialAction\":[{\"@type\":\"CommentAction\",\"name\":\"Comment\",\"target\":[\"https:\\\/\\\/www.turismoaguarda.es\\\/la-fiesta-de-la-langosta-se-convierte-en-otro-exito-durante-todo-el-fin-de-semana\\\/#respond\"]}]},{\"@type\":\"WebPage\",\"@id\":\"https:\\\/\\\/www.turismoaguarda.es\\\/la-fiesta-de-la-langosta-se-convierte-en-otro-exito-durante-todo-el-fin-de-semana\\\/\",\"url\":\"https:\\\/\\\/www.turismoaguarda.es\\\/la-fiesta-de-la-langosta-se-convierte-en-otro-exito-durante-todo-el-fin-de-semana\\\/\",\"name\":\"La Fiesta de la Langosta se convierte en otro \u00e9xito durante todo el fin de semana | Turismo A Guarda\",\"isPartOf\":{\"@id\":\"https:\\\/\\\/www.turismoaguarda.es\\\/#website\"},\"primaryImageOfPage\":{\"@id\":\"https:\\\/\\\/www.turismoaguarda.es\\\/la-fiesta-de-la-langosta-se-convierte-en-otro-exito-durante-todo-el-fin-de-semana\\\/#primaryimage\"},\"image\":{\"@id\":\"https:\\\/\\\/www.turismoaguarda.es\\\/la-fiesta-de-la-langosta-se-convierte-en-otro-exito-durante-todo-el-fin-de-semana\\\/#primaryimage\"},\"thumbnailUrl\":\"https:\\\/\\\/www.turismoaguarda.es\\\/wp-content\\\/uploads\\\/2024\\\/07\\\/Festa-da-Langosta-2024-4.jpeg\",\"datePublished\":\"2024-07-09T09:56:44+00:00\",\"author\":{\"@id\":\"https:\\\/\\\/www.turismoaguarda.es\\\/#\\\/schema\\\/person\\\/a8b0c27ad7bcbb6c19799e934727508e\"},\"breadcrumb\":{\"@id\":\"https:\\\/\\\/www.turismoaguarda.es\\\/la-fiesta-de-la-langosta-se-convierte-en-otro-exito-durante-todo-el-fin-de-semana\\\/#breadcrumb\"},\"inLanguage\":\"en-US\",\"potentialAction\":[{\"@type\":\"ReadAction\",\"target\":[\"https:\\\/\\\/www.turismoaguarda.es\\\/la-fiesta-de-la-langosta-se-convierte-en-otro-exito-durante-todo-el-fin-de-semana\\\/\"]}]},{\"@type\":\"ImageObject\",\"inLanguage\":\"en-US\",\"@id\":\"https:\\\/\\\/www.turismoaguarda.es\\\/la-fiesta-de-la-langosta-se-convierte-en-otro-exito-durante-todo-el-fin-de-semana\\\/#primaryimage\",\"url\":\"https:\\\/\\\/www.turismoaguarda.es\\\/wp-content\\\/uploads\\\/2024\\\/07\\\/Festa-da-Langosta-2024-4.jpeg\",\"contentUrl\":\"https:\\\/\\\/www.turismoaguarda.es\\\/wp-content\\\/uploads\\\/2024\\\/07\\\/Festa-da-Langosta-2024-4.jpeg\",\"width\":1600,\"height\":1200},{\"@type\":\"BreadcrumbList\",\"@id\":\"https:\\\/\\\/www.turismoaguarda.es\\\/la-fiesta-de-la-langosta-se-convierte-en-otro-exito-durante-todo-el-fin-de-semana\\\/#breadcrumb\",\"itemListElement\":[{\"@type\":\"ListItem\",\"position\":1,\"name\":\"Portada\",\"item\":\"https:\\\/\\\/www.turismoaguarda.es\\\/en\\\/\"},{\"@type\":\"ListItem\",\"position\":2,\"name\":\"La Fiesta de la Langosta se convierte en otro \u00e9xito durante todo el fin de semana\"}]},{\"@type\":\"WebSite\",\"@id\":\"https:\\\/\\\/www.turismoaguarda.es\\\/#website\",\"url\":\"https:\\\/\\\/www.turismoaguarda.es\\\/\",\"name\":\"Turismo A Guarda\",\"description\":\"Informaci\u00f3n tur\u00edstica de A Guarda y alrededores.\",\"potentialAction\":[{\"@type\":\"SearchAction\",\"target\":{\"@type\":\"EntryPoint\",\"urlTemplate\":\"https:\\\/\\\/www.turismoaguarda.es\\\/?s={search_term_string}\"},\"query-input\":{\"@type\":\"PropertyValueSpecification\",\"valueRequired\":true,\"valueName\":\"search_term_string\"}}],\"inLanguage\":\"en-US\"},{\"@type\":\"Person\",\"@id\":\"https:\\\/\\\/www.turismoaguarda.es\\\/#\\\/schema\\\/person\\\/a8b0c27ad7bcbb6c19799e934727508e\",\"name\":\"Prensa A Guarda\",\"image\":{\"@type\":\"ImageObject\",\"inLanguage\":\"en-US\",\"@id\":\"https:\\\/\\\/secure.gravatar.com\\\/avatar\\\/387e117f874ba5d0a3439060b45d914395d77287b2e4890a49d1599fc3ef9189?s=96&d=mm&r=g\",\"url\":\"https:\\\/\\\/secure.gravatar.com\\\/avatar\\\/387e117f874ba5d0a3439060b45d914395d77287b2e4890a49d1599fc3ef9189?s=96&d=mm&r=g\",\"contentUrl\":\"https:\\\/\\\/secure.gravatar.com\\\/avatar\\\/387e117f874ba5d0a3439060b45d914395d77287b2e4890a49d1599fc3ef9189?s=96&d=mm&r=g\",\"caption\":\"Prensa A Guarda\"},\"url\":\"https:\\\/\\\/www.turismoaguarda.es\\\/en\\\/author\\\/prensa\\\/\"}]}<\/script>\n<!-- \/ Yoast SEO plugin. -->","yoast_head_json":{"title":"La Fiesta de la Langosta se convierte en otro \u00e9xito durante todo el fin de semana | Turismo A Guarda","robots":{"index":"index","follow":"follow","max-snippet":"max-snippet:-1","max-image-preview":"max-image-preview:large","max-video-preview":"max-video-preview:-1"},"canonical":"https:\/\/www.turismoaguarda.es\/la-fiesta-de-la-langosta-se-convierte-en-otro-exito-durante-todo-el-fin-de-semana\/","og_locale":"en_US","og_type":"article","og_title":"La Fiesta de la Langosta se convierte en otro \u00e9xito durante todo el fin de semana | Turismo A Guarda","og_description":"Este fin de semana se celebr\u00f3 en A Guarda a XXXII Fiesta de la Langosta y de la Cocina Marinera. Los datos certifican el \u00e9xito de esta 32\u00aa edici\u00f3n, ya que se vendieron 700kg de langosta, la principal protagonista. Durante todo el fin de semana, la asistencia fue espectacular, con una carpa de 1000m2 queRead more","og_url":"https:\/\/www.turismoaguarda.es\/la-fiesta-de-la-langosta-se-convierte-en-otro-exito-durante-todo-el-fin-de-semana\/","og_site_name":"Turismo A Guarda","article_publisher":"https:\/\/es-es.facebook.com\/Turismo-A-Guarda-126223240790625\/","article_published_time":"2024-07-09T09:56:44+00:00","og_image":[{"width":1600,"height":1200,"url":"https:\/\/www.turismoaguarda.es\/wp-content\/uploads\/2024\/07\/Festa-da-Langosta-2024-4.jpeg","type":"image\/jpeg"}],"author":"Prensa A Guarda","twitter_card":"summary_large_image","twitter_creator":"@TurismoAGuarda","twitter_site":"@TurismoAGuarda","twitter_misc":{"Written by":"Prensa A Guarda","Est. reading time":"2 minutes"},"schema":{"@context":"https:\/\/schema.org","@graph":[{"@type":"Article","@id":"https:\/\/www.turismoaguarda.es\/la-fiesta-de-la-langosta-se-convierte-en-otro-exito-durante-todo-el-fin-de-semana\/#article","isPartOf":{"@id":"https:\/\/www.turismoaguarda.es\/la-fiesta-de-la-langosta-se-convierte-en-otro-exito-durante-todo-el-fin-de-semana\/"},"author":{"name":"Prensa A Guarda","@id":"https:\/\/www.turismoaguarda.es\/#\/schema\/person\/a8b0c27ad7bcbb6c19799e934727508e"},"headline":"La Fiesta de la Langosta se convierte en otro \u00e9xito durante todo el fin de semana","datePublished":"2024-07-09T09:56:44+00:00","mainEntityOfPage":{"@id":"https:\/\/www.turismoaguarda.es\/la-fiesta-de-la-langosta-se-convierte-en-otro-exito-durante-todo-el-fin-de-semana\/"},"wordCount":348,"commentCount":0,"image":{"@id":"https:\/\/www.turismoaguarda.es\/la-fiesta-de-la-langosta-se-convierte-en-otro-exito-durante-todo-el-fin-de-semana\/#primaryimage"},"thumbnailUrl":"https:\/\/www.turismoaguarda.es\/wp-content\/uploads\/2024\/07\/Festa-da-Langosta-2024-4.jpeg","articleSection":["Noticias Turismo"],"inLanguage":"en-US","potentialAction":[{"@type":"CommentAction","name":"Comment","target":["https:\/\/www.turismoaguarda.es\/la-fiesta-de-la-langosta-se-convierte-en-otro-exito-durante-todo-el-fin-de-semana\/#respond"]}]},{"@type":"WebPage","@id":"https:\/\/www.turismoaguarda.es\/la-fiesta-de-la-langosta-se-convierte-en-otro-exito-durante-todo-el-fin-de-semana\/","url":"https:\/\/www.turismoaguarda.es\/la-fiesta-de-la-langosta-se-convierte-en-otro-exito-durante-todo-el-fin-de-semana\/","name":"La Fiesta de la Langosta se convierte en otro \u00e9xito durante todo el fin de semana | Turismo A Guarda","isPartOf":{"@id":"https:\/\/www.turismoaguarda.es\/#website"},"primaryImageOfPage":{"@id":"https:\/\/www.turismoaguarda.es\/la-fiesta-de-la-langosta-se-convierte-en-otro-exito-durante-todo-el-fin-de-semana\/#primaryimage"},"image":{"@id":"https:\/\/www.turismoaguarda.es\/la-fiesta-de-la-langosta-se-convierte-en-otro-exito-durante-todo-el-fin-de-semana\/#primaryimage"},"thumbnailUrl":"https:\/\/www.turismoaguarda.es\/wp-content\/uploads\/2024\/07\/Festa-da-Langosta-2024-4.jpeg","datePublished":"2024-07-09T09:56:44+00:00","author":{"@id":"https:\/\/www.turismoaguarda.es\/#\/schema\/person\/a8b0c27ad7bcbb6c19799e934727508e"},"breadcrumb":{"@id":"https:\/\/www.turismoaguarda.es\/la-fiesta-de-la-langosta-se-convierte-en-otro-exito-durante-todo-el-fin-de-semana\/#breadcrumb"},"inLanguage":"en-US","potentialAction":[{"@type":"ReadAction","target":["https:\/\/www.turismoaguarda.es\/la-fiesta-de-la-langosta-se-convierte-en-otro-exito-durante-todo-el-fin-de-semana\/"]}]},{"@type":"ImageObject","inLanguage":"en-US","@id":"https:\/\/www.turismoaguarda.es\/la-fiesta-de-la-langosta-se-convierte-en-otro-exito-durante-todo-el-fin-de-semana\/#primaryimage","url":"https:\/\/www.turismoaguarda.es\/wp-content\/uploads\/2024\/07\/Festa-da-Langosta-2024-4.jpeg","contentUrl":"https:\/\/www.turismoaguarda.es\/wp-content\/uploads\/2024\/07\/Festa-da-Langosta-2024-4.jpeg","width":1600,"height":1200},{"@type":"BreadcrumbList","@id":"https:\/\/www.turismoaguarda.es\/la-fiesta-de-la-langosta-se-convierte-en-otro-exito-durante-todo-el-fin-de-semana\/#breadcrumb","itemListElement":[{"@type":"ListItem","position":1,"name":"Portada","item":"https:\/\/www.turismoaguarda.es\/en\/"},{"@type":"ListItem","position":2,"name":"La Fiesta de la Langosta se convierte en otro \u00e9xito durante todo el fin de semana"}]},{"@type":"WebSite","@id":"https:\/\/www.turismoaguarda.es\/#website","url":"https:\/\/www.turismoaguarda.es\/","name":"Turismo A Guarda","description":"Informaci\u00f3n tur\u00edstica de A Guarda y alrededores.","potentialAction":[{"@type":"SearchAction","target":{"@type":"EntryPoint","urlTemplate":"https:\/\/www.turismoaguarda.es\/?s={search_term_string}"},"query-input":{"@type":"PropertyValueSpecification","valueRequired":true,"valueName":"search_term_string"}}],"inLanguage":"en-US"},{"@type":"Person","@id":"https:\/\/www.turismoaguarda.es\/#\/schema\/person\/a8b0c27ad7bcbb6c19799e934727508e","name":"Prensa A Guarda","image":{"@type":"ImageObject","inLanguage":"en-US","@id":"https:\/\/secure.gravatar.com\/avatar\/387e117f874ba5d0a3439060b45d914395d77287b2e4890a49d1599fc3ef9189?s=96&d=mm&r=g","url":"https:\/\/secure.gravatar.com\/avatar\/387e117f874ba5d0a3439060b45d914395d77287b2e4890a49d1599fc3ef9189?s=96&d=mm&r=g","contentUrl":"https:\/\/secure.gravatar.com\/avatar\/387e117f874ba5d0a3439060b45d914395d77287b2e4890a49d1599fc3ef9189?s=96&d=mm&r=g","caption":"Prensa A Guarda"},"url":"https:\/\/www.turismoaguarda.es\/en\/author\/prensa\/"}]}},"_links":{"self":[{"href":"https:\/\/www.turismoaguarda.es\/en\/wp-json\/wp\/v2\/posts\/17581","targetHints":{"allow":["GET"]}}],"collection":[{"href":"https:\/\/www.turismoaguarda.es\/en\/wp-json\/wp\/v2\/posts"}],"about":[{"href":"https:\/\/www.turismoaguarda.es\/en\/wp-json\/wp\/v2\/types\/post"}],"author":[{"embeddable":true,"href":"https:\/\/www.turismoaguarda.es\/en\/wp-json\/wp\/v2\/users\/11"}],"replies":[{"embeddable":true,"href":"https:\/\/www.turismoaguarda.es\/en\/wp-json\/wp\/v2\/comments?post=17581"}],"version-history":[{"count":1,"href":"https:\/\/www.turismoaguarda.es\/en\/wp-json\/wp\/v2\/posts\/17581\/revisions"}],"predecessor-version":[{"id":17582,"href":"https:\/\/www.turismoaguarda.es\/en\/wp-json\/wp\/v2\/posts\/17581\/revisions\/17582"}],"wp:featuredmedia":[{"embeddable":true,"href":"https:\/\/www.turismoaguarda.es\/en\/wp-json\/wp\/v2\/media\/17578"}],"wp:attachment":[{"href":"https:\/\/www.turismoaguarda.es\/en\/wp-json\/wp\/v2\/media?parent=17581"}],"wp:term":[{"taxonomy":"category","embeddable":true,"href":"https:\/\/www.turismoaguarda.es\/en\/wp-json\/wp\/v2\/categories?post=17581"},{"taxonomy":"post_tag","embeddable":true,"href":"https:\/\/www.turismoaguarda.es\/en\/wp-json\/wp\/v2\/tags?post=17581"}],"curies":[{"name":"wp","href":"https:\/\/api.w.org\/{rel}","templated":true}]}}