{"id":17545,"date":"2024-06-25T10:10:41","date_gmt":"2024-06-25T08:10:41","guid":{"rendered":"https:\/\/www.turismoaguarda.es\/?p=17545"},"modified":"2024-07-01T12:53:59","modified_gmt":"2024-07-01T10:53:59","slug":"la-fiesta-de-la-langosta-va-mas-alla-de-la-gastronomia-con-musica-y-actividades-de-todo-tipo","status":"publish","type":"post","link":"https:\/\/www.turismoaguarda.es\/en\/la-fiesta-de-la-langosta-va-mas-alla-de-la-gastronomia-con-musica-y-actividades-de-todo-tipo\/","title":{"rendered":"La Fiesta de la Langosta va m\u00e1s all\u00e1 de la gastronom\u00eda con m\u00fasica y actividades de todo tipo"},"content":{"rendered":"<p>Apenas faltan tres semanas para la XXXII Fiesta de la Langosta, que arrancar\u00e1 el viernes 5 de julio con el preg\u00f3n de Luis Zahera a las 20:30 horas en la plaza del Rel\u00f3.<\/p>\n<p>Tras ese acto habr\u00e1 un pasacalles con el grupo Bregadiers, y no ser\u00e1 el \u00fanico de la fiesta, pues el s\u00e1bado y domingo por la ma\u00f1ana, Treb\u00f3n dos Xidos y A Boalleira, respectivamente, ser\u00e1n los encargados de llevar la m\u00fasica por las calles.Por la tarde no cesa la m\u00fasica con Brassica Rapa el s\u00e1bado y con Broken Peach el domingo, ambos a partir de las 20 horas. A la noche del s\u00e1bado llegar\u00e1 el grupo Gin Toni\u2019s, que interpretar\u00e1n versiones de cl\u00e1sicos pop y rock desde las 23:00 horas.<\/p>\n<p>La asociaci\u00f3n Piueiro tendr\u00e1 un papel destacado en la fiesta. El volanteiro arrancar\u00e1 su oferta salidas de navegaci\u00f3n de este ver\u00e1n con salidas el s\u00e1bado y domingo a las 16:30, 17:30 y 18:30. Toda la informaci\u00f3n y reservas estar\u00e1 disponible en el punto de informaci\u00f3n de la carpa.Adem\u00e1s, Piueiro presentar\u00e1 el evento que se producir\u00e1 el siguiente fin de semana en el puerto de A Guarda: la Reuni\u00f3n marinera Rosegha. Se trata de una reuni\u00f3n de embarcaciones tradicionales, pero que traer\u00e1 consigo otras actividades que se explicar\u00e1n el s\u00e1bado 6 de julio en el Auditorio de San Benito, a las 20:30 horas.<\/p>\n<p>Para un ocio en familia, el juego digital de escapismo al aire libre \u201cEsencia marinera\u201d (Eureka Reto Cultural) seguir\u00e1 disponible hasta el domingo 14 de julio. El acceso al reto est\u00e1 disponible en riadevigobaixomino.gal. Las actividades habituales no cesan, por lo que habr\u00e1 visitas guiadas al Castro Sano Trega gratuitamente. Las visitas, de 45 minutos de duraci\u00f3n, se realizan desde la casa forestal del monte de martes a domingo con los siguientes horarios: 12:00, 13:00, 18:00 y 19:00. Ni el reto ni las visitas precisan de inscripci\u00f3n previa.<\/p>\n<p>La Fiesta de la Langosta tiene la son por toda Galicia y norte de Portugal. Tal es el inter\u00e9s que este a\u00f1o ser\u00e1 el escenario del programa en directo \u201cAqu\u00ed Portugal\u201d, una colaboraci\u00f3n de la TVG con la RTP. El programa se grabar\u00e1 durante toda la jornada del domingo desde las once de la ma\u00f1ana hasta las ocho de la tarde, con un descanso de dos la cuatro de la tarde. Ser\u00e1 un fin de semana completo en A Guarda: gastronom\u00eda, m\u00fasica, ocio y mar se unir\u00e1n en el puerto. Todo el programa est\u00e1 en la p\u00e1gina web: langosta.turismoaguarda.es<\/p>\n","protected":false},"excerpt":{"rendered":"<p>Apenas faltan tres semanas para la XXXII Fiesta de la Langosta, que arrancar\u00e1 el viernes 5 de julio con el preg\u00f3n de Luis Zahera a las 20:30 horas en la plaza del Rel\u00f3. Tras ese acto habr\u00e1 un pasacalles con el grupo Bregadiers, y no ser\u00e1 el \u00fanico de la fiesta, pues el s\u00e1bado y<\/p>\n<div class=\"padding-top text-center\"><a href=\"https:\/\/www.turismoaguarda.es\/en\/la-fiesta-de-la-langosta-va-mas-alla-de-la-gastronomia-con-musica-y-actividades-de-todo-tipo\/\" class=\"atbtn atbtn--medium atbtn--rounded atbtn--transparent\">Read more<i class=\"atbtn__icon atbtn__icon--right fa fa-long-arrow-right\"><\/i><\/a><\/div>\n","protected":false},"author":11,"featured_media":17504,"comment_status":"open","ping_status":"open","sticky":false,"template":"","format":"standard","meta":{"footnotes":""},"categories":[44],"tags":[],"class_list":["post-17545","post","type-post","status-publish","format-standard","has-post-thumbnail","hentry","category-noticias-turismo"],"yoast_head":"<!-- This site is optimized with the Yoast SEO plugin v27.5 - https:\/\/yoast.com\/product\/yoast-seo-wordpress\/ -->\n<title>La Fiesta de la Langosta va m\u00e1s all\u00e1 de la gastronom\u00eda con m\u00fasica y actividades de todo tipo | Turismo A Guarda<\/title>\n<meta name=\"description\" content=\"Apenas faltan tres semanas para la XXXII Fiesta de la Langosta, que arrancar\u00e1 el viernes 5 de julio con el preg\u00f3n de Luis Zahera a las 20:30 horas en la plaza del Rel\u00f3.\" \/>\n<meta name=\"robots\" content=\"index, follow, max-snippet:-1, max-image-preview:large, max-video-preview:-1\" \/>\n<link rel=\"canonical\" href=\"https:\/\/www.turismoaguarda.es\/la-fiesta-de-la-langosta-va-mas-alla-de-la-gastronomia-con-musica-y-actividades-de-todo-tipo\/\" \/>\n<meta property=\"og:locale\" content=\"en_US\" \/>\n<meta property=\"og:type\" content=\"article\" \/>\n<meta property=\"og:title\" content=\"La Fiesta de la Langosta va m\u00e1s all\u00e1 de la gastronom\u00eda con m\u00fasica y actividades de todo tipo | Turismo A Guarda\" \/>\n<meta property=\"og:description\" content=\"Apenas faltan tres semanas para la XXXII Fiesta de la Langosta, que arrancar\u00e1 el viernes 5 de julio con el preg\u00f3n de Luis Zahera a las 20:30 horas en la plaza del Rel\u00f3.\" \/>\n<meta property=\"og:url\" content=\"https:\/\/www.turismoaguarda.es\/la-fiesta-de-la-langosta-va-mas-alla-de-la-gastronomia-con-musica-y-actividades-de-todo-tipo\/\" \/>\n<meta property=\"og:site_name\" content=\"Turismo A Guarda\" \/>\n<meta property=\"article:publisher\" content=\"https:\/\/es-es.facebook.com\/Turismo-A-Guarda-126223240790625\/\" \/>\n<meta property=\"article:published_time\" content=\"2024-06-25T08:10:41+00:00\" \/>\n<meta property=\"article:modified_time\" content=\"2024-07-01T10:53:59+00:00\" \/>\n<meta property=\"og:image\" content=\"https:\/\/www.turismoaguarda.es\/wp-content\/uploads\/2024\/06\/tn_1-1.png\" \/>\n\t<meta property=\"og:image:width\" content=\"500\" \/>\n\t<meta property=\"og:image:height\" content=\"334\" \/>\n\t<meta property=\"og:image:type\" content=\"image\/png\" \/>\n<meta name=\"author\" content=\"Prensa A Guarda\" \/>\n<meta name=\"twitter:card\" content=\"summary_large_image\" \/>\n<meta name=\"twitter:creator\" content=\"@TurismoAGuarda\" \/>\n<meta name=\"twitter:site\" content=\"@TurismoAGuarda\" \/>\n<meta name=\"twitter:label1\" content=\"Written by\" \/>\n\t<meta name=\"twitter:data1\" content=\"Prensa A Guarda\" \/>\n\t<meta name=\"twitter:label2\" content=\"Est. reading time\" \/>\n\t<meta name=\"twitter:data2\" content=\"2 minutes\" \/>\n<script type=\"application\/ld+json\" class=\"yoast-schema-graph\">{\"@context\":\"https:\\\/\\\/schema.org\",\"@graph\":[{\"@type\":\"Article\",\"@id\":\"https:\\\/\\\/www.turismoaguarda.es\\\/la-fiesta-de-la-langosta-va-mas-alla-de-la-gastronomia-con-musica-y-actividades-de-todo-tipo\\\/#article\",\"isPartOf\":{\"@id\":\"https:\\\/\\\/www.turismoaguarda.es\\\/la-fiesta-de-la-langosta-va-mas-alla-de-la-gastronomia-con-musica-y-actividades-de-todo-tipo\\\/\"},\"author\":{\"name\":\"Prensa A Guarda\",\"@id\":\"https:\\\/\\\/www.turismoaguarda.es\\\/#\\\/schema\\\/person\\\/a8b0c27ad7bcbb6c19799e934727508e\"},\"headline\":\"La Fiesta de la Langosta va m\u00e1s all\u00e1 de la gastronom\u00eda con m\u00fasica y actividades de todo tipo\",\"datePublished\":\"2024-06-25T08:10:41+00:00\",\"dateModified\":\"2024-07-01T10:53:59+00:00\",\"mainEntityOfPage\":{\"@id\":\"https:\\\/\\\/www.turismoaguarda.es\\\/la-fiesta-de-la-langosta-va-mas-alla-de-la-gastronomia-con-musica-y-actividades-de-todo-tipo\\\/\"},\"wordCount\":455,\"commentCount\":0,\"image\":{\"@id\":\"https:\\\/\\\/www.turismoaguarda.es\\\/la-fiesta-de-la-langosta-va-mas-alla-de-la-gastronomia-con-musica-y-actividades-de-todo-tipo\\\/#primaryimage\"},\"thumbnailUrl\":\"https:\\\/\\\/www.turismoaguarda.es\\\/wp-content\\\/uploads\\\/2024\\\/06\\\/tn_1-1.png\",\"articleSection\":[\"Noticias Turismo\"],\"inLanguage\":\"en-US\",\"potentialAction\":[{\"@type\":\"CommentAction\",\"name\":\"Comment\",\"target\":[\"https:\\\/\\\/www.turismoaguarda.es\\\/la-fiesta-de-la-langosta-va-mas-alla-de-la-gastronomia-con-musica-y-actividades-de-todo-tipo\\\/#respond\"]}]},{\"@type\":\"WebPage\",\"@id\":\"https:\\\/\\\/www.turismoaguarda.es\\\/la-fiesta-de-la-langosta-va-mas-alla-de-la-gastronomia-con-musica-y-actividades-de-todo-tipo\\\/\",\"url\":\"https:\\\/\\\/www.turismoaguarda.es\\\/la-fiesta-de-la-langosta-va-mas-alla-de-la-gastronomia-con-musica-y-actividades-de-todo-tipo\\\/\",\"name\":\"La Fiesta de la Langosta va m\u00e1s all\u00e1 de la gastronom\u00eda con m\u00fasica y actividades de todo tipo | Turismo A Guarda\",\"isPartOf\":{\"@id\":\"https:\\\/\\\/www.turismoaguarda.es\\\/#website\"},\"primaryImageOfPage\":{\"@id\":\"https:\\\/\\\/www.turismoaguarda.es\\\/la-fiesta-de-la-langosta-va-mas-alla-de-la-gastronomia-con-musica-y-actividades-de-todo-tipo\\\/#primaryimage\"},\"image\":{\"@id\":\"https:\\\/\\\/www.turismoaguarda.es\\\/la-fiesta-de-la-langosta-va-mas-alla-de-la-gastronomia-con-musica-y-actividades-de-todo-tipo\\\/#primaryimage\"},\"thumbnailUrl\":\"https:\\\/\\\/www.turismoaguarda.es\\\/wp-content\\\/uploads\\\/2024\\\/06\\\/tn_1-1.png\",\"datePublished\":\"2024-06-25T08:10:41+00:00\",\"dateModified\":\"2024-07-01T10:53:59+00:00\",\"author\":{\"@id\":\"https:\\\/\\\/www.turismoaguarda.es\\\/#\\\/schema\\\/person\\\/a8b0c27ad7bcbb6c19799e934727508e\"},\"description\":\"Apenas faltan tres semanas para la XXXII Fiesta de la Langosta, que arrancar\u00e1 el viernes 5 de julio con el preg\u00f3n de Luis Zahera a las 20:30 horas en la plaza del Rel\u00f3.\",\"breadcrumb\":{\"@id\":\"https:\\\/\\\/www.turismoaguarda.es\\\/la-fiesta-de-la-langosta-va-mas-alla-de-la-gastronomia-con-musica-y-actividades-de-todo-tipo\\\/#breadcrumb\"},\"inLanguage\":\"en-US\",\"potentialAction\":[{\"@type\":\"ReadAction\",\"target\":[\"https:\\\/\\\/www.turismoaguarda.es\\\/la-fiesta-de-la-langosta-va-mas-alla-de-la-gastronomia-con-musica-y-actividades-de-todo-tipo\\\/\"]}]},{\"@type\":\"ImageObject\",\"inLanguage\":\"en-US\",\"@id\":\"https:\\\/\\\/www.turismoaguarda.es\\\/la-fiesta-de-la-langosta-va-mas-alla-de-la-gastronomia-con-musica-y-actividades-de-todo-tipo\\\/#primaryimage\",\"url\":\"https:\\\/\\\/www.turismoaguarda.es\\\/wp-content\\\/uploads\\\/2024\\\/06\\\/tn_1-1.png\",\"contentUrl\":\"https:\\\/\\\/www.turismoaguarda.es\\\/wp-content\\\/uploads\\\/2024\\\/06\\\/tn_1-1.png\",\"width\":500,\"height\":334},{\"@type\":\"BreadcrumbList\",\"@id\":\"https:\\\/\\\/www.turismoaguarda.es\\\/la-fiesta-de-la-langosta-va-mas-alla-de-la-gastronomia-con-musica-y-actividades-de-todo-tipo\\\/#breadcrumb\",\"itemListElement\":[{\"@type\":\"ListItem\",\"position\":1,\"name\":\"Portada\",\"item\":\"https:\\\/\\\/www.turismoaguarda.es\\\/en\\\/\"},{\"@type\":\"ListItem\",\"position\":2,\"name\":\"La Fiesta de la Langosta va m\u00e1s all\u00e1 de la gastronom\u00eda con m\u00fasica y actividades de todo tipo\"}]},{\"@type\":\"WebSite\",\"@id\":\"https:\\\/\\\/www.turismoaguarda.es\\\/#website\",\"url\":\"https:\\\/\\\/www.turismoaguarda.es\\\/\",\"name\":\"Turismo A Guarda\",\"description\":\"Informaci\u00f3n tur\u00edstica de A Guarda y alrededores.\",\"potentialAction\":[{\"@type\":\"SearchAction\",\"target\":{\"@type\":\"EntryPoint\",\"urlTemplate\":\"https:\\\/\\\/www.turismoaguarda.es\\\/?s={search_term_string}\"},\"query-input\":{\"@type\":\"PropertyValueSpecification\",\"valueRequired\":true,\"valueName\":\"search_term_string\"}}],\"inLanguage\":\"en-US\"},{\"@type\":\"Person\",\"@id\":\"https:\\\/\\\/www.turismoaguarda.es\\\/#\\\/schema\\\/person\\\/a8b0c27ad7bcbb6c19799e934727508e\",\"name\":\"Prensa A Guarda\",\"image\":{\"@type\":\"ImageObject\",\"inLanguage\":\"en-US\",\"@id\":\"https:\\\/\\\/secure.gravatar.com\\\/avatar\\\/387e117f874ba5d0a3439060b45d914395d77287b2e4890a49d1599fc3ef9189?s=96&d=mm&r=g\",\"url\":\"https:\\\/\\\/secure.gravatar.com\\\/avatar\\\/387e117f874ba5d0a3439060b45d914395d77287b2e4890a49d1599fc3ef9189?s=96&d=mm&r=g\",\"contentUrl\":\"https:\\\/\\\/secure.gravatar.com\\\/avatar\\\/387e117f874ba5d0a3439060b45d914395d77287b2e4890a49d1599fc3ef9189?s=96&d=mm&r=g\",\"caption\":\"Prensa A Guarda\"},\"url\":\"https:\\\/\\\/www.turismoaguarda.es\\\/en\\\/author\\\/prensa\\\/\"}]}<\/script>\n<!-- \/ Yoast SEO plugin. -->","yoast_head_json":{"title":"La Fiesta de la Langosta va m\u00e1s all\u00e1 de la gastronom\u00eda con m\u00fasica y actividades de todo tipo | Turismo A Guarda","description":"Apenas faltan tres semanas para la XXXII Fiesta de la Langosta, que arrancar\u00e1 el viernes 5 de julio con el preg\u00f3n de Luis Zahera a las 20:30 horas en la plaza del Rel\u00f3.","robots":{"index":"index","follow":"follow","max-snippet":"max-snippet:-1","max-image-preview":"max-image-preview:large","max-video-preview":"max-video-preview:-1"},"canonical":"https:\/\/www.turismoaguarda.es\/la-fiesta-de-la-langosta-va-mas-alla-de-la-gastronomia-con-musica-y-actividades-de-todo-tipo\/","og_locale":"en_US","og_type":"article","og_title":"La Fiesta de la Langosta va m\u00e1s all\u00e1 de la gastronom\u00eda con m\u00fasica y actividades de todo tipo | Turismo A Guarda","og_description":"Apenas faltan tres semanas para la XXXII Fiesta de la Langosta, que arrancar\u00e1 el viernes 5 de julio con el preg\u00f3n de Luis Zahera a las 20:30 horas en la plaza del Rel\u00f3.","og_url":"https:\/\/www.turismoaguarda.es\/la-fiesta-de-la-langosta-va-mas-alla-de-la-gastronomia-con-musica-y-actividades-de-todo-tipo\/","og_site_name":"Turismo A Guarda","article_publisher":"https:\/\/es-es.facebook.com\/Turismo-A-Guarda-126223240790625\/","article_published_time":"2024-06-25T08:10:41+00:00","article_modified_time":"2024-07-01T10:53:59+00:00","og_image":[{"width":500,"height":334,"url":"https:\/\/www.turismoaguarda.es\/wp-content\/uploads\/2024\/06\/tn_1-1.png","type":"image\/png"}],"author":"Prensa A Guarda","twitter_card":"summary_large_image","twitter_creator":"@TurismoAGuarda","twitter_site":"@TurismoAGuarda","twitter_misc":{"Written by":"Prensa A Guarda","Est. reading time":"2 minutes"},"schema":{"@context":"https:\/\/schema.org","@graph":[{"@type":"Article","@id":"https:\/\/www.turismoaguarda.es\/la-fiesta-de-la-langosta-va-mas-alla-de-la-gastronomia-con-musica-y-actividades-de-todo-tipo\/#article","isPartOf":{"@id":"https:\/\/www.turismoaguarda.es\/la-fiesta-de-la-langosta-va-mas-alla-de-la-gastronomia-con-musica-y-actividades-de-todo-tipo\/"},"author":{"name":"Prensa A Guarda","@id":"https:\/\/www.turismoaguarda.es\/#\/schema\/person\/a8b0c27ad7bcbb6c19799e934727508e"},"headline":"La Fiesta de la Langosta va m\u00e1s all\u00e1 de la gastronom\u00eda con m\u00fasica y actividades de todo tipo","datePublished":"2024-06-25T08:10:41+00:00","dateModified":"2024-07-01T10:53:59+00:00","mainEntityOfPage":{"@id":"https:\/\/www.turismoaguarda.es\/la-fiesta-de-la-langosta-va-mas-alla-de-la-gastronomia-con-musica-y-actividades-de-todo-tipo\/"},"wordCount":455,"commentCount":0,"image":{"@id":"https:\/\/www.turismoaguarda.es\/la-fiesta-de-la-langosta-va-mas-alla-de-la-gastronomia-con-musica-y-actividades-de-todo-tipo\/#primaryimage"},"thumbnailUrl":"https:\/\/www.turismoaguarda.es\/wp-content\/uploads\/2024\/06\/tn_1-1.png","articleSection":["Noticias Turismo"],"inLanguage":"en-US","potentialAction":[{"@type":"CommentAction","name":"Comment","target":["https:\/\/www.turismoaguarda.es\/la-fiesta-de-la-langosta-va-mas-alla-de-la-gastronomia-con-musica-y-actividades-de-todo-tipo\/#respond"]}]},{"@type":"WebPage","@id":"https:\/\/www.turismoaguarda.es\/la-fiesta-de-la-langosta-va-mas-alla-de-la-gastronomia-con-musica-y-actividades-de-todo-tipo\/","url":"https:\/\/www.turismoaguarda.es\/la-fiesta-de-la-langosta-va-mas-alla-de-la-gastronomia-con-musica-y-actividades-de-todo-tipo\/","name":"La Fiesta de la Langosta va m\u00e1s all\u00e1 de la gastronom\u00eda con m\u00fasica y actividades de todo tipo | Turismo A Guarda","isPartOf":{"@id":"https:\/\/www.turismoaguarda.es\/#website"},"primaryImageOfPage":{"@id":"https:\/\/www.turismoaguarda.es\/la-fiesta-de-la-langosta-va-mas-alla-de-la-gastronomia-con-musica-y-actividades-de-todo-tipo\/#primaryimage"},"image":{"@id":"https:\/\/www.turismoaguarda.es\/la-fiesta-de-la-langosta-va-mas-alla-de-la-gastronomia-con-musica-y-actividades-de-todo-tipo\/#primaryimage"},"thumbnailUrl":"https:\/\/www.turismoaguarda.es\/wp-content\/uploads\/2024\/06\/tn_1-1.png","datePublished":"2024-06-25T08:10:41+00:00","dateModified":"2024-07-01T10:53:59+00:00","author":{"@id":"https:\/\/www.turismoaguarda.es\/#\/schema\/person\/a8b0c27ad7bcbb6c19799e934727508e"},"description":"Apenas faltan tres semanas para la XXXII Fiesta de la Langosta, que arrancar\u00e1 el viernes 5 de julio con el preg\u00f3n de Luis Zahera a las 20:30 horas en la plaza del Rel\u00f3.","breadcrumb":{"@id":"https:\/\/www.turismoaguarda.es\/la-fiesta-de-la-langosta-va-mas-alla-de-la-gastronomia-con-musica-y-actividades-de-todo-tipo\/#breadcrumb"},"inLanguage":"en-US","potentialAction":[{"@type":"ReadAction","target":["https:\/\/www.turismoaguarda.es\/la-fiesta-de-la-langosta-va-mas-alla-de-la-gastronomia-con-musica-y-actividades-de-todo-tipo\/"]}]},{"@type":"ImageObject","inLanguage":"en-US","@id":"https:\/\/www.turismoaguarda.es\/la-fiesta-de-la-langosta-va-mas-alla-de-la-gastronomia-con-musica-y-actividades-de-todo-tipo\/#primaryimage","url":"https:\/\/www.turismoaguarda.es\/wp-content\/uploads\/2024\/06\/tn_1-1.png","contentUrl":"https:\/\/www.turismoaguarda.es\/wp-content\/uploads\/2024\/06\/tn_1-1.png","width":500,"height":334},{"@type":"BreadcrumbList","@id":"https:\/\/www.turismoaguarda.es\/la-fiesta-de-la-langosta-va-mas-alla-de-la-gastronomia-con-musica-y-actividades-de-todo-tipo\/#breadcrumb","itemListElement":[{"@type":"ListItem","position":1,"name":"Portada","item":"https:\/\/www.turismoaguarda.es\/en\/"},{"@type":"ListItem","position":2,"name":"La Fiesta de la Langosta va m\u00e1s all\u00e1 de la gastronom\u00eda con m\u00fasica y actividades de todo tipo"}]},{"@type":"WebSite","@id":"https:\/\/www.turismoaguarda.es\/#website","url":"https:\/\/www.turismoaguarda.es\/","name":"Turismo A Guarda","description":"Informaci\u00f3n tur\u00edstica de A Guarda y alrededores.","potentialAction":[{"@type":"SearchAction","target":{"@type":"EntryPoint","urlTemplate":"https:\/\/www.turismoaguarda.es\/?s={search_term_string}"},"query-input":{"@type":"PropertyValueSpecification","valueRequired":true,"valueName":"search_term_string"}}],"inLanguage":"en-US"},{"@type":"Person","@id":"https:\/\/www.turismoaguarda.es\/#\/schema\/person\/a8b0c27ad7bcbb6c19799e934727508e","name":"Prensa A Guarda","image":{"@type":"ImageObject","inLanguage":"en-US","@id":"https:\/\/secure.gravatar.com\/avatar\/387e117f874ba5d0a3439060b45d914395d77287b2e4890a49d1599fc3ef9189?s=96&d=mm&r=g","url":"https:\/\/secure.gravatar.com\/avatar\/387e117f874ba5d0a3439060b45d914395d77287b2e4890a49d1599fc3ef9189?s=96&d=mm&r=g","contentUrl":"https:\/\/secure.gravatar.com\/avatar\/387e117f874ba5d0a3439060b45d914395d77287b2e4890a49d1599fc3ef9189?s=96&d=mm&r=g","caption":"Prensa A Guarda"},"url":"https:\/\/www.turismoaguarda.es\/en\/author\/prensa\/"}]}},"_links":{"self":[{"href":"https:\/\/www.turismoaguarda.es\/en\/wp-json\/wp\/v2\/posts\/17545","targetHints":{"allow":["GET"]}}],"collection":[{"href":"https:\/\/www.turismoaguarda.es\/en\/wp-json\/wp\/v2\/posts"}],"about":[{"href":"https:\/\/www.turismoaguarda.es\/en\/wp-json\/wp\/v2\/types\/post"}],"author":[{"embeddable":true,"href":"https:\/\/www.turismoaguarda.es\/en\/wp-json\/wp\/v2\/users\/11"}],"replies":[{"embeddable":true,"href":"https:\/\/www.turismoaguarda.es\/en\/wp-json\/wp\/v2\/comments?post=17545"}],"version-history":[{"count":2,"href":"https:\/\/www.turismoaguarda.es\/en\/wp-json\/wp\/v2\/posts\/17545\/revisions"}],"predecessor-version":[{"id":17547,"href":"https:\/\/www.turismoaguarda.es\/en\/wp-json\/wp\/v2\/posts\/17545\/revisions\/17547"}],"wp:featuredmedia":[{"embeddable":true,"href":"https:\/\/www.turismoaguarda.es\/en\/wp-json\/wp\/v2\/media\/17504"}],"wp:attachment":[{"href":"https:\/\/www.turismoaguarda.es\/en\/wp-json\/wp\/v2\/media?parent=17545"}],"wp:term":[{"taxonomy":"category","embeddable":true,"href":"https:\/\/www.turismoaguarda.es\/en\/wp-json\/wp\/v2\/categories?post=17545"},{"taxonomy":"post_tag","embeddable":true,"href":"https:\/\/www.turismoaguarda.es\/en\/wp-json\/wp\/v2\/tags?post=17545"}],"curies":[{"name":"wp","href":"https:\/\/api.w.org\/{rel}","templated":true}]}}