{"id":17196,"date":"2023-12-18T17:46:12","date_gmt":"2023-12-18T16:46:12","guid":{"rendered":"https:\/\/www.turismoaguarda.es\/?p=17196"},"modified":"2023-12-18T17:46:12","modified_gmt":"2023-12-18T16:46:12","slug":"el-albergue-municipal-de-a-guarda-cierra-sus-puertas-durante-las-semanas-de-navidad","status":"publish","type":"post","link":"https:\/\/www.turismoaguarda.es\/en\/el-albergue-municipal-de-a-guarda-cierra-sus-puertas-durante-las-semanas-de-navidad\/","title":{"rendered":"El albergue municipal de A Guarda cierra sus puertas durante las semanas de Navidad"},"content":{"rendered":"<p>En los \u00faltimos a\u00f1os se han elegido las semanas navide\u00f1as para cerrar el Albergue Municipal de Peregrinos debido a la reducci\u00f3n del n\u00famero de peregrinos en estas fechas.<\/p>\n<p>A lo largo de este a\u00f1o ha sido notable el aumento del n\u00famero de peregrinos que recorren nuestras calles con datos registrados en la Oficina del Peregrino de Santiago con m\u00e1s 52.000 peregrinos hasta la fecha, superando los 30.600 registrados a lo largo de 2022.<\/p>\n<p>A partir de noviembre, como es habitual, la peregrinaci\u00f3n se reduce a menos de 100 personas que llegan a Santiago desde todos los caminos. Esto supone menos de 10 peregrinos diarios registrados procedentes del Camino Portugu\u00e9s de la Costa.<\/p>\n<p>En definitiva, los meses con menor afluencia de peregrinos son diciembre y enero. Los d\u00edas cortos y la mayor probabilidad de mal tiempo son los motivos por los que los peregrinos evitan realizar el recorrido en los meses de invierno. Las celebraciones navide\u00f1as tambi\u00e9n pueden influir.<\/p>\n<p>Aquellos peregrinos que eligen estas fechas para caminar hacia Santiago buscan precisamente un camino poco transitado que les aporte tranquilidad y soledad. Adem\u00e1s, estos peregrinos invernales suelen optar por alojamientos tur\u00edsticos como hoteles donde cuentan con otras facilidades como habitaciones individuales y mayor flexibilidad en el horario de salida.<\/p>\n<p>Durante el mes de noviembre en el propio albergue municipal hubo 8 d\u00edas con un solo peregrino y otros 7 d\u00edas sin peregrinos alojados, 6 corresponden a finales de mes, con un total de 51 peregrinos. En estas semanas de diciembre hab\u00eda 23 peregrinos registrados en el albergue con 6 d\u00edas sin peregrinos.<\/p>\n<p>Aprovechando el cierre del albergue se realizar\u00e1n tareas de mantenimiento de las instalaciones.<\/p>\n<p><strong>As\u00ed, el Albergue Municipal de Peregrinos permanecer\u00e1 cerrado desde el lunes 18 de diciembre hasta el domingo 14 de enero, abriendo nuevamente a partir del lunes 15 de enero.<\/strong><\/p>\n<p>&nbsp;<\/p>\n","protected":false},"excerpt":{"rendered":"<p>En los \u00faltimos a\u00f1os se han elegido las semanas navide\u00f1as para cerrar el Albergue Municipal de Peregrinos debido a la reducci\u00f3n del n\u00famero de peregrinos en estas fechas. A lo largo de este a\u00f1o ha sido notable el aumento del n\u00famero de peregrinos que recorren nuestras calles con datos registrados en la Oficina del Peregrino<\/p>\n<div class=\"padding-top text-center\"><a href=\"https:\/\/www.turismoaguarda.es\/en\/el-albergue-municipal-de-a-guarda-cierra-sus-puertas-durante-las-semanas-de-navidad\/\" class=\"atbtn atbtn--medium atbtn--rounded atbtn--transparent\">Read more<i class=\"atbtn__icon atbtn__icon--right fa fa-long-arrow-right\"><\/i><\/a><\/div>\n","protected":false},"author":7,"featured_media":17200,"comment_status":"open","ping_status":"open","sticky":false,"template":"","format":"standard","meta":{"footnotes":""},"categories":[44],"tags":[],"class_list":["post-17196","post","type-post","status-publish","format-standard","has-post-thumbnail","hentry","category-noticias-turismo"],"yoast_head":"<!-- This site is optimized with the Yoast SEO plugin v27.5 - https:\/\/yoast.com\/product\/yoast-seo-wordpress\/ -->\n<title>El albergue municipal de A Guarda cierra sus puertas durante las semanas de Navidad | Turismo A Guarda<\/title>\n<meta name=\"robots\" content=\"index, follow, max-snippet:-1, max-image-preview:large, max-video-preview:-1\" \/>\n<link rel=\"canonical\" href=\"https:\/\/www.turismoaguarda.es\/el-albergue-municipal-de-a-guarda-cierra-sus-puertas-durante-las-semanas-de-navidad\/\" \/>\n<meta property=\"og:locale\" content=\"en_US\" \/>\n<meta property=\"og:type\" content=\"article\" \/>\n<meta property=\"og:title\" content=\"El albergue municipal de A Guarda cierra sus puertas durante las semanas de Navidad | Turismo A Guarda\" \/>\n<meta property=\"og:description\" content=\"En los \u00faltimos a\u00f1os se han elegido las semanas navide\u00f1as para cerrar el Albergue Municipal de Peregrinos debido a la reducci\u00f3n del n\u00famero de peregrinos en estas fechas. A lo largo de este a\u00f1o ha sido notable el aumento del n\u00famero de peregrinos que recorren nuestras calles con datos registrados en la Oficina del PeregrinoRead more\" \/>\n<meta property=\"og:url\" content=\"https:\/\/www.turismoaguarda.es\/el-albergue-municipal-de-a-guarda-cierra-sus-puertas-durante-las-semanas-de-navidad\/\" \/>\n<meta property=\"og:site_name\" content=\"Turismo A Guarda\" \/>\n<meta property=\"article:publisher\" content=\"https:\/\/es-es.facebook.com\/Turismo-A-Guarda-126223240790625\/\" \/>\n<meta property=\"article:published_time\" content=\"2023-12-18T16:46:12+00:00\" \/>\n<meta property=\"og:image\" content=\"https:\/\/www.turismoaguarda.es\/wp-content\/uploads\/2023\/12\/ALBERGUE-CERRADO2.png\" \/>\n\t<meta property=\"og:image:width\" content=\"1080\" \/>\n\t<meta property=\"og:image:height\" content=\"648\" \/>\n\t<meta property=\"og:image:type\" content=\"image\/png\" \/>\n<meta name=\"author\" content=\"Rosalia Verde\" \/>\n<meta name=\"twitter:card\" content=\"summary_large_image\" \/>\n<meta name=\"twitter:creator\" content=\"@TurismoAGuarda\" \/>\n<meta name=\"twitter:site\" content=\"@TurismoAGuarda\" \/>\n<meta name=\"twitter:label1\" content=\"Written by\" \/>\n\t<meta name=\"twitter:data1\" content=\"Rosalia Verde\" \/>\n\t<meta name=\"twitter:label2\" content=\"Est. reading time\" \/>\n\t<meta name=\"twitter:data2\" content=\"2 minutes\" \/>\n<script type=\"application\/ld+json\" class=\"yoast-schema-graph\">{\"@context\":\"https:\\\/\\\/schema.org\",\"@graph\":[{\"@type\":\"Article\",\"@id\":\"https:\\\/\\\/www.turismoaguarda.es\\\/el-albergue-municipal-de-a-guarda-cierra-sus-puertas-durante-las-semanas-de-navidad\\\/#article\",\"isPartOf\":{\"@id\":\"https:\\\/\\\/www.turismoaguarda.es\\\/el-albergue-municipal-de-a-guarda-cierra-sus-puertas-durante-las-semanas-de-navidad\\\/\"},\"author\":{\"name\":\"Rosalia Verde\",\"@id\":\"https:\\\/\\\/www.turismoaguarda.es\\\/#\\\/schema\\\/person\\\/9282bb1649316a88a88b0eca34bd959b\"},\"headline\":\"El albergue municipal de A Guarda cierra sus puertas durante las semanas de Navidad\",\"datePublished\":\"2023-12-18T16:46:12+00:00\",\"mainEntityOfPage\":{\"@id\":\"https:\\\/\\\/www.turismoaguarda.es\\\/el-albergue-municipal-de-a-guarda-cierra-sus-puertas-durante-las-semanas-de-navidad\\\/\"},\"wordCount\":322,\"commentCount\":0,\"image\":{\"@id\":\"https:\\\/\\\/www.turismoaguarda.es\\\/el-albergue-municipal-de-a-guarda-cierra-sus-puertas-durante-las-semanas-de-navidad\\\/#primaryimage\"},\"thumbnailUrl\":\"https:\\\/\\\/www.turismoaguarda.es\\\/wp-content\\\/uploads\\\/2023\\\/12\\\/ALBERGUE-CERRADO2.png\",\"articleSection\":[\"Noticias Turismo\"],\"inLanguage\":\"en-US\",\"potentialAction\":[{\"@type\":\"CommentAction\",\"name\":\"Comment\",\"target\":[\"https:\\\/\\\/www.turismoaguarda.es\\\/el-albergue-municipal-de-a-guarda-cierra-sus-puertas-durante-las-semanas-de-navidad\\\/#respond\"]}]},{\"@type\":\"WebPage\",\"@id\":\"https:\\\/\\\/www.turismoaguarda.es\\\/el-albergue-municipal-de-a-guarda-cierra-sus-puertas-durante-las-semanas-de-navidad\\\/\",\"url\":\"https:\\\/\\\/www.turismoaguarda.es\\\/el-albergue-municipal-de-a-guarda-cierra-sus-puertas-durante-las-semanas-de-navidad\\\/\",\"name\":\"El albergue municipal de A Guarda cierra sus puertas durante las semanas de Navidad | Turismo A Guarda\",\"isPartOf\":{\"@id\":\"https:\\\/\\\/www.turismoaguarda.es\\\/#website\"},\"primaryImageOfPage\":{\"@id\":\"https:\\\/\\\/www.turismoaguarda.es\\\/el-albergue-municipal-de-a-guarda-cierra-sus-puertas-durante-las-semanas-de-navidad\\\/#primaryimage\"},\"image\":{\"@id\":\"https:\\\/\\\/www.turismoaguarda.es\\\/el-albergue-municipal-de-a-guarda-cierra-sus-puertas-durante-las-semanas-de-navidad\\\/#primaryimage\"},\"thumbnailUrl\":\"https:\\\/\\\/www.turismoaguarda.es\\\/wp-content\\\/uploads\\\/2023\\\/12\\\/ALBERGUE-CERRADO2.png\",\"datePublished\":\"2023-12-18T16:46:12+00:00\",\"author\":{\"@id\":\"https:\\\/\\\/www.turismoaguarda.es\\\/#\\\/schema\\\/person\\\/9282bb1649316a88a88b0eca34bd959b\"},\"breadcrumb\":{\"@id\":\"https:\\\/\\\/www.turismoaguarda.es\\\/el-albergue-municipal-de-a-guarda-cierra-sus-puertas-durante-las-semanas-de-navidad\\\/#breadcrumb\"},\"inLanguage\":\"en-US\",\"potentialAction\":[{\"@type\":\"ReadAction\",\"target\":[\"https:\\\/\\\/www.turismoaguarda.es\\\/el-albergue-municipal-de-a-guarda-cierra-sus-puertas-durante-las-semanas-de-navidad\\\/\"]}]},{\"@type\":\"ImageObject\",\"inLanguage\":\"en-US\",\"@id\":\"https:\\\/\\\/www.turismoaguarda.es\\\/el-albergue-municipal-de-a-guarda-cierra-sus-puertas-durante-las-semanas-de-navidad\\\/#primaryimage\",\"url\":\"https:\\\/\\\/www.turismoaguarda.es\\\/wp-content\\\/uploads\\\/2023\\\/12\\\/ALBERGUE-CERRADO2.png\",\"contentUrl\":\"https:\\\/\\\/www.turismoaguarda.es\\\/wp-content\\\/uploads\\\/2023\\\/12\\\/ALBERGUE-CERRADO2.png\",\"width\":1080,\"height\":648},{\"@type\":\"BreadcrumbList\",\"@id\":\"https:\\\/\\\/www.turismoaguarda.es\\\/el-albergue-municipal-de-a-guarda-cierra-sus-puertas-durante-las-semanas-de-navidad\\\/#breadcrumb\",\"itemListElement\":[{\"@type\":\"ListItem\",\"position\":1,\"name\":\"Portada\",\"item\":\"https:\\\/\\\/www.turismoaguarda.es\\\/en\\\/\"},{\"@type\":\"ListItem\",\"position\":2,\"name\":\"El albergue municipal de A Guarda cierra sus puertas durante las semanas de Navidad\"}]},{\"@type\":\"WebSite\",\"@id\":\"https:\\\/\\\/www.turismoaguarda.es\\\/#website\",\"url\":\"https:\\\/\\\/www.turismoaguarda.es\\\/\",\"name\":\"Turismo A Guarda\",\"description\":\"Informaci\u00f3n tur\u00edstica de A Guarda y alrededores.\",\"potentialAction\":[{\"@type\":\"SearchAction\",\"target\":{\"@type\":\"EntryPoint\",\"urlTemplate\":\"https:\\\/\\\/www.turismoaguarda.es\\\/?s={search_term_string}\"},\"query-input\":{\"@type\":\"PropertyValueSpecification\",\"valueRequired\":true,\"valueName\":\"search_term_string\"}}],\"inLanguage\":\"en-US\"},{\"@type\":\"Person\",\"@id\":\"https:\\\/\\\/www.turismoaguarda.es\\\/#\\\/schema\\\/person\\\/9282bb1649316a88a88b0eca34bd959b\",\"name\":\"Rosalia Verde\",\"image\":{\"@type\":\"ImageObject\",\"inLanguage\":\"en-US\",\"@id\":\"https:\\\/\\\/secure.gravatar.com\\\/avatar\\\/40761cb45c6464d3a83ebde1e1f3fa222726fcacc4d5b5048a7920608c99e0e5?s=96&d=mm&r=g\",\"url\":\"https:\\\/\\\/secure.gravatar.com\\\/avatar\\\/40761cb45c6464d3a83ebde1e1f3fa222726fcacc4d5b5048a7920608c99e0e5?s=96&d=mm&r=g\",\"contentUrl\":\"https:\\\/\\\/secure.gravatar.com\\\/avatar\\\/40761cb45c6464d3a83ebde1e1f3fa222726fcacc4d5b5048a7920608c99e0e5?s=96&d=mm&r=g\",\"caption\":\"Rosalia Verde\"},\"url\":\"https:\\\/\\\/www.turismoaguarda.es\\\/en\\\/author\\\/rosalia\\\/\"}]}<\/script>\n<!-- \/ Yoast SEO plugin. -->","yoast_head_json":{"title":"El albergue municipal de A Guarda cierra sus puertas durante las semanas de Navidad | Turismo A Guarda","robots":{"index":"index","follow":"follow","max-snippet":"max-snippet:-1","max-image-preview":"max-image-preview:large","max-video-preview":"max-video-preview:-1"},"canonical":"https:\/\/www.turismoaguarda.es\/el-albergue-municipal-de-a-guarda-cierra-sus-puertas-durante-las-semanas-de-navidad\/","og_locale":"en_US","og_type":"article","og_title":"El albergue municipal de A Guarda cierra sus puertas durante las semanas de Navidad | Turismo A Guarda","og_description":"En los \u00faltimos a\u00f1os se han elegido las semanas navide\u00f1as para cerrar el Albergue Municipal de Peregrinos debido a la reducci\u00f3n del n\u00famero de peregrinos en estas fechas. A lo largo de este a\u00f1o ha sido notable el aumento del n\u00famero de peregrinos que recorren nuestras calles con datos registrados en la Oficina del PeregrinoRead more","og_url":"https:\/\/www.turismoaguarda.es\/el-albergue-municipal-de-a-guarda-cierra-sus-puertas-durante-las-semanas-de-navidad\/","og_site_name":"Turismo A Guarda","article_publisher":"https:\/\/es-es.facebook.com\/Turismo-A-Guarda-126223240790625\/","article_published_time":"2023-12-18T16:46:12+00:00","og_image":[{"width":1080,"height":648,"url":"https:\/\/www.turismoaguarda.es\/wp-content\/uploads\/2023\/12\/ALBERGUE-CERRADO2.png","type":"image\/png"}],"author":"Rosalia Verde","twitter_card":"summary_large_image","twitter_creator":"@TurismoAGuarda","twitter_site":"@TurismoAGuarda","twitter_misc":{"Written by":"Rosalia Verde","Est. reading time":"2 minutes"},"schema":{"@context":"https:\/\/schema.org","@graph":[{"@type":"Article","@id":"https:\/\/www.turismoaguarda.es\/el-albergue-municipal-de-a-guarda-cierra-sus-puertas-durante-las-semanas-de-navidad\/#article","isPartOf":{"@id":"https:\/\/www.turismoaguarda.es\/el-albergue-municipal-de-a-guarda-cierra-sus-puertas-durante-las-semanas-de-navidad\/"},"author":{"name":"Rosalia Verde","@id":"https:\/\/www.turismoaguarda.es\/#\/schema\/person\/9282bb1649316a88a88b0eca34bd959b"},"headline":"El albergue municipal de A Guarda cierra sus puertas durante las semanas de Navidad","datePublished":"2023-12-18T16:46:12+00:00","mainEntityOfPage":{"@id":"https:\/\/www.turismoaguarda.es\/el-albergue-municipal-de-a-guarda-cierra-sus-puertas-durante-las-semanas-de-navidad\/"},"wordCount":322,"commentCount":0,"image":{"@id":"https:\/\/www.turismoaguarda.es\/el-albergue-municipal-de-a-guarda-cierra-sus-puertas-durante-las-semanas-de-navidad\/#primaryimage"},"thumbnailUrl":"https:\/\/www.turismoaguarda.es\/wp-content\/uploads\/2023\/12\/ALBERGUE-CERRADO2.png","articleSection":["Noticias Turismo"],"inLanguage":"en-US","potentialAction":[{"@type":"CommentAction","name":"Comment","target":["https:\/\/www.turismoaguarda.es\/el-albergue-municipal-de-a-guarda-cierra-sus-puertas-durante-las-semanas-de-navidad\/#respond"]}]},{"@type":"WebPage","@id":"https:\/\/www.turismoaguarda.es\/el-albergue-municipal-de-a-guarda-cierra-sus-puertas-durante-las-semanas-de-navidad\/","url":"https:\/\/www.turismoaguarda.es\/el-albergue-municipal-de-a-guarda-cierra-sus-puertas-durante-las-semanas-de-navidad\/","name":"El albergue municipal de A Guarda cierra sus puertas durante las semanas de Navidad | Turismo A Guarda","isPartOf":{"@id":"https:\/\/www.turismoaguarda.es\/#website"},"primaryImageOfPage":{"@id":"https:\/\/www.turismoaguarda.es\/el-albergue-municipal-de-a-guarda-cierra-sus-puertas-durante-las-semanas-de-navidad\/#primaryimage"},"image":{"@id":"https:\/\/www.turismoaguarda.es\/el-albergue-municipal-de-a-guarda-cierra-sus-puertas-durante-las-semanas-de-navidad\/#primaryimage"},"thumbnailUrl":"https:\/\/www.turismoaguarda.es\/wp-content\/uploads\/2023\/12\/ALBERGUE-CERRADO2.png","datePublished":"2023-12-18T16:46:12+00:00","author":{"@id":"https:\/\/www.turismoaguarda.es\/#\/schema\/person\/9282bb1649316a88a88b0eca34bd959b"},"breadcrumb":{"@id":"https:\/\/www.turismoaguarda.es\/el-albergue-municipal-de-a-guarda-cierra-sus-puertas-durante-las-semanas-de-navidad\/#breadcrumb"},"inLanguage":"en-US","potentialAction":[{"@type":"ReadAction","target":["https:\/\/www.turismoaguarda.es\/el-albergue-municipal-de-a-guarda-cierra-sus-puertas-durante-las-semanas-de-navidad\/"]}]},{"@type":"ImageObject","inLanguage":"en-US","@id":"https:\/\/www.turismoaguarda.es\/el-albergue-municipal-de-a-guarda-cierra-sus-puertas-durante-las-semanas-de-navidad\/#primaryimage","url":"https:\/\/www.turismoaguarda.es\/wp-content\/uploads\/2023\/12\/ALBERGUE-CERRADO2.png","contentUrl":"https:\/\/www.turismoaguarda.es\/wp-content\/uploads\/2023\/12\/ALBERGUE-CERRADO2.png","width":1080,"height":648},{"@type":"BreadcrumbList","@id":"https:\/\/www.turismoaguarda.es\/el-albergue-municipal-de-a-guarda-cierra-sus-puertas-durante-las-semanas-de-navidad\/#breadcrumb","itemListElement":[{"@type":"ListItem","position":1,"name":"Portada","item":"https:\/\/www.turismoaguarda.es\/en\/"},{"@type":"ListItem","position":2,"name":"El albergue municipal de A Guarda cierra sus puertas durante las semanas de Navidad"}]},{"@type":"WebSite","@id":"https:\/\/www.turismoaguarda.es\/#website","url":"https:\/\/www.turismoaguarda.es\/","name":"Turismo A Guarda","description":"Informaci\u00f3n tur\u00edstica de A Guarda y alrededores.","potentialAction":[{"@type":"SearchAction","target":{"@type":"EntryPoint","urlTemplate":"https:\/\/www.turismoaguarda.es\/?s={search_term_string}"},"query-input":{"@type":"PropertyValueSpecification","valueRequired":true,"valueName":"search_term_string"}}],"inLanguage":"en-US"},{"@type":"Person","@id":"https:\/\/www.turismoaguarda.es\/#\/schema\/person\/9282bb1649316a88a88b0eca34bd959b","name":"Rosalia Verde","image":{"@type":"ImageObject","inLanguage":"en-US","@id":"https:\/\/secure.gravatar.com\/avatar\/40761cb45c6464d3a83ebde1e1f3fa222726fcacc4d5b5048a7920608c99e0e5?s=96&d=mm&r=g","url":"https:\/\/secure.gravatar.com\/avatar\/40761cb45c6464d3a83ebde1e1f3fa222726fcacc4d5b5048a7920608c99e0e5?s=96&d=mm&r=g","contentUrl":"https:\/\/secure.gravatar.com\/avatar\/40761cb45c6464d3a83ebde1e1f3fa222726fcacc4d5b5048a7920608c99e0e5?s=96&d=mm&r=g","caption":"Rosalia Verde"},"url":"https:\/\/www.turismoaguarda.es\/en\/author\/rosalia\/"}]}},"_links":{"self":[{"href":"https:\/\/www.turismoaguarda.es\/en\/wp-json\/wp\/v2\/posts\/17196","targetHints":{"allow":["GET"]}}],"collection":[{"href":"https:\/\/www.turismoaguarda.es\/en\/wp-json\/wp\/v2\/posts"}],"about":[{"href":"https:\/\/www.turismoaguarda.es\/en\/wp-json\/wp\/v2\/types\/post"}],"author":[{"embeddable":true,"href":"https:\/\/www.turismoaguarda.es\/en\/wp-json\/wp\/v2\/users\/7"}],"replies":[{"embeddable":true,"href":"https:\/\/www.turismoaguarda.es\/en\/wp-json\/wp\/v2\/comments?post=17196"}],"version-history":[{"count":1,"href":"https:\/\/www.turismoaguarda.es\/en\/wp-json\/wp\/v2\/posts\/17196\/revisions"}],"predecessor-version":[{"id":17203,"href":"https:\/\/www.turismoaguarda.es\/en\/wp-json\/wp\/v2\/posts\/17196\/revisions\/17203"}],"wp:featuredmedia":[{"embeddable":true,"href":"https:\/\/www.turismoaguarda.es\/en\/wp-json\/wp\/v2\/media\/17200"}],"wp:attachment":[{"href":"https:\/\/www.turismoaguarda.es\/en\/wp-json\/wp\/v2\/media?parent=17196"}],"wp:term":[{"taxonomy":"category","embeddable":true,"href":"https:\/\/www.turismoaguarda.es\/en\/wp-json\/wp\/v2\/categories?post=17196"},{"taxonomy":"post_tag","embeddable":true,"href":"https:\/\/www.turismoaguarda.es\/en\/wp-json\/wp\/v2\/tags?post=17196"}],"curies":[{"name":"wp","href":"https:\/\/api.w.org\/{rel}","templated":true}]}}