{"id":16992,"date":"2023-09-27T19:03:23","date_gmt":"2023-09-27T17:03:23","guid":{"rendered":"https:\/\/www.turismoaguarda.es\/?p=16992"},"modified":"2023-09-27T19:03:23","modified_gmt":"2023-09-27T17:03:23","slug":"la-xunta-celebra-el-dia-mundial-del-turismo-con-el-anuncio-de-la-ampliacion-de-la-senalizacion-de-la-ruta-eurovelo-con-una-inversion-de-14-me","status":"publish","type":"post","link":"https:\/\/www.turismoaguarda.es\/en\/la-xunta-celebra-el-dia-mundial-del-turismo-con-el-anuncio-de-la-ampliacion-de-la-senalizacion-de-la-ruta-eurovelo-con-una-inversion-de-14-me\/","title":{"rendered":"La Xunta celebra el D\u00eda Mundial del Turismo con el anuncio de la ampliaci\u00f3n de la se\u00f1alizaci\u00f3n de la ruta Eurovelo con una inversi\u00f3n de 1,4 M\u20ac"},"content":{"rendered":"<p>El Mirador de las Lourenzas en la Guarda fue el lugar escogido este a\u00f1o para celebrar el D\u00eda Mundial del Turismo, centrado en la innovaci\u00f3n y las inversiones verdes. Es por eso que el director de Turismo de Galicia, acompa\u00f1ado de representantes del sector tur\u00edstico y ayuntamientos del bajo Mi\u00f1o se desplazaron hasta el lugar para anunciar la pr\u00f3xima se\u00f1alizaci\u00f3n de la Ruta Cicloturista Costa Atl\u00e1ntica Eurovelo V1, que unir\u00e1 Tui con Fisterra con el objetivo de seguir facilitando infraestructuras verdes y sostenibles, en el marco del impulso al cicloturismo y la un turismo sostenible.<\/p>\n<p>Con una inversi\u00f3n prevista de 1,4 M\u20ac, la se\u00f1alizaci\u00f3n de esta ruta permitir\u00e1 garantizar una mejor convivencia entre icluturistas, peregrinos y vecindario, ya que su trazado coincide en buena medida con el Camino Portugu\u00e9s. \u201cHablar de cicloturismo es hablar de iniciativas que hacen de Galicia un destino mejor, un destino sostenible y un destino diferenciado en el que el fomento del turismo deportivo contribuyen a hacer de Galicia un destino de turismo tranquilo que crece con sentidi\u00f1o\u201d, explic\u00f3 Xos\u00e9 Merelles, que recorri\u00f3 un tramo de la futura v\u00eda en bicicletas el\u00e9ctricas acompa\u00f1ado de alcaldes y concejales del territorio.<\/p>\n<p>Durante el acto, el director de Turismo de Galicia aprovech\u00f3 para por en valor los excelentes resultados que est\u00e1 consiguiendo Galicia el a\u00f1o despu\u00e9s del final del Xacobeo. \u201cVenimos de conocer las cifras de ocupaci\u00f3n del mes de agosto, que nos vuelven a situar en cifras muy similares a agosto del a\u00f1o pasado, en que conseguimos una cifra r\u00e9cord, lo que nos indica que logramos mantener nuestro atractivo seguimos marcando r\u00e9cords hist\u00f3ricos, con la llegada de 4,5 M de viajeros y casi 8,5 M de noches en lo que va de a\u00f1o y la falta de conocer aun las \u00faltimas cifras del turismo extrahotelero\u201d, explic\u00f3.<\/p>\n<h2><b>Buena ocupaci\u00f3n y recuperaci\u00f3n del turista extranjero <\/b><\/h2>\n<p>Este mes de agosto Galicia recibi\u00f3 720 mil viajeros alojados y algo m\u00e1s de 1,6 millones de noches en los establecimientos hoteleros de la comunidad, lo que se traduce en un dato hist\u00f3rico al subir un punto a cifra r\u00e9cord conseguida en el hist\u00f3rico A\u00f1o Santo 2022.<\/p>\n<p>Durante el verano el viajero mayoritario fue el nacional (80% del total de viajeros) pero con una importante subida del internacional, que con 331 mil noches supera en un 13% la cifra previa a la pandemia, de 2019, consiguiendo una ocupaci\u00f3n media del 67% y una estad\u00eda media que mejor\u00f3 en un punto y medio la cifra del a\u00f1o pasado hasta las 2,27 noches<\/p>\n<p>\u201cEstamos en el buen camino pero ahora los tocan seguir trabajando para consolidar estos datos y crecer de manera sostenible y rentable, apostando por un desarrollo tur\u00edsticos responsable y de calidad\u201d, finaliz\u00f3 Xos\u00e9 Merelles<\/p>\n<h2><b>Red EuroVelo<\/b><\/h2>\n<p>Con la se\u00f1alizaci\u00f3n de la Ruta Costa Atl\u00e1ntica V1 entre Tui y Fisterra, Galicia ser\u00e1 uno de los pocos territorios nacionales con un dos rutas cicloturistas internacionales se\u00f1alizadas: la que recorre toda el litoral atl\u00e1ntico europeo durante m\u00e1s de 2.000 kil\u00f3metros y la V3 o Ruta de los Peregrinos, que transcurre en muchos pa\u00edses siguiendo el trazado del Camino de Santiago. Ambas rutas confluir\u00e1n en Fisterra, cerrando as\u00ed un proyecto de se\u00f1alizaci\u00f3n de las rutas cicloturistas en Galicia, en las que coincidir\u00e1n peregrinos y ciclistas, en m\u00e1s de 565 kil\u00f3metros.<\/p>\n<p>La Red Eurovelo es una red que atraviesa 42 pa\u00edses a lo largo de m\u00e1s de 90.000 kil\u00f3metros por toda Europa y que es empleada tanto por cicloturistas como por los habitantes locales que realizan sus trayectos diarios. Su impulso encaja con los objetivos de movilidad sostenible y verde de la Agenda 2030, adem\u00e1s de que, a\u00f1o a a\u00f1o, se incrementa el n\u00famero de peregrinos que hacen el Camino en bicicleta, adem\u00e1s de los que emplean este medio como transporte o en el \u00e1mbito deportivo.<\/p>\n","protected":false},"excerpt":{"rendered":"<p>El Mirador de las Lourenzas en la Guarda fue el lugar escogido este a\u00f1o para celebrar el D\u00eda Mundial del Turismo, centrado en la innovaci\u00f3n y las inversiones verdes. Es por eso que el director de Turismo de Galicia, acompa\u00f1ado de representantes del sector tur\u00edstico y ayuntamientos del bajo Mi\u00f1o se desplazaron hasta el lugar<\/p>\n<div class=\"padding-top text-center\"><a href=\"https:\/\/www.turismoaguarda.es\/en\/la-xunta-celebra-el-dia-mundial-del-turismo-con-el-anuncio-de-la-ampliacion-de-la-senalizacion-de-la-ruta-eurovelo-con-una-inversion-de-14-me\/\" class=\"atbtn atbtn--medium atbtn--rounded atbtn--transparent\">Read more<i class=\"atbtn__icon atbtn__icon--right fa fa-long-arrow-right\"><\/i><\/a><\/div>\n","protected":false},"author":11,"featured_media":16990,"comment_status":"open","ping_status":"open","sticky":false,"template":"","format":"standard","meta":{"footnotes":""},"categories":[44],"tags":[221,168],"class_list":["post-16992","post","type-post","status-publish","format-standard","has-post-thumbnail","hentry","category-noticias-turismo","tag-dia-mundial-do-turismo","tag-turismo"],"yoast_head":"<!-- This site is optimized with the Yoast SEO plugin v27.5 - https:\/\/yoast.com\/product\/yoast-seo-wordpress\/ -->\n<title>La Xunta celebra el D\u00eda Mundial del Turismo con el anuncio de la ampliaci\u00f3n de la se\u00f1alizaci\u00f3n de la ruta Eurovelo con una inversi\u00f3n de 1,4 M\u20ac | Turismo A Guarda<\/title>\n<meta name=\"description\" content=\"La Ruta Cicloturista Costa Atl\u00e1ntica unir\u00e1 Tui con Fisterra, donde confluir\u00e1 con la Ruta de los Peregrinos, se\u00f1alizada el a\u00f1o pasado\" \/>\n<meta name=\"robots\" content=\"index, follow, max-snippet:-1, max-image-preview:large, max-video-preview:-1\" \/>\n<link rel=\"canonical\" href=\"https:\/\/www.turismoaguarda.es\/la-xunta-celebra-el-dia-mundial-del-turismo-con-el-anuncio-de-la-ampliacion-de-la-senalizacion-de-la-ruta-eurovelo-con-una-inversion-de-14-me\/\" \/>\n<meta property=\"og:locale\" content=\"en_US\" \/>\n<meta property=\"og:type\" content=\"article\" \/>\n<meta property=\"og:title\" content=\"La Xunta celebra el D\u00eda Mundial del Turismo con el anuncio de la ampliaci\u00f3n de la se\u00f1alizaci\u00f3n de la ruta Eurovelo con una inversi\u00f3n de 1,4 M\u20ac | Turismo A Guarda\" \/>\n<meta property=\"og:description\" content=\"La Ruta Cicloturista Costa Atl\u00e1ntica unir\u00e1 Tui con Fisterra, donde confluir\u00e1 con la Ruta de los Peregrinos, se\u00f1alizada el a\u00f1o pasado\" \/>\n<meta property=\"og:url\" content=\"https:\/\/www.turismoaguarda.es\/la-xunta-celebra-el-dia-mundial-del-turismo-con-el-anuncio-de-la-ampliacion-de-la-senalizacion-de-la-ruta-eurovelo-con-una-inversion-de-14-me\/\" \/>\n<meta property=\"og:site_name\" content=\"Turismo A Guarda\" \/>\n<meta property=\"article:publisher\" content=\"https:\/\/es-es.facebook.com\/Turismo-A-Guarda-126223240790625\/\" \/>\n<meta property=\"article:published_time\" content=\"2023-09-27T17:03:23+00:00\" \/>\n<meta property=\"og:image\" content=\"https:\/\/www.turismoaguarda.es\/wp-content\/uploads\/2023\/09\/IMG_5848.jpg\" \/>\n\t<meta property=\"og:image:width\" content=\"800\" \/>\n\t<meta property=\"og:image:height\" content=\"533\" \/>\n\t<meta property=\"og:image:type\" content=\"image\/jpeg\" \/>\n<meta name=\"author\" content=\"Prensa A Guarda\" \/>\n<meta name=\"twitter:card\" content=\"summary_large_image\" \/>\n<meta name=\"twitter:creator\" content=\"@TurismoAGuarda\" \/>\n<meta name=\"twitter:site\" content=\"@TurismoAGuarda\" \/>\n<meta name=\"twitter:label1\" content=\"Written by\" \/>\n\t<meta name=\"twitter:data1\" content=\"Prensa A Guarda\" \/>\n<script type=\"application\/ld+json\" class=\"yoast-schema-graph\">{\"@context\":\"https:\\\/\\\/schema.org\",\"@graph\":[{\"@type\":\"Article\",\"@id\":\"https:\\\/\\\/www.turismoaguarda.es\\\/la-xunta-celebra-el-dia-mundial-del-turismo-con-el-anuncio-de-la-ampliacion-de-la-senalizacion-de-la-ruta-eurovelo-con-una-inversion-de-14-me\\\/#article\",\"isPartOf\":{\"@id\":\"https:\\\/\\\/www.turismoaguarda.es\\\/la-xunta-celebra-el-dia-mundial-del-turismo-con-el-anuncio-de-la-ampliacion-de-la-senalizacion-de-la-ruta-eurovelo-con-una-inversion-de-14-me\\\/\"},\"author\":{\"name\":\"Prensa A Guarda\",\"@id\":\"https:\\\/\\\/www.turismoaguarda.es\\\/#\\\/schema\\\/person\\\/a8b0c27ad7bcbb6c19799e934727508e\"},\"headline\":\"La Xunta celebra el D\u00eda Mundial del Turismo con el anuncio de la ampliaci\u00f3n de la se\u00f1alizaci\u00f3n de la ruta Eurovelo con una inversi\u00f3n de 1,4 M\u20ac\",\"datePublished\":\"2023-09-27T17:03:23+00:00\",\"mainEntityOfPage\":{\"@id\":\"https:\\\/\\\/www.turismoaguarda.es\\\/la-xunta-celebra-el-dia-mundial-del-turismo-con-el-anuncio-de-la-ampliacion-de-la-senalizacion-de-la-ruta-eurovelo-con-una-inversion-de-14-me\\\/\"},\"wordCount\":700,\"commentCount\":0,\"image\":{\"@id\":\"https:\\\/\\\/www.turismoaguarda.es\\\/la-xunta-celebra-el-dia-mundial-del-turismo-con-el-anuncio-de-la-ampliacion-de-la-senalizacion-de-la-ruta-eurovelo-con-una-inversion-de-14-me\\\/#primaryimage\"},\"thumbnailUrl\":\"https:\\\/\\\/www.turismoaguarda.es\\\/wp-content\\\/uploads\\\/2023\\\/09\\\/IMG_5848.jpg\",\"keywords\":[\"D\u00eda mundial do Turismo\",\"turismo\"],\"articleSection\":[\"Noticias Turismo\"],\"inLanguage\":\"en-US\",\"potentialAction\":[{\"@type\":\"CommentAction\",\"name\":\"Comment\",\"target\":[\"https:\\\/\\\/www.turismoaguarda.es\\\/la-xunta-celebra-el-dia-mundial-del-turismo-con-el-anuncio-de-la-ampliacion-de-la-senalizacion-de-la-ruta-eurovelo-con-una-inversion-de-14-me\\\/#respond\"]}]},{\"@type\":\"WebPage\",\"@id\":\"https:\\\/\\\/www.turismoaguarda.es\\\/la-xunta-celebra-el-dia-mundial-del-turismo-con-el-anuncio-de-la-ampliacion-de-la-senalizacion-de-la-ruta-eurovelo-con-una-inversion-de-14-me\\\/\",\"url\":\"https:\\\/\\\/www.turismoaguarda.es\\\/la-xunta-celebra-el-dia-mundial-del-turismo-con-el-anuncio-de-la-ampliacion-de-la-senalizacion-de-la-ruta-eurovelo-con-una-inversion-de-14-me\\\/\",\"name\":\"La Xunta celebra el D\u00eda Mundial del Turismo con el anuncio de la ampliaci\u00f3n de la se\u00f1alizaci\u00f3n de la ruta Eurovelo con una inversi\u00f3n de 1,4 M\u20ac | Turismo A Guarda\",\"isPartOf\":{\"@id\":\"https:\\\/\\\/www.turismoaguarda.es\\\/#website\"},\"primaryImageOfPage\":{\"@id\":\"https:\\\/\\\/www.turismoaguarda.es\\\/la-xunta-celebra-el-dia-mundial-del-turismo-con-el-anuncio-de-la-ampliacion-de-la-senalizacion-de-la-ruta-eurovelo-con-una-inversion-de-14-me\\\/#primaryimage\"},\"image\":{\"@id\":\"https:\\\/\\\/www.turismoaguarda.es\\\/la-xunta-celebra-el-dia-mundial-del-turismo-con-el-anuncio-de-la-ampliacion-de-la-senalizacion-de-la-ruta-eurovelo-con-una-inversion-de-14-me\\\/#primaryimage\"},\"thumbnailUrl\":\"https:\\\/\\\/www.turismoaguarda.es\\\/wp-content\\\/uploads\\\/2023\\\/09\\\/IMG_5848.jpg\",\"datePublished\":\"2023-09-27T17:03:23+00:00\",\"author\":{\"@id\":\"https:\\\/\\\/www.turismoaguarda.es\\\/#\\\/schema\\\/person\\\/a8b0c27ad7bcbb6c19799e934727508e\"},\"description\":\"La Ruta Cicloturista Costa Atl\u00e1ntica unir\u00e1 Tui con Fisterra, donde confluir\u00e1 con la Ruta de los Peregrinos, se\u00f1alizada el a\u00f1o pasado\",\"breadcrumb\":{\"@id\":\"https:\\\/\\\/www.turismoaguarda.es\\\/la-xunta-celebra-el-dia-mundial-del-turismo-con-el-anuncio-de-la-ampliacion-de-la-senalizacion-de-la-ruta-eurovelo-con-una-inversion-de-14-me\\\/#breadcrumb\"},\"inLanguage\":\"en-US\",\"potentialAction\":[{\"@type\":\"ReadAction\",\"target\":[\"https:\\\/\\\/www.turismoaguarda.es\\\/la-xunta-celebra-el-dia-mundial-del-turismo-con-el-anuncio-de-la-ampliacion-de-la-senalizacion-de-la-ruta-eurovelo-con-una-inversion-de-14-me\\\/\"]}]},{\"@type\":\"ImageObject\",\"inLanguage\":\"en-US\",\"@id\":\"https:\\\/\\\/www.turismoaguarda.es\\\/la-xunta-celebra-el-dia-mundial-del-turismo-con-el-anuncio-de-la-ampliacion-de-la-senalizacion-de-la-ruta-eurovelo-con-una-inversion-de-14-me\\\/#primaryimage\",\"url\":\"https:\\\/\\\/www.turismoaguarda.es\\\/wp-content\\\/uploads\\\/2023\\\/09\\\/IMG_5848.jpg\",\"contentUrl\":\"https:\\\/\\\/www.turismoaguarda.es\\\/wp-content\\\/uploads\\\/2023\\\/09\\\/IMG_5848.jpg\",\"width\":800,\"height\":533,\"caption\":\"A Xunta celebra o D\u00eda Mundial do Turismo co anuncio da ampliaci\u00f3n da sinalizaci\u00f3n da ruta Eurovelo cun investimento de 1,4 M\u20ac\"},{\"@type\":\"BreadcrumbList\",\"@id\":\"https:\\\/\\\/www.turismoaguarda.es\\\/la-xunta-celebra-el-dia-mundial-del-turismo-con-el-anuncio-de-la-ampliacion-de-la-senalizacion-de-la-ruta-eurovelo-con-una-inversion-de-14-me\\\/#breadcrumb\",\"itemListElement\":[{\"@type\":\"ListItem\",\"position\":1,\"name\":\"Portada\",\"item\":\"https:\\\/\\\/www.turismoaguarda.es\\\/en\\\/\"},{\"@type\":\"ListItem\",\"position\":2,\"name\":\"La Xunta celebra el D\u00eda Mundial del Turismo con el anuncio de la ampliaci\u00f3n de la se\u00f1alizaci\u00f3n de la ruta Eurovelo con una inversi\u00f3n de 1,4 M\u20ac\"}]},{\"@type\":\"WebSite\",\"@id\":\"https:\\\/\\\/www.turismoaguarda.es\\\/#website\",\"url\":\"https:\\\/\\\/www.turismoaguarda.es\\\/\",\"name\":\"Turismo A Guarda\",\"description\":\"Informaci\u00f3n tur\u00edstica de A Guarda y alrededores.\",\"potentialAction\":[{\"@type\":\"SearchAction\",\"target\":{\"@type\":\"EntryPoint\",\"urlTemplate\":\"https:\\\/\\\/www.turismoaguarda.es\\\/?s={search_term_string}\"},\"query-input\":{\"@type\":\"PropertyValueSpecification\",\"valueRequired\":true,\"valueName\":\"search_term_string\"}}],\"inLanguage\":\"en-US\"},{\"@type\":\"Person\",\"@id\":\"https:\\\/\\\/www.turismoaguarda.es\\\/#\\\/schema\\\/person\\\/a8b0c27ad7bcbb6c19799e934727508e\",\"name\":\"Prensa A Guarda\",\"image\":{\"@type\":\"ImageObject\",\"inLanguage\":\"en-US\",\"@id\":\"https:\\\/\\\/secure.gravatar.com\\\/avatar\\\/387e117f874ba5d0a3439060b45d914395d77287b2e4890a49d1599fc3ef9189?s=96&d=mm&r=g\",\"url\":\"https:\\\/\\\/secure.gravatar.com\\\/avatar\\\/387e117f874ba5d0a3439060b45d914395d77287b2e4890a49d1599fc3ef9189?s=96&d=mm&r=g\",\"contentUrl\":\"https:\\\/\\\/secure.gravatar.com\\\/avatar\\\/387e117f874ba5d0a3439060b45d914395d77287b2e4890a49d1599fc3ef9189?s=96&d=mm&r=g\",\"caption\":\"Prensa A Guarda\"},\"url\":\"https:\\\/\\\/www.turismoaguarda.es\\\/en\\\/author\\\/prensa\\\/\"}]}<\/script>\n<!-- \/ Yoast SEO plugin. -->","yoast_head_json":{"title":"La Xunta celebra el D\u00eda Mundial del Turismo con el anuncio de la ampliaci\u00f3n de la se\u00f1alizaci\u00f3n de la ruta Eurovelo con una inversi\u00f3n de 1,4 M\u20ac | Turismo A Guarda","description":"La Ruta Cicloturista Costa Atl\u00e1ntica unir\u00e1 Tui con Fisterra, donde confluir\u00e1 con la Ruta de los Peregrinos, se\u00f1alizada el a\u00f1o pasado","robots":{"index":"index","follow":"follow","max-snippet":"max-snippet:-1","max-image-preview":"max-image-preview:large","max-video-preview":"max-video-preview:-1"},"canonical":"https:\/\/www.turismoaguarda.es\/la-xunta-celebra-el-dia-mundial-del-turismo-con-el-anuncio-de-la-ampliacion-de-la-senalizacion-de-la-ruta-eurovelo-con-una-inversion-de-14-me\/","og_locale":"en_US","og_type":"article","og_title":"La Xunta celebra el D\u00eda Mundial del Turismo con el anuncio de la ampliaci\u00f3n de la se\u00f1alizaci\u00f3n de la ruta Eurovelo con una inversi\u00f3n de 1,4 M\u20ac | Turismo A Guarda","og_description":"La Ruta Cicloturista Costa Atl\u00e1ntica unir\u00e1 Tui con Fisterra, donde confluir\u00e1 con la Ruta de los Peregrinos, se\u00f1alizada el a\u00f1o pasado","og_url":"https:\/\/www.turismoaguarda.es\/la-xunta-celebra-el-dia-mundial-del-turismo-con-el-anuncio-de-la-ampliacion-de-la-senalizacion-de-la-ruta-eurovelo-con-una-inversion-de-14-me\/","og_site_name":"Turismo A Guarda","article_publisher":"https:\/\/es-es.facebook.com\/Turismo-A-Guarda-126223240790625\/","article_published_time":"2023-09-27T17:03:23+00:00","og_image":[{"width":800,"height":533,"url":"https:\/\/www.turismoaguarda.es\/wp-content\/uploads\/2023\/09\/IMG_5848.jpg","type":"image\/jpeg"}],"author":"Prensa A Guarda","twitter_card":"summary_large_image","twitter_creator":"@TurismoAGuarda","twitter_site":"@TurismoAGuarda","twitter_misc":{"Written by":"Prensa A Guarda"},"schema":{"@context":"https:\/\/schema.org","@graph":[{"@type":"Article","@id":"https:\/\/www.turismoaguarda.es\/la-xunta-celebra-el-dia-mundial-del-turismo-con-el-anuncio-de-la-ampliacion-de-la-senalizacion-de-la-ruta-eurovelo-con-una-inversion-de-14-me\/#article","isPartOf":{"@id":"https:\/\/www.turismoaguarda.es\/la-xunta-celebra-el-dia-mundial-del-turismo-con-el-anuncio-de-la-ampliacion-de-la-senalizacion-de-la-ruta-eurovelo-con-una-inversion-de-14-me\/"},"author":{"name":"Prensa A Guarda","@id":"https:\/\/www.turismoaguarda.es\/#\/schema\/person\/a8b0c27ad7bcbb6c19799e934727508e"},"headline":"La Xunta celebra el D\u00eda Mundial del Turismo con el anuncio de la ampliaci\u00f3n de la se\u00f1alizaci\u00f3n de la ruta Eurovelo con una inversi\u00f3n de 1,4 M\u20ac","datePublished":"2023-09-27T17:03:23+00:00","mainEntityOfPage":{"@id":"https:\/\/www.turismoaguarda.es\/la-xunta-celebra-el-dia-mundial-del-turismo-con-el-anuncio-de-la-ampliacion-de-la-senalizacion-de-la-ruta-eurovelo-con-una-inversion-de-14-me\/"},"wordCount":700,"commentCount":0,"image":{"@id":"https:\/\/www.turismoaguarda.es\/la-xunta-celebra-el-dia-mundial-del-turismo-con-el-anuncio-de-la-ampliacion-de-la-senalizacion-de-la-ruta-eurovelo-con-una-inversion-de-14-me\/#primaryimage"},"thumbnailUrl":"https:\/\/www.turismoaguarda.es\/wp-content\/uploads\/2023\/09\/IMG_5848.jpg","keywords":["D\u00eda mundial do Turismo","turismo"],"articleSection":["Noticias Turismo"],"inLanguage":"en-US","potentialAction":[{"@type":"CommentAction","name":"Comment","target":["https:\/\/www.turismoaguarda.es\/la-xunta-celebra-el-dia-mundial-del-turismo-con-el-anuncio-de-la-ampliacion-de-la-senalizacion-de-la-ruta-eurovelo-con-una-inversion-de-14-me\/#respond"]}]},{"@type":"WebPage","@id":"https:\/\/www.turismoaguarda.es\/la-xunta-celebra-el-dia-mundial-del-turismo-con-el-anuncio-de-la-ampliacion-de-la-senalizacion-de-la-ruta-eurovelo-con-una-inversion-de-14-me\/","url":"https:\/\/www.turismoaguarda.es\/la-xunta-celebra-el-dia-mundial-del-turismo-con-el-anuncio-de-la-ampliacion-de-la-senalizacion-de-la-ruta-eurovelo-con-una-inversion-de-14-me\/","name":"La Xunta celebra el D\u00eda Mundial del Turismo con el anuncio de la ampliaci\u00f3n de la se\u00f1alizaci\u00f3n de la ruta Eurovelo con una inversi\u00f3n de 1,4 M\u20ac | Turismo A Guarda","isPartOf":{"@id":"https:\/\/www.turismoaguarda.es\/#website"},"primaryImageOfPage":{"@id":"https:\/\/www.turismoaguarda.es\/la-xunta-celebra-el-dia-mundial-del-turismo-con-el-anuncio-de-la-ampliacion-de-la-senalizacion-de-la-ruta-eurovelo-con-una-inversion-de-14-me\/#primaryimage"},"image":{"@id":"https:\/\/www.turismoaguarda.es\/la-xunta-celebra-el-dia-mundial-del-turismo-con-el-anuncio-de-la-ampliacion-de-la-senalizacion-de-la-ruta-eurovelo-con-una-inversion-de-14-me\/#primaryimage"},"thumbnailUrl":"https:\/\/www.turismoaguarda.es\/wp-content\/uploads\/2023\/09\/IMG_5848.jpg","datePublished":"2023-09-27T17:03:23+00:00","author":{"@id":"https:\/\/www.turismoaguarda.es\/#\/schema\/person\/a8b0c27ad7bcbb6c19799e934727508e"},"description":"La Ruta Cicloturista Costa Atl\u00e1ntica unir\u00e1 Tui con Fisterra, donde confluir\u00e1 con la Ruta de los Peregrinos, se\u00f1alizada el a\u00f1o pasado","breadcrumb":{"@id":"https:\/\/www.turismoaguarda.es\/la-xunta-celebra-el-dia-mundial-del-turismo-con-el-anuncio-de-la-ampliacion-de-la-senalizacion-de-la-ruta-eurovelo-con-una-inversion-de-14-me\/#breadcrumb"},"inLanguage":"en-US","potentialAction":[{"@type":"ReadAction","target":["https:\/\/www.turismoaguarda.es\/la-xunta-celebra-el-dia-mundial-del-turismo-con-el-anuncio-de-la-ampliacion-de-la-senalizacion-de-la-ruta-eurovelo-con-una-inversion-de-14-me\/"]}]},{"@type":"ImageObject","inLanguage":"en-US","@id":"https:\/\/www.turismoaguarda.es\/la-xunta-celebra-el-dia-mundial-del-turismo-con-el-anuncio-de-la-ampliacion-de-la-senalizacion-de-la-ruta-eurovelo-con-una-inversion-de-14-me\/#primaryimage","url":"https:\/\/www.turismoaguarda.es\/wp-content\/uploads\/2023\/09\/IMG_5848.jpg","contentUrl":"https:\/\/www.turismoaguarda.es\/wp-content\/uploads\/2023\/09\/IMG_5848.jpg","width":800,"height":533,"caption":"A Xunta celebra o D\u00eda Mundial do Turismo co anuncio da ampliaci\u00f3n da sinalizaci\u00f3n da ruta Eurovelo cun investimento de 1,4 M\u20ac"},{"@type":"BreadcrumbList","@id":"https:\/\/www.turismoaguarda.es\/la-xunta-celebra-el-dia-mundial-del-turismo-con-el-anuncio-de-la-ampliacion-de-la-senalizacion-de-la-ruta-eurovelo-con-una-inversion-de-14-me\/#breadcrumb","itemListElement":[{"@type":"ListItem","position":1,"name":"Portada","item":"https:\/\/www.turismoaguarda.es\/en\/"},{"@type":"ListItem","position":2,"name":"La Xunta celebra el D\u00eda Mundial del Turismo con el anuncio de la ampliaci\u00f3n de la se\u00f1alizaci\u00f3n de la ruta Eurovelo con una inversi\u00f3n de 1,4 M\u20ac"}]},{"@type":"WebSite","@id":"https:\/\/www.turismoaguarda.es\/#website","url":"https:\/\/www.turismoaguarda.es\/","name":"Turismo A Guarda","description":"Informaci\u00f3n tur\u00edstica de A Guarda y alrededores.","potentialAction":[{"@type":"SearchAction","target":{"@type":"EntryPoint","urlTemplate":"https:\/\/www.turismoaguarda.es\/?s={search_term_string}"},"query-input":{"@type":"PropertyValueSpecification","valueRequired":true,"valueName":"search_term_string"}}],"inLanguage":"en-US"},{"@type":"Person","@id":"https:\/\/www.turismoaguarda.es\/#\/schema\/person\/a8b0c27ad7bcbb6c19799e934727508e","name":"Prensa A Guarda","image":{"@type":"ImageObject","inLanguage":"en-US","@id":"https:\/\/secure.gravatar.com\/avatar\/387e117f874ba5d0a3439060b45d914395d77287b2e4890a49d1599fc3ef9189?s=96&d=mm&r=g","url":"https:\/\/secure.gravatar.com\/avatar\/387e117f874ba5d0a3439060b45d914395d77287b2e4890a49d1599fc3ef9189?s=96&d=mm&r=g","contentUrl":"https:\/\/secure.gravatar.com\/avatar\/387e117f874ba5d0a3439060b45d914395d77287b2e4890a49d1599fc3ef9189?s=96&d=mm&r=g","caption":"Prensa A Guarda"},"url":"https:\/\/www.turismoaguarda.es\/en\/author\/prensa\/"}]}},"_links":{"self":[{"href":"https:\/\/www.turismoaguarda.es\/en\/wp-json\/wp\/v2\/posts\/16992","targetHints":{"allow":["GET"]}}],"collection":[{"href":"https:\/\/www.turismoaguarda.es\/en\/wp-json\/wp\/v2\/posts"}],"about":[{"href":"https:\/\/www.turismoaguarda.es\/en\/wp-json\/wp\/v2\/types\/post"}],"author":[{"embeddable":true,"href":"https:\/\/www.turismoaguarda.es\/en\/wp-json\/wp\/v2\/users\/11"}],"replies":[{"embeddable":true,"href":"https:\/\/www.turismoaguarda.es\/en\/wp-json\/wp\/v2\/comments?post=16992"}],"version-history":[{"count":1,"href":"https:\/\/www.turismoaguarda.es\/en\/wp-json\/wp\/v2\/posts\/16992\/revisions"}],"predecessor-version":[{"id":16993,"href":"https:\/\/www.turismoaguarda.es\/en\/wp-json\/wp\/v2\/posts\/16992\/revisions\/16993"}],"wp:featuredmedia":[{"embeddable":true,"href":"https:\/\/www.turismoaguarda.es\/en\/wp-json\/wp\/v2\/media\/16990"}],"wp:attachment":[{"href":"https:\/\/www.turismoaguarda.es\/en\/wp-json\/wp\/v2\/media?parent=16992"}],"wp:term":[{"taxonomy":"category","embeddable":true,"href":"https:\/\/www.turismoaguarda.es\/en\/wp-json\/wp\/v2\/categories?post=16992"},{"taxonomy":"post_tag","embeddable":true,"href":"https:\/\/www.turismoaguarda.es\/en\/wp-json\/wp\/v2\/tags?post=16992"}],"curies":[{"name":"wp","href":"https:\/\/api.w.org\/{rel}","templated":true}]}}