{"id":16959,"date":"2023-09-19T09:40:37","date_gmt":"2023-09-19T07:40:37","guid":{"rendered":"https:\/\/www.turismoaguarda.es\/?p=16959"},"modified":"2023-09-19T09:40:37","modified_gmt":"2023-09-19T07:40:37","slug":"a-guarda-acoge-este-sabado-la-romeria-de-santa-trega","status":"publish","type":"post","link":"https:\/\/www.turismoaguarda.es\/en\/a-guarda-acoge-este-sabado-la-romeria-de-santa-trega\/","title":{"rendered":"A Guarda acoge este s\u00e1bado la Romer\u00eda de Santa Trega"},"content":{"rendered":"<p>El pr\u00f3ximo s\u00e1bado, 23 de septiembre, A Guarda acoge un a\u00f1o m\u00e1s la Romer\u00eda de Santa Trega, un acto de car\u00e1cter religioso y festivo que re\u00fane en el Monte de Santa Trega a multitud de fieles y devotos de la Virgen de Santa Trega.<\/p>\n<p>&nbsp;<\/p>\n<p>Desde primera hora de la ma\u00f1ana la Ermita de Santa Trega acoge varias misas a las 8, 9 y 10 de la ma\u00f1ana y a las 11:30 horas Serm\u00f3n y Procesi\u00f3n Solemne.<\/p>\n<p>&nbsp;<\/p>\n<p>Tras finalizar los actos religiosos se celebran las tradicionales subastas de productos t\u00edpicos, con una tarta monumental que siempre esconde alg\u00fan gran premio en su interior.<\/p>\n<p>&nbsp;<\/p>\n<p>La tradici\u00f3n convoca a un almuerzo popular, donde las familias se re\u00fanen para desayunar, cantar y bailar hasta altas horas de la noche, donde el sonido de gaitas, acordeones, panderetas y tambores acompa\u00f1an el postre.<\/p>\n<p>&nbsp;<\/p>\n<p>Desde el Ayuntamiento de da Guarda se recuerda a la poblaci\u00f3n el deber de respetar nuestro patrimonio, se\u00f1a de identidad de nuestro pueblo, evitando malos tratos o accesos a espacios patrimoniales como la Citania de Santa Trega.<\/p>\n","protected":false},"excerpt":{"rendered":"<p>El pr\u00f3ximo s\u00e1bado, 23 de septiembre, A Guarda acoge un a\u00f1o m\u00e1s la Romer\u00eda de Santa Trega, un acto de car\u00e1cter religioso y festivo que re\u00fane en el Monte de Santa Trega a multitud de fieles y devotos de la Virgen de Santa Trega. &nbsp; Desde primera hora de la ma\u00f1ana la Ermita de Santa<\/p>\n<div class=\"padding-top text-center\"><a href=\"https:\/\/www.turismoaguarda.es\/en\/a-guarda-acoge-este-sabado-la-romeria-de-santa-trega\/\" class=\"atbtn atbtn--medium atbtn--rounded atbtn--transparent\">Read more<i class=\"atbtn__icon atbtn__icon--right fa fa-long-arrow-right\"><\/i><\/a><\/div>\n","protected":false},"author":11,"featured_media":16960,"comment_status":"open","ping_status":"open","sticky":false,"template":"","format":"standard","meta":{"footnotes":""},"categories":[44],"tags":[169,1088,217],"class_list":["post-16959","post","type-post","status-publish","format-standard","has-post-thumbnail","hentry","category-noticias-turismo","tag-a-guarda","tag-romeria-de-santa-trega","tag-santa-trega"],"yoast_head":"<!-- This site is optimized with the Yoast SEO plugin v27.5 - https:\/\/yoast.com\/product\/yoast-seo-wordpress\/ -->\n<title>A Guarda acoge este s\u00e1bado la Romer\u00eda de Santa Trega | Turismo A Guarda<\/title>\n<meta name=\"description\" content=\"S\u00e1bado 23 de septiembre en el Monte Santa Trega de A Guarda.\" \/>\n<meta name=\"robots\" content=\"index, follow, max-snippet:-1, max-image-preview:large, max-video-preview:-1\" \/>\n<link rel=\"canonical\" href=\"https:\/\/www.turismoaguarda.es\/a-guarda-acoge-este-sabado-la-romeria-de-santa-trega\/\" \/>\n<meta property=\"og:locale\" content=\"en_US\" \/>\n<meta property=\"og:type\" content=\"article\" \/>\n<meta property=\"og:title\" content=\"A Guarda acoge este s\u00e1bado la Romer\u00eda de Santa Trega | Turismo A Guarda\" \/>\n<meta property=\"og:description\" content=\"S\u00e1bado 23 de septiembre en el Monte Santa Trega de A Guarda.\" \/>\n<meta property=\"og:url\" content=\"https:\/\/www.turismoaguarda.es\/a-guarda-acoge-este-sabado-la-romeria-de-santa-trega\/\" \/>\n<meta property=\"og:site_name\" content=\"Turismo A Guarda\" \/>\n<meta property=\"article:publisher\" content=\"https:\/\/es-es.facebook.com\/Turismo-A-Guarda-126223240790625\/\" \/>\n<meta property=\"article:published_time\" content=\"2023-09-19T07:40:37+00:00\" \/>\n<meta property=\"og:image\" content=\"https:\/\/www.turismoaguarda.es\/wp-content\/uploads\/2023\/09\/NP-19092023-A-Guarda-acolle-este-sabado-a-Romaria-de-Santa-Trega-1.jpg\" \/>\n\t<meta property=\"og:image:width\" content=\"800\" \/>\n\t<meta property=\"og:image:height\" content=\"449\" \/>\n\t<meta property=\"og:image:type\" content=\"image\/jpeg\" \/>\n<meta name=\"author\" content=\"Prensa A Guarda\" \/>\n<meta name=\"twitter:card\" content=\"summary_large_image\" \/>\n<meta name=\"twitter:creator\" content=\"@TurismoAGuarda\" \/>\n<meta name=\"twitter:site\" content=\"@TurismoAGuarda\" \/>\n<meta name=\"twitter:label1\" content=\"Written by\" \/>\n\t<meta name=\"twitter:data1\" content=\"Prensa A Guarda\" \/>\n\t<meta name=\"twitter:label2\" content=\"Est. reading time\" \/>\n\t<meta name=\"twitter:data2\" content=\"1 minute\" \/>\n<script type=\"application\/ld+json\" class=\"yoast-schema-graph\">{\"@context\":\"https:\\\/\\\/schema.org\",\"@graph\":[{\"@type\":\"Article\",\"@id\":\"https:\\\/\\\/www.turismoaguarda.es\\\/a-guarda-acoge-este-sabado-la-romeria-de-santa-trega\\\/#article\",\"isPartOf\":{\"@id\":\"https:\\\/\\\/www.turismoaguarda.es\\\/a-guarda-acoge-este-sabado-la-romeria-de-santa-trega\\\/\"},\"author\":{\"name\":\"Prensa A Guarda\",\"@id\":\"https:\\\/\\\/www.turismoaguarda.es\\\/#\\\/schema\\\/person\\\/a8b0c27ad7bcbb6c19799e934727508e\"},\"headline\":\"A Guarda acoge este s\u00e1bado la Romer\u00eda de Santa Trega\",\"datePublished\":\"2023-09-19T07:40:37+00:00\",\"mainEntityOfPage\":{\"@id\":\"https:\\\/\\\/www.turismoaguarda.es\\\/a-guarda-acoge-este-sabado-la-romeria-de-santa-trega\\\/\"},\"wordCount\":203,\"commentCount\":0,\"image\":{\"@id\":\"https:\\\/\\\/www.turismoaguarda.es\\\/a-guarda-acoge-este-sabado-la-romeria-de-santa-trega\\\/#primaryimage\"},\"thumbnailUrl\":\"https:\\\/\\\/www.turismoaguarda.es\\\/wp-content\\\/uploads\\\/2023\\\/09\\\/NP-19092023-A-Guarda-acolle-este-sabado-a-Romaria-de-Santa-Trega-1.jpg\",\"keywords\":[\"A Guarda\",\"Romer\u00eda de Santa Trega\",\"Santa Trega\"],\"articleSection\":[\"Noticias Turismo\"],\"inLanguage\":\"en-US\",\"potentialAction\":[{\"@type\":\"CommentAction\",\"name\":\"Comment\",\"target\":[\"https:\\\/\\\/www.turismoaguarda.es\\\/a-guarda-acoge-este-sabado-la-romeria-de-santa-trega\\\/#respond\"]}]},{\"@type\":\"WebPage\",\"@id\":\"https:\\\/\\\/www.turismoaguarda.es\\\/a-guarda-acoge-este-sabado-la-romeria-de-santa-trega\\\/\",\"url\":\"https:\\\/\\\/www.turismoaguarda.es\\\/a-guarda-acoge-este-sabado-la-romeria-de-santa-trega\\\/\",\"name\":\"A Guarda acoge este s\u00e1bado la Romer\u00eda de Santa Trega | Turismo A Guarda\",\"isPartOf\":{\"@id\":\"https:\\\/\\\/www.turismoaguarda.es\\\/#website\"},\"primaryImageOfPage\":{\"@id\":\"https:\\\/\\\/www.turismoaguarda.es\\\/a-guarda-acoge-este-sabado-la-romeria-de-santa-trega\\\/#primaryimage\"},\"image\":{\"@id\":\"https:\\\/\\\/www.turismoaguarda.es\\\/a-guarda-acoge-este-sabado-la-romeria-de-santa-trega\\\/#primaryimage\"},\"thumbnailUrl\":\"https:\\\/\\\/www.turismoaguarda.es\\\/wp-content\\\/uploads\\\/2023\\\/09\\\/NP-19092023-A-Guarda-acolle-este-sabado-a-Romaria-de-Santa-Trega-1.jpg\",\"datePublished\":\"2023-09-19T07:40:37+00:00\",\"author\":{\"@id\":\"https:\\\/\\\/www.turismoaguarda.es\\\/#\\\/schema\\\/person\\\/a8b0c27ad7bcbb6c19799e934727508e\"},\"description\":\"S\u00e1bado 23 de septiembre en el Monte Santa Trega de A Guarda.\",\"breadcrumb\":{\"@id\":\"https:\\\/\\\/www.turismoaguarda.es\\\/a-guarda-acoge-este-sabado-la-romeria-de-santa-trega\\\/#breadcrumb\"},\"inLanguage\":\"en-US\",\"potentialAction\":[{\"@type\":\"ReadAction\",\"target\":[\"https:\\\/\\\/www.turismoaguarda.es\\\/a-guarda-acoge-este-sabado-la-romeria-de-santa-trega\\\/\"]}]},{\"@type\":\"ImageObject\",\"inLanguage\":\"en-US\",\"@id\":\"https:\\\/\\\/www.turismoaguarda.es\\\/a-guarda-acoge-este-sabado-la-romeria-de-santa-trega\\\/#primaryimage\",\"url\":\"https:\\\/\\\/www.turismoaguarda.es\\\/wp-content\\\/uploads\\\/2023\\\/09\\\/NP-19092023-A-Guarda-acolle-este-sabado-a-Romaria-de-Santa-Trega-1.jpg\",\"contentUrl\":\"https:\\\/\\\/www.turismoaguarda.es\\\/wp-content\\\/uploads\\\/2023\\\/09\\\/NP-19092023-A-Guarda-acolle-este-sabado-a-Romaria-de-Santa-Trega-1.jpg\",\"width\":800,\"height\":449,\"caption\":\"A Guarda acoge este s\u00e1bado la Romer\u00eda de Santa Trega\"},{\"@type\":\"BreadcrumbList\",\"@id\":\"https:\\\/\\\/www.turismoaguarda.es\\\/a-guarda-acoge-este-sabado-la-romeria-de-santa-trega\\\/#breadcrumb\",\"itemListElement\":[{\"@type\":\"ListItem\",\"position\":1,\"name\":\"Portada\",\"item\":\"https:\\\/\\\/www.turismoaguarda.es\\\/en\\\/\"},{\"@type\":\"ListItem\",\"position\":2,\"name\":\"A Guarda acoge este s\u00e1bado la Romer\u00eda de Santa Trega\"}]},{\"@type\":\"WebSite\",\"@id\":\"https:\\\/\\\/www.turismoaguarda.es\\\/#website\",\"url\":\"https:\\\/\\\/www.turismoaguarda.es\\\/\",\"name\":\"Turismo A Guarda\",\"description\":\"Informaci\u00f3n tur\u00edstica de A Guarda y alrededores.\",\"potentialAction\":[{\"@type\":\"SearchAction\",\"target\":{\"@type\":\"EntryPoint\",\"urlTemplate\":\"https:\\\/\\\/www.turismoaguarda.es\\\/?s={search_term_string}\"},\"query-input\":{\"@type\":\"PropertyValueSpecification\",\"valueRequired\":true,\"valueName\":\"search_term_string\"}}],\"inLanguage\":\"en-US\"},{\"@type\":\"Person\",\"@id\":\"https:\\\/\\\/www.turismoaguarda.es\\\/#\\\/schema\\\/person\\\/a8b0c27ad7bcbb6c19799e934727508e\",\"name\":\"Prensa A Guarda\",\"image\":{\"@type\":\"ImageObject\",\"inLanguage\":\"en-US\",\"@id\":\"https:\\\/\\\/secure.gravatar.com\\\/avatar\\\/387e117f874ba5d0a3439060b45d914395d77287b2e4890a49d1599fc3ef9189?s=96&d=mm&r=g\",\"url\":\"https:\\\/\\\/secure.gravatar.com\\\/avatar\\\/387e117f874ba5d0a3439060b45d914395d77287b2e4890a49d1599fc3ef9189?s=96&d=mm&r=g\",\"contentUrl\":\"https:\\\/\\\/secure.gravatar.com\\\/avatar\\\/387e117f874ba5d0a3439060b45d914395d77287b2e4890a49d1599fc3ef9189?s=96&d=mm&r=g\",\"caption\":\"Prensa A Guarda\"},\"url\":\"https:\\\/\\\/www.turismoaguarda.es\\\/en\\\/author\\\/prensa\\\/\"}]}<\/script>\n<!-- \/ Yoast SEO plugin. -->","yoast_head_json":{"title":"A Guarda acoge este s\u00e1bado la Romer\u00eda de Santa Trega | Turismo A Guarda","description":"S\u00e1bado 23 de septiembre en el Monte Santa Trega de A Guarda.","robots":{"index":"index","follow":"follow","max-snippet":"max-snippet:-1","max-image-preview":"max-image-preview:large","max-video-preview":"max-video-preview:-1"},"canonical":"https:\/\/www.turismoaguarda.es\/a-guarda-acoge-este-sabado-la-romeria-de-santa-trega\/","og_locale":"en_US","og_type":"article","og_title":"A Guarda acoge este s\u00e1bado la Romer\u00eda de Santa Trega | Turismo A Guarda","og_description":"S\u00e1bado 23 de septiembre en el Monte Santa Trega de A Guarda.","og_url":"https:\/\/www.turismoaguarda.es\/a-guarda-acoge-este-sabado-la-romeria-de-santa-trega\/","og_site_name":"Turismo A Guarda","article_publisher":"https:\/\/es-es.facebook.com\/Turismo-A-Guarda-126223240790625\/","article_published_time":"2023-09-19T07:40:37+00:00","og_image":[{"width":800,"height":449,"url":"https:\/\/www.turismoaguarda.es\/wp-content\/uploads\/2023\/09\/NP-19092023-A-Guarda-acolle-este-sabado-a-Romaria-de-Santa-Trega-1.jpg","type":"image\/jpeg"}],"author":"Prensa A Guarda","twitter_card":"summary_large_image","twitter_creator":"@TurismoAGuarda","twitter_site":"@TurismoAGuarda","twitter_misc":{"Written by":"Prensa A Guarda","Est. reading time":"1 minute"},"schema":{"@context":"https:\/\/schema.org","@graph":[{"@type":"Article","@id":"https:\/\/www.turismoaguarda.es\/a-guarda-acoge-este-sabado-la-romeria-de-santa-trega\/#article","isPartOf":{"@id":"https:\/\/www.turismoaguarda.es\/a-guarda-acoge-este-sabado-la-romeria-de-santa-trega\/"},"author":{"name":"Prensa A Guarda","@id":"https:\/\/www.turismoaguarda.es\/#\/schema\/person\/a8b0c27ad7bcbb6c19799e934727508e"},"headline":"A Guarda acoge este s\u00e1bado la Romer\u00eda de Santa Trega","datePublished":"2023-09-19T07:40:37+00:00","mainEntityOfPage":{"@id":"https:\/\/www.turismoaguarda.es\/a-guarda-acoge-este-sabado-la-romeria-de-santa-trega\/"},"wordCount":203,"commentCount":0,"image":{"@id":"https:\/\/www.turismoaguarda.es\/a-guarda-acoge-este-sabado-la-romeria-de-santa-trega\/#primaryimage"},"thumbnailUrl":"https:\/\/www.turismoaguarda.es\/wp-content\/uploads\/2023\/09\/NP-19092023-A-Guarda-acolle-este-sabado-a-Romaria-de-Santa-Trega-1.jpg","keywords":["A Guarda","Romer\u00eda de Santa Trega","Santa Trega"],"articleSection":["Noticias Turismo"],"inLanguage":"en-US","potentialAction":[{"@type":"CommentAction","name":"Comment","target":["https:\/\/www.turismoaguarda.es\/a-guarda-acoge-este-sabado-la-romeria-de-santa-trega\/#respond"]}]},{"@type":"WebPage","@id":"https:\/\/www.turismoaguarda.es\/a-guarda-acoge-este-sabado-la-romeria-de-santa-trega\/","url":"https:\/\/www.turismoaguarda.es\/a-guarda-acoge-este-sabado-la-romeria-de-santa-trega\/","name":"A Guarda acoge este s\u00e1bado la Romer\u00eda de Santa Trega | Turismo A Guarda","isPartOf":{"@id":"https:\/\/www.turismoaguarda.es\/#website"},"primaryImageOfPage":{"@id":"https:\/\/www.turismoaguarda.es\/a-guarda-acoge-este-sabado-la-romeria-de-santa-trega\/#primaryimage"},"image":{"@id":"https:\/\/www.turismoaguarda.es\/a-guarda-acoge-este-sabado-la-romeria-de-santa-trega\/#primaryimage"},"thumbnailUrl":"https:\/\/www.turismoaguarda.es\/wp-content\/uploads\/2023\/09\/NP-19092023-A-Guarda-acolle-este-sabado-a-Romaria-de-Santa-Trega-1.jpg","datePublished":"2023-09-19T07:40:37+00:00","author":{"@id":"https:\/\/www.turismoaguarda.es\/#\/schema\/person\/a8b0c27ad7bcbb6c19799e934727508e"},"description":"S\u00e1bado 23 de septiembre en el Monte Santa Trega de A Guarda.","breadcrumb":{"@id":"https:\/\/www.turismoaguarda.es\/a-guarda-acoge-este-sabado-la-romeria-de-santa-trega\/#breadcrumb"},"inLanguage":"en-US","potentialAction":[{"@type":"ReadAction","target":["https:\/\/www.turismoaguarda.es\/a-guarda-acoge-este-sabado-la-romeria-de-santa-trega\/"]}]},{"@type":"ImageObject","inLanguage":"en-US","@id":"https:\/\/www.turismoaguarda.es\/a-guarda-acoge-este-sabado-la-romeria-de-santa-trega\/#primaryimage","url":"https:\/\/www.turismoaguarda.es\/wp-content\/uploads\/2023\/09\/NP-19092023-A-Guarda-acolle-este-sabado-a-Romaria-de-Santa-Trega-1.jpg","contentUrl":"https:\/\/www.turismoaguarda.es\/wp-content\/uploads\/2023\/09\/NP-19092023-A-Guarda-acolle-este-sabado-a-Romaria-de-Santa-Trega-1.jpg","width":800,"height":449,"caption":"A Guarda acoge este s\u00e1bado la Romer\u00eda de Santa Trega"},{"@type":"BreadcrumbList","@id":"https:\/\/www.turismoaguarda.es\/a-guarda-acoge-este-sabado-la-romeria-de-santa-trega\/#breadcrumb","itemListElement":[{"@type":"ListItem","position":1,"name":"Portada","item":"https:\/\/www.turismoaguarda.es\/en\/"},{"@type":"ListItem","position":2,"name":"A Guarda acoge este s\u00e1bado la Romer\u00eda de Santa Trega"}]},{"@type":"WebSite","@id":"https:\/\/www.turismoaguarda.es\/#website","url":"https:\/\/www.turismoaguarda.es\/","name":"Turismo A Guarda","description":"Informaci\u00f3n tur\u00edstica de A Guarda y alrededores.","potentialAction":[{"@type":"SearchAction","target":{"@type":"EntryPoint","urlTemplate":"https:\/\/www.turismoaguarda.es\/?s={search_term_string}"},"query-input":{"@type":"PropertyValueSpecification","valueRequired":true,"valueName":"search_term_string"}}],"inLanguage":"en-US"},{"@type":"Person","@id":"https:\/\/www.turismoaguarda.es\/#\/schema\/person\/a8b0c27ad7bcbb6c19799e934727508e","name":"Prensa A Guarda","image":{"@type":"ImageObject","inLanguage":"en-US","@id":"https:\/\/secure.gravatar.com\/avatar\/387e117f874ba5d0a3439060b45d914395d77287b2e4890a49d1599fc3ef9189?s=96&d=mm&r=g","url":"https:\/\/secure.gravatar.com\/avatar\/387e117f874ba5d0a3439060b45d914395d77287b2e4890a49d1599fc3ef9189?s=96&d=mm&r=g","contentUrl":"https:\/\/secure.gravatar.com\/avatar\/387e117f874ba5d0a3439060b45d914395d77287b2e4890a49d1599fc3ef9189?s=96&d=mm&r=g","caption":"Prensa A Guarda"},"url":"https:\/\/www.turismoaguarda.es\/en\/author\/prensa\/"}]}},"_links":{"self":[{"href":"https:\/\/www.turismoaguarda.es\/en\/wp-json\/wp\/v2\/posts\/16959","targetHints":{"allow":["GET"]}}],"collection":[{"href":"https:\/\/www.turismoaguarda.es\/en\/wp-json\/wp\/v2\/posts"}],"about":[{"href":"https:\/\/www.turismoaguarda.es\/en\/wp-json\/wp\/v2\/types\/post"}],"author":[{"embeddable":true,"href":"https:\/\/www.turismoaguarda.es\/en\/wp-json\/wp\/v2\/users\/11"}],"replies":[{"embeddable":true,"href":"https:\/\/www.turismoaguarda.es\/en\/wp-json\/wp\/v2\/comments?post=16959"}],"version-history":[{"count":1,"href":"https:\/\/www.turismoaguarda.es\/en\/wp-json\/wp\/v2\/posts\/16959\/revisions"}],"predecessor-version":[{"id":16963,"href":"https:\/\/www.turismoaguarda.es\/en\/wp-json\/wp\/v2\/posts\/16959\/revisions\/16963"}],"wp:featuredmedia":[{"embeddable":true,"href":"https:\/\/www.turismoaguarda.es\/en\/wp-json\/wp\/v2\/media\/16960"}],"wp:attachment":[{"href":"https:\/\/www.turismoaguarda.es\/en\/wp-json\/wp\/v2\/media?parent=16959"}],"wp:term":[{"taxonomy":"category","embeddable":true,"href":"https:\/\/www.turismoaguarda.es\/en\/wp-json\/wp\/v2\/categories?post=16959"},{"taxonomy":"post_tag","embeddable":true,"href":"https:\/\/www.turismoaguarda.es\/en\/wp-json\/wp\/v2\/tags?post=16959"}],"curies":[{"name":"wp","href":"https:\/\/api.w.org\/{rel}","templated":true}]}}