{"id":16851,"date":"2023-07-26T13:36:14","date_gmt":"2023-07-26T11:36:14","guid":{"rendered":"https:\/\/www.turismoaguarda.es\/?p=16851"},"modified":"2023-07-26T13:41:04","modified_gmt":"2023-07-26T11:41:04","slug":"a-guarda-se-prepara-para-un-fin-de-semana-lleno-de-gastronomia-creatividad-musica-y-malabares","status":"publish","type":"post","link":"https:\/\/www.turismoaguarda.es\/en\/a-guarda-se-prepara-para-un-fin-de-semana-lleno-de-gastronomia-creatividad-musica-y-malabares\/","title":{"rendered":"A Guarda se prepara para un fin de semana lleno de gastronom\u00eda, creatividad, m\u00fasica y malabares"},"content":{"rendered":"<ul>\n<li><strong><em>La Fiesta del Pez Espada, la Mostra Creativa y un concierto de malabares son algunas de las propuestas para el pr\u00f3ximo fin de semana en Guarda.<\/em><\/strong><\/li>\n<\/ul>\n<p>&nbsp;<\/p>\n<p>A Guarda cierra el mes de julio con nuevas iniciativas para todas las edades, ORPAGU organiza la XVIII Fiesta del Pez Espada, una cita gastron\u00f3mica que ser\u00e1 inaugurada este viernes 28 de julio a las 19:00 horas en el Sal\u00f3n de Plenos del Ayuntamiento de Guarda. El evento tendr\u00e1 lugar en un total de 16 establecimientos de hosteler\u00eda del municipio que del 28 al 30 de julio ofrecer\u00e1n diferentes platos especiales elaborados con Pez Espada como la zorza, empanada, cazuela, escabeche, parrilla, entre otras preparaciones. Adem\u00e1s, el Festival incluye diferentes actividades de dinamizaci\u00f3n con talleres, exposiciones, pasarelas&#8230; toda la informaci\u00f3n se puede encontrar en la web <a href=\"https:\/\/orpagu.com\">https:\/\/orpagu.com<\/a><\/p>\n<p>Siguiendo con la programaci\u00f3n del fin de semana, este s\u00e1bado tendr\u00e1 lugar la III Mostra Creativa do Baixo Mi\u00f1o, una apuesta por el emprendimiento y por visibilizar la gran cantidad de marcas y talentos creativos que tenemos en nuestra regi\u00f3n, ya sea en la artesan\u00eda o en forma una expresi\u00f3n m\u00e1s moderna. Al igual que el a\u00f1o pasado, la Exposici\u00f3n coincidir\u00e1 en fecha con el Festival del Pez Espada, por lo que habr\u00e1 un programa conjunto de actividades que complementar\u00e1 ambos eventos. Ya son m\u00e1s de 20 las personas inscritas para esta tercera edici\u00f3n, entre ellas: Acontravento (ropa), Anxo Ferreira (canter\u00eda), Vikensen (madera), Merino Coqueta (fieltro y lana), Little Vero (ropa), Vargas Lemos (joyer\u00eda). ) , Mar.jewelrin (joyer\u00eda), Coco bisuter\u00eda (joyer\u00eda), Sapone di Principesca (cosm\u00e9tica natural), \u00c9 Fish (joyer\u00eda), Marina Alonso San Miguel (ilustraciones), Sapoconcho (ilustraciones), Complementos Tullavecord (en madera, resina, etc. .), Cuchituras design (accesorios para el pelo), La casa taller (pintura), Pazosketchbook (pintura), Luc&amp;Luc (ropa), Sil Dom\u00ednguez (ropa), Breaktime (Ilustraci\u00f3n sobre ropa) y Lana (Amigurumis).<\/p>\n<p>El pr\u00f3ximo s\u00e1bado 29 de julio a las 20:30 h. uno de los grandes eventos culturales de este verano tendr\u00e1 lugar en el Auditorio de San Benito. Un concierto donde los malabaristas ser\u00e1n los bailarines de este ballet a\u00e9reo, al ritmo de los clarinetes, saxofones y trompetas de la Agrupaci\u00f3n Musical da Guarda, que actuar\u00e1n como pintores de un cuadro expresionista en el que dibujar\u00e1n las bolas, mazas y aros. en el aire los sentimientos y emociones que transmiten la m\u00fasica y el circo. El espect\u00e1culo Concierto de Malabares es actualmente uno de los proyectos m\u00e1s originales y sugerentes del \u00e1mbito esc\u00e9nico en Galicia, concebido por la prestigiosa compa\u00f1\u00eda de circo Pistacatro, est\u00e1 dise\u00f1ado para ser disfrutado por p\u00fablicos de todas las edades, albergando un especial valor familiar y educativo debido al contenido pedag\u00f3gico que inspira todo el proyecto. Sin duda, la emoci\u00f3n y la diversi\u00f3n est\u00e1n aseguradas, para ni\u00f1os, adultos, mel\u00f3manos, para pasar un buen rato y sobre todo para todo lo que est\u00e1 abierto. Este espect\u00e1culo est\u00e1 parcialmente financiado por el programa \u201cCULTURA EN CAMINO 2023\u201d de AGADIC-JUNTA DE GALICIA y para hacerse realidad ha requerido del trabajo conjunto de la compa\u00f1\u00eda Pistacatro y la Agrupaci\u00f3n Musical de Guarda, que se remonta a principios de 2023.<\/p>\n<p>El Padroado Municipal de Santa Trega ofrece una temporada m\u00e1s visitas guiadas al Castro Santa Trega para que visitantes y vecinos puedan conocer mejor el valor arqueol\u00f3gico de esta monta\u00f1a. Para los meses de mayor afluencia, julio y agosto, la oferta se ampl\u00eda con visitas de martes a domingo y 4 turnos al d\u00eda (12:00, 13:00, 18:00 y 19:00h). De esta manera, los visitantes interesados \u200b\u200btendr\u00e1n la oportunidad de conocer la cultura castre\u00f1a y nuestro paisaje. Solo hay que estar puntual en el punto de encuentro (antigua casa forestal). Para cualquier duda, puede consultar directamente en el Museo Arqueol\u00f3gico en el tel. 690.01.70.38 (tambi\u00e9n WhapsApp) o un correo electr\u00f3nico a masat@aguarda.es. La visita guiada es gratuita, pero quienes accedan al Monte Santa Trega en veh\u00edculo deber\u00e1n pagar el precio del p\u00fablico.<\/p>\n<p>La duraci\u00f3n aproximada es de 45 minutos y el punto de encuentro es el parking de Casa Forestal desde donde comenzar\u00e1s esta bonita ruta por el interior del fuerte excavado.<\/p>\n<p>El pasado 18 de julio se inaugur\u00f3 en la Casa dos Alonso la Exposici\u00f3n de Pintura &#8220;Cuatro Doctores Pintores en A Guarda&#8221;, una exposici\u00f3n que recoge diferentes trabajos pict\u00f3ricos de cuatro compa\u00f1eros que tambi\u00e9n comparten su pasi\u00f3n por el arte. En \u00e9l se pueden observar distintas formas de entender y encarnar las variadas percepciones de sus actores, Leopoldo Garc\u00eda, Pablo Galego, Jes\u00fas V\u00e1zquez y Tino Cuesta. La Exposici\u00f3n &#8220;Cuatro doctores pintores en A Guarda&#8221; estar\u00e1 abierta al p\u00fablico hasta el 31 de julio en horario de 9:00 a 14:00 horas de lunes a viernes.<\/p>\n<p>El Ayuntamiento de Guarda colabora un a\u00f1o m\u00e1s con la Asociaci\u00f3n Piueiro y durante los meses de verano ofrecer\u00e1n paseos en velero gratuitos por la costa con el Volanteiro Piueiro para aquellos que quieran conocer este velero que incluir\u00e1 tambi\u00e9n la navegaci\u00f3n por el exterior del puerto. El plazo de inscripci\u00f3n se abrir\u00e1 el domingo anterior a las salidas de esa misma semana y se podr\u00e1 realizar presencialmente en la Oficina de Turismo, a trav\u00e9s del correo electr\u00f3nico aguarda.oficina.turismo@gmail.com o llamando al 986 61 45 46 a partir de las 10:00 horas. Domingo apertura.<\/p>\n<p style=\"text-align: center;\"><a href=\"https:\/\/www.turismoaguarda.es\/a-guarda-se-prepara-para-un-fin-de-semana-lleno-de-gastronomia-creatividad-musica-y-malabares\/np-26072023-fin-de-semana\/\" rel=\"attachment wp-att-16852\"><img loading=\"lazy\" decoding=\"async\" class=\"alignleft size-full wp-image-16852\" src=\"https:\/\/www.turismoaguarda.es\/wp-content\/uploads\/2023\/07\/NP-26072023-FIN-DE-SEMANA.jpg\" alt=\"A Guarda se prepara para un fin de semana lleno de gastronom\u00eda, creatividad, m\u00fasica y malabares\" width=\"800\" height=\"800\" srcset=\"https:\/\/www.turismoaguarda.es\/wp-content\/uploads\/2023\/07\/NP-26072023-FIN-DE-SEMANA.jpg 800w, https:\/\/www.turismoaguarda.es\/wp-content\/uploads\/2023\/07\/NP-26072023-FIN-DE-SEMANA-300x300.jpg 300w, https:\/\/www.turismoaguarda.es\/wp-content\/uploads\/2023\/07\/NP-26072023-FIN-DE-SEMANA-150x150.jpg 150w, https:\/\/www.turismoaguarda.es\/wp-content\/uploads\/2023\/07\/NP-26072023-FIN-DE-SEMANA-768x768.jpg 768w, https:\/\/www.turismoaguarda.es\/wp-content\/uploads\/2023\/07\/NP-26072023-FIN-DE-SEMANA-500x500.jpg 500w\" sizes=\"auto, (max-width: 800px) 100vw, 800px\" \/><\/a><\/p>\n","protected":false},"excerpt":{"rendered":"<p>La Fiesta del Pez Espada, la Mostra Creativa y un concierto de malabares son algunas de las propuestas para el pr\u00f3ximo fin de semana en Guarda. &nbsp; A Guarda cierra el mes de julio con nuevas iniciativas para todas las edades, ORPAGU organiza la XVIII Fiesta del Pez Espada, una cita gastron\u00f3mica que ser\u00e1 inaugurada<\/p>\n<div class=\"padding-top text-center\"><a href=\"https:\/\/www.turismoaguarda.es\/en\/a-guarda-se-prepara-para-un-fin-de-semana-lleno-de-gastronomia-creatividad-musica-y-malabares\/\" class=\"atbtn atbtn--medium atbtn--rounded atbtn--transparent\">Read more<i class=\"atbtn__icon atbtn__icon--right fa fa-long-arrow-right\"><\/i><\/a><\/div>\n","protected":false},"author":11,"featured_media":16852,"comment_status":"open","ping_status":"open","sticky":false,"template":"","format":"standard","meta":{"footnotes":""},"categories":[44],"tags":[169,1219,168,192],"class_list":["post-16851","post","type-post","status-publish","format-standard","has-post-thumbnail","hentry","category-noticias-turismo","tag-a-guarda","tag-programacion-2","tag-turismo","tag-verano"],"yoast_head":"<!-- This site is optimized with the Yoast SEO plugin v27.5 - https:\/\/yoast.com\/product\/yoast-seo-wordpress\/ -->\n<title>A Guarda se prepara para un fin de semana lleno de gastronom\u00eda, creatividad, m\u00fasica y malabares | Turismo A Guarda<\/title>\n<meta name=\"description\" content=\"\u2022 La Fiesta del Pez Espada, la Mostra Creativa y un concierto de malabares son algunas de las propuestas para el pr\u00f3ximo fin de semana en Guarda.\" \/>\n<meta name=\"robots\" content=\"index, follow, max-snippet:-1, max-image-preview:large, max-video-preview:-1\" \/>\n<link rel=\"canonical\" href=\"https:\/\/www.turismoaguarda.es\/a-guarda-se-prepara-para-un-fin-de-semana-lleno-de-gastronomia-creatividad-musica-y-malabares\/\" \/>\n<meta property=\"og:locale\" content=\"en_US\" \/>\n<meta property=\"og:type\" content=\"article\" \/>\n<meta property=\"og:title\" content=\"A Guarda se prepara para un fin de semana lleno de gastronom\u00eda, creatividad, m\u00fasica y malabares | Turismo A Guarda\" \/>\n<meta property=\"og:description\" content=\"\u2022 La Fiesta del Pez Espada, la Mostra Creativa y un concierto de malabares son algunas de las propuestas para el pr\u00f3ximo fin de semana en Guarda.\" \/>\n<meta property=\"og:url\" content=\"https:\/\/www.turismoaguarda.es\/a-guarda-se-prepara-para-un-fin-de-semana-lleno-de-gastronomia-creatividad-musica-y-malabares\/\" \/>\n<meta property=\"og:site_name\" content=\"Turismo A Guarda\" \/>\n<meta property=\"article:publisher\" content=\"https:\/\/es-es.facebook.com\/Turismo-A-Guarda-126223240790625\/\" \/>\n<meta property=\"article:published_time\" content=\"2023-07-26T11:36:14+00:00\" \/>\n<meta property=\"article:modified_time\" content=\"2023-07-26T11:41:04+00:00\" \/>\n<meta property=\"og:image\" content=\"https:\/\/www.turismoaguarda.es\/wp-content\/uploads\/2023\/07\/NP-26072023-FIN-DE-SEMANA.jpg\" \/>\n\t<meta property=\"og:image:width\" content=\"800\" \/>\n\t<meta property=\"og:image:height\" content=\"800\" \/>\n\t<meta property=\"og:image:type\" content=\"image\/jpeg\" \/>\n<meta name=\"author\" content=\"Prensa A Guarda\" \/>\n<meta name=\"twitter:card\" content=\"summary_large_image\" \/>\n<meta name=\"twitter:creator\" content=\"@TurismoAGuarda\" \/>\n<meta name=\"twitter:site\" content=\"@TurismoAGuarda\" \/>\n<meta name=\"twitter:label1\" content=\"Written by\" \/>\n\t<meta name=\"twitter:data1\" content=\"Prensa A Guarda\" \/>\n\t<meta name=\"twitter:label2\" content=\"Est. reading time\" \/>\n\t<meta name=\"twitter:data2\" content=\"4 minutes\" \/>\n<script type=\"application\/ld+json\" class=\"yoast-schema-graph\">{\"@context\":\"https:\\\/\\\/schema.org\",\"@graph\":[{\"@type\":\"Article\",\"@id\":\"https:\\\/\\\/www.turismoaguarda.es\\\/a-guarda-se-prepara-para-un-fin-de-semana-lleno-de-gastronomia-creatividad-musica-y-malabares\\\/#article\",\"isPartOf\":{\"@id\":\"https:\\\/\\\/www.turismoaguarda.es\\\/a-guarda-se-prepara-para-un-fin-de-semana-lleno-de-gastronomia-creatividad-musica-y-malabares\\\/\"},\"author\":{\"name\":\"Prensa A Guarda\",\"@id\":\"https:\\\/\\\/www.turismoaguarda.es\\\/#\\\/schema\\\/person\\\/a8b0c27ad7bcbb6c19799e934727508e\"},\"headline\":\"A Guarda se prepara para un fin de semana lleno de gastronom\u00eda, creatividad, m\u00fasica y malabares\",\"datePublished\":\"2023-07-26T11:36:14+00:00\",\"dateModified\":\"2023-07-26T11:41:04+00:00\",\"mainEntityOfPage\":{\"@id\":\"https:\\\/\\\/www.turismoaguarda.es\\\/a-guarda-se-prepara-para-un-fin-de-semana-lleno-de-gastronomia-creatividad-musica-y-malabares\\\/\"},\"wordCount\":944,\"commentCount\":0,\"image\":{\"@id\":\"https:\\\/\\\/www.turismoaguarda.es\\\/a-guarda-se-prepara-para-un-fin-de-semana-lleno-de-gastronomia-creatividad-musica-y-malabares\\\/#primaryimage\"},\"thumbnailUrl\":\"https:\\\/\\\/www.turismoaguarda.es\\\/wp-content\\\/uploads\\\/2023\\\/07\\\/NP-26072023-FIN-DE-SEMANA.jpg\",\"keywords\":[\"A Guarda\",\"Programaci\u00f3n\",\"turismo\",\"verano\"],\"articleSection\":[\"Noticias Turismo\"],\"inLanguage\":\"en-US\",\"potentialAction\":[{\"@type\":\"CommentAction\",\"name\":\"Comment\",\"target\":[\"https:\\\/\\\/www.turismoaguarda.es\\\/a-guarda-se-prepara-para-un-fin-de-semana-lleno-de-gastronomia-creatividad-musica-y-malabares\\\/#respond\"]}]},{\"@type\":\"WebPage\",\"@id\":\"https:\\\/\\\/www.turismoaguarda.es\\\/a-guarda-se-prepara-para-un-fin-de-semana-lleno-de-gastronomia-creatividad-musica-y-malabares\\\/\",\"url\":\"https:\\\/\\\/www.turismoaguarda.es\\\/a-guarda-se-prepara-para-un-fin-de-semana-lleno-de-gastronomia-creatividad-musica-y-malabares\\\/\",\"name\":\"A Guarda se prepara para un fin de semana lleno de gastronom\u00eda, creatividad, m\u00fasica y malabares | Turismo A Guarda\",\"isPartOf\":{\"@id\":\"https:\\\/\\\/www.turismoaguarda.es\\\/#website\"},\"primaryImageOfPage\":{\"@id\":\"https:\\\/\\\/www.turismoaguarda.es\\\/a-guarda-se-prepara-para-un-fin-de-semana-lleno-de-gastronomia-creatividad-musica-y-malabares\\\/#primaryimage\"},\"image\":{\"@id\":\"https:\\\/\\\/www.turismoaguarda.es\\\/a-guarda-se-prepara-para-un-fin-de-semana-lleno-de-gastronomia-creatividad-musica-y-malabares\\\/#primaryimage\"},\"thumbnailUrl\":\"https:\\\/\\\/www.turismoaguarda.es\\\/wp-content\\\/uploads\\\/2023\\\/07\\\/NP-26072023-FIN-DE-SEMANA.jpg\",\"datePublished\":\"2023-07-26T11:36:14+00:00\",\"dateModified\":\"2023-07-26T11:41:04+00:00\",\"author\":{\"@id\":\"https:\\\/\\\/www.turismoaguarda.es\\\/#\\\/schema\\\/person\\\/a8b0c27ad7bcbb6c19799e934727508e\"},\"description\":\"\u2022 La Fiesta del Pez Espada, la Mostra Creativa y un concierto de malabares son algunas de las propuestas para el pr\u00f3ximo fin de semana en Guarda.\",\"breadcrumb\":{\"@id\":\"https:\\\/\\\/www.turismoaguarda.es\\\/a-guarda-se-prepara-para-un-fin-de-semana-lleno-de-gastronomia-creatividad-musica-y-malabares\\\/#breadcrumb\"},\"inLanguage\":\"en-US\",\"potentialAction\":[{\"@type\":\"ReadAction\",\"target\":[\"https:\\\/\\\/www.turismoaguarda.es\\\/a-guarda-se-prepara-para-un-fin-de-semana-lleno-de-gastronomia-creatividad-musica-y-malabares\\\/\"]}]},{\"@type\":\"ImageObject\",\"inLanguage\":\"en-US\",\"@id\":\"https:\\\/\\\/www.turismoaguarda.es\\\/a-guarda-se-prepara-para-un-fin-de-semana-lleno-de-gastronomia-creatividad-musica-y-malabares\\\/#primaryimage\",\"url\":\"https:\\\/\\\/www.turismoaguarda.es\\\/wp-content\\\/uploads\\\/2023\\\/07\\\/NP-26072023-FIN-DE-SEMANA.jpg\",\"contentUrl\":\"https:\\\/\\\/www.turismoaguarda.es\\\/wp-content\\\/uploads\\\/2023\\\/07\\\/NP-26072023-FIN-DE-SEMANA.jpg\",\"width\":800,\"height\":800,\"caption\":\"A Guarda se prepara para un fin de semana lleno de gastronom\u00eda, creatividad, m\u00fasica y malabares\"},{\"@type\":\"BreadcrumbList\",\"@id\":\"https:\\\/\\\/www.turismoaguarda.es\\\/a-guarda-se-prepara-para-un-fin-de-semana-lleno-de-gastronomia-creatividad-musica-y-malabares\\\/#breadcrumb\",\"itemListElement\":[{\"@type\":\"ListItem\",\"position\":1,\"name\":\"Portada\",\"item\":\"https:\\\/\\\/www.turismoaguarda.es\\\/en\\\/\"},{\"@type\":\"ListItem\",\"position\":2,\"name\":\"A Guarda se prepara para un fin de semana lleno de gastronom\u00eda, creatividad, m\u00fasica y malabares\"}]},{\"@type\":\"WebSite\",\"@id\":\"https:\\\/\\\/www.turismoaguarda.es\\\/#website\",\"url\":\"https:\\\/\\\/www.turismoaguarda.es\\\/\",\"name\":\"Turismo A Guarda\",\"description\":\"Informaci\u00f3n tur\u00edstica de A Guarda y alrededores.\",\"potentialAction\":[{\"@type\":\"SearchAction\",\"target\":{\"@type\":\"EntryPoint\",\"urlTemplate\":\"https:\\\/\\\/www.turismoaguarda.es\\\/?s={search_term_string}\"},\"query-input\":{\"@type\":\"PropertyValueSpecification\",\"valueRequired\":true,\"valueName\":\"search_term_string\"}}],\"inLanguage\":\"en-US\"},{\"@type\":\"Person\",\"@id\":\"https:\\\/\\\/www.turismoaguarda.es\\\/#\\\/schema\\\/person\\\/a8b0c27ad7bcbb6c19799e934727508e\",\"name\":\"Prensa A Guarda\",\"image\":{\"@type\":\"ImageObject\",\"inLanguage\":\"en-US\",\"@id\":\"https:\\\/\\\/secure.gravatar.com\\\/avatar\\\/387e117f874ba5d0a3439060b45d914395d77287b2e4890a49d1599fc3ef9189?s=96&d=mm&r=g\",\"url\":\"https:\\\/\\\/secure.gravatar.com\\\/avatar\\\/387e117f874ba5d0a3439060b45d914395d77287b2e4890a49d1599fc3ef9189?s=96&d=mm&r=g\",\"contentUrl\":\"https:\\\/\\\/secure.gravatar.com\\\/avatar\\\/387e117f874ba5d0a3439060b45d914395d77287b2e4890a49d1599fc3ef9189?s=96&d=mm&r=g\",\"caption\":\"Prensa A Guarda\"},\"url\":\"https:\\\/\\\/www.turismoaguarda.es\\\/en\\\/author\\\/prensa\\\/\"}]}<\/script>\n<!-- \/ Yoast SEO plugin. -->","yoast_head_json":{"title":"A Guarda se prepara para un fin de semana lleno de gastronom\u00eda, creatividad, m\u00fasica y malabares | Turismo A Guarda","description":"\u2022 La Fiesta del Pez Espada, la Mostra Creativa y un concierto de malabares son algunas de las propuestas para el pr\u00f3ximo fin de semana en Guarda.","robots":{"index":"index","follow":"follow","max-snippet":"max-snippet:-1","max-image-preview":"max-image-preview:large","max-video-preview":"max-video-preview:-1"},"canonical":"https:\/\/www.turismoaguarda.es\/a-guarda-se-prepara-para-un-fin-de-semana-lleno-de-gastronomia-creatividad-musica-y-malabares\/","og_locale":"en_US","og_type":"article","og_title":"A Guarda se prepara para un fin de semana lleno de gastronom\u00eda, creatividad, m\u00fasica y malabares | Turismo A Guarda","og_description":"\u2022 La Fiesta del Pez Espada, la Mostra Creativa y un concierto de malabares son algunas de las propuestas para el pr\u00f3ximo fin de semana en Guarda.","og_url":"https:\/\/www.turismoaguarda.es\/a-guarda-se-prepara-para-un-fin-de-semana-lleno-de-gastronomia-creatividad-musica-y-malabares\/","og_site_name":"Turismo A Guarda","article_publisher":"https:\/\/es-es.facebook.com\/Turismo-A-Guarda-126223240790625\/","article_published_time":"2023-07-26T11:36:14+00:00","article_modified_time":"2023-07-26T11:41:04+00:00","og_image":[{"width":800,"height":800,"url":"https:\/\/www.turismoaguarda.es\/wp-content\/uploads\/2023\/07\/NP-26072023-FIN-DE-SEMANA.jpg","type":"image\/jpeg"}],"author":"Prensa A Guarda","twitter_card":"summary_large_image","twitter_creator":"@TurismoAGuarda","twitter_site":"@TurismoAGuarda","twitter_misc":{"Written by":"Prensa A Guarda","Est. reading time":"4 minutes"},"schema":{"@context":"https:\/\/schema.org","@graph":[{"@type":"Article","@id":"https:\/\/www.turismoaguarda.es\/a-guarda-se-prepara-para-un-fin-de-semana-lleno-de-gastronomia-creatividad-musica-y-malabares\/#article","isPartOf":{"@id":"https:\/\/www.turismoaguarda.es\/a-guarda-se-prepara-para-un-fin-de-semana-lleno-de-gastronomia-creatividad-musica-y-malabares\/"},"author":{"name":"Prensa A Guarda","@id":"https:\/\/www.turismoaguarda.es\/#\/schema\/person\/a8b0c27ad7bcbb6c19799e934727508e"},"headline":"A Guarda se prepara para un fin de semana lleno de gastronom\u00eda, creatividad, m\u00fasica y malabares","datePublished":"2023-07-26T11:36:14+00:00","dateModified":"2023-07-26T11:41:04+00:00","mainEntityOfPage":{"@id":"https:\/\/www.turismoaguarda.es\/a-guarda-se-prepara-para-un-fin-de-semana-lleno-de-gastronomia-creatividad-musica-y-malabares\/"},"wordCount":944,"commentCount":0,"image":{"@id":"https:\/\/www.turismoaguarda.es\/a-guarda-se-prepara-para-un-fin-de-semana-lleno-de-gastronomia-creatividad-musica-y-malabares\/#primaryimage"},"thumbnailUrl":"https:\/\/www.turismoaguarda.es\/wp-content\/uploads\/2023\/07\/NP-26072023-FIN-DE-SEMANA.jpg","keywords":["A Guarda","Programaci\u00f3n","turismo","verano"],"articleSection":["Noticias Turismo"],"inLanguage":"en-US","potentialAction":[{"@type":"CommentAction","name":"Comment","target":["https:\/\/www.turismoaguarda.es\/a-guarda-se-prepara-para-un-fin-de-semana-lleno-de-gastronomia-creatividad-musica-y-malabares\/#respond"]}]},{"@type":"WebPage","@id":"https:\/\/www.turismoaguarda.es\/a-guarda-se-prepara-para-un-fin-de-semana-lleno-de-gastronomia-creatividad-musica-y-malabares\/","url":"https:\/\/www.turismoaguarda.es\/a-guarda-se-prepara-para-un-fin-de-semana-lleno-de-gastronomia-creatividad-musica-y-malabares\/","name":"A Guarda se prepara para un fin de semana lleno de gastronom\u00eda, creatividad, m\u00fasica y malabares | Turismo A Guarda","isPartOf":{"@id":"https:\/\/www.turismoaguarda.es\/#website"},"primaryImageOfPage":{"@id":"https:\/\/www.turismoaguarda.es\/a-guarda-se-prepara-para-un-fin-de-semana-lleno-de-gastronomia-creatividad-musica-y-malabares\/#primaryimage"},"image":{"@id":"https:\/\/www.turismoaguarda.es\/a-guarda-se-prepara-para-un-fin-de-semana-lleno-de-gastronomia-creatividad-musica-y-malabares\/#primaryimage"},"thumbnailUrl":"https:\/\/www.turismoaguarda.es\/wp-content\/uploads\/2023\/07\/NP-26072023-FIN-DE-SEMANA.jpg","datePublished":"2023-07-26T11:36:14+00:00","dateModified":"2023-07-26T11:41:04+00:00","author":{"@id":"https:\/\/www.turismoaguarda.es\/#\/schema\/person\/a8b0c27ad7bcbb6c19799e934727508e"},"description":"\u2022 La Fiesta del Pez Espada, la Mostra Creativa y un concierto de malabares son algunas de las propuestas para el pr\u00f3ximo fin de semana en Guarda.","breadcrumb":{"@id":"https:\/\/www.turismoaguarda.es\/a-guarda-se-prepara-para-un-fin-de-semana-lleno-de-gastronomia-creatividad-musica-y-malabares\/#breadcrumb"},"inLanguage":"en-US","potentialAction":[{"@type":"ReadAction","target":["https:\/\/www.turismoaguarda.es\/a-guarda-se-prepara-para-un-fin-de-semana-lleno-de-gastronomia-creatividad-musica-y-malabares\/"]}]},{"@type":"ImageObject","inLanguage":"en-US","@id":"https:\/\/www.turismoaguarda.es\/a-guarda-se-prepara-para-un-fin-de-semana-lleno-de-gastronomia-creatividad-musica-y-malabares\/#primaryimage","url":"https:\/\/www.turismoaguarda.es\/wp-content\/uploads\/2023\/07\/NP-26072023-FIN-DE-SEMANA.jpg","contentUrl":"https:\/\/www.turismoaguarda.es\/wp-content\/uploads\/2023\/07\/NP-26072023-FIN-DE-SEMANA.jpg","width":800,"height":800,"caption":"A Guarda se prepara para un fin de semana lleno de gastronom\u00eda, creatividad, m\u00fasica y malabares"},{"@type":"BreadcrumbList","@id":"https:\/\/www.turismoaguarda.es\/a-guarda-se-prepara-para-un-fin-de-semana-lleno-de-gastronomia-creatividad-musica-y-malabares\/#breadcrumb","itemListElement":[{"@type":"ListItem","position":1,"name":"Portada","item":"https:\/\/www.turismoaguarda.es\/en\/"},{"@type":"ListItem","position":2,"name":"A Guarda se prepara para un fin de semana lleno de gastronom\u00eda, creatividad, m\u00fasica y malabares"}]},{"@type":"WebSite","@id":"https:\/\/www.turismoaguarda.es\/#website","url":"https:\/\/www.turismoaguarda.es\/","name":"Turismo A Guarda","description":"Informaci\u00f3n tur\u00edstica de A Guarda y alrededores.","potentialAction":[{"@type":"SearchAction","target":{"@type":"EntryPoint","urlTemplate":"https:\/\/www.turismoaguarda.es\/?s={search_term_string}"},"query-input":{"@type":"PropertyValueSpecification","valueRequired":true,"valueName":"search_term_string"}}],"inLanguage":"en-US"},{"@type":"Person","@id":"https:\/\/www.turismoaguarda.es\/#\/schema\/person\/a8b0c27ad7bcbb6c19799e934727508e","name":"Prensa A Guarda","image":{"@type":"ImageObject","inLanguage":"en-US","@id":"https:\/\/secure.gravatar.com\/avatar\/387e117f874ba5d0a3439060b45d914395d77287b2e4890a49d1599fc3ef9189?s=96&d=mm&r=g","url":"https:\/\/secure.gravatar.com\/avatar\/387e117f874ba5d0a3439060b45d914395d77287b2e4890a49d1599fc3ef9189?s=96&d=mm&r=g","contentUrl":"https:\/\/secure.gravatar.com\/avatar\/387e117f874ba5d0a3439060b45d914395d77287b2e4890a49d1599fc3ef9189?s=96&d=mm&r=g","caption":"Prensa A Guarda"},"url":"https:\/\/www.turismoaguarda.es\/en\/author\/prensa\/"}]}},"_links":{"self":[{"href":"https:\/\/www.turismoaguarda.es\/en\/wp-json\/wp\/v2\/posts\/16851","targetHints":{"allow":["GET"]}}],"collection":[{"href":"https:\/\/www.turismoaguarda.es\/en\/wp-json\/wp\/v2\/posts"}],"about":[{"href":"https:\/\/www.turismoaguarda.es\/en\/wp-json\/wp\/v2\/types\/post"}],"author":[{"embeddable":true,"href":"https:\/\/www.turismoaguarda.es\/en\/wp-json\/wp\/v2\/users\/11"}],"replies":[{"embeddable":true,"href":"https:\/\/www.turismoaguarda.es\/en\/wp-json\/wp\/v2\/comments?post=16851"}],"version-history":[{"count":3,"href":"https:\/\/www.turismoaguarda.es\/en\/wp-json\/wp\/v2\/posts\/16851\/revisions"}],"predecessor-version":[{"id":16860,"href":"https:\/\/www.turismoaguarda.es\/en\/wp-json\/wp\/v2\/posts\/16851\/revisions\/16860"}],"wp:featuredmedia":[{"embeddable":true,"href":"https:\/\/www.turismoaguarda.es\/en\/wp-json\/wp\/v2\/media\/16852"}],"wp:attachment":[{"href":"https:\/\/www.turismoaguarda.es\/en\/wp-json\/wp\/v2\/media?parent=16851"}],"wp:term":[{"taxonomy":"category","embeddable":true,"href":"https:\/\/www.turismoaguarda.es\/en\/wp-json\/wp\/v2\/categories?post=16851"},{"taxonomy":"post_tag","embeddable":true,"href":"https:\/\/www.turismoaguarda.es\/en\/wp-json\/wp\/v2\/tags?post=16851"}],"curies":[{"name":"wp","href":"https:\/\/api.w.org\/{rel}","templated":true}]}}