{"id":16507,"date":"2023-04-15T10:46:36","date_gmt":"2023-04-15T08:46:36","guid":{"rendered":"https:\/\/www.turismoaguarda.es\/?p=16507"},"modified":"2023-04-15T10:46:36","modified_gmt":"2023-04-15T08:46:36","slug":"a-guarda-acogio-la-primera-barferencia-de-la-primavera-2023","status":"publish","type":"post","link":"https:\/\/www.turismoaguarda.es\/en\/a-guarda-acogio-la-primera-barferencia-de-la-primavera-2023\/","title":{"rendered":"A Guarda acogi\u00f3 la primera Barferencia de la Primavera 2023"},"content":{"rendered":"<ul>\n<li><strong><em>Se celebr\u00f3 el pasado viernes 14 de abril en el Bar-Restaurante O Couto de Camposancos, con una excepcional acogida de p\u00fablico.<\/em><\/strong><\/li>\n<li><strong><em>Para la concejala de cultura Montse Magallanes, las Barferencias \u201crepresentan una forma muy interesante de difundir el patrimonio de nuestra localidad, a trav\u00e9s de este formato acercamos la historia y el patrimonio de La Guarda a nuestros vecinos de una manera l\u00fadica y participativa, donde el encuentro y la transmisi\u00f3n del conocimiento de los hablantes&#8221;.<\/em><\/strong><\/li>\n<\/ul>\n<p>&nbsp;<\/p>\n<p>Un nuevo programa de conferencias de barra arranc\u00f3 este viernes en el Bar-Restaurante O Couto de Camposancos en la jornada de este viernes 14 de abril, una muy buena oportunidad para ampliar informaci\u00f3n sobre los \u00faltimos trabajos arqueol\u00f3gicos e investigaciones hist\u00f3ricas realizadas en Guarda y que han tenido una acogida excepcional del p\u00fablico<\/p>\n<p>&nbsp;<\/p>\n<p>Brais X. Curr\u00e1s y Eduardo Gonz\u00e1lez G\u00f3mez de Ag\u00fcero presentaron ante m\u00e1s de 50 asistentes los resultados del estudio del concheiro de Castro Santa Trega, tras la intervenci\u00f3n realizada en 2019. Los concheiros, que son los vertederos de los fuertes, proporcionan una gran cantidad de informaci\u00f3n sobre la vida de los fuertes, al acumular desechos y facilitar la conservaci\u00f3n de herramientas y otro tipo de restos como huesos, joyas, etc.<\/p>\n<p>&nbsp;<\/p>\n<p>El Concheiro habla de la alimentaci\u00f3n de los habitantes de Castro Santa Trega a trav\u00e9s de restos de animales, pescados y mariscos, sus relaciones socioecon\u00f3micas, a trav\u00e9s de restos de ropa, armamento, joyas defectuosas, etc. La barferencia se complement\u00f3 con la intervenci\u00f3n de \u00d3scar Garc\u00eda Vuelta, que habl\u00f3 en concreto del estudio de la orfebrer\u00eda a ra\u00edz de los restos encontrados en el concheiro.<\/p>\n<p>&nbsp;<\/p>\n<p>Para la concejala de cultura Montse Magallanes, las Barferencias \u201crepresentan una forma muy interesante de difundir el patrimonio de nuestra localidad, a trav\u00e9s de este formato acercamos la historia y el patrimonio de La Guarda a nuestros vecinos de una manera l\u00fadica y participativa, donde el encuentro y la transmisi\u00f3n del conocimiento de los hablantes&#8221;.<\/p>\n<p>&nbsp;<\/p>\n<p>As\u00ed, a raz\u00f3n de una barferancia al mes, esta primavera podremos conocer las conclusiones, resultados y relaciones con el resto de casos gallegos y peninsulares de nuestro pasado prehist\u00f3rico y medieval.<\/p>\n<p>&nbsp;<\/p>\n<p>Para el 11 de mayo en el Restaurante Os Remos a las 20:00h. Daremos un salto al pasado medieval de nuestro pueblo, para conocer m\u00e1s a fondo la muralla de la que a\u00fan se conserva un buen lienzo en la calle Muro y que recientemente dataron y estudiaron Rebeca Blanco-Rotea y Francisco Alonso Toucido. Rebeca Blanco es investigadora principal de la Universidade do Minho, y uno de los mayores referentes en arqueolog\u00eda de la arquitectura y el paisaje, habiendo estudiado en profundidad, a trav\u00e9s de su tesis doctoral y trabajos posteriores, el paisaje fortificado de la frontera gallego-portuguesa en el contexto de la Guerra de la Restauraci\u00f3n (1640-1668). Francisco Alonso, por su parte, es investigador de la Universidad de Santiago de Compostela, en el Departamento de Historia I, especialista en cer\u00e1mica medieval y arqueolog\u00eda medieval.<\/p>\n<p>&nbsp;<\/p>\n<p>Finalmente, el 2 de junio a las 20:30 horas tendremos la \u00faltima cita dedicada en el restaurante Casa de la Abuela, donde Luis F. L\u00f3pez Gonz\u00e1lez, arque\u00f3logo responsable de la restauraci\u00f3n tanto del sector Mergelina (2018) como de la puerta norte de la muralla del Castro Santa Trega m\u00e1s recientemente, hablaremos de los sistemas constructivos empleados en los muros de los castros, prestando especial atenci\u00f3n a los accesos como lugares m\u00e1s destacados de los castros.<\/p>\n<p><strong>PROGRAMA \u201cBARFERENCIAS 2023\u201d<\/strong><\/p>\n<p>&nbsp;<\/p>\n<p><strong>JUEVES 11 DE MAYO<\/strong><\/p>\n<p><strong>&#8220;\u00bfCu\u00e1l es el origen de la antigua muralla de Guarda?&#8221;<\/strong>, de Rebeca Blanco-Rotea y Francisco Alonso Toucido<\/p>\n<p>8:00 pm. Restaurante Os Remos<\/p>\n<p>&nbsp;<\/p>\n<p><strong>VIERNES 2 DE JUNIO<\/strong><\/p>\n<p><strong>&#8220;Los muros de los fuertes: maquetas, reconstrucciones e interpretaciones&#8221;<\/strong> de Luis F. L\u00f3pez Gonz\u00e1lez<\/p>\n<p>8:00 pm. Restaurante Casa de la Abuela<\/p>\n","protected":false},"excerpt":{"rendered":"<p>Se celebr\u00f3 el pasado viernes 14 de abril en el Bar-Restaurante O Couto de Camposancos, con una excepcional acogida de p\u00fablico. Para la concejala de cultura Montse Magallanes, las Barferencias \u201crepresentan una forma muy interesante de difundir el patrimonio de nuestra localidad, a trav\u00e9s de este formato acercamos la historia y el patrimonio de La<\/p>\n<div class=\"padding-top text-center\"><a href=\"https:\/\/www.turismoaguarda.es\/en\/a-guarda-acogio-la-primera-barferencia-de-la-primavera-2023\/\" class=\"atbtn atbtn--medium atbtn--rounded atbtn--transparent\">Read more<i class=\"atbtn__icon atbtn__icon--right fa fa-long-arrow-right\"><\/i><\/a><\/div>\n","protected":false},"author":11,"featured_media":0,"comment_status":"open","ping_status":"open","sticky":false,"template":"","format":"standard","meta":{"footnotes":""},"categories":[44],"tags":[169,352],"class_list":["post-16507","post","type-post","status-publish","format-standard","hentry","category-noticias-turismo","tag-a-guarda","tag-barferencias"],"yoast_head":"<!-- This site is optimized with the Yoast SEO plugin v27.5 - https:\/\/yoast.com\/product\/yoast-seo-wordpress\/ -->\n<title>A Guarda acogi\u00f3 la primera Barferencia de la Primavera 2023 | Turismo A Guarda<\/title>\n<meta name=\"description\" content=\"Se celebr\u00f3 el pasado viernes 14 de abril en el Bar-Restaurante O Couto de Camposancos, con una excepcional acogida de p\u00fablico.\" \/>\n<meta name=\"robots\" content=\"index, follow, max-snippet:-1, max-image-preview:large, max-video-preview:-1\" \/>\n<link rel=\"canonical\" href=\"https:\/\/www.turismoaguarda.es\/a-guarda-acogio-la-primera-barferencia-de-la-primavera-2023\/\" \/>\n<meta property=\"og:locale\" content=\"en_US\" \/>\n<meta property=\"og:type\" content=\"article\" \/>\n<meta property=\"og:title\" content=\"A Guarda acogi\u00f3 la primera Barferencia de la Primavera 2023 | Turismo A Guarda\" \/>\n<meta property=\"og:description\" content=\"Se celebr\u00f3 el pasado viernes 14 de abril en el Bar-Restaurante O Couto de Camposancos, con una excepcional acogida de p\u00fablico.\" \/>\n<meta property=\"og:url\" content=\"https:\/\/www.turismoaguarda.es\/a-guarda-acogio-la-primera-barferencia-de-la-primavera-2023\/\" \/>\n<meta property=\"og:site_name\" content=\"Turismo A Guarda\" \/>\n<meta property=\"article:publisher\" content=\"https:\/\/es-es.facebook.com\/Turismo-A-Guarda-126223240790625\/\" \/>\n<meta property=\"article:published_time\" content=\"2023-04-15T08:46:36+00:00\" \/>\n<meta property=\"og:image\" content=\"https:\/\/www.turismoaguarda.es\/wp-content\/uploads\/2023\/04\/NP-15042023-BARFERENCIA-O-COUTO.jpg\" \/>\n\t<meta property=\"og:image:width\" content=\"800\" \/>\n\t<meta property=\"og:image:height\" content=\"800\" \/>\n\t<meta property=\"og:image:type\" content=\"image\/jpeg\" \/>\n<meta name=\"author\" content=\"Prensa A Guarda\" \/>\n<meta name=\"twitter:card\" content=\"summary_large_image\" \/>\n<meta name=\"twitter:creator\" content=\"@TurismoAGuarda\" \/>\n<meta name=\"twitter:site\" content=\"@TurismoAGuarda\" \/>\n<meta name=\"twitter:label1\" content=\"Written by\" \/>\n\t<meta name=\"twitter:data1\" content=\"Prensa A Guarda\" \/>\n\t<meta name=\"twitter:label2\" content=\"Est. reading time\" \/>\n\t<meta name=\"twitter:data2\" content=\"3 minutes\" \/>\n<script type=\"application\/ld+json\" class=\"yoast-schema-graph\">{\"@context\":\"https:\\\/\\\/schema.org\",\"@graph\":[{\"@type\":\"Article\",\"@id\":\"https:\\\/\\\/www.turismoaguarda.es\\\/a-guarda-acogio-la-primera-barferencia-de-la-primavera-2023\\\/#article\",\"isPartOf\":{\"@id\":\"https:\\\/\\\/www.turismoaguarda.es\\\/a-guarda-acogio-la-primera-barferencia-de-la-primavera-2023\\\/\"},\"author\":{\"name\":\"Prensa A Guarda\",\"@id\":\"https:\\\/\\\/www.turismoaguarda.es\\\/#\\\/schema\\\/person\\\/a8b0c27ad7bcbb6c19799e934727508e\"},\"headline\":\"A Guarda acogi\u00f3 la primera Barferencia de la Primavera 2023\",\"datePublished\":\"2023-04-15T08:46:36+00:00\",\"mainEntityOfPage\":{\"@id\":\"https:\\\/\\\/www.turismoaguarda.es\\\/a-guarda-acogio-la-primera-barferencia-de-la-primavera-2023\\\/\"},\"wordCount\":664,\"commentCount\":0,\"keywords\":[\"A Guarda\",\"barferencias\"],\"articleSection\":[\"Noticias Turismo\"],\"inLanguage\":\"en-US\",\"potentialAction\":[{\"@type\":\"CommentAction\",\"name\":\"Comment\",\"target\":[\"https:\\\/\\\/www.turismoaguarda.es\\\/a-guarda-acogio-la-primera-barferencia-de-la-primavera-2023\\\/#respond\"]}]},{\"@type\":\"WebPage\",\"@id\":\"https:\\\/\\\/www.turismoaguarda.es\\\/a-guarda-acogio-la-primera-barferencia-de-la-primavera-2023\\\/\",\"url\":\"https:\\\/\\\/www.turismoaguarda.es\\\/a-guarda-acogio-la-primera-barferencia-de-la-primavera-2023\\\/\",\"name\":\"A Guarda acogi\u00f3 la primera Barferencia de la Primavera 2023 | Turismo A Guarda\",\"isPartOf\":{\"@id\":\"https:\\\/\\\/www.turismoaguarda.es\\\/#website\"},\"datePublished\":\"2023-04-15T08:46:36+00:00\",\"author\":{\"@id\":\"https:\\\/\\\/www.turismoaguarda.es\\\/#\\\/schema\\\/person\\\/a8b0c27ad7bcbb6c19799e934727508e\"},\"description\":\"Se celebr\u00f3 el pasado viernes 14 de abril en el Bar-Restaurante O Couto de Camposancos, con una excepcional acogida de p\u00fablico.\",\"breadcrumb\":{\"@id\":\"https:\\\/\\\/www.turismoaguarda.es\\\/a-guarda-acogio-la-primera-barferencia-de-la-primavera-2023\\\/#breadcrumb\"},\"inLanguage\":\"en-US\",\"potentialAction\":[{\"@type\":\"ReadAction\",\"target\":[\"https:\\\/\\\/www.turismoaguarda.es\\\/a-guarda-acogio-la-primera-barferencia-de-la-primavera-2023\\\/\"]}]},{\"@type\":\"BreadcrumbList\",\"@id\":\"https:\\\/\\\/www.turismoaguarda.es\\\/a-guarda-acogio-la-primera-barferencia-de-la-primavera-2023\\\/#breadcrumb\",\"itemListElement\":[{\"@type\":\"ListItem\",\"position\":1,\"name\":\"Portada\",\"item\":\"https:\\\/\\\/www.turismoaguarda.es\\\/en\\\/\"},{\"@type\":\"ListItem\",\"position\":2,\"name\":\"A Guarda acogi\u00f3 la primera Barferencia de la Primavera 2023\"}]},{\"@type\":\"WebSite\",\"@id\":\"https:\\\/\\\/www.turismoaguarda.es\\\/#website\",\"url\":\"https:\\\/\\\/www.turismoaguarda.es\\\/\",\"name\":\"Turismo A Guarda\",\"description\":\"Informaci\u00f3n tur\u00edstica de A Guarda y alrededores.\",\"potentialAction\":[{\"@type\":\"SearchAction\",\"target\":{\"@type\":\"EntryPoint\",\"urlTemplate\":\"https:\\\/\\\/www.turismoaguarda.es\\\/?s={search_term_string}\"},\"query-input\":{\"@type\":\"PropertyValueSpecification\",\"valueRequired\":true,\"valueName\":\"search_term_string\"}}],\"inLanguage\":\"en-US\"},{\"@type\":\"Person\",\"@id\":\"https:\\\/\\\/www.turismoaguarda.es\\\/#\\\/schema\\\/person\\\/a8b0c27ad7bcbb6c19799e934727508e\",\"name\":\"Prensa A Guarda\",\"image\":{\"@type\":\"ImageObject\",\"inLanguage\":\"en-US\",\"@id\":\"https:\\\/\\\/secure.gravatar.com\\\/avatar\\\/387e117f874ba5d0a3439060b45d914395d77287b2e4890a49d1599fc3ef9189?s=96&d=mm&r=g\",\"url\":\"https:\\\/\\\/secure.gravatar.com\\\/avatar\\\/387e117f874ba5d0a3439060b45d914395d77287b2e4890a49d1599fc3ef9189?s=96&d=mm&r=g\",\"contentUrl\":\"https:\\\/\\\/secure.gravatar.com\\\/avatar\\\/387e117f874ba5d0a3439060b45d914395d77287b2e4890a49d1599fc3ef9189?s=96&d=mm&r=g\",\"caption\":\"Prensa A Guarda\"},\"url\":\"https:\\\/\\\/www.turismoaguarda.es\\\/en\\\/author\\\/prensa\\\/\"}]}<\/script>\n<!-- \/ Yoast SEO plugin. -->","yoast_head_json":{"title":"A Guarda acogi\u00f3 la primera Barferencia de la Primavera 2023 | Turismo A Guarda","description":"Se celebr\u00f3 el pasado viernes 14 de abril en el Bar-Restaurante O Couto de Camposancos, con una excepcional acogida de p\u00fablico.","robots":{"index":"index","follow":"follow","max-snippet":"max-snippet:-1","max-image-preview":"max-image-preview:large","max-video-preview":"max-video-preview:-1"},"canonical":"https:\/\/www.turismoaguarda.es\/a-guarda-acogio-la-primera-barferencia-de-la-primavera-2023\/","og_locale":"en_US","og_type":"article","og_title":"A Guarda acogi\u00f3 la primera Barferencia de la Primavera 2023 | Turismo A Guarda","og_description":"Se celebr\u00f3 el pasado viernes 14 de abril en el Bar-Restaurante O Couto de Camposancos, con una excepcional acogida de p\u00fablico.","og_url":"https:\/\/www.turismoaguarda.es\/a-guarda-acogio-la-primera-barferencia-de-la-primavera-2023\/","og_site_name":"Turismo A Guarda","article_publisher":"https:\/\/es-es.facebook.com\/Turismo-A-Guarda-126223240790625\/","article_published_time":"2023-04-15T08:46:36+00:00","og_image":[{"width":800,"height":800,"url":"https:\/\/www.turismoaguarda.es\/wp-content\/uploads\/2023\/04\/NP-15042023-BARFERENCIA-O-COUTO.jpg","type":"image\/jpeg"}],"author":"Prensa A Guarda","twitter_card":"summary_large_image","twitter_creator":"@TurismoAGuarda","twitter_site":"@TurismoAGuarda","twitter_misc":{"Written by":"Prensa A Guarda","Est. reading time":"3 minutes"},"schema":{"@context":"https:\/\/schema.org","@graph":[{"@type":"Article","@id":"https:\/\/www.turismoaguarda.es\/a-guarda-acogio-la-primera-barferencia-de-la-primavera-2023\/#article","isPartOf":{"@id":"https:\/\/www.turismoaguarda.es\/a-guarda-acogio-la-primera-barferencia-de-la-primavera-2023\/"},"author":{"name":"Prensa A Guarda","@id":"https:\/\/www.turismoaguarda.es\/#\/schema\/person\/a8b0c27ad7bcbb6c19799e934727508e"},"headline":"A Guarda acogi\u00f3 la primera Barferencia de la Primavera 2023","datePublished":"2023-04-15T08:46:36+00:00","mainEntityOfPage":{"@id":"https:\/\/www.turismoaguarda.es\/a-guarda-acogio-la-primera-barferencia-de-la-primavera-2023\/"},"wordCount":664,"commentCount":0,"keywords":["A Guarda","barferencias"],"articleSection":["Noticias Turismo"],"inLanguage":"en-US","potentialAction":[{"@type":"CommentAction","name":"Comment","target":["https:\/\/www.turismoaguarda.es\/a-guarda-acogio-la-primera-barferencia-de-la-primavera-2023\/#respond"]}]},{"@type":"WebPage","@id":"https:\/\/www.turismoaguarda.es\/a-guarda-acogio-la-primera-barferencia-de-la-primavera-2023\/","url":"https:\/\/www.turismoaguarda.es\/a-guarda-acogio-la-primera-barferencia-de-la-primavera-2023\/","name":"A Guarda acogi\u00f3 la primera Barferencia de la Primavera 2023 | Turismo A Guarda","isPartOf":{"@id":"https:\/\/www.turismoaguarda.es\/#website"},"datePublished":"2023-04-15T08:46:36+00:00","author":{"@id":"https:\/\/www.turismoaguarda.es\/#\/schema\/person\/a8b0c27ad7bcbb6c19799e934727508e"},"description":"Se celebr\u00f3 el pasado viernes 14 de abril en el Bar-Restaurante O Couto de Camposancos, con una excepcional acogida de p\u00fablico.","breadcrumb":{"@id":"https:\/\/www.turismoaguarda.es\/a-guarda-acogio-la-primera-barferencia-de-la-primavera-2023\/#breadcrumb"},"inLanguage":"en-US","potentialAction":[{"@type":"ReadAction","target":["https:\/\/www.turismoaguarda.es\/a-guarda-acogio-la-primera-barferencia-de-la-primavera-2023\/"]}]},{"@type":"BreadcrumbList","@id":"https:\/\/www.turismoaguarda.es\/a-guarda-acogio-la-primera-barferencia-de-la-primavera-2023\/#breadcrumb","itemListElement":[{"@type":"ListItem","position":1,"name":"Portada","item":"https:\/\/www.turismoaguarda.es\/en\/"},{"@type":"ListItem","position":2,"name":"A Guarda acogi\u00f3 la primera Barferencia de la Primavera 2023"}]},{"@type":"WebSite","@id":"https:\/\/www.turismoaguarda.es\/#website","url":"https:\/\/www.turismoaguarda.es\/","name":"Turismo A Guarda","description":"Informaci\u00f3n tur\u00edstica de A Guarda y alrededores.","potentialAction":[{"@type":"SearchAction","target":{"@type":"EntryPoint","urlTemplate":"https:\/\/www.turismoaguarda.es\/?s={search_term_string}"},"query-input":{"@type":"PropertyValueSpecification","valueRequired":true,"valueName":"search_term_string"}}],"inLanguage":"en-US"},{"@type":"Person","@id":"https:\/\/www.turismoaguarda.es\/#\/schema\/person\/a8b0c27ad7bcbb6c19799e934727508e","name":"Prensa A Guarda","image":{"@type":"ImageObject","inLanguage":"en-US","@id":"https:\/\/secure.gravatar.com\/avatar\/387e117f874ba5d0a3439060b45d914395d77287b2e4890a49d1599fc3ef9189?s=96&d=mm&r=g","url":"https:\/\/secure.gravatar.com\/avatar\/387e117f874ba5d0a3439060b45d914395d77287b2e4890a49d1599fc3ef9189?s=96&d=mm&r=g","contentUrl":"https:\/\/secure.gravatar.com\/avatar\/387e117f874ba5d0a3439060b45d914395d77287b2e4890a49d1599fc3ef9189?s=96&d=mm&r=g","caption":"Prensa A Guarda"},"url":"https:\/\/www.turismoaguarda.es\/en\/author\/prensa\/"}]}},"_links":{"self":[{"href":"https:\/\/www.turismoaguarda.es\/en\/wp-json\/wp\/v2\/posts\/16507","targetHints":{"allow":["GET"]}}],"collection":[{"href":"https:\/\/www.turismoaguarda.es\/en\/wp-json\/wp\/v2\/posts"}],"about":[{"href":"https:\/\/www.turismoaguarda.es\/en\/wp-json\/wp\/v2\/types\/post"}],"author":[{"embeddable":true,"href":"https:\/\/www.turismoaguarda.es\/en\/wp-json\/wp\/v2\/users\/11"}],"replies":[{"embeddable":true,"href":"https:\/\/www.turismoaguarda.es\/en\/wp-json\/wp\/v2\/comments?post=16507"}],"version-history":[{"count":1,"href":"https:\/\/www.turismoaguarda.es\/en\/wp-json\/wp\/v2\/posts\/16507\/revisions"}],"predecessor-version":[{"id":16508,"href":"https:\/\/www.turismoaguarda.es\/en\/wp-json\/wp\/v2\/posts\/16507\/revisions\/16508"}],"wp:attachment":[{"href":"https:\/\/www.turismoaguarda.es\/en\/wp-json\/wp\/v2\/media?parent=16507"}],"wp:term":[{"taxonomy":"category","embeddable":true,"href":"https:\/\/www.turismoaguarda.es\/en\/wp-json\/wp\/v2\/categories?post=16507"},{"taxonomy":"post_tag","embeddable":true,"href":"https:\/\/www.turismoaguarda.es\/en\/wp-json\/wp\/v2\/tags?post=16507"}],"curies":[{"name":"wp","href":"https:\/\/api.w.org\/{rel}","templated":true}]}}