{"id":15800,"date":"2022-07-18T11:33:11","date_gmt":"2022-07-18T09:33:11","guid":{"rendered":"https:\/\/www.turismoaguarda.es\/?p=15800"},"modified":"2022-07-18T11:33:12","modified_gmt":"2022-07-18T09:33:12","slug":"la-programacion-de-verano-continua-esta-semana-en-a-guarda-con-cine-feria-outlet-conciertos-y-eventos-deportivos","status":"publish","type":"post","link":"https:\/\/www.turismoaguarda.es\/en\/la-programacion-de-verano-continua-esta-semana-en-a-guarda-con-cine-feria-outlet-conciertos-y-eventos-deportivos\/","title":{"rendered":"La programaci\u00f3n de verano contin\u00faa esta semana en A Guarda con cine, Feria Outlet, conciertos y eventos deportivos"},"content":{"rendered":"<p><em><strong>\u2022 La programaci\u00f3n de la Agenda de Verano y de \u201cMi\u00fado Ver\u00e1n\u201d contin\u00faa esta semana con actividades de todo tipo y para todo tipo de p\u00fablicos.<\/strong><\/em><\/p>\n<p>El Ayuntamiento de A Guarda contin\u00faa esta semana con las actividades de la Agenda Verano 2022, un amplio programa de actividades, para todos los gustos y para todas las edades, que se prolonga hasta septiembre con conciertos, exposiciones, actividades de calle, eventos deportivos, fiestas gastron\u00f3micas, populares y religiosas, entre otros.<\/p>\n<p>La concejala de Cultura, Montserrat Magallanes, destaca la gran apuesta del Ayuntamiento para llevar a cabo una programaci\u00f3n variada y atractiva, tanto para los guardeses como para los visitantes, y que seguro que no dejar\u00e1 indiferente a nadie.<\/p>\n<p>Montserrat Magallanes indic\u00f3 en la presentaci\u00f3n de esta agenda que A Guarda contar\u00e1 este a\u00f1o con un verano en el que se reanuda la actividad cultural, l\u00fadica y deportiva tras la pandemia, fruto de un extenso trabajo de programaci\u00f3n y organizaci\u00f3n que ya se ve reflejado en la gran cantidad de actos incluidos en esta Agenda del verano de 2022.<\/p>\n<p>El Alcalde de A Guarda invita a visitantes y guardeses a participar en este programa de la Agenda Verano 2022, con una variedad y calidad de actos que dinamizar\u00e1n todo el tejido empresarial de la localidad, atrayendo a mucha gente y fomentando adem\u00e1s la actividad comercial de la localidad de A Guarda.<\/p>\n<p>El Ayuntamiento de A Guarda quiere agradecer a todas las asociaciones culturales y deportivas de la localidad, que con su trabajo enriquecen nuestro pueblo y consiguen hacer sonre\u00edr, disfrutar y pasar un buen rato a todas las personas que acuden a participar con ellas de la cultura y deporte en nuestro municipio. Despu\u00e9s de la pandemia necesitamos recuperar el tiempo perdido y volver a disfrutar de los buenos momentos, llenando nuestras calles de m\u00fasica, baile, cine y otras expresiones art\u00edsticas.<\/p>\n<p>El programa de actividades contin\u00faa esta semana con la proyecci\u00f3n de Cine en la calle \u201cBella y el circo m\u00e1gico\u201d, que tendr\u00e1 lugar el jueves 21 de julio a las 22:30h en la Plaza del Reloj.<\/p>\n<p>En la jornada del s\u00e1bado 23 de julio la Plaza de Avelino Vicente acoge la Feria Outlet del comercio guard\u00e9s organizada por ACIGU CCA.<\/p>\n<p>Tambi\u00e9n en la jornada del s\u00e1bado d\u00eda 23 de julio el Auditorio de San Benito acoge el XXVII Encontro dos Pobos, el festival folcl\u00f3rico internacional m\u00e1s longevo de nuestra comarca, que este a\u00f1o contar\u00e1 con la participaci\u00f3n de los grupos de Galicia, Portugal y Eslovaquia: Vento Mareiro, Xamaraina, Doxe nun ano, G.F.S Sebastiao, Do lusco \u00f3 fusco e Drevar, bajo la organizaci\u00f3n de la A.C Do Lusco \u00f3 Fusco.<\/p>\n<p>El s\u00e1bado 23 en horario de ma\u00f1ana tendr\u00e1 lugar la II Carrera de Orientaci\u00f3n \u2013 Concello da Guarda, un evento deportivo que consistir\u00e1 en visitar en el menor tiempo posible todas las balizas establecidas en el orden que se indica en el mapa con hasta 4 participantes por equipo y con 3 categor\u00edas de competici\u00f3n: Xesti\u00f1as (categor\u00eda para ni\u00f1@s, simple f\u00edsica y t\u00e9cnicamente, con menos de 3kms en total), Xestas: categor\u00eda para adult@s, nivel f\u00edsico e t\u00e9cnico medio con menos de 4kms en total) e Xesteiras (categor\u00eda para persoas con medios\/altos co\u00f1ecementos de orientaci\u00f3n, nivel f\u00edsico e t\u00e9cnico alto con m\u00e1is de 5kms en total). Las inscripciones est\u00e1n abiertas en: <a href=\"https:\/\/xestanatureza.com\/eventos\/orientacionaguarda\/\">https:\/\/xestanatureza.com\/eventos\/orientacionaguarda\/<\/a><\/p>\n<p>La Agenda de Verano contin\u00faa en julio, agosto y septiembre con actividades como el Festival de Danza Moderna de Xamaraina, la programaci\u00f3n de actividades infantiles de &#8220;Mi\u00fado Ver\u00e1n&#8221; (todos los jueves), eventos deportivos, Festa do Peixe Espada, Mostra Creativa, presentaci\u00f3n de libros y exposiciones, Festas de San Cayetano, Encontro do libro Luso-Galaico, Festa do Percebe, concierto de la Agrupaci\u00f3n Musical da Guarda, Festas da Virxe da Gu\u00eda, as Festas das Mercedes o la Mostra Asociativa.<\/p>\n<p>Menci\u00f3n especial en este programa para las Festas do Monte, que tendr\u00e1n lugar del 8 al 15 de agosto, la semana grande de fiestas de A Guarda, una semana en la que se combinan las noches de verbenas con diferentes actividades deportivas y culturales. El s\u00e1bado 13 de agosto a las 11:30 horas tiene lugar el Desfile de Bandas Folkl\u00f3ricas y Marinas, multitudinario desfile previo al d\u00eda grande del Domingo del Monte, en el que desde la ma\u00f1ana las Bandas Marinas suben a la cima del monte Santa Trega para realizar sus juramentos al son de bombos, tambores y gaitas. Las fiestas terminar\u00e1n la noche del lunes 15 de agosto con una gran tirada de fuegos artificiales en Porto da Guarda.<\/p>\n<p><strong><a href=\"https:\/\/www.turismoaguarda.es\/la-programacion-de-verano-continua-esta-semana-en-a-guarda-con-cine-feria-outlet-conciertos-y-eventos-deportivos\/xxvii-encontro-dos-pobos-definitivo\/\" rel=\"attachment wp-att-15804\"><img loading=\"lazy\" decoding=\"async\" class=\"alignleft size-full wp-image-15804\" src=\"https:\/\/www.turismoaguarda.es\/wp-content\/uploads\/2022\/07\/XXVII-Encontro-dos-Pobos-Definitivo.jpg\" alt=\"\" width=\"800\" height=\"1132\" srcset=\"https:\/\/www.turismoaguarda.es\/wp-content\/uploads\/2022\/07\/XXVII-Encontro-dos-Pobos-Definitivo.jpg 800w, https:\/\/www.turismoaguarda.es\/wp-content\/uploads\/2022\/07\/XXVII-Encontro-dos-Pobos-Definitivo-212x300.jpg 212w, https:\/\/www.turismoaguarda.es\/wp-content\/uploads\/2022\/07\/XXVII-Encontro-dos-Pobos-Definitivo-724x1024.jpg 724w, https:\/\/www.turismoaguarda.es\/wp-content\/uploads\/2022\/07\/XXVII-Encontro-dos-Pobos-Definitivo-768x1087.jpg 768w, https:\/\/www.turismoaguarda.es\/wp-content\/uploads\/2022\/07\/XXVII-Encontro-dos-Pobos-Definitivo-150x212.jpg 150w, https:\/\/www.turismoaguarda.es\/wp-content\/uploads\/2022\/07\/XXVII-Encontro-dos-Pobos-Definitivo-353x500.jpg 353w\" sizes=\"auto, (max-width: 800px) 100vw, 800px\" \/><\/a><a href=\"https:\/\/www.turismoaguarda.es\/la-programacion-de-verano-continua-esta-semana-en-a-guarda-con-cine-feria-outlet-conciertos-y-eventos-deportivos\/cartaz-orientacion-a-guarda-2022\/\" rel=\"attachment wp-att-15807\"><img loading=\"lazy\" decoding=\"async\" class=\"alignleft size-full wp-image-15807\" src=\"https:\/\/www.turismoaguarda.es\/wp-content\/uploads\/2022\/07\/Cartaz-Orientacion-A-Guarda-2022.jpg\" alt=\"\" width=\"800\" height=\"1132\" srcset=\"https:\/\/www.turismoaguarda.es\/wp-content\/uploads\/2022\/07\/Cartaz-Orientacion-A-Guarda-2022.jpg 800w, https:\/\/www.turismoaguarda.es\/wp-content\/uploads\/2022\/07\/Cartaz-Orientacion-A-Guarda-2022-212x300.jpg 212w, https:\/\/www.turismoaguarda.es\/wp-content\/uploads\/2022\/07\/Cartaz-Orientacion-A-Guarda-2022-724x1024.jpg 724w, https:\/\/www.turismoaguarda.es\/wp-content\/uploads\/2022\/07\/Cartaz-Orientacion-A-Guarda-2022-768x1087.jpg 768w, https:\/\/www.turismoaguarda.es\/wp-content\/uploads\/2022\/07\/Cartaz-Orientacion-A-Guarda-2022-150x212.jpg 150w, https:\/\/www.turismoaguarda.es\/wp-content\/uploads\/2022\/07\/Cartaz-Orientacion-A-Guarda-2022-353x500.jpg 353w\" sizes=\"auto, (max-width: 800px) 100vw, 800px\" \/><\/a><a href=\"https:\/\/www.turismoaguarda.es\/la-programacion-de-verano-continua-esta-semana-en-a-guarda-con-cine-feria-outlet-conciertos-y-eventos-deportivos\/guarda_cinenarua_cartel_2022_bella\/\" rel=\"attachment wp-att-15810\"><img loading=\"lazy\" decoding=\"async\" class=\"alignleft size-full wp-image-15810\" src=\"https:\/\/www.turismoaguarda.es\/wp-content\/uploads\/2022\/07\/Guarda_cinenaRua_Cartel_2022_Bella.jpg\" alt=\"\" width=\"800\" height=\"1134\" \/><\/a><\/strong><\/p>\n<p>&nbsp;<\/p>\n<p><strong>EXPOSICIONES<\/strong><\/p>\n<p>A Guarda tambi\u00e9n tendr\u00e1 este verano una importante exposici\u00f3n pict\u00f3rica que estar\u00e1 en la Casa dos Alonso entre el 26 de julio y el 13 de agosto, y en la que se podr\u00e1n observar y apreciar las obras y pinturas del artista de A Guarda, Chuny Alonso.<\/p>\n<p><strong>VISITAS GUIADAS AL CASTRO DE SANTA TREGA<\/strong><\/p>\n<p>Durante todo el verano y de martes a domingo se ofrecen visitas guiadas al Castro de Santa Trega, una oportunidad para conocer nuestro patrimonio con visitas que tendr\u00e1n lugar en<br \/>\n12:00, 13:00, 18:00 y 19:00<br \/>\nInscripciones e informaci\u00f3n en la direcci\u00f3n de correo electr\u00f3nico masat@aguarda.es o en el tel\u00e9fono 690 017 038.<\/p>\n<p><strong>PROGRAMA COMPLETO<\/strong><\/p>\n<p>23 DE JULIO<br \/>\nENCONTRO DOS POBOS<br \/>\nEn el Auditorio de San Benito a las 20:30<br \/>\nOrganiza: A C. Do Lusco \u00f3 Fusco<\/p>\n<p>23 DE JULIO<br \/>\nII CARRERA DE ORIENTACI\u00d3N<br \/>\ninscripciones www.xestanatureza.com<\/p>\n<p>28 DE JULIO<br \/>\nCONCIERTO INFANTIL ROCKEANDO CON RAMONA \u00d3RBITA, A DONA DO TEMPO<br \/>\nEn la Plaza do Rel\u00f3 a las 20:30<\/p>\n<p>29, 30, 31 JULIO<br \/>\nFESTA DO PEIXE ESPADA<br \/>\nEn los restaurantes de la villa<br \/>\nOrganizado por: ORPAGU<\/p>\n<p>30 DE JULIO<br \/>\nMOSTRA CREATIVA DO BAIXO MI\u00d1O<br \/>\nEn la plaza de Avelino Vicente<\/p>\n<p>30 DE JULIO<br \/>\nEVENTO DEPORTIVO DEL CLUB DE JUDO BAIXO MI\u00d1O<br \/>\nEn el campo de f\u00fatbol de la Sangri\u00f1a a las 20:30<br \/>\nOrganiza: Club de Judo Baixo Mi\u00f1o.<\/p>\n<p>4 DE AGOSTO<br \/>\nESPECT\u00c1CULO DE CIRCO \u201cCARMAN\u201d<br \/>\nEn el Auditorio de San Benito a las 20:30<\/p>\n<p>4 DE AGOSTO<br \/>\nPRESENTACI\u00d3N DEL LIBRO \u201cSOBRE LA CRIANZA\u201d, de Jes\u00fas Rodr\u00edguez Salazar.<br \/>\nEn el Centro Cultural a las 19:30 horas.<\/p>\n<p>4, 5, 6, 7 AGOSTO<br \/>\nFESTAS DE SAN CAYETANO<br \/>\nEn el Barrio de la Cruzada<br \/>\nOrganiza: Comisi\u00f3n de Fiestas de San Cayetano<\/p>\n<p>8 al 15 DE AGOSTO<br \/>\nFESTAS DO MONTE<br \/>\nEn la Alameda y calles de la villa.<br \/>\nOrganiza: A.V C.D. alameda<\/p>\n<p>11 DE AGOSTO<br \/>\nGALICIA ILUSIONA, ILUSIONISMO<br \/>\nEn el Auditorio de San Benito a las 20:30 horas.<\/p>\n<p>19, 20 AGOSTO<br \/>\nIII ENCUENTRO DO LIBRO LUSO GALLEGO<br \/>\nEn la Plaza do Rel\u00f3<\/p>\n<p>20 DE AGOSTO<br \/>\nFERIA OUTLET<br \/>\nEn la Plaza de Avelino Vicente<br \/>\nOrganizado por: ACIGU<\/p>\n<p>20 DE AGOSTO<br \/>\nII TORNEO DE PETANCA CONCELLO DA GUARDA<br \/>\nEn el Campo Codesal<\/p>\n<p>24 DE AGOSTO<br \/>\nCONCIERTO DE M\u00daSICA NO AR<br \/>\nEn el atrio de la Iglesia Parroquial a las 20:30 horas.<br \/>\nOrganiza: Diputaci\u00f3n de Pontevedra<\/p>\n<p>23,27 Y 28 DE AGOSTO<br \/>\nFESTA DO PERCEBE<br \/>\nEn la Alameda da Guarda<br \/>\nOrganizado por: A.C. alameda<\/p>\n<p>26 DE AGOSTO<br \/>\nTEATRO CR\u00d3NICAS DEL PARA\u00cdSO<br \/>\nEn la Plaza do Rel\u00f3 a las 21:30 h.<\/p>\n<p>27 DE AGOSTO<br \/>\nCONCIERTO DE VERANO DE LA BANDA DA GUARDA<br \/>\nEn el Auditorio de San Benito a las 20:30<br \/>\nOrganiza: Agrupaci\u00f3n Musical da Guarda<\/p>\n<p>28 DE AGOSTO<br \/>\nFESTIVAL DE DANZA MODERNA &#8220;REMEMBER&#8221;<br \/>\nEn el Auditorio de San Benito a las 20:00 horas<br \/>\nOrganizado por: A.C. Xamara\u00edna<\/p>\n<p>28 DE AGOSTO<br \/>\nCARRERA PEDESTRE VIRXE DA GUIA<br \/>\nEn la Plaza de la Gu\u00eda a las 19:00<br \/>\nOrganiza: Comisi\u00f3n de Fiestas Virgen de la Gu\u00eda<\/p>\n<p>2, 3, 4 DE SEPTIEMBRE<br \/>\nFESTAS VIRXE DA GUIA<br \/>\nEn la Plaza de la Guia<br \/>\nOrganiza: Comisi\u00f3n de Fiestas Virxe da Gu\u00eda<\/p>\n<p>3 DE SEPTIEMBRE<br \/>\nPERFORMANCE FOCO, PROXECTOS ANTIBULOS<br \/>\nEn la Plaza de Avelino Vicente a las 12:00 horas.<br \/>\nOrganiza: A. FOCO<\/p>\n<p>DEL 3 AL 25 DE SEPTIEMBRE<br \/>\nFESTAS DAS MERCEDES A G\u00c1NDARA<br \/>\nEn el barrio de A G\u00e1ndara<br \/>\nOrganiza: A.V V. O Percamino<\/p>\n<p>10 DE SEPTIEMBRE<br \/>\nMOSTRA ASOCIATIVA<br \/>\nEn la Plaza de Avelino Vicente a partir de las 15:30 horas<\/p>\n","protected":false},"excerpt":{"rendered":"<p>\u2022 La programaci\u00f3n de la Agenda de Verano y de \u201cMi\u00fado Ver\u00e1n\u201d contin\u00faa esta semana con actividades de todo tipo y para todo tipo de p\u00fablicos. El Ayuntamiento de A Guarda contin\u00faa esta semana con las actividades de la Agenda Verano 2022, un amplio programa de actividades, para todos los gustos y para todas las<\/p>\n<div class=\"padding-top text-center\"><a href=\"https:\/\/www.turismoaguarda.es\/en\/la-programacion-de-verano-continua-esta-semana-en-a-guarda-con-cine-feria-outlet-conciertos-y-eventos-deportivos\/\" class=\"atbtn atbtn--medium atbtn--rounded atbtn--transparent\">Read more<i class=\"atbtn__icon atbtn__icon--right fa fa-long-arrow-right\"><\/i><\/a><\/div>\n","protected":false},"author":11,"featured_media":15813,"comment_status":"open","ping_status":"open","sticky":false,"template":"","format":"standard","meta":{"footnotes":""},"categories":[44],"tags":[169,1955,202,229,1219,168,1956],"class_list":["post-15800","post","type-post","status-publish","format-standard","has-post-thumbnail","hentry","category-noticias-turismo","tag-a-guarda","tag-axgenda-de-verano","tag-cultura","tag-deporte","tag-programacion-2","tag-turismo","tag-verano-en-a-guarda"],"yoast_head":"<!-- This site is optimized with the Yoast SEO plugin v27.4 - https:\/\/yoast.com\/product\/yoast-seo-wordpress\/ -->\n<title>La programaci\u00f3n de verano contin\u00faa esta semana en A Guarda con cine, Feria Outlet, conciertos y eventos deportivos | Turismo A Guarda<\/title>\n<meta name=\"robots\" content=\"index, follow, max-snippet:-1, max-image-preview:large, max-video-preview:-1\" \/>\n<link rel=\"canonical\" href=\"https:\/\/www.turismoaguarda.es\/la-programacion-de-verano-continua-esta-semana-en-a-guarda-con-cine-feria-outlet-conciertos-y-eventos-deportivos\/\" \/>\n<meta property=\"og:locale\" content=\"en_US\" \/>\n<meta property=\"og:type\" content=\"article\" \/>\n<meta property=\"og:title\" content=\"La programaci\u00f3n de verano contin\u00faa esta semana en A Guarda con cine, Feria Outlet, conciertos y eventos deportivos | Turismo A Guarda\" \/>\n<meta property=\"og:description\" content=\"\u2022 La programaci\u00f3n de la Agenda de Verano y de \u201cMi\u00fado Ver\u00e1n\u201d contin\u00faa esta semana con actividades de todo tipo y para todo tipo de p\u00fablicos. El Ayuntamiento de A Guarda contin\u00faa esta semana con las actividades de la Agenda Verano 2022, un amplio programa de actividades, para todos los gustos y para todas lasRead more\" \/>\n<meta property=\"og:url\" content=\"https:\/\/www.turismoaguarda.es\/la-programacion-de-verano-continua-esta-semana-en-a-guarda-con-cine-feria-outlet-conciertos-y-eventos-deportivos\/\" \/>\n<meta property=\"og:site_name\" content=\"Turismo A Guarda\" \/>\n<meta property=\"article:publisher\" content=\"https:\/\/es-es.facebook.com\/Turismo-A-Guarda-126223240790625\/\" \/>\n<meta property=\"article:published_time\" content=\"2022-07-18T09:33:11+00:00\" \/>\n<meta property=\"article:modified_time\" content=\"2022-07-18T09:33:12+00:00\" \/>\n<meta property=\"og:image\" content=\"https:\/\/www.turismoaguarda.es\/wp-content\/uploads\/2022\/07\/NP-18072022-CONTINUA-PROGRAMACION-DE-VERAN1.jpg\" \/>\n\t<meta property=\"og:image:width\" content=\"800\" \/>\n\t<meta property=\"og:image:height\" content=\"533\" \/>\n\t<meta property=\"og:image:type\" content=\"image\/jpeg\" \/>\n<meta name=\"author\" content=\"Prensa A Guarda\" \/>\n<meta name=\"twitter:card\" content=\"summary_large_image\" \/>\n<meta name=\"twitter:creator\" content=\"@TurismoAGuarda\" \/>\n<meta name=\"twitter:site\" content=\"@TurismoAGuarda\" \/>\n<meta name=\"twitter:label1\" content=\"Written by\" \/>\n\t<meta name=\"twitter:data1\" content=\"Prensa A Guarda\" \/>\n\t<meta name=\"twitter:label2\" content=\"Est. reading time\" \/>\n\t<meta name=\"twitter:data2\" content=\"7 minutes\" \/>\n<script type=\"application\/ld+json\" class=\"yoast-schema-graph\">{\"@context\":\"https:\\\/\\\/schema.org\",\"@graph\":[{\"@type\":\"Article\",\"@id\":\"https:\\\/\\\/www.turismoaguarda.es\\\/la-programacion-de-verano-continua-esta-semana-en-a-guarda-con-cine-feria-outlet-conciertos-y-eventos-deportivos\\\/#article\",\"isPartOf\":{\"@id\":\"https:\\\/\\\/www.turismoaguarda.es\\\/la-programacion-de-verano-continua-esta-semana-en-a-guarda-con-cine-feria-outlet-conciertos-y-eventos-deportivos\\\/\"},\"author\":{\"name\":\"Prensa A Guarda\",\"@id\":\"https:\\\/\\\/www.turismoaguarda.es\\\/#\\\/schema\\\/person\\\/a8b0c27ad7bcbb6c19799e934727508e\"},\"headline\":\"La programaci\u00f3n de verano contin\u00faa esta semana en A Guarda con cine, Feria Outlet, conciertos y eventos deportivos\",\"datePublished\":\"2022-07-18T09:33:11+00:00\",\"dateModified\":\"2022-07-18T09:33:12+00:00\",\"mainEntityOfPage\":{\"@id\":\"https:\\\/\\\/www.turismoaguarda.es\\\/la-programacion-de-verano-continua-esta-semana-en-a-guarda-con-cine-feria-outlet-conciertos-y-eventos-deportivos\\\/\"},\"wordCount\":1370,\"commentCount\":0,\"image\":{\"@id\":\"https:\\\/\\\/www.turismoaguarda.es\\\/la-programacion-de-verano-continua-esta-semana-en-a-guarda-con-cine-feria-outlet-conciertos-y-eventos-deportivos\\\/#primaryimage\"},\"thumbnailUrl\":\"https:\\\/\\\/www.turismoaguarda.es\\\/wp-content\\\/uploads\\\/2022\\\/07\\\/NP-18072022-CONTINUA-PROGRAMACION-DE-VERAN1.jpg\",\"keywords\":[\"A Guarda\",\"axgenda de verano\",\"cultura\",\"deporte\",\"Programaci\u00f3n\",\"turismo\",\"verano en A Guarda\"],\"articleSection\":[\"Noticias Turismo\"],\"inLanguage\":\"en-US\",\"potentialAction\":[{\"@type\":\"CommentAction\",\"name\":\"Comment\",\"target\":[\"https:\\\/\\\/www.turismoaguarda.es\\\/la-programacion-de-verano-continua-esta-semana-en-a-guarda-con-cine-feria-outlet-conciertos-y-eventos-deportivos\\\/#respond\"]}]},{\"@type\":\"WebPage\",\"@id\":\"https:\\\/\\\/www.turismoaguarda.es\\\/la-programacion-de-verano-continua-esta-semana-en-a-guarda-con-cine-feria-outlet-conciertos-y-eventos-deportivos\\\/\",\"url\":\"https:\\\/\\\/www.turismoaguarda.es\\\/la-programacion-de-verano-continua-esta-semana-en-a-guarda-con-cine-feria-outlet-conciertos-y-eventos-deportivos\\\/\",\"name\":\"La programaci\u00f3n de verano contin\u00faa esta semana en A Guarda con cine, Feria Outlet, conciertos y eventos deportivos | Turismo A Guarda\",\"isPartOf\":{\"@id\":\"https:\\\/\\\/www.turismoaguarda.es\\\/#website\"},\"primaryImageOfPage\":{\"@id\":\"https:\\\/\\\/www.turismoaguarda.es\\\/la-programacion-de-verano-continua-esta-semana-en-a-guarda-con-cine-feria-outlet-conciertos-y-eventos-deportivos\\\/#primaryimage\"},\"image\":{\"@id\":\"https:\\\/\\\/www.turismoaguarda.es\\\/la-programacion-de-verano-continua-esta-semana-en-a-guarda-con-cine-feria-outlet-conciertos-y-eventos-deportivos\\\/#primaryimage\"},\"thumbnailUrl\":\"https:\\\/\\\/www.turismoaguarda.es\\\/wp-content\\\/uploads\\\/2022\\\/07\\\/NP-18072022-CONTINUA-PROGRAMACION-DE-VERAN1.jpg\",\"datePublished\":\"2022-07-18T09:33:11+00:00\",\"dateModified\":\"2022-07-18T09:33:12+00:00\",\"author\":{\"@id\":\"https:\\\/\\\/www.turismoaguarda.es\\\/#\\\/schema\\\/person\\\/a8b0c27ad7bcbb6c19799e934727508e\"},\"breadcrumb\":{\"@id\":\"https:\\\/\\\/www.turismoaguarda.es\\\/la-programacion-de-verano-continua-esta-semana-en-a-guarda-con-cine-feria-outlet-conciertos-y-eventos-deportivos\\\/#breadcrumb\"},\"inLanguage\":\"en-US\",\"potentialAction\":[{\"@type\":\"ReadAction\",\"target\":[\"https:\\\/\\\/www.turismoaguarda.es\\\/la-programacion-de-verano-continua-esta-semana-en-a-guarda-con-cine-feria-outlet-conciertos-y-eventos-deportivos\\\/\"]}]},{\"@type\":\"ImageObject\",\"inLanguage\":\"en-US\",\"@id\":\"https:\\\/\\\/www.turismoaguarda.es\\\/la-programacion-de-verano-continua-esta-semana-en-a-guarda-con-cine-feria-outlet-conciertos-y-eventos-deportivos\\\/#primaryimage\",\"url\":\"https:\\\/\\\/www.turismoaguarda.es\\\/wp-content\\\/uploads\\\/2022\\\/07\\\/NP-18072022-CONTINUA-PROGRAMACION-DE-VERAN1.jpg\",\"contentUrl\":\"https:\\\/\\\/www.turismoaguarda.es\\\/wp-content\\\/uploads\\\/2022\\\/07\\\/NP-18072022-CONTINUA-PROGRAMACION-DE-VERAN1.jpg\",\"width\":800,\"height\":533},{\"@type\":\"BreadcrumbList\",\"@id\":\"https:\\\/\\\/www.turismoaguarda.es\\\/la-programacion-de-verano-continua-esta-semana-en-a-guarda-con-cine-feria-outlet-conciertos-y-eventos-deportivos\\\/#breadcrumb\",\"itemListElement\":[{\"@type\":\"ListItem\",\"position\":1,\"name\":\"Portada\",\"item\":\"https:\\\/\\\/www.turismoaguarda.es\\\/en\\\/\"},{\"@type\":\"ListItem\",\"position\":2,\"name\":\"La programaci\u00f3n de verano contin\u00faa esta semana en A Guarda con cine, Feria Outlet, conciertos y eventos deportivos\"}]},{\"@type\":\"WebSite\",\"@id\":\"https:\\\/\\\/www.turismoaguarda.es\\\/#website\",\"url\":\"https:\\\/\\\/www.turismoaguarda.es\\\/\",\"name\":\"Turismo A Guarda\",\"description\":\"Informaci\u00f3n tur\u00edstica de A Guarda y alrededores.\",\"potentialAction\":[{\"@type\":\"SearchAction\",\"target\":{\"@type\":\"EntryPoint\",\"urlTemplate\":\"https:\\\/\\\/www.turismoaguarda.es\\\/?s={search_term_string}\"},\"query-input\":{\"@type\":\"PropertyValueSpecification\",\"valueRequired\":true,\"valueName\":\"search_term_string\"}}],\"inLanguage\":\"en-US\"},{\"@type\":\"Person\",\"@id\":\"https:\\\/\\\/www.turismoaguarda.es\\\/#\\\/schema\\\/person\\\/a8b0c27ad7bcbb6c19799e934727508e\",\"name\":\"Prensa A Guarda\",\"image\":{\"@type\":\"ImageObject\",\"inLanguage\":\"en-US\",\"@id\":\"https:\\\/\\\/secure.gravatar.com\\\/avatar\\\/387e117f874ba5d0a3439060b45d914395d77287b2e4890a49d1599fc3ef9189?s=96&d=mm&r=g\",\"url\":\"https:\\\/\\\/secure.gravatar.com\\\/avatar\\\/387e117f874ba5d0a3439060b45d914395d77287b2e4890a49d1599fc3ef9189?s=96&d=mm&r=g\",\"contentUrl\":\"https:\\\/\\\/secure.gravatar.com\\\/avatar\\\/387e117f874ba5d0a3439060b45d914395d77287b2e4890a49d1599fc3ef9189?s=96&d=mm&r=g\",\"caption\":\"Prensa A Guarda\"},\"url\":\"https:\\\/\\\/www.turismoaguarda.es\\\/en\\\/author\\\/prensa\\\/\"}]}<\/script>\n<!-- \/ Yoast SEO plugin. -->","yoast_head_json":{"title":"La programaci\u00f3n de verano contin\u00faa esta semana en A Guarda con cine, Feria Outlet, conciertos y eventos deportivos | Turismo A Guarda","robots":{"index":"index","follow":"follow","max-snippet":"max-snippet:-1","max-image-preview":"max-image-preview:large","max-video-preview":"max-video-preview:-1"},"canonical":"https:\/\/www.turismoaguarda.es\/la-programacion-de-verano-continua-esta-semana-en-a-guarda-con-cine-feria-outlet-conciertos-y-eventos-deportivos\/","og_locale":"en_US","og_type":"article","og_title":"La programaci\u00f3n de verano contin\u00faa esta semana en A Guarda con cine, Feria Outlet, conciertos y eventos deportivos | Turismo A Guarda","og_description":"\u2022 La programaci\u00f3n de la Agenda de Verano y de \u201cMi\u00fado Ver\u00e1n\u201d contin\u00faa esta semana con actividades de todo tipo y para todo tipo de p\u00fablicos. El Ayuntamiento de A Guarda contin\u00faa esta semana con las actividades de la Agenda Verano 2022, un amplio programa de actividades, para todos los gustos y para todas lasRead more","og_url":"https:\/\/www.turismoaguarda.es\/la-programacion-de-verano-continua-esta-semana-en-a-guarda-con-cine-feria-outlet-conciertos-y-eventos-deportivos\/","og_site_name":"Turismo A Guarda","article_publisher":"https:\/\/es-es.facebook.com\/Turismo-A-Guarda-126223240790625\/","article_published_time":"2022-07-18T09:33:11+00:00","article_modified_time":"2022-07-18T09:33:12+00:00","og_image":[{"width":800,"height":533,"url":"https:\/\/www.turismoaguarda.es\/wp-content\/uploads\/2022\/07\/NP-18072022-CONTINUA-PROGRAMACION-DE-VERAN1.jpg","type":"image\/jpeg"}],"author":"Prensa A Guarda","twitter_card":"summary_large_image","twitter_creator":"@TurismoAGuarda","twitter_site":"@TurismoAGuarda","twitter_misc":{"Written by":"Prensa A Guarda","Est. reading time":"7 minutes"},"schema":{"@context":"https:\/\/schema.org","@graph":[{"@type":"Article","@id":"https:\/\/www.turismoaguarda.es\/la-programacion-de-verano-continua-esta-semana-en-a-guarda-con-cine-feria-outlet-conciertos-y-eventos-deportivos\/#article","isPartOf":{"@id":"https:\/\/www.turismoaguarda.es\/la-programacion-de-verano-continua-esta-semana-en-a-guarda-con-cine-feria-outlet-conciertos-y-eventos-deportivos\/"},"author":{"name":"Prensa A Guarda","@id":"https:\/\/www.turismoaguarda.es\/#\/schema\/person\/a8b0c27ad7bcbb6c19799e934727508e"},"headline":"La programaci\u00f3n de verano contin\u00faa esta semana en A Guarda con cine, Feria Outlet, conciertos y eventos deportivos","datePublished":"2022-07-18T09:33:11+00:00","dateModified":"2022-07-18T09:33:12+00:00","mainEntityOfPage":{"@id":"https:\/\/www.turismoaguarda.es\/la-programacion-de-verano-continua-esta-semana-en-a-guarda-con-cine-feria-outlet-conciertos-y-eventos-deportivos\/"},"wordCount":1370,"commentCount":0,"image":{"@id":"https:\/\/www.turismoaguarda.es\/la-programacion-de-verano-continua-esta-semana-en-a-guarda-con-cine-feria-outlet-conciertos-y-eventos-deportivos\/#primaryimage"},"thumbnailUrl":"https:\/\/www.turismoaguarda.es\/wp-content\/uploads\/2022\/07\/NP-18072022-CONTINUA-PROGRAMACION-DE-VERAN1.jpg","keywords":["A Guarda","axgenda de verano","cultura","deporte","Programaci\u00f3n","turismo","verano en A Guarda"],"articleSection":["Noticias Turismo"],"inLanguage":"en-US","potentialAction":[{"@type":"CommentAction","name":"Comment","target":["https:\/\/www.turismoaguarda.es\/la-programacion-de-verano-continua-esta-semana-en-a-guarda-con-cine-feria-outlet-conciertos-y-eventos-deportivos\/#respond"]}]},{"@type":"WebPage","@id":"https:\/\/www.turismoaguarda.es\/la-programacion-de-verano-continua-esta-semana-en-a-guarda-con-cine-feria-outlet-conciertos-y-eventos-deportivos\/","url":"https:\/\/www.turismoaguarda.es\/la-programacion-de-verano-continua-esta-semana-en-a-guarda-con-cine-feria-outlet-conciertos-y-eventos-deportivos\/","name":"La programaci\u00f3n de verano contin\u00faa esta semana en A Guarda con cine, Feria Outlet, conciertos y eventos deportivos | Turismo A Guarda","isPartOf":{"@id":"https:\/\/www.turismoaguarda.es\/#website"},"primaryImageOfPage":{"@id":"https:\/\/www.turismoaguarda.es\/la-programacion-de-verano-continua-esta-semana-en-a-guarda-con-cine-feria-outlet-conciertos-y-eventos-deportivos\/#primaryimage"},"image":{"@id":"https:\/\/www.turismoaguarda.es\/la-programacion-de-verano-continua-esta-semana-en-a-guarda-con-cine-feria-outlet-conciertos-y-eventos-deportivos\/#primaryimage"},"thumbnailUrl":"https:\/\/www.turismoaguarda.es\/wp-content\/uploads\/2022\/07\/NP-18072022-CONTINUA-PROGRAMACION-DE-VERAN1.jpg","datePublished":"2022-07-18T09:33:11+00:00","dateModified":"2022-07-18T09:33:12+00:00","author":{"@id":"https:\/\/www.turismoaguarda.es\/#\/schema\/person\/a8b0c27ad7bcbb6c19799e934727508e"},"breadcrumb":{"@id":"https:\/\/www.turismoaguarda.es\/la-programacion-de-verano-continua-esta-semana-en-a-guarda-con-cine-feria-outlet-conciertos-y-eventos-deportivos\/#breadcrumb"},"inLanguage":"en-US","potentialAction":[{"@type":"ReadAction","target":["https:\/\/www.turismoaguarda.es\/la-programacion-de-verano-continua-esta-semana-en-a-guarda-con-cine-feria-outlet-conciertos-y-eventos-deportivos\/"]}]},{"@type":"ImageObject","inLanguage":"en-US","@id":"https:\/\/www.turismoaguarda.es\/la-programacion-de-verano-continua-esta-semana-en-a-guarda-con-cine-feria-outlet-conciertos-y-eventos-deportivos\/#primaryimage","url":"https:\/\/www.turismoaguarda.es\/wp-content\/uploads\/2022\/07\/NP-18072022-CONTINUA-PROGRAMACION-DE-VERAN1.jpg","contentUrl":"https:\/\/www.turismoaguarda.es\/wp-content\/uploads\/2022\/07\/NP-18072022-CONTINUA-PROGRAMACION-DE-VERAN1.jpg","width":800,"height":533},{"@type":"BreadcrumbList","@id":"https:\/\/www.turismoaguarda.es\/la-programacion-de-verano-continua-esta-semana-en-a-guarda-con-cine-feria-outlet-conciertos-y-eventos-deportivos\/#breadcrumb","itemListElement":[{"@type":"ListItem","position":1,"name":"Portada","item":"https:\/\/www.turismoaguarda.es\/en\/"},{"@type":"ListItem","position":2,"name":"La programaci\u00f3n de verano contin\u00faa esta semana en A Guarda con cine, Feria Outlet, conciertos y eventos deportivos"}]},{"@type":"WebSite","@id":"https:\/\/www.turismoaguarda.es\/#website","url":"https:\/\/www.turismoaguarda.es\/","name":"Turismo A Guarda","description":"Informaci\u00f3n tur\u00edstica de A Guarda y alrededores.","potentialAction":[{"@type":"SearchAction","target":{"@type":"EntryPoint","urlTemplate":"https:\/\/www.turismoaguarda.es\/?s={search_term_string}"},"query-input":{"@type":"PropertyValueSpecification","valueRequired":true,"valueName":"search_term_string"}}],"inLanguage":"en-US"},{"@type":"Person","@id":"https:\/\/www.turismoaguarda.es\/#\/schema\/person\/a8b0c27ad7bcbb6c19799e934727508e","name":"Prensa A Guarda","image":{"@type":"ImageObject","inLanguage":"en-US","@id":"https:\/\/secure.gravatar.com\/avatar\/387e117f874ba5d0a3439060b45d914395d77287b2e4890a49d1599fc3ef9189?s=96&d=mm&r=g","url":"https:\/\/secure.gravatar.com\/avatar\/387e117f874ba5d0a3439060b45d914395d77287b2e4890a49d1599fc3ef9189?s=96&d=mm&r=g","contentUrl":"https:\/\/secure.gravatar.com\/avatar\/387e117f874ba5d0a3439060b45d914395d77287b2e4890a49d1599fc3ef9189?s=96&d=mm&r=g","caption":"Prensa A Guarda"},"url":"https:\/\/www.turismoaguarda.es\/en\/author\/prensa\/"}]}},"_links":{"self":[{"href":"https:\/\/www.turismoaguarda.es\/en\/wp-json\/wp\/v2\/posts\/15800","targetHints":{"allow":["GET"]}}],"collection":[{"href":"https:\/\/www.turismoaguarda.es\/en\/wp-json\/wp\/v2\/posts"}],"about":[{"href":"https:\/\/www.turismoaguarda.es\/en\/wp-json\/wp\/v2\/types\/post"}],"author":[{"embeddable":true,"href":"https:\/\/www.turismoaguarda.es\/en\/wp-json\/wp\/v2\/users\/11"}],"replies":[{"embeddable":true,"href":"https:\/\/www.turismoaguarda.es\/en\/wp-json\/wp\/v2\/comments?post=15800"}],"version-history":[{"count":2,"href":"https:\/\/www.turismoaguarda.es\/en\/wp-json\/wp\/v2\/posts\/15800\/revisions"}],"predecessor-version":[{"id":15817,"href":"https:\/\/www.turismoaguarda.es\/en\/wp-json\/wp\/v2\/posts\/15800\/revisions\/15817"}],"wp:featuredmedia":[{"embeddable":true,"href":"https:\/\/www.turismoaguarda.es\/en\/wp-json\/wp\/v2\/media\/15813"}],"wp:attachment":[{"href":"https:\/\/www.turismoaguarda.es\/en\/wp-json\/wp\/v2\/media?parent=15800"}],"wp:term":[{"taxonomy":"category","embeddable":true,"href":"https:\/\/www.turismoaguarda.es\/en\/wp-json\/wp\/v2\/categories?post=15800"},{"taxonomy":"post_tag","embeddable":true,"href":"https:\/\/www.turismoaguarda.es\/en\/wp-json\/wp\/v2\/tags?post=15800"}],"curies":[{"name":"wp","href":"https:\/\/api.w.org\/{rel}","templated":true}]}}