{"id":15750,"date":"2022-07-04T18:06:12","date_gmt":"2022-07-04T16:06:12","guid":{"rendered":"https:\/\/www.turismoaguarda.es\/?p=15750"},"modified":"2022-07-04T18:06:13","modified_gmt":"2022-07-04T16:06:13","slug":"la-festa-da-langosta-e-da-cocina-marineira-deja-atras-la-pandemia-con-cifras-similares-a-2019","status":"publish","type":"post","link":"https:\/\/www.turismoaguarda.es\/en\/la-festa-da-langosta-e-da-cocina-marineira-deja-atras-la-pandemia-con-cifras-similares-a-2019\/","title":{"rendered":"La \u201cFesta da Langosta e da Coci\u00f1a Mari\u00f1eira\u201d deja atr\u00e1s la pandemia con cifras similares a 2019"},"content":{"rendered":"<p><em><strong>\u2022 La trig\u00e9sima edici\u00f3n del evento gastron\u00f3mico de referencia en A Guarda se cerr\u00f3 ayer noche con un concierto memorable de la cantante Erea Castro en la Plaza de San Benito.<\/strong><\/em><\/p>\n<p><em><strong>\u2022 El alcalde Antonio Lomba anunci\u00f3 una tercera edici\u00f3n del Festival Mar de Blues, dado el \u00e9xito de esta cita musical, que ya cuenta con numerosos fieles.<\/strong><\/em><\/p>\n<p><em><strong>\u2022 Langostas y n\u00e9coras fueron los productos m\u00e1s demandados, tanto en la carpa como en los restaurantes guardeses.<\/strong><\/em><\/p>\n<p>trig\u00e9sima \u201cFesta da Langosta e da Coci\u00f1a Mari\u00f1eira\u201d congreg\u00f3 en A Guarda del 1 al 3 de julio a centenares de vecinos y visitantes que no quisieron perderse el regreso tras la pandemia de una de las fiestas gastron\u00f3micas m\u00e1s populares de Galicia. Reivindicar los productos y elaboraciones propias de una villa marinera y unir esa reivindicaci\u00f3n a un potente programa cultural, con actividades para todas las edades, ha sido el gran acierto del Concello de A Guarda en esta edici\u00f3n postpand\u00e9mica de la celebraci\u00f3n.<br \/>\nNo es extra\u00f1o, entonces, que el evento repitiese resultados de 2019, una de las ediciones m\u00e1s exitosas de toda su historia, con cerca de 350 kilos de langosta vendida s\u00f3lo en la carpa, por lo que se prev\u00e9 un n\u00famero notablemente mayor con los pedidos realizados a lo largo de estos tres d\u00edas por los restaurantes locales. Como an\u00e9cdota, se\u00f1alar que este a\u00f1o aument\u00f3 de forma considerable el consumo de n\u00e9coras, que compitieron en sabor con la reina de la fiesta.<\/p>\n<p>La XXX \u201cFesta da Langosta e da Coci\u00f1a Mari\u00f1eira\u201d arranc\u00f3 el pasado viernes en la Plaza de San Benito con la entrega de sus renovadas Langostas de Oro a tres organizaciones locales: la Cofrad\u00eda de Pescadores Santa Tecla, por su trabajo a favor de la pesca artesanal y el marisqueo; la Asociaci\u00f3n de Redeiras Atalaia, por su esfuerzo a la hora de dar visibilidad y dignificar el trabajo de las mujeres del mar; y la Organizaci\u00f3n de Palangreros Guardeses, por su aportaci\u00f3n a la dinamizaci\u00f3n de la econom\u00eda guardesa. Por eso, la exitosa edici\u00f3n de 2022 se clausur\u00f3 en el mismo escenario.<br \/>\nLa protagonista de la noche de ayer fue la cantante Erea Castro, que deleit\u00f3 a los numerosos asistentes con una voz maravillosa y un estilo personal en el que tienen cabida diferentes estilos musicales. Entre ellos, el fado, del que es una de sus m\u00e1ximas exponentes. Tras ella, el grupo de gaitas A Boalleira fue el encargado de amenizar la \u00faltima noche de la fiesta. Y si hablamos de m\u00fasica, imposible no hacer referencia al Festival Mar de Blues que, seg\u00fan anunci\u00f3 el propio alcalde, Antonio Lomba, tendr\u00e1 una tercera edici\u00f3n. Las noches musicales en la Plaza do Rel\u00f3 fueron, sin duda, uno de los platos fuertes del evento gastron\u00f3mico, ya que atrajeron a amantes de este g\u00e9nero musical de toda Espa\u00f1a debido al prestigio de los m\u00fasicos que participaban.<br \/>\nLos otros protagonistas de la celebraci\u00f3n<br \/>\nLa fiesta guardesa cont\u00f3 con otros importantes atractivos, m\u00e1s all\u00e1 de la gastronom\u00eda y de la m\u00fasica en directo. El \u201cPiueiro\u201d, el volanteiro tradicional con una tripulaci\u00f3n formada por marineros jubilados de A Guarda, no par\u00f3 de realizar traves\u00edas a lo largo de todo el fin de semana; mientras que la mascota \u201cLangosta Castrexa\u201d, dise\u00f1ada con motivo del treinta aniversario de la fiesta y que ocup\u00f3 buena parte de las actividades destinadas a los m\u00e1s peque\u00f1os, triunf\u00f3 y se convirti\u00f3 en la compa\u00f1era ideal de los selfies de ni\u00f1os y mayores.<br \/>\nLa suma de todos estos factores provoc\u00f3 el \u00e9xito de esta cita organizada por el Concello de A Guarda, que se volc\u00f3 en esta \u201ccelebraci\u00f3n de la vida\u201d, como dijo el alcalde Antonio Lomba en su inauguraci\u00f3n. El par\u00e9ntesis de la pandemia ya qued\u00f3 atr\u00e1s y la \u201cFesta da Langosta e da Coci\u00f1a Mari\u00f1eira\u201d renace con todas las virtudes previas y a\u00f1adiendo una riqueza cultural que augura un crecimiento exponencial en futuras ediciones. Siempre con la idea de que cada guard\u00e9s se sienta orgulloso de su villa y de que cada visitante quiera regresar.<\/p>\n<p style=\"text-align: center;\"><a href=\"https:\/\/www.turismoaguarda.es\/la-festa-da-langosta-e-da-cocina-marineira-deja-atras-la-pandemia-con-cifras-similares-a-2019\/erea-castro-enamorou-co-seu-directo-2\/\" rel=\"attachment wp-att-15744\"><img loading=\"lazy\" decoding=\"async\" class=\"alignleft size-full wp-image-15744\" src=\"https:\/\/www.turismoaguarda.es\/wp-content\/uploads\/2022\/07\/Erea-Castro-enamorou-co-seu-directo-.jpg\" alt=\"\" width=\"800\" height=\"497\" srcset=\"https:\/\/www.turismoaguarda.es\/wp-content\/uploads\/2022\/07\/Erea-Castro-enamorou-co-seu-directo-.jpg 800w, https:\/\/www.turismoaguarda.es\/wp-content\/uploads\/2022\/07\/Erea-Castro-enamorou-co-seu-directo--300x186.jpg 300w, https:\/\/www.turismoaguarda.es\/wp-content\/uploads\/2022\/07\/Erea-Castro-enamorou-co-seu-directo--768x477.jpg 768w, https:\/\/www.turismoaguarda.es\/wp-content\/uploads\/2022\/07\/Erea-Castro-enamorou-co-seu-directo--150x93.jpg 150w, https:\/\/www.turismoaguarda.es\/wp-content\/uploads\/2022\/07\/Erea-Castro-enamorou-co-seu-directo--500x311.jpg 500w\" sizes=\"auto, (max-width: 800px) 100vw, 800px\" \/><\/a><a href=\"https:\/\/www.turismoaguarda.es\/la-festa-da-langosta-e-da-cocina-marineira-deja-atras-la-pandemia-con-cifras-similares-a-2019\/cheo-na-praza-para-escoitar-a-erea-castro-2\/\" rel=\"attachment wp-att-15741\"><img loading=\"lazy\" decoding=\"async\" class=\"alignleft size-full wp-image-15741\" src=\"https:\/\/www.turismoaguarda.es\/wp-content\/uploads\/2022\/07\/Cheo-na-praza-para-escoitar-a-Erea-Castro.jpg\" alt=\"\" width=\"800\" height=\"600\" srcset=\"https:\/\/www.turismoaguarda.es\/wp-content\/uploads\/2022\/07\/Cheo-na-praza-para-escoitar-a-Erea-Castro.jpg 800w, https:\/\/www.turismoaguarda.es\/wp-content\/uploads\/2022\/07\/Cheo-na-praza-para-escoitar-a-Erea-Castro-300x225.jpg 300w, https:\/\/www.turismoaguarda.es\/wp-content\/uploads\/2022\/07\/Cheo-na-praza-para-escoitar-a-Erea-Castro-768x576.jpg 768w, https:\/\/www.turismoaguarda.es\/wp-content\/uploads\/2022\/07\/Cheo-na-praza-para-escoitar-a-Erea-Castro-150x113.jpg 150w, https:\/\/www.turismoaguarda.es\/wp-content\/uploads\/2022\/07\/Cheo-na-praza-para-escoitar-a-Erea-Castro-500x375.jpg 500w\" sizes=\"auto, (max-width: 800px) 100vw, 800px\" \/><\/a><a href=\"https:\/\/www.turismoaguarda.es\/la-festa-da-langosta-e-da-cocina-marineira-deja-atras-la-pandemia-con-cifras-similares-a-2019\/a-boalleira-camino-da-carpa-2\/\" rel=\"attachment wp-att-15738\"><img loading=\"lazy\" decoding=\"async\" class=\"alignleft size-full wp-image-15738\" src=\"https:\/\/www.turismoaguarda.es\/wp-content\/uploads\/2022\/07\/A-Boalleira-camino-da-carpa.jpg\" alt=\"\" width=\"800\" height=\"524\" srcset=\"https:\/\/www.turismoaguarda.es\/wp-content\/uploads\/2022\/07\/A-Boalleira-camino-da-carpa.jpg 800w, https:\/\/www.turismoaguarda.es\/wp-content\/uploads\/2022\/07\/A-Boalleira-camino-da-carpa-300x197.jpg 300w, https:\/\/www.turismoaguarda.es\/wp-content\/uploads\/2022\/07\/A-Boalleira-camino-da-carpa-768x503.jpg 768w, https:\/\/www.turismoaguarda.es\/wp-content\/uploads\/2022\/07\/A-Boalleira-camino-da-carpa-150x98.jpg 150w, https:\/\/www.turismoaguarda.es\/wp-content\/uploads\/2022\/07\/A-Boalleira-camino-da-carpa-500x328.jpg 500w\" sizes=\"auto, (max-width: 800px) 100vw, 800px\" \/><\/a><\/p>\n","protected":false},"excerpt":{"rendered":"<p>\u2022 La trig\u00e9sima edici\u00f3n del evento gastron\u00f3mico de referencia en A Guarda se cerr\u00f3 ayer noche con un concierto memorable de la cantante Erea Castro en la Plaza de San Benito. \u2022 El alcalde Antonio Lomba anunci\u00f3 una tercera edici\u00f3n del Festival Mar de Blues, dado el \u00e9xito de esta cita musical, que ya cuenta<\/p>\n<div class=\"padding-top text-center\"><a href=\"https:\/\/www.turismoaguarda.es\/en\/la-festa-da-langosta-e-da-cocina-marineira-deja-atras-la-pandemia-con-cifras-similares-a-2019\/\" class=\"atbtn atbtn--medium atbtn--rounded atbtn--transparent\">Read more<i class=\"atbtn__icon atbtn__icon--right fa fa-long-arrow-right\"><\/i><\/a><\/div>\n","protected":false},"author":11,"featured_media":15747,"comment_status":"open","ping_status":"open","sticky":false,"template":"","format":"standard","meta":{"footnotes":""},"categories":[44],"tags":[169,1381,571],"class_list":["post-15750","post","type-post","status-publish","format-standard","has-post-thumbnail","hentry","category-noticias-turismo","tag-a-guarda","tag-festa-da-langosta","tag-gastronomia"],"yoast_head":"<!-- This site is optimized with the Yoast SEO plugin v27.4 - https:\/\/yoast.com\/product\/yoast-seo-wordpress\/ -->\n<title>La \u201cFesta da Langosta e da Coci\u00f1a Mari\u00f1eira\u201d deja atr\u00e1s la pandemia con cifras similares a 2019 | Turismo A Guarda<\/title>\n<meta name=\"description\" content=\"Langostas y n\u00e9coras fueron los productos m\u00e1s demandados, tanto en la carpa como en los restaurantes guardeses.\" \/>\n<meta name=\"robots\" content=\"index, follow, max-snippet:-1, max-image-preview:large, max-video-preview:-1\" \/>\n<link rel=\"canonical\" href=\"https:\/\/www.turismoaguarda.es\/la-festa-da-langosta-e-da-cocina-marineira-deja-atras-la-pandemia-con-cifras-similares-a-2019\/\" \/>\n<meta property=\"og:locale\" content=\"en_US\" \/>\n<meta property=\"og:type\" content=\"article\" \/>\n<meta property=\"og:title\" content=\"La \u201cFesta da Langosta e da Coci\u00f1a Mari\u00f1eira\u201d deja atr\u00e1s la pandemia con cifras similares a 2019 | Turismo A Guarda\" \/>\n<meta property=\"og:description\" content=\"Langostas y n\u00e9coras fueron los productos m\u00e1s demandados, tanto en la carpa como en los restaurantes guardeses.\" \/>\n<meta property=\"og:url\" content=\"https:\/\/www.turismoaguarda.es\/la-festa-da-langosta-e-da-cocina-marineira-deja-atras-la-pandemia-con-cifras-similares-a-2019\/\" \/>\n<meta property=\"og:site_name\" content=\"Turismo A Guarda\" \/>\n<meta property=\"article:publisher\" content=\"https:\/\/es-es.facebook.com\/Turismo-A-Guarda-126223240790625\/\" \/>\n<meta property=\"article:published_time\" content=\"2022-07-04T16:06:12+00:00\" \/>\n<meta property=\"article:modified_time\" content=\"2022-07-04T16:06:13+00:00\" \/>\n<meta property=\"og:image\" content=\"https:\/\/www.turismoaguarda.es\/wp-content\/uploads\/2022\/07\/O-concelleiro-Rafa-Alvarez-la-teniente-de-alcalde-Montserrat-Magallanes-y-el-alcalde-Antonio-Lomba-na-ultima-xornada-do-Mar-de-Blues.jpg\" \/>\n\t<meta property=\"og:image:width\" content=\"800\" \/>\n\t<meta property=\"og:image:height\" content=\"600\" \/>\n\t<meta property=\"og:image:type\" content=\"image\/jpeg\" \/>\n<meta name=\"author\" content=\"Prensa A Guarda\" \/>\n<meta name=\"twitter:card\" content=\"summary_large_image\" \/>\n<meta name=\"twitter:creator\" content=\"@TurismoAGuarda\" \/>\n<meta name=\"twitter:site\" content=\"@TurismoAGuarda\" \/>\n<meta name=\"twitter:label1\" content=\"Written by\" \/>\n\t<meta name=\"twitter:data1\" content=\"Prensa A Guarda\" \/>\n\t<meta name=\"twitter:label2\" content=\"Est. reading time\" \/>\n\t<meta name=\"twitter:data2\" content=\"4 minutes\" \/>\n<script type=\"application\/ld+json\" class=\"yoast-schema-graph\">{\"@context\":\"https:\\\/\\\/schema.org\",\"@graph\":[{\"@type\":\"Article\",\"@id\":\"https:\\\/\\\/www.turismoaguarda.es\\\/la-festa-da-langosta-e-da-cocina-marineira-deja-atras-la-pandemia-con-cifras-similares-a-2019\\\/#article\",\"isPartOf\":{\"@id\":\"https:\\\/\\\/www.turismoaguarda.es\\\/la-festa-da-langosta-e-da-cocina-marineira-deja-atras-la-pandemia-con-cifras-similares-a-2019\\\/\"},\"author\":{\"name\":\"Prensa A Guarda\",\"@id\":\"https:\\\/\\\/www.turismoaguarda.es\\\/#\\\/schema\\\/person\\\/a8b0c27ad7bcbb6c19799e934727508e\"},\"headline\":\"La \u201cFesta da Langosta e da Coci\u00f1a Mari\u00f1eira\u201d deja atr\u00e1s la pandemia con cifras similares a 2019\",\"datePublished\":\"2022-07-04T16:06:12+00:00\",\"dateModified\":\"2022-07-04T16:06:13+00:00\",\"mainEntityOfPage\":{\"@id\":\"https:\\\/\\\/www.turismoaguarda.es\\\/la-festa-da-langosta-e-da-cocina-marineira-deja-atras-la-pandemia-con-cifras-similares-a-2019\\\/\"},\"wordCount\":736,\"commentCount\":0,\"image\":{\"@id\":\"https:\\\/\\\/www.turismoaguarda.es\\\/la-festa-da-langosta-e-da-cocina-marineira-deja-atras-la-pandemia-con-cifras-similares-a-2019\\\/#primaryimage\"},\"thumbnailUrl\":\"https:\\\/\\\/www.turismoaguarda.es\\\/wp-content\\\/uploads\\\/2022\\\/07\\\/O-concelleiro-Rafa-Alvarez-la-teniente-de-alcalde-Montserrat-Magallanes-y-el-alcalde-Antonio-Lomba-na-ultima-xornada-do-Mar-de-Blues.jpg\",\"keywords\":[\"A Guarda\",\"Festa da langosta\",\"gastronom\u00eda.\"],\"articleSection\":[\"Noticias Turismo\"],\"inLanguage\":\"en-US\",\"potentialAction\":[{\"@type\":\"CommentAction\",\"name\":\"Comment\",\"target\":[\"https:\\\/\\\/www.turismoaguarda.es\\\/la-festa-da-langosta-e-da-cocina-marineira-deja-atras-la-pandemia-con-cifras-similares-a-2019\\\/#respond\"]}]},{\"@type\":\"WebPage\",\"@id\":\"https:\\\/\\\/www.turismoaguarda.es\\\/la-festa-da-langosta-e-da-cocina-marineira-deja-atras-la-pandemia-con-cifras-similares-a-2019\\\/\",\"url\":\"https:\\\/\\\/www.turismoaguarda.es\\\/la-festa-da-langosta-e-da-cocina-marineira-deja-atras-la-pandemia-con-cifras-similares-a-2019\\\/\",\"name\":\"La \u201cFesta da Langosta e da Coci\u00f1a Mari\u00f1eira\u201d deja atr\u00e1s la pandemia con cifras similares a 2019 | Turismo A Guarda\",\"isPartOf\":{\"@id\":\"https:\\\/\\\/www.turismoaguarda.es\\\/#website\"},\"primaryImageOfPage\":{\"@id\":\"https:\\\/\\\/www.turismoaguarda.es\\\/la-festa-da-langosta-e-da-cocina-marineira-deja-atras-la-pandemia-con-cifras-similares-a-2019\\\/#primaryimage\"},\"image\":{\"@id\":\"https:\\\/\\\/www.turismoaguarda.es\\\/la-festa-da-langosta-e-da-cocina-marineira-deja-atras-la-pandemia-con-cifras-similares-a-2019\\\/#primaryimage\"},\"thumbnailUrl\":\"https:\\\/\\\/www.turismoaguarda.es\\\/wp-content\\\/uploads\\\/2022\\\/07\\\/O-concelleiro-Rafa-Alvarez-la-teniente-de-alcalde-Montserrat-Magallanes-y-el-alcalde-Antonio-Lomba-na-ultima-xornada-do-Mar-de-Blues.jpg\",\"datePublished\":\"2022-07-04T16:06:12+00:00\",\"dateModified\":\"2022-07-04T16:06:13+00:00\",\"author\":{\"@id\":\"https:\\\/\\\/www.turismoaguarda.es\\\/#\\\/schema\\\/person\\\/a8b0c27ad7bcbb6c19799e934727508e\"},\"description\":\"Langostas y n\u00e9coras fueron los productos m\u00e1s demandados, tanto en la carpa como en los restaurantes guardeses.\",\"breadcrumb\":{\"@id\":\"https:\\\/\\\/www.turismoaguarda.es\\\/la-festa-da-langosta-e-da-cocina-marineira-deja-atras-la-pandemia-con-cifras-similares-a-2019\\\/#breadcrumb\"},\"inLanguage\":\"en-US\",\"potentialAction\":[{\"@type\":\"ReadAction\",\"target\":[\"https:\\\/\\\/www.turismoaguarda.es\\\/la-festa-da-langosta-e-da-cocina-marineira-deja-atras-la-pandemia-con-cifras-similares-a-2019\\\/\"]}]},{\"@type\":\"ImageObject\",\"inLanguage\":\"en-US\",\"@id\":\"https:\\\/\\\/www.turismoaguarda.es\\\/la-festa-da-langosta-e-da-cocina-marineira-deja-atras-la-pandemia-con-cifras-similares-a-2019\\\/#primaryimage\",\"url\":\"https:\\\/\\\/www.turismoaguarda.es\\\/wp-content\\\/uploads\\\/2022\\\/07\\\/O-concelleiro-Rafa-Alvarez-la-teniente-de-alcalde-Montserrat-Magallanes-y-el-alcalde-Antonio-Lomba-na-ultima-xornada-do-Mar-de-Blues.jpg\",\"contentUrl\":\"https:\\\/\\\/www.turismoaguarda.es\\\/wp-content\\\/uploads\\\/2022\\\/07\\\/O-concelleiro-Rafa-Alvarez-la-teniente-de-alcalde-Montserrat-Magallanes-y-el-alcalde-Antonio-Lomba-na-ultima-xornada-do-Mar-de-Blues.jpg\",\"width\":800,\"height\":600},{\"@type\":\"BreadcrumbList\",\"@id\":\"https:\\\/\\\/www.turismoaguarda.es\\\/la-festa-da-langosta-e-da-cocina-marineira-deja-atras-la-pandemia-con-cifras-similares-a-2019\\\/#breadcrumb\",\"itemListElement\":[{\"@type\":\"ListItem\",\"position\":1,\"name\":\"Portada\",\"item\":\"https:\\\/\\\/www.turismoaguarda.es\\\/en\\\/\"},{\"@type\":\"ListItem\",\"position\":2,\"name\":\"La \u201cFesta da Langosta e da Coci\u00f1a Mari\u00f1eira\u201d deja atr\u00e1s la pandemia con cifras similares a 2019\"}]},{\"@type\":\"WebSite\",\"@id\":\"https:\\\/\\\/www.turismoaguarda.es\\\/#website\",\"url\":\"https:\\\/\\\/www.turismoaguarda.es\\\/\",\"name\":\"Turismo A Guarda\",\"description\":\"Informaci\u00f3n tur\u00edstica de A Guarda y alrededores.\",\"potentialAction\":[{\"@type\":\"SearchAction\",\"target\":{\"@type\":\"EntryPoint\",\"urlTemplate\":\"https:\\\/\\\/www.turismoaguarda.es\\\/?s={search_term_string}\"},\"query-input\":{\"@type\":\"PropertyValueSpecification\",\"valueRequired\":true,\"valueName\":\"search_term_string\"}}],\"inLanguage\":\"en-US\"},{\"@type\":\"Person\",\"@id\":\"https:\\\/\\\/www.turismoaguarda.es\\\/#\\\/schema\\\/person\\\/a8b0c27ad7bcbb6c19799e934727508e\",\"name\":\"Prensa A Guarda\",\"image\":{\"@type\":\"ImageObject\",\"inLanguage\":\"en-US\",\"@id\":\"https:\\\/\\\/secure.gravatar.com\\\/avatar\\\/387e117f874ba5d0a3439060b45d914395d77287b2e4890a49d1599fc3ef9189?s=96&d=mm&r=g\",\"url\":\"https:\\\/\\\/secure.gravatar.com\\\/avatar\\\/387e117f874ba5d0a3439060b45d914395d77287b2e4890a49d1599fc3ef9189?s=96&d=mm&r=g\",\"contentUrl\":\"https:\\\/\\\/secure.gravatar.com\\\/avatar\\\/387e117f874ba5d0a3439060b45d914395d77287b2e4890a49d1599fc3ef9189?s=96&d=mm&r=g\",\"caption\":\"Prensa A Guarda\"},\"url\":\"https:\\\/\\\/www.turismoaguarda.es\\\/en\\\/author\\\/prensa\\\/\"}]}<\/script>\n<!-- \/ Yoast SEO plugin. -->","yoast_head_json":{"title":"La \u201cFesta da Langosta e da Coci\u00f1a Mari\u00f1eira\u201d deja atr\u00e1s la pandemia con cifras similares a 2019 | Turismo A Guarda","description":"Langostas y n\u00e9coras fueron los productos m\u00e1s demandados, tanto en la carpa como en los restaurantes guardeses.","robots":{"index":"index","follow":"follow","max-snippet":"max-snippet:-1","max-image-preview":"max-image-preview:large","max-video-preview":"max-video-preview:-1"},"canonical":"https:\/\/www.turismoaguarda.es\/la-festa-da-langosta-e-da-cocina-marineira-deja-atras-la-pandemia-con-cifras-similares-a-2019\/","og_locale":"en_US","og_type":"article","og_title":"La \u201cFesta da Langosta e da Coci\u00f1a Mari\u00f1eira\u201d deja atr\u00e1s la pandemia con cifras similares a 2019 | Turismo A Guarda","og_description":"Langostas y n\u00e9coras fueron los productos m\u00e1s demandados, tanto en la carpa como en los restaurantes guardeses.","og_url":"https:\/\/www.turismoaguarda.es\/la-festa-da-langosta-e-da-cocina-marineira-deja-atras-la-pandemia-con-cifras-similares-a-2019\/","og_site_name":"Turismo A Guarda","article_publisher":"https:\/\/es-es.facebook.com\/Turismo-A-Guarda-126223240790625\/","article_published_time":"2022-07-04T16:06:12+00:00","article_modified_time":"2022-07-04T16:06:13+00:00","og_image":[{"width":800,"height":600,"url":"https:\/\/www.turismoaguarda.es\/wp-content\/uploads\/2022\/07\/O-concelleiro-Rafa-Alvarez-la-teniente-de-alcalde-Montserrat-Magallanes-y-el-alcalde-Antonio-Lomba-na-ultima-xornada-do-Mar-de-Blues.jpg","type":"image\/jpeg"}],"author":"Prensa A Guarda","twitter_card":"summary_large_image","twitter_creator":"@TurismoAGuarda","twitter_site":"@TurismoAGuarda","twitter_misc":{"Written by":"Prensa A Guarda","Est. reading time":"4 minutes"},"schema":{"@context":"https:\/\/schema.org","@graph":[{"@type":"Article","@id":"https:\/\/www.turismoaguarda.es\/la-festa-da-langosta-e-da-cocina-marineira-deja-atras-la-pandemia-con-cifras-similares-a-2019\/#article","isPartOf":{"@id":"https:\/\/www.turismoaguarda.es\/la-festa-da-langosta-e-da-cocina-marineira-deja-atras-la-pandemia-con-cifras-similares-a-2019\/"},"author":{"name":"Prensa A Guarda","@id":"https:\/\/www.turismoaguarda.es\/#\/schema\/person\/a8b0c27ad7bcbb6c19799e934727508e"},"headline":"La \u201cFesta da Langosta e da Coci\u00f1a Mari\u00f1eira\u201d deja atr\u00e1s la pandemia con cifras similares a 2019","datePublished":"2022-07-04T16:06:12+00:00","dateModified":"2022-07-04T16:06:13+00:00","mainEntityOfPage":{"@id":"https:\/\/www.turismoaguarda.es\/la-festa-da-langosta-e-da-cocina-marineira-deja-atras-la-pandemia-con-cifras-similares-a-2019\/"},"wordCount":736,"commentCount":0,"image":{"@id":"https:\/\/www.turismoaguarda.es\/la-festa-da-langosta-e-da-cocina-marineira-deja-atras-la-pandemia-con-cifras-similares-a-2019\/#primaryimage"},"thumbnailUrl":"https:\/\/www.turismoaguarda.es\/wp-content\/uploads\/2022\/07\/O-concelleiro-Rafa-Alvarez-la-teniente-de-alcalde-Montserrat-Magallanes-y-el-alcalde-Antonio-Lomba-na-ultima-xornada-do-Mar-de-Blues.jpg","keywords":["A Guarda","Festa da langosta","gastronom\u00eda."],"articleSection":["Noticias Turismo"],"inLanguage":"en-US","potentialAction":[{"@type":"CommentAction","name":"Comment","target":["https:\/\/www.turismoaguarda.es\/la-festa-da-langosta-e-da-cocina-marineira-deja-atras-la-pandemia-con-cifras-similares-a-2019\/#respond"]}]},{"@type":"WebPage","@id":"https:\/\/www.turismoaguarda.es\/la-festa-da-langosta-e-da-cocina-marineira-deja-atras-la-pandemia-con-cifras-similares-a-2019\/","url":"https:\/\/www.turismoaguarda.es\/la-festa-da-langosta-e-da-cocina-marineira-deja-atras-la-pandemia-con-cifras-similares-a-2019\/","name":"La \u201cFesta da Langosta e da Coci\u00f1a Mari\u00f1eira\u201d deja atr\u00e1s la pandemia con cifras similares a 2019 | Turismo A Guarda","isPartOf":{"@id":"https:\/\/www.turismoaguarda.es\/#website"},"primaryImageOfPage":{"@id":"https:\/\/www.turismoaguarda.es\/la-festa-da-langosta-e-da-cocina-marineira-deja-atras-la-pandemia-con-cifras-similares-a-2019\/#primaryimage"},"image":{"@id":"https:\/\/www.turismoaguarda.es\/la-festa-da-langosta-e-da-cocina-marineira-deja-atras-la-pandemia-con-cifras-similares-a-2019\/#primaryimage"},"thumbnailUrl":"https:\/\/www.turismoaguarda.es\/wp-content\/uploads\/2022\/07\/O-concelleiro-Rafa-Alvarez-la-teniente-de-alcalde-Montserrat-Magallanes-y-el-alcalde-Antonio-Lomba-na-ultima-xornada-do-Mar-de-Blues.jpg","datePublished":"2022-07-04T16:06:12+00:00","dateModified":"2022-07-04T16:06:13+00:00","author":{"@id":"https:\/\/www.turismoaguarda.es\/#\/schema\/person\/a8b0c27ad7bcbb6c19799e934727508e"},"description":"Langostas y n\u00e9coras fueron los productos m\u00e1s demandados, tanto en la carpa como en los restaurantes guardeses.","breadcrumb":{"@id":"https:\/\/www.turismoaguarda.es\/la-festa-da-langosta-e-da-cocina-marineira-deja-atras-la-pandemia-con-cifras-similares-a-2019\/#breadcrumb"},"inLanguage":"en-US","potentialAction":[{"@type":"ReadAction","target":["https:\/\/www.turismoaguarda.es\/la-festa-da-langosta-e-da-cocina-marineira-deja-atras-la-pandemia-con-cifras-similares-a-2019\/"]}]},{"@type":"ImageObject","inLanguage":"en-US","@id":"https:\/\/www.turismoaguarda.es\/la-festa-da-langosta-e-da-cocina-marineira-deja-atras-la-pandemia-con-cifras-similares-a-2019\/#primaryimage","url":"https:\/\/www.turismoaguarda.es\/wp-content\/uploads\/2022\/07\/O-concelleiro-Rafa-Alvarez-la-teniente-de-alcalde-Montserrat-Magallanes-y-el-alcalde-Antonio-Lomba-na-ultima-xornada-do-Mar-de-Blues.jpg","contentUrl":"https:\/\/www.turismoaguarda.es\/wp-content\/uploads\/2022\/07\/O-concelleiro-Rafa-Alvarez-la-teniente-de-alcalde-Montserrat-Magallanes-y-el-alcalde-Antonio-Lomba-na-ultima-xornada-do-Mar-de-Blues.jpg","width":800,"height":600},{"@type":"BreadcrumbList","@id":"https:\/\/www.turismoaguarda.es\/la-festa-da-langosta-e-da-cocina-marineira-deja-atras-la-pandemia-con-cifras-similares-a-2019\/#breadcrumb","itemListElement":[{"@type":"ListItem","position":1,"name":"Portada","item":"https:\/\/www.turismoaguarda.es\/en\/"},{"@type":"ListItem","position":2,"name":"La \u201cFesta da Langosta e da Coci\u00f1a Mari\u00f1eira\u201d deja atr\u00e1s la pandemia con cifras similares a 2019"}]},{"@type":"WebSite","@id":"https:\/\/www.turismoaguarda.es\/#website","url":"https:\/\/www.turismoaguarda.es\/","name":"Turismo A Guarda","description":"Informaci\u00f3n tur\u00edstica de A Guarda y alrededores.","potentialAction":[{"@type":"SearchAction","target":{"@type":"EntryPoint","urlTemplate":"https:\/\/www.turismoaguarda.es\/?s={search_term_string}"},"query-input":{"@type":"PropertyValueSpecification","valueRequired":true,"valueName":"search_term_string"}}],"inLanguage":"en-US"},{"@type":"Person","@id":"https:\/\/www.turismoaguarda.es\/#\/schema\/person\/a8b0c27ad7bcbb6c19799e934727508e","name":"Prensa A Guarda","image":{"@type":"ImageObject","inLanguage":"en-US","@id":"https:\/\/secure.gravatar.com\/avatar\/387e117f874ba5d0a3439060b45d914395d77287b2e4890a49d1599fc3ef9189?s=96&d=mm&r=g","url":"https:\/\/secure.gravatar.com\/avatar\/387e117f874ba5d0a3439060b45d914395d77287b2e4890a49d1599fc3ef9189?s=96&d=mm&r=g","contentUrl":"https:\/\/secure.gravatar.com\/avatar\/387e117f874ba5d0a3439060b45d914395d77287b2e4890a49d1599fc3ef9189?s=96&d=mm&r=g","caption":"Prensa A Guarda"},"url":"https:\/\/www.turismoaguarda.es\/en\/author\/prensa\/"}]}},"_links":{"self":[{"href":"https:\/\/www.turismoaguarda.es\/en\/wp-json\/wp\/v2\/posts\/15750","targetHints":{"allow":["GET"]}}],"collection":[{"href":"https:\/\/www.turismoaguarda.es\/en\/wp-json\/wp\/v2\/posts"}],"about":[{"href":"https:\/\/www.turismoaguarda.es\/en\/wp-json\/wp\/v2\/types\/post"}],"author":[{"embeddable":true,"href":"https:\/\/www.turismoaguarda.es\/en\/wp-json\/wp\/v2\/users\/11"}],"replies":[{"embeddable":true,"href":"https:\/\/www.turismoaguarda.es\/en\/wp-json\/wp\/v2\/comments?post=15750"}],"version-history":[{"count":3,"href":"https:\/\/www.turismoaguarda.es\/en\/wp-json\/wp\/v2\/posts\/15750\/revisions"}],"predecessor-version":[{"id":15753,"href":"https:\/\/www.turismoaguarda.es\/en\/wp-json\/wp\/v2\/posts\/15750\/revisions\/15753"}],"wp:featuredmedia":[{"embeddable":true,"href":"https:\/\/www.turismoaguarda.es\/en\/wp-json\/wp\/v2\/media\/15747"}],"wp:attachment":[{"href":"https:\/\/www.turismoaguarda.es\/en\/wp-json\/wp\/v2\/media?parent=15750"}],"wp:term":[{"taxonomy":"category","embeddable":true,"href":"https:\/\/www.turismoaguarda.es\/en\/wp-json\/wp\/v2\/categories?post=15750"},{"taxonomy":"post_tag","embeddable":true,"href":"https:\/\/www.turismoaguarda.es\/en\/wp-json\/wp\/v2\/tags?post=15750"}],"curies":[{"name":"wp","href":"https:\/\/api.w.org\/{rel}","templated":true}]}}