{"id":15727,"date":"2022-07-04T08:59:35","date_gmt":"2022-07-04T06:59:35","guid":{"rendered":"https:\/\/www.turismoaguarda.es\/?p=15727"},"modified":"2022-07-04T08:59:35","modified_gmt":"2022-07-04T06:59:35","slug":"langosta-blues-y-el-piueiro-ingredientes-estrella-de-la-xxx-festa-da-langosta-e-da-cocina-marineira","status":"publish","type":"post","link":"https:\/\/www.turismoaguarda.es\/en\/langosta-blues-y-el-piueiro-ingredientes-estrella-de-la-xxx-festa-da-langosta-e-da-cocina-marineira\/","title":{"rendered":"Langosta, blues y el \u2018Piueiro\u2019, ingredientes estrella de la XXX Festa da Langosta e da Coci\u00f1a Mari\u00f1eira"},"content":{"rendered":"<p>Los truenos y chaparrones con los que se despert\u00f3 esta ma\u00f1ana A Guarda dieron paso a mediod\u00eda a un apacible domingo repleto de actividades con el que el Concello pon\u00eda punto final a la trig\u00e9sima edici\u00f3n de la Festa da Langosta e da Coci\u00f1a Mari\u00f1eira. La gastronom\u00eda, la m\u00fasica en directo y las traves\u00edas a bordo de un barco tradicional como el \u201cPiueiro\u201d han sido los principales atractivos de una fiesta que se ha prolongado tres d\u00edas y de la que han disfrutado numerosos vecinos y visitantes. Un programa m\u00e1s que apetecible con el que se identificaron miles de personas, desde los amantes de la buena m\u00fasica a los que saben apreciar la buena mesa. El dif\u00edcil objetivo de agradar a todos por igual se ha cumplido en el treinta aniversario de una celebraci\u00f3n que comenz\u00f3 por una casualidad -en 1991 hubo una inusual abundancia de este crust\u00e1ceo en sus costas y se decidi\u00f3 hacer una fiesta de exaltaci\u00f3n del producto- y que, hoy, salvo los dos a\u00f1os m\u00e1s duros de la pandemia, no ha dejado de crecer en admiradores.<\/p>\n<p>&nbsp;<\/p>\n<p>&nbsp;<\/p>\n<p>Adem\u00e1s de los vecinos, estos d\u00edas en A Guarda se dieron cita numerosos turistas, algunos de ellos viejos conocidos y otros que celebraban su primera vez en un pueblo que cuenta con todos los encantos de una villa marinera, incluidos unos alrededores espectaculares.<\/p>\n<p>De ello pueden dar fe, por ejemplo, algunos de los m\u00fasicos que protagonizaron el Festival Mar de Blues y que el s\u00e1bado a mediod\u00eda se acercaron hasta el Monte Santa Tegra para admirar el paisaje desde la cima. Precisamente, ellos fueron los protagonistas indiscutibles de la noche del s\u00e1bado -y parte de la madrugada- con una \u2018jam session\u2019 inolvidable que congreg\u00f3 en el escenario de la Plaza do Rel\u00f3 a int\u00e9rpretes de la talla de Will Jacobs, Remi Bankyln, Julian Vaughh, Javier Vacas, Marcos Coll y Javier Turnes, entre otros instrumentistas. \u00a0Desde Chicago a Londres, pasando por Santiago de Compostela hasta A Guarda, el cartel del Mar de Blues atrajo a un buen n\u00famero de personas, que acabaron enamoradas del potente directo de estos m\u00fasicos, que improvisaron con hasta cinco formaciones diferentes.<\/p>\n<p>El alcalde de A Guarda, Antonio Lomba; la teniente de alcalde, Montserrat Magallanes; y el concejal de Fiestas y Turismo, Rafa \u00c1lvarez, se subieron al escenario para agradecer a los int\u00e9rpretes su participaci\u00f3n en el evento y agasajarles con algunos recuerdos de la villa y de su paso por la fiesta.<\/p>\n<p>Y si la noche fue para el blues y el mediod\u00eda para la langosta y otros manjares marinos, la tarde tuvo un claro protagonista: el \u201cPiueiro\u201d. La embarcaci\u00f3n tradicional, una de las m\u00e1s representativas del pueblo guard\u00e9s junto con la gamela, realiz\u00f3 viajes durante toda la tarde para mostrar a los visitantes la navegaci\u00f3n del barco con el que los marineros guardeses iban hasta Gran Sol. Una odisea que relatan los experimentados miembros de la asociaci\u00f3n, formada en su mayor\u00eda por armadores y pescadores jubilados.<\/p>\n<p><strong>Erea Castro, el broche de oro a tres d\u00edas de fiesta en torno a la langosta<\/strong><\/p>\n<p>La ruta de las cetarias y del Museo del Mar, los pasacalles a cargo de grupos locales, el verm\u00fa marinero y la feria de artesan\u00eda coparon la agenda dominical de numerosas personas en esta jornada final de la fiesta. La m\u00fasica, en este tercer y \u00faltimo d\u00eda de fiesta, ha corrido a cargo de Erea Castro, con una actuaci\u00f3n en la Plaza de San Benito, mientras que el grupo \u201cA Boalleira\u201d ha amenizado musicalmente la despedida entre el puerto y la carpa.<\/p>\n","protected":false},"excerpt":{"rendered":"<p>Los truenos y chaparrones con los que se despert\u00f3 esta ma\u00f1ana A Guarda dieron paso a mediod\u00eda a un apacible domingo repleto de actividades con el que el Concello pon\u00eda punto final a la trig\u00e9sima edici\u00f3n de la Festa da Langosta e da Coci\u00f1a Mari\u00f1eira. La gastronom\u00eda, la m\u00fasica en directo y las traves\u00edas a<\/p>\n<div class=\"padding-top text-center\"><a href=\"https:\/\/www.turismoaguarda.es\/en\/langosta-blues-y-el-piueiro-ingredientes-estrella-de-la-xxx-festa-da-langosta-e-da-cocina-marineira\/\" class=\"atbtn atbtn--medium atbtn--rounded atbtn--transparent\">Read more<i class=\"atbtn__icon atbtn__icon--right fa fa-long-arrow-right\"><\/i><\/a><\/div>\n","protected":false},"author":11,"featured_media":15729,"comment_status":"open","ping_status":"open","sticky":false,"template":"","format":"standard","meta":{"footnotes":""},"categories":[44],"tags":[169,1381,571,168],"class_list":["post-15727","post","type-post","status-publish","format-standard","has-post-thumbnail","hentry","category-noticias-turismo","tag-a-guarda","tag-festa-da-langosta","tag-gastronomia","tag-turismo"],"yoast_head":"<!-- This site is optimized with the Yoast SEO plugin v27.4 - https:\/\/yoast.com\/product\/yoast-seo-wordpress\/ -->\n<title>Langosta, blues y el \u2018Piueiro\u2019, ingredientes estrella de la XXX Festa da Langosta e da Coci\u00f1a Mari\u00f1eira | Turismo A Guarda<\/title>\n<meta name=\"description\" content=\"La lluvia y los truenos de primera hora de la ma\u00f1ana en A Guarda dieron paso a mediod\u00eda a una jornada menos soleada pero igual de exitosa que las dos anteriores y en la que no falt\u00f3 de nada.\" \/>\n<meta name=\"robots\" content=\"index, follow, max-snippet:-1, max-image-preview:large, max-video-preview:-1\" \/>\n<link rel=\"canonical\" href=\"https:\/\/www.turismoaguarda.es\/langosta-blues-y-el-piueiro-ingredientes-estrella-de-la-xxx-festa-da-langosta-e-da-cocina-marineira\/\" \/>\n<meta property=\"og:locale\" content=\"en_US\" \/>\n<meta property=\"og:type\" content=\"article\" \/>\n<meta property=\"og:title\" content=\"Langosta, blues y el \u2018Piueiro\u2019, ingredientes estrella de la XXX Festa da Langosta e da Coci\u00f1a Mari\u00f1eira | Turismo A Guarda\" \/>\n<meta property=\"og:description\" content=\"La lluvia y los truenos de primera hora de la ma\u00f1ana en A Guarda dieron paso a mediod\u00eda a una jornada menos soleada pero igual de exitosa que las dos anteriores y en la que no falt\u00f3 de nada.\" \/>\n<meta property=\"og:url\" content=\"https:\/\/www.turismoaguarda.es\/langosta-blues-y-el-piueiro-ingredientes-estrella-de-la-xxx-festa-da-langosta-e-da-cocina-marineira\/\" \/>\n<meta property=\"og:site_name\" content=\"Turismo A Guarda\" \/>\n<meta property=\"article:publisher\" content=\"https:\/\/es-es.facebook.com\/Turismo-A-Guarda-126223240790625\/\" \/>\n<meta property=\"article:published_time\" content=\"2022-07-04T06:59:35+00:00\" \/>\n<meta property=\"og:image\" content=\"https:\/\/www.turismoaguarda.es\/wp-content\/uploads\/2022\/07\/A-carpa.-este-mediodia-.jpg\" \/>\n\t<meta property=\"og:image:width\" content=\"800\" \/>\n\t<meta property=\"og:image:height\" content=\"600\" \/>\n\t<meta property=\"og:image:type\" content=\"image\/jpeg\" \/>\n<meta name=\"author\" content=\"Prensa A Guarda\" \/>\n<meta name=\"twitter:card\" content=\"summary_large_image\" \/>\n<meta name=\"twitter:creator\" content=\"@TurismoAGuarda\" \/>\n<meta name=\"twitter:site\" content=\"@TurismoAGuarda\" \/>\n<meta name=\"twitter:label1\" content=\"Written by\" \/>\n\t<meta name=\"twitter:data1\" content=\"Prensa A Guarda\" \/>\n\t<meta name=\"twitter:label2\" content=\"Est. reading time\" \/>\n\t<meta name=\"twitter:data2\" content=\"3 minutes\" \/>\n<script type=\"application\/ld+json\" class=\"yoast-schema-graph\">{\"@context\":\"https:\\\/\\\/schema.org\",\"@graph\":[{\"@type\":\"Article\",\"@id\":\"https:\\\/\\\/www.turismoaguarda.es\\\/langosta-blues-y-el-piueiro-ingredientes-estrella-de-la-xxx-festa-da-langosta-e-da-cocina-marineira\\\/#article\",\"isPartOf\":{\"@id\":\"https:\\\/\\\/www.turismoaguarda.es\\\/langosta-blues-y-el-piueiro-ingredientes-estrella-de-la-xxx-festa-da-langosta-e-da-cocina-marineira\\\/\"},\"author\":{\"name\":\"Prensa A Guarda\",\"@id\":\"https:\\\/\\\/www.turismoaguarda.es\\\/#\\\/schema\\\/person\\\/a8b0c27ad7bcbb6c19799e934727508e\"},\"headline\":\"Langosta, blues y el \u2018Piueiro\u2019, ingredientes estrella de la XXX Festa da Langosta e da Coci\u00f1a Mari\u00f1eira\",\"datePublished\":\"2022-07-04T06:59:35+00:00\",\"mainEntityOfPage\":{\"@id\":\"https:\\\/\\\/www.turismoaguarda.es\\\/langosta-blues-y-el-piueiro-ingredientes-estrella-de-la-xxx-festa-da-langosta-e-da-cocina-marineira\\\/\"},\"wordCount\":651,\"commentCount\":0,\"image\":{\"@id\":\"https:\\\/\\\/www.turismoaguarda.es\\\/langosta-blues-y-el-piueiro-ingredientes-estrella-de-la-xxx-festa-da-langosta-e-da-cocina-marineira\\\/#primaryimage\"},\"thumbnailUrl\":\"https:\\\/\\\/www.turismoaguarda.es\\\/wp-content\\\/uploads\\\/2022\\\/07\\\/A-carpa.-este-mediodia-.jpg\",\"keywords\":[\"A Guarda\",\"Festa da langosta\",\"gastronom\u00eda.\",\"turismo\"],\"articleSection\":[\"Noticias Turismo\"],\"inLanguage\":\"en-US\",\"potentialAction\":[{\"@type\":\"CommentAction\",\"name\":\"Comment\",\"target\":[\"https:\\\/\\\/www.turismoaguarda.es\\\/langosta-blues-y-el-piueiro-ingredientes-estrella-de-la-xxx-festa-da-langosta-e-da-cocina-marineira\\\/#respond\"]}]},{\"@type\":\"WebPage\",\"@id\":\"https:\\\/\\\/www.turismoaguarda.es\\\/langosta-blues-y-el-piueiro-ingredientes-estrella-de-la-xxx-festa-da-langosta-e-da-cocina-marineira\\\/\",\"url\":\"https:\\\/\\\/www.turismoaguarda.es\\\/langosta-blues-y-el-piueiro-ingredientes-estrella-de-la-xxx-festa-da-langosta-e-da-cocina-marineira\\\/\",\"name\":\"Langosta, blues y el \u2018Piueiro\u2019, ingredientes estrella de la XXX Festa da Langosta e da Coci\u00f1a Mari\u00f1eira | Turismo A Guarda\",\"isPartOf\":{\"@id\":\"https:\\\/\\\/www.turismoaguarda.es\\\/#website\"},\"primaryImageOfPage\":{\"@id\":\"https:\\\/\\\/www.turismoaguarda.es\\\/langosta-blues-y-el-piueiro-ingredientes-estrella-de-la-xxx-festa-da-langosta-e-da-cocina-marineira\\\/#primaryimage\"},\"image\":{\"@id\":\"https:\\\/\\\/www.turismoaguarda.es\\\/langosta-blues-y-el-piueiro-ingredientes-estrella-de-la-xxx-festa-da-langosta-e-da-cocina-marineira\\\/#primaryimage\"},\"thumbnailUrl\":\"https:\\\/\\\/www.turismoaguarda.es\\\/wp-content\\\/uploads\\\/2022\\\/07\\\/A-carpa.-este-mediodia-.jpg\",\"datePublished\":\"2022-07-04T06:59:35+00:00\",\"author\":{\"@id\":\"https:\\\/\\\/www.turismoaguarda.es\\\/#\\\/schema\\\/person\\\/a8b0c27ad7bcbb6c19799e934727508e\"},\"description\":\"La lluvia y los truenos de primera hora de la ma\u00f1ana en A Guarda dieron paso a mediod\u00eda a una jornada menos soleada pero igual de exitosa que las dos anteriores y en la que no falt\u00f3 de nada.\",\"breadcrumb\":{\"@id\":\"https:\\\/\\\/www.turismoaguarda.es\\\/langosta-blues-y-el-piueiro-ingredientes-estrella-de-la-xxx-festa-da-langosta-e-da-cocina-marineira\\\/#breadcrumb\"},\"inLanguage\":\"en-US\",\"potentialAction\":[{\"@type\":\"ReadAction\",\"target\":[\"https:\\\/\\\/www.turismoaguarda.es\\\/langosta-blues-y-el-piueiro-ingredientes-estrella-de-la-xxx-festa-da-langosta-e-da-cocina-marineira\\\/\"]}]},{\"@type\":\"ImageObject\",\"inLanguage\":\"en-US\",\"@id\":\"https:\\\/\\\/www.turismoaguarda.es\\\/langosta-blues-y-el-piueiro-ingredientes-estrella-de-la-xxx-festa-da-langosta-e-da-cocina-marineira\\\/#primaryimage\",\"url\":\"https:\\\/\\\/www.turismoaguarda.es\\\/wp-content\\\/uploads\\\/2022\\\/07\\\/A-carpa.-este-mediodia-.jpg\",\"contentUrl\":\"https:\\\/\\\/www.turismoaguarda.es\\\/wp-content\\\/uploads\\\/2022\\\/07\\\/A-carpa.-este-mediodia-.jpg\",\"width\":800,\"height\":600},{\"@type\":\"BreadcrumbList\",\"@id\":\"https:\\\/\\\/www.turismoaguarda.es\\\/langosta-blues-y-el-piueiro-ingredientes-estrella-de-la-xxx-festa-da-langosta-e-da-cocina-marineira\\\/#breadcrumb\",\"itemListElement\":[{\"@type\":\"ListItem\",\"position\":1,\"name\":\"Portada\",\"item\":\"https:\\\/\\\/www.turismoaguarda.es\\\/en\\\/\"},{\"@type\":\"ListItem\",\"position\":2,\"name\":\"Langosta, blues y el \u2018Piueiro\u2019, ingredientes estrella de la XXX Festa da Langosta e da Coci\u00f1a Mari\u00f1eira\"}]},{\"@type\":\"WebSite\",\"@id\":\"https:\\\/\\\/www.turismoaguarda.es\\\/#website\",\"url\":\"https:\\\/\\\/www.turismoaguarda.es\\\/\",\"name\":\"Turismo A Guarda\",\"description\":\"Informaci\u00f3n tur\u00edstica de A Guarda y alrededores.\",\"potentialAction\":[{\"@type\":\"SearchAction\",\"target\":{\"@type\":\"EntryPoint\",\"urlTemplate\":\"https:\\\/\\\/www.turismoaguarda.es\\\/?s={search_term_string}\"},\"query-input\":{\"@type\":\"PropertyValueSpecification\",\"valueRequired\":true,\"valueName\":\"search_term_string\"}}],\"inLanguage\":\"en-US\"},{\"@type\":\"Person\",\"@id\":\"https:\\\/\\\/www.turismoaguarda.es\\\/#\\\/schema\\\/person\\\/a8b0c27ad7bcbb6c19799e934727508e\",\"name\":\"Prensa A Guarda\",\"image\":{\"@type\":\"ImageObject\",\"inLanguage\":\"en-US\",\"@id\":\"https:\\\/\\\/secure.gravatar.com\\\/avatar\\\/387e117f874ba5d0a3439060b45d914395d77287b2e4890a49d1599fc3ef9189?s=96&d=mm&r=g\",\"url\":\"https:\\\/\\\/secure.gravatar.com\\\/avatar\\\/387e117f874ba5d0a3439060b45d914395d77287b2e4890a49d1599fc3ef9189?s=96&d=mm&r=g\",\"contentUrl\":\"https:\\\/\\\/secure.gravatar.com\\\/avatar\\\/387e117f874ba5d0a3439060b45d914395d77287b2e4890a49d1599fc3ef9189?s=96&d=mm&r=g\",\"caption\":\"Prensa A Guarda\"},\"url\":\"https:\\\/\\\/www.turismoaguarda.es\\\/en\\\/author\\\/prensa\\\/\"}]}<\/script>\n<!-- \/ Yoast SEO plugin. -->","yoast_head_json":{"title":"Langosta, blues y el \u2018Piueiro\u2019, ingredientes estrella de la XXX Festa da Langosta e da Coci\u00f1a Mari\u00f1eira | Turismo A Guarda","description":"La lluvia y los truenos de primera hora de la ma\u00f1ana en A Guarda dieron paso a mediod\u00eda a una jornada menos soleada pero igual de exitosa que las dos anteriores y en la que no falt\u00f3 de nada.","robots":{"index":"index","follow":"follow","max-snippet":"max-snippet:-1","max-image-preview":"max-image-preview:large","max-video-preview":"max-video-preview:-1"},"canonical":"https:\/\/www.turismoaguarda.es\/langosta-blues-y-el-piueiro-ingredientes-estrella-de-la-xxx-festa-da-langosta-e-da-cocina-marineira\/","og_locale":"en_US","og_type":"article","og_title":"Langosta, blues y el \u2018Piueiro\u2019, ingredientes estrella de la XXX Festa da Langosta e da Coci\u00f1a Mari\u00f1eira | Turismo A Guarda","og_description":"La lluvia y los truenos de primera hora de la ma\u00f1ana en A Guarda dieron paso a mediod\u00eda a una jornada menos soleada pero igual de exitosa que las dos anteriores y en la que no falt\u00f3 de nada.","og_url":"https:\/\/www.turismoaguarda.es\/langosta-blues-y-el-piueiro-ingredientes-estrella-de-la-xxx-festa-da-langosta-e-da-cocina-marineira\/","og_site_name":"Turismo A Guarda","article_publisher":"https:\/\/es-es.facebook.com\/Turismo-A-Guarda-126223240790625\/","article_published_time":"2022-07-04T06:59:35+00:00","og_image":[{"width":800,"height":600,"url":"https:\/\/www.turismoaguarda.es\/wp-content\/uploads\/2022\/07\/A-carpa.-este-mediodia-.jpg","type":"image\/jpeg"}],"author":"Prensa A Guarda","twitter_card":"summary_large_image","twitter_creator":"@TurismoAGuarda","twitter_site":"@TurismoAGuarda","twitter_misc":{"Written by":"Prensa A Guarda","Est. reading time":"3 minutes"},"schema":{"@context":"https:\/\/schema.org","@graph":[{"@type":"Article","@id":"https:\/\/www.turismoaguarda.es\/langosta-blues-y-el-piueiro-ingredientes-estrella-de-la-xxx-festa-da-langosta-e-da-cocina-marineira\/#article","isPartOf":{"@id":"https:\/\/www.turismoaguarda.es\/langosta-blues-y-el-piueiro-ingredientes-estrella-de-la-xxx-festa-da-langosta-e-da-cocina-marineira\/"},"author":{"name":"Prensa A Guarda","@id":"https:\/\/www.turismoaguarda.es\/#\/schema\/person\/a8b0c27ad7bcbb6c19799e934727508e"},"headline":"Langosta, blues y el \u2018Piueiro\u2019, ingredientes estrella de la XXX Festa da Langosta e da Coci\u00f1a Mari\u00f1eira","datePublished":"2022-07-04T06:59:35+00:00","mainEntityOfPage":{"@id":"https:\/\/www.turismoaguarda.es\/langosta-blues-y-el-piueiro-ingredientes-estrella-de-la-xxx-festa-da-langosta-e-da-cocina-marineira\/"},"wordCount":651,"commentCount":0,"image":{"@id":"https:\/\/www.turismoaguarda.es\/langosta-blues-y-el-piueiro-ingredientes-estrella-de-la-xxx-festa-da-langosta-e-da-cocina-marineira\/#primaryimage"},"thumbnailUrl":"https:\/\/www.turismoaguarda.es\/wp-content\/uploads\/2022\/07\/A-carpa.-este-mediodia-.jpg","keywords":["A Guarda","Festa da langosta","gastronom\u00eda.","turismo"],"articleSection":["Noticias Turismo"],"inLanguage":"en-US","potentialAction":[{"@type":"CommentAction","name":"Comment","target":["https:\/\/www.turismoaguarda.es\/langosta-blues-y-el-piueiro-ingredientes-estrella-de-la-xxx-festa-da-langosta-e-da-cocina-marineira\/#respond"]}]},{"@type":"WebPage","@id":"https:\/\/www.turismoaguarda.es\/langosta-blues-y-el-piueiro-ingredientes-estrella-de-la-xxx-festa-da-langosta-e-da-cocina-marineira\/","url":"https:\/\/www.turismoaguarda.es\/langosta-blues-y-el-piueiro-ingredientes-estrella-de-la-xxx-festa-da-langosta-e-da-cocina-marineira\/","name":"Langosta, blues y el \u2018Piueiro\u2019, ingredientes estrella de la XXX Festa da Langosta e da Coci\u00f1a Mari\u00f1eira | Turismo A Guarda","isPartOf":{"@id":"https:\/\/www.turismoaguarda.es\/#website"},"primaryImageOfPage":{"@id":"https:\/\/www.turismoaguarda.es\/langosta-blues-y-el-piueiro-ingredientes-estrella-de-la-xxx-festa-da-langosta-e-da-cocina-marineira\/#primaryimage"},"image":{"@id":"https:\/\/www.turismoaguarda.es\/langosta-blues-y-el-piueiro-ingredientes-estrella-de-la-xxx-festa-da-langosta-e-da-cocina-marineira\/#primaryimage"},"thumbnailUrl":"https:\/\/www.turismoaguarda.es\/wp-content\/uploads\/2022\/07\/A-carpa.-este-mediodia-.jpg","datePublished":"2022-07-04T06:59:35+00:00","author":{"@id":"https:\/\/www.turismoaguarda.es\/#\/schema\/person\/a8b0c27ad7bcbb6c19799e934727508e"},"description":"La lluvia y los truenos de primera hora de la ma\u00f1ana en A Guarda dieron paso a mediod\u00eda a una jornada menos soleada pero igual de exitosa que las dos anteriores y en la que no falt\u00f3 de nada.","breadcrumb":{"@id":"https:\/\/www.turismoaguarda.es\/langosta-blues-y-el-piueiro-ingredientes-estrella-de-la-xxx-festa-da-langosta-e-da-cocina-marineira\/#breadcrumb"},"inLanguage":"en-US","potentialAction":[{"@type":"ReadAction","target":["https:\/\/www.turismoaguarda.es\/langosta-blues-y-el-piueiro-ingredientes-estrella-de-la-xxx-festa-da-langosta-e-da-cocina-marineira\/"]}]},{"@type":"ImageObject","inLanguage":"en-US","@id":"https:\/\/www.turismoaguarda.es\/langosta-blues-y-el-piueiro-ingredientes-estrella-de-la-xxx-festa-da-langosta-e-da-cocina-marineira\/#primaryimage","url":"https:\/\/www.turismoaguarda.es\/wp-content\/uploads\/2022\/07\/A-carpa.-este-mediodia-.jpg","contentUrl":"https:\/\/www.turismoaguarda.es\/wp-content\/uploads\/2022\/07\/A-carpa.-este-mediodia-.jpg","width":800,"height":600},{"@type":"BreadcrumbList","@id":"https:\/\/www.turismoaguarda.es\/langosta-blues-y-el-piueiro-ingredientes-estrella-de-la-xxx-festa-da-langosta-e-da-cocina-marineira\/#breadcrumb","itemListElement":[{"@type":"ListItem","position":1,"name":"Portada","item":"https:\/\/www.turismoaguarda.es\/en\/"},{"@type":"ListItem","position":2,"name":"Langosta, blues y el \u2018Piueiro\u2019, ingredientes estrella de la XXX Festa da Langosta e da Coci\u00f1a Mari\u00f1eira"}]},{"@type":"WebSite","@id":"https:\/\/www.turismoaguarda.es\/#website","url":"https:\/\/www.turismoaguarda.es\/","name":"Turismo A Guarda","description":"Informaci\u00f3n tur\u00edstica de A Guarda y alrededores.","potentialAction":[{"@type":"SearchAction","target":{"@type":"EntryPoint","urlTemplate":"https:\/\/www.turismoaguarda.es\/?s={search_term_string}"},"query-input":{"@type":"PropertyValueSpecification","valueRequired":true,"valueName":"search_term_string"}}],"inLanguage":"en-US"},{"@type":"Person","@id":"https:\/\/www.turismoaguarda.es\/#\/schema\/person\/a8b0c27ad7bcbb6c19799e934727508e","name":"Prensa A Guarda","image":{"@type":"ImageObject","inLanguage":"en-US","@id":"https:\/\/secure.gravatar.com\/avatar\/387e117f874ba5d0a3439060b45d914395d77287b2e4890a49d1599fc3ef9189?s=96&d=mm&r=g","url":"https:\/\/secure.gravatar.com\/avatar\/387e117f874ba5d0a3439060b45d914395d77287b2e4890a49d1599fc3ef9189?s=96&d=mm&r=g","contentUrl":"https:\/\/secure.gravatar.com\/avatar\/387e117f874ba5d0a3439060b45d914395d77287b2e4890a49d1599fc3ef9189?s=96&d=mm&r=g","caption":"Prensa A Guarda"},"url":"https:\/\/www.turismoaguarda.es\/en\/author\/prensa\/"}]}},"_links":{"self":[{"href":"https:\/\/www.turismoaguarda.es\/en\/wp-json\/wp\/v2\/posts\/15727","targetHints":{"allow":["GET"]}}],"collection":[{"href":"https:\/\/www.turismoaguarda.es\/en\/wp-json\/wp\/v2\/posts"}],"about":[{"href":"https:\/\/www.turismoaguarda.es\/en\/wp-json\/wp\/v2\/types\/post"}],"author":[{"embeddable":true,"href":"https:\/\/www.turismoaguarda.es\/en\/wp-json\/wp\/v2\/users\/11"}],"replies":[{"embeddable":true,"href":"https:\/\/www.turismoaguarda.es\/en\/wp-json\/wp\/v2\/comments?post=15727"}],"version-history":[{"count":1,"href":"https:\/\/www.turismoaguarda.es\/en\/wp-json\/wp\/v2\/posts\/15727\/revisions"}],"predecessor-version":[{"id":15728,"href":"https:\/\/www.turismoaguarda.es\/en\/wp-json\/wp\/v2\/posts\/15727\/revisions\/15728"}],"wp:featuredmedia":[{"embeddable":true,"href":"https:\/\/www.turismoaguarda.es\/en\/wp-json\/wp\/v2\/media\/15729"}],"wp:attachment":[{"href":"https:\/\/www.turismoaguarda.es\/en\/wp-json\/wp\/v2\/media?parent=15727"}],"wp:term":[{"taxonomy":"category","embeddable":true,"href":"https:\/\/www.turismoaguarda.es\/en\/wp-json\/wp\/v2\/categories?post=15727"},{"taxonomy":"post_tag","embeddable":true,"href":"https:\/\/www.turismoaguarda.es\/en\/wp-json\/wp\/v2\/tags?post=15727"}],"curies":[{"name":"wp","href":"https:\/\/api.w.org\/{rel}","templated":true}]}}