{"id":15724,"date":"2022-07-02T18:12:13","date_gmt":"2022-07-02T16:12:13","guid":{"rendered":"https:\/\/www.turismoaguarda.es\/?p=15724"},"modified":"2022-07-02T18:12:55","modified_gmt":"2022-07-02T16:12:55","slug":"a-guarda-quiere-superar-los-120-kilos-de-langosta-por-puesto-que-logro-en-2019","status":"publish","type":"post","link":"https:\/\/www.turismoaguarda.es\/en\/a-guarda-quiere-superar-los-120-kilos-de-langosta-por-puesto-que-logro-en-2019\/","title":{"rendered":"A Guarda quiere superar los 120 kilos de langosta por puesto que logr\u00f3 en 2019"},"content":{"rendered":"<p>M\u00e1s de un millar de personas, entre vecinos y visitantes, se dieron cita anoche en la carpa gastron\u00f3mica de la XXX Festa da Langosta e da Coci\u00f1a Mari\u00f1eira para degustar los distintos platos preparados por restaurantes de la zona en los que la langosta rein\u00f3 en fogones y mesas. La perfecta organizaci\u00f3n del evento evit\u00f3 las colas y, desde las ocho de la tarde hasta las doce de la noche, fueron desfilando familias y grupos de amigos que dieron buena cuenta de un men\u00fa muy variado (langostas, n\u00e9coras, mejillones, paellas marineras\u2026) y con claro sabor a mar. Este a\u00f1o, los restauradores representados en la carpa se han marcado como objetivo superar los 120 kilos de langosta por puesto vendidos en 2019 y, tal y como marchan las cosas, dicha meta es totalmente factible.<\/p>\n<p>Y mientras en el puerto se nutr\u00edan los est\u00f3magos, en la Plaza do Rel\u00f3 se buscaba otro tipo de emociones con el concierto inaugural del Mar de Blues. Un festival que cont\u00f3 con nombres propios del panorama internacional como Marcos Coll, uno de los mejores armonicistas de las \u00faltimas d\u00e9cadas; Will Jacobs, guitarrista, compositor y cantante con una dilatada carrera forjada en los escenarios de Chicago; o Julian Vaughn, una eminencia del Jazz y del Blues que ha tocado con grandes como B.B. King. Tambi\u00e9n estuvieron en el escenario Javier Vacas, gran bajista de estilo propio, y Javier Turnes, reconocido guitarrista y fundador de la banda gallega Bakin\u2019 Blues Band.<\/p>\n<p><a href=\"https:\/\/www.turismoaguarda.es\/a-guarda-quiere-superar-los-120-kilos-de-langosta-por-puesto-que-logro-en-2019\/conciertazo-no-mar-de-blues-2\/\" rel=\"attachment wp-att-15715\"><img loading=\"lazy\" decoding=\"async\" class=\"alignleft size-full wp-image-15715\" src=\"https:\/\/www.turismoaguarda.es\/wp-content\/uploads\/2022\/07\/Conciertazo-no-Mar-de-Blues-.jpg\" alt=\"\" width=\"800\" height=\"600\" srcset=\"https:\/\/www.turismoaguarda.es\/wp-content\/uploads\/2022\/07\/Conciertazo-no-Mar-de-Blues-.jpg 800w, https:\/\/www.turismoaguarda.es\/wp-content\/uploads\/2022\/07\/Conciertazo-no-Mar-de-Blues--300x225.jpg 300w, https:\/\/www.turismoaguarda.es\/wp-content\/uploads\/2022\/07\/Conciertazo-no-Mar-de-Blues--768x576.jpg 768w, https:\/\/www.turismoaguarda.es\/wp-content\/uploads\/2022\/07\/Conciertazo-no-Mar-de-Blues--150x113.jpg 150w, https:\/\/www.turismoaguarda.es\/wp-content\/uploads\/2022\/07\/Conciertazo-no-Mar-de-Blues--500x375.jpg 500w\" sizes=\"auto, (max-width: 800px) 100vw, 800px\" \/><\/a><\/p>\n<p>Pero no s\u00f3lo el puerto y la plaza del Concello fueron escenario de la fiesta popular. Los locales de la zona disfrutaron tambi\u00e9n de un recuperado traj\u00edn,\u00a0 al igual que los hoteles y pensiones, que rememoraron por obra y gracia de la Festa da Langosta e da Coci\u00f1a Mari\u00f1eira un dinamismo previo a la pandemia.<\/p>\n<p><strong>Artesan\u00eda, verm\u00fa mari\u00f1eiro y exposici\u00f3n etnogr\u00e1fica\u00a0 <\/strong><\/p>\n<p>La ma\u00f1ana del s\u00e1bado fue ajetreada en A Guarda. A primera hora, ya comenzaban los preparativos en la carpa y en la r\u00faa do Porto con la instalaci\u00f3n de las casetas de artesan\u00eda. Por su parte, la tripulaci\u00f3n del Piueiro revisaba el volanteiro para dejarlo listo para los viajes del fin de semana -a partir de las cuatro de esta tarde comienzan los recorridos a bordo de la embarcaci\u00f3n tradicional- y los locales de la zona, a ritmo de pasacalles, despachaban los verm\u00fas mari\u00f1eiros para los m\u00e1s madrugadores.<\/p>\n<p>En la Plaza do Rel\u00f3, los peque\u00f1os disfrutaban de una masterclass sin precedentes con los concertistas de Mar de Blues y teniendo como testigo de excepci\u00f3n a la langosta cangrexa. La mascota naci\u00f3 este a\u00f1o para cumplir el 30 aniversario de la fiesta y, aunque se concibi\u00f3 como un divertimento para los m\u00e1s peque\u00f1os, se ha convertido en uno de los grandes atractivos del evento guard\u00e9s al ser solicitada por peque\u00f1os y mayores para el ya t\u00edpico selfie.<\/p>\n<p>Por su parte, el alcalde, Antonio Lomba, participaba a mediod\u00eda en la inauguraci\u00f3n de la Exposici\u00f3n Etnogr\u00e1fica Mari\u00f1eira de la Asociaci\u00f3n Piueiro, que ya se encuentra abierta al p\u00fablico y que permitir\u00e1 entender mejor el objetivo de esta asociaci\u00f3n, destinada a la recuperaci\u00f3n de la tradici\u00f3n cultural marinera.<\/p>\n<p><a href=\"https:\/\/www.turismoaguarda.es\/a-guarda-quiere-superar-los-120-kilos-de-langosta-por-puesto-que-logro-en-2019\/tomas-nunez-e-joaquin-cadilla-de-piueiro-co-alcalde-da-guarda-2\/\" rel=\"attachment wp-att-15721\"><img loading=\"lazy\" decoding=\"async\" class=\"alignleft size-full wp-image-15721\" src=\"https:\/\/www.turismoaguarda.es\/wp-content\/uploads\/2022\/07\/Tomas-Nunez-e-Joaquin-Cadilla-de-Piueiro-co-alcalde-da-Guarda.jpg\" alt=\"\" width=\"800\" height=\"600\" srcset=\"https:\/\/www.turismoaguarda.es\/wp-content\/uploads\/2022\/07\/Tomas-Nunez-e-Joaquin-Cadilla-de-Piueiro-co-alcalde-da-Guarda.jpg 800w, https:\/\/www.turismoaguarda.es\/wp-content\/uploads\/2022\/07\/Tomas-Nunez-e-Joaquin-Cadilla-de-Piueiro-co-alcalde-da-Guarda-300x225.jpg 300w, https:\/\/www.turismoaguarda.es\/wp-content\/uploads\/2022\/07\/Tomas-Nunez-e-Joaquin-Cadilla-de-Piueiro-co-alcalde-da-Guarda-768x576.jpg 768w, https:\/\/www.turismoaguarda.es\/wp-content\/uploads\/2022\/07\/Tomas-Nunez-e-Joaquin-Cadilla-de-Piueiro-co-alcalde-da-Guarda-150x113.jpg 150w, https:\/\/www.turismoaguarda.es\/wp-content\/uploads\/2022\/07\/Tomas-Nunez-e-Joaquin-Cadilla-de-Piueiro-co-alcalde-da-Guarda-500x375.jpg 500w\" sizes=\"auto, (max-width: 800px) 100vw, 800px\" \/><\/a><\/p>\n<p>Ma\u00f1ana domingo, los visitantes podr\u00e1n participar en la ruta de las cetarias y del Museo del Mar, reservando previamente sus plazas en el correo <a href=\"mailto:festadalangosta@gmail.com\">festadalangosta@gmail.com<\/a>\u00a0 o en el punto de informaci\u00f3n ubicado en la carpa instalada en el puerto de A Guarda. Los pasacalles a cargo de grupos locales seguir\u00e1n animando el verm\u00fa marinero, que se puede probar en un gran n\u00famero de establecimientos hosteleros de A Guarda. La m\u00fasica, en este tercer y \u00faltimo d\u00eda de fiesta, la pondr\u00e1 Erea Castro, con una actuaci\u00f3n en la Plaza de San Benito, mientras que el grupo \u201cA Boalleira\u201d amenizar\u00e1 musicalmente la despedida entre el puerto y la carpa.<\/p>\n","protected":false},"excerpt":{"rendered":"<p>M\u00e1s de un millar de personas, entre vecinos y visitantes, se dieron cita anoche en la carpa gastron\u00f3mica de la XXX Festa da Langosta e da Coci\u00f1a Mari\u00f1eira para degustar los distintos platos preparados por restaurantes de la zona en los que la langosta rein\u00f3 en fogones y mesas. La perfecta organizaci\u00f3n del evento evit\u00f3<\/p>\n<div class=\"padding-top text-center\"><a href=\"https:\/\/www.turismoaguarda.es\/en\/a-guarda-quiere-superar-los-120-kilos-de-langosta-por-puesto-que-logro-en-2019\/\" class=\"atbtn atbtn--medium atbtn--rounded atbtn--transparent\">Read more<i class=\"atbtn__icon atbtn__icon--right fa fa-long-arrow-right\"><\/i><\/a><\/div>\n","protected":false},"author":11,"featured_media":15718,"comment_status":"open","ping_status":"open","sticky":false,"template":"","format":"standard","meta":{"footnotes":""},"categories":[44],"tags":[169,1381,571],"class_list":["post-15724","post","type-post","status-publish","format-standard","has-post-thumbnail","hentry","category-noticias-turismo","tag-a-guarda","tag-festa-da-langosta","tag-gastronomia"],"yoast_head":"<!-- This site is optimized with the Yoast SEO plugin v27.5 - https:\/\/yoast.com\/product\/yoast-seo-wordpress\/ -->\n<title>A Guarda quiere superar los 120 kilos de langosta por puesto que logr\u00f3 en 2019 | Turismo A Guarda<\/title>\n<meta name=\"description\" content=\"M\u00e1s de un millar de personas se dieron cita en la carpa ubicada en el puerto para probar los primeros platos de langosta, a la plancha y cocida, y otros productos t\u00edpicos de la gastronom\u00eda de una villa marinera como A Guarda.\" \/>\n<meta name=\"robots\" content=\"index, follow, max-snippet:-1, max-image-preview:large, max-video-preview:-1\" \/>\n<link rel=\"canonical\" href=\"https:\/\/www.turismoaguarda.es\/a-guarda-quiere-superar-los-120-kilos-de-langosta-por-puesto-que-logro-en-2019\/\" \/>\n<meta property=\"og:locale\" content=\"en_US\" \/>\n<meta property=\"og:type\" content=\"article\" \/>\n<meta property=\"og:title\" content=\"A Guarda quiere superar los 120 kilos de langosta por puesto que logr\u00f3 en 2019 | Turismo A Guarda\" \/>\n<meta property=\"og:description\" content=\"M\u00e1s de un millar de personas se dieron cita en la carpa ubicada en el puerto para probar los primeros platos de langosta, a la plancha y cocida, y otros productos t\u00edpicos de la gastronom\u00eda de una villa marinera como A Guarda.\" \/>\n<meta property=\"og:url\" content=\"https:\/\/www.turismoaguarda.es\/a-guarda-quiere-superar-los-120-kilos-de-langosta-por-puesto-que-logro-en-2019\/\" \/>\n<meta property=\"og:site_name\" content=\"Turismo A Guarda\" \/>\n<meta property=\"article:publisher\" content=\"https:\/\/es-es.facebook.com\/Turismo-A-Guarda-126223240790625\/\" \/>\n<meta property=\"article:published_time\" content=\"2022-07-02T16:12:13+00:00\" \/>\n<meta property=\"article:modified_time\" content=\"2022-07-02T16:12:55+00:00\" \/>\n<meta property=\"og:image\" content=\"https:\/\/www.turismoaguarda.es\/wp-content\/uploads\/2022\/07\/Mais-dun-millar-de-persoas-asistiron-a-carpa-gastronomica.jpg\" \/>\n\t<meta property=\"og:image:width\" content=\"800\" \/>\n\t<meta property=\"og:image:height\" content=\"450\" \/>\n\t<meta property=\"og:image:type\" content=\"image\/jpeg\" \/>\n<meta name=\"author\" content=\"Prensa A Guarda\" \/>\n<meta name=\"twitter:card\" content=\"summary_large_image\" \/>\n<meta name=\"twitter:creator\" content=\"@TurismoAGuarda\" \/>\n<meta name=\"twitter:site\" content=\"@TurismoAGuarda\" \/>\n<meta name=\"twitter:label1\" content=\"Written by\" \/>\n\t<meta name=\"twitter:data1\" content=\"Prensa A Guarda\" \/>\n\t<meta name=\"twitter:label2\" content=\"Est. reading time\" \/>\n\t<meta name=\"twitter:data2\" content=\"4 minutes\" \/>\n<script type=\"application\/ld+json\" class=\"yoast-schema-graph\">{\"@context\":\"https:\\\/\\\/schema.org\",\"@graph\":[{\"@type\":\"Article\",\"@id\":\"https:\\\/\\\/www.turismoaguarda.es\\\/a-guarda-quiere-superar-los-120-kilos-de-langosta-por-puesto-que-logro-en-2019\\\/#article\",\"isPartOf\":{\"@id\":\"https:\\\/\\\/www.turismoaguarda.es\\\/a-guarda-quiere-superar-los-120-kilos-de-langosta-por-puesto-que-logro-en-2019\\\/\"},\"author\":{\"name\":\"Prensa A Guarda\",\"@id\":\"https:\\\/\\\/www.turismoaguarda.es\\\/#\\\/schema\\\/person\\\/a8b0c27ad7bcbb6c19799e934727508e\"},\"headline\":\"A Guarda quiere superar los 120 kilos de langosta por puesto que logr\u00f3 en 2019\",\"datePublished\":\"2022-07-02T16:12:13+00:00\",\"dateModified\":\"2022-07-02T16:12:55+00:00\",\"mainEntityOfPage\":{\"@id\":\"https:\\\/\\\/www.turismoaguarda.es\\\/a-guarda-quiere-superar-los-120-kilos-de-langosta-por-puesto-que-logro-en-2019\\\/\"},\"wordCount\":694,\"commentCount\":0,\"image\":{\"@id\":\"https:\\\/\\\/www.turismoaguarda.es\\\/a-guarda-quiere-superar-los-120-kilos-de-langosta-por-puesto-que-logro-en-2019\\\/#primaryimage\"},\"thumbnailUrl\":\"https:\\\/\\\/www.turismoaguarda.es\\\/wp-content\\\/uploads\\\/2022\\\/07\\\/Mais-dun-millar-de-persoas-asistiron-a-carpa-gastronomica.jpg\",\"keywords\":[\"A Guarda\",\"Festa da langosta\",\"gastronom\u00eda.\"],\"articleSection\":[\"Noticias Turismo\"],\"inLanguage\":\"en-US\",\"potentialAction\":[{\"@type\":\"CommentAction\",\"name\":\"Comment\",\"target\":[\"https:\\\/\\\/www.turismoaguarda.es\\\/a-guarda-quiere-superar-los-120-kilos-de-langosta-por-puesto-que-logro-en-2019\\\/#respond\"]}]},{\"@type\":\"WebPage\",\"@id\":\"https:\\\/\\\/www.turismoaguarda.es\\\/a-guarda-quiere-superar-los-120-kilos-de-langosta-por-puesto-que-logro-en-2019\\\/\",\"url\":\"https:\\\/\\\/www.turismoaguarda.es\\\/a-guarda-quiere-superar-los-120-kilos-de-langosta-por-puesto-que-logro-en-2019\\\/\",\"name\":\"A Guarda quiere superar los 120 kilos de langosta por puesto que logr\u00f3 en 2019 | Turismo A Guarda\",\"isPartOf\":{\"@id\":\"https:\\\/\\\/www.turismoaguarda.es\\\/#website\"},\"primaryImageOfPage\":{\"@id\":\"https:\\\/\\\/www.turismoaguarda.es\\\/a-guarda-quiere-superar-los-120-kilos-de-langosta-por-puesto-que-logro-en-2019\\\/#primaryimage\"},\"image\":{\"@id\":\"https:\\\/\\\/www.turismoaguarda.es\\\/a-guarda-quiere-superar-los-120-kilos-de-langosta-por-puesto-que-logro-en-2019\\\/#primaryimage\"},\"thumbnailUrl\":\"https:\\\/\\\/www.turismoaguarda.es\\\/wp-content\\\/uploads\\\/2022\\\/07\\\/Mais-dun-millar-de-persoas-asistiron-a-carpa-gastronomica.jpg\",\"datePublished\":\"2022-07-02T16:12:13+00:00\",\"dateModified\":\"2022-07-02T16:12:55+00:00\",\"author\":{\"@id\":\"https:\\\/\\\/www.turismoaguarda.es\\\/#\\\/schema\\\/person\\\/a8b0c27ad7bcbb6c19799e934727508e\"},\"description\":\"M\u00e1s de un millar de personas se dieron cita en la carpa ubicada en el puerto para probar los primeros platos de langosta, a la plancha y cocida, y otros productos t\u00edpicos de la gastronom\u00eda de una villa marinera como A Guarda.\",\"breadcrumb\":{\"@id\":\"https:\\\/\\\/www.turismoaguarda.es\\\/a-guarda-quiere-superar-los-120-kilos-de-langosta-por-puesto-que-logro-en-2019\\\/#breadcrumb\"},\"inLanguage\":\"en-US\",\"potentialAction\":[{\"@type\":\"ReadAction\",\"target\":[\"https:\\\/\\\/www.turismoaguarda.es\\\/a-guarda-quiere-superar-los-120-kilos-de-langosta-por-puesto-que-logro-en-2019\\\/\"]}]},{\"@type\":\"ImageObject\",\"inLanguage\":\"en-US\",\"@id\":\"https:\\\/\\\/www.turismoaguarda.es\\\/a-guarda-quiere-superar-los-120-kilos-de-langosta-por-puesto-que-logro-en-2019\\\/#primaryimage\",\"url\":\"https:\\\/\\\/www.turismoaguarda.es\\\/wp-content\\\/uploads\\\/2022\\\/07\\\/Mais-dun-millar-de-persoas-asistiron-a-carpa-gastronomica.jpg\",\"contentUrl\":\"https:\\\/\\\/www.turismoaguarda.es\\\/wp-content\\\/uploads\\\/2022\\\/07\\\/Mais-dun-millar-de-persoas-asistiron-a-carpa-gastronomica.jpg\",\"width\":800,\"height\":450},{\"@type\":\"BreadcrumbList\",\"@id\":\"https:\\\/\\\/www.turismoaguarda.es\\\/a-guarda-quiere-superar-los-120-kilos-de-langosta-por-puesto-que-logro-en-2019\\\/#breadcrumb\",\"itemListElement\":[{\"@type\":\"ListItem\",\"position\":1,\"name\":\"Portada\",\"item\":\"https:\\\/\\\/www.turismoaguarda.es\\\/en\\\/\"},{\"@type\":\"ListItem\",\"position\":2,\"name\":\"A Guarda quiere superar los 120 kilos de langosta por puesto que logr\u00f3 en 2019\"}]},{\"@type\":\"WebSite\",\"@id\":\"https:\\\/\\\/www.turismoaguarda.es\\\/#website\",\"url\":\"https:\\\/\\\/www.turismoaguarda.es\\\/\",\"name\":\"Turismo A Guarda\",\"description\":\"Informaci\u00f3n tur\u00edstica de A Guarda y alrededores.\",\"potentialAction\":[{\"@type\":\"SearchAction\",\"target\":{\"@type\":\"EntryPoint\",\"urlTemplate\":\"https:\\\/\\\/www.turismoaguarda.es\\\/?s={search_term_string}\"},\"query-input\":{\"@type\":\"PropertyValueSpecification\",\"valueRequired\":true,\"valueName\":\"search_term_string\"}}],\"inLanguage\":\"en-US\"},{\"@type\":\"Person\",\"@id\":\"https:\\\/\\\/www.turismoaguarda.es\\\/#\\\/schema\\\/person\\\/a8b0c27ad7bcbb6c19799e934727508e\",\"name\":\"Prensa A Guarda\",\"image\":{\"@type\":\"ImageObject\",\"inLanguage\":\"en-US\",\"@id\":\"https:\\\/\\\/secure.gravatar.com\\\/avatar\\\/387e117f874ba5d0a3439060b45d914395d77287b2e4890a49d1599fc3ef9189?s=96&d=mm&r=g\",\"url\":\"https:\\\/\\\/secure.gravatar.com\\\/avatar\\\/387e117f874ba5d0a3439060b45d914395d77287b2e4890a49d1599fc3ef9189?s=96&d=mm&r=g\",\"contentUrl\":\"https:\\\/\\\/secure.gravatar.com\\\/avatar\\\/387e117f874ba5d0a3439060b45d914395d77287b2e4890a49d1599fc3ef9189?s=96&d=mm&r=g\",\"caption\":\"Prensa A Guarda\"},\"url\":\"https:\\\/\\\/www.turismoaguarda.es\\\/en\\\/author\\\/prensa\\\/\"}]}<\/script>\n<!-- \/ Yoast SEO plugin. -->","yoast_head_json":{"title":"A Guarda quiere superar los 120 kilos de langosta por puesto que logr\u00f3 en 2019 | Turismo A Guarda","description":"M\u00e1s de un millar de personas se dieron cita en la carpa ubicada en el puerto para probar los primeros platos de langosta, a la plancha y cocida, y otros productos t\u00edpicos de la gastronom\u00eda de una villa marinera como A Guarda.","robots":{"index":"index","follow":"follow","max-snippet":"max-snippet:-1","max-image-preview":"max-image-preview:large","max-video-preview":"max-video-preview:-1"},"canonical":"https:\/\/www.turismoaguarda.es\/a-guarda-quiere-superar-los-120-kilos-de-langosta-por-puesto-que-logro-en-2019\/","og_locale":"en_US","og_type":"article","og_title":"A Guarda quiere superar los 120 kilos de langosta por puesto que logr\u00f3 en 2019 | Turismo A Guarda","og_description":"M\u00e1s de un millar de personas se dieron cita en la carpa ubicada en el puerto para probar los primeros platos de langosta, a la plancha y cocida, y otros productos t\u00edpicos de la gastronom\u00eda de una villa marinera como A Guarda.","og_url":"https:\/\/www.turismoaguarda.es\/a-guarda-quiere-superar-los-120-kilos-de-langosta-por-puesto-que-logro-en-2019\/","og_site_name":"Turismo A Guarda","article_publisher":"https:\/\/es-es.facebook.com\/Turismo-A-Guarda-126223240790625\/","article_published_time":"2022-07-02T16:12:13+00:00","article_modified_time":"2022-07-02T16:12:55+00:00","og_image":[{"width":800,"height":450,"url":"https:\/\/www.turismoaguarda.es\/wp-content\/uploads\/2022\/07\/Mais-dun-millar-de-persoas-asistiron-a-carpa-gastronomica.jpg","type":"image\/jpeg"}],"author":"Prensa A Guarda","twitter_card":"summary_large_image","twitter_creator":"@TurismoAGuarda","twitter_site":"@TurismoAGuarda","twitter_misc":{"Written by":"Prensa A Guarda","Est. reading time":"4 minutes"},"schema":{"@context":"https:\/\/schema.org","@graph":[{"@type":"Article","@id":"https:\/\/www.turismoaguarda.es\/a-guarda-quiere-superar-los-120-kilos-de-langosta-por-puesto-que-logro-en-2019\/#article","isPartOf":{"@id":"https:\/\/www.turismoaguarda.es\/a-guarda-quiere-superar-los-120-kilos-de-langosta-por-puesto-que-logro-en-2019\/"},"author":{"name":"Prensa A Guarda","@id":"https:\/\/www.turismoaguarda.es\/#\/schema\/person\/a8b0c27ad7bcbb6c19799e934727508e"},"headline":"A Guarda quiere superar los 120 kilos de langosta por puesto que logr\u00f3 en 2019","datePublished":"2022-07-02T16:12:13+00:00","dateModified":"2022-07-02T16:12:55+00:00","mainEntityOfPage":{"@id":"https:\/\/www.turismoaguarda.es\/a-guarda-quiere-superar-los-120-kilos-de-langosta-por-puesto-que-logro-en-2019\/"},"wordCount":694,"commentCount":0,"image":{"@id":"https:\/\/www.turismoaguarda.es\/a-guarda-quiere-superar-los-120-kilos-de-langosta-por-puesto-que-logro-en-2019\/#primaryimage"},"thumbnailUrl":"https:\/\/www.turismoaguarda.es\/wp-content\/uploads\/2022\/07\/Mais-dun-millar-de-persoas-asistiron-a-carpa-gastronomica.jpg","keywords":["A Guarda","Festa da langosta","gastronom\u00eda."],"articleSection":["Noticias Turismo"],"inLanguage":"en-US","potentialAction":[{"@type":"CommentAction","name":"Comment","target":["https:\/\/www.turismoaguarda.es\/a-guarda-quiere-superar-los-120-kilos-de-langosta-por-puesto-que-logro-en-2019\/#respond"]}]},{"@type":"WebPage","@id":"https:\/\/www.turismoaguarda.es\/a-guarda-quiere-superar-los-120-kilos-de-langosta-por-puesto-que-logro-en-2019\/","url":"https:\/\/www.turismoaguarda.es\/a-guarda-quiere-superar-los-120-kilos-de-langosta-por-puesto-que-logro-en-2019\/","name":"A Guarda quiere superar los 120 kilos de langosta por puesto que logr\u00f3 en 2019 | Turismo A Guarda","isPartOf":{"@id":"https:\/\/www.turismoaguarda.es\/#website"},"primaryImageOfPage":{"@id":"https:\/\/www.turismoaguarda.es\/a-guarda-quiere-superar-los-120-kilos-de-langosta-por-puesto-que-logro-en-2019\/#primaryimage"},"image":{"@id":"https:\/\/www.turismoaguarda.es\/a-guarda-quiere-superar-los-120-kilos-de-langosta-por-puesto-que-logro-en-2019\/#primaryimage"},"thumbnailUrl":"https:\/\/www.turismoaguarda.es\/wp-content\/uploads\/2022\/07\/Mais-dun-millar-de-persoas-asistiron-a-carpa-gastronomica.jpg","datePublished":"2022-07-02T16:12:13+00:00","dateModified":"2022-07-02T16:12:55+00:00","author":{"@id":"https:\/\/www.turismoaguarda.es\/#\/schema\/person\/a8b0c27ad7bcbb6c19799e934727508e"},"description":"M\u00e1s de un millar de personas se dieron cita en la carpa ubicada en el puerto para probar los primeros platos de langosta, a la plancha y cocida, y otros productos t\u00edpicos de la gastronom\u00eda de una villa marinera como A Guarda.","breadcrumb":{"@id":"https:\/\/www.turismoaguarda.es\/a-guarda-quiere-superar-los-120-kilos-de-langosta-por-puesto-que-logro-en-2019\/#breadcrumb"},"inLanguage":"en-US","potentialAction":[{"@type":"ReadAction","target":["https:\/\/www.turismoaguarda.es\/a-guarda-quiere-superar-los-120-kilos-de-langosta-por-puesto-que-logro-en-2019\/"]}]},{"@type":"ImageObject","inLanguage":"en-US","@id":"https:\/\/www.turismoaguarda.es\/a-guarda-quiere-superar-los-120-kilos-de-langosta-por-puesto-que-logro-en-2019\/#primaryimage","url":"https:\/\/www.turismoaguarda.es\/wp-content\/uploads\/2022\/07\/Mais-dun-millar-de-persoas-asistiron-a-carpa-gastronomica.jpg","contentUrl":"https:\/\/www.turismoaguarda.es\/wp-content\/uploads\/2022\/07\/Mais-dun-millar-de-persoas-asistiron-a-carpa-gastronomica.jpg","width":800,"height":450},{"@type":"BreadcrumbList","@id":"https:\/\/www.turismoaguarda.es\/a-guarda-quiere-superar-los-120-kilos-de-langosta-por-puesto-que-logro-en-2019\/#breadcrumb","itemListElement":[{"@type":"ListItem","position":1,"name":"Portada","item":"https:\/\/www.turismoaguarda.es\/en\/"},{"@type":"ListItem","position":2,"name":"A Guarda quiere superar los 120 kilos de langosta por puesto que logr\u00f3 en 2019"}]},{"@type":"WebSite","@id":"https:\/\/www.turismoaguarda.es\/#website","url":"https:\/\/www.turismoaguarda.es\/","name":"Turismo A Guarda","description":"Informaci\u00f3n tur\u00edstica de A Guarda y alrededores.","potentialAction":[{"@type":"SearchAction","target":{"@type":"EntryPoint","urlTemplate":"https:\/\/www.turismoaguarda.es\/?s={search_term_string}"},"query-input":{"@type":"PropertyValueSpecification","valueRequired":true,"valueName":"search_term_string"}}],"inLanguage":"en-US"},{"@type":"Person","@id":"https:\/\/www.turismoaguarda.es\/#\/schema\/person\/a8b0c27ad7bcbb6c19799e934727508e","name":"Prensa A Guarda","image":{"@type":"ImageObject","inLanguage":"en-US","@id":"https:\/\/secure.gravatar.com\/avatar\/387e117f874ba5d0a3439060b45d914395d77287b2e4890a49d1599fc3ef9189?s=96&d=mm&r=g","url":"https:\/\/secure.gravatar.com\/avatar\/387e117f874ba5d0a3439060b45d914395d77287b2e4890a49d1599fc3ef9189?s=96&d=mm&r=g","contentUrl":"https:\/\/secure.gravatar.com\/avatar\/387e117f874ba5d0a3439060b45d914395d77287b2e4890a49d1599fc3ef9189?s=96&d=mm&r=g","caption":"Prensa A Guarda"},"url":"https:\/\/www.turismoaguarda.es\/en\/author\/prensa\/"}]}},"_links":{"self":[{"href":"https:\/\/www.turismoaguarda.es\/en\/wp-json\/wp\/v2\/posts\/15724","targetHints":{"allow":["GET"]}}],"collection":[{"href":"https:\/\/www.turismoaguarda.es\/en\/wp-json\/wp\/v2\/posts"}],"about":[{"href":"https:\/\/www.turismoaguarda.es\/en\/wp-json\/wp\/v2\/types\/post"}],"author":[{"embeddable":true,"href":"https:\/\/www.turismoaguarda.es\/en\/wp-json\/wp\/v2\/users\/11"}],"replies":[{"embeddable":true,"href":"https:\/\/www.turismoaguarda.es\/en\/wp-json\/wp\/v2\/comments?post=15724"}],"version-history":[{"count":2,"href":"https:\/\/www.turismoaguarda.es\/en\/wp-json\/wp\/v2\/posts\/15724\/revisions"}],"predecessor-version":[{"id":15726,"href":"https:\/\/www.turismoaguarda.es\/en\/wp-json\/wp\/v2\/posts\/15724\/revisions\/15726"}],"wp:featuredmedia":[{"embeddable":true,"href":"https:\/\/www.turismoaguarda.es\/en\/wp-json\/wp\/v2\/media\/15718"}],"wp:attachment":[{"href":"https:\/\/www.turismoaguarda.es\/en\/wp-json\/wp\/v2\/media?parent=15724"}],"wp:term":[{"taxonomy":"category","embeddable":true,"href":"https:\/\/www.turismoaguarda.es\/en\/wp-json\/wp\/v2\/categories?post=15724"},{"taxonomy":"post_tag","embeddable":true,"href":"https:\/\/www.turismoaguarda.es\/en\/wp-json\/wp\/v2\/tags?post=15724"}],"curies":[{"name":"wp","href":"https:\/\/api.w.org\/{rel}","templated":true}]}}