{"id":15641,"date":"2022-06-20T12:56:24","date_gmt":"2022-06-20T10:56:24","guid":{"rendered":"https:\/\/www.turismoaguarda.es\/?p=15641"},"modified":"2022-06-20T12:56:24","modified_gmt":"2022-06-20T10:56:24","slug":"las-alfombras-florales-volvieron-a-llenar-de-color-las-calles-de-a-guarda","status":"publish","type":"post","link":"https:\/\/www.turismoaguarda.es\/en\/las-alfombras-florales-volvieron-a-llenar-de-color-las-calles-de-a-guarda\/","title":{"rendered":"Las Alfombras Florales volvieron a llenar de color las calles de A Guarda"},"content":{"rendered":"<ul>\n<li><em><strong>A Guarda recupera una de las fiestas tradicionales de la localidad tras la pandemia del COVID-19 y, pese a los pron\u00f3sticos desfavorables, la lluvia ha dado tregua para disfrutar de este espect\u00e1culo floral.<\/strong><\/em><\/li>\n<\/ul>\n<p>Este fin de semana se ha celebrado en la localidad de A Guarda la fiesta del Corpus Christi, fiesta que se reanuda tras el par\u00f3n por la pandemia del COVId-19. Desde hace semanas son muchas las personas que han trabajado con mucho esfuerzo y dedicaci\u00f3n en la elaboraci\u00f3n de los diferentes materiales que se han utilizado desde la tarde del pasado s\u00e1bado para realizar las Alfombras Florales.<\/p>\n<p>La lluvia se hizo presente el s\u00e1bado por la tarde, por lo que se decidi\u00f3 retrasar la procesi\u00f3n a las 19:00 horas, algo que ayud\u00f3 a confeccionar las diferentes alfombras y motiv\u00f3 una amplia y numerosa participaci\u00f3n de vecinos y visitantes que abarrotaron las calles de A Guarda para presenciar las alfombras florales.<\/p>\n<p>Un total de unos 2300 metros cuadrados de superficie fueron confeccionados con tapices florales que brillaron en todo su esplendor la tarde del domingo cuando culmin\u00f3 el trabajo de los cientos de alfombristas de las 10 calles que se engalanaron para esta ocasi\u00f3n.<\/p>\n<p>Existen datos antiguos que demuestran la importancia de la celebraci\u00f3n de la Fiesta del Corpus Christi en Guarda desde el siglo XVIII, siendo la celebraci\u00f3n del Corpus Christi y el Sant\u00edsimo Sacramento las principales fiestas c\u00edvico-religiosas de los guardas.<\/p>\n<p>La Asociaci\u00f3n Cultural Alfombras da Guarda, creada en 2018, es actualmente la encargada de velar por la promoci\u00f3n y mantenimiento de la tradici\u00f3n hist\u00f3rica de las alfombras florales del Corpus de Guarda, as\u00ed como de dar a conocer, valorar y visibilizar el trabajo y el orgullo que supone para sus vecinos, miembros y colaboradores, y la poblaci\u00f3n Guardesa en general.<\/p>\n<p>El Ayuntamiento de A Guarda quiere agradecer el trabajo de todas las personas que trabajaron para que esta celebraci\u00f3n siguiera adelante y para que visitantes y vecinos disfrutaran de ella, un gran esfuerzo que se ve recompensado con la espectacularidad de los resultados, siendo aut\u00e9nticas obras de arte en flor.<\/p>\n","protected":false},"excerpt":{"rendered":"<p>A Guarda recupera una de las fiestas tradicionales de la localidad tras la pandemia del COVID-19 y, pese a los pron\u00f3sticos desfavorables, la lluvia ha dado tregua para disfrutar de este espect\u00e1culo floral. Este fin de semana se ha celebrado en la localidad de A Guarda la fiesta del Corpus Christi, fiesta que se reanuda<\/p>\n<div class=\"padding-top text-center\"><a href=\"https:\/\/www.turismoaguarda.es\/en\/las-alfombras-florales-volvieron-a-llenar-de-color-las-calles-de-a-guarda\/\" class=\"atbtn atbtn--medium atbtn--rounded atbtn--transparent\">Read more<i class=\"atbtn__icon atbtn__icon--right fa fa-long-arrow-right\"><\/i><\/a><\/div>\n","protected":false},"author":11,"featured_media":15642,"comment_status":"open","ping_status":"open","sticky":false,"template":"","format":"standard","meta":{"footnotes":""},"categories":[44],"tags":[169,1355,1578,168],"class_list":["post-15641","post","type-post","status-publish","format-standard","has-post-thumbnail","hentry","category-noticias-turismo","tag-a-guarda","tag-alfombras-florales-2","tag-corpus","tag-turismo"],"yoast_head":"<!-- This site is optimized with the Yoast SEO plugin v27.4 - https:\/\/yoast.com\/product\/yoast-seo-wordpress\/ -->\n<title>Las Alfombras Florales volvieron a llenar de color las calles de A Guarda | Turismo A Guarda<\/title>\n<meta name=\"description\" content=\"A Guarda recupera una de las fiestas tradicionales de la localidad tras la pandemia del COVID-19 y, pese a los pron\u00f3sticos desfavorables, la lluvia ha dado tregua para disfrutar de este espect\u00e1culo floral.\" \/>\n<meta name=\"robots\" content=\"index, follow, max-snippet:-1, max-image-preview:large, max-video-preview:-1\" \/>\n<link rel=\"canonical\" href=\"https:\/\/www.turismoaguarda.es\/las-alfombras-florales-volvieron-a-llenar-de-color-las-calles-de-a-guarda\/\" \/>\n<meta property=\"og:locale\" content=\"en_US\" \/>\n<meta property=\"og:type\" content=\"article\" \/>\n<meta property=\"og:title\" content=\"Las Alfombras Florales volvieron a llenar de color las calles de A Guarda | Turismo A Guarda\" \/>\n<meta property=\"og:description\" content=\"A Guarda recupera una de las fiestas tradicionales de la localidad tras la pandemia del COVID-19 y, pese a los pron\u00f3sticos desfavorables, la lluvia ha dado tregua para disfrutar de este espect\u00e1culo floral.\" \/>\n<meta property=\"og:url\" content=\"https:\/\/www.turismoaguarda.es\/las-alfombras-florales-volvieron-a-llenar-de-color-las-calles-de-a-guarda\/\" \/>\n<meta property=\"og:site_name\" content=\"Turismo A Guarda\" \/>\n<meta property=\"article:publisher\" content=\"https:\/\/es-es.facebook.com\/Turismo-A-Guarda-126223240790625\/\" \/>\n<meta property=\"article:published_time\" content=\"2022-06-20T10:56:24+00:00\" \/>\n<meta property=\"og:image\" content=\"https:\/\/www.turismoaguarda.es\/wp-content\/uploads\/2022\/06\/NP-20062022-ALFOMBRAS-FLORAIS.jpg\" \/>\n\t<meta property=\"og:image:width\" content=\"800\" \/>\n\t<meta property=\"og:image:height\" content=\"800\" \/>\n\t<meta property=\"og:image:type\" content=\"image\/jpeg\" \/>\n<meta name=\"author\" content=\"Prensa A Guarda\" \/>\n<meta name=\"twitter:card\" content=\"summary_large_image\" \/>\n<meta name=\"twitter:creator\" content=\"@TurismoAGuarda\" \/>\n<meta name=\"twitter:site\" content=\"@TurismoAGuarda\" \/>\n<meta name=\"twitter:label1\" content=\"Written by\" \/>\n\t<meta name=\"twitter:data1\" content=\"Prensa A Guarda\" \/>\n\t<meta name=\"twitter:label2\" content=\"Est. reading time\" \/>\n\t<meta name=\"twitter:data2\" content=\"2 minutes\" \/>\n<script type=\"application\/ld+json\" class=\"yoast-schema-graph\">{\"@context\":\"https:\\\/\\\/schema.org\",\"@graph\":[{\"@type\":\"Article\",\"@id\":\"https:\\\/\\\/www.turismoaguarda.es\\\/las-alfombras-florales-volvieron-a-llenar-de-color-las-calles-de-a-guarda\\\/#article\",\"isPartOf\":{\"@id\":\"https:\\\/\\\/www.turismoaguarda.es\\\/las-alfombras-florales-volvieron-a-llenar-de-color-las-calles-de-a-guarda\\\/\"},\"author\":{\"name\":\"Prensa A Guarda\",\"@id\":\"https:\\\/\\\/www.turismoaguarda.es\\\/#\\\/schema\\\/person\\\/a8b0c27ad7bcbb6c19799e934727508e\"},\"headline\":\"Las Alfombras Florales volvieron a llenar de color las calles de A Guarda\",\"datePublished\":\"2022-06-20T10:56:24+00:00\",\"mainEntityOfPage\":{\"@id\":\"https:\\\/\\\/www.turismoaguarda.es\\\/las-alfombras-florales-volvieron-a-llenar-de-color-las-calles-de-a-guarda\\\/\"},\"wordCount\":375,\"commentCount\":0,\"image\":{\"@id\":\"https:\\\/\\\/www.turismoaguarda.es\\\/las-alfombras-florales-volvieron-a-llenar-de-color-las-calles-de-a-guarda\\\/#primaryimage\"},\"thumbnailUrl\":\"https:\\\/\\\/www.turismoaguarda.es\\\/wp-content\\\/uploads\\\/2022\\\/06\\\/NP-20062022-ALFOMBRAS-FLORAIS.jpg\",\"keywords\":[\"A Guarda\",\"Alfombras florales\",\"corpus\",\"turismo\"],\"articleSection\":[\"Noticias Turismo\"],\"inLanguage\":\"en-US\",\"potentialAction\":[{\"@type\":\"CommentAction\",\"name\":\"Comment\",\"target\":[\"https:\\\/\\\/www.turismoaguarda.es\\\/las-alfombras-florales-volvieron-a-llenar-de-color-las-calles-de-a-guarda\\\/#respond\"]}]},{\"@type\":\"WebPage\",\"@id\":\"https:\\\/\\\/www.turismoaguarda.es\\\/las-alfombras-florales-volvieron-a-llenar-de-color-las-calles-de-a-guarda\\\/\",\"url\":\"https:\\\/\\\/www.turismoaguarda.es\\\/las-alfombras-florales-volvieron-a-llenar-de-color-las-calles-de-a-guarda\\\/\",\"name\":\"Las Alfombras Florales volvieron a llenar de color las calles de A Guarda | Turismo A Guarda\",\"isPartOf\":{\"@id\":\"https:\\\/\\\/www.turismoaguarda.es\\\/#website\"},\"primaryImageOfPage\":{\"@id\":\"https:\\\/\\\/www.turismoaguarda.es\\\/las-alfombras-florales-volvieron-a-llenar-de-color-las-calles-de-a-guarda\\\/#primaryimage\"},\"image\":{\"@id\":\"https:\\\/\\\/www.turismoaguarda.es\\\/las-alfombras-florales-volvieron-a-llenar-de-color-las-calles-de-a-guarda\\\/#primaryimage\"},\"thumbnailUrl\":\"https:\\\/\\\/www.turismoaguarda.es\\\/wp-content\\\/uploads\\\/2022\\\/06\\\/NP-20062022-ALFOMBRAS-FLORAIS.jpg\",\"datePublished\":\"2022-06-20T10:56:24+00:00\",\"author\":{\"@id\":\"https:\\\/\\\/www.turismoaguarda.es\\\/#\\\/schema\\\/person\\\/a8b0c27ad7bcbb6c19799e934727508e\"},\"description\":\"A Guarda recupera una de las fiestas tradicionales de la localidad tras la pandemia del COVID-19 y, pese a los pron\u00f3sticos desfavorables, la lluvia ha dado tregua para disfrutar de este espect\u00e1culo floral.\",\"breadcrumb\":{\"@id\":\"https:\\\/\\\/www.turismoaguarda.es\\\/las-alfombras-florales-volvieron-a-llenar-de-color-las-calles-de-a-guarda\\\/#breadcrumb\"},\"inLanguage\":\"en-US\",\"potentialAction\":[{\"@type\":\"ReadAction\",\"target\":[\"https:\\\/\\\/www.turismoaguarda.es\\\/las-alfombras-florales-volvieron-a-llenar-de-color-las-calles-de-a-guarda\\\/\"]}]},{\"@type\":\"ImageObject\",\"inLanguage\":\"en-US\",\"@id\":\"https:\\\/\\\/www.turismoaguarda.es\\\/las-alfombras-florales-volvieron-a-llenar-de-color-las-calles-de-a-guarda\\\/#primaryimage\",\"url\":\"https:\\\/\\\/www.turismoaguarda.es\\\/wp-content\\\/uploads\\\/2022\\\/06\\\/NP-20062022-ALFOMBRAS-FLORAIS.jpg\",\"contentUrl\":\"https:\\\/\\\/www.turismoaguarda.es\\\/wp-content\\\/uploads\\\/2022\\\/06\\\/NP-20062022-ALFOMBRAS-FLORAIS.jpg\",\"width\":800,\"height\":800,\"caption\":\"Las Alfombras Florales volvieron a llenar de color las calles de A Guarda\"},{\"@type\":\"BreadcrumbList\",\"@id\":\"https:\\\/\\\/www.turismoaguarda.es\\\/las-alfombras-florales-volvieron-a-llenar-de-color-las-calles-de-a-guarda\\\/#breadcrumb\",\"itemListElement\":[{\"@type\":\"ListItem\",\"position\":1,\"name\":\"Portada\",\"item\":\"https:\\\/\\\/www.turismoaguarda.es\\\/en\\\/\"},{\"@type\":\"ListItem\",\"position\":2,\"name\":\"Las Alfombras Florales volvieron a llenar de color las calles de A Guarda\"}]},{\"@type\":\"WebSite\",\"@id\":\"https:\\\/\\\/www.turismoaguarda.es\\\/#website\",\"url\":\"https:\\\/\\\/www.turismoaguarda.es\\\/\",\"name\":\"Turismo A Guarda\",\"description\":\"Informaci\u00f3n tur\u00edstica de A Guarda y alrededores.\",\"potentialAction\":[{\"@type\":\"SearchAction\",\"target\":{\"@type\":\"EntryPoint\",\"urlTemplate\":\"https:\\\/\\\/www.turismoaguarda.es\\\/?s={search_term_string}\"},\"query-input\":{\"@type\":\"PropertyValueSpecification\",\"valueRequired\":true,\"valueName\":\"search_term_string\"}}],\"inLanguage\":\"en-US\"},{\"@type\":\"Person\",\"@id\":\"https:\\\/\\\/www.turismoaguarda.es\\\/#\\\/schema\\\/person\\\/a8b0c27ad7bcbb6c19799e934727508e\",\"name\":\"Prensa A Guarda\",\"image\":{\"@type\":\"ImageObject\",\"inLanguage\":\"en-US\",\"@id\":\"https:\\\/\\\/secure.gravatar.com\\\/avatar\\\/387e117f874ba5d0a3439060b45d914395d77287b2e4890a49d1599fc3ef9189?s=96&d=mm&r=g\",\"url\":\"https:\\\/\\\/secure.gravatar.com\\\/avatar\\\/387e117f874ba5d0a3439060b45d914395d77287b2e4890a49d1599fc3ef9189?s=96&d=mm&r=g\",\"contentUrl\":\"https:\\\/\\\/secure.gravatar.com\\\/avatar\\\/387e117f874ba5d0a3439060b45d914395d77287b2e4890a49d1599fc3ef9189?s=96&d=mm&r=g\",\"caption\":\"Prensa A Guarda\"},\"url\":\"https:\\\/\\\/www.turismoaguarda.es\\\/en\\\/author\\\/prensa\\\/\"}]}<\/script>\n<!-- \/ Yoast SEO plugin. -->","yoast_head_json":{"title":"Las Alfombras Florales volvieron a llenar de color las calles de A Guarda | Turismo A Guarda","description":"A Guarda recupera una de las fiestas tradicionales de la localidad tras la pandemia del COVID-19 y, pese a los pron\u00f3sticos desfavorables, la lluvia ha dado tregua para disfrutar de este espect\u00e1culo floral.","robots":{"index":"index","follow":"follow","max-snippet":"max-snippet:-1","max-image-preview":"max-image-preview:large","max-video-preview":"max-video-preview:-1"},"canonical":"https:\/\/www.turismoaguarda.es\/las-alfombras-florales-volvieron-a-llenar-de-color-las-calles-de-a-guarda\/","og_locale":"en_US","og_type":"article","og_title":"Las Alfombras Florales volvieron a llenar de color las calles de A Guarda | Turismo A Guarda","og_description":"A Guarda recupera una de las fiestas tradicionales de la localidad tras la pandemia del COVID-19 y, pese a los pron\u00f3sticos desfavorables, la lluvia ha dado tregua para disfrutar de este espect\u00e1culo floral.","og_url":"https:\/\/www.turismoaguarda.es\/las-alfombras-florales-volvieron-a-llenar-de-color-las-calles-de-a-guarda\/","og_site_name":"Turismo A Guarda","article_publisher":"https:\/\/es-es.facebook.com\/Turismo-A-Guarda-126223240790625\/","article_published_time":"2022-06-20T10:56:24+00:00","og_image":[{"width":800,"height":800,"url":"https:\/\/www.turismoaguarda.es\/wp-content\/uploads\/2022\/06\/NP-20062022-ALFOMBRAS-FLORAIS.jpg","type":"image\/jpeg"}],"author":"Prensa A Guarda","twitter_card":"summary_large_image","twitter_creator":"@TurismoAGuarda","twitter_site":"@TurismoAGuarda","twitter_misc":{"Written by":"Prensa A Guarda","Est. reading time":"2 minutes"},"schema":{"@context":"https:\/\/schema.org","@graph":[{"@type":"Article","@id":"https:\/\/www.turismoaguarda.es\/las-alfombras-florales-volvieron-a-llenar-de-color-las-calles-de-a-guarda\/#article","isPartOf":{"@id":"https:\/\/www.turismoaguarda.es\/las-alfombras-florales-volvieron-a-llenar-de-color-las-calles-de-a-guarda\/"},"author":{"name":"Prensa A Guarda","@id":"https:\/\/www.turismoaguarda.es\/#\/schema\/person\/a8b0c27ad7bcbb6c19799e934727508e"},"headline":"Las Alfombras Florales volvieron a llenar de color las calles de A Guarda","datePublished":"2022-06-20T10:56:24+00:00","mainEntityOfPage":{"@id":"https:\/\/www.turismoaguarda.es\/las-alfombras-florales-volvieron-a-llenar-de-color-las-calles-de-a-guarda\/"},"wordCount":375,"commentCount":0,"image":{"@id":"https:\/\/www.turismoaguarda.es\/las-alfombras-florales-volvieron-a-llenar-de-color-las-calles-de-a-guarda\/#primaryimage"},"thumbnailUrl":"https:\/\/www.turismoaguarda.es\/wp-content\/uploads\/2022\/06\/NP-20062022-ALFOMBRAS-FLORAIS.jpg","keywords":["A Guarda","Alfombras florales","corpus","turismo"],"articleSection":["Noticias Turismo"],"inLanguage":"en-US","potentialAction":[{"@type":"CommentAction","name":"Comment","target":["https:\/\/www.turismoaguarda.es\/las-alfombras-florales-volvieron-a-llenar-de-color-las-calles-de-a-guarda\/#respond"]}]},{"@type":"WebPage","@id":"https:\/\/www.turismoaguarda.es\/las-alfombras-florales-volvieron-a-llenar-de-color-las-calles-de-a-guarda\/","url":"https:\/\/www.turismoaguarda.es\/las-alfombras-florales-volvieron-a-llenar-de-color-las-calles-de-a-guarda\/","name":"Las Alfombras Florales volvieron a llenar de color las calles de A Guarda | Turismo A Guarda","isPartOf":{"@id":"https:\/\/www.turismoaguarda.es\/#website"},"primaryImageOfPage":{"@id":"https:\/\/www.turismoaguarda.es\/las-alfombras-florales-volvieron-a-llenar-de-color-las-calles-de-a-guarda\/#primaryimage"},"image":{"@id":"https:\/\/www.turismoaguarda.es\/las-alfombras-florales-volvieron-a-llenar-de-color-las-calles-de-a-guarda\/#primaryimage"},"thumbnailUrl":"https:\/\/www.turismoaguarda.es\/wp-content\/uploads\/2022\/06\/NP-20062022-ALFOMBRAS-FLORAIS.jpg","datePublished":"2022-06-20T10:56:24+00:00","author":{"@id":"https:\/\/www.turismoaguarda.es\/#\/schema\/person\/a8b0c27ad7bcbb6c19799e934727508e"},"description":"A Guarda recupera una de las fiestas tradicionales de la localidad tras la pandemia del COVID-19 y, pese a los pron\u00f3sticos desfavorables, la lluvia ha dado tregua para disfrutar de este espect\u00e1culo floral.","breadcrumb":{"@id":"https:\/\/www.turismoaguarda.es\/las-alfombras-florales-volvieron-a-llenar-de-color-las-calles-de-a-guarda\/#breadcrumb"},"inLanguage":"en-US","potentialAction":[{"@type":"ReadAction","target":["https:\/\/www.turismoaguarda.es\/las-alfombras-florales-volvieron-a-llenar-de-color-las-calles-de-a-guarda\/"]}]},{"@type":"ImageObject","inLanguage":"en-US","@id":"https:\/\/www.turismoaguarda.es\/las-alfombras-florales-volvieron-a-llenar-de-color-las-calles-de-a-guarda\/#primaryimage","url":"https:\/\/www.turismoaguarda.es\/wp-content\/uploads\/2022\/06\/NP-20062022-ALFOMBRAS-FLORAIS.jpg","contentUrl":"https:\/\/www.turismoaguarda.es\/wp-content\/uploads\/2022\/06\/NP-20062022-ALFOMBRAS-FLORAIS.jpg","width":800,"height":800,"caption":"Las Alfombras Florales volvieron a llenar de color las calles de A Guarda"},{"@type":"BreadcrumbList","@id":"https:\/\/www.turismoaguarda.es\/las-alfombras-florales-volvieron-a-llenar-de-color-las-calles-de-a-guarda\/#breadcrumb","itemListElement":[{"@type":"ListItem","position":1,"name":"Portada","item":"https:\/\/www.turismoaguarda.es\/en\/"},{"@type":"ListItem","position":2,"name":"Las Alfombras Florales volvieron a llenar de color las calles de A Guarda"}]},{"@type":"WebSite","@id":"https:\/\/www.turismoaguarda.es\/#website","url":"https:\/\/www.turismoaguarda.es\/","name":"Turismo A Guarda","description":"Informaci\u00f3n tur\u00edstica de A Guarda y alrededores.","potentialAction":[{"@type":"SearchAction","target":{"@type":"EntryPoint","urlTemplate":"https:\/\/www.turismoaguarda.es\/?s={search_term_string}"},"query-input":{"@type":"PropertyValueSpecification","valueRequired":true,"valueName":"search_term_string"}}],"inLanguage":"en-US"},{"@type":"Person","@id":"https:\/\/www.turismoaguarda.es\/#\/schema\/person\/a8b0c27ad7bcbb6c19799e934727508e","name":"Prensa A Guarda","image":{"@type":"ImageObject","inLanguage":"en-US","@id":"https:\/\/secure.gravatar.com\/avatar\/387e117f874ba5d0a3439060b45d914395d77287b2e4890a49d1599fc3ef9189?s=96&d=mm&r=g","url":"https:\/\/secure.gravatar.com\/avatar\/387e117f874ba5d0a3439060b45d914395d77287b2e4890a49d1599fc3ef9189?s=96&d=mm&r=g","contentUrl":"https:\/\/secure.gravatar.com\/avatar\/387e117f874ba5d0a3439060b45d914395d77287b2e4890a49d1599fc3ef9189?s=96&d=mm&r=g","caption":"Prensa A Guarda"},"url":"https:\/\/www.turismoaguarda.es\/en\/author\/prensa\/"}]}},"_links":{"self":[{"href":"https:\/\/www.turismoaguarda.es\/en\/wp-json\/wp\/v2\/posts\/15641","targetHints":{"allow":["GET"]}}],"collection":[{"href":"https:\/\/www.turismoaguarda.es\/en\/wp-json\/wp\/v2\/posts"}],"about":[{"href":"https:\/\/www.turismoaguarda.es\/en\/wp-json\/wp\/v2\/types\/post"}],"author":[{"embeddable":true,"href":"https:\/\/www.turismoaguarda.es\/en\/wp-json\/wp\/v2\/users\/11"}],"replies":[{"embeddable":true,"href":"https:\/\/www.turismoaguarda.es\/en\/wp-json\/wp\/v2\/comments?post=15641"}],"version-history":[{"count":2,"href":"https:\/\/www.turismoaguarda.es\/en\/wp-json\/wp\/v2\/posts\/15641\/revisions"}],"predecessor-version":[{"id":15646,"href":"https:\/\/www.turismoaguarda.es\/en\/wp-json\/wp\/v2\/posts\/15641\/revisions\/15646"}],"wp:featuredmedia":[{"embeddable":true,"href":"https:\/\/www.turismoaguarda.es\/en\/wp-json\/wp\/v2\/media\/15642"}],"wp:attachment":[{"href":"https:\/\/www.turismoaguarda.es\/en\/wp-json\/wp\/v2\/media?parent=15641"}],"wp:term":[{"taxonomy":"category","embeddable":true,"href":"https:\/\/www.turismoaguarda.es\/en\/wp-json\/wp\/v2\/categories?post=15641"},{"taxonomy":"post_tag","embeddable":true,"href":"https:\/\/www.turismoaguarda.es\/en\/wp-json\/wp\/v2\/tags?post=15641"}],"curies":[{"name":"wp","href":"https:\/\/api.w.org\/{rel}","templated":true}]}}