{"id":15620,"date":"2022-06-13T09:47:17","date_gmt":"2022-06-13T07:47:17","guid":{"rendered":"https:\/\/www.turismoaguarda.es\/?p=15620"},"modified":"2022-06-13T09:47:17","modified_gmt":"2022-06-13T07:47:17","slug":"alfombras-florales-llenaran-de-color-las-calles-guardesas-este-fin-de-semana","status":"publish","type":"post","link":"https:\/\/www.turismoaguarda.es\/en\/alfombras-florales-llenaran-de-color-las-calles-guardesas-este-fin-de-semana\/","title":{"rendered":"Alfombras florales llenar\u00e1n de color las calles guardesas este fin de semana"},"content":{"rendered":"<ul>\n<li><em><strong>A Guarda recupera una de las fiestas tradicionales de la localidad tras la pandemia del COVID-19 e invita a vecinos y visitantes a disfrutar realizando alfombras florales.<\/strong><\/em><\/li>\n<\/ul>\n<p>Este fin de semana se celebra la festividad del Corpus Christi en la localidad de A Guarda y desde hace semanas muchas personas trabajan con gran esfuerzo y dedicaci\u00f3n en la elaboraci\u00f3n de los diferentes materiales que se utilizar\u00e1n este domingo por la ma\u00f1ana para realizar las Alfombras Florales.<\/p>\n<p>De esta manera trabajan en conjunto los vecinos del pueblo, quienes colectivamente se organizan para llevar a cabo esta actividad, la realizaci\u00f3n de unos 2300 metros cuadrados de superficie en tapices florales que brillar\u00e1n, en su m\u00e1ximo esplendor, en la madrugada del domingo cuando comiencen las obras del centenar de alfombristas de las 10 calles que lucir\u00e1n alfombras florales en esta ocasi\u00f3n.<\/p>\n<p>Existen datos antiguos que demuestran la importancia de la celebraci\u00f3n de la Fiesta del Corpus Christi en Guarda desde el siglo XVIII, siendo la celebraci\u00f3n del Corpus Christi y el Sant\u00edsimo Sacramento las principales fiestas c\u00edvico-religiosas de A Guarda.<\/p>\n<p>La Asociaci\u00f3n Cultural Alfombras da Guarda, creada en 2018, es actualmente la encargada de velar por la promoci\u00f3n y mantenimiento de la tradici\u00f3n hist\u00f3rica de las alfombras florales del Corpus de Guarda, as\u00ed como de dar a conocer, valorar y visibilizar el trabajo y el orgullo que supone por sus vecinos, miembros y colaboradores, y la poblaci\u00f3n Guardesa en general.<\/p>\n<p>El Ayuntamiento de A Guarda quiere agradecer a todas las personas que trabajan para que esta celebraci\u00f3n contin\u00fae y los visitantes y vecinos puedan disfrutar de ellas, un gran esfuerzo que se ve recompensado con los espectaculares resultados una vez realizadas, siendo aut\u00e9nticas obras de arte en flor.<\/p>\n","protected":false},"excerpt":{"rendered":"<p>A Guarda recupera una de las fiestas tradicionales de la localidad tras la pandemia del COVID-19 e invita a vecinos y visitantes a disfrutar realizando alfombras florales. Este fin de semana se celebra la festividad del Corpus Christi en la localidad de A Guarda y desde hace semanas muchas personas trabajan con gran esfuerzo y<\/p>\n<div class=\"padding-top text-center\"><a href=\"https:\/\/www.turismoaguarda.es\/en\/alfombras-florales-llenaran-de-color-las-calles-guardesas-este-fin-de-semana\/\" class=\"atbtn atbtn--medium atbtn--rounded atbtn--transparent\">Read more<i class=\"atbtn__icon atbtn__icon--right fa fa-long-arrow-right\"><\/i><\/a><\/div>\n","protected":false},"author":11,"featured_media":15621,"comment_status":"open","ping_status":"open","sticky":false,"template":"","format":"standard","meta":{"footnotes":""},"categories":[44],"tags":[169,1355,1579,168],"class_list":["post-15620","post","type-post","status-publish","format-standard","has-post-thumbnail","hentry","category-noticias-turismo","tag-a-guarda","tag-alfombras-florales-2","tag-fiestas","tag-turismo"],"yoast_head":"<!-- This site is optimized with the Yoast SEO plugin v27.5 - https:\/\/yoast.com\/product\/yoast-seo-wordpress\/ -->\n<title>Alfombras florales llenar\u00e1n de color las calles guardesas este fin de semana | Turismo A Guarda<\/title>\n<meta name=\"description\" content=\"A Guarda recupera una de las fiestas tradicionales de la localidad tras la pandemia del COVID-19 e invita a vecinos y visitantes a disfrutar realizando alfombras florales.\" \/>\n<meta name=\"robots\" content=\"index, follow, max-snippet:-1, max-image-preview:large, max-video-preview:-1\" \/>\n<link rel=\"canonical\" href=\"https:\/\/www.turismoaguarda.es\/alfombras-florales-llenaran-de-color-las-calles-guardesas-este-fin-de-semana\/\" \/>\n<meta property=\"og:locale\" content=\"en_US\" \/>\n<meta property=\"og:type\" content=\"article\" \/>\n<meta property=\"og:title\" content=\"Alfombras florales llenar\u00e1n de color las calles guardesas este fin de semana | Turismo A Guarda\" \/>\n<meta property=\"og:description\" content=\"A Guarda recupera una de las fiestas tradicionales de la localidad tras la pandemia del COVID-19 e invita a vecinos y visitantes a disfrutar realizando alfombras florales.\" \/>\n<meta property=\"og:url\" content=\"https:\/\/www.turismoaguarda.es\/alfombras-florales-llenaran-de-color-las-calles-guardesas-este-fin-de-semana\/\" \/>\n<meta property=\"og:site_name\" content=\"Turismo A Guarda\" \/>\n<meta property=\"article:publisher\" content=\"https:\/\/es-es.facebook.com\/Turismo-A-Guarda-126223240790625\/\" \/>\n<meta property=\"article:published_time\" content=\"2022-06-13T07:47:17+00:00\" \/>\n<meta property=\"og:image\" content=\"https:\/\/www.turismoaguarda.es\/wp-content\/uploads\/2022\/06\/NP-13062022-As-Alfombras-florais-encheran-de-cor-as-ruas-guardesas-esta-fin-de-semana-1.jpg\" \/>\n\t<meta property=\"og:image:width\" content=\"800\" \/>\n\t<meta property=\"og:image:height\" content=\"800\" \/>\n\t<meta property=\"og:image:type\" content=\"image\/jpeg\" \/>\n<meta name=\"author\" content=\"Prensa A Guarda\" \/>\n<meta name=\"twitter:card\" content=\"summary_large_image\" \/>\n<meta name=\"twitter:creator\" content=\"@TurismoAGuarda\" \/>\n<meta name=\"twitter:site\" content=\"@TurismoAGuarda\" \/>\n<meta name=\"twitter:label1\" content=\"Written by\" \/>\n\t<meta name=\"twitter:data1\" content=\"Prensa A Guarda\" \/>\n\t<meta name=\"twitter:label2\" content=\"Est. reading time\" \/>\n\t<meta name=\"twitter:data2\" content=\"2 minutes\" \/>\n<script type=\"application\/ld+json\" class=\"yoast-schema-graph\">{\"@context\":\"https:\\\/\\\/schema.org\",\"@graph\":[{\"@type\":\"Article\",\"@id\":\"https:\\\/\\\/www.turismoaguarda.es\\\/alfombras-florales-llenaran-de-color-las-calles-guardesas-este-fin-de-semana\\\/#article\",\"isPartOf\":{\"@id\":\"https:\\\/\\\/www.turismoaguarda.es\\\/alfombras-florales-llenaran-de-color-las-calles-guardesas-este-fin-de-semana\\\/\"},\"author\":{\"name\":\"Prensa A Guarda\",\"@id\":\"https:\\\/\\\/www.turismoaguarda.es\\\/#\\\/schema\\\/person\\\/a8b0c27ad7bcbb6c19799e934727508e\"},\"headline\":\"Alfombras florales llenar\u00e1n de color las calles guardesas este fin de semana\",\"datePublished\":\"2022-06-13T07:47:17+00:00\",\"mainEntityOfPage\":{\"@id\":\"https:\\\/\\\/www.turismoaguarda.es\\\/alfombras-florales-llenaran-de-color-las-calles-guardesas-este-fin-de-semana\\\/\"},\"wordCount\":316,\"commentCount\":0,\"image\":{\"@id\":\"https:\\\/\\\/www.turismoaguarda.es\\\/alfombras-florales-llenaran-de-color-las-calles-guardesas-este-fin-de-semana\\\/#primaryimage\"},\"thumbnailUrl\":\"https:\\\/\\\/www.turismoaguarda.es\\\/wp-content\\\/uploads\\\/2022\\\/06\\\/NP-13062022-As-Alfombras-florais-encheran-de-cor-as-ruas-guardesas-esta-fin-de-semana-1.jpg\",\"keywords\":[\"A Guarda\",\"Alfombras florales\",\"fiestas\",\"turismo\"],\"articleSection\":[\"Noticias Turismo\"],\"inLanguage\":\"en-US\",\"potentialAction\":[{\"@type\":\"CommentAction\",\"name\":\"Comment\",\"target\":[\"https:\\\/\\\/www.turismoaguarda.es\\\/alfombras-florales-llenaran-de-color-las-calles-guardesas-este-fin-de-semana\\\/#respond\"]}]},{\"@type\":\"WebPage\",\"@id\":\"https:\\\/\\\/www.turismoaguarda.es\\\/alfombras-florales-llenaran-de-color-las-calles-guardesas-este-fin-de-semana\\\/\",\"url\":\"https:\\\/\\\/www.turismoaguarda.es\\\/alfombras-florales-llenaran-de-color-las-calles-guardesas-este-fin-de-semana\\\/\",\"name\":\"Alfombras florales llenar\u00e1n de color las calles guardesas este fin de semana | Turismo A Guarda\",\"isPartOf\":{\"@id\":\"https:\\\/\\\/www.turismoaguarda.es\\\/#website\"},\"primaryImageOfPage\":{\"@id\":\"https:\\\/\\\/www.turismoaguarda.es\\\/alfombras-florales-llenaran-de-color-las-calles-guardesas-este-fin-de-semana\\\/#primaryimage\"},\"image\":{\"@id\":\"https:\\\/\\\/www.turismoaguarda.es\\\/alfombras-florales-llenaran-de-color-las-calles-guardesas-este-fin-de-semana\\\/#primaryimage\"},\"thumbnailUrl\":\"https:\\\/\\\/www.turismoaguarda.es\\\/wp-content\\\/uploads\\\/2022\\\/06\\\/NP-13062022-As-Alfombras-florais-encheran-de-cor-as-ruas-guardesas-esta-fin-de-semana-1.jpg\",\"datePublished\":\"2022-06-13T07:47:17+00:00\",\"author\":{\"@id\":\"https:\\\/\\\/www.turismoaguarda.es\\\/#\\\/schema\\\/person\\\/a8b0c27ad7bcbb6c19799e934727508e\"},\"description\":\"A Guarda recupera una de las fiestas tradicionales de la localidad tras la pandemia del COVID-19 e invita a vecinos y visitantes a disfrutar realizando alfombras florales.\",\"breadcrumb\":{\"@id\":\"https:\\\/\\\/www.turismoaguarda.es\\\/alfombras-florales-llenaran-de-color-las-calles-guardesas-este-fin-de-semana\\\/#breadcrumb\"},\"inLanguage\":\"en-US\",\"potentialAction\":[{\"@type\":\"ReadAction\",\"target\":[\"https:\\\/\\\/www.turismoaguarda.es\\\/alfombras-florales-llenaran-de-color-las-calles-guardesas-este-fin-de-semana\\\/\"]}]},{\"@type\":\"ImageObject\",\"inLanguage\":\"en-US\",\"@id\":\"https:\\\/\\\/www.turismoaguarda.es\\\/alfombras-florales-llenaran-de-color-las-calles-guardesas-este-fin-de-semana\\\/#primaryimage\",\"url\":\"https:\\\/\\\/www.turismoaguarda.es\\\/wp-content\\\/uploads\\\/2022\\\/06\\\/NP-13062022-As-Alfombras-florais-encheran-de-cor-as-ruas-guardesas-esta-fin-de-semana-1.jpg\",\"contentUrl\":\"https:\\\/\\\/www.turismoaguarda.es\\\/wp-content\\\/uploads\\\/2022\\\/06\\\/NP-13062022-As-Alfombras-florais-encheran-de-cor-as-ruas-guardesas-esta-fin-de-semana-1.jpg\",\"width\":800,\"height\":800},{\"@type\":\"BreadcrumbList\",\"@id\":\"https:\\\/\\\/www.turismoaguarda.es\\\/alfombras-florales-llenaran-de-color-las-calles-guardesas-este-fin-de-semana\\\/#breadcrumb\",\"itemListElement\":[{\"@type\":\"ListItem\",\"position\":1,\"name\":\"Portada\",\"item\":\"https:\\\/\\\/www.turismoaguarda.es\\\/en\\\/\"},{\"@type\":\"ListItem\",\"position\":2,\"name\":\"Alfombras florales llenar\u00e1n de color las calles guardesas este fin de semana\"}]},{\"@type\":\"WebSite\",\"@id\":\"https:\\\/\\\/www.turismoaguarda.es\\\/#website\",\"url\":\"https:\\\/\\\/www.turismoaguarda.es\\\/\",\"name\":\"Turismo A Guarda\",\"description\":\"Informaci\u00f3n tur\u00edstica de A Guarda y alrededores.\",\"potentialAction\":[{\"@type\":\"SearchAction\",\"target\":{\"@type\":\"EntryPoint\",\"urlTemplate\":\"https:\\\/\\\/www.turismoaguarda.es\\\/?s={search_term_string}\"},\"query-input\":{\"@type\":\"PropertyValueSpecification\",\"valueRequired\":true,\"valueName\":\"search_term_string\"}}],\"inLanguage\":\"en-US\"},{\"@type\":\"Person\",\"@id\":\"https:\\\/\\\/www.turismoaguarda.es\\\/#\\\/schema\\\/person\\\/a8b0c27ad7bcbb6c19799e934727508e\",\"name\":\"Prensa A Guarda\",\"image\":{\"@type\":\"ImageObject\",\"inLanguage\":\"en-US\",\"@id\":\"https:\\\/\\\/secure.gravatar.com\\\/avatar\\\/387e117f874ba5d0a3439060b45d914395d77287b2e4890a49d1599fc3ef9189?s=96&d=mm&r=g\",\"url\":\"https:\\\/\\\/secure.gravatar.com\\\/avatar\\\/387e117f874ba5d0a3439060b45d914395d77287b2e4890a49d1599fc3ef9189?s=96&d=mm&r=g\",\"contentUrl\":\"https:\\\/\\\/secure.gravatar.com\\\/avatar\\\/387e117f874ba5d0a3439060b45d914395d77287b2e4890a49d1599fc3ef9189?s=96&d=mm&r=g\",\"caption\":\"Prensa A Guarda\"},\"url\":\"https:\\\/\\\/www.turismoaguarda.es\\\/en\\\/author\\\/prensa\\\/\"}]}<\/script>\n<!-- \/ Yoast SEO plugin. -->","yoast_head_json":{"title":"Alfombras florales llenar\u00e1n de color las calles guardesas este fin de semana | Turismo A Guarda","description":"A Guarda recupera una de las fiestas tradicionales de la localidad tras la pandemia del COVID-19 e invita a vecinos y visitantes a disfrutar realizando alfombras florales.","robots":{"index":"index","follow":"follow","max-snippet":"max-snippet:-1","max-image-preview":"max-image-preview:large","max-video-preview":"max-video-preview:-1"},"canonical":"https:\/\/www.turismoaguarda.es\/alfombras-florales-llenaran-de-color-las-calles-guardesas-este-fin-de-semana\/","og_locale":"en_US","og_type":"article","og_title":"Alfombras florales llenar\u00e1n de color las calles guardesas este fin de semana | Turismo A Guarda","og_description":"A Guarda recupera una de las fiestas tradicionales de la localidad tras la pandemia del COVID-19 e invita a vecinos y visitantes a disfrutar realizando alfombras florales.","og_url":"https:\/\/www.turismoaguarda.es\/alfombras-florales-llenaran-de-color-las-calles-guardesas-este-fin-de-semana\/","og_site_name":"Turismo A Guarda","article_publisher":"https:\/\/es-es.facebook.com\/Turismo-A-Guarda-126223240790625\/","article_published_time":"2022-06-13T07:47:17+00:00","og_image":[{"width":800,"height":800,"url":"https:\/\/www.turismoaguarda.es\/wp-content\/uploads\/2022\/06\/NP-13062022-As-Alfombras-florais-encheran-de-cor-as-ruas-guardesas-esta-fin-de-semana-1.jpg","type":"image\/jpeg"}],"author":"Prensa A Guarda","twitter_card":"summary_large_image","twitter_creator":"@TurismoAGuarda","twitter_site":"@TurismoAGuarda","twitter_misc":{"Written by":"Prensa A Guarda","Est. reading time":"2 minutes"},"schema":{"@context":"https:\/\/schema.org","@graph":[{"@type":"Article","@id":"https:\/\/www.turismoaguarda.es\/alfombras-florales-llenaran-de-color-las-calles-guardesas-este-fin-de-semana\/#article","isPartOf":{"@id":"https:\/\/www.turismoaguarda.es\/alfombras-florales-llenaran-de-color-las-calles-guardesas-este-fin-de-semana\/"},"author":{"name":"Prensa A Guarda","@id":"https:\/\/www.turismoaguarda.es\/#\/schema\/person\/a8b0c27ad7bcbb6c19799e934727508e"},"headline":"Alfombras florales llenar\u00e1n de color las calles guardesas este fin de semana","datePublished":"2022-06-13T07:47:17+00:00","mainEntityOfPage":{"@id":"https:\/\/www.turismoaguarda.es\/alfombras-florales-llenaran-de-color-las-calles-guardesas-este-fin-de-semana\/"},"wordCount":316,"commentCount":0,"image":{"@id":"https:\/\/www.turismoaguarda.es\/alfombras-florales-llenaran-de-color-las-calles-guardesas-este-fin-de-semana\/#primaryimage"},"thumbnailUrl":"https:\/\/www.turismoaguarda.es\/wp-content\/uploads\/2022\/06\/NP-13062022-As-Alfombras-florais-encheran-de-cor-as-ruas-guardesas-esta-fin-de-semana-1.jpg","keywords":["A Guarda","Alfombras florales","fiestas","turismo"],"articleSection":["Noticias Turismo"],"inLanguage":"en-US","potentialAction":[{"@type":"CommentAction","name":"Comment","target":["https:\/\/www.turismoaguarda.es\/alfombras-florales-llenaran-de-color-las-calles-guardesas-este-fin-de-semana\/#respond"]}]},{"@type":"WebPage","@id":"https:\/\/www.turismoaguarda.es\/alfombras-florales-llenaran-de-color-las-calles-guardesas-este-fin-de-semana\/","url":"https:\/\/www.turismoaguarda.es\/alfombras-florales-llenaran-de-color-las-calles-guardesas-este-fin-de-semana\/","name":"Alfombras florales llenar\u00e1n de color las calles guardesas este fin de semana | Turismo A Guarda","isPartOf":{"@id":"https:\/\/www.turismoaguarda.es\/#website"},"primaryImageOfPage":{"@id":"https:\/\/www.turismoaguarda.es\/alfombras-florales-llenaran-de-color-las-calles-guardesas-este-fin-de-semana\/#primaryimage"},"image":{"@id":"https:\/\/www.turismoaguarda.es\/alfombras-florales-llenaran-de-color-las-calles-guardesas-este-fin-de-semana\/#primaryimage"},"thumbnailUrl":"https:\/\/www.turismoaguarda.es\/wp-content\/uploads\/2022\/06\/NP-13062022-As-Alfombras-florais-encheran-de-cor-as-ruas-guardesas-esta-fin-de-semana-1.jpg","datePublished":"2022-06-13T07:47:17+00:00","author":{"@id":"https:\/\/www.turismoaguarda.es\/#\/schema\/person\/a8b0c27ad7bcbb6c19799e934727508e"},"description":"A Guarda recupera una de las fiestas tradicionales de la localidad tras la pandemia del COVID-19 e invita a vecinos y visitantes a disfrutar realizando alfombras florales.","breadcrumb":{"@id":"https:\/\/www.turismoaguarda.es\/alfombras-florales-llenaran-de-color-las-calles-guardesas-este-fin-de-semana\/#breadcrumb"},"inLanguage":"en-US","potentialAction":[{"@type":"ReadAction","target":["https:\/\/www.turismoaguarda.es\/alfombras-florales-llenaran-de-color-las-calles-guardesas-este-fin-de-semana\/"]}]},{"@type":"ImageObject","inLanguage":"en-US","@id":"https:\/\/www.turismoaguarda.es\/alfombras-florales-llenaran-de-color-las-calles-guardesas-este-fin-de-semana\/#primaryimage","url":"https:\/\/www.turismoaguarda.es\/wp-content\/uploads\/2022\/06\/NP-13062022-As-Alfombras-florais-encheran-de-cor-as-ruas-guardesas-esta-fin-de-semana-1.jpg","contentUrl":"https:\/\/www.turismoaguarda.es\/wp-content\/uploads\/2022\/06\/NP-13062022-As-Alfombras-florais-encheran-de-cor-as-ruas-guardesas-esta-fin-de-semana-1.jpg","width":800,"height":800},{"@type":"BreadcrumbList","@id":"https:\/\/www.turismoaguarda.es\/alfombras-florales-llenaran-de-color-las-calles-guardesas-este-fin-de-semana\/#breadcrumb","itemListElement":[{"@type":"ListItem","position":1,"name":"Portada","item":"https:\/\/www.turismoaguarda.es\/en\/"},{"@type":"ListItem","position":2,"name":"Alfombras florales llenar\u00e1n de color las calles guardesas este fin de semana"}]},{"@type":"WebSite","@id":"https:\/\/www.turismoaguarda.es\/#website","url":"https:\/\/www.turismoaguarda.es\/","name":"Turismo A Guarda","description":"Informaci\u00f3n tur\u00edstica de A Guarda y alrededores.","potentialAction":[{"@type":"SearchAction","target":{"@type":"EntryPoint","urlTemplate":"https:\/\/www.turismoaguarda.es\/?s={search_term_string}"},"query-input":{"@type":"PropertyValueSpecification","valueRequired":true,"valueName":"search_term_string"}}],"inLanguage":"en-US"},{"@type":"Person","@id":"https:\/\/www.turismoaguarda.es\/#\/schema\/person\/a8b0c27ad7bcbb6c19799e934727508e","name":"Prensa A Guarda","image":{"@type":"ImageObject","inLanguage":"en-US","@id":"https:\/\/secure.gravatar.com\/avatar\/387e117f874ba5d0a3439060b45d914395d77287b2e4890a49d1599fc3ef9189?s=96&d=mm&r=g","url":"https:\/\/secure.gravatar.com\/avatar\/387e117f874ba5d0a3439060b45d914395d77287b2e4890a49d1599fc3ef9189?s=96&d=mm&r=g","contentUrl":"https:\/\/secure.gravatar.com\/avatar\/387e117f874ba5d0a3439060b45d914395d77287b2e4890a49d1599fc3ef9189?s=96&d=mm&r=g","caption":"Prensa A Guarda"},"url":"https:\/\/www.turismoaguarda.es\/en\/author\/prensa\/"}]}},"_links":{"self":[{"href":"https:\/\/www.turismoaguarda.es\/en\/wp-json\/wp\/v2\/posts\/15620","targetHints":{"allow":["GET"]}}],"collection":[{"href":"https:\/\/www.turismoaguarda.es\/en\/wp-json\/wp\/v2\/posts"}],"about":[{"href":"https:\/\/www.turismoaguarda.es\/en\/wp-json\/wp\/v2\/types\/post"}],"author":[{"embeddable":true,"href":"https:\/\/www.turismoaguarda.es\/en\/wp-json\/wp\/v2\/users\/11"}],"replies":[{"embeddable":true,"href":"https:\/\/www.turismoaguarda.es\/en\/wp-json\/wp\/v2\/comments?post=15620"}],"version-history":[{"count":1,"href":"https:\/\/www.turismoaguarda.es\/en\/wp-json\/wp\/v2\/posts\/15620\/revisions"}],"predecessor-version":[{"id":15624,"href":"https:\/\/www.turismoaguarda.es\/en\/wp-json\/wp\/v2\/posts\/15620\/revisions\/15624"}],"wp:featuredmedia":[{"embeddable":true,"href":"https:\/\/www.turismoaguarda.es\/en\/wp-json\/wp\/v2\/media\/15621"}],"wp:attachment":[{"href":"https:\/\/www.turismoaguarda.es\/en\/wp-json\/wp\/v2\/media?parent=15620"}],"wp:term":[{"taxonomy":"category","embeddable":true,"href":"https:\/\/www.turismoaguarda.es\/en\/wp-json\/wp\/v2\/categories?post=15620"},{"taxonomy":"post_tag","embeddable":true,"href":"https:\/\/www.turismoaguarda.es\/en\/wp-json\/wp\/v2\/tags?post=15620"}],"curies":[{"name":"wp","href":"https:\/\/api.w.org\/{rel}","templated":true}]}}