{"id":15591,"date":"2022-06-01T16:24:14","date_gmt":"2022-06-01T14:24:14","guid":{"rendered":"https:\/\/www.turismoaguarda.es\/?p=15591"},"modified":"2022-06-01T16:24:14","modified_gmt":"2022-06-01T14:24:14","slug":"el-albergue-municipal-de-a-guarda-amplia-su-atencion-a-los-peregrinos","status":"publish","type":"post","link":"https:\/\/www.turismoaguarda.es\/en\/el-albergue-municipal-de-a-guarda-amplia-su-atencion-a-los-peregrinos\/","title":{"rendered":"El Albergue Municipal de A Guarda ampl\u00eda su atenci\u00f3n a los peregrinos"},"content":{"rendered":"<ul>\n<li><em><strong>En mayo, 1.686 peregrinos realizaron el Camino Portugu\u00e9s de la Costa, manteniendo nuestro camino en el 4\u00ba puesto de los caminos de Santiago<\/strong><\/em><\/li>\n<\/ul>\n<p><a href=\"https:\/\/www.turismoaguarda.es\/el-albergue-municipal-de-a-guarda-amplia-su-atencion-a-los-peregrinos\/horario-albergue-a-partir-1-xuno-2022-copia-2\/\" rel=\"attachment wp-att-15587\"><img loading=\"lazy\" decoding=\"async\" class=\"alignleft size-full wp-image-15587\" src=\"https:\/\/www.turismoaguarda.es\/wp-content\/uploads\/2022\/06\/horario-Albergue-a-partir-1-xuno-2022-copia.jpg\" alt=\"O Albergue municipal da Guarda ampl\u00eda a s\u00faa atenci\u00f3n aos peregrinos\" width=\"800\" height=\"800\" srcset=\"https:\/\/www.turismoaguarda.es\/wp-content\/uploads\/2022\/06\/horario-Albergue-a-partir-1-xuno-2022-copia.jpg 800w, https:\/\/www.turismoaguarda.es\/wp-content\/uploads\/2022\/06\/horario-Albergue-a-partir-1-xuno-2022-copia-300x300.jpg 300w, https:\/\/www.turismoaguarda.es\/wp-content\/uploads\/2022\/06\/horario-Albergue-a-partir-1-xuno-2022-copia-150x150.jpg 150w, https:\/\/www.turismoaguarda.es\/wp-content\/uploads\/2022\/06\/horario-Albergue-a-partir-1-xuno-2022-copia-768x768.jpg 768w, https:\/\/www.turismoaguarda.es\/wp-content\/uploads\/2022\/06\/horario-Albergue-a-partir-1-xuno-2022-copia-500x500.jpg 500w\" sizes=\"auto, (max-width: 800px) 100vw, 800px\" \/><\/a><\/p>\n<p>El 1 de junio es la fecha escogida en la que el albergue municipal de A Guarda recupera la normalidad en su funcionamiento al suprimirse las restricciones que se ten\u00edan por responsabilidad ante la particularidad y sensibilidad de este servicio.<\/p>\n<p>El albergue recibe peregrinos de todas las procedencias por lo que la cocina se mantuvo cerrada y el aforo limitado al 50% a pesar de que el Ministerio de Sanidad ha ido flexibilizando progresivamente las restricciones a este tipo de alojamientos. A Guarda, como localidad tur\u00edstica, cuenta con otros establecimientos tur\u00edsticos con oferta de alojamiento en invierno y primavera.<\/p>\n<p>A principios de verano, volveremos al funcionamiento normal del albergue para poder recibir a los peregrinos que hayan completado su periodo de descanso en nuestro pueblo. El albergue cuenta con 36 ambientes distribuidos en dos ambientes y la cocina como espacio com\u00fan.<\/p>\n<p>Adem\u00e1s de recuperar todas las plazas disponibles y reabrir la cocina, el horario de acceso se ampliar\u00e1 hasta las 20:30 horas.<\/p>\n<p>Seg\u00fan datos de la Oficina del Peregrino de Santiago en mayo se concentraron en Compostela m\u00e1s de 34.000 peregrinos y 1.686 realizaron el Camino Portugu\u00e9s de la Costa, manteniendo nuestro camino en la 4\u00aa posici\u00f3n de los caminos de Santiago.<\/p>\n","protected":false},"excerpt":{"rendered":"<p>En mayo, 1.686 peregrinos realizaron el Camino Portugu\u00e9s de la Costa, manteniendo nuestro camino en el 4\u00ba puesto de los caminos de Santiago El 1 de junio es la fecha escogida en la que el albergue municipal de A Guarda recupera la normalidad en su funcionamiento al suprimirse las restricciones que se ten\u00edan por responsabilidad<\/p>\n<div class=\"padding-top text-center\"><a href=\"https:\/\/www.turismoaguarda.es\/en\/el-albergue-municipal-de-a-guarda-amplia-su-atencion-a-los-peregrinos\/\" class=\"atbtn atbtn--medium atbtn--rounded atbtn--transparent\">Read more<i class=\"atbtn__icon atbtn__icon--right fa fa-long-arrow-right\"><\/i><\/a><\/div>\n","protected":false},"author":11,"featured_media":15587,"comment_status":"open","ping_status":"open","sticky":false,"template":"","format":"standard","meta":{"footnotes":""},"categories":[44],"tags":[169,481,1202,168],"class_list":["post-15591","post","type-post","status-publish","format-standard","has-post-thumbnail","hentry","category-noticias-turismo","tag-a-guarda","tag-camino-portugues-da-costa","tag-peregrinos-2","tag-turismo"],"yoast_head":"<!-- This site is optimized with the Yoast SEO plugin v27.5 - https:\/\/yoast.com\/product\/yoast-seo-wordpress\/ -->\n<title>El Albergue Municipal de A Guarda ampl\u00eda su atenci\u00f3n a los peregrinos | Turismo A Guarda<\/title>\n<meta name=\"description\" content=\"En mayo, 1.686 peregrinos realizaron el Camino Portugu\u00e9s de la Costa, manteniendo nuestro camino en el 4\u00ba puesto de los caminos de Santiago\" \/>\n<meta name=\"robots\" content=\"index, follow, max-snippet:-1, max-image-preview:large, max-video-preview:-1\" \/>\n<link rel=\"canonical\" href=\"https:\/\/www.turismoaguarda.es\/el-albergue-municipal-de-a-guarda-amplia-su-atencion-a-los-peregrinos\/\" \/>\n<meta property=\"og:locale\" content=\"en_US\" \/>\n<meta property=\"og:type\" content=\"article\" \/>\n<meta property=\"og:title\" content=\"El Albergue Municipal de A Guarda ampl\u00eda su atenci\u00f3n a los peregrinos | Turismo A Guarda\" \/>\n<meta property=\"og:description\" content=\"En mayo, 1.686 peregrinos realizaron el Camino Portugu\u00e9s de la Costa, manteniendo nuestro camino en el 4\u00ba puesto de los caminos de Santiago\" \/>\n<meta property=\"og:url\" content=\"https:\/\/www.turismoaguarda.es\/el-albergue-municipal-de-a-guarda-amplia-su-atencion-a-los-peregrinos\/\" \/>\n<meta property=\"og:site_name\" content=\"Turismo A Guarda\" \/>\n<meta property=\"article:publisher\" content=\"https:\/\/es-es.facebook.com\/Turismo-A-Guarda-126223240790625\/\" \/>\n<meta property=\"article:published_time\" content=\"2022-06-01T14:24:14+00:00\" \/>\n<meta property=\"og:image\" content=\"https:\/\/www.turismoaguarda.es\/wp-content\/uploads\/2022\/06\/horario-Albergue-a-partir-1-xuno-2022-copia.jpg\" \/>\n\t<meta property=\"og:image:width\" content=\"800\" \/>\n\t<meta property=\"og:image:height\" content=\"800\" \/>\n\t<meta property=\"og:image:type\" content=\"image\/jpeg\" \/>\n<meta name=\"author\" content=\"Prensa A Guarda\" \/>\n<meta name=\"twitter:card\" content=\"summary_large_image\" \/>\n<meta name=\"twitter:creator\" content=\"@TurismoAGuarda\" \/>\n<meta name=\"twitter:site\" content=\"@TurismoAGuarda\" \/>\n<meta name=\"twitter:label1\" content=\"Written by\" \/>\n\t<meta name=\"twitter:data1\" content=\"Prensa A Guarda\" \/>\n\t<meta name=\"twitter:label2\" content=\"Est. reading time\" \/>\n\t<meta name=\"twitter:data2\" content=\"2 minutes\" \/>\n<script type=\"application\/ld+json\" class=\"yoast-schema-graph\">{\"@context\":\"https:\\\/\\\/schema.org\",\"@graph\":[{\"@type\":\"Article\",\"@id\":\"https:\\\/\\\/www.turismoaguarda.es\\\/el-albergue-municipal-de-a-guarda-amplia-su-atencion-a-los-peregrinos\\\/#article\",\"isPartOf\":{\"@id\":\"https:\\\/\\\/www.turismoaguarda.es\\\/el-albergue-municipal-de-a-guarda-amplia-su-atencion-a-los-peregrinos\\\/\"},\"author\":{\"name\":\"Prensa A Guarda\",\"@id\":\"https:\\\/\\\/www.turismoaguarda.es\\\/#\\\/schema\\\/person\\\/a8b0c27ad7bcbb6c19799e934727508e\"},\"headline\":\"El Albergue Municipal de A Guarda ampl\u00eda su atenci\u00f3n a los peregrinos\",\"datePublished\":\"2022-06-01T14:24:14+00:00\",\"mainEntityOfPage\":{\"@id\":\"https:\\\/\\\/www.turismoaguarda.es\\\/el-albergue-municipal-de-a-guarda-amplia-su-atencion-a-los-peregrinos\\\/\"},\"wordCount\":240,\"commentCount\":0,\"image\":{\"@id\":\"https:\\\/\\\/www.turismoaguarda.es\\\/el-albergue-municipal-de-a-guarda-amplia-su-atencion-a-los-peregrinos\\\/#primaryimage\"},\"thumbnailUrl\":\"https:\\\/\\\/www.turismoaguarda.es\\\/wp-content\\\/uploads\\\/2022\\\/06\\\/horario-Albergue-a-partir-1-xuno-2022-copia.jpg\",\"keywords\":[\"A Guarda\",\"Cami\u00f1o Portugu\u00e9s da Costa\",\"Peregrinos\",\"turismo\"],\"articleSection\":[\"Noticias Turismo\"],\"inLanguage\":\"en-US\",\"potentialAction\":[{\"@type\":\"CommentAction\",\"name\":\"Comment\",\"target\":[\"https:\\\/\\\/www.turismoaguarda.es\\\/el-albergue-municipal-de-a-guarda-amplia-su-atencion-a-los-peregrinos\\\/#respond\"]}]},{\"@type\":\"WebPage\",\"@id\":\"https:\\\/\\\/www.turismoaguarda.es\\\/el-albergue-municipal-de-a-guarda-amplia-su-atencion-a-los-peregrinos\\\/\",\"url\":\"https:\\\/\\\/www.turismoaguarda.es\\\/el-albergue-municipal-de-a-guarda-amplia-su-atencion-a-los-peregrinos\\\/\",\"name\":\"El Albergue Municipal de A Guarda ampl\u00eda su atenci\u00f3n a los peregrinos | Turismo A Guarda\",\"isPartOf\":{\"@id\":\"https:\\\/\\\/www.turismoaguarda.es\\\/#website\"},\"primaryImageOfPage\":{\"@id\":\"https:\\\/\\\/www.turismoaguarda.es\\\/el-albergue-municipal-de-a-guarda-amplia-su-atencion-a-los-peregrinos\\\/#primaryimage\"},\"image\":{\"@id\":\"https:\\\/\\\/www.turismoaguarda.es\\\/el-albergue-municipal-de-a-guarda-amplia-su-atencion-a-los-peregrinos\\\/#primaryimage\"},\"thumbnailUrl\":\"https:\\\/\\\/www.turismoaguarda.es\\\/wp-content\\\/uploads\\\/2022\\\/06\\\/horario-Albergue-a-partir-1-xuno-2022-copia.jpg\",\"datePublished\":\"2022-06-01T14:24:14+00:00\",\"author\":{\"@id\":\"https:\\\/\\\/www.turismoaguarda.es\\\/#\\\/schema\\\/person\\\/a8b0c27ad7bcbb6c19799e934727508e\"},\"description\":\"En mayo, 1.686 peregrinos realizaron el Camino Portugu\u00e9s de la Costa, manteniendo nuestro camino en el 4\u00ba puesto de los caminos de Santiago\",\"breadcrumb\":{\"@id\":\"https:\\\/\\\/www.turismoaguarda.es\\\/el-albergue-municipal-de-a-guarda-amplia-su-atencion-a-los-peregrinos\\\/#breadcrumb\"},\"inLanguage\":\"en-US\",\"potentialAction\":[{\"@type\":\"ReadAction\",\"target\":[\"https:\\\/\\\/www.turismoaguarda.es\\\/el-albergue-municipal-de-a-guarda-amplia-su-atencion-a-los-peregrinos\\\/\"]}]},{\"@type\":\"ImageObject\",\"inLanguage\":\"en-US\",\"@id\":\"https:\\\/\\\/www.turismoaguarda.es\\\/el-albergue-municipal-de-a-guarda-amplia-su-atencion-a-los-peregrinos\\\/#primaryimage\",\"url\":\"https:\\\/\\\/www.turismoaguarda.es\\\/wp-content\\\/uploads\\\/2022\\\/06\\\/horario-Albergue-a-partir-1-xuno-2022-copia.jpg\",\"contentUrl\":\"https:\\\/\\\/www.turismoaguarda.es\\\/wp-content\\\/uploads\\\/2022\\\/06\\\/horario-Albergue-a-partir-1-xuno-2022-copia.jpg\",\"width\":800,\"height\":800,\"caption\":\"O Albergue municipal da Guarda ampl\u00eda a s\u00faa atenci\u00f3n aos peregrinos\"},{\"@type\":\"BreadcrumbList\",\"@id\":\"https:\\\/\\\/www.turismoaguarda.es\\\/el-albergue-municipal-de-a-guarda-amplia-su-atencion-a-los-peregrinos\\\/#breadcrumb\",\"itemListElement\":[{\"@type\":\"ListItem\",\"position\":1,\"name\":\"Portada\",\"item\":\"https:\\\/\\\/www.turismoaguarda.es\\\/en\\\/\"},{\"@type\":\"ListItem\",\"position\":2,\"name\":\"El Albergue Municipal de A Guarda ampl\u00eda su atenci\u00f3n a los peregrinos\"}]},{\"@type\":\"WebSite\",\"@id\":\"https:\\\/\\\/www.turismoaguarda.es\\\/#website\",\"url\":\"https:\\\/\\\/www.turismoaguarda.es\\\/\",\"name\":\"Turismo A Guarda\",\"description\":\"Informaci\u00f3n tur\u00edstica de A Guarda y alrededores.\",\"potentialAction\":[{\"@type\":\"SearchAction\",\"target\":{\"@type\":\"EntryPoint\",\"urlTemplate\":\"https:\\\/\\\/www.turismoaguarda.es\\\/?s={search_term_string}\"},\"query-input\":{\"@type\":\"PropertyValueSpecification\",\"valueRequired\":true,\"valueName\":\"search_term_string\"}}],\"inLanguage\":\"en-US\"},{\"@type\":\"Person\",\"@id\":\"https:\\\/\\\/www.turismoaguarda.es\\\/#\\\/schema\\\/person\\\/a8b0c27ad7bcbb6c19799e934727508e\",\"name\":\"Prensa A Guarda\",\"image\":{\"@type\":\"ImageObject\",\"inLanguage\":\"en-US\",\"@id\":\"https:\\\/\\\/secure.gravatar.com\\\/avatar\\\/387e117f874ba5d0a3439060b45d914395d77287b2e4890a49d1599fc3ef9189?s=96&d=mm&r=g\",\"url\":\"https:\\\/\\\/secure.gravatar.com\\\/avatar\\\/387e117f874ba5d0a3439060b45d914395d77287b2e4890a49d1599fc3ef9189?s=96&d=mm&r=g\",\"contentUrl\":\"https:\\\/\\\/secure.gravatar.com\\\/avatar\\\/387e117f874ba5d0a3439060b45d914395d77287b2e4890a49d1599fc3ef9189?s=96&d=mm&r=g\",\"caption\":\"Prensa A Guarda\"},\"url\":\"https:\\\/\\\/www.turismoaguarda.es\\\/en\\\/author\\\/prensa\\\/\"}]}<\/script>\n<!-- \/ Yoast SEO plugin. -->","yoast_head_json":{"title":"El Albergue Municipal de A Guarda ampl\u00eda su atenci\u00f3n a los peregrinos | Turismo A Guarda","description":"En mayo, 1.686 peregrinos realizaron el Camino Portugu\u00e9s de la Costa, manteniendo nuestro camino en el 4\u00ba puesto de los caminos de Santiago","robots":{"index":"index","follow":"follow","max-snippet":"max-snippet:-1","max-image-preview":"max-image-preview:large","max-video-preview":"max-video-preview:-1"},"canonical":"https:\/\/www.turismoaguarda.es\/el-albergue-municipal-de-a-guarda-amplia-su-atencion-a-los-peregrinos\/","og_locale":"en_US","og_type":"article","og_title":"El Albergue Municipal de A Guarda ampl\u00eda su atenci\u00f3n a los peregrinos | Turismo A Guarda","og_description":"En mayo, 1.686 peregrinos realizaron el Camino Portugu\u00e9s de la Costa, manteniendo nuestro camino en el 4\u00ba puesto de los caminos de Santiago","og_url":"https:\/\/www.turismoaguarda.es\/el-albergue-municipal-de-a-guarda-amplia-su-atencion-a-los-peregrinos\/","og_site_name":"Turismo A Guarda","article_publisher":"https:\/\/es-es.facebook.com\/Turismo-A-Guarda-126223240790625\/","article_published_time":"2022-06-01T14:24:14+00:00","og_image":[{"width":800,"height":800,"url":"https:\/\/www.turismoaguarda.es\/wp-content\/uploads\/2022\/06\/horario-Albergue-a-partir-1-xuno-2022-copia.jpg","type":"image\/jpeg"}],"author":"Prensa A Guarda","twitter_card":"summary_large_image","twitter_creator":"@TurismoAGuarda","twitter_site":"@TurismoAGuarda","twitter_misc":{"Written by":"Prensa A Guarda","Est. reading time":"2 minutes"},"schema":{"@context":"https:\/\/schema.org","@graph":[{"@type":"Article","@id":"https:\/\/www.turismoaguarda.es\/el-albergue-municipal-de-a-guarda-amplia-su-atencion-a-los-peregrinos\/#article","isPartOf":{"@id":"https:\/\/www.turismoaguarda.es\/el-albergue-municipal-de-a-guarda-amplia-su-atencion-a-los-peregrinos\/"},"author":{"name":"Prensa A Guarda","@id":"https:\/\/www.turismoaguarda.es\/#\/schema\/person\/a8b0c27ad7bcbb6c19799e934727508e"},"headline":"El Albergue Municipal de A Guarda ampl\u00eda su atenci\u00f3n a los peregrinos","datePublished":"2022-06-01T14:24:14+00:00","mainEntityOfPage":{"@id":"https:\/\/www.turismoaguarda.es\/el-albergue-municipal-de-a-guarda-amplia-su-atencion-a-los-peregrinos\/"},"wordCount":240,"commentCount":0,"image":{"@id":"https:\/\/www.turismoaguarda.es\/el-albergue-municipal-de-a-guarda-amplia-su-atencion-a-los-peregrinos\/#primaryimage"},"thumbnailUrl":"https:\/\/www.turismoaguarda.es\/wp-content\/uploads\/2022\/06\/horario-Albergue-a-partir-1-xuno-2022-copia.jpg","keywords":["A Guarda","Cami\u00f1o Portugu\u00e9s da Costa","Peregrinos","turismo"],"articleSection":["Noticias Turismo"],"inLanguage":"en-US","potentialAction":[{"@type":"CommentAction","name":"Comment","target":["https:\/\/www.turismoaguarda.es\/el-albergue-municipal-de-a-guarda-amplia-su-atencion-a-los-peregrinos\/#respond"]}]},{"@type":"WebPage","@id":"https:\/\/www.turismoaguarda.es\/el-albergue-municipal-de-a-guarda-amplia-su-atencion-a-los-peregrinos\/","url":"https:\/\/www.turismoaguarda.es\/el-albergue-municipal-de-a-guarda-amplia-su-atencion-a-los-peregrinos\/","name":"El Albergue Municipal de A Guarda ampl\u00eda su atenci\u00f3n a los peregrinos | Turismo A Guarda","isPartOf":{"@id":"https:\/\/www.turismoaguarda.es\/#website"},"primaryImageOfPage":{"@id":"https:\/\/www.turismoaguarda.es\/el-albergue-municipal-de-a-guarda-amplia-su-atencion-a-los-peregrinos\/#primaryimage"},"image":{"@id":"https:\/\/www.turismoaguarda.es\/el-albergue-municipal-de-a-guarda-amplia-su-atencion-a-los-peregrinos\/#primaryimage"},"thumbnailUrl":"https:\/\/www.turismoaguarda.es\/wp-content\/uploads\/2022\/06\/horario-Albergue-a-partir-1-xuno-2022-copia.jpg","datePublished":"2022-06-01T14:24:14+00:00","author":{"@id":"https:\/\/www.turismoaguarda.es\/#\/schema\/person\/a8b0c27ad7bcbb6c19799e934727508e"},"description":"En mayo, 1.686 peregrinos realizaron el Camino Portugu\u00e9s de la Costa, manteniendo nuestro camino en el 4\u00ba puesto de los caminos de Santiago","breadcrumb":{"@id":"https:\/\/www.turismoaguarda.es\/el-albergue-municipal-de-a-guarda-amplia-su-atencion-a-los-peregrinos\/#breadcrumb"},"inLanguage":"en-US","potentialAction":[{"@type":"ReadAction","target":["https:\/\/www.turismoaguarda.es\/el-albergue-municipal-de-a-guarda-amplia-su-atencion-a-los-peregrinos\/"]}]},{"@type":"ImageObject","inLanguage":"en-US","@id":"https:\/\/www.turismoaguarda.es\/el-albergue-municipal-de-a-guarda-amplia-su-atencion-a-los-peregrinos\/#primaryimage","url":"https:\/\/www.turismoaguarda.es\/wp-content\/uploads\/2022\/06\/horario-Albergue-a-partir-1-xuno-2022-copia.jpg","contentUrl":"https:\/\/www.turismoaguarda.es\/wp-content\/uploads\/2022\/06\/horario-Albergue-a-partir-1-xuno-2022-copia.jpg","width":800,"height":800,"caption":"O Albergue municipal da Guarda ampl\u00eda a s\u00faa atenci\u00f3n aos peregrinos"},{"@type":"BreadcrumbList","@id":"https:\/\/www.turismoaguarda.es\/el-albergue-municipal-de-a-guarda-amplia-su-atencion-a-los-peregrinos\/#breadcrumb","itemListElement":[{"@type":"ListItem","position":1,"name":"Portada","item":"https:\/\/www.turismoaguarda.es\/en\/"},{"@type":"ListItem","position":2,"name":"El Albergue Municipal de A Guarda ampl\u00eda su atenci\u00f3n a los peregrinos"}]},{"@type":"WebSite","@id":"https:\/\/www.turismoaguarda.es\/#website","url":"https:\/\/www.turismoaguarda.es\/","name":"Turismo A Guarda","description":"Informaci\u00f3n tur\u00edstica de A Guarda y alrededores.","potentialAction":[{"@type":"SearchAction","target":{"@type":"EntryPoint","urlTemplate":"https:\/\/www.turismoaguarda.es\/?s={search_term_string}"},"query-input":{"@type":"PropertyValueSpecification","valueRequired":true,"valueName":"search_term_string"}}],"inLanguage":"en-US"},{"@type":"Person","@id":"https:\/\/www.turismoaguarda.es\/#\/schema\/person\/a8b0c27ad7bcbb6c19799e934727508e","name":"Prensa A Guarda","image":{"@type":"ImageObject","inLanguage":"en-US","@id":"https:\/\/secure.gravatar.com\/avatar\/387e117f874ba5d0a3439060b45d914395d77287b2e4890a49d1599fc3ef9189?s=96&d=mm&r=g","url":"https:\/\/secure.gravatar.com\/avatar\/387e117f874ba5d0a3439060b45d914395d77287b2e4890a49d1599fc3ef9189?s=96&d=mm&r=g","contentUrl":"https:\/\/secure.gravatar.com\/avatar\/387e117f874ba5d0a3439060b45d914395d77287b2e4890a49d1599fc3ef9189?s=96&d=mm&r=g","caption":"Prensa A Guarda"},"url":"https:\/\/www.turismoaguarda.es\/en\/author\/prensa\/"}]}},"_links":{"self":[{"href":"https:\/\/www.turismoaguarda.es\/en\/wp-json\/wp\/v2\/posts\/15591","targetHints":{"allow":["GET"]}}],"collection":[{"href":"https:\/\/www.turismoaguarda.es\/en\/wp-json\/wp\/v2\/posts"}],"about":[{"href":"https:\/\/www.turismoaguarda.es\/en\/wp-json\/wp\/v2\/types\/post"}],"author":[{"embeddable":true,"href":"https:\/\/www.turismoaguarda.es\/en\/wp-json\/wp\/v2\/users\/11"}],"replies":[{"embeddable":true,"href":"https:\/\/www.turismoaguarda.es\/en\/wp-json\/wp\/v2\/comments?post=15591"}],"version-history":[{"count":2,"href":"https:\/\/www.turismoaguarda.es\/en\/wp-json\/wp\/v2\/posts\/15591\/revisions"}],"predecessor-version":[{"id":15593,"href":"https:\/\/www.turismoaguarda.es\/en\/wp-json\/wp\/v2\/posts\/15591\/revisions\/15593"}],"wp:featuredmedia":[{"embeddable":true,"href":"https:\/\/www.turismoaguarda.es\/en\/wp-json\/wp\/v2\/media\/15587"}],"wp:attachment":[{"href":"https:\/\/www.turismoaguarda.es\/en\/wp-json\/wp\/v2\/media?parent=15591"}],"wp:term":[{"taxonomy":"category","embeddable":true,"href":"https:\/\/www.turismoaguarda.es\/en\/wp-json\/wp\/v2\/categories?post=15591"},{"taxonomy":"post_tag","embeddable":true,"href":"https:\/\/www.turismoaguarda.es\/en\/wp-json\/wp\/v2\/tags?post=15591"}],"curies":[{"name":"wp","href":"https:\/\/api.w.org\/{rel}","templated":true}]}}