{"id":15277,"date":"2022-02-28T17:44:57","date_gmt":"2022-02-28T16:44:57","guid":{"rendered":"https:\/\/www.turismoaguarda.es\/?p=15277"},"modified":"2022-02-28T17:44:57","modified_gmt":"2022-02-28T16:44:57","slug":"a-guarda-aplaza-el-desfile-de-carnaval-para-el-domingo-dia-6-de-marzo","status":"publish","type":"post","link":"https:\/\/www.turismoaguarda.es\/en\/a-guarda-aplaza-el-desfile-de-carnaval-para-el-domingo-dia-6-de-marzo\/","title":{"rendered":"A Guarda aplaza el Desfile de Carnaval para el domingo d\u00eda 6 de marzo"},"content":{"rendered":"<p>A vista de las previsiones meteorol\u00f3gicas desfavorables con lluvias para la tarde del martes de Carnaval, el desfile de Carnaval previsto para esta jornada se aplaza para el pr\u00f3ximo domingo d\u00eda 6 de marzo. Se mantiene el horario y el recorrido, saliendo a las 17.30h. de la Esquina Famosa (Calle Puerto Rico).<\/p>\n<p>Ma\u00f1ana martes d\u00eda 1 de marzo se har\u00e1 p\u00fablico un nuevo plazo de inscripci\u00f3n de dos d\u00edas para que puedan anotarse nuevas carrozas, comparsas y grupos y que aquellas que ya estaban anotadas y no puedan participar, as\u00ed lo notifiquen.<\/p>\n<p style=\"text-align: center;\"><a href=\"https:\/\/www.turismoaguarda.es\/np-25022020-a-guarda-pecha-o-entroido-2020-cun-multitudinario-desfile-4-2\/\"><img loading=\"lazy\" decoding=\"async\" class=\"alignleft size-full wp-image-15273\" src=\"https:\/\/www.turismoaguarda.es\/wp-content\/uploads\/2022\/02\/NP-25022020-A-Guarda-pecha-o-Entroido-2020-cun-multitudinario-desfile-4.jpg\" alt=\"\" width=\"800\" height=\"533\" srcset=\"https:\/\/www.turismoaguarda.es\/wp-content\/uploads\/2022\/02\/NP-25022020-A-Guarda-pecha-o-Entroido-2020-cun-multitudinario-desfile-4.jpg 800w, https:\/\/www.turismoaguarda.es\/wp-content\/uploads\/2022\/02\/NP-25022020-A-Guarda-pecha-o-Entroido-2020-cun-multitudinario-desfile-4-300x200.jpg 300w, https:\/\/www.turismoaguarda.es\/wp-content\/uploads\/2022\/02\/NP-25022020-A-Guarda-pecha-o-Entroido-2020-cun-multitudinario-desfile-4-768x512.jpg 768w, https:\/\/www.turismoaguarda.es\/wp-content\/uploads\/2022\/02\/NP-25022020-A-Guarda-pecha-o-Entroido-2020-cun-multitudinario-desfile-4-150x100.jpg 150w, https:\/\/www.turismoaguarda.es\/wp-content\/uploads\/2022\/02\/NP-25022020-A-Guarda-pecha-o-Entroido-2020-cun-multitudinario-desfile-4-500x333.jpg 500w\" sizes=\"auto, (max-width: 800px) 100vw, 800px\" \/><\/a><\/p>\n","protected":false},"excerpt":{"rendered":"<p>A vista de las previsiones meteorol\u00f3gicas desfavorables con lluvias para la tarde del martes de Carnaval, el desfile de Carnaval previsto para esta jornada se aplaza para el pr\u00f3ximo domingo d\u00eda 6 de marzo. Se mantiene el horario y el recorrido, saliendo a las 17.30h. de la Esquina Famosa (Calle Puerto Rico). Ma\u00f1ana martes d\u00eda<\/p>\n<div class=\"padding-top text-center\"><a href=\"https:\/\/www.turismoaguarda.es\/en\/a-guarda-aplaza-el-desfile-de-carnaval-para-el-domingo-dia-6-de-marzo\/\" class=\"atbtn atbtn--medium atbtn--rounded atbtn--transparent\">Read more<i class=\"atbtn__icon atbtn__icon--right fa fa-long-arrow-right\"><\/i><\/a><\/div>\n","protected":false},"author":11,"featured_media":15270,"comment_status":"open","ping_status":"open","sticky":false,"template":"","format":"standard","meta":{"footnotes":""},"categories":[44],"tags":[169,1922,616,1217],"class_list":["post-15277","post","type-post","status-publish","format-standard","has-post-thumbnail","hentry","category-noticias-turismo","tag-a-guarda","tag-aplazado","tag-carnaval","tag-desfile-2"],"yoast_head":"<!-- This site is optimized with the Yoast SEO plugin v27.5 - https:\/\/yoast.com\/product\/yoast-seo-wordpress\/ -->\n<title>A Guarda aplaza el Desfile de Carnaval para el domingo d\u00eda 6 de marzo | Turismo A Guarda<\/title>\n<meta name=\"robots\" content=\"index, follow, max-snippet:-1, max-image-preview:large, max-video-preview:-1\" \/>\n<link rel=\"canonical\" href=\"https:\/\/www.turismoaguarda.es\/a-guarda-aplaza-el-desfile-de-carnaval-para-el-domingo-dia-6-de-marzo\/\" \/>\n<meta property=\"og:locale\" content=\"en_US\" \/>\n<meta property=\"og:type\" content=\"article\" \/>\n<meta property=\"og:title\" content=\"A Guarda aplaza el Desfile de Carnaval para el domingo d\u00eda 6 de marzo | Turismo A Guarda\" \/>\n<meta property=\"og:description\" content=\"A vista de las previsiones meteorol\u00f3gicas desfavorables con lluvias para la tarde del martes de Carnaval, el desfile de Carnaval previsto para esta jornada se aplaza para el pr\u00f3ximo domingo d\u00eda 6 de marzo. Se mantiene el horario y el recorrido, saliendo a las 17.30h. de la Esquina Famosa (Calle Puerto Rico). Ma\u00f1ana martes d\u00edaRead more\" \/>\n<meta property=\"og:url\" content=\"https:\/\/www.turismoaguarda.es\/a-guarda-aplaza-el-desfile-de-carnaval-para-el-domingo-dia-6-de-marzo\/\" \/>\n<meta property=\"og:site_name\" content=\"Turismo A Guarda\" \/>\n<meta property=\"article:publisher\" content=\"https:\/\/es-es.facebook.com\/Turismo-A-Guarda-126223240790625\/\" \/>\n<meta property=\"article:published_time\" content=\"2022-02-28T16:44:57+00:00\" \/>\n<meta property=\"og:image\" content=\"https:\/\/www.turismoaguarda.es\/wp-content\/uploads\/2022\/02\/NP-25022020-A-Guarda-pecha-o-Entroido-2020-cun-multitudinario-desfile-5.jpg\" \/>\n\t<meta property=\"og:image:width\" content=\"800\" \/>\n\t<meta property=\"og:image:height\" content=\"533\" \/>\n\t<meta property=\"og:image:type\" content=\"image\/jpeg\" \/>\n<meta name=\"author\" content=\"Prensa A Guarda\" \/>\n<meta name=\"twitter:card\" content=\"summary_large_image\" \/>\n<meta name=\"twitter:creator\" content=\"@TurismoAGuarda\" \/>\n<meta name=\"twitter:site\" content=\"@TurismoAGuarda\" \/>\n<meta name=\"twitter:label1\" content=\"Written by\" \/>\n\t<meta name=\"twitter:data1\" content=\"Prensa A Guarda\" \/>\n\t<meta name=\"twitter:label2\" content=\"Est. reading time\" \/>\n\t<meta name=\"twitter:data2\" content=\"1 minute\" \/>\n<script type=\"application\/ld+json\" class=\"yoast-schema-graph\">{\"@context\":\"https:\\\/\\\/schema.org\",\"@graph\":[{\"@type\":\"Article\",\"@id\":\"https:\\\/\\\/www.turismoaguarda.es\\\/a-guarda-aplaza-el-desfile-de-carnaval-para-el-domingo-dia-6-de-marzo\\\/#article\",\"isPartOf\":{\"@id\":\"https:\\\/\\\/www.turismoaguarda.es\\\/a-guarda-aplaza-el-desfile-de-carnaval-para-el-domingo-dia-6-de-marzo\\\/\"},\"author\":{\"name\":\"Prensa A Guarda\",\"@id\":\"https:\\\/\\\/www.turismoaguarda.es\\\/#\\\/schema\\\/person\\\/a8b0c27ad7bcbb6c19799e934727508e\"},\"headline\":\"A Guarda aplaza el Desfile de Carnaval para el domingo d\u00eda 6 de marzo\",\"datePublished\":\"2022-02-28T16:44:57+00:00\",\"mainEntityOfPage\":{\"@id\":\"https:\\\/\\\/www.turismoaguarda.es\\\/a-guarda-aplaza-el-desfile-de-carnaval-para-el-domingo-dia-6-de-marzo\\\/\"},\"wordCount\":112,\"commentCount\":0,\"image\":{\"@id\":\"https:\\\/\\\/www.turismoaguarda.es\\\/a-guarda-aplaza-el-desfile-de-carnaval-para-el-domingo-dia-6-de-marzo\\\/#primaryimage\"},\"thumbnailUrl\":\"https:\\\/\\\/www.turismoaguarda.es\\\/wp-content\\\/uploads\\\/2022\\\/02\\\/NP-25022020-A-Guarda-pecha-o-Entroido-2020-cun-multitudinario-desfile-5.jpg\",\"keywords\":[\"A Guarda\",\"aplazado\",\"carnaval\",\"Desfile\"],\"articleSection\":[\"Noticias Turismo\"],\"inLanguage\":\"en-US\",\"potentialAction\":[{\"@type\":\"CommentAction\",\"name\":\"Comment\",\"target\":[\"https:\\\/\\\/www.turismoaguarda.es\\\/a-guarda-aplaza-el-desfile-de-carnaval-para-el-domingo-dia-6-de-marzo\\\/#respond\"]}]},{\"@type\":\"WebPage\",\"@id\":\"https:\\\/\\\/www.turismoaguarda.es\\\/a-guarda-aplaza-el-desfile-de-carnaval-para-el-domingo-dia-6-de-marzo\\\/\",\"url\":\"https:\\\/\\\/www.turismoaguarda.es\\\/a-guarda-aplaza-el-desfile-de-carnaval-para-el-domingo-dia-6-de-marzo\\\/\",\"name\":\"A Guarda aplaza el Desfile de Carnaval para el domingo d\u00eda 6 de marzo | Turismo A Guarda\",\"isPartOf\":{\"@id\":\"https:\\\/\\\/www.turismoaguarda.es\\\/#website\"},\"primaryImageOfPage\":{\"@id\":\"https:\\\/\\\/www.turismoaguarda.es\\\/a-guarda-aplaza-el-desfile-de-carnaval-para-el-domingo-dia-6-de-marzo\\\/#primaryimage\"},\"image\":{\"@id\":\"https:\\\/\\\/www.turismoaguarda.es\\\/a-guarda-aplaza-el-desfile-de-carnaval-para-el-domingo-dia-6-de-marzo\\\/#primaryimage\"},\"thumbnailUrl\":\"https:\\\/\\\/www.turismoaguarda.es\\\/wp-content\\\/uploads\\\/2022\\\/02\\\/NP-25022020-A-Guarda-pecha-o-Entroido-2020-cun-multitudinario-desfile-5.jpg\",\"datePublished\":\"2022-02-28T16:44:57+00:00\",\"author\":{\"@id\":\"https:\\\/\\\/www.turismoaguarda.es\\\/#\\\/schema\\\/person\\\/a8b0c27ad7bcbb6c19799e934727508e\"},\"breadcrumb\":{\"@id\":\"https:\\\/\\\/www.turismoaguarda.es\\\/a-guarda-aplaza-el-desfile-de-carnaval-para-el-domingo-dia-6-de-marzo\\\/#breadcrumb\"},\"inLanguage\":\"en-US\",\"potentialAction\":[{\"@type\":\"ReadAction\",\"target\":[\"https:\\\/\\\/www.turismoaguarda.es\\\/a-guarda-aplaza-el-desfile-de-carnaval-para-el-domingo-dia-6-de-marzo\\\/\"]}]},{\"@type\":\"ImageObject\",\"inLanguage\":\"en-US\",\"@id\":\"https:\\\/\\\/www.turismoaguarda.es\\\/a-guarda-aplaza-el-desfile-de-carnaval-para-el-domingo-dia-6-de-marzo\\\/#primaryimage\",\"url\":\"https:\\\/\\\/www.turismoaguarda.es\\\/wp-content\\\/uploads\\\/2022\\\/02\\\/NP-25022020-A-Guarda-pecha-o-Entroido-2020-cun-multitudinario-desfile-5.jpg\",\"contentUrl\":\"https:\\\/\\\/www.turismoaguarda.es\\\/wp-content\\\/uploads\\\/2022\\\/02\\\/NP-25022020-A-Guarda-pecha-o-Entroido-2020-cun-multitudinario-desfile-5.jpg\",\"width\":800,\"height\":533},{\"@type\":\"BreadcrumbList\",\"@id\":\"https:\\\/\\\/www.turismoaguarda.es\\\/a-guarda-aplaza-el-desfile-de-carnaval-para-el-domingo-dia-6-de-marzo\\\/#breadcrumb\",\"itemListElement\":[{\"@type\":\"ListItem\",\"position\":1,\"name\":\"Portada\",\"item\":\"https:\\\/\\\/www.turismoaguarda.es\\\/en\\\/\"},{\"@type\":\"ListItem\",\"position\":2,\"name\":\"A Guarda aplaza el Desfile de Carnaval para el domingo d\u00eda 6 de marzo\"}]},{\"@type\":\"WebSite\",\"@id\":\"https:\\\/\\\/www.turismoaguarda.es\\\/#website\",\"url\":\"https:\\\/\\\/www.turismoaguarda.es\\\/\",\"name\":\"Turismo A Guarda\",\"description\":\"Informaci\u00f3n tur\u00edstica de A Guarda y alrededores.\",\"potentialAction\":[{\"@type\":\"SearchAction\",\"target\":{\"@type\":\"EntryPoint\",\"urlTemplate\":\"https:\\\/\\\/www.turismoaguarda.es\\\/?s={search_term_string}\"},\"query-input\":{\"@type\":\"PropertyValueSpecification\",\"valueRequired\":true,\"valueName\":\"search_term_string\"}}],\"inLanguage\":\"en-US\"},{\"@type\":\"Person\",\"@id\":\"https:\\\/\\\/www.turismoaguarda.es\\\/#\\\/schema\\\/person\\\/a8b0c27ad7bcbb6c19799e934727508e\",\"name\":\"Prensa A Guarda\",\"image\":{\"@type\":\"ImageObject\",\"inLanguage\":\"en-US\",\"@id\":\"https:\\\/\\\/secure.gravatar.com\\\/avatar\\\/387e117f874ba5d0a3439060b45d914395d77287b2e4890a49d1599fc3ef9189?s=96&d=mm&r=g\",\"url\":\"https:\\\/\\\/secure.gravatar.com\\\/avatar\\\/387e117f874ba5d0a3439060b45d914395d77287b2e4890a49d1599fc3ef9189?s=96&d=mm&r=g\",\"contentUrl\":\"https:\\\/\\\/secure.gravatar.com\\\/avatar\\\/387e117f874ba5d0a3439060b45d914395d77287b2e4890a49d1599fc3ef9189?s=96&d=mm&r=g\",\"caption\":\"Prensa A Guarda\"},\"url\":\"https:\\\/\\\/www.turismoaguarda.es\\\/en\\\/author\\\/prensa\\\/\"}]}<\/script>\n<!-- \/ Yoast SEO plugin. -->","yoast_head_json":{"title":"A Guarda aplaza el Desfile de Carnaval para el domingo d\u00eda 6 de marzo | Turismo A Guarda","robots":{"index":"index","follow":"follow","max-snippet":"max-snippet:-1","max-image-preview":"max-image-preview:large","max-video-preview":"max-video-preview:-1"},"canonical":"https:\/\/www.turismoaguarda.es\/a-guarda-aplaza-el-desfile-de-carnaval-para-el-domingo-dia-6-de-marzo\/","og_locale":"en_US","og_type":"article","og_title":"A Guarda aplaza el Desfile de Carnaval para el domingo d\u00eda 6 de marzo | Turismo A Guarda","og_description":"A vista de las previsiones meteorol\u00f3gicas desfavorables con lluvias para la tarde del martes de Carnaval, el desfile de Carnaval previsto para esta jornada se aplaza para el pr\u00f3ximo domingo d\u00eda 6 de marzo. Se mantiene el horario y el recorrido, saliendo a las 17.30h. de la Esquina Famosa (Calle Puerto Rico). Ma\u00f1ana martes d\u00edaRead more","og_url":"https:\/\/www.turismoaguarda.es\/a-guarda-aplaza-el-desfile-de-carnaval-para-el-domingo-dia-6-de-marzo\/","og_site_name":"Turismo A Guarda","article_publisher":"https:\/\/es-es.facebook.com\/Turismo-A-Guarda-126223240790625\/","article_published_time":"2022-02-28T16:44:57+00:00","og_image":[{"width":800,"height":533,"url":"https:\/\/www.turismoaguarda.es\/wp-content\/uploads\/2022\/02\/NP-25022020-A-Guarda-pecha-o-Entroido-2020-cun-multitudinario-desfile-5.jpg","type":"image\/jpeg"}],"author":"Prensa A Guarda","twitter_card":"summary_large_image","twitter_creator":"@TurismoAGuarda","twitter_site":"@TurismoAGuarda","twitter_misc":{"Written by":"Prensa A Guarda","Est. reading time":"1 minute"},"schema":{"@context":"https:\/\/schema.org","@graph":[{"@type":"Article","@id":"https:\/\/www.turismoaguarda.es\/a-guarda-aplaza-el-desfile-de-carnaval-para-el-domingo-dia-6-de-marzo\/#article","isPartOf":{"@id":"https:\/\/www.turismoaguarda.es\/a-guarda-aplaza-el-desfile-de-carnaval-para-el-domingo-dia-6-de-marzo\/"},"author":{"name":"Prensa A Guarda","@id":"https:\/\/www.turismoaguarda.es\/#\/schema\/person\/a8b0c27ad7bcbb6c19799e934727508e"},"headline":"A Guarda aplaza el Desfile de Carnaval para el domingo d\u00eda 6 de marzo","datePublished":"2022-02-28T16:44:57+00:00","mainEntityOfPage":{"@id":"https:\/\/www.turismoaguarda.es\/a-guarda-aplaza-el-desfile-de-carnaval-para-el-domingo-dia-6-de-marzo\/"},"wordCount":112,"commentCount":0,"image":{"@id":"https:\/\/www.turismoaguarda.es\/a-guarda-aplaza-el-desfile-de-carnaval-para-el-domingo-dia-6-de-marzo\/#primaryimage"},"thumbnailUrl":"https:\/\/www.turismoaguarda.es\/wp-content\/uploads\/2022\/02\/NP-25022020-A-Guarda-pecha-o-Entroido-2020-cun-multitudinario-desfile-5.jpg","keywords":["A Guarda","aplazado","carnaval","Desfile"],"articleSection":["Noticias Turismo"],"inLanguage":"en-US","potentialAction":[{"@type":"CommentAction","name":"Comment","target":["https:\/\/www.turismoaguarda.es\/a-guarda-aplaza-el-desfile-de-carnaval-para-el-domingo-dia-6-de-marzo\/#respond"]}]},{"@type":"WebPage","@id":"https:\/\/www.turismoaguarda.es\/a-guarda-aplaza-el-desfile-de-carnaval-para-el-domingo-dia-6-de-marzo\/","url":"https:\/\/www.turismoaguarda.es\/a-guarda-aplaza-el-desfile-de-carnaval-para-el-domingo-dia-6-de-marzo\/","name":"A Guarda aplaza el Desfile de Carnaval para el domingo d\u00eda 6 de marzo | Turismo A Guarda","isPartOf":{"@id":"https:\/\/www.turismoaguarda.es\/#website"},"primaryImageOfPage":{"@id":"https:\/\/www.turismoaguarda.es\/a-guarda-aplaza-el-desfile-de-carnaval-para-el-domingo-dia-6-de-marzo\/#primaryimage"},"image":{"@id":"https:\/\/www.turismoaguarda.es\/a-guarda-aplaza-el-desfile-de-carnaval-para-el-domingo-dia-6-de-marzo\/#primaryimage"},"thumbnailUrl":"https:\/\/www.turismoaguarda.es\/wp-content\/uploads\/2022\/02\/NP-25022020-A-Guarda-pecha-o-Entroido-2020-cun-multitudinario-desfile-5.jpg","datePublished":"2022-02-28T16:44:57+00:00","author":{"@id":"https:\/\/www.turismoaguarda.es\/#\/schema\/person\/a8b0c27ad7bcbb6c19799e934727508e"},"breadcrumb":{"@id":"https:\/\/www.turismoaguarda.es\/a-guarda-aplaza-el-desfile-de-carnaval-para-el-domingo-dia-6-de-marzo\/#breadcrumb"},"inLanguage":"en-US","potentialAction":[{"@type":"ReadAction","target":["https:\/\/www.turismoaguarda.es\/a-guarda-aplaza-el-desfile-de-carnaval-para-el-domingo-dia-6-de-marzo\/"]}]},{"@type":"ImageObject","inLanguage":"en-US","@id":"https:\/\/www.turismoaguarda.es\/a-guarda-aplaza-el-desfile-de-carnaval-para-el-domingo-dia-6-de-marzo\/#primaryimage","url":"https:\/\/www.turismoaguarda.es\/wp-content\/uploads\/2022\/02\/NP-25022020-A-Guarda-pecha-o-Entroido-2020-cun-multitudinario-desfile-5.jpg","contentUrl":"https:\/\/www.turismoaguarda.es\/wp-content\/uploads\/2022\/02\/NP-25022020-A-Guarda-pecha-o-Entroido-2020-cun-multitudinario-desfile-5.jpg","width":800,"height":533},{"@type":"BreadcrumbList","@id":"https:\/\/www.turismoaguarda.es\/a-guarda-aplaza-el-desfile-de-carnaval-para-el-domingo-dia-6-de-marzo\/#breadcrumb","itemListElement":[{"@type":"ListItem","position":1,"name":"Portada","item":"https:\/\/www.turismoaguarda.es\/en\/"},{"@type":"ListItem","position":2,"name":"A Guarda aplaza el Desfile de Carnaval para el domingo d\u00eda 6 de marzo"}]},{"@type":"WebSite","@id":"https:\/\/www.turismoaguarda.es\/#website","url":"https:\/\/www.turismoaguarda.es\/","name":"Turismo A Guarda","description":"Informaci\u00f3n tur\u00edstica de A Guarda y alrededores.","potentialAction":[{"@type":"SearchAction","target":{"@type":"EntryPoint","urlTemplate":"https:\/\/www.turismoaguarda.es\/?s={search_term_string}"},"query-input":{"@type":"PropertyValueSpecification","valueRequired":true,"valueName":"search_term_string"}}],"inLanguage":"en-US"},{"@type":"Person","@id":"https:\/\/www.turismoaguarda.es\/#\/schema\/person\/a8b0c27ad7bcbb6c19799e934727508e","name":"Prensa A Guarda","image":{"@type":"ImageObject","inLanguage":"en-US","@id":"https:\/\/secure.gravatar.com\/avatar\/387e117f874ba5d0a3439060b45d914395d77287b2e4890a49d1599fc3ef9189?s=96&d=mm&r=g","url":"https:\/\/secure.gravatar.com\/avatar\/387e117f874ba5d0a3439060b45d914395d77287b2e4890a49d1599fc3ef9189?s=96&d=mm&r=g","contentUrl":"https:\/\/secure.gravatar.com\/avatar\/387e117f874ba5d0a3439060b45d914395d77287b2e4890a49d1599fc3ef9189?s=96&d=mm&r=g","caption":"Prensa A Guarda"},"url":"https:\/\/www.turismoaguarda.es\/en\/author\/prensa\/"}]}},"_links":{"self":[{"href":"https:\/\/www.turismoaguarda.es\/en\/wp-json\/wp\/v2\/posts\/15277","targetHints":{"allow":["GET"]}}],"collection":[{"href":"https:\/\/www.turismoaguarda.es\/en\/wp-json\/wp\/v2\/posts"}],"about":[{"href":"https:\/\/www.turismoaguarda.es\/en\/wp-json\/wp\/v2\/types\/post"}],"author":[{"embeddable":true,"href":"https:\/\/www.turismoaguarda.es\/en\/wp-json\/wp\/v2\/users\/11"}],"replies":[{"embeddable":true,"href":"https:\/\/www.turismoaguarda.es\/en\/wp-json\/wp\/v2\/comments?post=15277"}],"version-history":[{"count":1,"href":"https:\/\/www.turismoaguarda.es\/en\/wp-json\/wp\/v2\/posts\/15277\/revisions"}],"predecessor-version":[{"id":15278,"href":"https:\/\/www.turismoaguarda.es\/en\/wp-json\/wp\/v2\/posts\/15277\/revisions\/15278"}],"wp:featuredmedia":[{"embeddable":true,"href":"https:\/\/www.turismoaguarda.es\/en\/wp-json\/wp\/v2\/media\/15270"}],"wp:attachment":[{"href":"https:\/\/www.turismoaguarda.es\/en\/wp-json\/wp\/v2\/media?parent=15277"}],"wp:term":[{"taxonomy":"category","embeddable":true,"href":"https:\/\/www.turismoaguarda.es\/en\/wp-json\/wp\/v2\/categories?post=15277"},{"taxonomy":"post_tag","embeddable":true,"href":"https:\/\/www.turismoaguarda.es\/en\/wp-json\/wp\/v2\/tags?post=15277"}],"curies":[{"name":"wp","href":"https:\/\/api.w.org\/{rel}","templated":true}]}}