{"id":14978,"date":"2021-11-12T13:40:26","date_gmt":"2021-11-12T12:40:26","guid":{"rendered":"https:\/\/www.turismoaguarda.es\/?p=14978"},"modified":"2021-11-12T13:40:26","modified_gmt":"2021-11-12T12:40:26","slug":"a-guarda-se-promociona-ante-agencias-de-viajes-especializadas-en-el-forum-do-camino","status":"publish","type":"post","link":"https:\/\/www.turismoaguarda.es\/en\/a-guarda-se-promociona-ante-agencias-de-viajes-especializadas-en-el-forum-do-camino\/","title":{"rendered":"A Guarda se promociona ante agencias de viajes especializadas en el Forum do Cami\u00f1o"},"content":{"rendered":"<p>El Ayuntamiento de A Guarda particip\u00f3 por tercera vez en las jornadas profesionales del Fairway, el IV F\u00f3rum do Cami\u00f1o de Santiago que se celebr\u00f3 el lunes y martes pasado en el Palacio de Congresos y Exposiciones de Galicia en Santiago de Compostela.<\/p>\n<p>Durante las dos jornadas el Ayuntamiento de A Guarda particip\u00f3 en el Workshop que es el espacio dedicado a las reuniones de trabajo con agencias especializadas en peregrinaciones nacionales e internacionales como Viajes Camino de Santiago, Camino Ways, The Real Thing, Galicia Incoming, Marly Camino, Fresco Tours,&#8230;.<\/p>\n<p>Estas reuniones de trabajo permitieron el intercambio de informaci\u00f3n entre las agencias y el Ayuntamiento sobre las nuevas necesidades tienen los peregrinos tras la pandemia. Adem\u00e1s de conocer cu\u00e1les son las nuevas tendencias y peticiones de los peregrinos ante la nueva situaci\u00f3n.<\/p>\n<p>Los contactos mantenidos con las agencias y tour operadores confirmaron que estas empresas ya conocen A Guarda como destino con su referente el Monte Santa Trega y que gran parte ya incluyen dentro de sus servicios y productos a nuestro ayuntamiento.<\/p>\n<p>En estas reuniones se ampli\u00f3 la informaci\u00f3n de la villa referente a la cultura marinera, la gastronom\u00eda y su patrimonio. Y reforzando que A Guarda es el primer ayuntamiento gallego del Cami\u00f1o Portugu\u00e9s da Costa.<\/p>\n<p>Adem\u00e1s de estos encuentros profesionales, la programaci\u00f3n de la Fairway permiti\u00f3 valorar la situaci\u00f3n tras la pandemia y los retos a los que se presentan los Caminos de Santiago, instituciones, sectores econ\u00f3micos (alojamientos, agencias,\u2026) y los propios peregrinos.<\/p>\n<p>El Cami\u00f1o Portugu\u00e9s da Costa estuvo presente en el stand de Turismo R\u00edas Baixas con su stand. Adem\u00e1s la organizaci\u00f3n de la Fairway invit\u00f3 el viernes 5 de noviembre a las agencias a un fam trip en el que visitaron el Monte Santa Trega como lugar destacado en el Cami\u00f1o Portugu\u00e9s da Costa y, as\u00ed trasladaron en las reuniones mantenidas, que el monte tiene una belleza espectacular.<\/p>\n","protected":false},"excerpt":{"rendered":"<p>El Ayuntamiento de A Guarda particip\u00f3 por tercera vez en las jornadas profesionales del Fairway, el IV F\u00f3rum do Cami\u00f1o de Santiago que se celebr\u00f3 el lunes y martes pasado en el Palacio de Congresos y Exposiciones de Galicia en Santiago de Compostela. Durante las dos jornadas el Ayuntamiento de A Guarda particip\u00f3 en el<\/p>\n<div class=\"padding-top text-center\"><a href=\"https:\/\/www.turismoaguarda.es\/en\/a-guarda-se-promociona-ante-agencias-de-viajes-especializadas-en-el-forum-do-camino\/\" class=\"atbtn atbtn--medium atbtn--rounded atbtn--transparent\">Read more<i class=\"atbtn__icon atbtn__icon--right fa fa-long-arrow-right\"><\/i><\/a><\/div>\n","protected":false},"author":11,"featured_media":14976,"comment_status":"open","ping_status":"open","sticky":false,"template":"","format":"standard","meta":{"footnotes":""},"categories":[44],"tags":[169,1146,168],"class_list":["post-14978","post","type-post","status-publish","format-standard","has-post-thumbnail","hentry","category-noticias-turismo","tag-a-guarda","tag-fairway","tag-turismo"],"yoast_head":"<!-- This site is optimized with the Yoast SEO plugin v27.5 - https:\/\/yoast.com\/product\/yoast-seo-wordpress\/ -->\n<title>A Guarda se promociona ante agencias de viajes especializadas en el Forum do Cami\u00f1o | Turismo A Guarda<\/title>\n<meta name=\"robots\" content=\"index, follow, max-snippet:-1, max-image-preview:large, max-video-preview:-1\" \/>\n<link rel=\"canonical\" href=\"https:\/\/www.turismoaguarda.es\/a-guarda-se-promociona-ante-agencias-de-viajes-especializadas-en-el-forum-do-camino\/\" \/>\n<meta property=\"og:locale\" content=\"en_US\" \/>\n<meta property=\"og:type\" content=\"article\" \/>\n<meta property=\"og:title\" content=\"A Guarda se promociona ante agencias de viajes especializadas en el Forum do Cami\u00f1o | Turismo A Guarda\" \/>\n<meta property=\"og:description\" content=\"El Ayuntamiento de A Guarda particip\u00f3 por tercera vez en las jornadas profesionales del Fairway, el IV F\u00f3rum do Cami\u00f1o de Santiago que se celebr\u00f3 el lunes y martes pasado en el Palacio de Congresos y Exposiciones de Galicia en Santiago de Compostela. Durante las dos jornadas el Ayuntamiento de A Guarda particip\u00f3 en elRead more\" \/>\n<meta property=\"og:url\" content=\"https:\/\/www.turismoaguarda.es\/a-guarda-se-promociona-ante-agencias-de-viajes-especializadas-en-el-forum-do-camino\/\" \/>\n<meta property=\"og:site_name\" content=\"Turismo A Guarda\" \/>\n<meta property=\"article:publisher\" content=\"https:\/\/es-es.facebook.com\/Turismo-A-Guarda-126223240790625\/\" \/>\n<meta property=\"article:published_time\" content=\"2021-11-12T12:40:26+00:00\" \/>\n<meta property=\"og:image\" content=\"https:\/\/www.turismoaguarda.es\/wp-content\/uploads\/2021\/11\/NP-12112021-A-Guarda-promocionase-ante-axencias-de-viaxes-especializadas-no-Forum-do-Cami\u00f1o-2.jpg\" \/>\n\t<meta property=\"og:image:width\" content=\"800\" \/>\n\t<meta property=\"og:image:height\" content=\"600\" \/>\n\t<meta property=\"og:image:type\" content=\"image\/jpeg\" \/>\n<meta name=\"author\" content=\"Prensa A Guarda\" \/>\n<meta name=\"twitter:card\" content=\"summary_large_image\" \/>\n<meta name=\"twitter:creator\" content=\"@TurismoAGuarda\" \/>\n<meta name=\"twitter:site\" content=\"@TurismoAGuarda\" \/>\n<meta name=\"twitter:label1\" content=\"Written by\" \/>\n\t<meta name=\"twitter:data1\" content=\"Prensa A Guarda\" \/>\n\t<meta name=\"twitter:label2\" content=\"Est. reading time\" \/>\n\t<meta name=\"twitter:data2\" content=\"2 minutes\" \/>\n<script type=\"application\/ld+json\" class=\"yoast-schema-graph\">{\"@context\":\"https:\\\/\\\/schema.org\",\"@graph\":[{\"@type\":\"Article\",\"@id\":\"https:\\\/\\\/www.turismoaguarda.es\\\/a-guarda-se-promociona-ante-agencias-de-viajes-especializadas-en-el-forum-do-camino\\\/#article\",\"isPartOf\":{\"@id\":\"https:\\\/\\\/www.turismoaguarda.es\\\/a-guarda-se-promociona-ante-agencias-de-viajes-especializadas-en-el-forum-do-camino\\\/\"},\"author\":{\"name\":\"Prensa A Guarda\",\"@id\":\"https:\\\/\\\/www.turismoaguarda.es\\\/#\\\/schema\\\/person\\\/a8b0c27ad7bcbb6c19799e934727508e\"},\"headline\":\"A Guarda se promociona ante agencias de viajes especializadas en el Forum do Cami\u00f1o\",\"datePublished\":\"2021-11-12T12:40:26+00:00\",\"mainEntityOfPage\":{\"@id\":\"https:\\\/\\\/www.turismoaguarda.es\\\/a-guarda-se-promociona-ante-agencias-de-viajes-especializadas-en-el-forum-do-camino\\\/\"},\"wordCount\":348,\"commentCount\":0,\"image\":{\"@id\":\"https:\\\/\\\/www.turismoaguarda.es\\\/a-guarda-se-promociona-ante-agencias-de-viajes-especializadas-en-el-forum-do-camino\\\/#primaryimage\"},\"thumbnailUrl\":\"https:\\\/\\\/www.turismoaguarda.es\\\/wp-content\\\/uploads\\\/2021\\\/11\\\/NP-12112021-A-Guarda-promocionase-ante-axencias-de-viaxes-especializadas-no-Forum-do-Cami\u00f1o-2.jpg\",\"keywords\":[\"A Guarda\",\"Fairway\",\"turismo\"],\"articleSection\":[\"Noticias Turismo\"],\"inLanguage\":\"en-US\",\"potentialAction\":[{\"@type\":\"CommentAction\",\"name\":\"Comment\",\"target\":[\"https:\\\/\\\/www.turismoaguarda.es\\\/a-guarda-se-promociona-ante-agencias-de-viajes-especializadas-en-el-forum-do-camino\\\/#respond\"]}]},{\"@type\":\"WebPage\",\"@id\":\"https:\\\/\\\/www.turismoaguarda.es\\\/a-guarda-se-promociona-ante-agencias-de-viajes-especializadas-en-el-forum-do-camino\\\/\",\"url\":\"https:\\\/\\\/www.turismoaguarda.es\\\/a-guarda-se-promociona-ante-agencias-de-viajes-especializadas-en-el-forum-do-camino\\\/\",\"name\":\"A Guarda se promociona ante agencias de viajes especializadas en el Forum do Cami\u00f1o | Turismo A Guarda\",\"isPartOf\":{\"@id\":\"https:\\\/\\\/www.turismoaguarda.es\\\/#website\"},\"primaryImageOfPage\":{\"@id\":\"https:\\\/\\\/www.turismoaguarda.es\\\/a-guarda-se-promociona-ante-agencias-de-viajes-especializadas-en-el-forum-do-camino\\\/#primaryimage\"},\"image\":{\"@id\":\"https:\\\/\\\/www.turismoaguarda.es\\\/a-guarda-se-promociona-ante-agencias-de-viajes-especializadas-en-el-forum-do-camino\\\/#primaryimage\"},\"thumbnailUrl\":\"https:\\\/\\\/www.turismoaguarda.es\\\/wp-content\\\/uploads\\\/2021\\\/11\\\/NP-12112021-A-Guarda-promocionase-ante-axencias-de-viaxes-especializadas-no-Forum-do-Cami\u00f1o-2.jpg\",\"datePublished\":\"2021-11-12T12:40:26+00:00\",\"author\":{\"@id\":\"https:\\\/\\\/www.turismoaguarda.es\\\/#\\\/schema\\\/person\\\/a8b0c27ad7bcbb6c19799e934727508e\"},\"breadcrumb\":{\"@id\":\"https:\\\/\\\/www.turismoaguarda.es\\\/a-guarda-se-promociona-ante-agencias-de-viajes-especializadas-en-el-forum-do-camino\\\/#breadcrumb\"},\"inLanguage\":\"en-US\",\"potentialAction\":[{\"@type\":\"ReadAction\",\"target\":[\"https:\\\/\\\/www.turismoaguarda.es\\\/a-guarda-se-promociona-ante-agencias-de-viajes-especializadas-en-el-forum-do-camino\\\/\"]}]},{\"@type\":\"ImageObject\",\"inLanguage\":\"en-US\",\"@id\":\"https:\\\/\\\/www.turismoaguarda.es\\\/a-guarda-se-promociona-ante-agencias-de-viajes-especializadas-en-el-forum-do-camino\\\/#primaryimage\",\"url\":\"https:\\\/\\\/www.turismoaguarda.es\\\/wp-content\\\/uploads\\\/2021\\\/11\\\/NP-12112021-A-Guarda-promocionase-ante-axencias-de-viaxes-especializadas-no-Forum-do-Cami\u00f1o-2.jpg\",\"contentUrl\":\"https:\\\/\\\/www.turismoaguarda.es\\\/wp-content\\\/uploads\\\/2021\\\/11\\\/NP-12112021-A-Guarda-promocionase-ante-axencias-de-viaxes-especializadas-no-Forum-do-Cami\u00f1o-2.jpg\",\"width\":800,\"height\":600},{\"@type\":\"BreadcrumbList\",\"@id\":\"https:\\\/\\\/www.turismoaguarda.es\\\/a-guarda-se-promociona-ante-agencias-de-viajes-especializadas-en-el-forum-do-camino\\\/#breadcrumb\",\"itemListElement\":[{\"@type\":\"ListItem\",\"position\":1,\"name\":\"Portada\",\"item\":\"https:\\\/\\\/www.turismoaguarda.es\\\/en\\\/\"},{\"@type\":\"ListItem\",\"position\":2,\"name\":\"A Guarda se promociona ante agencias de viajes especializadas en el Forum do Cami\u00f1o\"}]},{\"@type\":\"WebSite\",\"@id\":\"https:\\\/\\\/www.turismoaguarda.es\\\/#website\",\"url\":\"https:\\\/\\\/www.turismoaguarda.es\\\/\",\"name\":\"Turismo A Guarda\",\"description\":\"Informaci\u00f3n tur\u00edstica de A Guarda y alrededores.\",\"potentialAction\":[{\"@type\":\"SearchAction\",\"target\":{\"@type\":\"EntryPoint\",\"urlTemplate\":\"https:\\\/\\\/www.turismoaguarda.es\\\/?s={search_term_string}\"},\"query-input\":{\"@type\":\"PropertyValueSpecification\",\"valueRequired\":true,\"valueName\":\"search_term_string\"}}],\"inLanguage\":\"en-US\"},{\"@type\":\"Person\",\"@id\":\"https:\\\/\\\/www.turismoaguarda.es\\\/#\\\/schema\\\/person\\\/a8b0c27ad7bcbb6c19799e934727508e\",\"name\":\"Prensa A Guarda\",\"image\":{\"@type\":\"ImageObject\",\"inLanguage\":\"en-US\",\"@id\":\"https:\\\/\\\/secure.gravatar.com\\\/avatar\\\/387e117f874ba5d0a3439060b45d914395d77287b2e4890a49d1599fc3ef9189?s=96&d=mm&r=g\",\"url\":\"https:\\\/\\\/secure.gravatar.com\\\/avatar\\\/387e117f874ba5d0a3439060b45d914395d77287b2e4890a49d1599fc3ef9189?s=96&d=mm&r=g\",\"contentUrl\":\"https:\\\/\\\/secure.gravatar.com\\\/avatar\\\/387e117f874ba5d0a3439060b45d914395d77287b2e4890a49d1599fc3ef9189?s=96&d=mm&r=g\",\"caption\":\"Prensa A Guarda\"},\"url\":\"https:\\\/\\\/www.turismoaguarda.es\\\/en\\\/author\\\/prensa\\\/\"}]}<\/script>\n<!-- \/ Yoast SEO plugin. -->","yoast_head_json":{"title":"A Guarda se promociona ante agencias de viajes especializadas en el Forum do Cami\u00f1o | Turismo A Guarda","robots":{"index":"index","follow":"follow","max-snippet":"max-snippet:-1","max-image-preview":"max-image-preview:large","max-video-preview":"max-video-preview:-1"},"canonical":"https:\/\/www.turismoaguarda.es\/a-guarda-se-promociona-ante-agencias-de-viajes-especializadas-en-el-forum-do-camino\/","og_locale":"en_US","og_type":"article","og_title":"A Guarda se promociona ante agencias de viajes especializadas en el Forum do Cami\u00f1o | Turismo A Guarda","og_description":"El Ayuntamiento de A Guarda particip\u00f3 por tercera vez en las jornadas profesionales del Fairway, el IV F\u00f3rum do Cami\u00f1o de Santiago que se celebr\u00f3 el lunes y martes pasado en el Palacio de Congresos y Exposiciones de Galicia en Santiago de Compostela. Durante las dos jornadas el Ayuntamiento de A Guarda particip\u00f3 en elRead more","og_url":"https:\/\/www.turismoaguarda.es\/a-guarda-se-promociona-ante-agencias-de-viajes-especializadas-en-el-forum-do-camino\/","og_site_name":"Turismo A Guarda","article_publisher":"https:\/\/es-es.facebook.com\/Turismo-A-Guarda-126223240790625\/","article_published_time":"2021-11-12T12:40:26+00:00","og_image":[{"width":800,"height":600,"url":"https:\/\/www.turismoaguarda.es\/wp-content\/uploads\/2021\/11\/NP-12112021-A-Guarda-promocionase-ante-axencias-de-viaxes-especializadas-no-Forum-do-Cami\u00f1o-2.jpg","type":"image\/jpeg"}],"author":"Prensa A Guarda","twitter_card":"summary_large_image","twitter_creator":"@TurismoAGuarda","twitter_site":"@TurismoAGuarda","twitter_misc":{"Written by":"Prensa A Guarda","Est. reading time":"2 minutes"},"schema":{"@context":"https:\/\/schema.org","@graph":[{"@type":"Article","@id":"https:\/\/www.turismoaguarda.es\/a-guarda-se-promociona-ante-agencias-de-viajes-especializadas-en-el-forum-do-camino\/#article","isPartOf":{"@id":"https:\/\/www.turismoaguarda.es\/a-guarda-se-promociona-ante-agencias-de-viajes-especializadas-en-el-forum-do-camino\/"},"author":{"name":"Prensa A Guarda","@id":"https:\/\/www.turismoaguarda.es\/#\/schema\/person\/a8b0c27ad7bcbb6c19799e934727508e"},"headline":"A Guarda se promociona ante agencias de viajes especializadas en el Forum do Cami\u00f1o","datePublished":"2021-11-12T12:40:26+00:00","mainEntityOfPage":{"@id":"https:\/\/www.turismoaguarda.es\/a-guarda-se-promociona-ante-agencias-de-viajes-especializadas-en-el-forum-do-camino\/"},"wordCount":348,"commentCount":0,"image":{"@id":"https:\/\/www.turismoaguarda.es\/a-guarda-se-promociona-ante-agencias-de-viajes-especializadas-en-el-forum-do-camino\/#primaryimage"},"thumbnailUrl":"https:\/\/www.turismoaguarda.es\/wp-content\/uploads\/2021\/11\/NP-12112021-A-Guarda-promocionase-ante-axencias-de-viaxes-especializadas-no-Forum-do-Cami\u00f1o-2.jpg","keywords":["A Guarda","Fairway","turismo"],"articleSection":["Noticias Turismo"],"inLanguage":"en-US","potentialAction":[{"@type":"CommentAction","name":"Comment","target":["https:\/\/www.turismoaguarda.es\/a-guarda-se-promociona-ante-agencias-de-viajes-especializadas-en-el-forum-do-camino\/#respond"]}]},{"@type":"WebPage","@id":"https:\/\/www.turismoaguarda.es\/a-guarda-se-promociona-ante-agencias-de-viajes-especializadas-en-el-forum-do-camino\/","url":"https:\/\/www.turismoaguarda.es\/a-guarda-se-promociona-ante-agencias-de-viajes-especializadas-en-el-forum-do-camino\/","name":"A Guarda se promociona ante agencias de viajes especializadas en el Forum do Cami\u00f1o | Turismo A Guarda","isPartOf":{"@id":"https:\/\/www.turismoaguarda.es\/#website"},"primaryImageOfPage":{"@id":"https:\/\/www.turismoaguarda.es\/a-guarda-se-promociona-ante-agencias-de-viajes-especializadas-en-el-forum-do-camino\/#primaryimage"},"image":{"@id":"https:\/\/www.turismoaguarda.es\/a-guarda-se-promociona-ante-agencias-de-viajes-especializadas-en-el-forum-do-camino\/#primaryimage"},"thumbnailUrl":"https:\/\/www.turismoaguarda.es\/wp-content\/uploads\/2021\/11\/NP-12112021-A-Guarda-promocionase-ante-axencias-de-viaxes-especializadas-no-Forum-do-Cami\u00f1o-2.jpg","datePublished":"2021-11-12T12:40:26+00:00","author":{"@id":"https:\/\/www.turismoaguarda.es\/#\/schema\/person\/a8b0c27ad7bcbb6c19799e934727508e"},"breadcrumb":{"@id":"https:\/\/www.turismoaguarda.es\/a-guarda-se-promociona-ante-agencias-de-viajes-especializadas-en-el-forum-do-camino\/#breadcrumb"},"inLanguage":"en-US","potentialAction":[{"@type":"ReadAction","target":["https:\/\/www.turismoaguarda.es\/a-guarda-se-promociona-ante-agencias-de-viajes-especializadas-en-el-forum-do-camino\/"]}]},{"@type":"ImageObject","inLanguage":"en-US","@id":"https:\/\/www.turismoaguarda.es\/a-guarda-se-promociona-ante-agencias-de-viajes-especializadas-en-el-forum-do-camino\/#primaryimage","url":"https:\/\/www.turismoaguarda.es\/wp-content\/uploads\/2021\/11\/NP-12112021-A-Guarda-promocionase-ante-axencias-de-viaxes-especializadas-no-Forum-do-Cami\u00f1o-2.jpg","contentUrl":"https:\/\/www.turismoaguarda.es\/wp-content\/uploads\/2021\/11\/NP-12112021-A-Guarda-promocionase-ante-axencias-de-viaxes-especializadas-no-Forum-do-Cami\u00f1o-2.jpg","width":800,"height":600},{"@type":"BreadcrumbList","@id":"https:\/\/www.turismoaguarda.es\/a-guarda-se-promociona-ante-agencias-de-viajes-especializadas-en-el-forum-do-camino\/#breadcrumb","itemListElement":[{"@type":"ListItem","position":1,"name":"Portada","item":"https:\/\/www.turismoaguarda.es\/en\/"},{"@type":"ListItem","position":2,"name":"A Guarda se promociona ante agencias de viajes especializadas en el Forum do Cami\u00f1o"}]},{"@type":"WebSite","@id":"https:\/\/www.turismoaguarda.es\/#website","url":"https:\/\/www.turismoaguarda.es\/","name":"Turismo A Guarda","description":"Informaci\u00f3n tur\u00edstica de A Guarda y alrededores.","potentialAction":[{"@type":"SearchAction","target":{"@type":"EntryPoint","urlTemplate":"https:\/\/www.turismoaguarda.es\/?s={search_term_string}"},"query-input":{"@type":"PropertyValueSpecification","valueRequired":true,"valueName":"search_term_string"}}],"inLanguage":"en-US"},{"@type":"Person","@id":"https:\/\/www.turismoaguarda.es\/#\/schema\/person\/a8b0c27ad7bcbb6c19799e934727508e","name":"Prensa A Guarda","image":{"@type":"ImageObject","inLanguage":"en-US","@id":"https:\/\/secure.gravatar.com\/avatar\/387e117f874ba5d0a3439060b45d914395d77287b2e4890a49d1599fc3ef9189?s=96&d=mm&r=g","url":"https:\/\/secure.gravatar.com\/avatar\/387e117f874ba5d0a3439060b45d914395d77287b2e4890a49d1599fc3ef9189?s=96&d=mm&r=g","contentUrl":"https:\/\/secure.gravatar.com\/avatar\/387e117f874ba5d0a3439060b45d914395d77287b2e4890a49d1599fc3ef9189?s=96&d=mm&r=g","caption":"Prensa A Guarda"},"url":"https:\/\/www.turismoaguarda.es\/en\/author\/prensa\/"}]}},"_links":{"self":[{"href":"https:\/\/www.turismoaguarda.es\/en\/wp-json\/wp\/v2\/posts\/14978","targetHints":{"allow":["GET"]}}],"collection":[{"href":"https:\/\/www.turismoaguarda.es\/en\/wp-json\/wp\/v2\/posts"}],"about":[{"href":"https:\/\/www.turismoaguarda.es\/en\/wp-json\/wp\/v2\/types\/post"}],"author":[{"embeddable":true,"href":"https:\/\/www.turismoaguarda.es\/en\/wp-json\/wp\/v2\/users\/11"}],"replies":[{"embeddable":true,"href":"https:\/\/www.turismoaguarda.es\/en\/wp-json\/wp\/v2\/comments?post=14978"}],"version-history":[{"count":1,"href":"https:\/\/www.turismoaguarda.es\/en\/wp-json\/wp\/v2\/posts\/14978\/revisions"}],"predecessor-version":[{"id":14979,"href":"https:\/\/www.turismoaguarda.es\/en\/wp-json\/wp\/v2\/posts\/14978\/revisions\/14979"}],"wp:featuredmedia":[{"embeddable":true,"href":"https:\/\/www.turismoaguarda.es\/en\/wp-json\/wp\/v2\/media\/14976"}],"wp:attachment":[{"href":"https:\/\/www.turismoaguarda.es\/en\/wp-json\/wp\/v2\/media?parent=14978"}],"wp:term":[{"taxonomy":"category","embeddable":true,"href":"https:\/\/www.turismoaguarda.es\/en\/wp-json\/wp\/v2\/categories?post=14978"},{"taxonomy":"post_tag","embeddable":true,"href":"https:\/\/www.turismoaguarda.es\/en\/wp-json\/wp\/v2\/tags?post=14978"}],"curies":[{"name":"wp","href":"https:\/\/api.w.org\/{rel}","templated":true}]}}