{"id":14738,"date":"2021-08-20T19:12:24","date_gmt":"2021-08-20T17:12:24","guid":{"rendered":"https:\/\/www.turismoaguarda.es\/?p=14738"},"modified":"2021-08-23T15:29:39","modified_gmt":"2021-08-23T13:29:39","slug":"el-ayuntamiento-de-a-guarda-organiza-navega-pola-costa-da-guarda-co-volanteiro-o-piueiro","status":"publish","type":"post","link":"https:\/\/www.turismoaguarda.es\/en\/el-ayuntamiento-de-a-guarda-organiza-navega-pola-costa-da-guarda-co-volanteiro-o-piueiro\/","title":{"rendered":"El Ayuntamiento de A Guarda organiza &#8220;Navega pola costa da Guarda co Volanteiro O Piueiro&#8221;"},"content":{"rendered":"<p>[vc_row][vc_column][vc_message]<\/p>\n<h2 style=\"text-align: center;\">\u00a1Todas las plazas est\u00e1n ya AGOTADAS!<\/h2>\n<p>[\/vc_message][\/vc_column][\/vc_row][vc_row][vc_column][vc_column_text]La Asociaci\u00f3n Cultural de Embarcaci\u00f3ns Tradicionais Piueiro de A Guarda present\u00f3 el Volanteiro O Piueiro en 2019, esta embarcaci\u00f3n t\u00edpica de gran envergadura naveg\u00f3 a vela por la costa de A Guarda hasta comienzos del s. XX.<\/p>\n<p>Durante este verano la Asociaci\u00f3n Piueiro ofreci\u00f3 diferentes salidas de navegaci\u00f3n promocionando el Camino Portugu\u00e9s de la Costa a trav\u00e9s del programa O Teu Xacobeo y que tuvieron muy buena acogida.<\/p>\n<p>El Ayuntamiento de A Guada colabora con la Asociaci\u00f3n Piueiro y <strong>ofrecer\u00e1 salidas gratuitas de navegaci\u00f3n por la costa con el Volanteiro O Piueiro<\/strong> para aquellas personas que quieran descubrir esta embarcaci\u00f3n a vela que incluir\u00e1 adem\u00e1s de navegaci\u00f3n por el exterior del puerto.<\/p>\n<p>Se ofertar\u00e1n un total de 8 salidas a finales de agosto y las plazas est\u00e1n limitadas por lo que es preciso realizar reserva previa en la Oficina de Turismo de A Guarda.<\/p>\n<p><strong>El luns 23 de agosto abrir\u00e1 el prazo de inscripci\u00f3n<\/strong> que puede ser presencial, a trav\u00e9s del tel\u00e9fono 986 61 45 46 o mail en <a class=\"moz-txt-link-abbreviated\" href=\"mailto:aguarda.oficina.turismo@gmail.com\">aguarda.oficina.turismo@gmail.com<\/a>. Debido al n\u00famero reducido de plazas disponibles una persona podr\u00e1 inscribir a un total de cuatro, excepto las unidades familiares. La edad m\u00ednima para participar es de 10 a\u00f1os.<\/p>\n<p><span style=\"text-decoration: underline;\">Las fechas y horarios disponibles son:<\/span><\/p>\n<p>-Mi\u00e9rcoles 25 de agosto: 10:00 &#8211; 11:30 &#8211; 17:00<\/p>\n<p>-Viernes 27 de agosto: 10:00 &#8211; 11:30<\/p>\n<p>-Martes 31 de agosto: 10:00 &#8211; 11:30 &#8211; 17:00<\/p>\n<p><a href=\"https:\/\/www.turismoaguarda.es\/wp-content\/uploads\/2021\/08\/1tn_Navega-pola-costa-da-Guarda-co-Volanteiro-O-Piueiro-agosto-2021.png\"><img loading=\"lazy\" decoding=\"async\" class=\"size-full wp-image-14739 aligncenter\" src=\"https:\/\/www.turismoaguarda.es\/wp-content\/uploads\/2021\/08\/1tn_Navega-pola-costa-da-Guarda-co-Volanteiro-O-Piueiro-agosto-2021.png\" alt=\"\" width=\"424\" height=\"600\" srcset=\"https:\/\/www.turismoaguarda.es\/wp-content\/uploads\/2021\/08\/1tn_Navega-pola-costa-da-Guarda-co-Volanteiro-O-Piueiro-agosto-2021.png 424w, https:\/\/www.turismoaguarda.es\/wp-content\/uploads\/2021\/08\/1tn_Navega-pola-costa-da-Guarda-co-Volanteiro-O-Piueiro-agosto-2021-212x300.png 212w, https:\/\/www.turismoaguarda.es\/wp-content\/uploads\/2021\/08\/1tn_Navega-pola-costa-da-Guarda-co-Volanteiro-O-Piueiro-agosto-2021-150x212.png 150w, https:\/\/www.turismoaguarda.es\/wp-content\/uploads\/2021\/08\/1tn_Navega-pola-costa-da-Guarda-co-Volanteiro-O-Piueiro-agosto-2021-353x500.png 353w\" sizes=\"auto, (max-width: 424px) 100vw, 424px\" \/><\/a>[\/vc_column_text][\/vc_column][\/vc_row]<\/p>\n","protected":false},"excerpt":{"rendered":"<p>[vc_row][vc_column][vc_message] \u00a1Todas las plazas est\u00e1n ya AGOTADAS! [\/vc_message][\/vc_column][\/vc_row][vc_row][vc_column][vc_column_text]La Asociaci\u00f3n Cultural de Embarcaci\u00f3ns Tradicionais Piueiro de A Guarda present\u00f3 el Volanteiro O Piueiro en 2019, esta embarcaci\u00f3n t\u00edpica de gran envergadura naveg\u00f3 a vela por la costa de A Guarda hasta comienzos del s. XX. Durante este verano la Asociaci\u00f3n Piueiro ofreci\u00f3 diferentes salidas de navegaci\u00f3n<\/p>\n<div class=\"padding-top text-center\"><a href=\"https:\/\/www.turismoaguarda.es\/en\/el-ayuntamiento-de-a-guarda-organiza-navega-pola-costa-da-guarda-co-volanteiro-o-piueiro\/\" class=\"atbtn atbtn--medium atbtn--rounded atbtn--transparent\">Read more<i class=\"atbtn__icon atbtn__icon--right fa fa-long-arrow-right\"><\/i><\/a><\/div>\n","protected":false},"author":7,"featured_media":14739,"comment_status":"open","ping_status":"open","sticky":false,"template":"","format":"standard","meta":{"footnotes":""},"categories":[44],"tags":[1890],"class_list":["post-14738","post","type-post","status-publish","format-standard","has-post-thumbnail","hentry","category-noticias-turismo","tag-a-guarda-turismo-a-guarda-navegacion-asociacion-piueiro"],"yoast_head":"<!-- This site is optimized with the Yoast SEO plugin v27.5 - https:\/\/yoast.com\/product\/yoast-seo-wordpress\/ -->\n<title>El Ayuntamiento de A Guarda organiza &quot;Navega pola costa da Guarda co Volanteiro O Piueiro&quot; | Turismo A Guarda<\/title>\n<meta name=\"robots\" content=\"index, follow, max-snippet:-1, max-image-preview:large, max-video-preview:-1\" \/>\n<link rel=\"canonical\" href=\"https:\/\/www.turismoaguarda.es\/el-ayuntamiento-de-a-guarda-organiza-navega-pola-costa-da-guarda-co-volanteiro-o-piueiro\/\" \/>\n<meta property=\"og:locale\" content=\"en_US\" \/>\n<meta property=\"og:type\" content=\"article\" \/>\n<meta property=\"og:title\" content=\"El Ayuntamiento de A Guarda organiza &quot;Navega pola costa da Guarda co Volanteiro O Piueiro&quot; | Turismo A Guarda\" \/>\n<meta property=\"og:description\" content=\"[vc_row][vc_column][vc_message] \u00a1Todas las plazas est\u00e1n ya AGOTADAS! [\/vc_message][\/vc_column][\/vc_row][vc_row][vc_column][vc_column_text]La Asociaci\u00f3n Cultural de Embarcaci\u00f3ns Tradicionais Piueiro de A Guarda present\u00f3 el Volanteiro O Piueiro en 2019, esta embarcaci\u00f3n t\u00edpica de gran envergadura naveg\u00f3 a vela por la costa de A Guarda hasta comienzos del s. XX. Durante este verano la Asociaci\u00f3n Piueiro ofreci\u00f3 diferentes salidas de navegaci\u00f3nRead more\" \/>\n<meta property=\"og:url\" content=\"https:\/\/www.turismoaguarda.es\/el-ayuntamiento-de-a-guarda-organiza-navega-pola-costa-da-guarda-co-volanteiro-o-piueiro\/\" \/>\n<meta property=\"og:site_name\" content=\"Turismo A Guarda\" \/>\n<meta property=\"article:publisher\" content=\"https:\/\/es-es.facebook.com\/Turismo-A-Guarda-126223240790625\/\" \/>\n<meta property=\"article:published_time\" content=\"2021-08-20T17:12:24+00:00\" \/>\n<meta property=\"article:modified_time\" content=\"2021-08-23T13:29:39+00:00\" \/>\n<meta property=\"og:image\" content=\"https:\/\/www.turismoaguarda.es\/wp-content\/uploads\/2021\/08\/1tn_Navega-pola-costa-da-Guarda-co-Volanteiro-O-Piueiro-agosto-2021.png\" \/>\n\t<meta property=\"og:image:width\" content=\"424\" \/>\n\t<meta property=\"og:image:height\" content=\"600\" \/>\n\t<meta property=\"og:image:type\" content=\"image\/png\" \/>\n<meta name=\"author\" content=\"Rosalia Verde\" \/>\n<meta name=\"twitter:card\" content=\"summary_large_image\" \/>\n<meta name=\"twitter:creator\" content=\"@TurismoAGuarda\" \/>\n<meta name=\"twitter:site\" content=\"@TurismoAGuarda\" \/>\n<meta name=\"twitter:label1\" content=\"Written by\" \/>\n\t<meta name=\"twitter:data1\" content=\"Rosalia Verde\" \/>\n\t<meta name=\"twitter:label2\" content=\"Est. reading time\" \/>\n\t<meta name=\"twitter:data2\" content=\"1 minute\" \/>\n<script type=\"application\/ld+json\" class=\"yoast-schema-graph\">{\"@context\":\"https:\\\/\\\/schema.org\",\"@graph\":[{\"@type\":\"Article\",\"@id\":\"https:\\\/\\\/www.turismoaguarda.es\\\/el-ayuntamiento-de-a-guarda-organiza-navega-pola-costa-da-guarda-co-volanteiro-o-piueiro\\\/#article\",\"isPartOf\":{\"@id\":\"https:\\\/\\\/www.turismoaguarda.es\\\/el-ayuntamiento-de-a-guarda-organiza-navega-pola-costa-da-guarda-co-volanteiro-o-piueiro\\\/\"},\"author\":{\"name\":\"Rosalia Verde\",\"@id\":\"https:\\\/\\\/www.turismoaguarda.es\\\/#\\\/schema\\\/person\\\/9282bb1649316a88a88b0eca34bd959b\"},\"headline\":\"El Ayuntamiento de A Guarda organiza &#8220;Navega pola costa da Guarda co Volanteiro O Piueiro&#8221;\",\"datePublished\":\"2021-08-20T17:12:24+00:00\",\"dateModified\":\"2021-08-23T13:29:39+00:00\",\"mainEntityOfPage\":{\"@id\":\"https:\\\/\\\/www.turismoaguarda.es\\\/el-ayuntamiento-de-a-guarda-organiza-navega-pola-costa-da-guarda-co-volanteiro-o-piueiro\\\/\"},\"wordCount\":285,\"commentCount\":0,\"image\":{\"@id\":\"https:\\\/\\\/www.turismoaguarda.es\\\/el-ayuntamiento-de-a-guarda-organiza-navega-pola-costa-da-guarda-co-volanteiro-o-piueiro\\\/#primaryimage\"},\"thumbnailUrl\":\"https:\\\/\\\/www.turismoaguarda.es\\\/wp-content\\\/uploads\\\/2021\\\/08\\\/1tn_Navega-pola-costa-da-Guarda-co-Volanteiro-O-Piueiro-agosto-2021.png\",\"keywords\":[\"a guarda; turismo a guarda; navegaci\u00f3n; asociacion Piueiro\"],\"articleSection\":[\"Noticias Turismo\"],\"inLanguage\":\"en-US\",\"potentialAction\":[{\"@type\":\"CommentAction\",\"name\":\"Comment\",\"target\":[\"https:\\\/\\\/www.turismoaguarda.es\\\/el-ayuntamiento-de-a-guarda-organiza-navega-pola-costa-da-guarda-co-volanteiro-o-piueiro\\\/#respond\"]}]},{\"@type\":\"WebPage\",\"@id\":\"https:\\\/\\\/www.turismoaguarda.es\\\/el-ayuntamiento-de-a-guarda-organiza-navega-pola-costa-da-guarda-co-volanteiro-o-piueiro\\\/\",\"url\":\"https:\\\/\\\/www.turismoaguarda.es\\\/el-ayuntamiento-de-a-guarda-organiza-navega-pola-costa-da-guarda-co-volanteiro-o-piueiro\\\/\",\"name\":\"El Ayuntamiento de A Guarda organiza \\\"Navega pola costa da Guarda co Volanteiro O Piueiro\\\" | Turismo A Guarda\",\"isPartOf\":{\"@id\":\"https:\\\/\\\/www.turismoaguarda.es\\\/#website\"},\"primaryImageOfPage\":{\"@id\":\"https:\\\/\\\/www.turismoaguarda.es\\\/el-ayuntamiento-de-a-guarda-organiza-navega-pola-costa-da-guarda-co-volanteiro-o-piueiro\\\/#primaryimage\"},\"image\":{\"@id\":\"https:\\\/\\\/www.turismoaguarda.es\\\/el-ayuntamiento-de-a-guarda-organiza-navega-pola-costa-da-guarda-co-volanteiro-o-piueiro\\\/#primaryimage\"},\"thumbnailUrl\":\"https:\\\/\\\/www.turismoaguarda.es\\\/wp-content\\\/uploads\\\/2021\\\/08\\\/1tn_Navega-pola-costa-da-Guarda-co-Volanteiro-O-Piueiro-agosto-2021.png\",\"datePublished\":\"2021-08-20T17:12:24+00:00\",\"dateModified\":\"2021-08-23T13:29:39+00:00\",\"author\":{\"@id\":\"https:\\\/\\\/www.turismoaguarda.es\\\/#\\\/schema\\\/person\\\/9282bb1649316a88a88b0eca34bd959b\"},\"breadcrumb\":{\"@id\":\"https:\\\/\\\/www.turismoaguarda.es\\\/el-ayuntamiento-de-a-guarda-organiza-navega-pola-costa-da-guarda-co-volanteiro-o-piueiro\\\/#breadcrumb\"},\"inLanguage\":\"en-US\",\"potentialAction\":[{\"@type\":\"ReadAction\",\"target\":[\"https:\\\/\\\/www.turismoaguarda.es\\\/el-ayuntamiento-de-a-guarda-organiza-navega-pola-costa-da-guarda-co-volanteiro-o-piueiro\\\/\"]}]},{\"@type\":\"ImageObject\",\"inLanguage\":\"en-US\",\"@id\":\"https:\\\/\\\/www.turismoaguarda.es\\\/el-ayuntamiento-de-a-guarda-organiza-navega-pola-costa-da-guarda-co-volanteiro-o-piueiro\\\/#primaryimage\",\"url\":\"https:\\\/\\\/www.turismoaguarda.es\\\/wp-content\\\/uploads\\\/2021\\\/08\\\/1tn_Navega-pola-costa-da-Guarda-co-Volanteiro-O-Piueiro-agosto-2021.png\",\"contentUrl\":\"https:\\\/\\\/www.turismoaguarda.es\\\/wp-content\\\/uploads\\\/2021\\\/08\\\/1tn_Navega-pola-costa-da-Guarda-co-Volanteiro-O-Piueiro-agosto-2021.png\",\"width\":424,\"height\":600},{\"@type\":\"BreadcrumbList\",\"@id\":\"https:\\\/\\\/www.turismoaguarda.es\\\/el-ayuntamiento-de-a-guarda-organiza-navega-pola-costa-da-guarda-co-volanteiro-o-piueiro\\\/#breadcrumb\",\"itemListElement\":[{\"@type\":\"ListItem\",\"position\":1,\"name\":\"Portada\",\"item\":\"https:\\\/\\\/www.turismoaguarda.es\\\/en\\\/\"},{\"@type\":\"ListItem\",\"position\":2,\"name\":\"El Ayuntamiento de A Guarda organiza \u00abNavega pola costa da Guarda co Volanteiro O Piueiro\u00bb\"}]},{\"@type\":\"WebSite\",\"@id\":\"https:\\\/\\\/www.turismoaguarda.es\\\/#website\",\"url\":\"https:\\\/\\\/www.turismoaguarda.es\\\/\",\"name\":\"Turismo A Guarda\",\"description\":\"Informaci\u00f3n tur\u00edstica de A Guarda y alrededores.\",\"potentialAction\":[{\"@type\":\"SearchAction\",\"target\":{\"@type\":\"EntryPoint\",\"urlTemplate\":\"https:\\\/\\\/www.turismoaguarda.es\\\/?s={search_term_string}\"},\"query-input\":{\"@type\":\"PropertyValueSpecification\",\"valueRequired\":true,\"valueName\":\"search_term_string\"}}],\"inLanguage\":\"en-US\"},{\"@type\":\"Person\",\"@id\":\"https:\\\/\\\/www.turismoaguarda.es\\\/#\\\/schema\\\/person\\\/9282bb1649316a88a88b0eca34bd959b\",\"name\":\"Rosalia Verde\",\"image\":{\"@type\":\"ImageObject\",\"inLanguage\":\"en-US\",\"@id\":\"https:\\\/\\\/secure.gravatar.com\\\/avatar\\\/40761cb45c6464d3a83ebde1e1f3fa222726fcacc4d5b5048a7920608c99e0e5?s=96&d=mm&r=g\",\"url\":\"https:\\\/\\\/secure.gravatar.com\\\/avatar\\\/40761cb45c6464d3a83ebde1e1f3fa222726fcacc4d5b5048a7920608c99e0e5?s=96&d=mm&r=g\",\"contentUrl\":\"https:\\\/\\\/secure.gravatar.com\\\/avatar\\\/40761cb45c6464d3a83ebde1e1f3fa222726fcacc4d5b5048a7920608c99e0e5?s=96&d=mm&r=g\",\"caption\":\"Rosalia Verde\"},\"url\":\"https:\\\/\\\/www.turismoaguarda.es\\\/en\\\/author\\\/rosalia\\\/\"}]}<\/script>\n<!-- \/ Yoast SEO plugin. -->","yoast_head_json":{"title":"El Ayuntamiento de A Guarda organiza \"Navega pola costa da Guarda co Volanteiro O Piueiro\" | Turismo A Guarda","robots":{"index":"index","follow":"follow","max-snippet":"max-snippet:-1","max-image-preview":"max-image-preview:large","max-video-preview":"max-video-preview:-1"},"canonical":"https:\/\/www.turismoaguarda.es\/el-ayuntamiento-de-a-guarda-organiza-navega-pola-costa-da-guarda-co-volanteiro-o-piueiro\/","og_locale":"en_US","og_type":"article","og_title":"El Ayuntamiento de A Guarda organiza \"Navega pola costa da Guarda co Volanteiro O Piueiro\" | Turismo A Guarda","og_description":"[vc_row][vc_column][vc_message] \u00a1Todas las plazas est\u00e1n ya AGOTADAS! [\/vc_message][\/vc_column][\/vc_row][vc_row][vc_column][vc_column_text]La Asociaci\u00f3n Cultural de Embarcaci\u00f3ns Tradicionais Piueiro de A Guarda present\u00f3 el Volanteiro O Piueiro en 2019, esta embarcaci\u00f3n t\u00edpica de gran envergadura naveg\u00f3 a vela por la costa de A Guarda hasta comienzos del s. XX. Durante este verano la Asociaci\u00f3n Piueiro ofreci\u00f3 diferentes salidas de navegaci\u00f3nRead more","og_url":"https:\/\/www.turismoaguarda.es\/el-ayuntamiento-de-a-guarda-organiza-navega-pola-costa-da-guarda-co-volanteiro-o-piueiro\/","og_site_name":"Turismo A Guarda","article_publisher":"https:\/\/es-es.facebook.com\/Turismo-A-Guarda-126223240790625\/","article_published_time":"2021-08-20T17:12:24+00:00","article_modified_time":"2021-08-23T13:29:39+00:00","og_image":[{"width":424,"height":600,"url":"https:\/\/www.turismoaguarda.es\/wp-content\/uploads\/2021\/08\/1tn_Navega-pola-costa-da-Guarda-co-Volanteiro-O-Piueiro-agosto-2021.png","type":"image\/png"}],"author":"Rosalia Verde","twitter_card":"summary_large_image","twitter_creator":"@TurismoAGuarda","twitter_site":"@TurismoAGuarda","twitter_misc":{"Written by":"Rosalia Verde","Est. reading time":"1 minute"},"schema":{"@context":"https:\/\/schema.org","@graph":[{"@type":"Article","@id":"https:\/\/www.turismoaguarda.es\/el-ayuntamiento-de-a-guarda-organiza-navega-pola-costa-da-guarda-co-volanteiro-o-piueiro\/#article","isPartOf":{"@id":"https:\/\/www.turismoaguarda.es\/el-ayuntamiento-de-a-guarda-organiza-navega-pola-costa-da-guarda-co-volanteiro-o-piueiro\/"},"author":{"name":"Rosalia Verde","@id":"https:\/\/www.turismoaguarda.es\/#\/schema\/person\/9282bb1649316a88a88b0eca34bd959b"},"headline":"El Ayuntamiento de A Guarda organiza &#8220;Navega pola costa da Guarda co Volanteiro O Piueiro&#8221;","datePublished":"2021-08-20T17:12:24+00:00","dateModified":"2021-08-23T13:29:39+00:00","mainEntityOfPage":{"@id":"https:\/\/www.turismoaguarda.es\/el-ayuntamiento-de-a-guarda-organiza-navega-pola-costa-da-guarda-co-volanteiro-o-piueiro\/"},"wordCount":285,"commentCount":0,"image":{"@id":"https:\/\/www.turismoaguarda.es\/el-ayuntamiento-de-a-guarda-organiza-navega-pola-costa-da-guarda-co-volanteiro-o-piueiro\/#primaryimage"},"thumbnailUrl":"https:\/\/www.turismoaguarda.es\/wp-content\/uploads\/2021\/08\/1tn_Navega-pola-costa-da-Guarda-co-Volanteiro-O-Piueiro-agosto-2021.png","keywords":["a guarda; turismo a guarda; navegaci\u00f3n; asociacion Piueiro"],"articleSection":["Noticias Turismo"],"inLanguage":"en-US","potentialAction":[{"@type":"CommentAction","name":"Comment","target":["https:\/\/www.turismoaguarda.es\/el-ayuntamiento-de-a-guarda-organiza-navega-pola-costa-da-guarda-co-volanteiro-o-piueiro\/#respond"]}]},{"@type":"WebPage","@id":"https:\/\/www.turismoaguarda.es\/el-ayuntamiento-de-a-guarda-organiza-navega-pola-costa-da-guarda-co-volanteiro-o-piueiro\/","url":"https:\/\/www.turismoaguarda.es\/el-ayuntamiento-de-a-guarda-organiza-navega-pola-costa-da-guarda-co-volanteiro-o-piueiro\/","name":"El Ayuntamiento de A Guarda organiza \"Navega pola costa da Guarda co Volanteiro O Piueiro\" | Turismo A Guarda","isPartOf":{"@id":"https:\/\/www.turismoaguarda.es\/#website"},"primaryImageOfPage":{"@id":"https:\/\/www.turismoaguarda.es\/el-ayuntamiento-de-a-guarda-organiza-navega-pola-costa-da-guarda-co-volanteiro-o-piueiro\/#primaryimage"},"image":{"@id":"https:\/\/www.turismoaguarda.es\/el-ayuntamiento-de-a-guarda-organiza-navega-pola-costa-da-guarda-co-volanteiro-o-piueiro\/#primaryimage"},"thumbnailUrl":"https:\/\/www.turismoaguarda.es\/wp-content\/uploads\/2021\/08\/1tn_Navega-pola-costa-da-Guarda-co-Volanteiro-O-Piueiro-agosto-2021.png","datePublished":"2021-08-20T17:12:24+00:00","dateModified":"2021-08-23T13:29:39+00:00","author":{"@id":"https:\/\/www.turismoaguarda.es\/#\/schema\/person\/9282bb1649316a88a88b0eca34bd959b"},"breadcrumb":{"@id":"https:\/\/www.turismoaguarda.es\/el-ayuntamiento-de-a-guarda-organiza-navega-pola-costa-da-guarda-co-volanteiro-o-piueiro\/#breadcrumb"},"inLanguage":"en-US","potentialAction":[{"@type":"ReadAction","target":["https:\/\/www.turismoaguarda.es\/el-ayuntamiento-de-a-guarda-organiza-navega-pola-costa-da-guarda-co-volanteiro-o-piueiro\/"]}]},{"@type":"ImageObject","inLanguage":"en-US","@id":"https:\/\/www.turismoaguarda.es\/el-ayuntamiento-de-a-guarda-organiza-navega-pola-costa-da-guarda-co-volanteiro-o-piueiro\/#primaryimage","url":"https:\/\/www.turismoaguarda.es\/wp-content\/uploads\/2021\/08\/1tn_Navega-pola-costa-da-Guarda-co-Volanteiro-O-Piueiro-agosto-2021.png","contentUrl":"https:\/\/www.turismoaguarda.es\/wp-content\/uploads\/2021\/08\/1tn_Navega-pola-costa-da-Guarda-co-Volanteiro-O-Piueiro-agosto-2021.png","width":424,"height":600},{"@type":"BreadcrumbList","@id":"https:\/\/www.turismoaguarda.es\/el-ayuntamiento-de-a-guarda-organiza-navega-pola-costa-da-guarda-co-volanteiro-o-piueiro\/#breadcrumb","itemListElement":[{"@type":"ListItem","position":1,"name":"Portada","item":"https:\/\/www.turismoaguarda.es\/en\/"},{"@type":"ListItem","position":2,"name":"El Ayuntamiento de A Guarda organiza \u00abNavega pola costa da Guarda co Volanteiro O Piueiro\u00bb"}]},{"@type":"WebSite","@id":"https:\/\/www.turismoaguarda.es\/#website","url":"https:\/\/www.turismoaguarda.es\/","name":"Turismo A Guarda","description":"Informaci\u00f3n tur\u00edstica de A Guarda y alrededores.","potentialAction":[{"@type":"SearchAction","target":{"@type":"EntryPoint","urlTemplate":"https:\/\/www.turismoaguarda.es\/?s={search_term_string}"},"query-input":{"@type":"PropertyValueSpecification","valueRequired":true,"valueName":"search_term_string"}}],"inLanguage":"en-US"},{"@type":"Person","@id":"https:\/\/www.turismoaguarda.es\/#\/schema\/person\/9282bb1649316a88a88b0eca34bd959b","name":"Rosalia Verde","image":{"@type":"ImageObject","inLanguage":"en-US","@id":"https:\/\/secure.gravatar.com\/avatar\/40761cb45c6464d3a83ebde1e1f3fa222726fcacc4d5b5048a7920608c99e0e5?s=96&d=mm&r=g","url":"https:\/\/secure.gravatar.com\/avatar\/40761cb45c6464d3a83ebde1e1f3fa222726fcacc4d5b5048a7920608c99e0e5?s=96&d=mm&r=g","contentUrl":"https:\/\/secure.gravatar.com\/avatar\/40761cb45c6464d3a83ebde1e1f3fa222726fcacc4d5b5048a7920608c99e0e5?s=96&d=mm&r=g","caption":"Rosalia Verde"},"url":"https:\/\/www.turismoaguarda.es\/en\/author\/rosalia\/"}]}},"_links":{"self":[{"href":"https:\/\/www.turismoaguarda.es\/en\/wp-json\/wp\/v2\/posts\/14738","targetHints":{"allow":["GET"]}}],"collection":[{"href":"https:\/\/www.turismoaguarda.es\/en\/wp-json\/wp\/v2\/posts"}],"about":[{"href":"https:\/\/www.turismoaguarda.es\/en\/wp-json\/wp\/v2\/types\/post"}],"author":[{"embeddable":true,"href":"https:\/\/www.turismoaguarda.es\/en\/wp-json\/wp\/v2\/users\/7"}],"replies":[{"embeddable":true,"href":"https:\/\/www.turismoaguarda.es\/en\/wp-json\/wp\/v2\/comments?post=14738"}],"version-history":[{"count":2,"href":"https:\/\/www.turismoaguarda.es\/en\/wp-json\/wp\/v2\/posts\/14738\/revisions"}],"predecessor-version":[{"id":14759,"href":"https:\/\/www.turismoaguarda.es\/en\/wp-json\/wp\/v2\/posts\/14738\/revisions\/14759"}],"wp:featuredmedia":[{"embeddable":true,"href":"https:\/\/www.turismoaguarda.es\/en\/wp-json\/wp\/v2\/media\/14739"}],"wp:attachment":[{"href":"https:\/\/www.turismoaguarda.es\/en\/wp-json\/wp\/v2\/media?parent=14738"}],"wp:term":[{"taxonomy":"category","embeddable":true,"href":"https:\/\/www.turismoaguarda.es\/en\/wp-json\/wp\/v2\/categories?post=14738"},{"taxonomy":"post_tag","embeddable":true,"href":"https:\/\/www.turismoaguarda.es\/en\/wp-json\/wp\/v2\/tags?post=14738"}],"curies":[{"name":"wp","href":"https:\/\/api.w.org\/{rel}","templated":true}]}}