{"id":14467,"date":"2021-06-30T11:27:43","date_gmt":"2021-06-30T09:27:43","guid":{"rendered":"https:\/\/www.turismoaguarda.es\/?p=14467"},"modified":"2021-06-30T11:27:43","modified_gmt":"2021-06-30T09:27:43","slug":"agotadas-todas-las-plazas-para-la-primera-jornada-de-venres-de-xullo-baixo-as-estrelas","status":"publish","type":"post","link":"https:\/\/www.turismoaguarda.es\/en\/agotadas-todas-las-plazas-para-la-primera-jornada-de-venres-de-xullo-baixo-as-estrelas\/","title":{"rendered":"Agotadas todas las plazas para la primera jornada de \u201cVenres de xullo baixo as estrelas\u201d"},"content":{"rendered":"<p>El Ayuntamiento de A Guarda, a trav\u00e9s del Departamento de Turismo, organiza \u201cVenres de xullo baixo as Estrelas\u201d, una actividad de observaci\u00f3n de estrellas que tendr\u00e1 lugar los viernes de julio.<\/p>\n<p>Las plazas para la primera actividad, que tendr\u00e1 lugar este viernes d\u00eda 2 de julio, est\u00e1n ya agotadas.<\/p>\n<p>La actividad tendr\u00e1 lugar los viernes 2, 9, 23 y 30 de julio en O Puntal(Camposancos) y las inscripciones se abren el lunes previo a cada cita enviando un correo electr\u00f3nico a aguarda.oficina.turismo@gmail.com<\/p>\n<p>Los participantes conocer\u00e1n las principales constelaciones del hemisferio norte, as\u00ed como la localizaci\u00f3n de los planetas y mismo algunos datos de inter\u00e9s como las fechas de las lluvias de estrellas perseidas y gem\u00ednidas, o como orientarse en el firmamento utilizando algunas estrellas.<\/p>\n","protected":false},"excerpt":{"rendered":"<p>El Ayuntamiento de A Guarda, a trav\u00e9s del Departamento de Turismo, organiza \u201cVenres de xullo baixo as Estrelas\u201d, una actividad de observaci\u00f3n de estrellas que tendr\u00e1 lugar los viernes de julio. Las plazas para la primera actividad, que tendr\u00e1 lugar este viernes d\u00eda 2 de julio, est\u00e1n ya agotadas. La actividad tendr\u00e1 lugar los viernes<\/p>\n<div class=\"padding-top text-center\"><a href=\"https:\/\/www.turismoaguarda.es\/en\/agotadas-todas-las-plazas-para-la-primera-jornada-de-venres-de-xullo-baixo-as-estrelas\/\" class=\"atbtn atbtn--medium atbtn--rounded atbtn--transparent\">Read more<i class=\"atbtn__icon atbtn__icon--right fa fa-long-arrow-right\"><\/i><\/a><\/div>\n","protected":false},"author":11,"featured_media":14465,"comment_status":"open","ping_status":"open","sticky":false,"template":"","format":"standard","meta":{"footnotes":""},"categories":[44],"tags":[169,1880,168],"class_list":["post-14467","post","type-post","status-publish","format-standard","has-post-thumbnail","hentry","category-noticias-turismo","tag-a-guarda","tag-astronomia-2","tag-turismo"],"yoast_head":"<!-- This site is optimized with the Yoast SEO plugin v27.4 - https:\/\/yoast.com\/product\/yoast-seo-wordpress\/ -->\n<title>Agotadas todas las plazas para la primera jornada de \u201cVenres de xullo baixo as estrelas\u201d | Turismo A Guarda<\/title>\n<meta name=\"robots\" content=\"index, follow, max-snippet:-1, max-image-preview:large, max-video-preview:-1\" \/>\n<link rel=\"canonical\" href=\"https:\/\/www.turismoaguarda.es\/agotadas-todas-las-plazas-para-la-primera-jornada-de-venres-de-xullo-baixo-as-estrelas\/\" \/>\n<meta property=\"og:locale\" content=\"en_US\" \/>\n<meta property=\"og:type\" content=\"article\" \/>\n<meta property=\"og:title\" content=\"Agotadas todas las plazas para la primera jornada de \u201cVenres de xullo baixo as estrelas\u201d | Turismo A Guarda\" \/>\n<meta property=\"og:description\" content=\"El Ayuntamiento de A Guarda, a trav\u00e9s del Departamento de Turismo, organiza \u201cVenres de xullo baixo as Estrelas\u201d, una actividad de observaci\u00f3n de estrellas que tendr\u00e1 lugar los viernes de julio. Las plazas para la primera actividad, que tendr\u00e1 lugar este viernes d\u00eda 2 de julio, est\u00e1n ya agotadas. La actividad tendr\u00e1 lugar los viernesRead more\" \/>\n<meta property=\"og:url\" content=\"https:\/\/www.turismoaguarda.es\/agotadas-todas-las-plazas-para-la-primera-jornada-de-venres-de-xullo-baixo-as-estrelas\/\" \/>\n<meta property=\"og:site_name\" content=\"Turismo A Guarda\" \/>\n<meta property=\"article:publisher\" content=\"https:\/\/es-es.facebook.com\/Turismo-A-Guarda-126223240790625\/\" \/>\n<meta property=\"article:published_time\" content=\"2021-06-30T09:27:43+00:00\" \/>\n<meta property=\"og:image\" content=\"https:\/\/www.turismoaguarda.es\/wp-content\/uploads\/2021\/06\/VENRES-DE-XULLO-BAIXO-AS-ESTRELAS_A-GUARDA-2021-1.jpg\" \/>\n\t<meta property=\"og:image:width\" content=\"800\" \/>\n\t<meta property=\"og:image:height\" content=\"1132\" \/>\n\t<meta property=\"og:image:type\" content=\"image\/jpeg\" \/>\n<meta name=\"author\" content=\"Prensa A Guarda\" \/>\n<meta name=\"twitter:card\" content=\"summary_large_image\" \/>\n<meta name=\"twitter:creator\" content=\"@TurismoAGuarda\" \/>\n<meta name=\"twitter:site\" content=\"@TurismoAGuarda\" \/>\n<meta name=\"twitter:label1\" content=\"Written by\" \/>\n\t<meta name=\"twitter:data1\" content=\"Prensa A Guarda\" \/>\n\t<meta name=\"twitter:label2\" content=\"Est. reading time\" \/>\n\t<meta name=\"twitter:data2\" content=\"1 minute\" \/>\n<script type=\"application\/ld+json\" class=\"yoast-schema-graph\">{\"@context\":\"https:\\\/\\\/schema.org\",\"@graph\":[{\"@type\":\"Article\",\"@id\":\"https:\\\/\\\/www.turismoaguarda.es\\\/agotadas-todas-las-plazas-para-la-primera-jornada-de-venres-de-xullo-baixo-as-estrelas\\\/#article\",\"isPartOf\":{\"@id\":\"https:\\\/\\\/www.turismoaguarda.es\\\/agotadas-todas-las-plazas-para-la-primera-jornada-de-venres-de-xullo-baixo-as-estrelas\\\/\"},\"author\":{\"name\":\"Prensa A Guarda\",\"@id\":\"https:\\\/\\\/www.turismoaguarda.es\\\/#\\\/schema\\\/person\\\/a8b0c27ad7bcbb6c19799e934727508e\"},\"headline\":\"Agotadas todas las plazas para la primera jornada de \u201cVenres de xullo baixo as estrelas\u201d\",\"datePublished\":\"2021-06-30T09:27:43+00:00\",\"mainEntityOfPage\":{\"@id\":\"https:\\\/\\\/www.turismoaguarda.es\\\/agotadas-todas-las-plazas-para-la-primera-jornada-de-venres-de-xullo-baixo-as-estrelas\\\/\"},\"wordCount\":148,\"commentCount\":0,\"image\":{\"@id\":\"https:\\\/\\\/www.turismoaguarda.es\\\/agotadas-todas-las-plazas-para-la-primera-jornada-de-venres-de-xullo-baixo-as-estrelas\\\/#primaryimage\"},\"thumbnailUrl\":\"https:\\\/\\\/www.turismoaguarda.es\\\/wp-content\\\/uploads\\\/2021\\\/06\\\/VENRES-DE-XULLO-BAIXO-AS-ESTRELAS_A-GUARDA-2021-1.jpg\",\"keywords\":[\"A Guarda\",\"astronom\u00eda\",\"turismo\"],\"articleSection\":[\"Noticias Turismo\"],\"inLanguage\":\"en-US\",\"potentialAction\":[{\"@type\":\"CommentAction\",\"name\":\"Comment\",\"target\":[\"https:\\\/\\\/www.turismoaguarda.es\\\/agotadas-todas-las-plazas-para-la-primera-jornada-de-venres-de-xullo-baixo-as-estrelas\\\/#respond\"]}]},{\"@type\":\"WebPage\",\"@id\":\"https:\\\/\\\/www.turismoaguarda.es\\\/agotadas-todas-las-plazas-para-la-primera-jornada-de-venres-de-xullo-baixo-as-estrelas\\\/\",\"url\":\"https:\\\/\\\/www.turismoaguarda.es\\\/agotadas-todas-las-plazas-para-la-primera-jornada-de-venres-de-xullo-baixo-as-estrelas\\\/\",\"name\":\"Agotadas todas las plazas para la primera jornada de \u201cVenres de xullo baixo as estrelas\u201d | Turismo A Guarda\",\"isPartOf\":{\"@id\":\"https:\\\/\\\/www.turismoaguarda.es\\\/#website\"},\"primaryImageOfPage\":{\"@id\":\"https:\\\/\\\/www.turismoaguarda.es\\\/agotadas-todas-las-plazas-para-la-primera-jornada-de-venres-de-xullo-baixo-as-estrelas\\\/#primaryimage\"},\"image\":{\"@id\":\"https:\\\/\\\/www.turismoaguarda.es\\\/agotadas-todas-las-plazas-para-la-primera-jornada-de-venres-de-xullo-baixo-as-estrelas\\\/#primaryimage\"},\"thumbnailUrl\":\"https:\\\/\\\/www.turismoaguarda.es\\\/wp-content\\\/uploads\\\/2021\\\/06\\\/VENRES-DE-XULLO-BAIXO-AS-ESTRELAS_A-GUARDA-2021-1.jpg\",\"datePublished\":\"2021-06-30T09:27:43+00:00\",\"author\":{\"@id\":\"https:\\\/\\\/www.turismoaguarda.es\\\/#\\\/schema\\\/person\\\/a8b0c27ad7bcbb6c19799e934727508e\"},\"breadcrumb\":{\"@id\":\"https:\\\/\\\/www.turismoaguarda.es\\\/agotadas-todas-las-plazas-para-la-primera-jornada-de-venres-de-xullo-baixo-as-estrelas\\\/#breadcrumb\"},\"inLanguage\":\"en-US\",\"potentialAction\":[{\"@type\":\"ReadAction\",\"target\":[\"https:\\\/\\\/www.turismoaguarda.es\\\/agotadas-todas-las-plazas-para-la-primera-jornada-de-venres-de-xullo-baixo-as-estrelas\\\/\"]}]},{\"@type\":\"ImageObject\",\"inLanguage\":\"en-US\",\"@id\":\"https:\\\/\\\/www.turismoaguarda.es\\\/agotadas-todas-las-plazas-para-la-primera-jornada-de-venres-de-xullo-baixo-as-estrelas\\\/#primaryimage\",\"url\":\"https:\\\/\\\/www.turismoaguarda.es\\\/wp-content\\\/uploads\\\/2021\\\/06\\\/VENRES-DE-XULLO-BAIXO-AS-ESTRELAS_A-GUARDA-2021-1.jpg\",\"contentUrl\":\"https:\\\/\\\/www.turismoaguarda.es\\\/wp-content\\\/uploads\\\/2021\\\/06\\\/VENRES-DE-XULLO-BAIXO-AS-ESTRELAS_A-GUARDA-2021-1.jpg\",\"width\":800,\"height\":1132},{\"@type\":\"BreadcrumbList\",\"@id\":\"https:\\\/\\\/www.turismoaguarda.es\\\/agotadas-todas-las-plazas-para-la-primera-jornada-de-venres-de-xullo-baixo-as-estrelas\\\/#breadcrumb\",\"itemListElement\":[{\"@type\":\"ListItem\",\"position\":1,\"name\":\"Portada\",\"item\":\"https:\\\/\\\/www.turismoaguarda.es\\\/en\\\/\"},{\"@type\":\"ListItem\",\"position\":2,\"name\":\"Agotadas todas las plazas para la primera jornada de \u201cVenres de xullo baixo as estrelas\u201d\"}]},{\"@type\":\"WebSite\",\"@id\":\"https:\\\/\\\/www.turismoaguarda.es\\\/#website\",\"url\":\"https:\\\/\\\/www.turismoaguarda.es\\\/\",\"name\":\"Turismo A Guarda\",\"description\":\"Informaci\u00f3n tur\u00edstica de A Guarda y alrededores.\",\"potentialAction\":[{\"@type\":\"SearchAction\",\"target\":{\"@type\":\"EntryPoint\",\"urlTemplate\":\"https:\\\/\\\/www.turismoaguarda.es\\\/?s={search_term_string}\"},\"query-input\":{\"@type\":\"PropertyValueSpecification\",\"valueRequired\":true,\"valueName\":\"search_term_string\"}}],\"inLanguage\":\"en-US\"},{\"@type\":\"Person\",\"@id\":\"https:\\\/\\\/www.turismoaguarda.es\\\/#\\\/schema\\\/person\\\/a8b0c27ad7bcbb6c19799e934727508e\",\"name\":\"Prensa A Guarda\",\"image\":{\"@type\":\"ImageObject\",\"inLanguage\":\"en-US\",\"@id\":\"https:\\\/\\\/secure.gravatar.com\\\/avatar\\\/387e117f874ba5d0a3439060b45d914395d77287b2e4890a49d1599fc3ef9189?s=96&d=mm&r=g\",\"url\":\"https:\\\/\\\/secure.gravatar.com\\\/avatar\\\/387e117f874ba5d0a3439060b45d914395d77287b2e4890a49d1599fc3ef9189?s=96&d=mm&r=g\",\"contentUrl\":\"https:\\\/\\\/secure.gravatar.com\\\/avatar\\\/387e117f874ba5d0a3439060b45d914395d77287b2e4890a49d1599fc3ef9189?s=96&d=mm&r=g\",\"caption\":\"Prensa A Guarda\"},\"url\":\"https:\\\/\\\/www.turismoaguarda.es\\\/en\\\/author\\\/prensa\\\/\"}]}<\/script>\n<!-- \/ Yoast SEO plugin. -->","yoast_head_json":{"title":"Agotadas todas las plazas para la primera jornada de \u201cVenres de xullo baixo as estrelas\u201d | Turismo A Guarda","robots":{"index":"index","follow":"follow","max-snippet":"max-snippet:-1","max-image-preview":"max-image-preview:large","max-video-preview":"max-video-preview:-1"},"canonical":"https:\/\/www.turismoaguarda.es\/agotadas-todas-las-plazas-para-la-primera-jornada-de-venres-de-xullo-baixo-as-estrelas\/","og_locale":"en_US","og_type":"article","og_title":"Agotadas todas las plazas para la primera jornada de \u201cVenres de xullo baixo as estrelas\u201d | Turismo A Guarda","og_description":"El Ayuntamiento de A Guarda, a trav\u00e9s del Departamento de Turismo, organiza \u201cVenres de xullo baixo as Estrelas\u201d, una actividad de observaci\u00f3n de estrellas que tendr\u00e1 lugar los viernes de julio. Las plazas para la primera actividad, que tendr\u00e1 lugar este viernes d\u00eda 2 de julio, est\u00e1n ya agotadas. La actividad tendr\u00e1 lugar los viernesRead more","og_url":"https:\/\/www.turismoaguarda.es\/agotadas-todas-las-plazas-para-la-primera-jornada-de-venres-de-xullo-baixo-as-estrelas\/","og_site_name":"Turismo A Guarda","article_publisher":"https:\/\/es-es.facebook.com\/Turismo-A-Guarda-126223240790625\/","article_published_time":"2021-06-30T09:27:43+00:00","og_image":[{"width":800,"height":1132,"url":"https:\/\/www.turismoaguarda.es\/wp-content\/uploads\/2021\/06\/VENRES-DE-XULLO-BAIXO-AS-ESTRELAS_A-GUARDA-2021-1.jpg","type":"image\/jpeg"}],"author":"Prensa A Guarda","twitter_card":"summary_large_image","twitter_creator":"@TurismoAGuarda","twitter_site":"@TurismoAGuarda","twitter_misc":{"Written by":"Prensa A Guarda","Est. reading time":"1 minute"},"schema":{"@context":"https:\/\/schema.org","@graph":[{"@type":"Article","@id":"https:\/\/www.turismoaguarda.es\/agotadas-todas-las-plazas-para-la-primera-jornada-de-venres-de-xullo-baixo-as-estrelas\/#article","isPartOf":{"@id":"https:\/\/www.turismoaguarda.es\/agotadas-todas-las-plazas-para-la-primera-jornada-de-venres-de-xullo-baixo-as-estrelas\/"},"author":{"name":"Prensa A Guarda","@id":"https:\/\/www.turismoaguarda.es\/#\/schema\/person\/a8b0c27ad7bcbb6c19799e934727508e"},"headline":"Agotadas todas las plazas para la primera jornada de \u201cVenres de xullo baixo as estrelas\u201d","datePublished":"2021-06-30T09:27:43+00:00","mainEntityOfPage":{"@id":"https:\/\/www.turismoaguarda.es\/agotadas-todas-las-plazas-para-la-primera-jornada-de-venres-de-xullo-baixo-as-estrelas\/"},"wordCount":148,"commentCount":0,"image":{"@id":"https:\/\/www.turismoaguarda.es\/agotadas-todas-las-plazas-para-la-primera-jornada-de-venres-de-xullo-baixo-as-estrelas\/#primaryimage"},"thumbnailUrl":"https:\/\/www.turismoaguarda.es\/wp-content\/uploads\/2021\/06\/VENRES-DE-XULLO-BAIXO-AS-ESTRELAS_A-GUARDA-2021-1.jpg","keywords":["A Guarda","astronom\u00eda","turismo"],"articleSection":["Noticias Turismo"],"inLanguage":"en-US","potentialAction":[{"@type":"CommentAction","name":"Comment","target":["https:\/\/www.turismoaguarda.es\/agotadas-todas-las-plazas-para-la-primera-jornada-de-venres-de-xullo-baixo-as-estrelas\/#respond"]}]},{"@type":"WebPage","@id":"https:\/\/www.turismoaguarda.es\/agotadas-todas-las-plazas-para-la-primera-jornada-de-venres-de-xullo-baixo-as-estrelas\/","url":"https:\/\/www.turismoaguarda.es\/agotadas-todas-las-plazas-para-la-primera-jornada-de-venres-de-xullo-baixo-as-estrelas\/","name":"Agotadas todas las plazas para la primera jornada de \u201cVenres de xullo baixo as estrelas\u201d | Turismo A Guarda","isPartOf":{"@id":"https:\/\/www.turismoaguarda.es\/#website"},"primaryImageOfPage":{"@id":"https:\/\/www.turismoaguarda.es\/agotadas-todas-las-plazas-para-la-primera-jornada-de-venres-de-xullo-baixo-as-estrelas\/#primaryimage"},"image":{"@id":"https:\/\/www.turismoaguarda.es\/agotadas-todas-las-plazas-para-la-primera-jornada-de-venres-de-xullo-baixo-as-estrelas\/#primaryimage"},"thumbnailUrl":"https:\/\/www.turismoaguarda.es\/wp-content\/uploads\/2021\/06\/VENRES-DE-XULLO-BAIXO-AS-ESTRELAS_A-GUARDA-2021-1.jpg","datePublished":"2021-06-30T09:27:43+00:00","author":{"@id":"https:\/\/www.turismoaguarda.es\/#\/schema\/person\/a8b0c27ad7bcbb6c19799e934727508e"},"breadcrumb":{"@id":"https:\/\/www.turismoaguarda.es\/agotadas-todas-las-plazas-para-la-primera-jornada-de-venres-de-xullo-baixo-as-estrelas\/#breadcrumb"},"inLanguage":"en-US","potentialAction":[{"@type":"ReadAction","target":["https:\/\/www.turismoaguarda.es\/agotadas-todas-las-plazas-para-la-primera-jornada-de-venres-de-xullo-baixo-as-estrelas\/"]}]},{"@type":"ImageObject","inLanguage":"en-US","@id":"https:\/\/www.turismoaguarda.es\/agotadas-todas-las-plazas-para-la-primera-jornada-de-venres-de-xullo-baixo-as-estrelas\/#primaryimage","url":"https:\/\/www.turismoaguarda.es\/wp-content\/uploads\/2021\/06\/VENRES-DE-XULLO-BAIXO-AS-ESTRELAS_A-GUARDA-2021-1.jpg","contentUrl":"https:\/\/www.turismoaguarda.es\/wp-content\/uploads\/2021\/06\/VENRES-DE-XULLO-BAIXO-AS-ESTRELAS_A-GUARDA-2021-1.jpg","width":800,"height":1132},{"@type":"BreadcrumbList","@id":"https:\/\/www.turismoaguarda.es\/agotadas-todas-las-plazas-para-la-primera-jornada-de-venres-de-xullo-baixo-as-estrelas\/#breadcrumb","itemListElement":[{"@type":"ListItem","position":1,"name":"Portada","item":"https:\/\/www.turismoaguarda.es\/en\/"},{"@type":"ListItem","position":2,"name":"Agotadas todas las plazas para la primera jornada de \u201cVenres de xullo baixo as estrelas\u201d"}]},{"@type":"WebSite","@id":"https:\/\/www.turismoaguarda.es\/#website","url":"https:\/\/www.turismoaguarda.es\/","name":"Turismo A Guarda","description":"Informaci\u00f3n tur\u00edstica de A Guarda y alrededores.","potentialAction":[{"@type":"SearchAction","target":{"@type":"EntryPoint","urlTemplate":"https:\/\/www.turismoaguarda.es\/?s={search_term_string}"},"query-input":{"@type":"PropertyValueSpecification","valueRequired":true,"valueName":"search_term_string"}}],"inLanguage":"en-US"},{"@type":"Person","@id":"https:\/\/www.turismoaguarda.es\/#\/schema\/person\/a8b0c27ad7bcbb6c19799e934727508e","name":"Prensa A Guarda","image":{"@type":"ImageObject","inLanguage":"en-US","@id":"https:\/\/secure.gravatar.com\/avatar\/387e117f874ba5d0a3439060b45d914395d77287b2e4890a49d1599fc3ef9189?s=96&d=mm&r=g","url":"https:\/\/secure.gravatar.com\/avatar\/387e117f874ba5d0a3439060b45d914395d77287b2e4890a49d1599fc3ef9189?s=96&d=mm&r=g","contentUrl":"https:\/\/secure.gravatar.com\/avatar\/387e117f874ba5d0a3439060b45d914395d77287b2e4890a49d1599fc3ef9189?s=96&d=mm&r=g","caption":"Prensa A Guarda"},"url":"https:\/\/www.turismoaguarda.es\/en\/author\/prensa\/"}]}},"_links":{"self":[{"href":"https:\/\/www.turismoaguarda.es\/en\/wp-json\/wp\/v2\/posts\/14467","targetHints":{"allow":["GET"]}}],"collection":[{"href":"https:\/\/www.turismoaguarda.es\/en\/wp-json\/wp\/v2\/posts"}],"about":[{"href":"https:\/\/www.turismoaguarda.es\/en\/wp-json\/wp\/v2\/types\/post"}],"author":[{"embeddable":true,"href":"https:\/\/www.turismoaguarda.es\/en\/wp-json\/wp\/v2\/users\/11"}],"replies":[{"embeddable":true,"href":"https:\/\/www.turismoaguarda.es\/en\/wp-json\/wp\/v2\/comments?post=14467"}],"version-history":[{"count":1,"href":"https:\/\/www.turismoaguarda.es\/en\/wp-json\/wp\/v2\/posts\/14467\/revisions"}],"predecessor-version":[{"id":14468,"href":"https:\/\/www.turismoaguarda.es\/en\/wp-json\/wp\/v2\/posts\/14467\/revisions\/14468"}],"wp:featuredmedia":[{"embeddable":true,"href":"https:\/\/www.turismoaguarda.es\/en\/wp-json\/wp\/v2\/media\/14465"}],"wp:attachment":[{"href":"https:\/\/www.turismoaguarda.es\/en\/wp-json\/wp\/v2\/media?parent=14467"}],"wp:term":[{"taxonomy":"category","embeddable":true,"href":"https:\/\/www.turismoaguarda.es\/en\/wp-json\/wp\/v2\/categories?post=14467"},{"taxonomy":"post_tag","embeddable":true,"href":"https:\/\/www.turismoaguarda.es\/en\/wp-json\/wp\/v2\/tags?post=14467"}],"curies":[{"name":"wp","href":"https:\/\/api.w.org\/{rel}","templated":true}]}}