{"id":14439,"date":"2021-06-25T15:26:29","date_gmt":"2021-06-25T13:26:29","guid":{"rendered":"https:\/\/www.turismoaguarda.es\/?p=14439"},"modified":"2021-06-25T15:26:37","modified_gmt":"2021-06-25T13:26:37","slug":"el-primer-fin-de-semana-de-julio-marca-el-inicio-de-la-programacion-de-verano-en-a-guarda","status":"publish","type":"post","link":"https:\/\/www.turismoaguarda.es\/en\/el-primer-fin-de-semana-de-julio-marca-el-inicio-de-la-programacion-de-verano-en-a-guarda\/","title":{"rendered":"El primer fin de semana de julio marca el inicio de la programaci\u00f3n de verano en A Guarda"},"content":{"rendered":"<p>Tradicionalmente la programaci\u00f3n de verano del Ayuntamiento de A Guarda daba comienzo con la Fiesta de la Langosta y de la Cocina Marinera, pero habr\u00e1 que esperar al 2022 para celebrar el 30\u00ba aniversario de esta fiesta gastron\u00f3mica declarada de Interese Tur\u00edstico Galego.<\/p>\n<p>A pesar de que este primer fin de semana de julio no se podr\u00e1 celebrar la tradicional fiesta gastron\u00f3mica debido a las actuales restricciones sanitarias, si habr\u00e1 una programaci\u00f3n especial para conmemorar que A Guarda es un destino escogido por muchos visitantes para degustar de nuestra cocina y de nuestra gastronom\u00eda.<\/p>\n<p>La langosta, el pez espada y la cocina marinera son los platos estrella de nuestra gastronom\u00eda, que gracias al buen hacer de los restaurantes hicieron que A Guarda est\u00e9 considerada como un destino gastron\u00f3mico reconocido en la provincia de Pontevedra y que en este primer fin de semana de julio podr\u00e1n degustar los visitantes y los vecinos guardeses, junto con una programaci\u00f3n cultural para el disfrute de todos.<\/p>\n<p>La primera actividad propuesta tendr\u00e1 lugar en la jornada del viernes 2 de julio con la observaci\u00f3n de estrellas en O Puntal, en una actividad titulada \u201cVENRES DE XULLO BAIXO AS ESTRELAS\u201d que se prolongar\u00e1 los d\u00edas 2, 9, 23 y 30 de julio y para la cual es necesario una inscripci\u00f3n previa a trav\u00e9s del correo electr\u00f3nico aguarda.oficina.turismo@gmail.com<\/p>\n<p>El fin de semana continuar\u00e1 en las jornadas del s\u00e1bado 3 y domingo 4 de julio con diversas propuestas de entretenimiento con pasacalles, magia y conciertos musicales.<\/p>\n<p><strong>Programa del INICIO DEL VERANO EN A GUARDA:<\/strong><\/p>\n<p><strong>Viernes 2<\/strong><\/p>\n<p>23:00h &#8211; VIERNES DE JULIO BAJO LAS ESTRELLAS.<br \/>\nEn O Puntal. Inscripci\u00f3n previa en la Oficina de Turismo.<\/p>\n<p><strong>S\u00e1bado 3<\/strong><\/p>\n<p>11:30h &#8211; CONCIERTO DEL CORO CON LA COLABORACI\u00d3N DE GUADI GALEGO.<br \/>\nEn el Auditorio de San Benito. Inscripci\u00f3n previa en el Centro Cultural.<br \/>\n12:30h &#8211; PASACALLES INFANTIL: &#8220;LANGOSTA Y EL MUNDO DEL MAR&#8221;.<br \/>\nComienza en la Plaza de Avelino Vicente, Calle Concepci\u00f3n Arenal y puerto.<br \/>\nDuraci\u00f3n 1 hora.<br \/>\n20:30h &#8211; ESPECT\u00c1CULO DE MAGIA DE CAYETANO LLED\u00d3: \u201cTITANIC\u201d.<br \/>\nEn el Auditorio de San Benito. Inscripci\u00f3n previa en el Centro Cultural.<\/p>\n<p><strong>Domingo 4<\/strong><\/p>\n<p>12:00h &#8211; PASACALLES MUSICAL CON LA BATUKADA &#8220;BATE NO COBRE&#8221;.<br \/>\nComienza en la Plaza de Avelino Vicente, calle Concepci\u00f3n Arenal y puerto.<br \/>\nDuraci\u00f3n 2 horas.<br \/>\n20:30h &#8211; PASACALLES INFANTIL: &#8220;O S\u00c9QUITO DO CAPIT\u00c1N NEMO&#8221;<br \/>\nComienza en la Plaza de Avelino Vicente, calle Concepci\u00f3n Arenal y puerto.<br \/>\nDuraci\u00f3n 1 hora.<\/p>\n<p style=\"text-align: center;\"><a href=\"https:\/\/www.turismoaguarda.es\/el-primer-fin-de-semana-de-julio-marca-el-inicio-de-la-programacion-de-verano-en-a-guarda\/cartel-a4-comezo-do-veran-2021-copia-2\/\" rel=\"attachment wp-att-14436\"><img loading=\"lazy\" decoding=\"async\" class=\"alignleft size-full wp-image-14436\" src=\"https:\/\/www.turismoaguarda.es\/wp-content\/uploads\/2021\/06\/CARTEL-A4-COMEZO-DO-VERAN-2021-copia.jpg\" alt=\"\" width=\"800\" height=\"1132\" srcset=\"https:\/\/www.turismoaguarda.es\/wp-content\/uploads\/2021\/06\/CARTEL-A4-COMEZO-DO-VERAN-2021-copia.jpg 800w, https:\/\/www.turismoaguarda.es\/wp-content\/uploads\/2021\/06\/CARTEL-A4-COMEZO-DO-VERAN-2021-copia-212x300.jpg 212w, https:\/\/www.turismoaguarda.es\/wp-content\/uploads\/2021\/06\/CARTEL-A4-COMEZO-DO-VERAN-2021-copia-724x1024.jpg 724w, https:\/\/www.turismoaguarda.es\/wp-content\/uploads\/2021\/06\/CARTEL-A4-COMEZO-DO-VERAN-2021-copia-768x1087.jpg 768w, https:\/\/www.turismoaguarda.es\/wp-content\/uploads\/2021\/06\/CARTEL-A4-COMEZO-DO-VERAN-2021-copia-150x212.jpg 150w, https:\/\/www.turismoaguarda.es\/wp-content\/uploads\/2021\/06\/CARTEL-A4-COMEZO-DO-VERAN-2021-copia-353x500.jpg 353w\" sizes=\"auto, (max-width: 800px) 100vw, 800px\" \/><\/a><\/p>\n","protected":false},"excerpt":{"rendered":"<p>Tradicionalmente la programaci\u00f3n de verano del Ayuntamiento de A Guarda daba comienzo con la Fiesta de la Langosta y de la Cocina Marinera, pero habr\u00e1 que esperar al 2022 para celebrar el 30\u00ba aniversario de esta fiesta gastron\u00f3mica declarada de Interese Tur\u00edstico Galego. A pesar de que este primer fin de semana de julio no<\/p>\n<div class=\"padding-top text-center\"><a href=\"https:\/\/www.turismoaguarda.es\/en\/el-primer-fin-de-semana-de-julio-marca-el-inicio-de-la-programacion-de-verano-en-a-guarda\/\" class=\"atbtn atbtn--medium atbtn--rounded atbtn--transparent\">Read more<i class=\"atbtn__icon atbtn__icon--right fa fa-long-arrow-right\"><\/i><\/a><\/div>\n","protected":false},"author":11,"featured_media":14436,"comment_status":"open","ping_status":"open","sticky":false,"template":"","format":"standard","meta":{"footnotes":""},"categories":[44],"tags":[169,202,1219,168],"class_list":["post-14439","post","type-post","status-publish","format-standard","has-post-thumbnail","hentry","category-noticias-turismo","tag-a-guarda","tag-cultura","tag-programacion-2","tag-turismo"],"yoast_head":"<!-- This site is optimized with the Yoast SEO plugin v27.4 - https:\/\/yoast.com\/product\/yoast-seo-wordpress\/ -->\n<title>El primer fin de semana de julio marca el inicio de la programaci\u00f3n de verano en A Guarda | Turismo A Guarda<\/title>\n<meta name=\"robots\" content=\"index, follow, max-snippet:-1, max-image-preview:large, max-video-preview:-1\" \/>\n<link rel=\"canonical\" href=\"https:\/\/www.turismoaguarda.es\/el-primer-fin-de-semana-de-julio-marca-el-inicio-de-la-programacion-de-verano-en-a-guarda\/\" \/>\n<meta property=\"og:locale\" content=\"en_US\" \/>\n<meta property=\"og:type\" content=\"article\" \/>\n<meta property=\"og:title\" content=\"El primer fin de semana de julio marca el inicio de la programaci\u00f3n de verano en A Guarda | Turismo A Guarda\" \/>\n<meta property=\"og:description\" content=\"Tradicionalmente la programaci\u00f3n de verano del Ayuntamiento de A Guarda daba comienzo con la Fiesta de la Langosta y de la Cocina Marinera, pero habr\u00e1 que esperar al 2022 para celebrar el 30\u00ba aniversario de esta fiesta gastron\u00f3mica declarada de Interese Tur\u00edstico Galego. A pesar de que este primer fin de semana de julio noRead more\" \/>\n<meta property=\"og:url\" content=\"https:\/\/www.turismoaguarda.es\/el-primer-fin-de-semana-de-julio-marca-el-inicio-de-la-programacion-de-verano-en-a-guarda\/\" \/>\n<meta property=\"og:site_name\" content=\"Turismo A Guarda\" \/>\n<meta property=\"article:publisher\" content=\"https:\/\/es-es.facebook.com\/Turismo-A-Guarda-126223240790625\/\" \/>\n<meta property=\"article:published_time\" content=\"2021-06-25T13:26:29+00:00\" \/>\n<meta property=\"article:modified_time\" content=\"2021-06-25T13:26:37+00:00\" \/>\n<meta property=\"og:image\" content=\"https:\/\/www.turismoaguarda.es\/wp-content\/uploads\/2021\/06\/CARTEL-A4-COMEZO-DO-VERAN-2021-copia.jpg\" \/>\n\t<meta property=\"og:image:width\" content=\"800\" \/>\n\t<meta property=\"og:image:height\" content=\"1132\" \/>\n\t<meta property=\"og:image:type\" content=\"image\/jpeg\" \/>\n<meta name=\"author\" content=\"Prensa A Guarda\" \/>\n<meta name=\"twitter:card\" content=\"summary_large_image\" \/>\n<meta name=\"twitter:creator\" content=\"@TurismoAGuarda\" \/>\n<meta name=\"twitter:site\" content=\"@TurismoAGuarda\" \/>\n<meta name=\"twitter:label1\" content=\"Written by\" \/>\n\t<meta name=\"twitter:data1\" content=\"Prensa A Guarda\" \/>\n\t<meta name=\"twitter:label2\" content=\"Est. reading time\" \/>\n\t<meta name=\"twitter:data2\" content=\"2 minutes\" \/>\n<script type=\"application\/ld+json\" class=\"yoast-schema-graph\">{\"@context\":\"https:\\\/\\\/schema.org\",\"@graph\":[{\"@type\":\"Article\",\"@id\":\"https:\\\/\\\/www.turismoaguarda.es\\\/el-primer-fin-de-semana-de-julio-marca-el-inicio-de-la-programacion-de-verano-en-a-guarda\\\/#article\",\"isPartOf\":{\"@id\":\"https:\\\/\\\/www.turismoaguarda.es\\\/el-primer-fin-de-semana-de-julio-marca-el-inicio-de-la-programacion-de-verano-en-a-guarda\\\/\"},\"author\":{\"name\":\"Prensa A Guarda\",\"@id\":\"https:\\\/\\\/www.turismoaguarda.es\\\/#\\\/schema\\\/person\\\/a8b0c27ad7bcbb6c19799e934727508e\"},\"headline\":\"El primer fin de semana de julio marca el inicio de la programaci\u00f3n de verano en A Guarda\",\"datePublished\":\"2021-06-25T13:26:29+00:00\",\"dateModified\":\"2021-06-25T13:26:37+00:00\",\"mainEntityOfPage\":{\"@id\":\"https:\\\/\\\/www.turismoaguarda.es\\\/el-primer-fin-de-semana-de-julio-marca-el-inicio-de-la-programacion-de-verano-en-a-guarda\\\/\"},\"wordCount\":436,\"commentCount\":0,\"image\":{\"@id\":\"https:\\\/\\\/www.turismoaguarda.es\\\/el-primer-fin-de-semana-de-julio-marca-el-inicio-de-la-programacion-de-verano-en-a-guarda\\\/#primaryimage\"},\"thumbnailUrl\":\"https:\\\/\\\/www.turismoaguarda.es\\\/wp-content\\\/uploads\\\/2021\\\/06\\\/CARTEL-A4-COMEZO-DO-VERAN-2021-copia.jpg\",\"keywords\":[\"A Guarda\",\"cultura\",\"Programaci\u00f3n\",\"turismo\"],\"articleSection\":[\"Noticias Turismo\"],\"inLanguage\":\"en-US\",\"potentialAction\":[{\"@type\":\"CommentAction\",\"name\":\"Comment\",\"target\":[\"https:\\\/\\\/www.turismoaguarda.es\\\/el-primer-fin-de-semana-de-julio-marca-el-inicio-de-la-programacion-de-verano-en-a-guarda\\\/#respond\"]}]},{\"@type\":\"WebPage\",\"@id\":\"https:\\\/\\\/www.turismoaguarda.es\\\/el-primer-fin-de-semana-de-julio-marca-el-inicio-de-la-programacion-de-verano-en-a-guarda\\\/\",\"url\":\"https:\\\/\\\/www.turismoaguarda.es\\\/el-primer-fin-de-semana-de-julio-marca-el-inicio-de-la-programacion-de-verano-en-a-guarda\\\/\",\"name\":\"El primer fin de semana de julio marca el inicio de la programaci\u00f3n de verano en A Guarda | Turismo A Guarda\",\"isPartOf\":{\"@id\":\"https:\\\/\\\/www.turismoaguarda.es\\\/#website\"},\"primaryImageOfPage\":{\"@id\":\"https:\\\/\\\/www.turismoaguarda.es\\\/el-primer-fin-de-semana-de-julio-marca-el-inicio-de-la-programacion-de-verano-en-a-guarda\\\/#primaryimage\"},\"image\":{\"@id\":\"https:\\\/\\\/www.turismoaguarda.es\\\/el-primer-fin-de-semana-de-julio-marca-el-inicio-de-la-programacion-de-verano-en-a-guarda\\\/#primaryimage\"},\"thumbnailUrl\":\"https:\\\/\\\/www.turismoaguarda.es\\\/wp-content\\\/uploads\\\/2021\\\/06\\\/CARTEL-A4-COMEZO-DO-VERAN-2021-copia.jpg\",\"datePublished\":\"2021-06-25T13:26:29+00:00\",\"dateModified\":\"2021-06-25T13:26:37+00:00\",\"author\":{\"@id\":\"https:\\\/\\\/www.turismoaguarda.es\\\/#\\\/schema\\\/person\\\/a8b0c27ad7bcbb6c19799e934727508e\"},\"breadcrumb\":{\"@id\":\"https:\\\/\\\/www.turismoaguarda.es\\\/el-primer-fin-de-semana-de-julio-marca-el-inicio-de-la-programacion-de-verano-en-a-guarda\\\/#breadcrumb\"},\"inLanguage\":\"en-US\",\"potentialAction\":[{\"@type\":\"ReadAction\",\"target\":[\"https:\\\/\\\/www.turismoaguarda.es\\\/el-primer-fin-de-semana-de-julio-marca-el-inicio-de-la-programacion-de-verano-en-a-guarda\\\/\"]}]},{\"@type\":\"ImageObject\",\"inLanguage\":\"en-US\",\"@id\":\"https:\\\/\\\/www.turismoaguarda.es\\\/el-primer-fin-de-semana-de-julio-marca-el-inicio-de-la-programacion-de-verano-en-a-guarda\\\/#primaryimage\",\"url\":\"https:\\\/\\\/www.turismoaguarda.es\\\/wp-content\\\/uploads\\\/2021\\\/06\\\/CARTEL-A4-COMEZO-DO-VERAN-2021-copia.jpg\",\"contentUrl\":\"https:\\\/\\\/www.turismoaguarda.es\\\/wp-content\\\/uploads\\\/2021\\\/06\\\/CARTEL-A4-COMEZO-DO-VERAN-2021-copia.jpg\",\"width\":800,\"height\":1132},{\"@type\":\"BreadcrumbList\",\"@id\":\"https:\\\/\\\/www.turismoaguarda.es\\\/el-primer-fin-de-semana-de-julio-marca-el-inicio-de-la-programacion-de-verano-en-a-guarda\\\/#breadcrumb\",\"itemListElement\":[{\"@type\":\"ListItem\",\"position\":1,\"name\":\"Portada\",\"item\":\"https:\\\/\\\/www.turismoaguarda.es\\\/en\\\/\"},{\"@type\":\"ListItem\",\"position\":2,\"name\":\"El primer fin de semana de julio marca el inicio de la programaci\u00f3n de verano en A Guarda\"}]},{\"@type\":\"WebSite\",\"@id\":\"https:\\\/\\\/www.turismoaguarda.es\\\/#website\",\"url\":\"https:\\\/\\\/www.turismoaguarda.es\\\/\",\"name\":\"Turismo A Guarda\",\"description\":\"Informaci\u00f3n tur\u00edstica de A Guarda y alrededores.\",\"potentialAction\":[{\"@type\":\"SearchAction\",\"target\":{\"@type\":\"EntryPoint\",\"urlTemplate\":\"https:\\\/\\\/www.turismoaguarda.es\\\/?s={search_term_string}\"},\"query-input\":{\"@type\":\"PropertyValueSpecification\",\"valueRequired\":true,\"valueName\":\"search_term_string\"}}],\"inLanguage\":\"en-US\"},{\"@type\":\"Person\",\"@id\":\"https:\\\/\\\/www.turismoaguarda.es\\\/#\\\/schema\\\/person\\\/a8b0c27ad7bcbb6c19799e934727508e\",\"name\":\"Prensa A Guarda\",\"image\":{\"@type\":\"ImageObject\",\"inLanguage\":\"en-US\",\"@id\":\"https:\\\/\\\/secure.gravatar.com\\\/avatar\\\/387e117f874ba5d0a3439060b45d914395d77287b2e4890a49d1599fc3ef9189?s=96&d=mm&r=g\",\"url\":\"https:\\\/\\\/secure.gravatar.com\\\/avatar\\\/387e117f874ba5d0a3439060b45d914395d77287b2e4890a49d1599fc3ef9189?s=96&d=mm&r=g\",\"contentUrl\":\"https:\\\/\\\/secure.gravatar.com\\\/avatar\\\/387e117f874ba5d0a3439060b45d914395d77287b2e4890a49d1599fc3ef9189?s=96&d=mm&r=g\",\"caption\":\"Prensa A Guarda\"},\"url\":\"https:\\\/\\\/www.turismoaguarda.es\\\/en\\\/author\\\/prensa\\\/\"}]}<\/script>\n<!-- \/ Yoast SEO plugin. -->","yoast_head_json":{"title":"El primer fin de semana de julio marca el inicio de la programaci\u00f3n de verano en A Guarda | Turismo A Guarda","robots":{"index":"index","follow":"follow","max-snippet":"max-snippet:-1","max-image-preview":"max-image-preview:large","max-video-preview":"max-video-preview:-1"},"canonical":"https:\/\/www.turismoaguarda.es\/el-primer-fin-de-semana-de-julio-marca-el-inicio-de-la-programacion-de-verano-en-a-guarda\/","og_locale":"en_US","og_type":"article","og_title":"El primer fin de semana de julio marca el inicio de la programaci\u00f3n de verano en A Guarda | Turismo A Guarda","og_description":"Tradicionalmente la programaci\u00f3n de verano del Ayuntamiento de A Guarda daba comienzo con la Fiesta de la Langosta y de la Cocina Marinera, pero habr\u00e1 que esperar al 2022 para celebrar el 30\u00ba aniversario de esta fiesta gastron\u00f3mica declarada de Interese Tur\u00edstico Galego. A pesar de que este primer fin de semana de julio noRead more","og_url":"https:\/\/www.turismoaguarda.es\/el-primer-fin-de-semana-de-julio-marca-el-inicio-de-la-programacion-de-verano-en-a-guarda\/","og_site_name":"Turismo A Guarda","article_publisher":"https:\/\/es-es.facebook.com\/Turismo-A-Guarda-126223240790625\/","article_published_time":"2021-06-25T13:26:29+00:00","article_modified_time":"2021-06-25T13:26:37+00:00","og_image":[{"width":800,"height":1132,"url":"https:\/\/www.turismoaguarda.es\/wp-content\/uploads\/2021\/06\/CARTEL-A4-COMEZO-DO-VERAN-2021-copia.jpg","type":"image\/jpeg"}],"author":"Prensa A Guarda","twitter_card":"summary_large_image","twitter_creator":"@TurismoAGuarda","twitter_site":"@TurismoAGuarda","twitter_misc":{"Written by":"Prensa A Guarda","Est. reading time":"2 minutes"},"schema":{"@context":"https:\/\/schema.org","@graph":[{"@type":"Article","@id":"https:\/\/www.turismoaguarda.es\/el-primer-fin-de-semana-de-julio-marca-el-inicio-de-la-programacion-de-verano-en-a-guarda\/#article","isPartOf":{"@id":"https:\/\/www.turismoaguarda.es\/el-primer-fin-de-semana-de-julio-marca-el-inicio-de-la-programacion-de-verano-en-a-guarda\/"},"author":{"name":"Prensa A Guarda","@id":"https:\/\/www.turismoaguarda.es\/#\/schema\/person\/a8b0c27ad7bcbb6c19799e934727508e"},"headline":"El primer fin de semana de julio marca el inicio de la programaci\u00f3n de verano en A Guarda","datePublished":"2021-06-25T13:26:29+00:00","dateModified":"2021-06-25T13:26:37+00:00","mainEntityOfPage":{"@id":"https:\/\/www.turismoaguarda.es\/el-primer-fin-de-semana-de-julio-marca-el-inicio-de-la-programacion-de-verano-en-a-guarda\/"},"wordCount":436,"commentCount":0,"image":{"@id":"https:\/\/www.turismoaguarda.es\/el-primer-fin-de-semana-de-julio-marca-el-inicio-de-la-programacion-de-verano-en-a-guarda\/#primaryimage"},"thumbnailUrl":"https:\/\/www.turismoaguarda.es\/wp-content\/uploads\/2021\/06\/CARTEL-A4-COMEZO-DO-VERAN-2021-copia.jpg","keywords":["A Guarda","cultura","Programaci\u00f3n","turismo"],"articleSection":["Noticias Turismo"],"inLanguage":"en-US","potentialAction":[{"@type":"CommentAction","name":"Comment","target":["https:\/\/www.turismoaguarda.es\/el-primer-fin-de-semana-de-julio-marca-el-inicio-de-la-programacion-de-verano-en-a-guarda\/#respond"]}]},{"@type":"WebPage","@id":"https:\/\/www.turismoaguarda.es\/el-primer-fin-de-semana-de-julio-marca-el-inicio-de-la-programacion-de-verano-en-a-guarda\/","url":"https:\/\/www.turismoaguarda.es\/el-primer-fin-de-semana-de-julio-marca-el-inicio-de-la-programacion-de-verano-en-a-guarda\/","name":"El primer fin de semana de julio marca el inicio de la programaci\u00f3n de verano en A Guarda | Turismo A Guarda","isPartOf":{"@id":"https:\/\/www.turismoaguarda.es\/#website"},"primaryImageOfPage":{"@id":"https:\/\/www.turismoaguarda.es\/el-primer-fin-de-semana-de-julio-marca-el-inicio-de-la-programacion-de-verano-en-a-guarda\/#primaryimage"},"image":{"@id":"https:\/\/www.turismoaguarda.es\/el-primer-fin-de-semana-de-julio-marca-el-inicio-de-la-programacion-de-verano-en-a-guarda\/#primaryimage"},"thumbnailUrl":"https:\/\/www.turismoaguarda.es\/wp-content\/uploads\/2021\/06\/CARTEL-A4-COMEZO-DO-VERAN-2021-copia.jpg","datePublished":"2021-06-25T13:26:29+00:00","dateModified":"2021-06-25T13:26:37+00:00","author":{"@id":"https:\/\/www.turismoaguarda.es\/#\/schema\/person\/a8b0c27ad7bcbb6c19799e934727508e"},"breadcrumb":{"@id":"https:\/\/www.turismoaguarda.es\/el-primer-fin-de-semana-de-julio-marca-el-inicio-de-la-programacion-de-verano-en-a-guarda\/#breadcrumb"},"inLanguage":"en-US","potentialAction":[{"@type":"ReadAction","target":["https:\/\/www.turismoaguarda.es\/el-primer-fin-de-semana-de-julio-marca-el-inicio-de-la-programacion-de-verano-en-a-guarda\/"]}]},{"@type":"ImageObject","inLanguage":"en-US","@id":"https:\/\/www.turismoaguarda.es\/el-primer-fin-de-semana-de-julio-marca-el-inicio-de-la-programacion-de-verano-en-a-guarda\/#primaryimage","url":"https:\/\/www.turismoaguarda.es\/wp-content\/uploads\/2021\/06\/CARTEL-A4-COMEZO-DO-VERAN-2021-copia.jpg","contentUrl":"https:\/\/www.turismoaguarda.es\/wp-content\/uploads\/2021\/06\/CARTEL-A4-COMEZO-DO-VERAN-2021-copia.jpg","width":800,"height":1132},{"@type":"BreadcrumbList","@id":"https:\/\/www.turismoaguarda.es\/el-primer-fin-de-semana-de-julio-marca-el-inicio-de-la-programacion-de-verano-en-a-guarda\/#breadcrumb","itemListElement":[{"@type":"ListItem","position":1,"name":"Portada","item":"https:\/\/www.turismoaguarda.es\/en\/"},{"@type":"ListItem","position":2,"name":"El primer fin de semana de julio marca el inicio de la programaci\u00f3n de verano en A Guarda"}]},{"@type":"WebSite","@id":"https:\/\/www.turismoaguarda.es\/#website","url":"https:\/\/www.turismoaguarda.es\/","name":"Turismo A Guarda","description":"Informaci\u00f3n tur\u00edstica de A Guarda y alrededores.","potentialAction":[{"@type":"SearchAction","target":{"@type":"EntryPoint","urlTemplate":"https:\/\/www.turismoaguarda.es\/?s={search_term_string}"},"query-input":{"@type":"PropertyValueSpecification","valueRequired":true,"valueName":"search_term_string"}}],"inLanguage":"en-US"},{"@type":"Person","@id":"https:\/\/www.turismoaguarda.es\/#\/schema\/person\/a8b0c27ad7bcbb6c19799e934727508e","name":"Prensa A Guarda","image":{"@type":"ImageObject","inLanguage":"en-US","@id":"https:\/\/secure.gravatar.com\/avatar\/387e117f874ba5d0a3439060b45d914395d77287b2e4890a49d1599fc3ef9189?s=96&d=mm&r=g","url":"https:\/\/secure.gravatar.com\/avatar\/387e117f874ba5d0a3439060b45d914395d77287b2e4890a49d1599fc3ef9189?s=96&d=mm&r=g","contentUrl":"https:\/\/secure.gravatar.com\/avatar\/387e117f874ba5d0a3439060b45d914395d77287b2e4890a49d1599fc3ef9189?s=96&d=mm&r=g","caption":"Prensa A Guarda"},"url":"https:\/\/www.turismoaguarda.es\/en\/author\/prensa\/"}]}},"_links":{"self":[{"href":"https:\/\/www.turismoaguarda.es\/en\/wp-json\/wp\/v2\/posts\/14439","targetHints":{"allow":["GET"]}}],"collection":[{"href":"https:\/\/www.turismoaguarda.es\/en\/wp-json\/wp\/v2\/posts"}],"about":[{"href":"https:\/\/www.turismoaguarda.es\/en\/wp-json\/wp\/v2\/types\/post"}],"author":[{"embeddable":true,"href":"https:\/\/www.turismoaguarda.es\/en\/wp-json\/wp\/v2\/users\/11"}],"replies":[{"embeddable":true,"href":"https:\/\/www.turismoaguarda.es\/en\/wp-json\/wp\/v2\/comments?post=14439"}],"version-history":[{"count":2,"href":"https:\/\/www.turismoaguarda.es\/en\/wp-json\/wp\/v2\/posts\/14439\/revisions"}],"predecessor-version":[{"id":14441,"href":"https:\/\/www.turismoaguarda.es\/en\/wp-json\/wp\/v2\/posts\/14439\/revisions\/14441"}],"wp:featuredmedia":[{"embeddable":true,"href":"https:\/\/www.turismoaguarda.es\/en\/wp-json\/wp\/v2\/media\/14436"}],"wp:attachment":[{"href":"https:\/\/www.turismoaguarda.es\/en\/wp-json\/wp\/v2\/media?parent=14439"}],"wp:term":[{"taxonomy":"category","embeddable":true,"href":"https:\/\/www.turismoaguarda.es\/en\/wp-json\/wp\/v2\/categories?post=14439"},{"taxonomy":"post_tag","embeddable":true,"href":"https:\/\/www.turismoaguarda.es\/en\/wp-json\/wp\/v2\/tags?post=14439"}],"curies":[{"name":"wp","href":"https:\/\/api.w.org\/{rel}","templated":true}]}}